{"id":35412,"date":"2019-01-25T09:58:09","date_gmt":"2019-01-25T12:58:09","guid":{"rendered":"http:\/\/diariotextual.com\/inicio\/?p=35412"},"modified":"2019-01-26T10:54:48","modified_gmt":"2019-01-26T13:54:48","slug":"una-persona-murio-choque-la-ruta-35","status":"publish","type":"post","link":"https:\/\/diariotextual.com\/inicio\/index.php\/2019\/01\/25\/una-persona-murio-choque-la-ruta-35\/","title":{"rendered":"Esquiv\u00f3 un charco, derrap\u00f3 y choc\u00f3: un penitenciario muri\u00f3 en la ruta 35"},"content":{"rendered":"<p>Un <strong>trabajador del Servicio Penitenciario Federal, de 24 a\u00f1os de edad y domiciliado en General Pico, muri\u00f3 cuando, a bordo de una moto, choc\u00f3 contra un auto<\/strong> en la ruta nacional 35, entre Winifreda y Santa Rosa. La v\u00edctima fatal fue identificada oficialmente como<strong> Jos\u00e9 Luis Fanessi<\/strong>, quien se dirig\u00eda a trabajar al Instituto Correccional Abierto de Pico. La moto<strong> qued\u00f3 incrustada dentro del habit\u00e1culo<\/strong> del auto.<\/p>\n<p><img fetchpriority=\"high\" decoding=\"async\" class=\"alignnone wp-image-35459 \" src=\"http:\/\/diariotextual.com\/inicio\/wp-content\/uploads\/2019\/01\/choqueruta35guanaco2019-2.jpeg\" alt=\"\" width=\"699\" height=\"454\" srcset=\"https:\/\/diariotextual.com\/inicio\/wp-content\/uploads\/2019\/01\/choqueruta35guanaco2019-2.jpeg 841w, https:\/\/diariotextual.com\/inicio\/wp-content\/uploads\/2019\/01\/choqueruta35guanaco2019-2-300x195.jpeg 300w, https:\/\/diariotextual.com\/inicio\/wp-content\/uploads\/2019\/01\/choqueruta35guanaco2019-2-768x499.jpeg 768w, https:\/\/diariotextual.com\/inicio\/wp-content\/uploads\/2019\/01\/choqueruta35guanaco2019-2-585x380.jpeg 585w\" sizes=\"(max-width: 699px) 100vw, 699px\" \/><\/p>\n<p>El siniestro ocurri\u00f3 a las 5.50 en el kil\u00f3metro 363, en proximidades del paraje El Guanaco. El conductor del auto est\u00e1 internado y detenido: llevaba<strong> unos 10 kilos<\/strong> de marihuana, dijo el comisario Juan Marcelo Bustos Paulino, jefe de la comisar\u00eda de Winifreda.<\/p>\n<p><img decoding=\"async\" class=\"alignnone wp-image-35429 \" src=\"http:\/\/diariotextual.com\/inicio\/wp-content\/uploads\/2019\/01\/siniestrovialruta35automarihuana50824.jpg\" alt=\"\" width=\"678\" height=\"381\" srcset=\"https:\/\/diariotextual.com\/inicio\/wp-content\/uploads\/2019\/01\/siniestrovialruta35automarihuana50824.jpg 803w, https:\/\/diariotextual.com\/inicio\/wp-content\/uploads\/2019\/01\/siniestrovialruta35automarihuana50824-300x169.jpg 300w, https:\/\/diariotextual.com\/inicio\/wp-content\/uploads\/2019\/01\/siniestrovialruta35automarihuana50824-768x432.jpg 768w, https:\/\/diariotextual.com\/inicio\/wp-content\/uploads\/2019\/01\/siniestrovialruta35automarihuana50824-585x329.jpg 585w\" sizes=\"(max-width: 678px) 100vw, 678px\" \/><\/p>\n<p>El choque ocurri\u00f3 entre un Peugeot 206, que circulaba de norte a sur, y una moto Tit\u00e1n 150, que lo hac\u00eda en sentido contrario.<\/p>\n<p><img decoding=\"async\" class=\"alignnone wp-image-35441 \" src=\"http:\/\/diariotextual.com\/inicio\/wp-content\/uploads\/2019\/01\/choqueruta35guanaco2019-1-1024x671.jpg\" alt=\"\" width=\"695\" height=\"456\" srcset=\"https:\/\/diariotextual.com\/inicio\/wp-content\/uploads\/2019\/01\/choqueruta35guanaco2019-1-1024x671.jpg 1024w, https:\/\/diariotextual.com\/inicio\/wp-content\/uploads\/2019\/01\/choqueruta35guanaco2019-1-300x197.jpg 300w, https:\/\/diariotextual.com\/inicio\/wp-content\/uploads\/2019\/01\/choqueruta35guanaco2019-1-768x503.jpg 768w, https:\/\/diariotextual.com\/inicio\/wp-content\/uploads\/2019\/01\/choqueruta35guanaco2019-1-585x383.jpg 585w, https:\/\/diariotextual.com\/inicio\/wp-content\/uploads\/2019\/01\/choqueruta35guanaco2019-1.jpg 1032w\" sizes=\"(max-width: 695px) 100vw, 695px\" \/><\/p>\n<p><strong>T\u00e9ofilo \u201cCacho\u201d Aguirre <\/strong>es el conductor del auto Peugeot 206.\u00a0<strong>En su auto la Polic\u00eda encontr\u00f3 diez kilos de marihuana<\/strong>, seg\u00fan informaron fuentes oficiales a Diario Textual. En 2014, Aguirre ya hab\u00eda sido detenido: lo acusaron de liderar una banda de narcos en La Pampa. Pero ese delito no pudo ser comprobado y, en un juicio abreviado, lo sentenciaron a cuatro a\u00f1os de prisi\u00f3n por tenencia y comercializaci\u00f3n de droga.<\/p>\n<p>La acumulaci\u00f3n de agua sobre el asfalto, a ra\u00edz de la lluvia de ese momento, fue decisiva para que se produzca el siniestro.<\/p>\n<p>Las primeras pericias indicaron que Aguirre, a bordo del Peugeot, intent\u00f3 esquivar un charco de agua que hab\u00eda sobre el asfalto, derrap\u00f3 y, ya con el auto de costado, se cruz\u00f3 de carril. En ese momento, la moto choc\u00f3 contra una puerta lateral y qued\u00f3<strong> incrustada dentro<\/strong> del auto. <strong>Como consecuencia del impacto, el motociclista muri\u00f3 en el acto.<\/strong><\/p>\n<p>En el lugar, adem\u00e1s de la Polic\u00eda de Winifreda, trabajaron uniformados de Toxicoman\u00eda de la Unidad Regional I e integrantes de Bomberos Voluntarios de Winifreda. Adem\u00e1s el control lo realiz\u00f3 el fiscal Facundo Bon Dergham.<\/p>\n<p>&nbsp;<\/p>\n<p><img loading=\"lazy\" decoding=\"async\" class=\"alignnone wp-image-35433 \" src=\"http:\/\/diariotextual.com\/inicio\/wp-content\/uploads\/2019\/01\/marihuanapueugeotruta35choque092.jpg\" alt=\"\" width=\"681\" height=\"411\" srcset=\"https:\/\/diariotextual.com\/inicio\/wp-content\/uploads\/2019\/01\/marihuanapueugeotruta35choque092.jpg 782w, https:\/\/diariotextual.com\/inicio\/wp-content\/uploads\/2019\/01\/marihuanapueugeotruta35choque092-300x181.jpg 300w, https:\/\/diariotextual.com\/inicio\/wp-content\/uploads\/2019\/01\/marihuanapueugeotruta35choque092-768x464.jpg 768w, https:\/\/diariotextual.com\/inicio\/wp-content\/uploads\/2019\/01\/marihuanapueugeotruta35choque092-780x472.jpg 780w, https:\/\/diariotextual.com\/inicio\/wp-content\/uploads\/2019\/01\/marihuanapueugeotruta35choque092-585x353.jpg 585w\" sizes=\"(max-width: 681px) 100vw, 681px\" \/><\/p>\n<p>&nbsp;<\/p>\n<blockquote class=\"wp-embedded-content\" data-secret=\"ZnYdTpTKf2\"><p><a href=\"http:\/\/diariotextual.com\/inicio\/index.php\/2019\/01\/25\/auto-choco-mato-motociclista-llevaba-10-kilos-marihuana\/\">El auto que choc\u00f3 y mat\u00f3 a un motociclista llevaba 10 kilos de marihuana<\/a><\/p><\/blockquote>\n<p><iframe class=\"wp-embedded-content\" sandbox=\"allow-scripts\" security=\"restricted\" style=\"position: absolute; clip: rect(1px, 1px, 1px, 1px);\" src=\"http:\/\/diariotextual.com\/inicio\/index.php\/2019\/01\/25\/auto-choco-mato-motociclista-llevaba-10-kilos-marihuana\/embed\/#?secret=ZnYdTpTKf2\" data-secret=\"ZnYdTpTKf2\" width=\"600\" height=\"338\" title=\"&#8220;El auto que choc\u00f3 y mat\u00f3 a un motociclista llevaba 10 kilos de marihuana&#8221; &#8212; Diario Textual\" frameborder=\"0\" marginwidth=\"0\" marginheight=\"0\" scrolling=\"no\"><\/iframe><\/p>\n<p><img loading=\"lazy\" decoding=\"async\" class=\"alignnone wp-image-35435\" src=\"http:\/\/diariotextual.com\/inicio\/wp-content\/uploads\/2019\/01\/siniestroautochoqueruta35marihuana34.jpg\" alt=\"\" width=\"620\" height=\"354\" srcset=\"https:\/\/diariotextual.com\/inicio\/wp-content\/uploads\/2019\/01\/siniestroautochoqueruta35marihuana34.jpg 818w, https:\/\/diariotextual.com\/inicio\/wp-content\/uploads\/2019\/01\/siniestroautochoqueruta35marihuana34-300x172.jpg 300w, https:\/\/diariotextual.com\/inicio\/wp-content\/uploads\/2019\/01\/siniestroautochoqueruta35marihuana34-768x439.jpg 768w, https:\/\/diariotextual.com\/inicio\/wp-content\/uploads\/2019\/01\/siniestroautochoqueruta35marihuana34-585x335.jpg 585w\" sizes=\"(max-width: 620px) 100vw, 620px\" \/><\/p>\n","protected":false},"excerpt":{"rendered":"<p>Un trabajador del Servicio Penitenciario Federal, de 24 a\u00f1os de edad y domiciliado en General Pico, muri\u00f3 cuando, a bordo de una moto, choc\u00f3 contra un auto en la ruta&hellip;<\/p>\n","protected":false},"author":3,"featured_media":35436,"comment_status":"closed","ping_status":"open","sticky":false,"template":"","format":"standard","meta":{"_acf_changed":false,"footnotes":""},"categories":[1,319,12],"tags":[171],"class_list":["post-35412","post","type-post","status-publish","format-standard","has-post-thumbnail","hentry","category-es-noticia","category-a-temporales","category-sociedad","tag-choque"],"acf":[],"yoast_head":"<!-- This site is optimized with the Yoast SEO plugin v27.5 - https:\/\/yoast.com\/product\/yoast-seo-wordpress\/ -->\n<title>Esquiv\u00f3 un charco, derrap\u00f3 y choc\u00f3: un penitenciario muri\u00f3 en la ruta 35 - Diario Textual<\/title>\n<meta name=\"robots\" content=\"index, follow, max-snippet:-1, max-image-preview:large, max-video-preview:-1\" \/>\n<link rel=\"canonical\" href=\"https:\/\/diariotextual.com\/inicio\/index.php\/2019\/01\/25\/una-persona-murio-choque-la-ruta-35\/\" \/>\n<meta property=\"og:locale\" content=\"es_ES\" \/>\n<meta property=\"og:type\" content=\"article\" \/>\n<meta property=\"og:title\" content=\"Esquiv\u00f3 un charco, derrap\u00f3 y choc\u00f3: un penitenciario muri\u00f3 en la ruta 35 - Diario Textual\" \/>\n<meta property=\"og:description\" content=\"Un trabajador del Servicio Penitenciario Federal, de 24 a\u00f1os de edad y domiciliado en General Pico, muri\u00f3 cuando, a bordo de una moto, choc\u00f3 contra un auto en la ruta&hellip;\" \/>\n<meta property=\"og:url\" content=\"https:\/\/diariotextual.com\/inicio\/index.php\/2019\/01\/25\/una-persona-murio-choque-la-ruta-35\/\" \/>\n<meta property=\"og:site_name\" content=\"Diario Textual\" \/>\n<meta property=\"article:publisher\" content=\"https:\/\/www.facebook.com\/eltextual\" \/>\n<meta property=\"article:published_time\" content=\"2019-01-25T12:58:09+00:00\" \/>\n<meta property=\"article:modified_time\" content=\"2019-01-26T13:54:48+00:00\" \/>\n<meta property=\"og:image\" content=\"https:\/\/diariotextual.com\/inicio\/wp-content\/uploads\/2019\/01\/siniestroruta35aguaasfalto1350.jpg\" \/>\n\t<meta property=\"og:image:width\" content=\"774\" \/>\n\t<meta property=\"og:image:height\" content=\"512\" \/>\n\t<meta property=\"og:image:type\" content=\"image\/jpeg\" \/>\n<meta name=\"author\" content=\"Diario1 Diario1\" \/>\n<meta name=\"twitter:card\" content=\"summary_large_image\" \/>\n<meta name=\"twitter:creator\" content=\"@eltextual\" \/>\n<meta name=\"twitter:site\" content=\"@eltextual\" \/>\n<meta name=\"twitter:label1\" content=\"Escrito por\" \/>\n\t<meta name=\"twitter:data1\" content=\"Diario1 Diario1\" \/>\n\t<meta name=\"twitter:label2\" content=\"Tiempo de lectura\" \/>\n\t<meta name=\"twitter:data2\" content=\"2 minutos\" \/>\n<script type=\"application\/ld+json\" class=\"yoast-schema-graph\">{\"@context\":\"https:\\\/\\\/schema.org\",\"@graph\":[{\"@type\":\"Article\",\"@id\":\"https:\\\/\\\/diariotextual.com\\\/inicio\\\/index.php\\\/2019\\\/01\\\/25\\\/una-persona-murio-choque-la-ruta-35\\\/#article\",\"isPartOf\":{\"@id\":\"https:\\\/\\\/diariotextual.com\\\/inicio\\\/index.php\\\/2019\\\/01\\\/25\\\/una-persona-murio-choque-la-ruta-35\\\/\"},\"author\":{\"name\":\"Diario1 Diario1\",\"@id\":\"https:\\\/\\\/diariotextual.com\\\/inicio\\\/#\\\/schema\\\/person\\\/418fc4093c33e86ed41562db3508f958\"},\"headline\":\"Esquiv\u00f3 un charco, derrap\u00f3 y choc\u00f3: un penitenciario muri\u00f3 en la ruta 35\",\"datePublished\":\"2019-01-25T12:58:09+00:00\",\"dateModified\":\"2019-01-26T13:54:48+00:00\",\"mainEntityOfPage\":{\"@id\":\"https:\\\/\\\/diariotextual.com\\\/inicio\\\/index.php\\\/2019\\\/01\\\/25\\\/una-persona-murio-choque-la-ruta-35\\\/\"},\"wordCount\":356,\"publisher\":{\"@id\":\"https:\\\/\\\/diariotextual.com\\\/inicio\\\/#organization\"},\"image\":{\"@id\":\"https:\\\/\\\/diariotextual.com\\\/inicio\\\/index.php\\\/2019\\\/01\\\/25\\\/una-persona-murio-choque-la-ruta-35\\\/#primaryimage\"},\"thumbnailUrl\":\"https:\\\/\\\/diariotextual.com\\\/inicio\\\/wp-content\\\/uploads\\\/2019\\\/01\\\/siniestroruta35aguaasfalto1350.jpg\",\"keywords\":[\"choque\"],\"articleSection\":[\"A - ES NOTICIA (van abajo)\",\"A - TEMPORALES\",\"SOCIEDAD\"],\"inLanguage\":\"es\"},{\"@type\":\"WebPage\",\"@id\":\"https:\\\/\\\/diariotextual.com\\\/inicio\\\/index.php\\\/2019\\\/01\\\/25\\\/una-persona-murio-choque-la-ruta-35\\\/\",\"url\":\"https:\\\/\\\/diariotextual.com\\\/inicio\\\/index.php\\\/2019\\\/01\\\/25\\\/una-persona-murio-choque-la-ruta-35\\\/\",\"name\":\"Esquiv\u00f3 un charco, derrap\u00f3 y choc\u00f3: un penitenciario muri\u00f3 en la ruta 35 - Diario Textual\",\"isPartOf\":{\"@id\":\"https:\\\/\\\/diariotextual.com\\\/inicio\\\/#website\"},\"primaryImageOfPage\":{\"@id\":\"https:\\\/\\\/diariotextual.com\\\/inicio\\\/index.php\\\/2019\\\/01\\\/25\\\/una-persona-murio-choque-la-ruta-35\\\/#primaryimage\"},\"image\":{\"@id\":\"https:\\\/\\\/diariotextual.com\\\/inicio\\\/index.php\\\/2019\\\/01\\\/25\\\/una-persona-murio-choque-la-ruta-35\\\/#primaryimage\"},\"thumbnailUrl\":\"https:\\\/\\\/diariotextual.com\\\/inicio\\\/wp-content\\\/uploads\\\/2019\\\/01\\\/siniestroruta35aguaasfalto1350.jpg\",\"datePublished\":\"2019-01-25T12:58:09+00:00\",\"dateModified\":\"2019-01-26T13:54:48+00:00\",\"breadcrumb\":{\"@id\":\"https:\\\/\\\/diariotextual.com\\\/inicio\\\/index.php\\\/2019\\\/01\\\/25\\\/una-persona-murio-choque-la-ruta-35\\\/#breadcrumb\"},\"inLanguage\":\"es\",\"potentialAction\":[{\"@type\":\"ReadAction\",\"target\":[\"https:\\\/\\\/diariotextual.com\\\/inicio\\\/index.php\\\/2019\\\/01\\\/25\\\/una-persona-murio-choque-la-ruta-35\\\/\"]}]},{\"@type\":\"ImageObject\",\"inLanguage\":\"es\",\"@id\":\"https:\\\/\\\/diariotextual.com\\\/inicio\\\/index.php\\\/2019\\\/01\\\/25\\\/una-persona-murio-choque-la-ruta-35\\\/#primaryimage\",\"url\":\"https:\\\/\\\/diariotextual.com\\\/inicio\\\/wp-content\\\/uploads\\\/2019\\\/01\\\/siniestroruta35aguaasfalto1350.jpg\",\"contentUrl\":\"https:\\\/\\\/diariotextual.com\\\/inicio\\\/wp-content\\\/uploads\\\/2019\\\/01\\\/siniestroruta35aguaasfalto1350.jpg\",\"width\":774,\"height\":512},{\"@type\":\"BreadcrumbList\",\"@id\":\"https:\\\/\\\/diariotextual.com\\\/inicio\\\/index.php\\\/2019\\\/01\\\/25\\\/una-persona-murio-choque-la-ruta-35\\\/#breadcrumb\",\"itemListElement\":[{\"@type\":\"ListItem\",\"position\":1,\"name\":\"Portada\",\"item\":\"https:\\\/\\\/diariotextual.com\\\/inicio\\\/\"},{\"@type\":\"ListItem\",\"position\":2,\"name\":\"Esquiv\u00f3 un charco, derrap\u00f3 y choc\u00f3: un penitenciario muri\u00f3 en la ruta 35\"}]},{\"@type\":\"WebSite\",\"@id\":\"https:\\\/\\\/diariotextual.com\\\/inicio\\\/#website\",\"url\":\"https:\\\/\\\/diariotextual.com\\\/inicio\\\/\",\"name\":\"Diario Textual\",\"description\":\"\",\"publisher\":{\"@id\":\"https:\\\/\\\/diariotextual.com\\\/inicio\\\/#organization\"},\"potentialAction\":[{\"@type\":\"SearchAction\",\"target\":{\"@type\":\"EntryPoint\",\"urlTemplate\":\"https:\\\/\\\/diariotextual.com\\\/inicio\\\/?s={search_term_string}\"},\"query-input\":{\"@type\":\"PropertyValueSpecification\",\"valueRequired\":true,\"valueName\":\"search_term_string\"}}],\"inLanguage\":\"es\"},{\"@type\":\"Organization\",\"@id\":\"https:\\\/\\\/diariotextual.com\\\/inicio\\\/#organization\",\"name\":\"Diario Textual\",\"url\":\"https:\\\/\\\/diariotextual.com\\\/inicio\\\/\",\"logo\":{\"@type\":\"ImageObject\",\"inLanguage\":\"es\",\"@id\":\"https:\\\/\\\/diariotextual.com\\\/inicio\\\/#\\\/schema\\\/logo\\\/image\\\/\",\"url\":\"https:\\\/\\\/diariotextual.com\\\/inicio\\\/wp-content\\\/uploads\\\/2023\\\/05\\\/logotextual1.jpg\",\"contentUrl\":\"https:\\\/\\\/diariotextual.com\\\/inicio\\\/wp-content\\\/uploads\\\/2023\\\/05\\\/logotextual1.jpg\",\"width\":516,\"height\":76,\"caption\":\"Diario Textual\"},\"image\":{\"@id\":\"https:\\\/\\\/diariotextual.com\\\/inicio\\\/#\\\/schema\\\/logo\\\/image\\\/\"},\"sameAs\":[\"https:\\\/\\\/www.facebook.com\\\/eltextual\",\"https:\\\/\\\/x.com\\\/eltextual\",\"http:\\\/\\\/www.instagram.com\\\/eltextual\"]},{\"@type\":\"Person\",\"@id\":\"https:\\\/\\\/diariotextual.com\\\/inicio\\\/#\\\/schema\\\/person\\\/418fc4093c33e86ed41562db3508f958\",\"name\":\"Diario1 Diario1\",\"image\":{\"@type\":\"ImageObject\",\"inLanguage\":\"es\",\"@id\":\"https:\\\/\\\/secure.gravatar.com\\\/avatar\\\/9167d280179c85bc18be67aa7eda765854300033af4896dd779b608640f2ef7a?s=96&d=mm&r=g\",\"url\":\"https:\\\/\\\/secure.gravatar.com\\\/avatar\\\/9167d280179c85bc18be67aa7eda765854300033af4896dd779b608640f2ef7a?s=96&d=mm&r=g\",\"contentUrl\":\"https:\\\/\\\/secure.gravatar.com\\\/avatar\\\/9167d280179c85bc18be67aa7eda765854300033af4896dd779b608640f2ef7a?s=96&d=mm&r=g\",\"caption\":\"Diario1 Diario1\"},\"url\":\"https:\\\/\\\/diariotextual.com\\\/inicio\\\/index.php\\\/author\\\/diario1\\\/\"}]}<\/script>\n<!-- \/ Yoast SEO plugin. -->","yoast_head_json":{"title":"Esquiv\u00f3 un charco, derrap\u00f3 y choc\u00f3: un penitenciario muri\u00f3 en la ruta 35 - Diario Textual","robots":{"index":"index","follow":"follow","max-snippet":"max-snippet:-1","max-image-preview":"max-image-preview:large","max-video-preview":"max-video-preview:-1"},"canonical":"https:\/\/diariotextual.com\/inicio\/index.php\/2019\/01\/25\/una-persona-murio-choque-la-ruta-35\/","og_locale":"es_ES","og_type":"article","og_title":"Esquiv\u00f3 un charco, derrap\u00f3 y choc\u00f3: un penitenciario muri\u00f3 en la ruta 35 - Diario Textual","og_description":"Un trabajador del Servicio Penitenciario Federal, de 24 a\u00f1os de edad y domiciliado en General Pico, muri\u00f3 cuando, a bordo de una moto, choc\u00f3 contra un auto en la ruta&hellip;","og_url":"https:\/\/diariotextual.com\/inicio\/index.php\/2019\/01\/25\/una-persona-murio-choque-la-ruta-35\/","og_site_name":"Diario Textual","article_publisher":"https:\/\/www.facebook.com\/eltextual","article_published_time":"2019-01-25T12:58:09+00:00","article_modified_time":"2019-01-26T13:54:48+00:00","og_image":[{"width":774,"height":512,"url":"https:\/\/diariotextual.com\/inicio\/wp-content\/uploads\/2019\/01\/siniestroruta35aguaasfalto1350.jpg","type":"image\/jpeg"}],"author":"Diario1 Diario1","twitter_card":"summary_large_image","twitter_creator":"@eltextual","twitter_site":"@eltextual","twitter_misc":{"Escrito por":"Diario1 Diario1","Tiempo de lectura":"2 minutos"},"schema":{"@context":"https:\/\/schema.org","@graph":[{"@type":"Article","@id":"https:\/\/diariotextual.com\/inicio\/index.php\/2019\/01\/25\/una-persona-murio-choque-la-ruta-35\/#article","isPartOf":{"@id":"https:\/\/diariotextual.com\/inicio\/index.php\/2019\/01\/25\/una-persona-murio-choque-la-ruta-35\/"},"author":{"name":"Diario1 Diario1","@id":"https:\/\/diariotextual.com\/inicio\/#\/schema\/person\/418fc4093c33e86ed41562db3508f958"},"headline":"Esquiv\u00f3 un charco, derrap\u00f3 y choc\u00f3: un penitenciario muri\u00f3 en la ruta 35","datePublished":"2019-01-25T12:58:09+00:00","dateModified":"2019-01-26T13:54:48+00:00","mainEntityOfPage":{"@id":"https:\/\/diariotextual.com\/inicio\/index.php\/2019\/01\/25\/una-persona-murio-choque-la-ruta-35\/"},"wordCount":356,"publisher":{"@id":"https:\/\/diariotextual.com\/inicio\/#organization"},"image":{"@id":"https:\/\/diariotextual.com\/inicio\/index.php\/2019\/01\/25\/una-persona-murio-choque-la-ruta-35\/#primaryimage"},"thumbnailUrl":"https:\/\/diariotextual.com\/inicio\/wp-content\/uploads\/2019\/01\/siniestroruta35aguaasfalto1350.jpg","keywords":["choque"],"articleSection":["A - ES NOTICIA (van abajo)","A - TEMPORALES","SOCIEDAD"],"inLanguage":"es"},{"@type":"WebPage","@id":"https:\/\/diariotextual.com\/inicio\/index.php\/2019\/01\/25\/una-persona-murio-choque-la-ruta-35\/","url":"https:\/\/diariotextual.com\/inicio\/index.php\/2019\/01\/25\/una-persona-murio-choque-la-ruta-35\/","name":"Esquiv\u00f3 un charco, derrap\u00f3 y choc\u00f3: un penitenciario muri\u00f3 en la ruta 35 - Diario Textual","isPartOf":{"@id":"https:\/\/diariotextual.com\/inicio\/#website"},"primaryImageOfPage":{"@id":"https:\/\/diariotextual.com\/inicio\/index.php\/2019\/01\/25\/una-persona-murio-choque-la-ruta-35\/#primaryimage"},"image":{"@id":"https:\/\/diariotextual.com\/inicio\/index.php\/2019\/01\/25\/una-persona-murio-choque-la-ruta-35\/#primaryimage"},"thumbnailUrl":"https:\/\/diariotextual.com\/inicio\/wp-content\/uploads\/2019\/01\/siniestroruta35aguaasfalto1350.jpg","datePublished":"2019-01-25T12:58:09+00:00","dateModified":"2019-01-26T13:54:48+00:00","breadcrumb":{"@id":"https:\/\/diariotextual.com\/inicio\/index.php\/2019\/01\/25\/una-persona-murio-choque-la-ruta-35\/#breadcrumb"},"inLanguage":"es","potentialAction":[{"@type":"ReadAction","target":["https:\/\/diariotextual.com\/inicio\/index.php\/2019\/01\/25\/una-persona-murio-choque-la-ruta-35\/"]}]},{"@type":"ImageObject","inLanguage":"es","@id":"https:\/\/diariotextual.com\/inicio\/index.php\/2019\/01\/25\/una-persona-murio-choque-la-ruta-35\/#primaryimage","url":"https:\/\/diariotextual.com\/inicio\/wp-content\/uploads\/2019\/01\/siniestroruta35aguaasfalto1350.jpg","contentUrl":"https:\/\/diariotextual.com\/inicio\/wp-content\/uploads\/2019\/01\/siniestroruta35aguaasfalto1350.jpg","width":774,"height":512},{"@type":"BreadcrumbList","@id":"https:\/\/diariotextual.com\/inicio\/index.php\/2019\/01\/25\/una-persona-murio-choque-la-ruta-35\/#breadcrumb","itemListElement":[{"@type":"ListItem","position":1,"name":"Portada","item":"https:\/\/diariotextual.com\/inicio\/"},{"@type":"ListItem","position":2,"name":"Esquiv\u00f3 un charco, derrap\u00f3 y choc\u00f3: un penitenciario muri\u00f3 en la ruta 35"}]},{"@type":"WebSite","@id":"https:\/\/diariotextual.com\/inicio\/#website","url":"https:\/\/diariotextual.com\/inicio\/","name":"Diario Textual","description":"","publisher":{"@id":"https:\/\/diariotextual.com\/inicio\/#organization"},"potentialAction":[{"@type":"SearchAction","target":{"@type":"EntryPoint","urlTemplate":"https:\/\/diariotextual.com\/inicio\/?s={search_term_string}"},"query-input":{"@type":"PropertyValueSpecification","valueRequired":true,"valueName":"search_term_string"}}],"inLanguage":"es"},{"@type":"Organization","@id":"https:\/\/diariotextual.com\/inicio\/#organization","name":"Diario Textual","url":"https:\/\/diariotextual.com\/inicio\/","logo":{"@type":"ImageObject","inLanguage":"es","@id":"https:\/\/diariotextual.com\/inicio\/#\/schema\/logo\/image\/","url":"https:\/\/diariotextual.com\/inicio\/wp-content\/uploads\/2023\/05\/logotextual1.jpg","contentUrl":"https:\/\/diariotextual.com\/inicio\/wp-content\/uploads\/2023\/05\/logotextual1.jpg","width":516,"height":76,"caption":"Diario Textual"},"image":{"@id":"https:\/\/diariotextual.com\/inicio\/#\/schema\/logo\/image\/"},"sameAs":["https:\/\/www.facebook.com\/eltextual","https:\/\/x.com\/eltextual","http:\/\/www.instagram.com\/eltextual"]},{"@type":"Person","@id":"https:\/\/diariotextual.com\/inicio\/#\/schema\/person\/418fc4093c33e86ed41562db3508f958","name":"Diario1 Diario1","image":{"@type":"ImageObject","inLanguage":"es","@id":"https:\/\/secure.gravatar.com\/avatar\/9167d280179c85bc18be67aa7eda765854300033af4896dd779b608640f2ef7a?s=96&d=mm&r=g","url":"https:\/\/secure.gravatar.com\/avatar\/9167d280179c85bc18be67aa7eda765854300033af4896dd779b608640f2ef7a?s=96&d=mm&r=g","contentUrl":"https:\/\/secure.gravatar.com\/avatar\/9167d280179c85bc18be67aa7eda765854300033af4896dd779b608640f2ef7a?s=96&d=mm&r=g","caption":"Diario1 Diario1"},"url":"https:\/\/diariotextual.com\/inicio\/index.php\/author\/diario1\/"}]}},"_links":{"self":[{"href":"https:\/\/diariotextual.com\/inicio\/index.php\/wp-json\/wp\/v2\/posts\/35412","targetHints":{"allow":["GET"]}}],"collection":[{"href":"https:\/\/diariotextual.com\/inicio\/index.php\/wp-json\/wp\/v2\/posts"}],"about":[{"href":"https:\/\/diariotextual.com\/inicio\/index.php\/wp-json\/wp\/v2\/types\/post"}],"author":[{"embeddable":true,"href":"https:\/\/diariotextual.com\/inicio\/index.php\/wp-json\/wp\/v2\/users\/3"}],"replies":[{"embeddable":true,"href":"https:\/\/diariotextual.com\/inicio\/index.php\/wp-json\/wp\/v2\/comments?post=35412"}],"version-history":[{"count":19,"href":"https:\/\/diariotextual.com\/inicio\/index.php\/wp-json\/wp\/v2\/posts\/35412\/revisions"}],"predecessor-version":[{"id":35532,"href":"https:\/\/diariotextual.com\/inicio\/index.php\/wp-json\/wp\/v2\/posts\/35412\/revisions\/35532"}],"wp:featuredmedia":[{"embeddable":true,"href":"https:\/\/diariotextual.com\/inicio\/index.php\/wp-json\/wp\/v2\/media\/35436"}],"wp:attachment":[{"href":"https:\/\/diariotextual.com\/inicio\/index.php\/wp-json\/wp\/v2\/media?parent=35412"}],"wp:term":[{"taxonomy":"category","embeddable":true,"href":"https:\/\/diariotextual.com\/inicio\/index.php\/wp-json\/wp\/v2\/categories?post=35412"},{"taxonomy":"post_tag","embeddable":true,"href":"https:\/\/diariotextual.com\/inicio\/index.php\/wp-json\/wp\/v2\/tags?post=35412"}],"curies":[{"name":"wp","href":"https:\/\/api.w.org\/{rel}","templated":true}]}}