{"id":35545,"date":"2019-01-25T19:30:24","date_gmt":"2019-01-25T22:30:24","guid":{"rendered":"http:\/\/diariotextual.com\/inicio\/?p=35545"},"modified":"2019-01-26T10:00:06","modified_gmt":"2019-01-26T13:00:06","slug":"decenas-muertos-300-desaparecidos-la-ruptura-dique-minero-brasil","status":"publish","type":"post","link":"https:\/\/diariotextual.com\/inicio\/index.php\/2019\/01\/25\/decenas-muertos-300-desaparecidos-la-ruptura-dique-minero-brasil\/","title":{"rendered":"Hay decenas de muertos y 300 desaparecidos en la ruptura de un dique minero en Brasil"},"content":{"rendered":"<p>Unas 50 personas han muerto tras la ruptura de un dique de contenci\u00f3n de residuos de la minera Vale, en la localidad de Brumadinho, a 60 kil\u00f3metros de Belo Horizonte, capital del estado brasile\u00f1o de Minas Gerais, informan medios locales citando al alcalde. El cuerpo de bomberos estima que unas 300 personas est\u00e1n desaparecidas tras la tragedia.<\/p>\n<p>\u00abLa prioridad total de Vale, en este momento, es proteger la vida de los empleados y de los integrantes de la comunidad\u00bb, asegur\u00f3 la empresa en un comunicado, en el que inform\u00f3 de que la ruptura se produjo a inicios de la tarde de este viernes.<\/p>\n<p>\u00abHab\u00eda empleados en el \u00e1rea administrativa, que fue afectada por los residuos\u00bb, a\u00f1adi\u00f3 la empresa minera brasile\u00f1a, la mayor productora mundial de hierro, que activ\u00f3 inmediatamente su plan de emergencia de accidentes.<\/p>\n<p>La agencia de prensa AFP, que cit\u00f3 a los bomberos, aseguro que el accidente caus\u00f3 \u00abvarias muertes\u00bb.<\/p>\n<p>El presidente del Gobierno,<strong> Jair Bolsonaro<\/strong>, lament\u00f3 la tragedia y dijo que se est\u00e1n tomando todas las medidas pertinentes. El ministro de Medio Ambiente, Ricardo Salles, y el titular de la cartera de Minas y Energ\u00edas, Bento Costa Lima Leite, est\u00e1n de camino al lugar de los hechos. \u00abNuestra mayor preocupaci\u00f3n en este momento es atender a las eventuales v\u00edctimas de esta tragedia\u00bb, dijo el mandatario.<\/p>\n<p>Las autoridades de la zona informaron tambi\u00e9n de que ya se ha puesto en marcha un gabinete de crisis. Mientras, la Fundaci\u00f3n Hospitalaria del Minas Gerais explic\u00f3 que se est\u00e1n preparando varios centros m\u00e9dicos de la regi\u00f3n para atender a los heridos.<\/p>\n<p>De acuerdo con el equipo de bomberos y de Defensa Civil, las personas que viven en la parte m\u00e1s baja de la ciudad est\u00e1n siendo desalojadas. Varios helic\u00f3pteros sobrevuelan el lugar.<\/p>\n<p>Im\u00e1genes a\u00e9reas muestran un mar de lodo arrasando la zona y viviendas completamente destruidas en la comunidad de Vila Ferteco. Seg\u00fan los bomberos, se est\u00e1n rescatando a personas aisladas en diversos puntos.<\/p>\n<p>&nbsp;<\/p>\n","protected":false},"excerpt":{"rendered":"<p>Unas 50 personas han muerto tras la ruptura de un dique de contenci\u00f3n de residuos de la minera Vale, en la localidad de Brumadinho, a 60 kil\u00f3metros de Belo Horizonte,&hellip;<\/p>\n","protected":false},"author":3,"featured_media":35549,"comment_status":"closed","ping_status":"open","sticky":false,"template":"","format":"standard","meta":{"_acf_changed":false,"footnotes":""},"categories":[11,7],"tags":[1511],"class_list":["post-35545","post","type-post","status-publish","format-standard","has-post-thumbnail","hentry","category-que-pasa","category-mundo","tag-avalancha"],"acf":[],"yoast_head":"<!-- This site is optimized with the Yoast SEO plugin v27.4 - https:\/\/yoast.com\/product\/yoast-seo-wordpress\/ -->\n<title>Hay decenas de muertos y 300 desaparecidos en la ruptura de un dique minero en Brasil - Diario Textual<\/title>\n<meta name=\"robots\" content=\"index, follow, max-snippet:-1, max-image-preview:large, max-video-preview:-1\" \/>\n<link rel=\"canonical\" href=\"https:\/\/diariotextual.com\/inicio\/index.php\/2019\/01\/25\/decenas-muertos-300-desaparecidos-la-ruptura-dique-minero-brasil\/\" \/>\n<meta property=\"og:locale\" content=\"es_ES\" \/>\n<meta property=\"og:type\" content=\"article\" \/>\n<meta property=\"og:title\" content=\"Hay decenas de muertos y 300 desaparecidos en la ruptura de un dique minero en Brasil - Diario Textual\" \/>\n<meta property=\"og:description\" content=\"Unas 50 personas han muerto tras la ruptura de un dique de contenci\u00f3n de residuos de la minera Vale, en la localidad de Brumadinho, a 60 kil\u00f3metros de Belo Horizonte,&hellip;\" \/>\n<meta property=\"og:url\" content=\"https:\/\/diariotextual.com\/inicio\/index.php\/2019\/01\/25\/decenas-muertos-300-desaparecidos-la-ruptura-dique-minero-brasil\/\" \/>\n<meta property=\"og:site_name\" content=\"Diario Textual\" \/>\n<meta property=\"article:publisher\" content=\"https:\/\/www.facebook.com\/eltextual\" \/>\n<meta property=\"article:published_time\" content=\"2019-01-25T22:30:24+00:00\" \/>\n<meta property=\"article:modified_time\" content=\"2019-01-26T13:00:06+00:00\" \/>\n<meta property=\"og:image\" content=\"https:\/\/diariotextual.com\/inicio\/wp-content\/uploads\/2019\/01\/avalanchabrasil2019-1.jpg\" \/>\n\t<meta property=\"og:image:width\" content=\"824\" \/>\n\t<meta property=\"og:image:height\" content=\"464\" \/>\n\t<meta property=\"og:image:type\" content=\"image\/jpeg\" \/>\n<meta name=\"author\" content=\"Diario1 Diario1\" \/>\n<meta name=\"twitter:card\" content=\"summary_large_image\" \/>\n<meta name=\"twitter:creator\" content=\"@eltextual\" \/>\n<meta name=\"twitter:site\" content=\"@eltextual\" \/>\n<meta name=\"twitter:label1\" content=\"Escrito por\" \/>\n\t<meta name=\"twitter:data1\" content=\"Diario1 Diario1\" \/>\n\t<meta name=\"twitter:label2\" content=\"Tiempo de lectura\" \/>\n\t<meta name=\"twitter:data2\" content=\"2 minutos\" \/>\n<script type=\"application\/ld+json\" class=\"yoast-schema-graph\">{\"@context\":\"https:\\\/\\\/schema.org\",\"@graph\":[{\"@type\":\"Article\",\"@id\":\"https:\\\/\\\/diariotextual.com\\\/inicio\\\/index.php\\\/2019\\\/01\\\/25\\\/decenas-muertos-300-desaparecidos-la-ruptura-dique-minero-brasil\\\/#article\",\"isPartOf\":{\"@id\":\"https:\\\/\\\/diariotextual.com\\\/inicio\\\/index.php\\\/2019\\\/01\\\/25\\\/decenas-muertos-300-desaparecidos-la-ruptura-dique-minero-brasil\\\/\"},\"author\":{\"name\":\"Diario1 Diario1\",\"@id\":\"https:\\\/\\\/diariotextual.com\\\/inicio\\\/#\\\/schema\\\/person\\\/418fc4093c33e86ed41562db3508f958\"},\"headline\":\"Hay decenas de muertos y 300 desaparecidos en la ruptura de un dique minero en Brasil\",\"datePublished\":\"2019-01-25T22:30:24+00:00\",\"dateModified\":\"2019-01-26T13:00:06+00:00\",\"mainEntityOfPage\":{\"@id\":\"https:\\\/\\\/diariotextual.com\\\/inicio\\\/index.php\\\/2019\\\/01\\\/25\\\/decenas-muertos-300-desaparecidos-la-ruptura-dique-minero-brasil\\\/\"},\"wordCount\":360,\"publisher\":{\"@id\":\"https:\\\/\\\/diariotextual.com\\\/inicio\\\/#organization\"},\"image\":{\"@id\":\"https:\\\/\\\/diariotextual.com\\\/inicio\\\/index.php\\\/2019\\\/01\\\/25\\\/decenas-muertos-300-desaparecidos-la-ruptura-dique-minero-brasil\\\/#primaryimage\"},\"thumbnailUrl\":\"https:\\\/\\\/diariotextual.com\\\/inicio\\\/wp-content\\\/uploads\\\/2019\\\/01\\\/avalanchabrasil2019-1.jpg\",\"keywords\":[\"avalancha\"],\"articleSection\":[\"A - QUE PASA (al costado)\",\"MUNDO\"],\"inLanguage\":\"es\"},{\"@type\":\"WebPage\",\"@id\":\"https:\\\/\\\/diariotextual.com\\\/inicio\\\/index.php\\\/2019\\\/01\\\/25\\\/decenas-muertos-300-desaparecidos-la-ruptura-dique-minero-brasil\\\/\",\"url\":\"https:\\\/\\\/diariotextual.com\\\/inicio\\\/index.php\\\/2019\\\/01\\\/25\\\/decenas-muertos-300-desaparecidos-la-ruptura-dique-minero-brasil\\\/\",\"name\":\"Hay decenas de muertos y 300 desaparecidos en la ruptura de un dique minero en Brasil - Diario Textual\",\"isPartOf\":{\"@id\":\"https:\\\/\\\/diariotextual.com\\\/inicio\\\/#website\"},\"primaryImageOfPage\":{\"@id\":\"https:\\\/\\\/diariotextual.com\\\/inicio\\\/index.php\\\/2019\\\/01\\\/25\\\/decenas-muertos-300-desaparecidos-la-ruptura-dique-minero-brasil\\\/#primaryimage\"},\"image\":{\"@id\":\"https:\\\/\\\/diariotextual.com\\\/inicio\\\/index.php\\\/2019\\\/01\\\/25\\\/decenas-muertos-300-desaparecidos-la-ruptura-dique-minero-brasil\\\/#primaryimage\"},\"thumbnailUrl\":\"https:\\\/\\\/diariotextual.com\\\/inicio\\\/wp-content\\\/uploads\\\/2019\\\/01\\\/avalanchabrasil2019-1.jpg\",\"datePublished\":\"2019-01-25T22:30:24+00:00\",\"dateModified\":\"2019-01-26T13:00:06+00:00\",\"breadcrumb\":{\"@id\":\"https:\\\/\\\/diariotextual.com\\\/inicio\\\/index.php\\\/2019\\\/01\\\/25\\\/decenas-muertos-300-desaparecidos-la-ruptura-dique-minero-brasil\\\/#breadcrumb\"},\"inLanguage\":\"es\",\"potentialAction\":[{\"@type\":\"ReadAction\",\"target\":[\"https:\\\/\\\/diariotextual.com\\\/inicio\\\/index.php\\\/2019\\\/01\\\/25\\\/decenas-muertos-300-desaparecidos-la-ruptura-dique-minero-brasil\\\/\"]}]},{\"@type\":\"ImageObject\",\"inLanguage\":\"es\",\"@id\":\"https:\\\/\\\/diariotextual.com\\\/inicio\\\/index.php\\\/2019\\\/01\\\/25\\\/decenas-muertos-300-desaparecidos-la-ruptura-dique-minero-brasil\\\/#primaryimage\",\"url\":\"https:\\\/\\\/diariotextual.com\\\/inicio\\\/wp-content\\\/uploads\\\/2019\\\/01\\\/avalanchabrasil2019-1.jpg\",\"contentUrl\":\"https:\\\/\\\/diariotextual.com\\\/inicio\\\/wp-content\\\/uploads\\\/2019\\\/01\\\/avalanchabrasil2019-1.jpg\",\"width\":824,\"height\":464},{\"@type\":\"BreadcrumbList\",\"@id\":\"https:\\\/\\\/diariotextual.com\\\/inicio\\\/index.php\\\/2019\\\/01\\\/25\\\/decenas-muertos-300-desaparecidos-la-ruptura-dique-minero-brasil\\\/#breadcrumb\",\"itemListElement\":[{\"@type\":\"ListItem\",\"position\":1,\"name\":\"Portada\",\"item\":\"https:\\\/\\\/diariotextual.com\\\/inicio\\\/\"},{\"@type\":\"ListItem\",\"position\":2,\"name\":\"Hay decenas de muertos y 300 desaparecidos en la ruptura de un dique minero en Brasil\"}]},{\"@type\":\"WebSite\",\"@id\":\"https:\\\/\\\/diariotextual.com\\\/inicio\\\/#website\",\"url\":\"https:\\\/\\\/diariotextual.com\\\/inicio\\\/\",\"name\":\"Diario Textual\",\"description\":\"\",\"publisher\":{\"@id\":\"https:\\\/\\\/diariotextual.com\\\/inicio\\\/#organization\"},\"potentialAction\":[{\"@type\":\"SearchAction\",\"target\":{\"@type\":\"EntryPoint\",\"urlTemplate\":\"https:\\\/\\\/diariotextual.com\\\/inicio\\\/?s={search_term_string}\"},\"query-input\":{\"@type\":\"PropertyValueSpecification\",\"valueRequired\":true,\"valueName\":\"search_term_string\"}}],\"inLanguage\":\"es\"},{\"@type\":\"Organization\",\"@id\":\"https:\\\/\\\/diariotextual.com\\\/inicio\\\/#organization\",\"name\":\"Diario Textual\",\"url\":\"https:\\\/\\\/diariotextual.com\\\/inicio\\\/\",\"logo\":{\"@type\":\"ImageObject\",\"inLanguage\":\"es\",\"@id\":\"https:\\\/\\\/diariotextual.com\\\/inicio\\\/#\\\/schema\\\/logo\\\/image\\\/\",\"url\":\"https:\\\/\\\/diariotextual.com\\\/inicio\\\/wp-content\\\/uploads\\\/2023\\\/05\\\/logotextual1.jpg\",\"contentUrl\":\"https:\\\/\\\/diariotextual.com\\\/inicio\\\/wp-content\\\/uploads\\\/2023\\\/05\\\/logotextual1.jpg\",\"width\":516,\"height\":76,\"caption\":\"Diario Textual\"},\"image\":{\"@id\":\"https:\\\/\\\/diariotextual.com\\\/inicio\\\/#\\\/schema\\\/logo\\\/image\\\/\"},\"sameAs\":[\"https:\\\/\\\/www.facebook.com\\\/eltextual\",\"https:\\\/\\\/x.com\\\/eltextual\",\"http:\\\/\\\/www.instagram.com\\\/eltextual\"]},{\"@type\":\"Person\",\"@id\":\"https:\\\/\\\/diariotextual.com\\\/inicio\\\/#\\\/schema\\\/person\\\/418fc4093c33e86ed41562db3508f958\",\"name\":\"Diario1 Diario1\",\"image\":{\"@type\":\"ImageObject\",\"inLanguage\":\"es\",\"@id\":\"https:\\\/\\\/secure.gravatar.com\\\/avatar\\\/9167d280179c85bc18be67aa7eda765854300033af4896dd779b608640f2ef7a?s=96&d=mm&r=g\",\"url\":\"https:\\\/\\\/secure.gravatar.com\\\/avatar\\\/9167d280179c85bc18be67aa7eda765854300033af4896dd779b608640f2ef7a?s=96&d=mm&r=g\",\"contentUrl\":\"https:\\\/\\\/secure.gravatar.com\\\/avatar\\\/9167d280179c85bc18be67aa7eda765854300033af4896dd779b608640f2ef7a?s=96&d=mm&r=g\",\"caption\":\"Diario1 Diario1\"},\"url\":\"https:\\\/\\\/diariotextual.com\\\/inicio\\\/index.php\\\/author\\\/diario1\\\/\"}]}<\/script>\n<!-- \/ Yoast SEO plugin. -->","yoast_head_json":{"title":"Hay decenas de muertos y 300 desaparecidos en la ruptura de un dique minero en Brasil - Diario Textual","robots":{"index":"index","follow":"follow","max-snippet":"max-snippet:-1","max-image-preview":"max-image-preview:large","max-video-preview":"max-video-preview:-1"},"canonical":"https:\/\/diariotextual.com\/inicio\/index.php\/2019\/01\/25\/decenas-muertos-300-desaparecidos-la-ruptura-dique-minero-brasil\/","og_locale":"es_ES","og_type":"article","og_title":"Hay decenas de muertos y 300 desaparecidos en la ruptura de un dique minero en Brasil - Diario Textual","og_description":"Unas 50 personas han muerto tras la ruptura de un dique de contenci\u00f3n de residuos de la minera Vale, en la localidad de Brumadinho, a 60 kil\u00f3metros de Belo Horizonte,&hellip;","og_url":"https:\/\/diariotextual.com\/inicio\/index.php\/2019\/01\/25\/decenas-muertos-300-desaparecidos-la-ruptura-dique-minero-brasil\/","og_site_name":"Diario Textual","article_publisher":"https:\/\/www.facebook.com\/eltextual","article_published_time":"2019-01-25T22:30:24+00:00","article_modified_time":"2019-01-26T13:00:06+00:00","og_image":[{"width":824,"height":464,"url":"https:\/\/diariotextual.com\/inicio\/wp-content\/uploads\/2019\/01\/avalanchabrasil2019-1.jpg","type":"image\/jpeg"}],"author":"Diario1 Diario1","twitter_card":"summary_large_image","twitter_creator":"@eltextual","twitter_site":"@eltextual","twitter_misc":{"Escrito por":"Diario1 Diario1","Tiempo de lectura":"2 minutos"},"schema":{"@context":"https:\/\/schema.org","@graph":[{"@type":"Article","@id":"https:\/\/diariotextual.com\/inicio\/index.php\/2019\/01\/25\/decenas-muertos-300-desaparecidos-la-ruptura-dique-minero-brasil\/#article","isPartOf":{"@id":"https:\/\/diariotextual.com\/inicio\/index.php\/2019\/01\/25\/decenas-muertos-300-desaparecidos-la-ruptura-dique-minero-brasil\/"},"author":{"name":"Diario1 Diario1","@id":"https:\/\/diariotextual.com\/inicio\/#\/schema\/person\/418fc4093c33e86ed41562db3508f958"},"headline":"Hay decenas de muertos y 300 desaparecidos en la ruptura de un dique minero en Brasil","datePublished":"2019-01-25T22:30:24+00:00","dateModified":"2019-01-26T13:00:06+00:00","mainEntityOfPage":{"@id":"https:\/\/diariotextual.com\/inicio\/index.php\/2019\/01\/25\/decenas-muertos-300-desaparecidos-la-ruptura-dique-minero-brasil\/"},"wordCount":360,"publisher":{"@id":"https:\/\/diariotextual.com\/inicio\/#organization"},"image":{"@id":"https:\/\/diariotextual.com\/inicio\/index.php\/2019\/01\/25\/decenas-muertos-300-desaparecidos-la-ruptura-dique-minero-brasil\/#primaryimage"},"thumbnailUrl":"https:\/\/diariotextual.com\/inicio\/wp-content\/uploads\/2019\/01\/avalanchabrasil2019-1.jpg","keywords":["avalancha"],"articleSection":["A - QUE PASA (al costado)","MUNDO"],"inLanguage":"es"},{"@type":"WebPage","@id":"https:\/\/diariotextual.com\/inicio\/index.php\/2019\/01\/25\/decenas-muertos-300-desaparecidos-la-ruptura-dique-minero-brasil\/","url":"https:\/\/diariotextual.com\/inicio\/index.php\/2019\/01\/25\/decenas-muertos-300-desaparecidos-la-ruptura-dique-minero-brasil\/","name":"Hay decenas de muertos y 300 desaparecidos en la ruptura de un dique minero en Brasil - Diario Textual","isPartOf":{"@id":"https:\/\/diariotextual.com\/inicio\/#website"},"primaryImageOfPage":{"@id":"https:\/\/diariotextual.com\/inicio\/index.php\/2019\/01\/25\/decenas-muertos-300-desaparecidos-la-ruptura-dique-minero-brasil\/#primaryimage"},"image":{"@id":"https:\/\/diariotextual.com\/inicio\/index.php\/2019\/01\/25\/decenas-muertos-300-desaparecidos-la-ruptura-dique-minero-brasil\/#primaryimage"},"thumbnailUrl":"https:\/\/diariotextual.com\/inicio\/wp-content\/uploads\/2019\/01\/avalanchabrasil2019-1.jpg","datePublished":"2019-01-25T22:30:24+00:00","dateModified":"2019-01-26T13:00:06+00:00","breadcrumb":{"@id":"https:\/\/diariotextual.com\/inicio\/index.php\/2019\/01\/25\/decenas-muertos-300-desaparecidos-la-ruptura-dique-minero-brasil\/#breadcrumb"},"inLanguage":"es","potentialAction":[{"@type":"ReadAction","target":["https:\/\/diariotextual.com\/inicio\/index.php\/2019\/01\/25\/decenas-muertos-300-desaparecidos-la-ruptura-dique-minero-brasil\/"]}]},{"@type":"ImageObject","inLanguage":"es","@id":"https:\/\/diariotextual.com\/inicio\/index.php\/2019\/01\/25\/decenas-muertos-300-desaparecidos-la-ruptura-dique-minero-brasil\/#primaryimage","url":"https:\/\/diariotextual.com\/inicio\/wp-content\/uploads\/2019\/01\/avalanchabrasil2019-1.jpg","contentUrl":"https:\/\/diariotextual.com\/inicio\/wp-content\/uploads\/2019\/01\/avalanchabrasil2019-1.jpg","width":824,"height":464},{"@type":"BreadcrumbList","@id":"https:\/\/diariotextual.com\/inicio\/index.php\/2019\/01\/25\/decenas-muertos-300-desaparecidos-la-ruptura-dique-minero-brasil\/#breadcrumb","itemListElement":[{"@type":"ListItem","position":1,"name":"Portada","item":"https:\/\/diariotextual.com\/inicio\/"},{"@type":"ListItem","position":2,"name":"Hay decenas de muertos y 300 desaparecidos en la ruptura de un dique minero en Brasil"}]},{"@type":"WebSite","@id":"https:\/\/diariotextual.com\/inicio\/#website","url":"https:\/\/diariotextual.com\/inicio\/","name":"Diario Textual","description":"","publisher":{"@id":"https:\/\/diariotextual.com\/inicio\/#organization"},"potentialAction":[{"@type":"SearchAction","target":{"@type":"EntryPoint","urlTemplate":"https:\/\/diariotextual.com\/inicio\/?s={search_term_string}"},"query-input":{"@type":"PropertyValueSpecification","valueRequired":true,"valueName":"search_term_string"}}],"inLanguage":"es"},{"@type":"Organization","@id":"https:\/\/diariotextual.com\/inicio\/#organization","name":"Diario Textual","url":"https:\/\/diariotextual.com\/inicio\/","logo":{"@type":"ImageObject","inLanguage":"es","@id":"https:\/\/diariotextual.com\/inicio\/#\/schema\/logo\/image\/","url":"https:\/\/diariotextual.com\/inicio\/wp-content\/uploads\/2023\/05\/logotextual1.jpg","contentUrl":"https:\/\/diariotextual.com\/inicio\/wp-content\/uploads\/2023\/05\/logotextual1.jpg","width":516,"height":76,"caption":"Diario Textual"},"image":{"@id":"https:\/\/diariotextual.com\/inicio\/#\/schema\/logo\/image\/"},"sameAs":["https:\/\/www.facebook.com\/eltextual","https:\/\/x.com\/eltextual","http:\/\/www.instagram.com\/eltextual"]},{"@type":"Person","@id":"https:\/\/diariotextual.com\/inicio\/#\/schema\/person\/418fc4093c33e86ed41562db3508f958","name":"Diario1 Diario1","image":{"@type":"ImageObject","inLanguage":"es","@id":"https:\/\/secure.gravatar.com\/avatar\/9167d280179c85bc18be67aa7eda765854300033af4896dd779b608640f2ef7a?s=96&d=mm&r=g","url":"https:\/\/secure.gravatar.com\/avatar\/9167d280179c85bc18be67aa7eda765854300033af4896dd779b608640f2ef7a?s=96&d=mm&r=g","contentUrl":"https:\/\/secure.gravatar.com\/avatar\/9167d280179c85bc18be67aa7eda765854300033af4896dd779b608640f2ef7a?s=96&d=mm&r=g","caption":"Diario1 Diario1"},"url":"https:\/\/diariotextual.com\/inicio\/index.php\/author\/diario1\/"}]}},"_links":{"self":[{"href":"https:\/\/diariotextual.com\/inicio\/index.php\/wp-json\/wp\/v2\/posts\/35545","targetHints":{"allow":["GET"]}}],"collection":[{"href":"https:\/\/diariotextual.com\/inicio\/index.php\/wp-json\/wp\/v2\/posts"}],"about":[{"href":"https:\/\/diariotextual.com\/inicio\/index.php\/wp-json\/wp\/v2\/types\/post"}],"author":[{"embeddable":true,"href":"https:\/\/diariotextual.com\/inicio\/index.php\/wp-json\/wp\/v2\/users\/3"}],"replies":[{"embeddable":true,"href":"https:\/\/diariotextual.com\/inicio\/index.php\/wp-json\/wp\/v2\/comments?post=35545"}],"version-history":[{"count":3,"href":"https:\/\/diariotextual.com\/inicio\/index.php\/wp-json\/wp\/v2\/posts\/35545\/revisions"}],"predecessor-version":[{"id":35548,"href":"https:\/\/diariotextual.com\/inicio\/index.php\/wp-json\/wp\/v2\/posts\/35545\/revisions\/35548"}],"wp:featuredmedia":[{"embeddable":true,"href":"https:\/\/diariotextual.com\/inicio\/index.php\/wp-json\/wp\/v2\/media\/35549"}],"wp:attachment":[{"href":"https:\/\/diariotextual.com\/inicio\/index.php\/wp-json\/wp\/v2\/media?parent=35545"}],"wp:term":[{"taxonomy":"category","embeddable":true,"href":"https:\/\/diariotextual.com\/inicio\/index.php\/wp-json\/wp\/v2\/categories?post=35545"},{"taxonomy":"post_tag","embeddable":true,"href":"https:\/\/diariotextual.com\/inicio\/index.php\/wp-json\/wp\/v2\/tags?post=35545"}],"curies":[{"name":"wp","href":"https:\/\/api.w.org\/{rel}","templated":true}]}}