{"id":35572,"date":"2019-01-25T22:58:40","date_gmt":"2019-01-26T01:58:40","guid":{"rendered":"http:\/\/diariotextual.com\/inicio\/?p=35572"},"modified":"2019-01-26T13:04:48","modified_gmt":"2019-01-26T16:04:48","slug":"encontraron-muerto-julen-nene-cayo-pozo-espana-2","status":"publish","type":"post","link":"https:\/\/diariotextual.com\/inicio\/index.php\/2019\/01\/25\/encontraron-muerto-julen-nene-cayo-pozo-espana-2\/","title":{"rendered":"Encontraron muerto a Julen, el nene que cay\u00f3 a un pozo en Espa\u00f1a"},"content":{"rendered":"<p>Los rescatistas <strong>encontraron el cuerpo de Julen<\/strong>, el ni\u00f1o que hace doce d\u00edas cay\u00f3 en un pozo en la localidad malague\u00f1a de Total\u00e1n. Fue luego de haber excavado hoy la totalidad de la galer\u00eda horizontal por la que llegaron hasta el menor que estaba atrapado a m\u00e1s de 70 metros de profundidad.<\/p>\n<p>Luego de m\u00e1s de 24 horas de excavaci\u00f3n ininterrumpida, los mineros avanzaron los poco m\u00e1s de 3 metros que les faltaban. No obstante, los \u00faltimos cent\u00edmetros fueron muy dif\u00edciles, ya que los expertos encontraron cuarcita, uno de los minerales m\u00e1s duros del mundo.<\/p>\n<p>El ni\u00f1o, que estaba con unos familiares en una finca, <strong>cay\u00f3 en un orificio de prospecci\u00f3n para buscar agua de peque\u00f1o di\u00e1metro pero gran profundidad<\/strong>. Desde entonces se activ\u00f3 un operativo para rescatarlo, formado por efectivos de distintos cuerpos que estuvieron trabajando en el lugar d\u00eda, tarde y noche sin descanso.<\/p>\n<p>&nbsp;<\/p>\n<p>&nbsp;<\/p>\n<p>&nbsp;<\/p>\n","protected":false},"excerpt":{"rendered":"<p>Los rescatistas encontraron el cuerpo de Julen, el ni\u00f1o que hace doce d\u00edas cay\u00f3 en un pozo en la localidad malague\u00f1a de Total\u00e1n. Fue luego de haber excavado hoy la&hellip;<\/p>\n","protected":false},"author":3,"featured_media":35573,"comment_status":"closed","ping_status":"open","sticky":false,"template":"","format":"standard","meta":{"_acf_changed":false,"footnotes":""},"categories":[11,319,7],"tags":[1467],"class_list":["post-35572","post","type-post","status-publish","format-standard","has-post-thumbnail","hentry","category-que-pasa","category-a-temporales","category-mundo","tag-julen"],"acf":[],"yoast_head":"<!-- This site is optimized with the Yoast SEO plugin v27.4 - https:\/\/yoast.com\/product\/yoast-seo-wordpress\/ -->\n<title>Encontraron muerto a Julen, el nene que cay\u00f3 a un pozo en Espa\u00f1a - Diario Textual<\/title>\n<meta name=\"robots\" content=\"index, follow, max-snippet:-1, max-image-preview:large, max-video-preview:-1\" \/>\n<link rel=\"canonical\" href=\"https:\/\/diariotextual.com\/inicio\/index.php\/2019\/01\/25\/encontraron-muerto-julen-nene-cayo-pozo-espana-2\/\" \/>\n<meta property=\"og:locale\" content=\"es_ES\" \/>\n<meta property=\"og:type\" content=\"article\" \/>\n<meta property=\"og:title\" content=\"Encontraron muerto a Julen, el nene que cay\u00f3 a un pozo en Espa\u00f1a - Diario Textual\" \/>\n<meta property=\"og:description\" content=\"Los rescatistas encontraron el cuerpo de Julen, el ni\u00f1o que hace doce d\u00edas cay\u00f3 en un pozo en la localidad malague\u00f1a de Total\u00e1n. Fue luego de haber excavado hoy la&hellip;\" \/>\n<meta property=\"og:url\" content=\"https:\/\/diariotextual.com\/inicio\/index.php\/2019\/01\/25\/encontraron-muerto-julen-nene-cayo-pozo-espana-2\/\" \/>\n<meta property=\"og:site_name\" content=\"Diario Textual\" \/>\n<meta property=\"article:publisher\" content=\"https:\/\/www.facebook.com\/eltextual\" \/>\n<meta property=\"article:published_time\" content=\"2019-01-26T01:58:40+00:00\" \/>\n<meta property=\"article:modified_time\" content=\"2019-01-26T16:04:48+00:00\" \/>\n<meta property=\"og:image\" content=\"https:\/\/diariotextual.com\/inicio\/wp-content\/uploads\/2019\/01\/julenpozo2019-2.jpg\" \/>\n\t<meta property=\"og:image:width\" content=\"660\" \/>\n\t<meta property=\"og:image:height\" content=\"422\" \/>\n\t<meta property=\"og:image:type\" content=\"image\/jpeg\" \/>\n<meta name=\"author\" content=\"Diario1 Diario1\" \/>\n<meta name=\"twitter:card\" content=\"summary_large_image\" \/>\n<meta name=\"twitter:creator\" content=\"@eltextual\" \/>\n<meta name=\"twitter:site\" content=\"@eltextual\" \/>\n<meta name=\"twitter:label1\" content=\"Escrito por\" \/>\n\t<meta name=\"twitter:data1\" content=\"Diario1 Diario1\" \/>\n\t<meta name=\"twitter:label2\" content=\"Tiempo de lectura\" \/>\n\t<meta name=\"twitter:data2\" content=\"1 minuto\" \/>\n<script type=\"application\/ld+json\" class=\"yoast-schema-graph\">{\"@context\":\"https:\\\/\\\/schema.org\",\"@graph\":[{\"@type\":\"Article\",\"@id\":\"https:\\\/\\\/diariotextual.com\\\/inicio\\\/index.php\\\/2019\\\/01\\\/25\\\/encontraron-muerto-julen-nene-cayo-pozo-espana-2\\\/#article\",\"isPartOf\":{\"@id\":\"https:\\\/\\\/diariotextual.com\\\/inicio\\\/index.php\\\/2019\\\/01\\\/25\\\/encontraron-muerto-julen-nene-cayo-pozo-espana-2\\\/\"},\"author\":{\"name\":\"Diario1 Diario1\",\"@id\":\"https:\\\/\\\/diariotextual.com\\\/inicio\\\/#\\\/schema\\\/person\\\/418fc4093c33e86ed41562db3508f958\"},\"headline\":\"Encontraron muerto a Julen, el nene que cay\u00f3 a un pozo en Espa\u00f1a\",\"datePublished\":\"2019-01-26T01:58:40+00:00\",\"dateModified\":\"2019-01-26T16:04:48+00:00\",\"mainEntityOfPage\":{\"@id\":\"https:\\\/\\\/diariotextual.com\\\/inicio\\\/index.php\\\/2019\\\/01\\\/25\\\/encontraron-muerto-julen-nene-cayo-pozo-espana-2\\\/\"},\"wordCount\":177,\"publisher\":{\"@id\":\"https:\\\/\\\/diariotextual.com\\\/inicio\\\/#organization\"},\"image\":{\"@id\":\"https:\\\/\\\/diariotextual.com\\\/inicio\\\/index.php\\\/2019\\\/01\\\/25\\\/encontraron-muerto-julen-nene-cayo-pozo-espana-2\\\/#primaryimage\"},\"thumbnailUrl\":\"https:\\\/\\\/diariotextual.com\\\/inicio\\\/wp-content\\\/uploads\\\/2019\\\/01\\\/julenpozo2019-2.jpg\",\"keywords\":[\"julen\"],\"articleSection\":[\"A - QUE PASA (al costado)\",\"A - TEMPORALES\",\"MUNDO\"],\"inLanguage\":\"es\"},{\"@type\":\"WebPage\",\"@id\":\"https:\\\/\\\/diariotextual.com\\\/inicio\\\/index.php\\\/2019\\\/01\\\/25\\\/encontraron-muerto-julen-nene-cayo-pozo-espana-2\\\/\",\"url\":\"https:\\\/\\\/diariotextual.com\\\/inicio\\\/index.php\\\/2019\\\/01\\\/25\\\/encontraron-muerto-julen-nene-cayo-pozo-espana-2\\\/\",\"name\":\"Encontraron muerto a Julen, el nene que cay\u00f3 a un pozo en Espa\u00f1a - Diario Textual\",\"isPartOf\":{\"@id\":\"https:\\\/\\\/diariotextual.com\\\/inicio\\\/#website\"},\"primaryImageOfPage\":{\"@id\":\"https:\\\/\\\/diariotextual.com\\\/inicio\\\/index.php\\\/2019\\\/01\\\/25\\\/encontraron-muerto-julen-nene-cayo-pozo-espana-2\\\/#primaryimage\"},\"image\":{\"@id\":\"https:\\\/\\\/diariotextual.com\\\/inicio\\\/index.php\\\/2019\\\/01\\\/25\\\/encontraron-muerto-julen-nene-cayo-pozo-espana-2\\\/#primaryimage\"},\"thumbnailUrl\":\"https:\\\/\\\/diariotextual.com\\\/inicio\\\/wp-content\\\/uploads\\\/2019\\\/01\\\/julenpozo2019-2.jpg\",\"datePublished\":\"2019-01-26T01:58:40+00:00\",\"dateModified\":\"2019-01-26T16:04:48+00:00\",\"breadcrumb\":{\"@id\":\"https:\\\/\\\/diariotextual.com\\\/inicio\\\/index.php\\\/2019\\\/01\\\/25\\\/encontraron-muerto-julen-nene-cayo-pozo-espana-2\\\/#breadcrumb\"},\"inLanguage\":\"es\",\"potentialAction\":[{\"@type\":\"ReadAction\",\"target\":[\"https:\\\/\\\/diariotextual.com\\\/inicio\\\/index.php\\\/2019\\\/01\\\/25\\\/encontraron-muerto-julen-nene-cayo-pozo-espana-2\\\/\"]}]},{\"@type\":\"ImageObject\",\"inLanguage\":\"es\",\"@id\":\"https:\\\/\\\/diariotextual.com\\\/inicio\\\/index.php\\\/2019\\\/01\\\/25\\\/encontraron-muerto-julen-nene-cayo-pozo-espana-2\\\/#primaryimage\",\"url\":\"https:\\\/\\\/diariotextual.com\\\/inicio\\\/wp-content\\\/uploads\\\/2019\\\/01\\\/julenpozo2019-2.jpg\",\"contentUrl\":\"https:\\\/\\\/diariotextual.com\\\/inicio\\\/wp-content\\\/uploads\\\/2019\\\/01\\\/julenpozo2019-2.jpg\",\"width\":660,\"height\":422},{\"@type\":\"BreadcrumbList\",\"@id\":\"https:\\\/\\\/diariotextual.com\\\/inicio\\\/index.php\\\/2019\\\/01\\\/25\\\/encontraron-muerto-julen-nene-cayo-pozo-espana-2\\\/#breadcrumb\",\"itemListElement\":[{\"@type\":\"ListItem\",\"position\":1,\"name\":\"Portada\",\"item\":\"https:\\\/\\\/diariotextual.com\\\/inicio\\\/\"},{\"@type\":\"ListItem\",\"position\":2,\"name\":\"Encontraron muerto a Julen, el nene que cay\u00f3 a un pozo en Espa\u00f1a\"}]},{\"@type\":\"WebSite\",\"@id\":\"https:\\\/\\\/diariotextual.com\\\/inicio\\\/#website\",\"url\":\"https:\\\/\\\/diariotextual.com\\\/inicio\\\/\",\"name\":\"Diario Textual\",\"description\":\"\",\"publisher\":{\"@id\":\"https:\\\/\\\/diariotextual.com\\\/inicio\\\/#organization\"},\"potentialAction\":[{\"@type\":\"SearchAction\",\"target\":{\"@type\":\"EntryPoint\",\"urlTemplate\":\"https:\\\/\\\/diariotextual.com\\\/inicio\\\/?s={search_term_string}\"},\"query-input\":{\"@type\":\"PropertyValueSpecification\",\"valueRequired\":true,\"valueName\":\"search_term_string\"}}],\"inLanguage\":\"es\"},{\"@type\":\"Organization\",\"@id\":\"https:\\\/\\\/diariotextual.com\\\/inicio\\\/#organization\",\"name\":\"Diario Textual\",\"url\":\"https:\\\/\\\/diariotextual.com\\\/inicio\\\/\",\"logo\":{\"@type\":\"ImageObject\",\"inLanguage\":\"es\",\"@id\":\"https:\\\/\\\/diariotextual.com\\\/inicio\\\/#\\\/schema\\\/logo\\\/image\\\/\",\"url\":\"https:\\\/\\\/diariotextual.com\\\/inicio\\\/wp-content\\\/uploads\\\/2023\\\/05\\\/logotextual1.jpg\",\"contentUrl\":\"https:\\\/\\\/diariotextual.com\\\/inicio\\\/wp-content\\\/uploads\\\/2023\\\/05\\\/logotextual1.jpg\",\"width\":516,\"height\":76,\"caption\":\"Diario Textual\"},\"image\":{\"@id\":\"https:\\\/\\\/diariotextual.com\\\/inicio\\\/#\\\/schema\\\/logo\\\/image\\\/\"},\"sameAs\":[\"https:\\\/\\\/www.facebook.com\\\/eltextual\",\"https:\\\/\\\/x.com\\\/eltextual\",\"http:\\\/\\\/www.instagram.com\\\/eltextual\"]},{\"@type\":\"Person\",\"@id\":\"https:\\\/\\\/diariotextual.com\\\/inicio\\\/#\\\/schema\\\/person\\\/418fc4093c33e86ed41562db3508f958\",\"name\":\"Diario1 Diario1\",\"image\":{\"@type\":\"ImageObject\",\"inLanguage\":\"es\",\"@id\":\"https:\\\/\\\/secure.gravatar.com\\\/avatar\\\/9167d280179c85bc18be67aa7eda765854300033af4896dd779b608640f2ef7a?s=96&d=mm&r=g\",\"url\":\"https:\\\/\\\/secure.gravatar.com\\\/avatar\\\/9167d280179c85bc18be67aa7eda765854300033af4896dd779b608640f2ef7a?s=96&d=mm&r=g\",\"contentUrl\":\"https:\\\/\\\/secure.gravatar.com\\\/avatar\\\/9167d280179c85bc18be67aa7eda765854300033af4896dd779b608640f2ef7a?s=96&d=mm&r=g\",\"caption\":\"Diario1 Diario1\"},\"url\":\"https:\\\/\\\/diariotextual.com\\\/inicio\\\/index.php\\\/author\\\/diario1\\\/\"}]}<\/script>\n<!-- \/ Yoast SEO plugin. -->","yoast_head_json":{"title":"Encontraron muerto a Julen, el nene que cay\u00f3 a un pozo en Espa\u00f1a - Diario Textual","robots":{"index":"index","follow":"follow","max-snippet":"max-snippet:-1","max-image-preview":"max-image-preview:large","max-video-preview":"max-video-preview:-1"},"canonical":"https:\/\/diariotextual.com\/inicio\/index.php\/2019\/01\/25\/encontraron-muerto-julen-nene-cayo-pozo-espana-2\/","og_locale":"es_ES","og_type":"article","og_title":"Encontraron muerto a Julen, el nene que cay\u00f3 a un pozo en Espa\u00f1a - Diario Textual","og_description":"Los rescatistas encontraron el cuerpo de Julen, el ni\u00f1o que hace doce d\u00edas cay\u00f3 en un pozo en la localidad malague\u00f1a de Total\u00e1n. Fue luego de haber excavado hoy la&hellip;","og_url":"https:\/\/diariotextual.com\/inicio\/index.php\/2019\/01\/25\/encontraron-muerto-julen-nene-cayo-pozo-espana-2\/","og_site_name":"Diario Textual","article_publisher":"https:\/\/www.facebook.com\/eltextual","article_published_time":"2019-01-26T01:58:40+00:00","article_modified_time":"2019-01-26T16:04:48+00:00","og_image":[{"width":660,"height":422,"url":"https:\/\/diariotextual.com\/inicio\/wp-content\/uploads\/2019\/01\/julenpozo2019-2.jpg","type":"image\/jpeg"}],"author":"Diario1 Diario1","twitter_card":"summary_large_image","twitter_creator":"@eltextual","twitter_site":"@eltextual","twitter_misc":{"Escrito por":"Diario1 Diario1","Tiempo de lectura":"1 minuto"},"schema":{"@context":"https:\/\/schema.org","@graph":[{"@type":"Article","@id":"https:\/\/diariotextual.com\/inicio\/index.php\/2019\/01\/25\/encontraron-muerto-julen-nene-cayo-pozo-espana-2\/#article","isPartOf":{"@id":"https:\/\/diariotextual.com\/inicio\/index.php\/2019\/01\/25\/encontraron-muerto-julen-nene-cayo-pozo-espana-2\/"},"author":{"name":"Diario1 Diario1","@id":"https:\/\/diariotextual.com\/inicio\/#\/schema\/person\/418fc4093c33e86ed41562db3508f958"},"headline":"Encontraron muerto a Julen, el nene que cay\u00f3 a un pozo en Espa\u00f1a","datePublished":"2019-01-26T01:58:40+00:00","dateModified":"2019-01-26T16:04:48+00:00","mainEntityOfPage":{"@id":"https:\/\/diariotextual.com\/inicio\/index.php\/2019\/01\/25\/encontraron-muerto-julen-nene-cayo-pozo-espana-2\/"},"wordCount":177,"publisher":{"@id":"https:\/\/diariotextual.com\/inicio\/#organization"},"image":{"@id":"https:\/\/diariotextual.com\/inicio\/index.php\/2019\/01\/25\/encontraron-muerto-julen-nene-cayo-pozo-espana-2\/#primaryimage"},"thumbnailUrl":"https:\/\/diariotextual.com\/inicio\/wp-content\/uploads\/2019\/01\/julenpozo2019-2.jpg","keywords":["julen"],"articleSection":["A - QUE PASA (al costado)","A - TEMPORALES","MUNDO"],"inLanguage":"es"},{"@type":"WebPage","@id":"https:\/\/diariotextual.com\/inicio\/index.php\/2019\/01\/25\/encontraron-muerto-julen-nene-cayo-pozo-espana-2\/","url":"https:\/\/diariotextual.com\/inicio\/index.php\/2019\/01\/25\/encontraron-muerto-julen-nene-cayo-pozo-espana-2\/","name":"Encontraron muerto a Julen, el nene que cay\u00f3 a un pozo en Espa\u00f1a - Diario Textual","isPartOf":{"@id":"https:\/\/diariotextual.com\/inicio\/#website"},"primaryImageOfPage":{"@id":"https:\/\/diariotextual.com\/inicio\/index.php\/2019\/01\/25\/encontraron-muerto-julen-nene-cayo-pozo-espana-2\/#primaryimage"},"image":{"@id":"https:\/\/diariotextual.com\/inicio\/index.php\/2019\/01\/25\/encontraron-muerto-julen-nene-cayo-pozo-espana-2\/#primaryimage"},"thumbnailUrl":"https:\/\/diariotextual.com\/inicio\/wp-content\/uploads\/2019\/01\/julenpozo2019-2.jpg","datePublished":"2019-01-26T01:58:40+00:00","dateModified":"2019-01-26T16:04:48+00:00","breadcrumb":{"@id":"https:\/\/diariotextual.com\/inicio\/index.php\/2019\/01\/25\/encontraron-muerto-julen-nene-cayo-pozo-espana-2\/#breadcrumb"},"inLanguage":"es","potentialAction":[{"@type":"ReadAction","target":["https:\/\/diariotextual.com\/inicio\/index.php\/2019\/01\/25\/encontraron-muerto-julen-nene-cayo-pozo-espana-2\/"]}]},{"@type":"ImageObject","inLanguage":"es","@id":"https:\/\/diariotextual.com\/inicio\/index.php\/2019\/01\/25\/encontraron-muerto-julen-nene-cayo-pozo-espana-2\/#primaryimage","url":"https:\/\/diariotextual.com\/inicio\/wp-content\/uploads\/2019\/01\/julenpozo2019-2.jpg","contentUrl":"https:\/\/diariotextual.com\/inicio\/wp-content\/uploads\/2019\/01\/julenpozo2019-2.jpg","width":660,"height":422},{"@type":"BreadcrumbList","@id":"https:\/\/diariotextual.com\/inicio\/index.php\/2019\/01\/25\/encontraron-muerto-julen-nene-cayo-pozo-espana-2\/#breadcrumb","itemListElement":[{"@type":"ListItem","position":1,"name":"Portada","item":"https:\/\/diariotextual.com\/inicio\/"},{"@type":"ListItem","position":2,"name":"Encontraron muerto a Julen, el nene que cay\u00f3 a un pozo en Espa\u00f1a"}]},{"@type":"WebSite","@id":"https:\/\/diariotextual.com\/inicio\/#website","url":"https:\/\/diariotextual.com\/inicio\/","name":"Diario Textual","description":"","publisher":{"@id":"https:\/\/diariotextual.com\/inicio\/#organization"},"potentialAction":[{"@type":"SearchAction","target":{"@type":"EntryPoint","urlTemplate":"https:\/\/diariotextual.com\/inicio\/?s={search_term_string}"},"query-input":{"@type":"PropertyValueSpecification","valueRequired":true,"valueName":"search_term_string"}}],"inLanguage":"es"},{"@type":"Organization","@id":"https:\/\/diariotextual.com\/inicio\/#organization","name":"Diario Textual","url":"https:\/\/diariotextual.com\/inicio\/","logo":{"@type":"ImageObject","inLanguage":"es","@id":"https:\/\/diariotextual.com\/inicio\/#\/schema\/logo\/image\/","url":"https:\/\/diariotextual.com\/inicio\/wp-content\/uploads\/2023\/05\/logotextual1.jpg","contentUrl":"https:\/\/diariotextual.com\/inicio\/wp-content\/uploads\/2023\/05\/logotextual1.jpg","width":516,"height":76,"caption":"Diario Textual"},"image":{"@id":"https:\/\/diariotextual.com\/inicio\/#\/schema\/logo\/image\/"},"sameAs":["https:\/\/www.facebook.com\/eltextual","https:\/\/x.com\/eltextual","http:\/\/www.instagram.com\/eltextual"]},{"@type":"Person","@id":"https:\/\/diariotextual.com\/inicio\/#\/schema\/person\/418fc4093c33e86ed41562db3508f958","name":"Diario1 Diario1","image":{"@type":"ImageObject","inLanguage":"es","@id":"https:\/\/secure.gravatar.com\/avatar\/9167d280179c85bc18be67aa7eda765854300033af4896dd779b608640f2ef7a?s=96&d=mm&r=g","url":"https:\/\/secure.gravatar.com\/avatar\/9167d280179c85bc18be67aa7eda765854300033af4896dd779b608640f2ef7a?s=96&d=mm&r=g","contentUrl":"https:\/\/secure.gravatar.com\/avatar\/9167d280179c85bc18be67aa7eda765854300033af4896dd779b608640f2ef7a?s=96&d=mm&r=g","caption":"Diario1 Diario1"},"url":"https:\/\/diariotextual.com\/inicio\/index.php\/author\/diario1\/"}]}},"_links":{"self":[{"href":"https:\/\/diariotextual.com\/inicio\/index.php\/wp-json\/wp\/v2\/posts\/35572","targetHints":{"allow":["GET"]}}],"collection":[{"href":"https:\/\/diariotextual.com\/inicio\/index.php\/wp-json\/wp\/v2\/posts"}],"about":[{"href":"https:\/\/diariotextual.com\/inicio\/index.php\/wp-json\/wp\/v2\/types\/post"}],"author":[{"embeddable":true,"href":"https:\/\/diariotextual.com\/inicio\/index.php\/wp-json\/wp\/v2\/users\/3"}],"replies":[{"embeddable":true,"href":"https:\/\/diariotextual.com\/inicio\/index.php\/wp-json\/wp\/v2\/comments?post=35572"}],"version-history":[{"count":3,"href":"https:\/\/diariotextual.com\/inicio\/index.php\/wp-json\/wp\/v2\/posts\/35572\/revisions"}],"predecessor-version":[{"id":35578,"href":"https:\/\/diariotextual.com\/inicio\/index.php\/wp-json\/wp\/v2\/posts\/35572\/revisions\/35578"}],"wp:featuredmedia":[{"embeddable":true,"href":"https:\/\/diariotextual.com\/inicio\/index.php\/wp-json\/wp\/v2\/media\/35573"}],"wp:attachment":[{"href":"https:\/\/diariotextual.com\/inicio\/index.php\/wp-json\/wp\/v2\/media?parent=35572"}],"wp:term":[{"taxonomy":"category","embeddable":true,"href":"https:\/\/diariotextual.com\/inicio\/index.php\/wp-json\/wp\/v2\/categories?post=35572"},{"taxonomy":"post_tag","embeddable":true,"href":"https:\/\/diariotextual.com\/inicio\/index.php\/wp-json\/wp\/v2\/tags?post=35572"}],"curies":[{"name":"wp","href":"https:\/\/api.w.org\/{rel}","templated":true}]}}