{"id":35645,"date":"2019-01-26T12:52:17","date_gmt":"2019-01-26T15:52:17","guid":{"rendered":"http:\/\/diariotextual.com\/inicio\/?p=35645"},"modified":"2019-01-26T20:54:00","modified_gmt":"2019-01-26T23:54:00","slug":"choque-muerte-la-ruta-35-juez-dicto-la-preventiva-cacho-aguirre","status":"publish","type":"post","link":"https:\/\/diariotextual.com\/inicio\/index.php\/2019\/01\/26\/choque-muerte-la-ruta-35-juez-dicto-la-preventiva-cacho-aguirre\/","title":{"rendered":"Choque y muerte en la ruta 35: juez dict\u00f3 la preventiva a \u00abCacho\u00bb Aguirre"},"content":{"rendered":"<p>El fiscal <strong>Facundo Bon Dergham<\/strong> acus\u00f3 este s\u00e1bado, en una audiencia de formalizaci\u00f3n, a <strong>T\u00e9ofilo \u00abCacho\u00bb Aguirre<\/strong> del delito de homicidio culposo agravado por la conducci\u00f3n imprudente, negligente y antirreglamentaria de un veh\u00edculo automotor (arts. 84 bis C.P. Y 39 inc. B y 48 inc C de la Ley Nacional de Transito), a ra\u00edz del<a href=\"http:\/\/diariotextual.com\/inicio\/index.php\/2019\/01\/26\/choque-muerte-la-ruta-35-juez-dicto-la-preventiva-cacho-aguirre\/\" target=\"_blank\" rel=\"noopener\"><strong> choque que termin\u00f3 con la vida del penitenciario Jos\u00e9 Luis Fanessi<\/strong><\/a>.<\/p>\n<p><img fetchpriority=\"high\" decoding=\"async\" class=\"alignnone wp-image-35441 size-large\" src=\"http:\/\/diariotextual.com\/inicio\/wp-content\/uploads\/2019\/01\/choqueruta35guanaco2019-1-1024x671.jpg\" alt=\"\" width=\"1024\" height=\"671\" srcset=\"https:\/\/diariotextual.com\/inicio\/wp-content\/uploads\/2019\/01\/choqueruta35guanaco2019-1-1024x671.jpg 1024w, https:\/\/diariotextual.com\/inicio\/wp-content\/uploads\/2019\/01\/choqueruta35guanaco2019-1-300x197.jpg 300w, https:\/\/diariotextual.com\/inicio\/wp-content\/uploads\/2019\/01\/choqueruta35guanaco2019-1-768x503.jpg 768w, https:\/\/diariotextual.com\/inicio\/wp-content\/uploads\/2019\/01\/choqueruta35guanaco2019-1-585x383.jpg 585w, https:\/\/diariotextual.com\/inicio\/wp-content\/uploads\/2019\/01\/choqueruta35guanaco2019-1.jpg 1032w\" sizes=\"(max-width: 1024px) 100vw, 1024px\" \/><\/p>\n<p>El juez Carlos Ord\u00e1s presidi\u00f3 la audiencia e hizo lugar a los pedidos del fiscal: entre ellos, la prisi\u00f3n preventiva de Aguirre -hasta que se avance con la investigaci\u00f3n- y la inhabilitaci\u00f3n provisoria para conducir veh\u00edculos. Paralelamente Aguirre enfrena una causa penal federal: llevaba, escondidos, 10 kilos de marihuana.<\/p>\n<p>El siniestro ocurri\u00f3 a las 5.50 horas del viernes 25 en el kil\u00f3metro 363 de la ruta 35, en proximidades del paraje El Guanaco.<\/p>\n<p>Aguirre, a bordo de un Peugeot 206 que se dirig\u00eda a Santa Rosa con un cargamento de 10 kilos de marihuana, intent\u00f3 esquivar un charco de agua que hab\u00eda sobre el asfalto, derrap\u00f3 y, ya con el auto de costado, se cruz\u00f3 de carril. En ese momento, la moto Honda Tit\u00e1n 150 cc -que circulaba en sentido contrario, en direcci\u00f3n a Pico- choc\u00f3 contra una puerta lateral y qued\u00f3<strong>\u00a0incrustada dentro<\/strong>\u00a0del auto.\u00a0<strong>Como consecuencia del impacto, Fanessi muri\u00f3 en el acto.<\/strong><\/p>\n<p>El fiscal dijo que Aguirre no disminuy\u00f3 la velocidad pese a que en la zona hab\u00e1 carteler\u00eda que indicaba \u00abAtenci\u00f3n con lluvia a 300 m agua en la calzada\u00bb. Dijo que transit\u00f3 de \u00abmanera imprudente sin reducir la velocidad hasta llegar a un banco de agua existente en la calzada perdiendo el control\u00bb del veh\u00edculo, invadiendo el carril contrario y ocasionando el choque con la moto Honda.<\/p>\n<p>&nbsp;<\/p>\n<blockquote class=\"wp-embedded-content\" data-secret=\"6bx8AJjH93\"><p><a href=\"http:\/\/diariotextual.com\/inicio\/index.php\/2019\/01\/25\/una-persona-murio-choque-la-ruta-35\/\">Esquiv\u00f3 un charco, derrap\u00f3 y choc\u00f3: un penitenciario muri\u00f3 en la ruta 35<\/a><\/p><\/blockquote>\n<p><iframe class=\"wp-embedded-content\" sandbox=\"allow-scripts\" security=\"restricted\" style=\"position: absolute; clip: rect(1px, 1px, 1px, 1px);\" src=\"http:\/\/diariotextual.com\/inicio\/index.php\/2019\/01\/25\/una-persona-murio-choque-la-ruta-35\/embed\/#?secret=6bx8AJjH93\" data-secret=\"6bx8AJjH93\" width=\"600\" height=\"338\" title=\"&#8220;Esquiv\u00f3 un charco, derrap\u00f3 y choc\u00f3: un penitenciario muri\u00f3 en la ruta 35&#8221; &#8212; Diario Textual\" frameborder=\"0\" marginwidth=\"0\" marginheight=\"0\" scrolling=\"no\"><\/iframe><\/p>\n<p>&nbsp;<\/p>\n","protected":false},"excerpt":{"rendered":"<p>El fiscal Facundo Bon Dergham acus\u00f3 este s\u00e1bado, en una audiencia de formalizaci\u00f3n, a T\u00e9ofilo \u00abCacho\u00bb Aguirre del delito de homicidio culposo agravado por la conducci\u00f3n imprudente, negligente y antirreglamentaria&hellip;<\/p>\n","protected":false},"author":3,"featured_media":35646,"comment_status":"closed","ping_status":"open","sticky":false,"template":"","format":"standard","meta":{"_acf_changed":false,"footnotes":""},"categories":[11,319,12],"tags":[],"class_list":["post-35645","post","type-post","status-publish","format-standard","has-post-thumbnail","hentry","category-que-pasa","category-a-temporales","category-sociedad"],"acf":[],"yoast_head":"<!-- This site is optimized with the Yoast SEO plugin v27.5 - https:\/\/yoast.com\/product\/yoast-seo-wordpress\/ -->\n<title>Choque y muerte en la ruta 35: juez dict\u00f3 la preventiva a &quot;Cacho&quot; Aguirre - Diario Textual<\/title>\n<meta name=\"robots\" content=\"index, follow, max-snippet:-1, max-image-preview:large, max-video-preview:-1\" \/>\n<link rel=\"canonical\" href=\"https:\/\/diariotextual.com\/inicio\/index.php\/2019\/01\/26\/choque-muerte-la-ruta-35-juez-dicto-la-preventiva-cacho-aguirre\/\" \/>\n<meta property=\"og:locale\" content=\"es_ES\" \/>\n<meta property=\"og:type\" content=\"article\" \/>\n<meta property=\"og:title\" content=\"Choque y muerte en la ruta 35: juez dict\u00f3 la preventiva a &quot;Cacho&quot; Aguirre - Diario Textual\" \/>\n<meta property=\"og:description\" content=\"El fiscal Facundo Bon Dergham acus\u00f3 este s\u00e1bado, en una audiencia de formalizaci\u00f3n, a T\u00e9ofilo \u00abCacho\u00bb Aguirre del delito de homicidio culposo agravado por la conducci\u00f3n imprudente, negligente y antirreglamentaria&hellip;\" \/>\n<meta property=\"og:url\" content=\"https:\/\/diariotextual.com\/inicio\/index.php\/2019\/01\/26\/choque-muerte-la-ruta-35-juez-dicto-la-preventiva-cacho-aguirre\/\" \/>\n<meta property=\"og:site_name\" content=\"Diario Textual\" \/>\n<meta property=\"article:publisher\" content=\"https:\/\/www.facebook.com\/eltextual\" \/>\n<meta property=\"article:published_time\" content=\"2019-01-26T15:52:17+00:00\" \/>\n<meta property=\"article:modified_time\" content=\"2019-01-26T23:54:00+00:00\" \/>\n<meta property=\"og:image\" content=\"https:\/\/diariotextual.com\/inicio\/wp-content\/uploads\/2019\/01\/aguirrecasoformalizacion2019-1.jpg\" \/>\n\t<meta property=\"og:image:width\" content=\"2303\" \/>\n\t<meta property=\"og:image:height\" content=\"1536\" \/>\n\t<meta property=\"og:image:type\" content=\"image\/jpeg\" \/>\n<meta name=\"author\" content=\"Diario1 Diario1\" \/>\n<meta name=\"twitter:card\" content=\"summary_large_image\" \/>\n<meta name=\"twitter:creator\" content=\"@eltextual\" \/>\n<meta name=\"twitter:site\" content=\"@eltextual\" \/>\n<meta name=\"twitter:label1\" content=\"Escrito por\" \/>\n\t<meta name=\"twitter:data1\" content=\"Diario1 Diario1\" \/>\n\t<meta name=\"twitter:label2\" content=\"Tiempo de lectura\" \/>\n\t<meta name=\"twitter:data2\" content=\"2 minutos\" \/>\n<script type=\"application\/ld+json\" class=\"yoast-schema-graph\">{\"@context\":\"https:\\\/\\\/schema.org\",\"@graph\":[{\"@type\":\"Article\",\"@id\":\"https:\\\/\\\/diariotextual.com\\\/inicio\\\/index.php\\\/2019\\\/01\\\/26\\\/choque-muerte-la-ruta-35-juez-dicto-la-preventiva-cacho-aguirre\\\/#article\",\"isPartOf\":{\"@id\":\"https:\\\/\\\/diariotextual.com\\\/inicio\\\/index.php\\\/2019\\\/01\\\/26\\\/choque-muerte-la-ruta-35-juez-dicto-la-preventiva-cacho-aguirre\\\/\"},\"author\":{\"name\":\"Diario1 Diario1\",\"@id\":\"https:\\\/\\\/diariotextual.com\\\/inicio\\\/#\\\/schema\\\/person\\\/418fc4093c33e86ed41562db3508f958\"},\"headline\":\"Choque y muerte en la ruta 35: juez dict\u00f3 la preventiva a \u00abCacho\u00bb Aguirre\",\"datePublished\":\"2019-01-26T15:52:17+00:00\",\"dateModified\":\"2019-01-26T23:54:00+00:00\",\"mainEntityOfPage\":{\"@id\":\"https:\\\/\\\/diariotextual.com\\\/inicio\\\/index.php\\\/2019\\\/01\\\/26\\\/choque-muerte-la-ruta-35-juez-dicto-la-preventiva-cacho-aguirre\\\/\"},\"wordCount\":318,\"publisher\":{\"@id\":\"https:\\\/\\\/diariotextual.com\\\/inicio\\\/#organization\"},\"image\":{\"@id\":\"https:\\\/\\\/diariotextual.com\\\/inicio\\\/index.php\\\/2019\\\/01\\\/26\\\/choque-muerte-la-ruta-35-juez-dicto-la-preventiva-cacho-aguirre\\\/#primaryimage\"},\"thumbnailUrl\":\"https:\\\/\\\/diariotextual.com\\\/inicio\\\/wp-content\\\/uploads\\\/2019\\\/01\\\/aguirrecasoformalizacion2019-1.jpg\",\"articleSection\":[\"A - QUE PASA (al costado)\",\"A - TEMPORALES\",\"SOCIEDAD\"],\"inLanguage\":\"es\"},{\"@type\":\"WebPage\",\"@id\":\"https:\\\/\\\/diariotextual.com\\\/inicio\\\/index.php\\\/2019\\\/01\\\/26\\\/choque-muerte-la-ruta-35-juez-dicto-la-preventiva-cacho-aguirre\\\/\",\"url\":\"https:\\\/\\\/diariotextual.com\\\/inicio\\\/index.php\\\/2019\\\/01\\\/26\\\/choque-muerte-la-ruta-35-juez-dicto-la-preventiva-cacho-aguirre\\\/\",\"name\":\"Choque y muerte en la ruta 35: juez dict\u00f3 la preventiva a \\\"Cacho\\\" Aguirre - Diario Textual\",\"isPartOf\":{\"@id\":\"https:\\\/\\\/diariotextual.com\\\/inicio\\\/#website\"},\"primaryImageOfPage\":{\"@id\":\"https:\\\/\\\/diariotextual.com\\\/inicio\\\/index.php\\\/2019\\\/01\\\/26\\\/choque-muerte-la-ruta-35-juez-dicto-la-preventiva-cacho-aguirre\\\/#primaryimage\"},\"image\":{\"@id\":\"https:\\\/\\\/diariotextual.com\\\/inicio\\\/index.php\\\/2019\\\/01\\\/26\\\/choque-muerte-la-ruta-35-juez-dicto-la-preventiva-cacho-aguirre\\\/#primaryimage\"},\"thumbnailUrl\":\"https:\\\/\\\/diariotextual.com\\\/inicio\\\/wp-content\\\/uploads\\\/2019\\\/01\\\/aguirrecasoformalizacion2019-1.jpg\",\"datePublished\":\"2019-01-26T15:52:17+00:00\",\"dateModified\":\"2019-01-26T23:54:00+00:00\",\"breadcrumb\":{\"@id\":\"https:\\\/\\\/diariotextual.com\\\/inicio\\\/index.php\\\/2019\\\/01\\\/26\\\/choque-muerte-la-ruta-35-juez-dicto-la-preventiva-cacho-aguirre\\\/#breadcrumb\"},\"inLanguage\":\"es\",\"potentialAction\":[{\"@type\":\"ReadAction\",\"target\":[\"https:\\\/\\\/diariotextual.com\\\/inicio\\\/index.php\\\/2019\\\/01\\\/26\\\/choque-muerte-la-ruta-35-juez-dicto-la-preventiva-cacho-aguirre\\\/\"]}]},{\"@type\":\"ImageObject\",\"inLanguage\":\"es\",\"@id\":\"https:\\\/\\\/diariotextual.com\\\/inicio\\\/index.php\\\/2019\\\/01\\\/26\\\/choque-muerte-la-ruta-35-juez-dicto-la-preventiva-cacho-aguirre\\\/#primaryimage\",\"url\":\"https:\\\/\\\/diariotextual.com\\\/inicio\\\/wp-content\\\/uploads\\\/2019\\\/01\\\/aguirrecasoformalizacion2019-1.jpg\",\"contentUrl\":\"https:\\\/\\\/diariotextual.com\\\/inicio\\\/wp-content\\\/uploads\\\/2019\\\/01\\\/aguirrecasoformalizacion2019-1.jpg\",\"width\":2303,\"height\":1536},{\"@type\":\"BreadcrumbList\",\"@id\":\"https:\\\/\\\/diariotextual.com\\\/inicio\\\/index.php\\\/2019\\\/01\\\/26\\\/choque-muerte-la-ruta-35-juez-dicto-la-preventiva-cacho-aguirre\\\/#breadcrumb\",\"itemListElement\":[{\"@type\":\"ListItem\",\"position\":1,\"name\":\"Portada\",\"item\":\"https:\\\/\\\/diariotextual.com\\\/inicio\\\/\"},{\"@type\":\"ListItem\",\"position\":2,\"name\":\"Choque y muerte en la ruta 35: juez dict\u00f3 la preventiva a \u00abCacho\u00bb Aguirre\"}]},{\"@type\":\"WebSite\",\"@id\":\"https:\\\/\\\/diariotextual.com\\\/inicio\\\/#website\",\"url\":\"https:\\\/\\\/diariotextual.com\\\/inicio\\\/\",\"name\":\"Diario Textual\",\"description\":\"\",\"publisher\":{\"@id\":\"https:\\\/\\\/diariotextual.com\\\/inicio\\\/#organization\"},\"potentialAction\":[{\"@type\":\"SearchAction\",\"target\":{\"@type\":\"EntryPoint\",\"urlTemplate\":\"https:\\\/\\\/diariotextual.com\\\/inicio\\\/?s={search_term_string}\"},\"query-input\":{\"@type\":\"PropertyValueSpecification\",\"valueRequired\":true,\"valueName\":\"search_term_string\"}}],\"inLanguage\":\"es\"},{\"@type\":\"Organization\",\"@id\":\"https:\\\/\\\/diariotextual.com\\\/inicio\\\/#organization\",\"name\":\"Diario Textual\",\"url\":\"https:\\\/\\\/diariotextual.com\\\/inicio\\\/\",\"logo\":{\"@type\":\"ImageObject\",\"inLanguage\":\"es\",\"@id\":\"https:\\\/\\\/diariotextual.com\\\/inicio\\\/#\\\/schema\\\/logo\\\/image\\\/\",\"url\":\"https:\\\/\\\/diariotextual.com\\\/inicio\\\/wp-content\\\/uploads\\\/2023\\\/05\\\/logotextual1.jpg\",\"contentUrl\":\"https:\\\/\\\/diariotextual.com\\\/inicio\\\/wp-content\\\/uploads\\\/2023\\\/05\\\/logotextual1.jpg\",\"width\":516,\"height\":76,\"caption\":\"Diario Textual\"},\"image\":{\"@id\":\"https:\\\/\\\/diariotextual.com\\\/inicio\\\/#\\\/schema\\\/logo\\\/image\\\/\"},\"sameAs\":[\"https:\\\/\\\/www.facebook.com\\\/eltextual\",\"https:\\\/\\\/x.com\\\/eltextual\",\"http:\\\/\\\/www.instagram.com\\\/eltextual\"]},{\"@type\":\"Person\",\"@id\":\"https:\\\/\\\/diariotextual.com\\\/inicio\\\/#\\\/schema\\\/person\\\/418fc4093c33e86ed41562db3508f958\",\"name\":\"Diario1 Diario1\",\"image\":{\"@type\":\"ImageObject\",\"inLanguage\":\"es\",\"@id\":\"https:\\\/\\\/secure.gravatar.com\\\/avatar\\\/9167d280179c85bc18be67aa7eda765854300033af4896dd779b608640f2ef7a?s=96&d=mm&r=g\",\"url\":\"https:\\\/\\\/secure.gravatar.com\\\/avatar\\\/9167d280179c85bc18be67aa7eda765854300033af4896dd779b608640f2ef7a?s=96&d=mm&r=g\",\"contentUrl\":\"https:\\\/\\\/secure.gravatar.com\\\/avatar\\\/9167d280179c85bc18be67aa7eda765854300033af4896dd779b608640f2ef7a?s=96&d=mm&r=g\",\"caption\":\"Diario1 Diario1\"},\"url\":\"https:\\\/\\\/diariotextual.com\\\/inicio\\\/index.php\\\/author\\\/diario1\\\/\"}]}<\/script>\n<!-- \/ Yoast SEO plugin. -->","yoast_head_json":{"title":"Choque y muerte en la ruta 35: juez dict\u00f3 la preventiva a \"Cacho\" Aguirre - Diario Textual","robots":{"index":"index","follow":"follow","max-snippet":"max-snippet:-1","max-image-preview":"max-image-preview:large","max-video-preview":"max-video-preview:-1"},"canonical":"https:\/\/diariotextual.com\/inicio\/index.php\/2019\/01\/26\/choque-muerte-la-ruta-35-juez-dicto-la-preventiva-cacho-aguirre\/","og_locale":"es_ES","og_type":"article","og_title":"Choque y muerte en la ruta 35: juez dict\u00f3 la preventiva a \"Cacho\" Aguirre - Diario Textual","og_description":"El fiscal Facundo Bon Dergham acus\u00f3 este s\u00e1bado, en una audiencia de formalizaci\u00f3n, a T\u00e9ofilo \u00abCacho\u00bb Aguirre del delito de homicidio culposo agravado por la conducci\u00f3n imprudente, negligente y antirreglamentaria&hellip;","og_url":"https:\/\/diariotextual.com\/inicio\/index.php\/2019\/01\/26\/choque-muerte-la-ruta-35-juez-dicto-la-preventiva-cacho-aguirre\/","og_site_name":"Diario Textual","article_publisher":"https:\/\/www.facebook.com\/eltextual","article_published_time":"2019-01-26T15:52:17+00:00","article_modified_time":"2019-01-26T23:54:00+00:00","og_image":[{"width":2303,"height":1536,"url":"https:\/\/diariotextual.com\/inicio\/wp-content\/uploads\/2019\/01\/aguirrecasoformalizacion2019-1.jpg","type":"image\/jpeg"}],"author":"Diario1 Diario1","twitter_card":"summary_large_image","twitter_creator":"@eltextual","twitter_site":"@eltextual","twitter_misc":{"Escrito por":"Diario1 Diario1","Tiempo de lectura":"2 minutos"},"schema":{"@context":"https:\/\/schema.org","@graph":[{"@type":"Article","@id":"https:\/\/diariotextual.com\/inicio\/index.php\/2019\/01\/26\/choque-muerte-la-ruta-35-juez-dicto-la-preventiva-cacho-aguirre\/#article","isPartOf":{"@id":"https:\/\/diariotextual.com\/inicio\/index.php\/2019\/01\/26\/choque-muerte-la-ruta-35-juez-dicto-la-preventiva-cacho-aguirre\/"},"author":{"name":"Diario1 Diario1","@id":"https:\/\/diariotextual.com\/inicio\/#\/schema\/person\/418fc4093c33e86ed41562db3508f958"},"headline":"Choque y muerte en la ruta 35: juez dict\u00f3 la preventiva a \u00abCacho\u00bb Aguirre","datePublished":"2019-01-26T15:52:17+00:00","dateModified":"2019-01-26T23:54:00+00:00","mainEntityOfPage":{"@id":"https:\/\/diariotextual.com\/inicio\/index.php\/2019\/01\/26\/choque-muerte-la-ruta-35-juez-dicto-la-preventiva-cacho-aguirre\/"},"wordCount":318,"publisher":{"@id":"https:\/\/diariotextual.com\/inicio\/#organization"},"image":{"@id":"https:\/\/diariotextual.com\/inicio\/index.php\/2019\/01\/26\/choque-muerte-la-ruta-35-juez-dicto-la-preventiva-cacho-aguirre\/#primaryimage"},"thumbnailUrl":"https:\/\/diariotextual.com\/inicio\/wp-content\/uploads\/2019\/01\/aguirrecasoformalizacion2019-1.jpg","articleSection":["A - QUE PASA (al costado)","A - TEMPORALES","SOCIEDAD"],"inLanguage":"es"},{"@type":"WebPage","@id":"https:\/\/diariotextual.com\/inicio\/index.php\/2019\/01\/26\/choque-muerte-la-ruta-35-juez-dicto-la-preventiva-cacho-aguirre\/","url":"https:\/\/diariotextual.com\/inicio\/index.php\/2019\/01\/26\/choque-muerte-la-ruta-35-juez-dicto-la-preventiva-cacho-aguirre\/","name":"Choque y muerte en la ruta 35: juez dict\u00f3 la preventiva a \"Cacho\" Aguirre - Diario Textual","isPartOf":{"@id":"https:\/\/diariotextual.com\/inicio\/#website"},"primaryImageOfPage":{"@id":"https:\/\/diariotextual.com\/inicio\/index.php\/2019\/01\/26\/choque-muerte-la-ruta-35-juez-dicto-la-preventiva-cacho-aguirre\/#primaryimage"},"image":{"@id":"https:\/\/diariotextual.com\/inicio\/index.php\/2019\/01\/26\/choque-muerte-la-ruta-35-juez-dicto-la-preventiva-cacho-aguirre\/#primaryimage"},"thumbnailUrl":"https:\/\/diariotextual.com\/inicio\/wp-content\/uploads\/2019\/01\/aguirrecasoformalizacion2019-1.jpg","datePublished":"2019-01-26T15:52:17+00:00","dateModified":"2019-01-26T23:54:00+00:00","breadcrumb":{"@id":"https:\/\/diariotextual.com\/inicio\/index.php\/2019\/01\/26\/choque-muerte-la-ruta-35-juez-dicto-la-preventiva-cacho-aguirre\/#breadcrumb"},"inLanguage":"es","potentialAction":[{"@type":"ReadAction","target":["https:\/\/diariotextual.com\/inicio\/index.php\/2019\/01\/26\/choque-muerte-la-ruta-35-juez-dicto-la-preventiva-cacho-aguirre\/"]}]},{"@type":"ImageObject","inLanguage":"es","@id":"https:\/\/diariotextual.com\/inicio\/index.php\/2019\/01\/26\/choque-muerte-la-ruta-35-juez-dicto-la-preventiva-cacho-aguirre\/#primaryimage","url":"https:\/\/diariotextual.com\/inicio\/wp-content\/uploads\/2019\/01\/aguirrecasoformalizacion2019-1.jpg","contentUrl":"https:\/\/diariotextual.com\/inicio\/wp-content\/uploads\/2019\/01\/aguirrecasoformalizacion2019-1.jpg","width":2303,"height":1536},{"@type":"BreadcrumbList","@id":"https:\/\/diariotextual.com\/inicio\/index.php\/2019\/01\/26\/choque-muerte-la-ruta-35-juez-dicto-la-preventiva-cacho-aguirre\/#breadcrumb","itemListElement":[{"@type":"ListItem","position":1,"name":"Portada","item":"https:\/\/diariotextual.com\/inicio\/"},{"@type":"ListItem","position":2,"name":"Choque y muerte en la ruta 35: juez dict\u00f3 la preventiva a \u00abCacho\u00bb Aguirre"}]},{"@type":"WebSite","@id":"https:\/\/diariotextual.com\/inicio\/#website","url":"https:\/\/diariotextual.com\/inicio\/","name":"Diario Textual","description":"","publisher":{"@id":"https:\/\/diariotextual.com\/inicio\/#organization"},"potentialAction":[{"@type":"SearchAction","target":{"@type":"EntryPoint","urlTemplate":"https:\/\/diariotextual.com\/inicio\/?s={search_term_string}"},"query-input":{"@type":"PropertyValueSpecification","valueRequired":true,"valueName":"search_term_string"}}],"inLanguage":"es"},{"@type":"Organization","@id":"https:\/\/diariotextual.com\/inicio\/#organization","name":"Diario Textual","url":"https:\/\/diariotextual.com\/inicio\/","logo":{"@type":"ImageObject","inLanguage":"es","@id":"https:\/\/diariotextual.com\/inicio\/#\/schema\/logo\/image\/","url":"https:\/\/diariotextual.com\/inicio\/wp-content\/uploads\/2023\/05\/logotextual1.jpg","contentUrl":"https:\/\/diariotextual.com\/inicio\/wp-content\/uploads\/2023\/05\/logotextual1.jpg","width":516,"height":76,"caption":"Diario Textual"},"image":{"@id":"https:\/\/diariotextual.com\/inicio\/#\/schema\/logo\/image\/"},"sameAs":["https:\/\/www.facebook.com\/eltextual","https:\/\/x.com\/eltextual","http:\/\/www.instagram.com\/eltextual"]},{"@type":"Person","@id":"https:\/\/diariotextual.com\/inicio\/#\/schema\/person\/418fc4093c33e86ed41562db3508f958","name":"Diario1 Diario1","image":{"@type":"ImageObject","inLanguage":"es","@id":"https:\/\/secure.gravatar.com\/avatar\/9167d280179c85bc18be67aa7eda765854300033af4896dd779b608640f2ef7a?s=96&d=mm&r=g","url":"https:\/\/secure.gravatar.com\/avatar\/9167d280179c85bc18be67aa7eda765854300033af4896dd779b608640f2ef7a?s=96&d=mm&r=g","contentUrl":"https:\/\/secure.gravatar.com\/avatar\/9167d280179c85bc18be67aa7eda765854300033af4896dd779b608640f2ef7a?s=96&d=mm&r=g","caption":"Diario1 Diario1"},"url":"https:\/\/diariotextual.com\/inicio\/index.php\/author\/diario1\/"}]}},"_links":{"self":[{"href":"https:\/\/diariotextual.com\/inicio\/index.php\/wp-json\/wp\/v2\/posts\/35645","targetHints":{"allow":["GET"]}}],"collection":[{"href":"https:\/\/diariotextual.com\/inicio\/index.php\/wp-json\/wp\/v2\/posts"}],"about":[{"href":"https:\/\/diariotextual.com\/inicio\/index.php\/wp-json\/wp\/v2\/types\/post"}],"author":[{"embeddable":true,"href":"https:\/\/diariotextual.com\/inicio\/index.php\/wp-json\/wp\/v2\/users\/3"}],"replies":[{"embeddable":true,"href":"https:\/\/diariotextual.com\/inicio\/index.php\/wp-json\/wp\/v2\/comments?post=35645"}],"version-history":[{"count":4,"href":"https:\/\/diariotextual.com\/inicio\/index.php\/wp-json\/wp\/v2\/posts\/35645\/revisions"}],"predecessor-version":[{"id":35650,"href":"https:\/\/diariotextual.com\/inicio\/index.php\/wp-json\/wp\/v2\/posts\/35645\/revisions\/35650"}],"wp:featuredmedia":[{"embeddable":true,"href":"https:\/\/diariotextual.com\/inicio\/index.php\/wp-json\/wp\/v2\/media\/35646"}],"wp:attachment":[{"href":"https:\/\/diariotextual.com\/inicio\/index.php\/wp-json\/wp\/v2\/media?parent=35645"}],"wp:term":[{"taxonomy":"category","embeddable":true,"href":"https:\/\/diariotextual.com\/inicio\/index.php\/wp-json\/wp\/v2\/categories?post=35645"},{"taxonomy":"post_tag","embeddable":true,"href":"https:\/\/diariotextual.com\/inicio\/index.php\/wp-json\/wp\/v2\/tags?post=35645"}],"curies":[{"name":"wp","href":"https:\/\/api.w.org\/{rel}","templated":true}]}}