{"id":35680,"date":"2019-01-26T20:41:22","date_gmt":"2019-01-26T23:41:22","guid":{"rendered":"http:\/\/diariotextual.com\/inicio\/?p=35680"},"modified":"2019-01-27T09:39:34","modified_gmt":"2019-01-27T12:39:34","slug":"julen-nino-dos-anos-cayo-pie-pozo-fallecio-ese-dia","status":"publish","type":"post","link":"https:\/\/diariotextual.com\/inicio\/index.php\/2019\/01\/26\/julen-nino-dos-anos-cayo-pie-pozo-fallecio-ese-dia\/","title":{"rendered":"Julen, el ni\u00f1o de dos a\u00f1os, cay\u00f3 de pie en el pozo y falleci\u00f3 ese mismo d\u00eda"},"content":{"rendered":"<p>La autopsia realizada al cuerpo de <strong>Julen<\/strong>, el ni\u00f1o de dos a\u00f1os hallado sin vida en la madrugada de este s\u00e1bado luego de caer en un pozo el pasado domingo 13 de enero en el municipio malague\u00f1o de Total\u00e1n,<strong> revela que el cuerpo del ni\u00f1o presenta politraumatismos y que falleci\u00f3 el mismo d\u00eda<\/strong>, seg\u00fan han informado fuentes cercanas a la investigaci\u00f3n.<\/p>\n<p>As\u00ed, estas fuentes han indicado a Europa Press que el cuerpo tiene politraumatismos y heridas compatibles con una ca\u00edda por el pozo de tan solo 25 cent\u00edmetros de di\u00e1metro. Otras fuentes cercanas al caso han indicado que el peque\u00f1o presentar\u00eda traumatismo en la cabeza.<\/p>\n<p>Asimismo, <strong>han precisado que la muerte se habr\u00eda producido en horas pr\u00f3ximas a la ca\u00edda en el pozo el 13 de enero, que fue cuando se activ\u00f3 la alerta para el rescate del ni\u00f1o.<\/strong><\/p>\n<p>El informe forense tambi\u00e9n revela que<strong> Julen cay\u00f3 de pie en el pozo. Sus brazos estaban hacia arriba y presenta erosiones compatibles con roces en la ca\u00edda.<\/strong><\/p>\n<p>Este examen ha sido realizado por varios forenses en el Instituto de Medicina Legal (IML), situado en la Ciudad de la Justicia de M\u00e1laga, desde las 08.30 horas de este s\u00e1bado. Adem\u00e1s de la autopsia, al cuerpo del peque\u00f1o se le han hecho algunas pruebas m\u00e9dicas previas.<\/p>\n<p>El delegado del Gobierno en Andaluc\u00eda, Alfonso Rodr\u00edguez G\u00f3mez de Celis, ha informado este s\u00e1bado de que todas las investigaciones ser\u00e1n realizadas por el Juzgado de Instrucci\u00f3n n\u00famero 9 de M\u00e1laga, que tiene abiertas unas diligencias a ra\u00edz de la desaparici\u00f3n del peque\u00f1o.<\/p>\n<p>&nbsp;<\/p>\n<p>&nbsp;<\/p>\n","protected":false},"excerpt":{"rendered":"<p>La autopsia realizada al cuerpo de Julen, el ni\u00f1o de dos a\u00f1os hallado sin vida en la madrugada de este s\u00e1bado luego de caer en un pozo el pasado domingo&hellip;<\/p>\n","protected":false},"author":3,"featured_media":35681,"comment_status":"closed","ping_status":"open","sticky":false,"template":"","format":"standard","meta":{"_acf_changed":false,"footnotes":""},"categories":[11,7],"tags":[1467],"class_list":["post-35680","post","type-post","status-publish","format-standard","has-post-thumbnail","hentry","category-que-pasa","category-mundo","tag-julen"],"acf":[],"yoast_head":"<!-- This site is optimized with the Yoast SEO plugin v27.4 - https:\/\/yoast.com\/product\/yoast-seo-wordpress\/ -->\n<title>Julen, el ni\u00f1o de dos a\u00f1os, cay\u00f3 de pie en el pozo y falleci\u00f3 ese mismo d\u00eda - Diario Textual<\/title>\n<meta name=\"robots\" content=\"index, follow, max-snippet:-1, max-image-preview:large, max-video-preview:-1\" \/>\n<link rel=\"canonical\" href=\"https:\/\/diariotextual.com\/inicio\/index.php\/2019\/01\/26\/julen-nino-dos-anos-cayo-pie-pozo-fallecio-ese-dia\/\" \/>\n<meta property=\"og:locale\" content=\"es_ES\" \/>\n<meta property=\"og:type\" content=\"article\" \/>\n<meta property=\"og:title\" content=\"Julen, el ni\u00f1o de dos a\u00f1os, cay\u00f3 de pie en el pozo y falleci\u00f3 ese mismo d\u00eda - Diario Textual\" \/>\n<meta property=\"og:description\" content=\"La autopsia realizada al cuerpo de Julen, el ni\u00f1o de dos a\u00f1os hallado sin vida en la madrugada de este s\u00e1bado luego de caer en un pozo el pasado domingo&hellip;\" \/>\n<meta property=\"og:url\" content=\"https:\/\/diariotextual.com\/inicio\/index.php\/2019\/01\/26\/julen-nino-dos-anos-cayo-pie-pozo-fallecio-ese-dia\/\" \/>\n<meta property=\"og:site_name\" content=\"Diario Textual\" \/>\n<meta property=\"article:publisher\" content=\"https:\/\/www.facebook.com\/eltextual\" \/>\n<meta property=\"article:published_time\" content=\"2019-01-26T23:41:22+00:00\" \/>\n<meta property=\"article:modified_time\" content=\"2019-01-27T12:39:34+00:00\" \/>\n<meta property=\"og:image\" content=\"https:\/\/diariotextual.com\/inicio\/wp-content\/uploads\/2019\/01\/julenpozo2019-3.jpg\" \/>\n\t<meta property=\"og:image:width\" content=\"840\" \/>\n\t<meta property=\"og:image:height\" content=\"472\" \/>\n\t<meta property=\"og:image:type\" content=\"image\/jpeg\" \/>\n<meta name=\"author\" content=\"Diario1 Diario1\" \/>\n<meta name=\"twitter:card\" content=\"summary_large_image\" \/>\n<meta name=\"twitter:creator\" content=\"@eltextual\" \/>\n<meta name=\"twitter:site\" content=\"@eltextual\" \/>\n<meta name=\"twitter:label1\" content=\"Escrito por\" \/>\n\t<meta name=\"twitter:data1\" content=\"Diario1 Diario1\" \/>\n\t<meta name=\"twitter:label2\" content=\"Tiempo de lectura\" \/>\n\t<meta name=\"twitter:data2\" content=\"1 minuto\" \/>\n<script type=\"application\/ld+json\" class=\"yoast-schema-graph\">{\"@context\":\"https:\\\/\\\/schema.org\",\"@graph\":[{\"@type\":\"Article\",\"@id\":\"https:\\\/\\\/diariotextual.com\\\/inicio\\\/index.php\\\/2019\\\/01\\\/26\\\/julen-nino-dos-anos-cayo-pie-pozo-fallecio-ese-dia\\\/#article\",\"isPartOf\":{\"@id\":\"https:\\\/\\\/diariotextual.com\\\/inicio\\\/index.php\\\/2019\\\/01\\\/26\\\/julen-nino-dos-anos-cayo-pie-pozo-fallecio-ese-dia\\\/\"},\"author\":{\"name\":\"Diario1 Diario1\",\"@id\":\"https:\\\/\\\/diariotextual.com\\\/inicio\\\/#\\\/schema\\\/person\\\/418fc4093c33e86ed41562db3508f958\"},\"headline\":\"Julen, el ni\u00f1o de dos a\u00f1os, cay\u00f3 de pie en el pozo y falleci\u00f3 ese mismo d\u00eda\",\"datePublished\":\"2019-01-26T23:41:22+00:00\",\"dateModified\":\"2019-01-27T12:39:34+00:00\",\"mainEntityOfPage\":{\"@id\":\"https:\\\/\\\/diariotextual.com\\\/inicio\\\/index.php\\\/2019\\\/01\\\/26\\\/julen-nino-dos-anos-cayo-pie-pozo-fallecio-ese-dia\\\/\"},\"wordCount\":309,\"publisher\":{\"@id\":\"https:\\\/\\\/diariotextual.com\\\/inicio\\\/#organization\"},\"image\":{\"@id\":\"https:\\\/\\\/diariotextual.com\\\/inicio\\\/index.php\\\/2019\\\/01\\\/26\\\/julen-nino-dos-anos-cayo-pie-pozo-fallecio-ese-dia\\\/#primaryimage\"},\"thumbnailUrl\":\"https:\\\/\\\/diariotextual.com\\\/inicio\\\/wp-content\\\/uploads\\\/2019\\\/01\\\/julenpozo2019-3.jpg\",\"keywords\":[\"julen\"],\"articleSection\":[\"A - QUE PASA (al costado)\",\"MUNDO\"],\"inLanguage\":\"es\"},{\"@type\":\"WebPage\",\"@id\":\"https:\\\/\\\/diariotextual.com\\\/inicio\\\/index.php\\\/2019\\\/01\\\/26\\\/julen-nino-dos-anos-cayo-pie-pozo-fallecio-ese-dia\\\/\",\"url\":\"https:\\\/\\\/diariotextual.com\\\/inicio\\\/index.php\\\/2019\\\/01\\\/26\\\/julen-nino-dos-anos-cayo-pie-pozo-fallecio-ese-dia\\\/\",\"name\":\"Julen, el ni\u00f1o de dos a\u00f1os, cay\u00f3 de pie en el pozo y falleci\u00f3 ese mismo d\u00eda - Diario Textual\",\"isPartOf\":{\"@id\":\"https:\\\/\\\/diariotextual.com\\\/inicio\\\/#website\"},\"primaryImageOfPage\":{\"@id\":\"https:\\\/\\\/diariotextual.com\\\/inicio\\\/index.php\\\/2019\\\/01\\\/26\\\/julen-nino-dos-anos-cayo-pie-pozo-fallecio-ese-dia\\\/#primaryimage\"},\"image\":{\"@id\":\"https:\\\/\\\/diariotextual.com\\\/inicio\\\/index.php\\\/2019\\\/01\\\/26\\\/julen-nino-dos-anos-cayo-pie-pozo-fallecio-ese-dia\\\/#primaryimage\"},\"thumbnailUrl\":\"https:\\\/\\\/diariotextual.com\\\/inicio\\\/wp-content\\\/uploads\\\/2019\\\/01\\\/julenpozo2019-3.jpg\",\"datePublished\":\"2019-01-26T23:41:22+00:00\",\"dateModified\":\"2019-01-27T12:39:34+00:00\",\"breadcrumb\":{\"@id\":\"https:\\\/\\\/diariotextual.com\\\/inicio\\\/index.php\\\/2019\\\/01\\\/26\\\/julen-nino-dos-anos-cayo-pie-pozo-fallecio-ese-dia\\\/#breadcrumb\"},\"inLanguage\":\"es\",\"potentialAction\":[{\"@type\":\"ReadAction\",\"target\":[\"https:\\\/\\\/diariotextual.com\\\/inicio\\\/index.php\\\/2019\\\/01\\\/26\\\/julen-nino-dos-anos-cayo-pie-pozo-fallecio-ese-dia\\\/\"]}]},{\"@type\":\"ImageObject\",\"inLanguage\":\"es\",\"@id\":\"https:\\\/\\\/diariotextual.com\\\/inicio\\\/index.php\\\/2019\\\/01\\\/26\\\/julen-nino-dos-anos-cayo-pie-pozo-fallecio-ese-dia\\\/#primaryimage\",\"url\":\"https:\\\/\\\/diariotextual.com\\\/inicio\\\/wp-content\\\/uploads\\\/2019\\\/01\\\/julenpozo2019-3.jpg\",\"contentUrl\":\"https:\\\/\\\/diariotextual.com\\\/inicio\\\/wp-content\\\/uploads\\\/2019\\\/01\\\/julenpozo2019-3.jpg\",\"width\":840,\"height\":472},{\"@type\":\"BreadcrumbList\",\"@id\":\"https:\\\/\\\/diariotextual.com\\\/inicio\\\/index.php\\\/2019\\\/01\\\/26\\\/julen-nino-dos-anos-cayo-pie-pozo-fallecio-ese-dia\\\/#breadcrumb\",\"itemListElement\":[{\"@type\":\"ListItem\",\"position\":1,\"name\":\"Portada\",\"item\":\"https:\\\/\\\/diariotextual.com\\\/inicio\\\/\"},{\"@type\":\"ListItem\",\"position\":2,\"name\":\"Julen, el ni\u00f1o de dos a\u00f1os, cay\u00f3 de pie en el pozo y falleci\u00f3 ese mismo d\u00eda\"}]},{\"@type\":\"WebSite\",\"@id\":\"https:\\\/\\\/diariotextual.com\\\/inicio\\\/#website\",\"url\":\"https:\\\/\\\/diariotextual.com\\\/inicio\\\/\",\"name\":\"Diario Textual\",\"description\":\"\",\"publisher\":{\"@id\":\"https:\\\/\\\/diariotextual.com\\\/inicio\\\/#organization\"},\"potentialAction\":[{\"@type\":\"SearchAction\",\"target\":{\"@type\":\"EntryPoint\",\"urlTemplate\":\"https:\\\/\\\/diariotextual.com\\\/inicio\\\/?s={search_term_string}\"},\"query-input\":{\"@type\":\"PropertyValueSpecification\",\"valueRequired\":true,\"valueName\":\"search_term_string\"}}],\"inLanguage\":\"es\"},{\"@type\":\"Organization\",\"@id\":\"https:\\\/\\\/diariotextual.com\\\/inicio\\\/#organization\",\"name\":\"Diario Textual\",\"url\":\"https:\\\/\\\/diariotextual.com\\\/inicio\\\/\",\"logo\":{\"@type\":\"ImageObject\",\"inLanguage\":\"es\",\"@id\":\"https:\\\/\\\/diariotextual.com\\\/inicio\\\/#\\\/schema\\\/logo\\\/image\\\/\",\"url\":\"https:\\\/\\\/diariotextual.com\\\/inicio\\\/wp-content\\\/uploads\\\/2023\\\/05\\\/logotextual1.jpg\",\"contentUrl\":\"https:\\\/\\\/diariotextual.com\\\/inicio\\\/wp-content\\\/uploads\\\/2023\\\/05\\\/logotextual1.jpg\",\"width\":516,\"height\":76,\"caption\":\"Diario Textual\"},\"image\":{\"@id\":\"https:\\\/\\\/diariotextual.com\\\/inicio\\\/#\\\/schema\\\/logo\\\/image\\\/\"},\"sameAs\":[\"https:\\\/\\\/www.facebook.com\\\/eltextual\",\"https:\\\/\\\/x.com\\\/eltextual\",\"http:\\\/\\\/www.instagram.com\\\/eltextual\"]},{\"@type\":\"Person\",\"@id\":\"https:\\\/\\\/diariotextual.com\\\/inicio\\\/#\\\/schema\\\/person\\\/418fc4093c33e86ed41562db3508f958\",\"name\":\"Diario1 Diario1\",\"image\":{\"@type\":\"ImageObject\",\"inLanguage\":\"es\",\"@id\":\"https:\\\/\\\/secure.gravatar.com\\\/avatar\\\/9167d280179c85bc18be67aa7eda765854300033af4896dd779b608640f2ef7a?s=96&d=mm&r=g\",\"url\":\"https:\\\/\\\/secure.gravatar.com\\\/avatar\\\/9167d280179c85bc18be67aa7eda765854300033af4896dd779b608640f2ef7a?s=96&d=mm&r=g\",\"contentUrl\":\"https:\\\/\\\/secure.gravatar.com\\\/avatar\\\/9167d280179c85bc18be67aa7eda765854300033af4896dd779b608640f2ef7a?s=96&d=mm&r=g\",\"caption\":\"Diario1 Diario1\"},\"url\":\"https:\\\/\\\/diariotextual.com\\\/inicio\\\/index.php\\\/author\\\/diario1\\\/\"}]}<\/script>\n<!-- \/ Yoast SEO plugin. -->","yoast_head_json":{"title":"Julen, el ni\u00f1o de dos a\u00f1os, cay\u00f3 de pie en el pozo y falleci\u00f3 ese mismo d\u00eda - Diario Textual","robots":{"index":"index","follow":"follow","max-snippet":"max-snippet:-1","max-image-preview":"max-image-preview:large","max-video-preview":"max-video-preview:-1"},"canonical":"https:\/\/diariotextual.com\/inicio\/index.php\/2019\/01\/26\/julen-nino-dos-anos-cayo-pie-pozo-fallecio-ese-dia\/","og_locale":"es_ES","og_type":"article","og_title":"Julen, el ni\u00f1o de dos a\u00f1os, cay\u00f3 de pie en el pozo y falleci\u00f3 ese mismo d\u00eda - Diario Textual","og_description":"La autopsia realizada al cuerpo de Julen, el ni\u00f1o de dos a\u00f1os hallado sin vida en la madrugada de este s\u00e1bado luego de caer en un pozo el pasado domingo&hellip;","og_url":"https:\/\/diariotextual.com\/inicio\/index.php\/2019\/01\/26\/julen-nino-dos-anos-cayo-pie-pozo-fallecio-ese-dia\/","og_site_name":"Diario Textual","article_publisher":"https:\/\/www.facebook.com\/eltextual","article_published_time":"2019-01-26T23:41:22+00:00","article_modified_time":"2019-01-27T12:39:34+00:00","og_image":[{"width":840,"height":472,"url":"https:\/\/diariotextual.com\/inicio\/wp-content\/uploads\/2019\/01\/julenpozo2019-3.jpg","type":"image\/jpeg"}],"author":"Diario1 Diario1","twitter_card":"summary_large_image","twitter_creator":"@eltextual","twitter_site":"@eltextual","twitter_misc":{"Escrito por":"Diario1 Diario1","Tiempo de lectura":"1 minuto"},"schema":{"@context":"https:\/\/schema.org","@graph":[{"@type":"Article","@id":"https:\/\/diariotextual.com\/inicio\/index.php\/2019\/01\/26\/julen-nino-dos-anos-cayo-pie-pozo-fallecio-ese-dia\/#article","isPartOf":{"@id":"https:\/\/diariotextual.com\/inicio\/index.php\/2019\/01\/26\/julen-nino-dos-anos-cayo-pie-pozo-fallecio-ese-dia\/"},"author":{"name":"Diario1 Diario1","@id":"https:\/\/diariotextual.com\/inicio\/#\/schema\/person\/418fc4093c33e86ed41562db3508f958"},"headline":"Julen, el ni\u00f1o de dos a\u00f1os, cay\u00f3 de pie en el pozo y falleci\u00f3 ese mismo d\u00eda","datePublished":"2019-01-26T23:41:22+00:00","dateModified":"2019-01-27T12:39:34+00:00","mainEntityOfPage":{"@id":"https:\/\/diariotextual.com\/inicio\/index.php\/2019\/01\/26\/julen-nino-dos-anos-cayo-pie-pozo-fallecio-ese-dia\/"},"wordCount":309,"publisher":{"@id":"https:\/\/diariotextual.com\/inicio\/#organization"},"image":{"@id":"https:\/\/diariotextual.com\/inicio\/index.php\/2019\/01\/26\/julen-nino-dos-anos-cayo-pie-pozo-fallecio-ese-dia\/#primaryimage"},"thumbnailUrl":"https:\/\/diariotextual.com\/inicio\/wp-content\/uploads\/2019\/01\/julenpozo2019-3.jpg","keywords":["julen"],"articleSection":["A - QUE PASA (al costado)","MUNDO"],"inLanguage":"es"},{"@type":"WebPage","@id":"https:\/\/diariotextual.com\/inicio\/index.php\/2019\/01\/26\/julen-nino-dos-anos-cayo-pie-pozo-fallecio-ese-dia\/","url":"https:\/\/diariotextual.com\/inicio\/index.php\/2019\/01\/26\/julen-nino-dos-anos-cayo-pie-pozo-fallecio-ese-dia\/","name":"Julen, el ni\u00f1o de dos a\u00f1os, cay\u00f3 de pie en el pozo y falleci\u00f3 ese mismo d\u00eda - Diario Textual","isPartOf":{"@id":"https:\/\/diariotextual.com\/inicio\/#website"},"primaryImageOfPage":{"@id":"https:\/\/diariotextual.com\/inicio\/index.php\/2019\/01\/26\/julen-nino-dos-anos-cayo-pie-pozo-fallecio-ese-dia\/#primaryimage"},"image":{"@id":"https:\/\/diariotextual.com\/inicio\/index.php\/2019\/01\/26\/julen-nino-dos-anos-cayo-pie-pozo-fallecio-ese-dia\/#primaryimage"},"thumbnailUrl":"https:\/\/diariotextual.com\/inicio\/wp-content\/uploads\/2019\/01\/julenpozo2019-3.jpg","datePublished":"2019-01-26T23:41:22+00:00","dateModified":"2019-01-27T12:39:34+00:00","breadcrumb":{"@id":"https:\/\/diariotextual.com\/inicio\/index.php\/2019\/01\/26\/julen-nino-dos-anos-cayo-pie-pozo-fallecio-ese-dia\/#breadcrumb"},"inLanguage":"es","potentialAction":[{"@type":"ReadAction","target":["https:\/\/diariotextual.com\/inicio\/index.php\/2019\/01\/26\/julen-nino-dos-anos-cayo-pie-pozo-fallecio-ese-dia\/"]}]},{"@type":"ImageObject","inLanguage":"es","@id":"https:\/\/diariotextual.com\/inicio\/index.php\/2019\/01\/26\/julen-nino-dos-anos-cayo-pie-pozo-fallecio-ese-dia\/#primaryimage","url":"https:\/\/diariotextual.com\/inicio\/wp-content\/uploads\/2019\/01\/julenpozo2019-3.jpg","contentUrl":"https:\/\/diariotextual.com\/inicio\/wp-content\/uploads\/2019\/01\/julenpozo2019-3.jpg","width":840,"height":472},{"@type":"BreadcrumbList","@id":"https:\/\/diariotextual.com\/inicio\/index.php\/2019\/01\/26\/julen-nino-dos-anos-cayo-pie-pozo-fallecio-ese-dia\/#breadcrumb","itemListElement":[{"@type":"ListItem","position":1,"name":"Portada","item":"https:\/\/diariotextual.com\/inicio\/"},{"@type":"ListItem","position":2,"name":"Julen, el ni\u00f1o de dos a\u00f1os, cay\u00f3 de pie en el pozo y falleci\u00f3 ese mismo d\u00eda"}]},{"@type":"WebSite","@id":"https:\/\/diariotextual.com\/inicio\/#website","url":"https:\/\/diariotextual.com\/inicio\/","name":"Diario Textual","description":"","publisher":{"@id":"https:\/\/diariotextual.com\/inicio\/#organization"},"potentialAction":[{"@type":"SearchAction","target":{"@type":"EntryPoint","urlTemplate":"https:\/\/diariotextual.com\/inicio\/?s={search_term_string}"},"query-input":{"@type":"PropertyValueSpecification","valueRequired":true,"valueName":"search_term_string"}}],"inLanguage":"es"},{"@type":"Organization","@id":"https:\/\/diariotextual.com\/inicio\/#organization","name":"Diario Textual","url":"https:\/\/diariotextual.com\/inicio\/","logo":{"@type":"ImageObject","inLanguage":"es","@id":"https:\/\/diariotextual.com\/inicio\/#\/schema\/logo\/image\/","url":"https:\/\/diariotextual.com\/inicio\/wp-content\/uploads\/2023\/05\/logotextual1.jpg","contentUrl":"https:\/\/diariotextual.com\/inicio\/wp-content\/uploads\/2023\/05\/logotextual1.jpg","width":516,"height":76,"caption":"Diario Textual"},"image":{"@id":"https:\/\/diariotextual.com\/inicio\/#\/schema\/logo\/image\/"},"sameAs":["https:\/\/www.facebook.com\/eltextual","https:\/\/x.com\/eltextual","http:\/\/www.instagram.com\/eltextual"]},{"@type":"Person","@id":"https:\/\/diariotextual.com\/inicio\/#\/schema\/person\/418fc4093c33e86ed41562db3508f958","name":"Diario1 Diario1","image":{"@type":"ImageObject","inLanguage":"es","@id":"https:\/\/secure.gravatar.com\/avatar\/9167d280179c85bc18be67aa7eda765854300033af4896dd779b608640f2ef7a?s=96&d=mm&r=g","url":"https:\/\/secure.gravatar.com\/avatar\/9167d280179c85bc18be67aa7eda765854300033af4896dd779b608640f2ef7a?s=96&d=mm&r=g","contentUrl":"https:\/\/secure.gravatar.com\/avatar\/9167d280179c85bc18be67aa7eda765854300033af4896dd779b608640f2ef7a?s=96&d=mm&r=g","caption":"Diario1 Diario1"},"url":"https:\/\/diariotextual.com\/inicio\/index.php\/author\/diario1\/"}]}},"_links":{"self":[{"href":"https:\/\/diariotextual.com\/inicio\/index.php\/wp-json\/wp\/v2\/posts\/35680","targetHints":{"allow":["GET"]}}],"collection":[{"href":"https:\/\/diariotextual.com\/inicio\/index.php\/wp-json\/wp\/v2\/posts"}],"about":[{"href":"https:\/\/diariotextual.com\/inicio\/index.php\/wp-json\/wp\/v2\/types\/post"}],"author":[{"embeddable":true,"href":"https:\/\/diariotextual.com\/inicio\/index.php\/wp-json\/wp\/v2\/users\/3"}],"replies":[{"embeddable":true,"href":"https:\/\/diariotextual.com\/inicio\/index.php\/wp-json\/wp\/v2\/comments?post=35680"}],"version-history":[{"count":2,"href":"https:\/\/diariotextual.com\/inicio\/index.php\/wp-json\/wp\/v2\/posts\/35680\/revisions"}],"predecessor-version":[{"id":35683,"href":"https:\/\/diariotextual.com\/inicio\/index.php\/wp-json\/wp\/v2\/posts\/35680\/revisions\/35683"}],"wp:featuredmedia":[{"embeddable":true,"href":"https:\/\/diariotextual.com\/inicio\/index.php\/wp-json\/wp\/v2\/media\/35681"}],"wp:attachment":[{"href":"https:\/\/diariotextual.com\/inicio\/index.php\/wp-json\/wp\/v2\/media?parent=35680"}],"wp:term":[{"taxonomy":"category","embeddable":true,"href":"https:\/\/diariotextual.com\/inicio\/index.php\/wp-json\/wp\/v2\/categories?post=35680"},{"taxonomy":"post_tag","embeddable":true,"href":"https:\/\/diariotextual.com\/inicio\/index.php\/wp-json\/wp\/v2\/tags?post=35680"}],"curies":[{"name":"wp","href":"https:\/\/api.w.org\/{rel}","templated":true}]}}