{"id":35967,"date":"2019-01-28T22:01:15","date_gmt":"2019-01-29T01:01:15","guid":{"rendered":"http:\/\/diariotextual.com\/inicio\/?p=35967"},"modified":"2019-01-28T22:01:15","modified_gmt":"2019-01-29T01:01:15","slug":"tragedia-brasil-al-menos-34-muertos-buscan-unas-300-personas","status":"publish","type":"post","link":"https:\/\/diariotextual.com\/inicio\/index.php\/2019\/01\/28\/tragedia-brasil-al-menos-34-muertos-buscan-unas-300-personas\/","title":{"rendered":"Tragedia en Brasil: al menos 34 muertos y buscan a unas 300 personas"},"content":{"rendered":"<p>Al menos 34 personas murieron y casi trescientas permanec\u00edan desaparecidas tras la rotura de una represa de la minera Vale en el estado brasile\u00f1o de Minas Gerais, donde los bomberos rescataron a otros 46 supervivientes que fueron trasladados a distintos centros de salud.<\/p>\n<p><!--more--><\/p>\n<p>Seg\u00fan la agencia de noticias DPA, el Cuerpo de Bomberos de Minas Gerais inform\u00f3 a la prensa local que el n\u00famero de cuerpos rescatados tras la ruptura de la represa de residuos de la minera Vale en Brumadinho ascendi\u00f3 a 34 y confirm\u00f3 el hallazgo de un autob\u00fas con empleados de la empresa, cuyos ocupantes ninguno sobrevivi\u00f3.<\/p>\n<p>\u201cComo es un lugar de dif\u00edcil acceso y necesitamos una maquinaria especial para acceder a la estructura y retirar esas v\u00edctimas, a\u00fan no cerramos el n\u00famero de muertes. Pero ese n\u00famero de muertes va a aumentar \u201c, inform\u00f3 el Cuerpo de Bomberos.<\/p>\n<p>Seg\u00fan los datos relevados por la agencia Brasil, 166 funcionarios de la Vale y 130 trabajadores tercerizados permanecen desaparecidos; mientras que de las 176 personas encontradas con vida, 23 est\u00e1n hospitalizadas.<\/p>\n<p>Adem\u00e1s, una fuerte lluvia comenz\u00f3 a caer poco despu\u00e9s de las 15 en la localidad de Brumadinho, lo que puede afectar la labor de los rescatistas que se concentraron en cuatro \u00e1reas donde se estima que puede haber sobrevivientes, public\u00f3 T\u00e9lam.<\/p>\n<p>La lluvia tambi\u00e9n aument\u00f3 la preocupaci\u00f3n sobre el riesgo de que desborde otra represa, \u00e9sta de agua, donde se instalaron equipos para realizar el drenaje.<\/p>\n<p>Las instalaciones de la empresa y gran parte de la localidad de Brumadinho quedaron sepultadas por la avalancha de lodo provocada por la rotura de una represa y el desborde de otras dos que conten\u00edan residuos minerales de la compa\u00f1\u00eda Vale, la mayor productora mundial de hierro.<\/p>\n<p>\u201cExiste la esperanza y el Cuerpo de Bomberos va a trabajar ininterrumpidamente para revisar todo el \u00e1rea con posibilidad de v\u00edctimas vivas y tambi\u00e9n hasta el \u00faltimo momento (para localizar) a v\u00edctimas desaparecidas\u201d, dijo a la prensa el comandante general de los Bomberos Edgar Estevo da Silva.<\/p>\n<p>El Gobierno de Minas Gerais decret\u00f3 el estado de calamidad p\u00fablica en Brumadinho, localidad sita a unos 4 kil\u00f3metros del gran museo a cielo abierto de Inhotim.<\/p>\n","protected":false},"excerpt":{"rendered":"<p>Al menos 34 personas murieron y casi trescientas permanec\u00edan desaparecidas tras la rotura de una represa de la minera Vale en el estado brasile\u00f1o de Minas Gerais, donde los bomberos&hellip;<\/p>\n","protected":false},"author":5,"featured_media":35971,"comment_status":"closed","ping_status":"open","sticky":false,"template":"","format":"standard","meta":{"_acf_changed":false,"footnotes":""},"categories":[11,7],"tags":[],"class_list":["post-35967","post","type-post","status-publish","format-standard","has-post-thumbnail","hentry","category-que-pasa","category-mundo"],"acf":[],"yoast_head":"<!-- This site is optimized with the Yoast SEO plugin v27.4 - https:\/\/yoast.com\/product\/yoast-seo-wordpress\/ -->\n<title>Tragedia en Brasil: al menos 34 muertos y buscan a unas 300 personas - Diario Textual<\/title>\n<meta name=\"robots\" content=\"index, follow, max-snippet:-1, max-image-preview:large, max-video-preview:-1\" \/>\n<link rel=\"canonical\" href=\"https:\/\/diariotextual.com\/inicio\/index.php\/2019\/01\/28\/tragedia-brasil-al-menos-34-muertos-buscan-unas-300-personas\/\" \/>\n<meta property=\"og:locale\" content=\"es_ES\" \/>\n<meta property=\"og:type\" content=\"article\" \/>\n<meta property=\"og:title\" content=\"Tragedia en Brasil: al menos 34 muertos y buscan a unas 300 personas - Diario Textual\" \/>\n<meta property=\"og:description\" content=\"Al menos 34 personas murieron y casi trescientas permanec\u00edan desaparecidas tras la rotura de una represa de la minera Vale en el estado brasile\u00f1o de Minas Gerais, donde los bomberos&hellip;\" \/>\n<meta property=\"og:url\" content=\"https:\/\/diariotextual.com\/inicio\/index.php\/2019\/01\/28\/tragedia-brasil-al-menos-34-muertos-buscan-unas-300-personas\/\" \/>\n<meta property=\"og:site_name\" content=\"Diario Textual\" \/>\n<meta property=\"article:publisher\" content=\"https:\/\/www.facebook.com\/eltextual\" \/>\n<meta property=\"article:published_time\" content=\"2019-01-29T01:01:15+00:00\" \/>\n<meta property=\"og:image\" content=\"https:\/\/diariotextual.com\/inicio\/wp-content\/uploads\/2019\/01\/brasiltragediaVale.jpg\" \/>\n\t<meta property=\"og:image:width\" content=\"700\" \/>\n\t<meta property=\"og:image:height\" content=\"467\" \/>\n\t<meta property=\"og:image:type\" content=\"image\/jpeg\" \/>\n<meta name=\"author\" content=\"diario3\" \/>\n<meta name=\"twitter:card\" content=\"summary_large_image\" \/>\n<meta name=\"twitter:creator\" content=\"@eltextual\" \/>\n<meta name=\"twitter:site\" content=\"@eltextual\" \/>\n<meta name=\"twitter:label1\" content=\"Escrito por\" \/>\n\t<meta name=\"twitter:data1\" content=\"diario3\" \/>\n\t<meta name=\"twitter:label2\" content=\"Tiempo de lectura\" \/>\n\t<meta name=\"twitter:data2\" content=\"2 minutos\" \/>\n<script type=\"application\/ld+json\" class=\"yoast-schema-graph\">{\"@context\":\"https:\\\/\\\/schema.org\",\"@graph\":[{\"@type\":\"Article\",\"@id\":\"https:\\\/\\\/diariotextual.com\\\/inicio\\\/index.php\\\/2019\\\/01\\\/28\\\/tragedia-brasil-al-menos-34-muertos-buscan-unas-300-personas\\\/#article\",\"isPartOf\":{\"@id\":\"https:\\\/\\\/diariotextual.com\\\/inicio\\\/index.php\\\/2019\\\/01\\\/28\\\/tragedia-brasil-al-menos-34-muertos-buscan-unas-300-personas\\\/\"},\"author\":{\"name\":\"diario3\",\"@id\":\"https:\\\/\\\/diariotextual.com\\\/inicio\\\/#\\\/schema\\\/person\\\/a1b6f563e0ee944c60f98119389a4d9f\"},\"headline\":\"Tragedia en Brasil: al menos 34 muertos y buscan a unas 300 personas\",\"datePublished\":\"2019-01-29T01:01:15+00:00\",\"mainEntityOfPage\":{\"@id\":\"https:\\\/\\\/diariotextual.com\\\/inicio\\\/index.php\\\/2019\\\/01\\\/28\\\/tragedia-brasil-al-menos-34-muertos-buscan-unas-300-personas\\\/\"},\"wordCount\":385,\"publisher\":{\"@id\":\"https:\\\/\\\/diariotextual.com\\\/inicio\\\/#organization\"},\"image\":{\"@id\":\"https:\\\/\\\/diariotextual.com\\\/inicio\\\/index.php\\\/2019\\\/01\\\/28\\\/tragedia-brasil-al-menos-34-muertos-buscan-unas-300-personas\\\/#primaryimage\"},\"thumbnailUrl\":\"https:\\\/\\\/diariotextual.com\\\/inicio\\\/wp-content\\\/uploads\\\/2019\\\/01\\\/brasiltragediaVale.jpg\",\"articleSection\":[\"A - QUE PASA (al costado)\",\"MUNDO\"],\"inLanguage\":\"es\"},{\"@type\":\"WebPage\",\"@id\":\"https:\\\/\\\/diariotextual.com\\\/inicio\\\/index.php\\\/2019\\\/01\\\/28\\\/tragedia-brasil-al-menos-34-muertos-buscan-unas-300-personas\\\/\",\"url\":\"https:\\\/\\\/diariotextual.com\\\/inicio\\\/index.php\\\/2019\\\/01\\\/28\\\/tragedia-brasil-al-menos-34-muertos-buscan-unas-300-personas\\\/\",\"name\":\"Tragedia en Brasil: al menos 34 muertos y buscan a unas 300 personas - Diario Textual\",\"isPartOf\":{\"@id\":\"https:\\\/\\\/diariotextual.com\\\/inicio\\\/#website\"},\"primaryImageOfPage\":{\"@id\":\"https:\\\/\\\/diariotextual.com\\\/inicio\\\/index.php\\\/2019\\\/01\\\/28\\\/tragedia-brasil-al-menos-34-muertos-buscan-unas-300-personas\\\/#primaryimage\"},\"image\":{\"@id\":\"https:\\\/\\\/diariotextual.com\\\/inicio\\\/index.php\\\/2019\\\/01\\\/28\\\/tragedia-brasil-al-menos-34-muertos-buscan-unas-300-personas\\\/#primaryimage\"},\"thumbnailUrl\":\"https:\\\/\\\/diariotextual.com\\\/inicio\\\/wp-content\\\/uploads\\\/2019\\\/01\\\/brasiltragediaVale.jpg\",\"datePublished\":\"2019-01-29T01:01:15+00:00\",\"breadcrumb\":{\"@id\":\"https:\\\/\\\/diariotextual.com\\\/inicio\\\/index.php\\\/2019\\\/01\\\/28\\\/tragedia-brasil-al-menos-34-muertos-buscan-unas-300-personas\\\/#breadcrumb\"},\"inLanguage\":\"es\",\"potentialAction\":[{\"@type\":\"ReadAction\",\"target\":[\"https:\\\/\\\/diariotextual.com\\\/inicio\\\/index.php\\\/2019\\\/01\\\/28\\\/tragedia-brasil-al-menos-34-muertos-buscan-unas-300-personas\\\/\"]}]},{\"@type\":\"ImageObject\",\"inLanguage\":\"es\",\"@id\":\"https:\\\/\\\/diariotextual.com\\\/inicio\\\/index.php\\\/2019\\\/01\\\/28\\\/tragedia-brasil-al-menos-34-muertos-buscan-unas-300-personas\\\/#primaryimage\",\"url\":\"https:\\\/\\\/diariotextual.com\\\/inicio\\\/wp-content\\\/uploads\\\/2019\\\/01\\\/brasiltragediaVale.jpg\",\"contentUrl\":\"https:\\\/\\\/diariotextual.com\\\/inicio\\\/wp-content\\\/uploads\\\/2019\\\/01\\\/brasiltragediaVale.jpg\",\"width\":700,\"height\":467},{\"@type\":\"BreadcrumbList\",\"@id\":\"https:\\\/\\\/diariotextual.com\\\/inicio\\\/index.php\\\/2019\\\/01\\\/28\\\/tragedia-brasil-al-menos-34-muertos-buscan-unas-300-personas\\\/#breadcrumb\",\"itemListElement\":[{\"@type\":\"ListItem\",\"position\":1,\"name\":\"Portada\",\"item\":\"https:\\\/\\\/diariotextual.com\\\/inicio\\\/\"},{\"@type\":\"ListItem\",\"position\":2,\"name\":\"Tragedia en Brasil: al menos 34 muertos y buscan a unas 300 personas\"}]},{\"@type\":\"WebSite\",\"@id\":\"https:\\\/\\\/diariotextual.com\\\/inicio\\\/#website\",\"url\":\"https:\\\/\\\/diariotextual.com\\\/inicio\\\/\",\"name\":\"Diario Textual\",\"description\":\"\",\"publisher\":{\"@id\":\"https:\\\/\\\/diariotextual.com\\\/inicio\\\/#organization\"},\"potentialAction\":[{\"@type\":\"SearchAction\",\"target\":{\"@type\":\"EntryPoint\",\"urlTemplate\":\"https:\\\/\\\/diariotextual.com\\\/inicio\\\/?s={search_term_string}\"},\"query-input\":{\"@type\":\"PropertyValueSpecification\",\"valueRequired\":true,\"valueName\":\"search_term_string\"}}],\"inLanguage\":\"es\"},{\"@type\":\"Organization\",\"@id\":\"https:\\\/\\\/diariotextual.com\\\/inicio\\\/#organization\",\"name\":\"Diario Textual\",\"url\":\"https:\\\/\\\/diariotextual.com\\\/inicio\\\/\",\"logo\":{\"@type\":\"ImageObject\",\"inLanguage\":\"es\",\"@id\":\"https:\\\/\\\/diariotextual.com\\\/inicio\\\/#\\\/schema\\\/logo\\\/image\\\/\",\"url\":\"https:\\\/\\\/diariotextual.com\\\/inicio\\\/wp-content\\\/uploads\\\/2023\\\/05\\\/logotextual1.jpg\",\"contentUrl\":\"https:\\\/\\\/diariotextual.com\\\/inicio\\\/wp-content\\\/uploads\\\/2023\\\/05\\\/logotextual1.jpg\",\"width\":516,\"height\":76,\"caption\":\"Diario Textual\"},\"image\":{\"@id\":\"https:\\\/\\\/diariotextual.com\\\/inicio\\\/#\\\/schema\\\/logo\\\/image\\\/\"},\"sameAs\":[\"https:\\\/\\\/www.facebook.com\\\/eltextual\",\"https:\\\/\\\/x.com\\\/eltextual\",\"http:\\\/\\\/www.instagram.com\\\/eltextual\"]},{\"@type\":\"Person\",\"@id\":\"https:\\\/\\\/diariotextual.com\\\/inicio\\\/#\\\/schema\\\/person\\\/a1b6f563e0ee944c60f98119389a4d9f\",\"name\":\"diario3\",\"image\":{\"@type\":\"ImageObject\",\"inLanguage\":\"es\",\"@id\":\"https:\\\/\\\/secure.gravatar.com\\\/avatar\\\/5e7ee62c82fc04d9dd79d746a390d93c69c43223e5faeeb3ea9461ef752bfc5d?s=96&d=mm&r=g\",\"url\":\"https:\\\/\\\/secure.gravatar.com\\\/avatar\\\/5e7ee62c82fc04d9dd79d746a390d93c69c43223e5faeeb3ea9461ef752bfc5d?s=96&d=mm&r=g\",\"contentUrl\":\"https:\\\/\\\/secure.gravatar.com\\\/avatar\\\/5e7ee62c82fc04d9dd79d746a390d93c69c43223e5faeeb3ea9461ef752bfc5d?s=96&d=mm&r=g\",\"caption\":\"diario3\"},\"url\":\"https:\\\/\\\/diariotextual.com\\\/inicio\\\/index.php\\\/author\\\/diario3\\\/\"}]}<\/script>\n<!-- \/ Yoast SEO plugin. -->","yoast_head_json":{"title":"Tragedia en Brasil: al menos 34 muertos y buscan a unas 300 personas - Diario Textual","robots":{"index":"index","follow":"follow","max-snippet":"max-snippet:-1","max-image-preview":"max-image-preview:large","max-video-preview":"max-video-preview:-1"},"canonical":"https:\/\/diariotextual.com\/inicio\/index.php\/2019\/01\/28\/tragedia-brasil-al-menos-34-muertos-buscan-unas-300-personas\/","og_locale":"es_ES","og_type":"article","og_title":"Tragedia en Brasil: al menos 34 muertos y buscan a unas 300 personas - Diario Textual","og_description":"Al menos 34 personas murieron y casi trescientas permanec\u00edan desaparecidas tras la rotura de una represa de la minera Vale en el estado brasile\u00f1o de Minas Gerais, donde los bomberos&hellip;","og_url":"https:\/\/diariotextual.com\/inicio\/index.php\/2019\/01\/28\/tragedia-brasil-al-menos-34-muertos-buscan-unas-300-personas\/","og_site_name":"Diario Textual","article_publisher":"https:\/\/www.facebook.com\/eltextual","article_published_time":"2019-01-29T01:01:15+00:00","og_image":[{"width":700,"height":467,"url":"https:\/\/diariotextual.com\/inicio\/wp-content\/uploads\/2019\/01\/brasiltragediaVale.jpg","type":"image\/jpeg"}],"author":"diario3","twitter_card":"summary_large_image","twitter_creator":"@eltextual","twitter_site":"@eltextual","twitter_misc":{"Escrito por":"diario3","Tiempo de lectura":"2 minutos"},"schema":{"@context":"https:\/\/schema.org","@graph":[{"@type":"Article","@id":"https:\/\/diariotextual.com\/inicio\/index.php\/2019\/01\/28\/tragedia-brasil-al-menos-34-muertos-buscan-unas-300-personas\/#article","isPartOf":{"@id":"https:\/\/diariotextual.com\/inicio\/index.php\/2019\/01\/28\/tragedia-brasil-al-menos-34-muertos-buscan-unas-300-personas\/"},"author":{"name":"diario3","@id":"https:\/\/diariotextual.com\/inicio\/#\/schema\/person\/a1b6f563e0ee944c60f98119389a4d9f"},"headline":"Tragedia en Brasil: al menos 34 muertos y buscan a unas 300 personas","datePublished":"2019-01-29T01:01:15+00:00","mainEntityOfPage":{"@id":"https:\/\/diariotextual.com\/inicio\/index.php\/2019\/01\/28\/tragedia-brasil-al-menos-34-muertos-buscan-unas-300-personas\/"},"wordCount":385,"publisher":{"@id":"https:\/\/diariotextual.com\/inicio\/#organization"},"image":{"@id":"https:\/\/diariotextual.com\/inicio\/index.php\/2019\/01\/28\/tragedia-brasil-al-menos-34-muertos-buscan-unas-300-personas\/#primaryimage"},"thumbnailUrl":"https:\/\/diariotextual.com\/inicio\/wp-content\/uploads\/2019\/01\/brasiltragediaVale.jpg","articleSection":["A - QUE PASA (al costado)","MUNDO"],"inLanguage":"es"},{"@type":"WebPage","@id":"https:\/\/diariotextual.com\/inicio\/index.php\/2019\/01\/28\/tragedia-brasil-al-menos-34-muertos-buscan-unas-300-personas\/","url":"https:\/\/diariotextual.com\/inicio\/index.php\/2019\/01\/28\/tragedia-brasil-al-menos-34-muertos-buscan-unas-300-personas\/","name":"Tragedia en Brasil: al menos 34 muertos y buscan a unas 300 personas - Diario Textual","isPartOf":{"@id":"https:\/\/diariotextual.com\/inicio\/#website"},"primaryImageOfPage":{"@id":"https:\/\/diariotextual.com\/inicio\/index.php\/2019\/01\/28\/tragedia-brasil-al-menos-34-muertos-buscan-unas-300-personas\/#primaryimage"},"image":{"@id":"https:\/\/diariotextual.com\/inicio\/index.php\/2019\/01\/28\/tragedia-brasil-al-menos-34-muertos-buscan-unas-300-personas\/#primaryimage"},"thumbnailUrl":"https:\/\/diariotextual.com\/inicio\/wp-content\/uploads\/2019\/01\/brasiltragediaVale.jpg","datePublished":"2019-01-29T01:01:15+00:00","breadcrumb":{"@id":"https:\/\/diariotextual.com\/inicio\/index.php\/2019\/01\/28\/tragedia-brasil-al-menos-34-muertos-buscan-unas-300-personas\/#breadcrumb"},"inLanguage":"es","potentialAction":[{"@type":"ReadAction","target":["https:\/\/diariotextual.com\/inicio\/index.php\/2019\/01\/28\/tragedia-brasil-al-menos-34-muertos-buscan-unas-300-personas\/"]}]},{"@type":"ImageObject","inLanguage":"es","@id":"https:\/\/diariotextual.com\/inicio\/index.php\/2019\/01\/28\/tragedia-brasil-al-menos-34-muertos-buscan-unas-300-personas\/#primaryimage","url":"https:\/\/diariotextual.com\/inicio\/wp-content\/uploads\/2019\/01\/brasiltragediaVale.jpg","contentUrl":"https:\/\/diariotextual.com\/inicio\/wp-content\/uploads\/2019\/01\/brasiltragediaVale.jpg","width":700,"height":467},{"@type":"BreadcrumbList","@id":"https:\/\/diariotextual.com\/inicio\/index.php\/2019\/01\/28\/tragedia-brasil-al-menos-34-muertos-buscan-unas-300-personas\/#breadcrumb","itemListElement":[{"@type":"ListItem","position":1,"name":"Portada","item":"https:\/\/diariotextual.com\/inicio\/"},{"@type":"ListItem","position":2,"name":"Tragedia en Brasil: al menos 34 muertos y buscan a unas 300 personas"}]},{"@type":"WebSite","@id":"https:\/\/diariotextual.com\/inicio\/#website","url":"https:\/\/diariotextual.com\/inicio\/","name":"Diario Textual","description":"","publisher":{"@id":"https:\/\/diariotextual.com\/inicio\/#organization"},"potentialAction":[{"@type":"SearchAction","target":{"@type":"EntryPoint","urlTemplate":"https:\/\/diariotextual.com\/inicio\/?s={search_term_string}"},"query-input":{"@type":"PropertyValueSpecification","valueRequired":true,"valueName":"search_term_string"}}],"inLanguage":"es"},{"@type":"Organization","@id":"https:\/\/diariotextual.com\/inicio\/#organization","name":"Diario Textual","url":"https:\/\/diariotextual.com\/inicio\/","logo":{"@type":"ImageObject","inLanguage":"es","@id":"https:\/\/diariotextual.com\/inicio\/#\/schema\/logo\/image\/","url":"https:\/\/diariotextual.com\/inicio\/wp-content\/uploads\/2023\/05\/logotextual1.jpg","contentUrl":"https:\/\/diariotextual.com\/inicio\/wp-content\/uploads\/2023\/05\/logotextual1.jpg","width":516,"height":76,"caption":"Diario Textual"},"image":{"@id":"https:\/\/diariotextual.com\/inicio\/#\/schema\/logo\/image\/"},"sameAs":["https:\/\/www.facebook.com\/eltextual","https:\/\/x.com\/eltextual","http:\/\/www.instagram.com\/eltextual"]},{"@type":"Person","@id":"https:\/\/diariotextual.com\/inicio\/#\/schema\/person\/a1b6f563e0ee944c60f98119389a4d9f","name":"diario3","image":{"@type":"ImageObject","inLanguage":"es","@id":"https:\/\/secure.gravatar.com\/avatar\/5e7ee62c82fc04d9dd79d746a390d93c69c43223e5faeeb3ea9461ef752bfc5d?s=96&d=mm&r=g","url":"https:\/\/secure.gravatar.com\/avatar\/5e7ee62c82fc04d9dd79d746a390d93c69c43223e5faeeb3ea9461ef752bfc5d?s=96&d=mm&r=g","contentUrl":"https:\/\/secure.gravatar.com\/avatar\/5e7ee62c82fc04d9dd79d746a390d93c69c43223e5faeeb3ea9461ef752bfc5d?s=96&d=mm&r=g","caption":"diario3"},"url":"https:\/\/diariotextual.com\/inicio\/index.php\/author\/diario3\/"}]}},"_links":{"self":[{"href":"https:\/\/diariotextual.com\/inicio\/index.php\/wp-json\/wp\/v2\/posts\/35967","targetHints":{"allow":["GET"]}}],"collection":[{"href":"https:\/\/diariotextual.com\/inicio\/index.php\/wp-json\/wp\/v2\/posts"}],"about":[{"href":"https:\/\/diariotextual.com\/inicio\/index.php\/wp-json\/wp\/v2\/types\/post"}],"author":[{"embeddable":true,"href":"https:\/\/diariotextual.com\/inicio\/index.php\/wp-json\/wp\/v2\/users\/5"}],"replies":[{"embeddable":true,"href":"https:\/\/diariotextual.com\/inicio\/index.php\/wp-json\/wp\/v2\/comments?post=35967"}],"version-history":[{"count":1,"href":"https:\/\/diariotextual.com\/inicio\/index.php\/wp-json\/wp\/v2\/posts\/35967\/revisions"}],"predecessor-version":[{"id":35973,"href":"https:\/\/diariotextual.com\/inicio\/index.php\/wp-json\/wp\/v2\/posts\/35967\/revisions\/35973"}],"wp:featuredmedia":[{"embeddable":true,"href":"https:\/\/diariotextual.com\/inicio\/index.php\/wp-json\/wp\/v2\/media\/35971"}],"wp:attachment":[{"href":"https:\/\/diariotextual.com\/inicio\/index.php\/wp-json\/wp\/v2\/media?parent=35967"}],"wp:term":[{"taxonomy":"category","embeddable":true,"href":"https:\/\/diariotextual.com\/inicio\/index.php\/wp-json\/wp\/v2\/categories?post=35967"},{"taxonomy":"post_tag","embeddable":true,"href":"https:\/\/diariotextual.com\/inicio\/index.php\/wp-json\/wp\/v2\/tags?post=35967"}],"curies":[{"name":"wp","href":"https:\/\/api.w.org\/{rel}","templated":true}]}}