{"id":36199,"date":"2019-01-30T09:41:59","date_gmt":"2019-01-30T12:41:59","guid":{"rendered":"http:\/\/diariotextual.com\/inicio\/?p=36199"},"modified":"2019-01-30T09:41:59","modified_gmt":"2019-01-30T12:41:59","slug":"trump-atribuye-la-presion-eeuu-la-oferta-dialogo-maduro","status":"publish","type":"post","link":"https:\/\/diariotextual.com\/inicio\/index.php\/2019\/01\/30\/trump-atribuye-la-presion-eeuu-la-oferta-dialogo-maduro\/","title":{"rendered":"Trump atribuye a la presi\u00f3n de EEUU la oferta de di\u00e1logo de Maduro"},"content":{"rendered":"<p>El presidente de Estados Unidos, Donald\u00a0Trump, atribuy\u00f3\u00a0la voluntad del mandatario de Venezuela, Nicol\u00e1s Maduro, de negociar a las sanciones impuestas en los \u00faltimos d\u00edas por el Gobierno norteamericano contra la petrolera p\u00fablica PDVSA.<\/p>\n<p>\u00abMaduro quiere negociar con la oposici\u00f3n en Venezuela despu\u00e9s de las sanciones de Estados Unidos y de la reducci\u00f3n de los ingresos del petr\u00f3leo\u00bb, tuite\u00f3\u00a0Trump, el primer l\u00edder internacional en reconocer a Juan Guaid\u00f3 como leg\u00edtimo presidente venezolano.<\/p>\n<p>Maduro reiter\u00f3\u00a0su oferta de di\u00e1logo, rechazada por la oposici\u00f3n, en una entrevista a la agencia de noticias rusa Sputnik. \u00abEstoy listo, con agenda abierta, para sentarme con sectores de oposici\u00f3n a hablar del bien de Venezuela, de la paz y del futuro\u00bb, afirm\u00f3.<\/p>\n","protected":false},"excerpt":{"rendered":"<p>El presidente de Estados Unidos, Donald\u00a0Trump, atribuy\u00f3\u00a0la voluntad del mandatario de Venezuela, Nicol\u00e1s Maduro, de negociar a las sanciones impuestas en los \u00faltimos d\u00edas por el Gobierno norteamericano contra la&hellip;<\/p>\n","protected":false},"author":3,"featured_media":28733,"comment_status":"closed","ping_status":"open","sticky":false,"template":"","format":"standard","meta":{"_acf_changed":false,"footnotes":""},"categories":[11,7],"tags":[1499,334],"class_list":["post-36199","post","type-post","status-publish","format-standard","has-post-thumbnail","hentry","category-que-pasa","category-mundo","tag-maduro","tag-trump"],"acf":[],"yoast_head":"<!-- This site is optimized with the Yoast SEO plugin v27.4 - https:\/\/yoast.com\/product\/yoast-seo-wordpress\/ -->\n<title>Trump atribuye a la presi\u00f3n de EEUU la oferta de di\u00e1logo de Maduro<\/title>\n<meta name=\"robots\" content=\"index, follow, max-snippet:-1, max-image-preview:large, max-video-preview:-1\" \/>\n<link rel=\"canonical\" href=\"https:\/\/diariotextual.com\/inicio\/index.php\/2019\/01\/30\/trump-atribuye-la-presion-eeuu-la-oferta-dialogo-maduro\/\" \/>\n<meta property=\"og:locale\" content=\"es_ES\" \/>\n<meta property=\"og:type\" content=\"article\" \/>\n<meta property=\"og:title\" content=\"Trump atribuye a la presi\u00f3n de EEUU la oferta de di\u00e1logo de Maduro\" \/>\n<meta property=\"og:description\" content=\"El presidente de Estados Unidos, Donald\u00a0Trump, atribuy\u00f3\u00a0la voluntad del mandatario de Venezuela, Nicol\u00e1s Maduro, de negociar a las sanciones impuestas en los \u00faltimos d\u00edas por el Gobierno norteamericano contra la&hellip;\" \/>\n<meta property=\"og:url\" content=\"https:\/\/diariotextual.com\/inicio\/index.php\/2019\/01\/30\/trump-atribuye-la-presion-eeuu-la-oferta-dialogo-maduro\/\" \/>\n<meta property=\"og:site_name\" content=\"Diario Textual\" \/>\n<meta property=\"article:publisher\" content=\"https:\/\/www.facebook.com\/eltextual\" \/>\n<meta property=\"article:published_time\" content=\"2019-01-30T12:41:59+00:00\" \/>\n<meta property=\"og:image\" content=\"https:\/\/diariotextual.com\/inicio\/wp-content\/uploads\/2018\/11\/trumpdonald1111333.jpg\" \/>\n\t<meta property=\"og:image:width\" content=\"969\" \/>\n\t<meta property=\"og:image:height\" content=\"601\" \/>\n\t<meta property=\"og:image:type\" content=\"image\/jpeg\" \/>\n<meta name=\"author\" content=\"Diario1 Diario1\" \/>\n<meta name=\"twitter:card\" content=\"summary_large_image\" \/>\n<meta name=\"twitter:creator\" content=\"@eltextual\" \/>\n<meta name=\"twitter:site\" content=\"@eltextual\" \/>\n<meta name=\"twitter:label1\" content=\"Escrito por\" \/>\n\t<meta name=\"twitter:data1\" content=\"Diario1 Diario1\" \/>\n\t<meta name=\"twitter:label2\" content=\"Tiempo de lectura\" \/>\n\t<meta name=\"twitter:data2\" content=\"1 minuto\" \/>\n<script type=\"application\/ld+json\" class=\"yoast-schema-graph\">{\"@context\":\"https:\\\/\\\/schema.org\",\"@graph\":[{\"@type\":\"Article\",\"@id\":\"https:\\\/\\\/diariotextual.com\\\/inicio\\\/index.php\\\/2019\\\/01\\\/30\\\/trump-atribuye-la-presion-eeuu-la-oferta-dialogo-maduro\\\/#article\",\"isPartOf\":{\"@id\":\"https:\\\/\\\/diariotextual.com\\\/inicio\\\/index.php\\\/2019\\\/01\\\/30\\\/trump-atribuye-la-presion-eeuu-la-oferta-dialogo-maduro\\\/\"},\"author\":{\"name\":\"Diario1 Diario1\",\"@id\":\"https:\\\/\\\/diariotextual.com\\\/inicio\\\/#\\\/schema\\\/person\\\/418fc4093c33e86ed41562db3508f958\"},\"headline\":\"Trump atribuye a la presi\u00f3n de EEUU la oferta de di\u00e1logo de Maduro\",\"datePublished\":\"2019-01-30T12:41:59+00:00\",\"mainEntityOfPage\":{\"@id\":\"https:\\\/\\\/diariotextual.com\\\/inicio\\\/index.php\\\/2019\\\/01\\\/30\\\/trump-atribuye-la-presion-eeuu-la-oferta-dialogo-maduro\\\/\"},\"wordCount\":145,\"publisher\":{\"@id\":\"https:\\\/\\\/diariotextual.com\\\/inicio\\\/#organization\"},\"image\":{\"@id\":\"https:\\\/\\\/diariotextual.com\\\/inicio\\\/index.php\\\/2019\\\/01\\\/30\\\/trump-atribuye-la-presion-eeuu-la-oferta-dialogo-maduro\\\/#primaryimage\"},\"thumbnailUrl\":\"https:\\\/\\\/diariotextual.com\\\/inicio\\\/wp-content\\\/uploads\\\/2018\\\/11\\\/trumpdonald1111333.jpg\",\"keywords\":[\"maduro\",\"trump\"],\"articleSection\":[\"A - QUE PASA (al costado)\",\"MUNDO\"],\"inLanguage\":\"es\"},{\"@type\":\"WebPage\",\"@id\":\"https:\\\/\\\/diariotextual.com\\\/inicio\\\/index.php\\\/2019\\\/01\\\/30\\\/trump-atribuye-la-presion-eeuu-la-oferta-dialogo-maduro\\\/\",\"url\":\"https:\\\/\\\/diariotextual.com\\\/inicio\\\/index.php\\\/2019\\\/01\\\/30\\\/trump-atribuye-la-presion-eeuu-la-oferta-dialogo-maduro\\\/\",\"name\":\"Trump atribuye a la presi\u00f3n de EEUU la oferta de di\u00e1logo de Maduro\",\"isPartOf\":{\"@id\":\"https:\\\/\\\/diariotextual.com\\\/inicio\\\/#website\"},\"primaryImageOfPage\":{\"@id\":\"https:\\\/\\\/diariotextual.com\\\/inicio\\\/index.php\\\/2019\\\/01\\\/30\\\/trump-atribuye-la-presion-eeuu-la-oferta-dialogo-maduro\\\/#primaryimage\"},\"image\":{\"@id\":\"https:\\\/\\\/diariotextual.com\\\/inicio\\\/index.php\\\/2019\\\/01\\\/30\\\/trump-atribuye-la-presion-eeuu-la-oferta-dialogo-maduro\\\/#primaryimage\"},\"thumbnailUrl\":\"https:\\\/\\\/diariotextual.com\\\/inicio\\\/wp-content\\\/uploads\\\/2018\\\/11\\\/trumpdonald1111333.jpg\",\"datePublished\":\"2019-01-30T12:41:59+00:00\",\"breadcrumb\":{\"@id\":\"https:\\\/\\\/diariotextual.com\\\/inicio\\\/index.php\\\/2019\\\/01\\\/30\\\/trump-atribuye-la-presion-eeuu-la-oferta-dialogo-maduro\\\/#breadcrumb\"},\"inLanguage\":\"es\",\"potentialAction\":[{\"@type\":\"ReadAction\",\"target\":[\"https:\\\/\\\/diariotextual.com\\\/inicio\\\/index.php\\\/2019\\\/01\\\/30\\\/trump-atribuye-la-presion-eeuu-la-oferta-dialogo-maduro\\\/\"]}]},{\"@type\":\"ImageObject\",\"inLanguage\":\"es\",\"@id\":\"https:\\\/\\\/diariotextual.com\\\/inicio\\\/index.php\\\/2019\\\/01\\\/30\\\/trump-atribuye-la-presion-eeuu-la-oferta-dialogo-maduro\\\/#primaryimage\",\"url\":\"https:\\\/\\\/diariotextual.com\\\/inicio\\\/wp-content\\\/uploads\\\/2018\\\/11\\\/trumpdonald1111333.jpg\",\"contentUrl\":\"https:\\\/\\\/diariotextual.com\\\/inicio\\\/wp-content\\\/uploads\\\/2018\\\/11\\\/trumpdonald1111333.jpg\",\"width\":969,\"height\":601},{\"@type\":\"BreadcrumbList\",\"@id\":\"https:\\\/\\\/diariotextual.com\\\/inicio\\\/index.php\\\/2019\\\/01\\\/30\\\/trump-atribuye-la-presion-eeuu-la-oferta-dialogo-maduro\\\/#breadcrumb\",\"itemListElement\":[{\"@type\":\"ListItem\",\"position\":1,\"name\":\"Portada\",\"item\":\"https:\\\/\\\/diariotextual.com\\\/inicio\\\/\"},{\"@type\":\"ListItem\",\"position\":2,\"name\":\"Trump atribuye a la presi\u00f3n de EEUU la oferta de di\u00e1logo de Maduro\"}]},{\"@type\":\"WebSite\",\"@id\":\"https:\\\/\\\/diariotextual.com\\\/inicio\\\/#website\",\"url\":\"https:\\\/\\\/diariotextual.com\\\/inicio\\\/\",\"name\":\"Diario Textual\",\"description\":\"\",\"publisher\":{\"@id\":\"https:\\\/\\\/diariotextual.com\\\/inicio\\\/#organization\"},\"potentialAction\":[{\"@type\":\"SearchAction\",\"target\":{\"@type\":\"EntryPoint\",\"urlTemplate\":\"https:\\\/\\\/diariotextual.com\\\/inicio\\\/?s={search_term_string}\"},\"query-input\":{\"@type\":\"PropertyValueSpecification\",\"valueRequired\":true,\"valueName\":\"search_term_string\"}}],\"inLanguage\":\"es\"},{\"@type\":\"Organization\",\"@id\":\"https:\\\/\\\/diariotextual.com\\\/inicio\\\/#organization\",\"name\":\"Diario Textual\",\"url\":\"https:\\\/\\\/diariotextual.com\\\/inicio\\\/\",\"logo\":{\"@type\":\"ImageObject\",\"inLanguage\":\"es\",\"@id\":\"https:\\\/\\\/diariotextual.com\\\/inicio\\\/#\\\/schema\\\/logo\\\/image\\\/\",\"url\":\"https:\\\/\\\/diariotextual.com\\\/inicio\\\/wp-content\\\/uploads\\\/2023\\\/05\\\/logotextual1.jpg\",\"contentUrl\":\"https:\\\/\\\/diariotextual.com\\\/inicio\\\/wp-content\\\/uploads\\\/2023\\\/05\\\/logotextual1.jpg\",\"width\":516,\"height\":76,\"caption\":\"Diario Textual\"},\"image\":{\"@id\":\"https:\\\/\\\/diariotextual.com\\\/inicio\\\/#\\\/schema\\\/logo\\\/image\\\/\"},\"sameAs\":[\"https:\\\/\\\/www.facebook.com\\\/eltextual\",\"https:\\\/\\\/x.com\\\/eltextual\",\"http:\\\/\\\/www.instagram.com\\\/eltextual\"]},{\"@type\":\"Person\",\"@id\":\"https:\\\/\\\/diariotextual.com\\\/inicio\\\/#\\\/schema\\\/person\\\/418fc4093c33e86ed41562db3508f958\",\"name\":\"Diario1 Diario1\",\"image\":{\"@type\":\"ImageObject\",\"inLanguage\":\"es\",\"@id\":\"https:\\\/\\\/secure.gravatar.com\\\/avatar\\\/9167d280179c85bc18be67aa7eda765854300033af4896dd779b608640f2ef7a?s=96&d=mm&r=g\",\"url\":\"https:\\\/\\\/secure.gravatar.com\\\/avatar\\\/9167d280179c85bc18be67aa7eda765854300033af4896dd779b608640f2ef7a?s=96&d=mm&r=g\",\"contentUrl\":\"https:\\\/\\\/secure.gravatar.com\\\/avatar\\\/9167d280179c85bc18be67aa7eda765854300033af4896dd779b608640f2ef7a?s=96&d=mm&r=g\",\"caption\":\"Diario1 Diario1\"},\"url\":\"https:\\\/\\\/diariotextual.com\\\/inicio\\\/index.php\\\/author\\\/diario1\\\/\"}]}<\/script>\n<!-- \/ Yoast SEO plugin. -->","yoast_head_json":{"title":"Trump atribuye a la presi\u00f3n de EEUU la oferta de di\u00e1logo de Maduro","robots":{"index":"index","follow":"follow","max-snippet":"max-snippet:-1","max-image-preview":"max-image-preview:large","max-video-preview":"max-video-preview:-1"},"canonical":"https:\/\/diariotextual.com\/inicio\/index.php\/2019\/01\/30\/trump-atribuye-la-presion-eeuu-la-oferta-dialogo-maduro\/","og_locale":"es_ES","og_type":"article","og_title":"Trump atribuye a la presi\u00f3n de EEUU la oferta de di\u00e1logo de Maduro","og_description":"El presidente de Estados Unidos, Donald\u00a0Trump, atribuy\u00f3\u00a0la voluntad del mandatario de Venezuela, Nicol\u00e1s Maduro, de negociar a las sanciones impuestas en los \u00faltimos d\u00edas por el Gobierno norteamericano contra la&hellip;","og_url":"https:\/\/diariotextual.com\/inicio\/index.php\/2019\/01\/30\/trump-atribuye-la-presion-eeuu-la-oferta-dialogo-maduro\/","og_site_name":"Diario Textual","article_publisher":"https:\/\/www.facebook.com\/eltextual","article_published_time":"2019-01-30T12:41:59+00:00","og_image":[{"width":969,"height":601,"url":"https:\/\/diariotextual.com\/inicio\/wp-content\/uploads\/2018\/11\/trumpdonald1111333.jpg","type":"image\/jpeg"}],"author":"Diario1 Diario1","twitter_card":"summary_large_image","twitter_creator":"@eltextual","twitter_site":"@eltextual","twitter_misc":{"Escrito por":"Diario1 Diario1","Tiempo de lectura":"1 minuto"},"schema":{"@context":"https:\/\/schema.org","@graph":[{"@type":"Article","@id":"https:\/\/diariotextual.com\/inicio\/index.php\/2019\/01\/30\/trump-atribuye-la-presion-eeuu-la-oferta-dialogo-maduro\/#article","isPartOf":{"@id":"https:\/\/diariotextual.com\/inicio\/index.php\/2019\/01\/30\/trump-atribuye-la-presion-eeuu-la-oferta-dialogo-maduro\/"},"author":{"name":"Diario1 Diario1","@id":"https:\/\/diariotextual.com\/inicio\/#\/schema\/person\/418fc4093c33e86ed41562db3508f958"},"headline":"Trump atribuye a la presi\u00f3n de EEUU la oferta de di\u00e1logo de Maduro","datePublished":"2019-01-30T12:41:59+00:00","mainEntityOfPage":{"@id":"https:\/\/diariotextual.com\/inicio\/index.php\/2019\/01\/30\/trump-atribuye-la-presion-eeuu-la-oferta-dialogo-maduro\/"},"wordCount":145,"publisher":{"@id":"https:\/\/diariotextual.com\/inicio\/#organization"},"image":{"@id":"https:\/\/diariotextual.com\/inicio\/index.php\/2019\/01\/30\/trump-atribuye-la-presion-eeuu-la-oferta-dialogo-maduro\/#primaryimage"},"thumbnailUrl":"https:\/\/diariotextual.com\/inicio\/wp-content\/uploads\/2018\/11\/trumpdonald1111333.jpg","keywords":["maduro","trump"],"articleSection":["A - QUE PASA (al costado)","MUNDO"],"inLanguage":"es"},{"@type":"WebPage","@id":"https:\/\/diariotextual.com\/inicio\/index.php\/2019\/01\/30\/trump-atribuye-la-presion-eeuu-la-oferta-dialogo-maduro\/","url":"https:\/\/diariotextual.com\/inicio\/index.php\/2019\/01\/30\/trump-atribuye-la-presion-eeuu-la-oferta-dialogo-maduro\/","name":"Trump atribuye a la presi\u00f3n de EEUU la oferta de di\u00e1logo de Maduro","isPartOf":{"@id":"https:\/\/diariotextual.com\/inicio\/#website"},"primaryImageOfPage":{"@id":"https:\/\/diariotextual.com\/inicio\/index.php\/2019\/01\/30\/trump-atribuye-la-presion-eeuu-la-oferta-dialogo-maduro\/#primaryimage"},"image":{"@id":"https:\/\/diariotextual.com\/inicio\/index.php\/2019\/01\/30\/trump-atribuye-la-presion-eeuu-la-oferta-dialogo-maduro\/#primaryimage"},"thumbnailUrl":"https:\/\/diariotextual.com\/inicio\/wp-content\/uploads\/2018\/11\/trumpdonald1111333.jpg","datePublished":"2019-01-30T12:41:59+00:00","breadcrumb":{"@id":"https:\/\/diariotextual.com\/inicio\/index.php\/2019\/01\/30\/trump-atribuye-la-presion-eeuu-la-oferta-dialogo-maduro\/#breadcrumb"},"inLanguage":"es","potentialAction":[{"@type":"ReadAction","target":["https:\/\/diariotextual.com\/inicio\/index.php\/2019\/01\/30\/trump-atribuye-la-presion-eeuu-la-oferta-dialogo-maduro\/"]}]},{"@type":"ImageObject","inLanguage":"es","@id":"https:\/\/diariotextual.com\/inicio\/index.php\/2019\/01\/30\/trump-atribuye-la-presion-eeuu-la-oferta-dialogo-maduro\/#primaryimage","url":"https:\/\/diariotextual.com\/inicio\/wp-content\/uploads\/2018\/11\/trumpdonald1111333.jpg","contentUrl":"https:\/\/diariotextual.com\/inicio\/wp-content\/uploads\/2018\/11\/trumpdonald1111333.jpg","width":969,"height":601},{"@type":"BreadcrumbList","@id":"https:\/\/diariotextual.com\/inicio\/index.php\/2019\/01\/30\/trump-atribuye-la-presion-eeuu-la-oferta-dialogo-maduro\/#breadcrumb","itemListElement":[{"@type":"ListItem","position":1,"name":"Portada","item":"https:\/\/diariotextual.com\/inicio\/"},{"@type":"ListItem","position":2,"name":"Trump atribuye a la presi\u00f3n de EEUU la oferta de di\u00e1logo de Maduro"}]},{"@type":"WebSite","@id":"https:\/\/diariotextual.com\/inicio\/#website","url":"https:\/\/diariotextual.com\/inicio\/","name":"Diario Textual","description":"","publisher":{"@id":"https:\/\/diariotextual.com\/inicio\/#organization"},"potentialAction":[{"@type":"SearchAction","target":{"@type":"EntryPoint","urlTemplate":"https:\/\/diariotextual.com\/inicio\/?s={search_term_string}"},"query-input":{"@type":"PropertyValueSpecification","valueRequired":true,"valueName":"search_term_string"}}],"inLanguage":"es"},{"@type":"Organization","@id":"https:\/\/diariotextual.com\/inicio\/#organization","name":"Diario Textual","url":"https:\/\/diariotextual.com\/inicio\/","logo":{"@type":"ImageObject","inLanguage":"es","@id":"https:\/\/diariotextual.com\/inicio\/#\/schema\/logo\/image\/","url":"https:\/\/diariotextual.com\/inicio\/wp-content\/uploads\/2023\/05\/logotextual1.jpg","contentUrl":"https:\/\/diariotextual.com\/inicio\/wp-content\/uploads\/2023\/05\/logotextual1.jpg","width":516,"height":76,"caption":"Diario Textual"},"image":{"@id":"https:\/\/diariotextual.com\/inicio\/#\/schema\/logo\/image\/"},"sameAs":["https:\/\/www.facebook.com\/eltextual","https:\/\/x.com\/eltextual","http:\/\/www.instagram.com\/eltextual"]},{"@type":"Person","@id":"https:\/\/diariotextual.com\/inicio\/#\/schema\/person\/418fc4093c33e86ed41562db3508f958","name":"Diario1 Diario1","image":{"@type":"ImageObject","inLanguage":"es","@id":"https:\/\/secure.gravatar.com\/avatar\/9167d280179c85bc18be67aa7eda765854300033af4896dd779b608640f2ef7a?s=96&d=mm&r=g","url":"https:\/\/secure.gravatar.com\/avatar\/9167d280179c85bc18be67aa7eda765854300033af4896dd779b608640f2ef7a?s=96&d=mm&r=g","contentUrl":"https:\/\/secure.gravatar.com\/avatar\/9167d280179c85bc18be67aa7eda765854300033af4896dd779b608640f2ef7a?s=96&d=mm&r=g","caption":"Diario1 Diario1"},"url":"https:\/\/diariotextual.com\/inicio\/index.php\/author\/diario1\/"}]}},"_links":{"self":[{"href":"https:\/\/diariotextual.com\/inicio\/index.php\/wp-json\/wp\/v2\/posts\/36199","targetHints":{"allow":["GET"]}}],"collection":[{"href":"https:\/\/diariotextual.com\/inicio\/index.php\/wp-json\/wp\/v2\/posts"}],"about":[{"href":"https:\/\/diariotextual.com\/inicio\/index.php\/wp-json\/wp\/v2\/types\/post"}],"author":[{"embeddable":true,"href":"https:\/\/diariotextual.com\/inicio\/index.php\/wp-json\/wp\/v2\/users\/3"}],"replies":[{"embeddable":true,"href":"https:\/\/diariotextual.com\/inicio\/index.php\/wp-json\/wp\/v2\/comments?post=36199"}],"version-history":[{"count":1,"href":"https:\/\/diariotextual.com\/inicio\/index.php\/wp-json\/wp\/v2\/posts\/36199\/revisions"}],"predecessor-version":[{"id":36200,"href":"https:\/\/diariotextual.com\/inicio\/index.php\/wp-json\/wp\/v2\/posts\/36199\/revisions\/36200"}],"wp:featuredmedia":[{"embeddable":true,"href":"https:\/\/diariotextual.com\/inicio\/index.php\/wp-json\/wp\/v2\/media\/28733"}],"wp:attachment":[{"href":"https:\/\/diariotextual.com\/inicio\/index.php\/wp-json\/wp\/v2\/media?parent=36199"}],"wp:term":[{"taxonomy":"category","embeddable":true,"href":"https:\/\/diariotextual.com\/inicio\/index.php\/wp-json\/wp\/v2\/categories?post=36199"},{"taxonomy":"post_tag","embeddable":true,"href":"https:\/\/diariotextual.com\/inicio\/index.php\/wp-json\/wp\/v2\/tags?post=36199"}],"curies":[{"name":"wp","href":"https:\/\/api.w.org\/{rel}","templated":true}]}}