{"id":36268,"date":"2019-01-30T17:25:04","date_gmt":"2019-01-30T20:25:04","guid":{"rendered":"http:\/\/diariotextual.com\/inicio\/?p=36268"},"modified":"2019-01-31T08:41:28","modified_gmt":"2019-01-31T11:41:28","slug":"busqueda-emiliano-sala-hallan-restos-lo-pudo-la-avioneta","status":"publish","type":"post","link":"https:\/\/diariotextual.com\/inicio\/index.php\/2019\/01\/30\/busqueda-emiliano-sala-hallan-restos-lo-pudo-la-avioneta\/","title":{"rendered":"B\u00fasqueda de Emiliano Sala: hallan restos de lo que pudo ser la avioneta"},"content":{"rendered":"<p>La Divisi\u00f3n de Investigaci\u00f3n de Accidentes A\u00e9reos de Gran Breta\u00f1a (AAIB, por sus siglas en ingl\u00e9s) asegur\u00f3 que han encontrado almohadones de la aeronave en la que desapareci\u00f3 Emiliano Sala la semana pasada despu\u00e9s de que el avi\u00f3n desapareciese por causas a\u00fan desconocidas.<\/p>\n<p><!--more--><\/p>\n<p>Se encontr\u00f3 en primer lugar un almohad\u00f3n en una playa cerca de Surtainville en la costa norte de la Baja Normand\u00eda. Un segundo fue encontrado en la misma zona poco tiempo despu\u00e9s.<\/p>\n<p>\u201cA partir de un examen preliminar, llegamos a la conclusi\u00f3n de que es probable que los almohadones sean del avi\u00f3n perdido\u201d, afirm\u00f3 la AAIB en un comunicado.<\/p>\n<p>Emiliano Sala, jugador argentino de 28 a\u00f1os, tom\u00f3 un vuelo despu\u00e9s de cerrar su traspaso por el Cardiff City, equipo de la Premier League. El futbolista desapareci\u00f3 el 21 de enero de los radares de b\u00fasqueda cuando sobrevolaba el Canal de la Mancha.<\/p>\n<p>Tras varios de d\u00edas de b\u00fasqueda sin encontrar rastro alguno, las autoridades decidieron suspenderla debido a las escasas posibilidades de encontrar tanto al jugador como al piloto con vida. No obstante, despu\u00e9s de numerosas peticiones de los familiares las labores para encontrar a los tripulantes del avi\u00f3n se reanudaron.<\/p>\n<p>&nbsp;<\/p>\n<p><strong>B\u00fasqueda submarina<\/strong><\/p>\n<p>El AAIB ha anunciado que realizar\u00e1 una b\u00fasqueda submarina para encontrar al futbolista despu\u00e9s del hallazgo de los restos de la aeronave. Un portavoz de la AAIB confirm\u00f3 a medios ingleses que la b\u00fasqueda durar\u00e1 tres d\u00edas.<\/p>\n<p>El operativo se llevar\u00e1 a cabo mediante un buque de inspecci\u00f3n submarina de la Armada brit\u00e1nica. Ese barco, especializado en el rastreo del fondo marino mediante un sonar, comenzar\u00e1 a trabajar a finales de semana, puesto que las condiciones clim\u00e1ticas no lo permiten antes, indic\u00f3 el AAIB en un comunicado.<\/p>\n<p>Agreg\u00f3 que para sus trabajos utilizar\u00e1 un veh\u00edculo operado a distancia para la inspecci\u00f3n visual de los restos. La AAIB indic\u00f3 que tratar\u00e1n de coordinar sus labores con las llevadas a cabo de forma privada ordenadas por la familia de Sala, que obtuvo aportaciones de futbolistas de todo el mundo para ello.<\/p>\n","protected":false},"excerpt":{"rendered":"<p>La Divisi\u00f3n de Investigaci\u00f3n de Accidentes A\u00e9reos de Gran Breta\u00f1a (AAIB, por sus siglas en ingl\u00e9s) asegur\u00f3 que han encontrado almohadones de la aeronave en la que desapareci\u00f3 Emiliano Sala&hellip;<\/p>\n","protected":false},"author":5,"featured_media":36269,"comment_status":"closed","ping_status":"open","sticky":false,"template":"","format":"standard","meta":{"_acf_changed":false,"footnotes":""},"categories":[1,319,7],"tags":[],"class_list":["post-36268","post","type-post","status-publish","format-standard","has-post-thumbnail","hentry","category-es-noticia","category-a-temporales","category-mundo"],"acf":[],"yoast_head":"<!-- This site is optimized with the Yoast SEO plugin v27.4 - https:\/\/yoast.com\/product\/yoast-seo-wordpress\/ -->\n<title>B\u00fasqueda de Emiliano Sala: hallan restos de lo que pudo ser la avioneta - Diario Textual<\/title>\n<meta name=\"robots\" content=\"index, follow, max-snippet:-1, max-image-preview:large, max-video-preview:-1\" \/>\n<link rel=\"canonical\" href=\"https:\/\/diariotextual.com\/inicio\/index.php\/2019\/01\/30\/busqueda-emiliano-sala-hallan-restos-lo-pudo-la-avioneta\/\" \/>\n<meta property=\"og:locale\" content=\"es_ES\" \/>\n<meta property=\"og:type\" content=\"article\" \/>\n<meta property=\"og:title\" content=\"B\u00fasqueda de Emiliano Sala: hallan restos de lo que pudo ser la avioneta - Diario Textual\" \/>\n<meta property=\"og:description\" content=\"La Divisi\u00f3n de Investigaci\u00f3n de Accidentes A\u00e9reos de Gran Breta\u00f1a (AAIB, por sus siglas en ingl\u00e9s) asegur\u00f3 que han encontrado almohadones de la aeronave en la que desapareci\u00f3 Emiliano Sala&hellip;\" \/>\n<meta property=\"og:url\" content=\"https:\/\/diariotextual.com\/inicio\/index.php\/2019\/01\/30\/busqueda-emiliano-sala-hallan-restos-lo-pudo-la-avioneta\/\" \/>\n<meta property=\"og:site_name\" content=\"Diario Textual\" \/>\n<meta property=\"article:publisher\" content=\"https:\/\/www.facebook.com\/eltextual\" \/>\n<meta property=\"article:published_time\" content=\"2019-01-30T20:25:04+00:00\" \/>\n<meta property=\"article:modified_time\" content=\"2019-01-31T11:41:28+00:00\" \/>\n<meta property=\"og:image\" content=\"https:\/\/diariotextual.com\/inicio\/wp-content\/uploads\/2019\/01\/restosavionsala.jpg\" \/>\n\t<meta property=\"og:image:width\" content=\"700\" \/>\n\t<meta property=\"og:image:height\" content=\"411\" \/>\n\t<meta property=\"og:image:type\" content=\"image\/jpeg\" \/>\n<meta name=\"author\" content=\"diario3\" \/>\n<meta name=\"twitter:card\" content=\"summary_large_image\" \/>\n<meta name=\"twitter:creator\" content=\"@eltextual\" \/>\n<meta name=\"twitter:site\" content=\"@eltextual\" \/>\n<meta name=\"twitter:label1\" content=\"Escrito por\" \/>\n\t<meta name=\"twitter:data1\" content=\"diario3\" \/>\n\t<meta name=\"twitter:label2\" content=\"Tiempo de lectura\" \/>\n\t<meta name=\"twitter:data2\" content=\"2 minutos\" \/>\n<script type=\"application\/ld+json\" class=\"yoast-schema-graph\">{\"@context\":\"https:\\\/\\\/schema.org\",\"@graph\":[{\"@type\":\"Article\",\"@id\":\"https:\\\/\\\/diariotextual.com\\\/inicio\\\/index.php\\\/2019\\\/01\\\/30\\\/busqueda-emiliano-sala-hallan-restos-lo-pudo-la-avioneta\\\/#article\",\"isPartOf\":{\"@id\":\"https:\\\/\\\/diariotextual.com\\\/inicio\\\/index.php\\\/2019\\\/01\\\/30\\\/busqueda-emiliano-sala-hallan-restos-lo-pudo-la-avioneta\\\/\"},\"author\":{\"name\":\"diario3\",\"@id\":\"https:\\\/\\\/diariotextual.com\\\/inicio\\\/#\\\/schema\\\/person\\\/a1b6f563e0ee944c60f98119389a4d9f\"},\"headline\":\"B\u00fasqueda de Emiliano Sala: hallan restos de lo que pudo ser la avioneta\",\"datePublished\":\"2019-01-30T20:25:04+00:00\",\"dateModified\":\"2019-01-31T11:41:28+00:00\",\"mainEntityOfPage\":{\"@id\":\"https:\\\/\\\/diariotextual.com\\\/inicio\\\/index.php\\\/2019\\\/01\\\/30\\\/busqueda-emiliano-sala-hallan-restos-lo-pudo-la-avioneta\\\/\"},\"wordCount\":379,\"publisher\":{\"@id\":\"https:\\\/\\\/diariotextual.com\\\/inicio\\\/#organization\"},\"image\":{\"@id\":\"https:\\\/\\\/diariotextual.com\\\/inicio\\\/index.php\\\/2019\\\/01\\\/30\\\/busqueda-emiliano-sala-hallan-restos-lo-pudo-la-avioneta\\\/#primaryimage\"},\"thumbnailUrl\":\"https:\\\/\\\/diariotextual.com\\\/inicio\\\/wp-content\\\/uploads\\\/2019\\\/01\\\/restosavionsala.jpg\",\"articleSection\":[\"A - ES NOTICIA (van abajo)\",\"A - TEMPORALES\",\"MUNDO\"],\"inLanguage\":\"es\"},{\"@type\":\"WebPage\",\"@id\":\"https:\\\/\\\/diariotextual.com\\\/inicio\\\/index.php\\\/2019\\\/01\\\/30\\\/busqueda-emiliano-sala-hallan-restos-lo-pudo-la-avioneta\\\/\",\"url\":\"https:\\\/\\\/diariotextual.com\\\/inicio\\\/index.php\\\/2019\\\/01\\\/30\\\/busqueda-emiliano-sala-hallan-restos-lo-pudo-la-avioneta\\\/\",\"name\":\"B\u00fasqueda de Emiliano Sala: hallan restos de lo que pudo ser la avioneta - Diario Textual\",\"isPartOf\":{\"@id\":\"https:\\\/\\\/diariotextual.com\\\/inicio\\\/#website\"},\"primaryImageOfPage\":{\"@id\":\"https:\\\/\\\/diariotextual.com\\\/inicio\\\/index.php\\\/2019\\\/01\\\/30\\\/busqueda-emiliano-sala-hallan-restos-lo-pudo-la-avioneta\\\/#primaryimage\"},\"image\":{\"@id\":\"https:\\\/\\\/diariotextual.com\\\/inicio\\\/index.php\\\/2019\\\/01\\\/30\\\/busqueda-emiliano-sala-hallan-restos-lo-pudo-la-avioneta\\\/#primaryimage\"},\"thumbnailUrl\":\"https:\\\/\\\/diariotextual.com\\\/inicio\\\/wp-content\\\/uploads\\\/2019\\\/01\\\/restosavionsala.jpg\",\"datePublished\":\"2019-01-30T20:25:04+00:00\",\"dateModified\":\"2019-01-31T11:41:28+00:00\",\"breadcrumb\":{\"@id\":\"https:\\\/\\\/diariotextual.com\\\/inicio\\\/index.php\\\/2019\\\/01\\\/30\\\/busqueda-emiliano-sala-hallan-restos-lo-pudo-la-avioneta\\\/#breadcrumb\"},\"inLanguage\":\"es\",\"potentialAction\":[{\"@type\":\"ReadAction\",\"target\":[\"https:\\\/\\\/diariotextual.com\\\/inicio\\\/index.php\\\/2019\\\/01\\\/30\\\/busqueda-emiliano-sala-hallan-restos-lo-pudo-la-avioneta\\\/\"]}]},{\"@type\":\"ImageObject\",\"inLanguage\":\"es\",\"@id\":\"https:\\\/\\\/diariotextual.com\\\/inicio\\\/index.php\\\/2019\\\/01\\\/30\\\/busqueda-emiliano-sala-hallan-restos-lo-pudo-la-avioneta\\\/#primaryimage\",\"url\":\"https:\\\/\\\/diariotextual.com\\\/inicio\\\/wp-content\\\/uploads\\\/2019\\\/01\\\/restosavionsala.jpg\",\"contentUrl\":\"https:\\\/\\\/diariotextual.com\\\/inicio\\\/wp-content\\\/uploads\\\/2019\\\/01\\\/restosavionsala.jpg\",\"width\":700,\"height\":411},{\"@type\":\"BreadcrumbList\",\"@id\":\"https:\\\/\\\/diariotextual.com\\\/inicio\\\/index.php\\\/2019\\\/01\\\/30\\\/busqueda-emiliano-sala-hallan-restos-lo-pudo-la-avioneta\\\/#breadcrumb\",\"itemListElement\":[{\"@type\":\"ListItem\",\"position\":1,\"name\":\"Portada\",\"item\":\"https:\\\/\\\/diariotextual.com\\\/inicio\\\/\"},{\"@type\":\"ListItem\",\"position\":2,\"name\":\"B\u00fasqueda de Emiliano Sala: hallan restos de lo que pudo ser la avioneta\"}]},{\"@type\":\"WebSite\",\"@id\":\"https:\\\/\\\/diariotextual.com\\\/inicio\\\/#website\",\"url\":\"https:\\\/\\\/diariotextual.com\\\/inicio\\\/\",\"name\":\"Diario Textual\",\"description\":\"\",\"publisher\":{\"@id\":\"https:\\\/\\\/diariotextual.com\\\/inicio\\\/#organization\"},\"potentialAction\":[{\"@type\":\"SearchAction\",\"target\":{\"@type\":\"EntryPoint\",\"urlTemplate\":\"https:\\\/\\\/diariotextual.com\\\/inicio\\\/?s={search_term_string}\"},\"query-input\":{\"@type\":\"PropertyValueSpecification\",\"valueRequired\":true,\"valueName\":\"search_term_string\"}}],\"inLanguage\":\"es\"},{\"@type\":\"Organization\",\"@id\":\"https:\\\/\\\/diariotextual.com\\\/inicio\\\/#organization\",\"name\":\"Diario Textual\",\"url\":\"https:\\\/\\\/diariotextual.com\\\/inicio\\\/\",\"logo\":{\"@type\":\"ImageObject\",\"inLanguage\":\"es\",\"@id\":\"https:\\\/\\\/diariotextual.com\\\/inicio\\\/#\\\/schema\\\/logo\\\/image\\\/\",\"url\":\"https:\\\/\\\/diariotextual.com\\\/inicio\\\/wp-content\\\/uploads\\\/2023\\\/05\\\/logotextual1.jpg\",\"contentUrl\":\"https:\\\/\\\/diariotextual.com\\\/inicio\\\/wp-content\\\/uploads\\\/2023\\\/05\\\/logotextual1.jpg\",\"width\":516,\"height\":76,\"caption\":\"Diario Textual\"},\"image\":{\"@id\":\"https:\\\/\\\/diariotextual.com\\\/inicio\\\/#\\\/schema\\\/logo\\\/image\\\/\"},\"sameAs\":[\"https:\\\/\\\/www.facebook.com\\\/eltextual\",\"https:\\\/\\\/x.com\\\/eltextual\",\"http:\\\/\\\/www.instagram.com\\\/eltextual\"]},{\"@type\":\"Person\",\"@id\":\"https:\\\/\\\/diariotextual.com\\\/inicio\\\/#\\\/schema\\\/person\\\/a1b6f563e0ee944c60f98119389a4d9f\",\"name\":\"diario3\",\"image\":{\"@type\":\"ImageObject\",\"inLanguage\":\"es\",\"@id\":\"https:\\\/\\\/secure.gravatar.com\\\/avatar\\\/5e7ee62c82fc04d9dd79d746a390d93c69c43223e5faeeb3ea9461ef752bfc5d?s=96&d=mm&r=g\",\"url\":\"https:\\\/\\\/secure.gravatar.com\\\/avatar\\\/5e7ee62c82fc04d9dd79d746a390d93c69c43223e5faeeb3ea9461ef752bfc5d?s=96&d=mm&r=g\",\"contentUrl\":\"https:\\\/\\\/secure.gravatar.com\\\/avatar\\\/5e7ee62c82fc04d9dd79d746a390d93c69c43223e5faeeb3ea9461ef752bfc5d?s=96&d=mm&r=g\",\"caption\":\"diario3\"},\"url\":\"https:\\\/\\\/diariotextual.com\\\/inicio\\\/index.php\\\/author\\\/diario3\\\/\"}]}<\/script>\n<!-- \/ Yoast SEO plugin. -->","yoast_head_json":{"title":"B\u00fasqueda de Emiliano Sala: hallan restos de lo que pudo ser la avioneta - Diario Textual","robots":{"index":"index","follow":"follow","max-snippet":"max-snippet:-1","max-image-preview":"max-image-preview:large","max-video-preview":"max-video-preview:-1"},"canonical":"https:\/\/diariotextual.com\/inicio\/index.php\/2019\/01\/30\/busqueda-emiliano-sala-hallan-restos-lo-pudo-la-avioneta\/","og_locale":"es_ES","og_type":"article","og_title":"B\u00fasqueda de Emiliano Sala: hallan restos de lo que pudo ser la avioneta - Diario Textual","og_description":"La Divisi\u00f3n de Investigaci\u00f3n de Accidentes A\u00e9reos de Gran Breta\u00f1a (AAIB, por sus siglas en ingl\u00e9s) asegur\u00f3 que han encontrado almohadones de la aeronave en la que desapareci\u00f3 Emiliano Sala&hellip;","og_url":"https:\/\/diariotextual.com\/inicio\/index.php\/2019\/01\/30\/busqueda-emiliano-sala-hallan-restos-lo-pudo-la-avioneta\/","og_site_name":"Diario Textual","article_publisher":"https:\/\/www.facebook.com\/eltextual","article_published_time":"2019-01-30T20:25:04+00:00","article_modified_time":"2019-01-31T11:41:28+00:00","og_image":[{"width":700,"height":411,"url":"https:\/\/diariotextual.com\/inicio\/wp-content\/uploads\/2019\/01\/restosavionsala.jpg","type":"image\/jpeg"}],"author":"diario3","twitter_card":"summary_large_image","twitter_creator":"@eltextual","twitter_site":"@eltextual","twitter_misc":{"Escrito por":"diario3","Tiempo de lectura":"2 minutos"},"schema":{"@context":"https:\/\/schema.org","@graph":[{"@type":"Article","@id":"https:\/\/diariotextual.com\/inicio\/index.php\/2019\/01\/30\/busqueda-emiliano-sala-hallan-restos-lo-pudo-la-avioneta\/#article","isPartOf":{"@id":"https:\/\/diariotextual.com\/inicio\/index.php\/2019\/01\/30\/busqueda-emiliano-sala-hallan-restos-lo-pudo-la-avioneta\/"},"author":{"name":"diario3","@id":"https:\/\/diariotextual.com\/inicio\/#\/schema\/person\/a1b6f563e0ee944c60f98119389a4d9f"},"headline":"B\u00fasqueda de Emiliano Sala: hallan restos de lo que pudo ser la avioneta","datePublished":"2019-01-30T20:25:04+00:00","dateModified":"2019-01-31T11:41:28+00:00","mainEntityOfPage":{"@id":"https:\/\/diariotextual.com\/inicio\/index.php\/2019\/01\/30\/busqueda-emiliano-sala-hallan-restos-lo-pudo-la-avioneta\/"},"wordCount":379,"publisher":{"@id":"https:\/\/diariotextual.com\/inicio\/#organization"},"image":{"@id":"https:\/\/diariotextual.com\/inicio\/index.php\/2019\/01\/30\/busqueda-emiliano-sala-hallan-restos-lo-pudo-la-avioneta\/#primaryimage"},"thumbnailUrl":"https:\/\/diariotextual.com\/inicio\/wp-content\/uploads\/2019\/01\/restosavionsala.jpg","articleSection":["A - ES NOTICIA (van abajo)","A - TEMPORALES","MUNDO"],"inLanguage":"es"},{"@type":"WebPage","@id":"https:\/\/diariotextual.com\/inicio\/index.php\/2019\/01\/30\/busqueda-emiliano-sala-hallan-restos-lo-pudo-la-avioneta\/","url":"https:\/\/diariotextual.com\/inicio\/index.php\/2019\/01\/30\/busqueda-emiliano-sala-hallan-restos-lo-pudo-la-avioneta\/","name":"B\u00fasqueda de Emiliano Sala: hallan restos de lo que pudo ser la avioneta - Diario Textual","isPartOf":{"@id":"https:\/\/diariotextual.com\/inicio\/#website"},"primaryImageOfPage":{"@id":"https:\/\/diariotextual.com\/inicio\/index.php\/2019\/01\/30\/busqueda-emiliano-sala-hallan-restos-lo-pudo-la-avioneta\/#primaryimage"},"image":{"@id":"https:\/\/diariotextual.com\/inicio\/index.php\/2019\/01\/30\/busqueda-emiliano-sala-hallan-restos-lo-pudo-la-avioneta\/#primaryimage"},"thumbnailUrl":"https:\/\/diariotextual.com\/inicio\/wp-content\/uploads\/2019\/01\/restosavionsala.jpg","datePublished":"2019-01-30T20:25:04+00:00","dateModified":"2019-01-31T11:41:28+00:00","breadcrumb":{"@id":"https:\/\/diariotextual.com\/inicio\/index.php\/2019\/01\/30\/busqueda-emiliano-sala-hallan-restos-lo-pudo-la-avioneta\/#breadcrumb"},"inLanguage":"es","potentialAction":[{"@type":"ReadAction","target":["https:\/\/diariotextual.com\/inicio\/index.php\/2019\/01\/30\/busqueda-emiliano-sala-hallan-restos-lo-pudo-la-avioneta\/"]}]},{"@type":"ImageObject","inLanguage":"es","@id":"https:\/\/diariotextual.com\/inicio\/index.php\/2019\/01\/30\/busqueda-emiliano-sala-hallan-restos-lo-pudo-la-avioneta\/#primaryimage","url":"https:\/\/diariotextual.com\/inicio\/wp-content\/uploads\/2019\/01\/restosavionsala.jpg","contentUrl":"https:\/\/diariotextual.com\/inicio\/wp-content\/uploads\/2019\/01\/restosavionsala.jpg","width":700,"height":411},{"@type":"BreadcrumbList","@id":"https:\/\/diariotextual.com\/inicio\/index.php\/2019\/01\/30\/busqueda-emiliano-sala-hallan-restos-lo-pudo-la-avioneta\/#breadcrumb","itemListElement":[{"@type":"ListItem","position":1,"name":"Portada","item":"https:\/\/diariotextual.com\/inicio\/"},{"@type":"ListItem","position":2,"name":"B\u00fasqueda de Emiliano Sala: hallan restos de lo que pudo ser la avioneta"}]},{"@type":"WebSite","@id":"https:\/\/diariotextual.com\/inicio\/#website","url":"https:\/\/diariotextual.com\/inicio\/","name":"Diario Textual","description":"","publisher":{"@id":"https:\/\/diariotextual.com\/inicio\/#organization"},"potentialAction":[{"@type":"SearchAction","target":{"@type":"EntryPoint","urlTemplate":"https:\/\/diariotextual.com\/inicio\/?s={search_term_string}"},"query-input":{"@type":"PropertyValueSpecification","valueRequired":true,"valueName":"search_term_string"}}],"inLanguage":"es"},{"@type":"Organization","@id":"https:\/\/diariotextual.com\/inicio\/#organization","name":"Diario Textual","url":"https:\/\/diariotextual.com\/inicio\/","logo":{"@type":"ImageObject","inLanguage":"es","@id":"https:\/\/diariotextual.com\/inicio\/#\/schema\/logo\/image\/","url":"https:\/\/diariotextual.com\/inicio\/wp-content\/uploads\/2023\/05\/logotextual1.jpg","contentUrl":"https:\/\/diariotextual.com\/inicio\/wp-content\/uploads\/2023\/05\/logotextual1.jpg","width":516,"height":76,"caption":"Diario Textual"},"image":{"@id":"https:\/\/diariotextual.com\/inicio\/#\/schema\/logo\/image\/"},"sameAs":["https:\/\/www.facebook.com\/eltextual","https:\/\/x.com\/eltextual","http:\/\/www.instagram.com\/eltextual"]},{"@type":"Person","@id":"https:\/\/diariotextual.com\/inicio\/#\/schema\/person\/a1b6f563e0ee944c60f98119389a4d9f","name":"diario3","image":{"@type":"ImageObject","inLanguage":"es","@id":"https:\/\/secure.gravatar.com\/avatar\/5e7ee62c82fc04d9dd79d746a390d93c69c43223e5faeeb3ea9461ef752bfc5d?s=96&d=mm&r=g","url":"https:\/\/secure.gravatar.com\/avatar\/5e7ee62c82fc04d9dd79d746a390d93c69c43223e5faeeb3ea9461ef752bfc5d?s=96&d=mm&r=g","contentUrl":"https:\/\/secure.gravatar.com\/avatar\/5e7ee62c82fc04d9dd79d746a390d93c69c43223e5faeeb3ea9461ef752bfc5d?s=96&d=mm&r=g","caption":"diario3"},"url":"https:\/\/diariotextual.com\/inicio\/index.php\/author\/diario3\/"}]}},"_links":{"self":[{"href":"https:\/\/diariotextual.com\/inicio\/index.php\/wp-json\/wp\/v2\/posts\/36268","targetHints":{"allow":["GET"]}}],"collection":[{"href":"https:\/\/diariotextual.com\/inicio\/index.php\/wp-json\/wp\/v2\/posts"}],"about":[{"href":"https:\/\/diariotextual.com\/inicio\/index.php\/wp-json\/wp\/v2\/types\/post"}],"author":[{"embeddable":true,"href":"https:\/\/diariotextual.com\/inicio\/index.php\/wp-json\/wp\/v2\/users\/5"}],"replies":[{"embeddable":true,"href":"https:\/\/diariotextual.com\/inicio\/index.php\/wp-json\/wp\/v2\/comments?post=36268"}],"version-history":[{"count":1,"href":"https:\/\/diariotextual.com\/inicio\/index.php\/wp-json\/wp\/v2\/posts\/36268\/revisions"}],"predecessor-version":[{"id":36270,"href":"https:\/\/diariotextual.com\/inicio\/index.php\/wp-json\/wp\/v2\/posts\/36268\/revisions\/36270"}],"wp:featuredmedia":[{"embeddable":true,"href":"https:\/\/diariotextual.com\/inicio\/index.php\/wp-json\/wp\/v2\/media\/36269"}],"wp:attachment":[{"href":"https:\/\/diariotextual.com\/inicio\/index.php\/wp-json\/wp\/v2\/media?parent=36268"}],"wp:term":[{"taxonomy":"category","embeddable":true,"href":"https:\/\/diariotextual.com\/inicio\/index.php\/wp-json\/wp\/v2\/categories?post=36268"},{"taxonomy":"post_tag","embeddable":true,"href":"https:\/\/diariotextual.com\/inicio\/index.php\/wp-json\/wp\/v2\/tags?post=36268"}],"curies":[{"name":"wp","href":"https:\/\/api.w.org\/{rel}","templated":true}]}}