{"id":36444,"date":"2019-01-31T21:48:28","date_gmt":"2019-02-01T00:48:28","guid":{"rendered":"http:\/\/diariotextual.com\/inicio\/?p=36444"},"modified":"2019-01-31T21:48:28","modified_gmt":"2019-02-01T00:48:28","slug":"lula-cumple-300-dias-prision-pt-lucha-nominacion-al-nobel-paz","status":"publish","type":"post","link":"https:\/\/diariotextual.com\/inicio\/index.php\/2019\/01\/31\/lula-cumple-300-dias-prision-pt-lucha-nominacion-al-nobel-paz\/","title":{"rendered":"Lula cumple 300 d\u00edas en prisi\u00f3n y el PT lucha por su nominaci\u00f3n al Nobel de Paz"},"content":{"rendered":"<p>El expresidente de Brasil Luiz In\u00e1cio Lula da Silva cumpli\u00f3 este jueves 300 d\u00edas en prisi\u00f3n, fecha que coincide con el t\u00e9rmino del plazo para las nominaciones de posibles aspirantes al Premio Nobel de la Paz, para el que el Partido de los Trabajadores (PT) impuls\u00f3 una intensa campa\u00f1a a favor del exmandatario.<\/p>\n<p><!--more--><\/p>\n<p>A lo largo de 10 meses, el ex l\u00edder sindical recibi\u00f3 centenares de visitas, entre ellas el ex presidente uruguayo Jos\u00e9 \u00abPepe\u00bb Mujica, el eurodiputado italiano Roberto Gualtieri, el premio Nobel de la Paz argentino Adolfo P\u00e9rez Esquivel y el ex jefe del Partido Social Dem\u00f3crata alem\u00e1n Martin Schulz.<\/p>\n<p>El exmandatario brasile\u00f1o, quien gobern\u00f3 el pa\u00eds entre 2003 y 2010, est\u00e1 preso desde el 7 de abril pasado en la sede de la Polic\u00eda Federal de Curitiba, capital del sure\u00f1o estado de Paran\u00e1, donde cumple una condena de 12 a\u00f1os y un mes por corrupci\u00f3n y lavado de dinero.<\/p>\n<p>En 1980, Lula pas\u00f3 31 d\u00edas encarcelado por haber desafiado la dictadura militar que comandaba el pa\u00eds en aquel entonces, y, cuatro d\u00e9cadas despu\u00e9s, sostiene que ha vuelto a ser un \u00abpreso pol\u00edtico\u00bb.<\/p>\n<p>Bajo esta consigna, el PT se uni\u00f3 a la campa\u00f1a iniciada por P\u00e9rez Esquivel e intensific\u00f3 los clamores para que Lula sea candidato de ese reconocimiento este a\u00f1o.<\/p>\n","protected":false},"excerpt":{"rendered":"<p>El expresidente de Brasil Luiz In\u00e1cio Lula da Silva cumpli\u00f3 este jueves 300 d\u00edas en prisi\u00f3n, fecha que coincide con el t\u00e9rmino del plazo para las nominaciones de posibles aspirantes&hellip;<\/p>\n","protected":false},"author":5,"featured_media":13003,"comment_status":"closed","ping_status":"open","sticky":false,"template":"","format":"standard","meta":{"_acf_changed":false,"footnotes":""},"categories":[11,7],"tags":[],"class_list":["post-36444","post","type-post","status-publish","format-standard","has-post-thumbnail","hentry","category-que-pasa","category-mundo"],"acf":[],"yoast_head":"<!-- This site is optimized with the Yoast SEO plugin v27.4 - https:\/\/yoast.com\/product\/yoast-seo-wordpress\/ -->\n<title>Lula cumple 300 d\u00edas en prisi\u00f3n y el PT lucha por su nominaci\u00f3n al Nobel de Paz - Diario Textual<\/title>\n<meta name=\"robots\" content=\"index, follow, max-snippet:-1, max-image-preview:large, max-video-preview:-1\" \/>\n<link rel=\"canonical\" href=\"https:\/\/diariotextual.com\/inicio\/index.php\/2019\/01\/31\/lula-cumple-300-dias-prision-pt-lucha-nominacion-al-nobel-paz\/\" \/>\n<meta property=\"og:locale\" content=\"es_ES\" \/>\n<meta property=\"og:type\" content=\"article\" \/>\n<meta property=\"og:title\" content=\"Lula cumple 300 d\u00edas en prisi\u00f3n y el PT lucha por su nominaci\u00f3n al Nobel de Paz - Diario Textual\" \/>\n<meta property=\"og:description\" content=\"El expresidente de Brasil Luiz In\u00e1cio Lula da Silva cumpli\u00f3 este jueves 300 d\u00edas en prisi\u00f3n, fecha que coincide con el t\u00e9rmino del plazo para las nominaciones de posibles aspirantes&hellip;\" \/>\n<meta property=\"og:url\" content=\"https:\/\/diariotextual.com\/inicio\/index.php\/2019\/01\/31\/lula-cumple-300-dias-prision-pt-lucha-nominacion-al-nobel-paz\/\" \/>\n<meta property=\"og:site_name\" content=\"Diario Textual\" \/>\n<meta property=\"article:publisher\" content=\"https:\/\/www.facebook.com\/eltextual\" \/>\n<meta property=\"article:published_time\" content=\"2019-02-01T00:48:28+00:00\" \/>\n<meta property=\"og:image\" content=\"https:\/\/diariotextual.com\/inicio\/wp-content\/uploads\/2018\/07\/luladasilva13345.jpg\" \/>\n\t<meta property=\"og:image:width\" content=\"750\" \/>\n\t<meta property=\"og:image:height\" content=\"500\" \/>\n\t<meta property=\"og:image:type\" content=\"image\/jpeg\" \/>\n<meta name=\"author\" content=\"diario3\" \/>\n<meta name=\"twitter:card\" content=\"summary_large_image\" \/>\n<meta name=\"twitter:creator\" content=\"@eltextual\" \/>\n<meta name=\"twitter:site\" content=\"@eltextual\" \/>\n<meta name=\"twitter:label1\" content=\"Escrito por\" \/>\n\t<meta name=\"twitter:data1\" content=\"diario3\" \/>\n\t<meta name=\"twitter:label2\" content=\"Tiempo de lectura\" \/>\n\t<meta name=\"twitter:data2\" content=\"1 minuto\" \/>\n<script type=\"application\/ld+json\" class=\"yoast-schema-graph\">{\"@context\":\"https:\\\/\\\/schema.org\",\"@graph\":[{\"@type\":\"Article\",\"@id\":\"https:\\\/\\\/diariotextual.com\\\/inicio\\\/index.php\\\/2019\\\/01\\\/31\\\/lula-cumple-300-dias-prision-pt-lucha-nominacion-al-nobel-paz\\\/#article\",\"isPartOf\":{\"@id\":\"https:\\\/\\\/diariotextual.com\\\/inicio\\\/index.php\\\/2019\\\/01\\\/31\\\/lula-cumple-300-dias-prision-pt-lucha-nominacion-al-nobel-paz\\\/\"},\"author\":{\"name\":\"diario3\",\"@id\":\"https:\\\/\\\/diariotextual.com\\\/inicio\\\/#\\\/schema\\\/person\\\/a1b6f563e0ee944c60f98119389a4d9f\"},\"headline\":\"Lula cumple 300 d\u00edas en prisi\u00f3n y el PT lucha por su nominaci\u00f3n al Nobel de Paz\",\"datePublished\":\"2019-02-01T00:48:28+00:00\",\"mainEntityOfPage\":{\"@id\":\"https:\\\/\\\/diariotextual.com\\\/inicio\\\/index.php\\\/2019\\\/01\\\/31\\\/lula-cumple-300-dias-prision-pt-lucha-nominacion-al-nobel-paz\\\/\"},\"wordCount\":247,\"publisher\":{\"@id\":\"https:\\\/\\\/diariotextual.com\\\/inicio\\\/#organization\"},\"image\":{\"@id\":\"https:\\\/\\\/diariotextual.com\\\/inicio\\\/index.php\\\/2019\\\/01\\\/31\\\/lula-cumple-300-dias-prision-pt-lucha-nominacion-al-nobel-paz\\\/#primaryimage\"},\"thumbnailUrl\":\"https:\\\/\\\/diariotextual.com\\\/inicio\\\/wp-content\\\/uploads\\\/2018\\\/07\\\/luladasilva13345.jpg\",\"articleSection\":[\"A - QUE PASA (al costado)\",\"MUNDO\"],\"inLanguage\":\"es\"},{\"@type\":\"WebPage\",\"@id\":\"https:\\\/\\\/diariotextual.com\\\/inicio\\\/index.php\\\/2019\\\/01\\\/31\\\/lula-cumple-300-dias-prision-pt-lucha-nominacion-al-nobel-paz\\\/\",\"url\":\"https:\\\/\\\/diariotextual.com\\\/inicio\\\/index.php\\\/2019\\\/01\\\/31\\\/lula-cumple-300-dias-prision-pt-lucha-nominacion-al-nobel-paz\\\/\",\"name\":\"Lula cumple 300 d\u00edas en prisi\u00f3n y el PT lucha por su nominaci\u00f3n al Nobel de Paz - Diario Textual\",\"isPartOf\":{\"@id\":\"https:\\\/\\\/diariotextual.com\\\/inicio\\\/#website\"},\"primaryImageOfPage\":{\"@id\":\"https:\\\/\\\/diariotextual.com\\\/inicio\\\/index.php\\\/2019\\\/01\\\/31\\\/lula-cumple-300-dias-prision-pt-lucha-nominacion-al-nobel-paz\\\/#primaryimage\"},\"image\":{\"@id\":\"https:\\\/\\\/diariotextual.com\\\/inicio\\\/index.php\\\/2019\\\/01\\\/31\\\/lula-cumple-300-dias-prision-pt-lucha-nominacion-al-nobel-paz\\\/#primaryimage\"},\"thumbnailUrl\":\"https:\\\/\\\/diariotextual.com\\\/inicio\\\/wp-content\\\/uploads\\\/2018\\\/07\\\/luladasilva13345.jpg\",\"datePublished\":\"2019-02-01T00:48:28+00:00\",\"breadcrumb\":{\"@id\":\"https:\\\/\\\/diariotextual.com\\\/inicio\\\/index.php\\\/2019\\\/01\\\/31\\\/lula-cumple-300-dias-prision-pt-lucha-nominacion-al-nobel-paz\\\/#breadcrumb\"},\"inLanguage\":\"es\",\"potentialAction\":[{\"@type\":\"ReadAction\",\"target\":[\"https:\\\/\\\/diariotextual.com\\\/inicio\\\/index.php\\\/2019\\\/01\\\/31\\\/lula-cumple-300-dias-prision-pt-lucha-nominacion-al-nobel-paz\\\/\"]}]},{\"@type\":\"ImageObject\",\"inLanguage\":\"es\",\"@id\":\"https:\\\/\\\/diariotextual.com\\\/inicio\\\/index.php\\\/2019\\\/01\\\/31\\\/lula-cumple-300-dias-prision-pt-lucha-nominacion-al-nobel-paz\\\/#primaryimage\",\"url\":\"https:\\\/\\\/diariotextual.com\\\/inicio\\\/wp-content\\\/uploads\\\/2018\\\/07\\\/luladasilva13345.jpg\",\"contentUrl\":\"https:\\\/\\\/diariotextual.com\\\/inicio\\\/wp-content\\\/uploads\\\/2018\\\/07\\\/luladasilva13345.jpg\",\"width\":750,\"height\":500,\"caption\":\"Brazilian former President Luiz Inacio Lula da Silva looks on prior to deliver a speech outside the metallurgic union headquarter in Sao Bernardo do Campo, Brazil, Saturday, April 7, 2018. (AP Photo\\\/Andre Penner)\"},{\"@type\":\"BreadcrumbList\",\"@id\":\"https:\\\/\\\/diariotextual.com\\\/inicio\\\/index.php\\\/2019\\\/01\\\/31\\\/lula-cumple-300-dias-prision-pt-lucha-nominacion-al-nobel-paz\\\/#breadcrumb\",\"itemListElement\":[{\"@type\":\"ListItem\",\"position\":1,\"name\":\"Portada\",\"item\":\"https:\\\/\\\/diariotextual.com\\\/inicio\\\/\"},{\"@type\":\"ListItem\",\"position\":2,\"name\":\"Lula cumple 300 d\u00edas en prisi\u00f3n y el PT lucha por su nominaci\u00f3n al Nobel de Paz\"}]},{\"@type\":\"WebSite\",\"@id\":\"https:\\\/\\\/diariotextual.com\\\/inicio\\\/#website\",\"url\":\"https:\\\/\\\/diariotextual.com\\\/inicio\\\/\",\"name\":\"Diario Textual\",\"description\":\"\",\"publisher\":{\"@id\":\"https:\\\/\\\/diariotextual.com\\\/inicio\\\/#organization\"},\"potentialAction\":[{\"@type\":\"SearchAction\",\"target\":{\"@type\":\"EntryPoint\",\"urlTemplate\":\"https:\\\/\\\/diariotextual.com\\\/inicio\\\/?s={search_term_string}\"},\"query-input\":{\"@type\":\"PropertyValueSpecification\",\"valueRequired\":true,\"valueName\":\"search_term_string\"}}],\"inLanguage\":\"es\"},{\"@type\":\"Organization\",\"@id\":\"https:\\\/\\\/diariotextual.com\\\/inicio\\\/#organization\",\"name\":\"Diario Textual\",\"url\":\"https:\\\/\\\/diariotextual.com\\\/inicio\\\/\",\"logo\":{\"@type\":\"ImageObject\",\"inLanguage\":\"es\",\"@id\":\"https:\\\/\\\/diariotextual.com\\\/inicio\\\/#\\\/schema\\\/logo\\\/image\\\/\",\"url\":\"https:\\\/\\\/diariotextual.com\\\/inicio\\\/wp-content\\\/uploads\\\/2023\\\/05\\\/logotextual1.jpg\",\"contentUrl\":\"https:\\\/\\\/diariotextual.com\\\/inicio\\\/wp-content\\\/uploads\\\/2023\\\/05\\\/logotextual1.jpg\",\"width\":516,\"height\":76,\"caption\":\"Diario Textual\"},\"image\":{\"@id\":\"https:\\\/\\\/diariotextual.com\\\/inicio\\\/#\\\/schema\\\/logo\\\/image\\\/\"},\"sameAs\":[\"https:\\\/\\\/www.facebook.com\\\/eltextual\",\"https:\\\/\\\/x.com\\\/eltextual\",\"http:\\\/\\\/www.instagram.com\\\/eltextual\"]},{\"@type\":\"Person\",\"@id\":\"https:\\\/\\\/diariotextual.com\\\/inicio\\\/#\\\/schema\\\/person\\\/a1b6f563e0ee944c60f98119389a4d9f\",\"name\":\"diario3\",\"image\":{\"@type\":\"ImageObject\",\"inLanguage\":\"es\",\"@id\":\"https:\\\/\\\/secure.gravatar.com\\\/avatar\\\/5e7ee62c82fc04d9dd79d746a390d93c69c43223e5faeeb3ea9461ef752bfc5d?s=96&d=mm&r=g\",\"url\":\"https:\\\/\\\/secure.gravatar.com\\\/avatar\\\/5e7ee62c82fc04d9dd79d746a390d93c69c43223e5faeeb3ea9461ef752bfc5d?s=96&d=mm&r=g\",\"contentUrl\":\"https:\\\/\\\/secure.gravatar.com\\\/avatar\\\/5e7ee62c82fc04d9dd79d746a390d93c69c43223e5faeeb3ea9461ef752bfc5d?s=96&d=mm&r=g\",\"caption\":\"diario3\"},\"url\":\"https:\\\/\\\/diariotextual.com\\\/inicio\\\/index.php\\\/author\\\/diario3\\\/\"}]}<\/script>\n<!-- \/ Yoast SEO plugin. -->","yoast_head_json":{"title":"Lula cumple 300 d\u00edas en prisi\u00f3n y el PT lucha por su nominaci\u00f3n al Nobel de Paz - Diario Textual","robots":{"index":"index","follow":"follow","max-snippet":"max-snippet:-1","max-image-preview":"max-image-preview:large","max-video-preview":"max-video-preview:-1"},"canonical":"https:\/\/diariotextual.com\/inicio\/index.php\/2019\/01\/31\/lula-cumple-300-dias-prision-pt-lucha-nominacion-al-nobel-paz\/","og_locale":"es_ES","og_type":"article","og_title":"Lula cumple 300 d\u00edas en prisi\u00f3n y el PT lucha por su nominaci\u00f3n al Nobel de Paz - Diario Textual","og_description":"El expresidente de Brasil Luiz In\u00e1cio Lula da Silva cumpli\u00f3 este jueves 300 d\u00edas en prisi\u00f3n, fecha que coincide con el t\u00e9rmino del plazo para las nominaciones de posibles aspirantes&hellip;","og_url":"https:\/\/diariotextual.com\/inicio\/index.php\/2019\/01\/31\/lula-cumple-300-dias-prision-pt-lucha-nominacion-al-nobel-paz\/","og_site_name":"Diario Textual","article_publisher":"https:\/\/www.facebook.com\/eltextual","article_published_time":"2019-02-01T00:48:28+00:00","og_image":[{"width":750,"height":500,"url":"https:\/\/diariotextual.com\/inicio\/wp-content\/uploads\/2018\/07\/luladasilva13345.jpg","type":"image\/jpeg"}],"author":"diario3","twitter_card":"summary_large_image","twitter_creator":"@eltextual","twitter_site":"@eltextual","twitter_misc":{"Escrito por":"diario3","Tiempo de lectura":"1 minuto"},"schema":{"@context":"https:\/\/schema.org","@graph":[{"@type":"Article","@id":"https:\/\/diariotextual.com\/inicio\/index.php\/2019\/01\/31\/lula-cumple-300-dias-prision-pt-lucha-nominacion-al-nobel-paz\/#article","isPartOf":{"@id":"https:\/\/diariotextual.com\/inicio\/index.php\/2019\/01\/31\/lula-cumple-300-dias-prision-pt-lucha-nominacion-al-nobel-paz\/"},"author":{"name":"diario3","@id":"https:\/\/diariotextual.com\/inicio\/#\/schema\/person\/a1b6f563e0ee944c60f98119389a4d9f"},"headline":"Lula cumple 300 d\u00edas en prisi\u00f3n y el PT lucha por su nominaci\u00f3n al Nobel de Paz","datePublished":"2019-02-01T00:48:28+00:00","mainEntityOfPage":{"@id":"https:\/\/diariotextual.com\/inicio\/index.php\/2019\/01\/31\/lula-cumple-300-dias-prision-pt-lucha-nominacion-al-nobel-paz\/"},"wordCount":247,"publisher":{"@id":"https:\/\/diariotextual.com\/inicio\/#organization"},"image":{"@id":"https:\/\/diariotextual.com\/inicio\/index.php\/2019\/01\/31\/lula-cumple-300-dias-prision-pt-lucha-nominacion-al-nobel-paz\/#primaryimage"},"thumbnailUrl":"https:\/\/diariotextual.com\/inicio\/wp-content\/uploads\/2018\/07\/luladasilva13345.jpg","articleSection":["A - QUE PASA (al costado)","MUNDO"],"inLanguage":"es"},{"@type":"WebPage","@id":"https:\/\/diariotextual.com\/inicio\/index.php\/2019\/01\/31\/lula-cumple-300-dias-prision-pt-lucha-nominacion-al-nobel-paz\/","url":"https:\/\/diariotextual.com\/inicio\/index.php\/2019\/01\/31\/lula-cumple-300-dias-prision-pt-lucha-nominacion-al-nobel-paz\/","name":"Lula cumple 300 d\u00edas en prisi\u00f3n y el PT lucha por su nominaci\u00f3n al Nobel de Paz - Diario Textual","isPartOf":{"@id":"https:\/\/diariotextual.com\/inicio\/#website"},"primaryImageOfPage":{"@id":"https:\/\/diariotextual.com\/inicio\/index.php\/2019\/01\/31\/lula-cumple-300-dias-prision-pt-lucha-nominacion-al-nobel-paz\/#primaryimage"},"image":{"@id":"https:\/\/diariotextual.com\/inicio\/index.php\/2019\/01\/31\/lula-cumple-300-dias-prision-pt-lucha-nominacion-al-nobel-paz\/#primaryimage"},"thumbnailUrl":"https:\/\/diariotextual.com\/inicio\/wp-content\/uploads\/2018\/07\/luladasilva13345.jpg","datePublished":"2019-02-01T00:48:28+00:00","breadcrumb":{"@id":"https:\/\/diariotextual.com\/inicio\/index.php\/2019\/01\/31\/lula-cumple-300-dias-prision-pt-lucha-nominacion-al-nobel-paz\/#breadcrumb"},"inLanguage":"es","potentialAction":[{"@type":"ReadAction","target":["https:\/\/diariotextual.com\/inicio\/index.php\/2019\/01\/31\/lula-cumple-300-dias-prision-pt-lucha-nominacion-al-nobel-paz\/"]}]},{"@type":"ImageObject","inLanguage":"es","@id":"https:\/\/diariotextual.com\/inicio\/index.php\/2019\/01\/31\/lula-cumple-300-dias-prision-pt-lucha-nominacion-al-nobel-paz\/#primaryimage","url":"https:\/\/diariotextual.com\/inicio\/wp-content\/uploads\/2018\/07\/luladasilva13345.jpg","contentUrl":"https:\/\/diariotextual.com\/inicio\/wp-content\/uploads\/2018\/07\/luladasilva13345.jpg","width":750,"height":500,"caption":"Brazilian former President Luiz Inacio Lula da Silva looks on prior to deliver a speech outside the metallurgic union headquarter in Sao Bernardo do Campo, Brazil, Saturday, April 7, 2018. (AP Photo\/Andre Penner)"},{"@type":"BreadcrumbList","@id":"https:\/\/diariotextual.com\/inicio\/index.php\/2019\/01\/31\/lula-cumple-300-dias-prision-pt-lucha-nominacion-al-nobel-paz\/#breadcrumb","itemListElement":[{"@type":"ListItem","position":1,"name":"Portada","item":"https:\/\/diariotextual.com\/inicio\/"},{"@type":"ListItem","position":2,"name":"Lula cumple 300 d\u00edas en prisi\u00f3n y el PT lucha por su nominaci\u00f3n al Nobel de Paz"}]},{"@type":"WebSite","@id":"https:\/\/diariotextual.com\/inicio\/#website","url":"https:\/\/diariotextual.com\/inicio\/","name":"Diario Textual","description":"","publisher":{"@id":"https:\/\/diariotextual.com\/inicio\/#organization"},"potentialAction":[{"@type":"SearchAction","target":{"@type":"EntryPoint","urlTemplate":"https:\/\/diariotextual.com\/inicio\/?s={search_term_string}"},"query-input":{"@type":"PropertyValueSpecification","valueRequired":true,"valueName":"search_term_string"}}],"inLanguage":"es"},{"@type":"Organization","@id":"https:\/\/diariotextual.com\/inicio\/#organization","name":"Diario Textual","url":"https:\/\/diariotextual.com\/inicio\/","logo":{"@type":"ImageObject","inLanguage":"es","@id":"https:\/\/diariotextual.com\/inicio\/#\/schema\/logo\/image\/","url":"https:\/\/diariotextual.com\/inicio\/wp-content\/uploads\/2023\/05\/logotextual1.jpg","contentUrl":"https:\/\/diariotextual.com\/inicio\/wp-content\/uploads\/2023\/05\/logotextual1.jpg","width":516,"height":76,"caption":"Diario Textual"},"image":{"@id":"https:\/\/diariotextual.com\/inicio\/#\/schema\/logo\/image\/"},"sameAs":["https:\/\/www.facebook.com\/eltextual","https:\/\/x.com\/eltextual","http:\/\/www.instagram.com\/eltextual"]},{"@type":"Person","@id":"https:\/\/diariotextual.com\/inicio\/#\/schema\/person\/a1b6f563e0ee944c60f98119389a4d9f","name":"diario3","image":{"@type":"ImageObject","inLanguage":"es","@id":"https:\/\/secure.gravatar.com\/avatar\/5e7ee62c82fc04d9dd79d746a390d93c69c43223e5faeeb3ea9461ef752bfc5d?s=96&d=mm&r=g","url":"https:\/\/secure.gravatar.com\/avatar\/5e7ee62c82fc04d9dd79d746a390d93c69c43223e5faeeb3ea9461ef752bfc5d?s=96&d=mm&r=g","contentUrl":"https:\/\/secure.gravatar.com\/avatar\/5e7ee62c82fc04d9dd79d746a390d93c69c43223e5faeeb3ea9461ef752bfc5d?s=96&d=mm&r=g","caption":"diario3"},"url":"https:\/\/diariotextual.com\/inicio\/index.php\/author\/diario3\/"}]}},"_links":{"self":[{"href":"https:\/\/diariotextual.com\/inicio\/index.php\/wp-json\/wp\/v2\/posts\/36444","targetHints":{"allow":["GET"]}}],"collection":[{"href":"https:\/\/diariotextual.com\/inicio\/index.php\/wp-json\/wp\/v2\/posts"}],"about":[{"href":"https:\/\/diariotextual.com\/inicio\/index.php\/wp-json\/wp\/v2\/types\/post"}],"author":[{"embeddable":true,"href":"https:\/\/diariotextual.com\/inicio\/index.php\/wp-json\/wp\/v2\/users\/5"}],"replies":[{"embeddable":true,"href":"https:\/\/diariotextual.com\/inicio\/index.php\/wp-json\/wp\/v2\/comments?post=36444"}],"version-history":[{"count":1,"href":"https:\/\/diariotextual.com\/inicio\/index.php\/wp-json\/wp\/v2\/posts\/36444\/revisions"}],"predecessor-version":[{"id":36445,"href":"https:\/\/diariotextual.com\/inicio\/index.php\/wp-json\/wp\/v2\/posts\/36444\/revisions\/36445"}],"wp:featuredmedia":[{"embeddable":true,"href":"https:\/\/diariotextual.com\/inicio\/index.php\/wp-json\/wp\/v2\/media\/13003"}],"wp:attachment":[{"href":"https:\/\/diariotextual.com\/inicio\/index.php\/wp-json\/wp\/v2\/media?parent=36444"}],"wp:term":[{"taxonomy":"category","embeddable":true,"href":"https:\/\/diariotextual.com\/inicio\/index.php\/wp-json\/wp\/v2\/categories?post=36444"},{"taxonomy":"post_tag","embeddable":true,"href":"https:\/\/diariotextual.com\/inicio\/index.php\/wp-json\/wp\/v2\/tags?post=36444"}],"curies":[{"name":"wp","href":"https:\/\/api.w.org\/{rel}","templated":true}]}}