{"id":3686,"date":"2018-04-03T20:17:06","date_gmt":"2018-04-03T20:17:06","guid":{"rendered":"http:\/\/diariotextual.com\/inicio\/?p=3686"},"modified":"2018-04-04T10:41:51","modified_gmt":"2018-04-04T10:41:51","slug":"lula-manana-se-define-ira-prision","status":"publish","type":"post","link":"https:\/\/diariotextual.com\/inicio\/index.php\/2018\/04\/03\/lula-manana-se-define-ira-prision\/","title":{"rendered":"Lula: se define si ir\u00e1 a prisi\u00f3n"},"content":{"rendered":"<p>El expresidente brasile\u00f1o Luiz In\u00e1cio Lula da Silva, condenado a 12 a\u00f1os de prisi\u00f3n por presunta corrupci\u00f3n y lavado de dinero, reiter\u00f3 en R\u00edo de Janeiro su deseo de ser nuevamente candidato, para lo que necesita que le \u00abdevuelvan su inocencia\u00bb. Este mi\u00e9rcoles la Corte Suprema decide si ir\u00e1 a prisi\u00f3n.<\/p>\n<p><!--more--><\/p>\n<p>Lula, favorito en todas las encuestas para las elecciones de octubre, fue condenado por supuestamente haber recibido un departamento en el popular balneario Guaruj\u00e1 como soborno de la constructora OAS.<\/p>\n<p>Sin embargo, ninguna prueba pudo vincular al exmandatario efectivamente con el departamento. Eso no impidi\u00f3 que el Tribunal Regional Federal de Porto Alegre confirmara una condena de primera instancia y elevara la pena a 12 a\u00f1os y un mes de prisi\u00f3n.<\/p>\n<p>Ese tribunal ya orden\u00f3 arrestar al l\u00edder del Partido de los Trabajadores (PT), pero el Supremo Tribunal Federal (STF) habilit\u00f3 el pasado 22 de marzo tratar un recurso de habeas corpus sobre el que se pronunciar\u00e1 ma\u00f1ana.<\/p>\n<p>\u00abNo van a encarcelar mis pensamientos ni mis sue\u00f1os\u00bb, advirti\u00f3 el exmandatario ante cerca de 5.000 seguidores que lo acompa\u00f1aron en su \u00faltimo acto proselitista antes de que la Corte Suprema decida ma\u00f1ana si va a prisi\u00f3n o recibe el h\u00e1beas corpus solicitado por su defensa.<\/p>\n<p>Lula afirm\u00f3 que exige un juicio justo \u00abno por el derecho a una candidatura sino por el derecho a respetar los derechos\u00bb.<\/p>\n<p>\u00abEspero que la Corte Suprema haga justicia\u00bb, expres\u00f3 Lula luego de criticar a la Fiscal\u00eda, la Polic\u00eda Federal, a los magistrados del Tribunal Regional Federal de la Cuarta Regi\u00f3n de Porto Alegre, al juez Sergio Moro y al canal Globo, a los que trat\u00f3 de \u00abmentirosos\u00bb y \u00abdictadores\u00bb y los acus\u00f3 de perseguirlo.<\/p>\n<p>La izquierda brasile\u00f1a le reiter\u00f3 su apoyo incondicional y amenaz\u00f3 con declarar una \u00abguerra civil\u00bb si el expresidente va preso.<\/p>\n","protected":false},"excerpt":{"rendered":"<p>El expresidente brasile\u00f1o Luiz In\u00e1cio Lula da Silva, condenado a 12 a\u00f1os de prisi\u00f3n por presunta corrupci\u00f3n y lavado de dinero, reiter\u00f3 en R\u00edo de Janeiro su deseo de ser&hellip;<\/p>\n","protected":false},"author":3,"featured_media":3687,"comment_status":"open","ping_status":"open","sticky":false,"template":"","format":"standard","meta":{"_acf_changed":false,"footnotes":""},"categories":[1,7],"tags":[],"class_list":["post-3686","post","type-post","status-publish","format-standard","has-post-thumbnail","hentry","category-es-noticia","category-mundo"],"acf":[],"yoast_head":"<!-- This site is optimized with the Yoast SEO plugin v27.5 - https:\/\/yoast.com\/product\/yoast-seo-wordpress\/ -->\n<title>Lula: se define si ir\u00e1 a prisi\u00f3n - Diario Textual<\/title>\n<meta name=\"robots\" content=\"index, follow, max-snippet:-1, max-image-preview:large, max-video-preview:-1\" \/>\n<link rel=\"canonical\" href=\"https:\/\/diariotextual.com\/inicio\/index.php\/2018\/04\/03\/lula-manana-se-define-ira-prision\/\" \/>\n<meta property=\"og:locale\" content=\"es_ES\" \/>\n<meta property=\"og:type\" content=\"article\" \/>\n<meta property=\"og:title\" content=\"Lula: se define si ir\u00e1 a prisi\u00f3n - Diario Textual\" \/>\n<meta property=\"og:description\" content=\"El expresidente brasile\u00f1o Luiz In\u00e1cio Lula da Silva, condenado a 12 a\u00f1os de prisi\u00f3n por presunta corrupci\u00f3n y lavado de dinero, reiter\u00f3 en R\u00edo de Janeiro su deseo de ser&hellip;\" \/>\n<meta property=\"og:url\" content=\"https:\/\/diariotextual.com\/inicio\/index.php\/2018\/04\/03\/lula-manana-se-define-ira-prision\/\" \/>\n<meta property=\"og:site_name\" content=\"Diario Textual\" \/>\n<meta property=\"article:publisher\" content=\"https:\/\/www.facebook.com\/eltextual\" \/>\n<meta property=\"article:published_time\" content=\"2018-04-03T20:17:06+00:00\" \/>\n<meta property=\"article:modified_time\" content=\"2018-04-04T10:41:51+00:00\" \/>\n<meta property=\"og:image\" content=\"https:\/\/diariotextual.com\/inicio\/wp-content\/uploads\/2018\/04\/luladasilva.jpg\" \/>\n\t<meta property=\"og:image:width\" content=\"510\" \/>\n\t<meta property=\"og:image:height\" content=\"339\" \/>\n\t<meta property=\"og:image:type\" content=\"image\/jpeg\" \/>\n<meta name=\"author\" content=\"Diario1 Diario1\" \/>\n<meta name=\"twitter:card\" content=\"summary_large_image\" \/>\n<meta name=\"twitter:creator\" content=\"@eltextual\" \/>\n<meta name=\"twitter:site\" content=\"@eltextual\" \/>\n<meta name=\"twitter:label1\" content=\"Escrito por\" \/>\n\t<meta name=\"twitter:data1\" content=\"Diario1 Diario1\" \/>\n\t<meta name=\"twitter:label2\" content=\"Tiempo de lectura\" \/>\n\t<meta name=\"twitter:data2\" content=\"2 minutos\" \/>\n<script type=\"application\/ld+json\" class=\"yoast-schema-graph\">{\"@context\":\"https:\\\/\\\/schema.org\",\"@graph\":[{\"@type\":\"Article\",\"@id\":\"https:\\\/\\\/diariotextual.com\\\/inicio\\\/index.php\\\/2018\\\/04\\\/03\\\/lula-manana-se-define-ira-prision\\\/#article\",\"isPartOf\":{\"@id\":\"https:\\\/\\\/diariotextual.com\\\/inicio\\\/index.php\\\/2018\\\/04\\\/03\\\/lula-manana-se-define-ira-prision\\\/\"},\"author\":{\"name\":\"Diario1 Diario1\",\"@id\":\"https:\\\/\\\/diariotextual.com\\\/inicio\\\/#\\\/schema\\\/person\\\/418fc4093c33e86ed41562db3508f958\"},\"headline\":\"Lula: se define si ir\u00e1 a prisi\u00f3n\",\"datePublished\":\"2018-04-03T20:17:06+00:00\",\"dateModified\":\"2018-04-04T10:41:51+00:00\",\"mainEntityOfPage\":{\"@id\":\"https:\\\/\\\/diariotextual.com\\\/inicio\\\/index.php\\\/2018\\\/04\\\/03\\\/lula-manana-se-define-ira-prision\\\/\"},\"wordCount\":325,\"commentCount\":0,\"publisher\":{\"@id\":\"https:\\\/\\\/diariotextual.com\\\/inicio\\\/#organization\"},\"image\":{\"@id\":\"https:\\\/\\\/diariotextual.com\\\/inicio\\\/index.php\\\/2018\\\/04\\\/03\\\/lula-manana-se-define-ira-prision\\\/#primaryimage\"},\"thumbnailUrl\":\"https:\\\/\\\/diariotextual.com\\\/inicio\\\/wp-content\\\/uploads\\\/2018\\\/04\\\/luladasilva.jpg\",\"articleSection\":[\"A - ES NOTICIA (van abajo)\",\"MUNDO\"],\"inLanguage\":\"es\",\"potentialAction\":[{\"@type\":\"CommentAction\",\"name\":\"Comment\",\"target\":[\"https:\\\/\\\/diariotextual.com\\\/inicio\\\/index.php\\\/2018\\\/04\\\/03\\\/lula-manana-se-define-ira-prision\\\/#respond\"]}]},{\"@type\":\"WebPage\",\"@id\":\"https:\\\/\\\/diariotextual.com\\\/inicio\\\/index.php\\\/2018\\\/04\\\/03\\\/lula-manana-se-define-ira-prision\\\/\",\"url\":\"https:\\\/\\\/diariotextual.com\\\/inicio\\\/index.php\\\/2018\\\/04\\\/03\\\/lula-manana-se-define-ira-prision\\\/\",\"name\":\"Lula: se define si ir\u00e1 a prisi\u00f3n - Diario Textual\",\"isPartOf\":{\"@id\":\"https:\\\/\\\/diariotextual.com\\\/inicio\\\/#website\"},\"primaryImageOfPage\":{\"@id\":\"https:\\\/\\\/diariotextual.com\\\/inicio\\\/index.php\\\/2018\\\/04\\\/03\\\/lula-manana-se-define-ira-prision\\\/#primaryimage\"},\"image\":{\"@id\":\"https:\\\/\\\/diariotextual.com\\\/inicio\\\/index.php\\\/2018\\\/04\\\/03\\\/lula-manana-se-define-ira-prision\\\/#primaryimage\"},\"thumbnailUrl\":\"https:\\\/\\\/diariotextual.com\\\/inicio\\\/wp-content\\\/uploads\\\/2018\\\/04\\\/luladasilva.jpg\",\"datePublished\":\"2018-04-03T20:17:06+00:00\",\"dateModified\":\"2018-04-04T10:41:51+00:00\",\"breadcrumb\":{\"@id\":\"https:\\\/\\\/diariotextual.com\\\/inicio\\\/index.php\\\/2018\\\/04\\\/03\\\/lula-manana-se-define-ira-prision\\\/#breadcrumb\"},\"inLanguage\":\"es\",\"potentialAction\":[{\"@type\":\"ReadAction\",\"target\":[\"https:\\\/\\\/diariotextual.com\\\/inicio\\\/index.php\\\/2018\\\/04\\\/03\\\/lula-manana-se-define-ira-prision\\\/\"]}]},{\"@type\":\"ImageObject\",\"inLanguage\":\"es\",\"@id\":\"https:\\\/\\\/diariotextual.com\\\/inicio\\\/index.php\\\/2018\\\/04\\\/03\\\/lula-manana-se-define-ira-prision\\\/#primaryimage\",\"url\":\"https:\\\/\\\/diariotextual.com\\\/inicio\\\/wp-content\\\/uploads\\\/2018\\\/04\\\/luladasilva.jpg\",\"contentUrl\":\"https:\\\/\\\/diariotextual.com\\\/inicio\\\/wp-content\\\/uploads\\\/2018\\\/04\\\/luladasilva.jpg\",\"width\":510,\"height\":339},{\"@type\":\"BreadcrumbList\",\"@id\":\"https:\\\/\\\/diariotextual.com\\\/inicio\\\/index.php\\\/2018\\\/04\\\/03\\\/lula-manana-se-define-ira-prision\\\/#breadcrumb\",\"itemListElement\":[{\"@type\":\"ListItem\",\"position\":1,\"name\":\"Portada\",\"item\":\"https:\\\/\\\/diariotextual.com\\\/inicio\\\/\"},{\"@type\":\"ListItem\",\"position\":2,\"name\":\"Lula: se define si ir\u00e1 a prisi\u00f3n\"}]},{\"@type\":\"WebSite\",\"@id\":\"https:\\\/\\\/diariotextual.com\\\/inicio\\\/#website\",\"url\":\"https:\\\/\\\/diariotextual.com\\\/inicio\\\/\",\"name\":\"Diario Textual\",\"description\":\"\",\"publisher\":{\"@id\":\"https:\\\/\\\/diariotextual.com\\\/inicio\\\/#organization\"},\"potentialAction\":[{\"@type\":\"SearchAction\",\"target\":{\"@type\":\"EntryPoint\",\"urlTemplate\":\"https:\\\/\\\/diariotextual.com\\\/inicio\\\/?s={search_term_string}\"},\"query-input\":{\"@type\":\"PropertyValueSpecification\",\"valueRequired\":true,\"valueName\":\"search_term_string\"}}],\"inLanguage\":\"es\"},{\"@type\":\"Organization\",\"@id\":\"https:\\\/\\\/diariotextual.com\\\/inicio\\\/#organization\",\"name\":\"Diario Textual\",\"url\":\"https:\\\/\\\/diariotextual.com\\\/inicio\\\/\",\"logo\":{\"@type\":\"ImageObject\",\"inLanguage\":\"es\",\"@id\":\"https:\\\/\\\/diariotextual.com\\\/inicio\\\/#\\\/schema\\\/logo\\\/image\\\/\",\"url\":\"https:\\\/\\\/diariotextual.com\\\/inicio\\\/wp-content\\\/uploads\\\/2023\\\/05\\\/logotextual1.jpg\",\"contentUrl\":\"https:\\\/\\\/diariotextual.com\\\/inicio\\\/wp-content\\\/uploads\\\/2023\\\/05\\\/logotextual1.jpg\",\"width\":516,\"height\":76,\"caption\":\"Diario Textual\"},\"image\":{\"@id\":\"https:\\\/\\\/diariotextual.com\\\/inicio\\\/#\\\/schema\\\/logo\\\/image\\\/\"},\"sameAs\":[\"https:\\\/\\\/www.facebook.com\\\/eltextual\",\"https:\\\/\\\/x.com\\\/eltextual\",\"http:\\\/\\\/www.instagram.com\\\/eltextual\"]},{\"@type\":\"Person\",\"@id\":\"https:\\\/\\\/diariotextual.com\\\/inicio\\\/#\\\/schema\\\/person\\\/418fc4093c33e86ed41562db3508f958\",\"name\":\"Diario1 Diario1\",\"image\":{\"@type\":\"ImageObject\",\"inLanguage\":\"es\",\"@id\":\"https:\\\/\\\/secure.gravatar.com\\\/avatar\\\/9167d280179c85bc18be67aa7eda765854300033af4896dd779b608640f2ef7a?s=96&d=mm&r=g\",\"url\":\"https:\\\/\\\/secure.gravatar.com\\\/avatar\\\/9167d280179c85bc18be67aa7eda765854300033af4896dd779b608640f2ef7a?s=96&d=mm&r=g\",\"contentUrl\":\"https:\\\/\\\/secure.gravatar.com\\\/avatar\\\/9167d280179c85bc18be67aa7eda765854300033af4896dd779b608640f2ef7a?s=96&d=mm&r=g\",\"caption\":\"Diario1 Diario1\"},\"url\":\"https:\\\/\\\/diariotextual.com\\\/inicio\\\/index.php\\\/author\\\/diario1\\\/\"}]}<\/script>\n<!-- \/ Yoast SEO plugin. -->","yoast_head_json":{"title":"Lula: se define si ir\u00e1 a prisi\u00f3n - Diario Textual","robots":{"index":"index","follow":"follow","max-snippet":"max-snippet:-1","max-image-preview":"max-image-preview:large","max-video-preview":"max-video-preview:-1"},"canonical":"https:\/\/diariotextual.com\/inicio\/index.php\/2018\/04\/03\/lula-manana-se-define-ira-prision\/","og_locale":"es_ES","og_type":"article","og_title":"Lula: se define si ir\u00e1 a prisi\u00f3n - Diario Textual","og_description":"El expresidente brasile\u00f1o Luiz In\u00e1cio Lula da Silva, condenado a 12 a\u00f1os de prisi\u00f3n por presunta corrupci\u00f3n y lavado de dinero, reiter\u00f3 en R\u00edo de Janeiro su deseo de ser&hellip;","og_url":"https:\/\/diariotextual.com\/inicio\/index.php\/2018\/04\/03\/lula-manana-se-define-ira-prision\/","og_site_name":"Diario Textual","article_publisher":"https:\/\/www.facebook.com\/eltextual","article_published_time":"2018-04-03T20:17:06+00:00","article_modified_time":"2018-04-04T10:41:51+00:00","og_image":[{"width":510,"height":339,"url":"https:\/\/diariotextual.com\/inicio\/wp-content\/uploads\/2018\/04\/luladasilva.jpg","type":"image\/jpeg"}],"author":"Diario1 Diario1","twitter_card":"summary_large_image","twitter_creator":"@eltextual","twitter_site":"@eltextual","twitter_misc":{"Escrito por":"Diario1 Diario1","Tiempo de lectura":"2 minutos"},"schema":{"@context":"https:\/\/schema.org","@graph":[{"@type":"Article","@id":"https:\/\/diariotextual.com\/inicio\/index.php\/2018\/04\/03\/lula-manana-se-define-ira-prision\/#article","isPartOf":{"@id":"https:\/\/diariotextual.com\/inicio\/index.php\/2018\/04\/03\/lula-manana-se-define-ira-prision\/"},"author":{"name":"Diario1 Diario1","@id":"https:\/\/diariotextual.com\/inicio\/#\/schema\/person\/418fc4093c33e86ed41562db3508f958"},"headline":"Lula: se define si ir\u00e1 a prisi\u00f3n","datePublished":"2018-04-03T20:17:06+00:00","dateModified":"2018-04-04T10:41:51+00:00","mainEntityOfPage":{"@id":"https:\/\/diariotextual.com\/inicio\/index.php\/2018\/04\/03\/lula-manana-se-define-ira-prision\/"},"wordCount":325,"commentCount":0,"publisher":{"@id":"https:\/\/diariotextual.com\/inicio\/#organization"},"image":{"@id":"https:\/\/diariotextual.com\/inicio\/index.php\/2018\/04\/03\/lula-manana-se-define-ira-prision\/#primaryimage"},"thumbnailUrl":"https:\/\/diariotextual.com\/inicio\/wp-content\/uploads\/2018\/04\/luladasilva.jpg","articleSection":["A - ES NOTICIA (van abajo)","MUNDO"],"inLanguage":"es","potentialAction":[{"@type":"CommentAction","name":"Comment","target":["https:\/\/diariotextual.com\/inicio\/index.php\/2018\/04\/03\/lula-manana-se-define-ira-prision\/#respond"]}]},{"@type":"WebPage","@id":"https:\/\/diariotextual.com\/inicio\/index.php\/2018\/04\/03\/lula-manana-se-define-ira-prision\/","url":"https:\/\/diariotextual.com\/inicio\/index.php\/2018\/04\/03\/lula-manana-se-define-ira-prision\/","name":"Lula: se define si ir\u00e1 a prisi\u00f3n - Diario Textual","isPartOf":{"@id":"https:\/\/diariotextual.com\/inicio\/#website"},"primaryImageOfPage":{"@id":"https:\/\/diariotextual.com\/inicio\/index.php\/2018\/04\/03\/lula-manana-se-define-ira-prision\/#primaryimage"},"image":{"@id":"https:\/\/diariotextual.com\/inicio\/index.php\/2018\/04\/03\/lula-manana-se-define-ira-prision\/#primaryimage"},"thumbnailUrl":"https:\/\/diariotextual.com\/inicio\/wp-content\/uploads\/2018\/04\/luladasilva.jpg","datePublished":"2018-04-03T20:17:06+00:00","dateModified":"2018-04-04T10:41:51+00:00","breadcrumb":{"@id":"https:\/\/diariotextual.com\/inicio\/index.php\/2018\/04\/03\/lula-manana-se-define-ira-prision\/#breadcrumb"},"inLanguage":"es","potentialAction":[{"@type":"ReadAction","target":["https:\/\/diariotextual.com\/inicio\/index.php\/2018\/04\/03\/lula-manana-se-define-ira-prision\/"]}]},{"@type":"ImageObject","inLanguage":"es","@id":"https:\/\/diariotextual.com\/inicio\/index.php\/2018\/04\/03\/lula-manana-se-define-ira-prision\/#primaryimage","url":"https:\/\/diariotextual.com\/inicio\/wp-content\/uploads\/2018\/04\/luladasilva.jpg","contentUrl":"https:\/\/diariotextual.com\/inicio\/wp-content\/uploads\/2018\/04\/luladasilva.jpg","width":510,"height":339},{"@type":"BreadcrumbList","@id":"https:\/\/diariotextual.com\/inicio\/index.php\/2018\/04\/03\/lula-manana-se-define-ira-prision\/#breadcrumb","itemListElement":[{"@type":"ListItem","position":1,"name":"Portada","item":"https:\/\/diariotextual.com\/inicio\/"},{"@type":"ListItem","position":2,"name":"Lula: se define si ir\u00e1 a prisi\u00f3n"}]},{"@type":"WebSite","@id":"https:\/\/diariotextual.com\/inicio\/#website","url":"https:\/\/diariotextual.com\/inicio\/","name":"Diario Textual","description":"","publisher":{"@id":"https:\/\/diariotextual.com\/inicio\/#organization"},"potentialAction":[{"@type":"SearchAction","target":{"@type":"EntryPoint","urlTemplate":"https:\/\/diariotextual.com\/inicio\/?s={search_term_string}"},"query-input":{"@type":"PropertyValueSpecification","valueRequired":true,"valueName":"search_term_string"}}],"inLanguage":"es"},{"@type":"Organization","@id":"https:\/\/diariotextual.com\/inicio\/#organization","name":"Diario Textual","url":"https:\/\/diariotextual.com\/inicio\/","logo":{"@type":"ImageObject","inLanguage":"es","@id":"https:\/\/diariotextual.com\/inicio\/#\/schema\/logo\/image\/","url":"https:\/\/diariotextual.com\/inicio\/wp-content\/uploads\/2023\/05\/logotextual1.jpg","contentUrl":"https:\/\/diariotextual.com\/inicio\/wp-content\/uploads\/2023\/05\/logotextual1.jpg","width":516,"height":76,"caption":"Diario Textual"},"image":{"@id":"https:\/\/diariotextual.com\/inicio\/#\/schema\/logo\/image\/"},"sameAs":["https:\/\/www.facebook.com\/eltextual","https:\/\/x.com\/eltextual","http:\/\/www.instagram.com\/eltextual"]},{"@type":"Person","@id":"https:\/\/diariotextual.com\/inicio\/#\/schema\/person\/418fc4093c33e86ed41562db3508f958","name":"Diario1 Diario1","image":{"@type":"ImageObject","inLanguage":"es","@id":"https:\/\/secure.gravatar.com\/avatar\/9167d280179c85bc18be67aa7eda765854300033af4896dd779b608640f2ef7a?s=96&d=mm&r=g","url":"https:\/\/secure.gravatar.com\/avatar\/9167d280179c85bc18be67aa7eda765854300033af4896dd779b608640f2ef7a?s=96&d=mm&r=g","contentUrl":"https:\/\/secure.gravatar.com\/avatar\/9167d280179c85bc18be67aa7eda765854300033af4896dd779b608640f2ef7a?s=96&d=mm&r=g","caption":"Diario1 Diario1"},"url":"https:\/\/diariotextual.com\/inicio\/index.php\/author\/diario1\/"}]}},"_links":{"self":[{"href":"https:\/\/diariotextual.com\/inicio\/index.php\/wp-json\/wp\/v2\/posts\/3686","targetHints":{"allow":["GET"]}}],"collection":[{"href":"https:\/\/diariotextual.com\/inicio\/index.php\/wp-json\/wp\/v2\/posts"}],"about":[{"href":"https:\/\/diariotextual.com\/inicio\/index.php\/wp-json\/wp\/v2\/types\/post"}],"author":[{"embeddable":true,"href":"https:\/\/diariotextual.com\/inicio\/index.php\/wp-json\/wp\/v2\/users\/3"}],"replies":[{"embeddable":true,"href":"https:\/\/diariotextual.com\/inicio\/index.php\/wp-json\/wp\/v2\/comments?post=3686"}],"version-history":[{"count":2,"href":"https:\/\/diariotextual.com\/inicio\/index.php\/wp-json\/wp\/v2\/posts\/3686\/revisions"}],"predecessor-version":[{"id":3725,"href":"https:\/\/diariotextual.com\/inicio\/index.php\/wp-json\/wp\/v2\/posts\/3686\/revisions\/3725"}],"wp:featuredmedia":[{"embeddable":true,"href":"https:\/\/diariotextual.com\/inicio\/index.php\/wp-json\/wp\/v2\/media\/3687"}],"wp:attachment":[{"href":"https:\/\/diariotextual.com\/inicio\/index.php\/wp-json\/wp\/v2\/media?parent=3686"}],"wp:term":[{"taxonomy":"category","embeddable":true,"href":"https:\/\/diariotextual.com\/inicio\/index.php\/wp-json\/wp\/v2\/categories?post=3686"},{"taxonomy":"post_tag","embeddable":true,"href":"https:\/\/diariotextual.com\/inicio\/index.php\/wp-json\/wp\/v2\/tags?post=3686"}],"curies":[{"name":"wp","href":"https:\/\/api.w.org\/{rel}","templated":true}]}}