{"id":37148,"date":"2019-02-06T23:37:55","date_gmt":"2019-02-07T02:37:55","guid":{"rendered":"http:\/\/diariotextual.com\/inicio\/?p=37148"},"modified":"2019-02-07T06:25:05","modified_gmt":"2019-02-07T09:25:05","slug":"busqueda-emiliano-sala-recuperaron-cuerpo-del-avion","status":"publish","type":"post","link":"https:\/\/diariotextual.com\/inicio\/index.php\/2019\/02\/06\/busqueda-emiliano-sala-recuperaron-cuerpo-del-avion\/","title":{"rendered":"B\u00fasqueda de Emiliano Sala: recuperaron un cuerpo y hallaron el otro"},"content":{"rendered":"<p>Un <strong>cuerpo fue rescatado y el restante fue hallado en las costas de Alderney<\/strong>, en el Canal de la Mancha, en relaci\u00f3n al avi\u00f3n siniestrado en enero pasado, que transportaba al futbolista argentino Emiliano Sala, quien viajaba de Nantes hacia Cardi.<\/p>\n<p><!--more--><\/p>\n<p>\u201cEn condiciones dif\u00edciles, <strong>la AAIB y sus contratistas especializados recuperaron con \u00e9xito el cuerpo visto anteriormente en medio de los restos<\/strong>. La operaci\u00f3n se llev\u00f3 a cabo de la forma m\u00e1s digna posible y se inform\u00f3 a las familias sobre el progreso\u201d, expres\u00f3 el organismo.<\/p>\n<p>Los intentos de recuperar los restos de la aeronave no tuvieron \u00e9xito porque el pron\u00f3stico del tiempo es malo y por eso se decidi\u00f3 cerrar \u00abla operaci\u00f3n general\u00bb. El cuerpo est\u00e1 siendo llevado a Portland para ser analizado por el forense de Dorset.<\/p>\n<p>Los investigadores <strong>aclararon que no podr\u00e1n proporcionar m\u00e1s informaci\u00f3n sobre la identidad del cuerpo. \u201cLa identificaci\u00f3n es un asunto de la polic\u00eda y el forense<\/strong>\u201d, dijo Jack Short, de la AAIB.<\/p>\n<p>El futbolista de 28 a\u00f1os, viajaba desde Nantes el 21 de enero para debutar en el equipo Cardiff City de la Liga Premier de Inglaterra, cuando el avi\u00f3n desapareci\u00f3 sobre el Canal de la Mancha. Los restos de la aeronave fueron hallados este domingo.<\/p>\n","protected":false},"excerpt":{"rendered":"<p>Un cuerpo fue rescatado y el restante fue hallado en las costas de Alderney, en el Canal de la Mancha, en relaci\u00f3n al avi\u00f3n siniestrado en enero pasado, que transportaba&hellip;<\/p>\n","protected":false},"author":5,"featured_media":36817,"comment_status":"closed","ping_status":"open","sticky":false,"template":"","format":"standard","meta":{"_acf_changed":false,"footnotes":""},"categories":[11,319,7],"tags":[],"class_list":["post-37148","post","type-post","status-publish","format-standard","has-post-thumbnail","hentry","category-que-pasa","category-a-temporales","category-mundo"],"acf":[],"yoast_head":"<!-- This site is optimized with the Yoast SEO plugin v27.4 - https:\/\/yoast.com\/product\/yoast-seo-wordpress\/ -->\n<title>B\u00fasqueda de Emiliano Sala: recuperaron un cuerpo y hallaron el otro - Diario Textual<\/title>\n<meta name=\"robots\" content=\"index, follow, max-snippet:-1, max-image-preview:large, max-video-preview:-1\" \/>\n<link rel=\"canonical\" href=\"https:\/\/diariotextual.com\/inicio\/index.php\/2019\/02\/06\/busqueda-emiliano-sala-recuperaron-cuerpo-del-avion\/\" \/>\n<meta property=\"og:locale\" content=\"es_ES\" \/>\n<meta property=\"og:type\" content=\"article\" \/>\n<meta property=\"og:title\" content=\"B\u00fasqueda de Emiliano Sala: recuperaron un cuerpo y hallaron el otro - Diario Textual\" \/>\n<meta property=\"og:description\" content=\"Un cuerpo fue rescatado y el restante fue hallado en las costas de Alderney, en el Canal de la Mancha, en relaci\u00f3n al avi\u00f3n siniestrado en enero pasado, que transportaba&hellip;\" \/>\n<meta property=\"og:url\" content=\"https:\/\/diariotextual.com\/inicio\/index.php\/2019\/02\/06\/busqueda-emiliano-sala-recuperaron-cuerpo-del-avion\/\" \/>\n<meta property=\"og:site_name\" content=\"Diario Textual\" \/>\n<meta property=\"article:publisher\" content=\"https:\/\/www.facebook.com\/eltextual\" \/>\n<meta property=\"article:published_time\" content=\"2019-02-07T02:37:55+00:00\" \/>\n<meta property=\"article:modified_time\" content=\"2019-02-07T09:25:05+00:00\" \/>\n<meta property=\"og:image\" content=\"https:\/\/diariotextual.com\/inicio\/wp-content\/uploads\/2019\/02\/salaemilianoavionabajomar55.jpg\" \/>\n\t<meta property=\"og:image:width\" content=\"854\" \/>\n\t<meta property=\"og:image:height\" content=\"422\" \/>\n\t<meta property=\"og:image:type\" content=\"image\/jpeg\" \/>\n<meta name=\"author\" content=\"diario3\" \/>\n<meta name=\"twitter:card\" content=\"summary_large_image\" \/>\n<meta name=\"twitter:creator\" content=\"@eltextual\" \/>\n<meta name=\"twitter:site\" content=\"@eltextual\" \/>\n<meta name=\"twitter:label1\" content=\"Escrito por\" \/>\n\t<meta name=\"twitter:data1\" content=\"diario3\" \/>\n\t<meta name=\"twitter:label2\" content=\"Tiempo de lectura\" \/>\n\t<meta name=\"twitter:data2\" content=\"1 minuto\" \/>\n<script type=\"application\/ld+json\" class=\"yoast-schema-graph\">{\"@context\":\"https:\\\/\\\/schema.org\",\"@graph\":[{\"@type\":\"Article\",\"@id\":\"https:\\\/\\\/diariotextual.com\\\/inicio\\\/index.php\\\/2019\\\/02\\\/06\\\/busqueda-emiliano-sala-recuperaron-cuerpo-del-avion\\\/#article\",\"isPartOf\":{\"@id\":\"https:\\\/\\\/diariotextual.com\\\/inicio\\\/index.php\\\/2019\\\/02\\\/06\\\/busqueda-emiliano-sala-recuperaron-cuerpo-del-avion\\\/\"},\"author\":{\"name\":\"diario3\",\"@id\":\"https:\\\/\\\/diariotextual.com\\\/inicio\\\/#\\\/schema\\\/person\\\/a1b6f563e0ee944c60f98119389a4d9f\"},\"headline\":\"B\u00fasqueda de Emiliano Sala: recuperaron un cuerpo y hallaron el otro\",\"datePublished\":\"2019-02-07T02:37:55+00:00\",\"dateModified\":\"2019-02-07T09:25:05+00:00\",\"mainEntityOfPage\":{\"@id\":\"https:\\\/\\\/diariotextual.com\\\/inicio\\\/index.php\\\/2019\\\/02\\\/06\\\/busqueda-emiliano-sala-recuperaron-cuerpo-del-avion\\\/\"},\"wordCount\":228,\"publisher\":{\"@id\":\"https:\\\/\\\/diariotextual.com\\\/inicio\\\/#organization\"},\"image\":{\"@id\":\"https:\\\/\\\/diariotextual.com\\\/inicio\\\/index.php\\\/2019\\\/02\\\/06\\\/busqueda-emiliano-sala-recuperaron-cuerpo-del-avion\\\/#primaryimage\"},\"thumbnailUrl\":\"https:\\\/\\\/diariotextual.com\\\/inicio\\\/wp-content\\\/uploads\\\/2019\\\/02\\\/salaemilianoavionabajomar55.jpg\",\"articleSection\":[\"A - QUE PASA (al costado)\",\"A - TEMPORALES\",\"MUNDO\"],\"inLanguage\":\"es\"},{\"@type\":\"WebPage\",\"@id\":\"https:\\\/\\\/diariotextual.com\\\/inicio\\\/index.php\\\/2019\\\/02\\\/06\\\/busqueda-emiliano-sala-recuperaron-cuerpo-del-avion\\\/\",\"url\":\"https:\\\/\\\/diariotextual.com\\\/inicio\\\/index.php\\\/2019\\\/02\\\/06\\\/busqueda-emiliano-sala-recuperaron-cuerpo-del-avion\\\/\",\"name\":\"B\u00fasqueda de Emiliano Sala: recuperaron un cuerpo y hallaron el otro - Diario Textual\",\"isPartOf\":{\"@id\":\"https:\\\/\\\/diariotextual.com\\\/inicio\\\/#website\"},\"primaryImageOfPage\":{\"@id\":\"https:\\\/\\\/diariotextual.com\\\/inicio\\\/index.php\\\/2019\\\/02\\\/06\\\/busqueda-emiliano-sala-recuperaron-cuerpo-del-avion\\\/#primaryimage\"},\"image\":{\"@id\":\"https:\\\/\\\/diariotextual.com\\\/inicio\\\/index.php\\\/2019\\\/02\\\/06\\\/busqueda-emiliano-sala-recuperaron-cuerpo-del-avion\\\/#primaryimage\"},\"thumbnailUrl\":\"https:\\\/\\\/diariotextual.com\\\/inicio\\\/wp-content\\\/uploads\\\/2019\\\/02\\\/salaemilianoavionabajomar55.jpg\",\"datePublished\":\"2019-02-07T02:37:55+00:00\",\"dateModified\":\"2019-02-07T09:25:05+00:00\",\"breadcrumb\":{\"@id\":\"https:\\\/\\\/diariotextual.com\\\/inicio\\\/index.php\\\/2019\\\/02\\\/06\\\/busqueda-emiliano-sala-recuperaron-cuerpo-del-avion\\\/#breadcrumb\"},\"inLanguage\":\"es\",\"potentialAction\":[{\"@type\":\"ReadAction\",\"target\":[\"https:\\\/\\\/diariotextual.com\\\/inicio\\\/index.php\\\/2019\\\/02\\\/06\\\/busqueda-emiliano-sala-recuperaron-cuerpo-del-avion\\\/\"]}]},{\"@type\":\"ImageObject\",\"inLanguage\":\"es\",\"@id\":\"https:\\\/\\\/diariotextual.com\\\/inicio\\\/index.php\\\/2019\\\/02\\\/06\\\/busqueda-emiliano-sala-recuperaron-cuerpo-del-avion\\\/#primaryimage\",\"url\":\"https:\\\/\\\/diariotextual.com\\\/inicio\\\/wp-content\\\/uploads\\\/2019\\\/02\\\/salaemilianoavionabajomar55.jpg\",\"contentUrl\":\"https:\\\/\\\/diariotextual.com\\\/inicio\\\/wp-content\\\/uploads\\\/2019\\\/02\\\/salaemilianoavionabajomar55.jpg\",\"width\":854,\"height\":422},{\"@type\":\"BreadcrumbList\",\"@id\":\"https:\\\/\\\/diariotextual.com\\\/inicio\\\/index.php\\\/2019\\\/02\\\/06\\\/busqueda-emiliano-sala-recuperaron-cuerpo-del-avion\\\/#breadcrumb\",\"itemListElement\":[{\"@type\":\"ListItem\",\"position\":1,\"name\":\"Portada\",\"item\":\"https:\\\/\\\/diariotextual.com\\\/inicio\\\/\"},{\"@type\":\"ListItem\",\"position\":2,\"name\":\"B\u00fasqueda de Emiliano Sala: recuperaron un cuerpo y hallaron el otro\"}]},{\"@type\":\"WebSite\",\"@id\":\"https:\\\/\\\/diariotextual.com\\\/inicio\\\/#website\",\"url\":\"https:\\\/\\\/diariotextual.com\\\/inicio\\\/\",\"name\":\"Diario Textual\",\"description\":\"\",\"publisher\":{\"@id\":\"https:\\\/\\\/diariotextual.com\\\/inicio\\\/#organization\"},\"potentialAction\":[{\"@type\":\"SearchAction\",\"target\":{\"@type\":\"EntryPoint\",\"urlTemplate\":\"https:\\\/\\\/diariotextual.com\\\/inicio\\\/?s={search_term_string}\"},\"query-input\":{\"@type\":\"PropertyValueSpecification\",\"valueRequired\":true,\"valueName\":\"search_term_string\"}}],\"inLanguage\":\"es\"},{\"@type\":\"Organization\",\"@id\":\"https:\\\/\\\/diariotextual.com\\\/inicio\\\/#organization\",\"name\":\"Diario Textual\",\"url\":\"https:\\\/\\\/diariotextual.com\\\/inicio\\\/\",\"logo\":{\"@type\":\"ImageObject\",\"inLanguage\":\"es\",\"@id\":\"https:\\\/\\\/diariotextual.com\\\/inicio\\\/#\\\/schema\\\/logo\\\/image\\\/\",\"url\":\"https:\\\/\\\/diariotextual.com\\\/inicio\\\/wp-content\\\/uploads\\\/2023\\\/05\\\/logotextual1.jpg\",\"contentUrl\":\"https:\\\/\\\/diariotextual.com\\\/inicio\\\/wp-content\\\/uploads\\\/2023\\\/05\\\/logotextual1.jpg\",\"width\":516,\"height\":76,\"caption\":\"Diario Textual\"},\"image\":{\"@id\":\"https:\\\/\\\/diariotextual.com\\\/inicio\\\/#\\\/schema\\\/logo\\\/image\\\/\"},\"sameAs\":[\"https:\\\/\\\/www.facebook.com\\\/eltextual\",\"https:\\\/\\\/x.com\\\/eltextual\",\"http:\\\/\\\/www.instagram.com\\\/eltextual\"]},{\"@type\":\"Person\",\"@id\":\"https:\\\/\\\/diariotextual.com\\\/inicio\\\/#\\\/schema\\\/person\\\/a1b6f563e0ee944c60f98119389a4d9f\",\"name\":\"diario3\",\"image\":{\"@type\":\"ImageObject\",\"inLanguage\":\"es\",\"@id\":\"https:\\\/\\\/secure.gravatar.com\\\/avatar\\\/5e7ee62c82fc04d9dd79d746a390d93c69c43223e5faeeb3ea9461ef752bfc5d?s=96&d=mm&r=g\",\"url\":\"https:\\\/\\\/secure.gravatar.com\\\/avatar\\\/5e7ee62c82fc04d9dd79d746a390d93c69c43223e5faeeb3ea9461ef752bfc5d?s=96&d=mm&r=g\",\"contentUrl\":\"https:\\\/\\\/secure.gravatar.com\\\/avatar\\\/5e7ee62c82fc04d9dd79d746a390d93c69c43223e5faeeb3ea9461ef752bfc5d?s=96&d=mm&r=g\",\"caption\":\"diario3\"},\"url\":\"https:\\\/\\\/diariotextual.com\\\/inicio\\\/index.php\\\/author\\\/diario3\\\/\"}]}<\/script>\n<!-- \/ Yoast SEO plugin. -->","yoast_head_json":{"title":"B\u00fasqueda de Emiliano Sala: recuperaron un cuerpo y hallaron el otro - Diario Textual","robots":{"index":"index","follow":"follow","max-snippet":"max-snippet:-1","max-image-preview":"max-image-preview:large","max-video-preview":"max-video-preview:-1"},"canonical":"https:\/\/diariotextual.com\/inicio\/index.php\/2019\/02\/06\/busqueda-emiliano-sala-recuperaron-cuerpo-del-avion\/","og_locale":"es_ES","og_type":"article","og_title":"B\u00fasqueda de Emiliano Sala: recuperaron un cuerpo y hallaron el otro - Diario Textual","og_description":"Un cuerpo fue rescatado y el restante fue hallado en las costas de Alderney, en el Canal de la Mancha, en relaci\u00f3n al avi\u00f3n siniestrado en enero pasado, que transportaba&hellip;","og_url":"https:\/\/diariotextual.com\/inicio\/index.php\/2019\/02\/06\/busqueda-emiliano-sala-recuperaron-cuerpo-del-avion\/","og_site_name":"Diario Textual","article_publisher":"https:\/\/www.facebook.com\/eltextual","article_published_time":"2019-02-07T02:37:55+00:00","article_modified_time":"2019-02-07T09:25:05+00:00","og_image":[{"width":854,"height":422,"url":"https:\/\/diariotextual.com\/inicio\/wp-content\/uploads\/2019\/02\/salaemilianoavionabajomar55.jpg","type":"image\/jpeg"}],"author":"diario3","twitter_card":"summary_large_image","twitter_creator":"@eltextual","twitter_site":"@eltextual","twitter_misc":{"Escrito por":"diario3","Tiempo de lectura":"1 minuto"},"schema":{"@context":"https:\/\/schema.org","@graph":[{"@type":"Article","@id":"https:\/\/diariotextual.com\/inicio\/index.php\/2019\/02\/06\/busqueda-emiliano-sala-recuperaron-cuerpo-del-avion\/#article","isPartOf":{"@id":"https:\/\/diariotextual.com\/inicio\/index.php\/2019\/02\/06\/busqueda-emiliano-sala-recuperaron-cuerpo-del-avion\/"},"author":{"name":"diario3","@id":"https:\/\/diariotextual.com\/inicio\/#\/schema\/person\/a1b6f563e0ee944c60f98119389a4d9f"},"headline":"B\u00fasqueda de Emiliano Sala: recuperaron un cuerpo y hallaron el otro","datePublished":"2019-02-07T02:37:55+00:00","dateModified":"2019-02-07T09:25:05+00:00","mainEntityOfPage":{"@id":"https:\/\/diariotextual.com\/inicio\/index.php\/2019\/02\/06\/busqueda-emiliano-sala-recuperaron-cuerpo-del-avion\/"},"wordCount":228,"publisher":{"@id":"https:\/\/diariotextual.com\/inicio\/#organization"},"image":{"@id":"https:\/\/diariotextual.com\/inicio\/index.php\/2019\/02\/06\/busqueda-emiliano-sala-recuperaron-cuerpo-del-avion\/#primaryimage"},"thumbnailUrl":"https:\/\/diariotextual.com\/inicio\/wp-content\/uploads\/2019\/02\/salaemilianoavionabajomar55.jpg","articleSection":["A - QUE PASA (al costado)","A - TEMPORALES","MUNDO"],"inLanguage":"es"},{"@type":"WebPage","@id":"https:\/\/diariotextual.com\/inicio\/index.php\/2019\/02\/06\/busqueda-emiliano-sala-recuperaron-cuerpo-del-avion\/","url":"https:\/\/diariotextual.com\/inicio\/index.php\/2019\/02\/06\/busqueda-emiliano-sala-recuperaron-cuerpo-del-avion\/","name":"B\u00fasqueda de Emiliano Sala: recuperaron un cuerpo y hallaron el otro - Diario Textual","isPartOf":{"@id":"https:\/\/diariotextual.com\/inicio\/#website"},"primaryImageOfPage":{"@id":"https:\/\/diariotextual.com\/inicio\/index.php\/2019\/02\/06\/busqueda-emiliano-sala-recuperaron-cuerpo-del-avion\/#primaryimage"},"image":{"@id":"https:\/\/diariotextual.com\/inicio\/index.php\/2019\/02\/06\/busqueda-emiliano-sala-recuperaron-cuerpo-del-avion\/#primaryimage"},"thumbnailUrl":"https:\/\/diariotextual.com\/inicio\/wp-content\/uploads\/2019\/02\/salaemilianoavionabajomar55.jpg","datePublished":"2019-02-07T02:37:55+00:00","dateModified":"2019-02-07T09:25:05+00:00","breadcrumb":{"@id":"https:\/\/diariotextual.com\/inicio\/index.php\/2019\/02\/06\/busqueda-emiliano-sala-recuperaron-cuerpo-del-avion\/#breadcrumb"},"inLanguage":"es","potentialAction":[{"@type":"ReadAction","target":["https:\/\/diariotextual.com\/inicio\/index.php\/2019\/02\/06\/busqueda-emiliano-sala-recuperaron-cuerpo-del-avion\/"]}]},{"@type":"ImageObject","inLanguage":"es","@id":"https:\/\/diariotextual.com\/inicio\/index.php\/2019\/02\/06\/busqueda-emiliano-sala-recuperaron-cuerpo-del-avion\/#primaryimage","url":"https:\/\/diariotextual.com\/inicio\/wp-content\/uploads\/2019\/02\/salaemilianoavionabajomar55.jpg","contentUrl":"https:\/\/diariotextual.com\/inicio\/wp-content\/uploads\/2019\/02\/salaemilianoavionabajomar55.jpg","width":854,"height":422},{"@type":"BreadcrumbList","@id":"https:\/\/diariotextual.com\/inicio\/index.php\/2019\/02\/06\/busqueda-emiliano-sala-recuperaron-cuerpo-del-avion\/#breadcrumb","itemListElement":[{"@type":"ListItem","position":1,"name":"Portada","item":"https:\/\/diariotextual.com\/inicio\/"},{"@type":"ListItem","position":2,"name":"B\u00fasqueda de Emiliano Sala: recuperaron un cuerpo y hallaron el otro"}]},{"@type":"WebSite","@id":"https:\/\/diariotextual.com\/inicio\/#website","url":"https:\/\/diariotextual.com\/inicio\/","name":"Diario Textual","description":"","publisher":{"@id":"https:\/\/diariotextual.com\/inicio\/#organization"},"potentialAction":[{"@type":"SearchAction","target":{"@type":"EntryPoint","urlTemplate":"https:\/\/diariotextual.com\/inicio\/?s={search_term_string}"},"query-input":{"@type":"PropertyValueSpecification","valueRequired":true,"valueName":"search_term_string"}}],"inLanguage":"es"},{"@type":"Organization","@id":"https:\/\/diariotextual.com\/inicio\/#organization","name":"Diario Textual","url":"https:\/\/diariotextual.com\/inicio\/","logo":{"@type":"ImageObject","inLanguage":"es","@id":"https:\/\/diariotextual.com\/inicio\/#\/schema\/logo\/image\/","url":"https:\/\/diariotextual.com\/inicio\/wp-content\/uploads\/2023\/05\/logotextual1.jpg","contentUrl":"https:\/\/diariotextual.com\/inicio\/wp-content\/uploads\/2023\/05\/logotextual1.jpg","width":516,"height":76,"caption":"Diario Textual"},"image":{"@id":"https:\/\/diariotextual.com\/inicio\/#\/schema\/logo\/image\/"},"sameAs":["https:\/\/www.facebook.com\/eltextual","https:\/\/x.com\/eltextual","http:\/\/www.instagram.com\/eltextual"]},{"@type":"Person","@id":"https:\/\/diariotextual.com\/inicio\/#\/schema\/person\/a1b6f563e0ee944c60f98119389a4d9f","name":"diario3","image":{"@type":"ImageObject","inLanguage":"es","@id":"https:\/\/secure.gravatar.com\/avatar\/5e7ee62c82fc04d9dd79d746a390d93c69c43223e5faeeb3ea9461ef752bfc5d?s=96&d=mm&r=g","url":"https:\/\/secure.gravatar.com\/avatar\/5e7ee62c82fc04d9dd79d746a390d93c69c43223e5faeeb3ea9461ef752bfc5d?s=96&d=mm&r=g","contentUrl":"https:\/\/secure.gravatar.com\/avatar\/5e7ee62c82fc04d9dd79d746a390d93c69c43223e5faeeb3ea9461ef752bfc5d?s=96&d=mm&r=g","caption":"diario3"},"url":"https:\/\/diariotextual.com\/inicio\/index.php\/author\/diario3\/"}]}},"_links":{"self":[{"href":"https:\/\/diariotextual.com\/inicio\/index.php\/wp-json\/wp\/v2\/posts\/37148","targetHints":{"allow":["GET"]}}],"collection":[{"href":"https:\/\/diariotextual.com\/inicio\/index.php\/wp-json\/wp\/v2\/posts"}],"about":[{"href":"https:\/\/diariotextual.com\/inicio\/index.php\/wp-json\/wp\/v2\/types\/post"}],"author":[{"embeddable":true,"href":"https:\/\/diariotextual.com\/inicio\/index.php\/wp-json\/wp\/v2\/users\/5"}],"replies":[{"embeddable":true,"href":"https:\/\/diariotextual.com\/inicio\/index.php\/wp-json\/wp\/v2\/comments?post=37148"}],"version-history":[{"count":3,"href":"https:\/\/diariotextual.com\/inicio\/index.php\/wp-json\/wp\/v2\/posts\/37148\/revisions"}],"predecessor-version":[{"id":37155,"href":"https:\/\/diariotextual.com\/inicio\/index.php\/wp-json\/wp\/v2\/posts\/37148\/revisions\/37155"}],"wp:featuredmedia":[{"embeddable":true,"href":"https:\/\/diariotextual.com\/inicio\/index.php\/wp-json\/wp\/v2\/media\/36817"}],"wp:attachment":[{"href":"https:\/\/diariotextual.com\/inicio\/index.php\/wp-json\/wp\/v2\/media?parent=37148"}],"wp:term":[{"taxonomy":"category","embeddable":true,"href":"https:\/\/diariotextual.com\/inicio\/index.php\/wp-json\/wp\/v2\/categories?post=37148"},{"taxonomy":"post_tag","embeddable":true,"href":"https:\/\/diariotextual.com\/inicio\/index.php\/wp-json\/wp\/v2\/tags?post=37148"}],"curies":[{"name":"wp","href":"https:\/\/api.w.org\/{rel}","templated":true}]}}