{"id":37166,"date":"2019-02-07T08:17:51","date_gmt":"2019-02-07T11:17:51","guid":{"rendered":"http:\/\/diariotextual.com\/inicio\/?p=37166"},"modified":"2019-02-07T16:34:17","modified_gmt":"2019-02-07T19:34:17","slug":"femicidios-308-victimas-2017-aunque-ninguna-la-pampa","status":"publish","type":"post","link":"https:\/\/diariotextual.com\/inicio\/index.php\/2019\/02\/07\/femicidios-308-victimas-2017-aunque-ninguna-la-pampa\/","title":{"rendered":"Femicidios: 308 v\u00edctimas en 2017, aunque ninguna en La Pampa"},"content":{"rendered":"<div class=\"row pb-content-type-text\">\n<div class=\"col-xs-12 col-print-12\">\n<p>El Gobierno nacional dio a conocer <strong>los primeros datos oficiales<\/strong> sobre <strong>femicidios<\/strong>, con cifras de 2017 de las 24 jurisdicciones del pa\u00eds. El dato es estremecedor:\u00a0<strong>hubo 308 v\u00edctimas de este delito<\/strong>, de las cuales\u00a0<strong>274 fueron mujeres<\/strong>, la mayor\u00eda\u00a0<strong>asesinadas en sus casas<\/strong>\u00a0especialmente con\u00a0<strong>armas de fuego, armas blancas o ahorcadas<\/strong>\u00a0y los femicidas\u00a0<strong>viv\u00edan, en una gran proporci\u00f3n de los casos, en el mismo hogar<\/strong>. Y muy pocas hab\u00edan denunciado violencia previa.<\/p>\n<div id=\"hybs-mslot-2fd2b8cf-0\" class=\"hybs-mslot\">Una particularidad:<strong> La Pampa fue la \u00fanica jurisdicci\u00f3n del pa\u00eds donde, durante ese a\u00f1o, no hubo femicidios.<\/strong> Un a\u00f1o antes fue el asesinato de <strong>Sonia Alvarado<\/strong> (en Trenel) y en 2018 el de<strong> Flavia Fern\u00e1ndez<\/strong> (en Santa Rosa). Por el primer caso, el femicida fue condenado a prisi\u00f3n. El segundo, en tanto, qued\u00f3 impune: el acusado fue asesinado dentro de la c\u00e1rcel.<\/div>\n<\/div>\n<\/div>\n<div class=\"row pb-content-type-text\">\n<div class=\"col-xs-12 col-print-12\">\n<p class=\"element element-paragraph\">La informaci\u00f3n est\u00e1 contenida en el\u00a0<strong>Primer Informe de Estad\u00edsticas Oficial de Femicidios y Femicidios Vinculados<\/strong>, realizados\u00a0por el Ministerio de Seguridad nacional con la integraci\u00f3n de la Defensor\u00eda del Pueblo. Y se suma a los registros existentes para ese a\u00f1o, elaborados por la Corte Suprema y la Casa del Encuentro, informaron La Naci\u00f3n e Infobae.<\/p>\n<\/div>\n<\/div>\n<div class=\"row pb-content-type-text\">\n<div class=\"col-xs-12 col-print-12\">\n<p class=\"element element-paragraph\">Seg\u00fan este documento oficial, confeccionado a partir de los datos recogidos en el registro policial, adem\u00e1s de las\u00a0<strong>274 mujeres asesinadas<\/strong>, hubo\u00a0<strong>seis v\u00edctimas de travesticidios o transfemicidios<\/strong>\u00a0y\u00a0<strong>13 mujeres y 15 hombres involucrados en femicidios vinculados<\/strong>\u00a0(personas asesinadas para causar el sufrimiento de otras o quienes quedaron en la l\u00ednea de fuego, entre otras caracter\u00edsticas). Eso indica\u00a0<strong>un femicidio cada 28 horas durante todo el a\u00f1o.\u00a0<\/strong>La Casa del Encuentro registr\u00f3 295 femicidios m\u00e1s 24 vinculados (319 en total) y la Corte Suprema, 251.<\/p>\n<\/div>\n<\/div>\n<div class=\"row pb-content-type-text\">\n<div class=\"col-xs-12 col-print-12\">\n<p class=\"element element-paragraph\">A partir del cruce de datos con el Sistema de Alerta Temprana de Homicidios Dolosos se pudo determinar que el 64% de las v\u00edctimas de sexo femenino de homicidios dolosos fueron, en efecto, v\u00edctimas de femicidios. Es decir, asesinadas por su condici\u00f3n de mujer.<\/p>\n<div class=\"row pb-content-type-text\">\n<div class=\"col-xs-12 col-print-12\">\n<p class=\"element element-paragraph\"><strong>La cantidad total de femicidios representa el 13,5% del total de v\u00edctimas de homicidios dolosos en Argentina<\/strong>\u00a0durante ese a\u00f1o. Es decir que m\u00e1s de 1 de cada 10 cr\u00edmenes mortales en 2017 se ajustaron a la definici\u00f3n que Diana Russell y Jane Caputi a principios de la d\u00e9cada del &#8217;90: \u00abAsesinato de mujeres por hombres motivado por odio, desprecio, placer o sentido de la propiedad sobre una mujer\u00bb o \u00abel asesinato mis\u00f3gino de mujeres perpetrado por hombres\u00bb.<\/p>\n<\/div>\n<\/div>\n<div class=\"row pb-content-type-text\">\n<div class=\"col-xs-12 col-print-12\">\n<p class=\"element element-paragraph\">Los meses en los que m\u00e1s femicidios hubo en Argentina durante 2017 fueron\u00a0<strong>diciembre (41), febrero (39) y julio (32)<\/strong>. La marca del \u00faltimo mes del a\u00f1o coincide con la tendencia que muestran las estad\u00edsticas de homicidios dolosos.<\/p>\n<\/div>\n<\/div>\n<div class=\"row pb-content-type-text\">\n<div class=\"col-xs-12 col-print-12\">\n<p class=\"element element-paragraph\">Respecto de las edades de las v\u00edctimas,\u00a0<strong>el 41,9% ten\u00eda entre 16 y 30 a\u00f1os<\/strong>, aunque\u00a0<strong>la mayor\u00eda aparece en la franja etaria de entre 16 y 20<\/strong>.\u00a0En el caso de los femicidas tambi\u00e9n coincide: el 34,8% ten\u00eda entre 16 y 30 al momento de cometer el crimen.<\/p>\n<\/div>\n<\/div>\n<div class=\"row pb-content-type-text\">\n<div class=\"col-xs-12 col-print-12\">\n<p class=\"element element-paragraph\">Un dato importante para los investigadores radica en la relaci\u00f3n que ten\u00edan las v\u00edctimas con sus victimarios: el 61,7% de las mujeres asesinadas ten\u00eda una relaci\u00f3n de pareja \u00edntima con el femicida y el 18,5%, una relaci\u00f3n familiar (en este caso sobresalen los cr\u00edmenes cometidos por hijastra y madre).<\/p>\n<\/div>\n<div class=\"row pb-content-type-text\">\n<div class=\"col-xs-12 col-print-12\">\n<p class=\"element element-paragraph\">El lugar de mayor concurrencia del total de v\u00edctimas es el domicilio particular, con 72,7% de los casos. Mientras que en la v\u00eda p\u00fablica registraron 58 casos (21%) y seis (2%) en comercios o \u00e1mbitos laborales.\u00a0<strong>Dos casos fueron los m\u00e1s llamativos: mujeres asesinadas en la c\u00e1rcel durante la visita de sus parejas.<\/strong>\u00a0Tambi\u00e9n se registraron cr\u00edmenes en camping, hotel, interior de un auto, templo religioso e ingenio.<\/p>\n<\/div>\n<\/div>\n<div class=\"row pb-content-type-text\">\n<div class=\"col-xs-12 col-print-12\">\n<p class=\"element element-paragraph\">Del total de 196 personas asesinadas en hogares se pudo desagregar el tipo de domicilio en 163 casos: 86 compart\u00edan vivienda con el femicida, 64 no viv\u00edan con el femicida y 13 fueron asesinadas en la casa del femicida.<\/p>\n<\/div>\n<\/div>\n<div class=\"row pb-content-type-text\">\n<div class=\"col-xs-12 col-print-12\">\n<p class=\"element element-paragraph\">En relaci\u00f3n con el mecanismo utilizado para perpretar el femicidio, el arma de fuego registra la mayor\u00eda de los casos (76), seguido de arma blanca (67), ahorcamiento o asfixia (44), objeto contundente (22), golpes de pu\u00f1o (16) y quemaduras (12), entre otros, como deg\u00fcello, envenenamiento, y m\u00e1s.<\/p>\n<\/div>\n<div class=\"row pb-content-type-text\">\n<div class=\"col-xs-12 col-print-12\">\n<p class=\"element element-paragraph\">La tasa nacional de mujeres v\u00edctimas de femicidios de 2017 es de\u00a0<strong>1,31 cada 100.000 habitantes<\/strong>. Las provincias con m\u00e1s altas tasas est\u00e1n en el Noroeste del territorio.\u00a0<strong>Salta (3,32), Santiago del Estero (3,15), Jujuy (2,92) y Formosa (2,36)<\/strong>\u00a0est\u00e1n muy por encima del resto de las jurisdicciones.<\/p>\n<\/div>\n<\/div>\n<div class=\"row pb-content-type-text\">\n<div class=\"col-xs-12 col-print-12\">\n<p class=\"element element-paragraph\">La provincia de Buenos Aires, por caso, tuvo ese a\u00f1o una tasa de femicidios de 1,18 cada 100.000 y Capital Federal, 0,58. Y el caso m\u00e1s particular es el de La Pampa, donde no se contabilizan femicidios.<\/p>\n<\/div>\n<p>&nbsp;<\/p>\n<p>&nbsp;<\/p>\n<\/div>\n<\/div>\n<\/div>\n<\/div>\n<\/div>\n","protected":false},"excerpt":{"rendered":"<p>El Gobierno nacional dio a conocer los primeros datos oficiales sobre femicidios, con cifras de 2017 de las 24 jurisdicciones del pa\u00eds. El dato es estremecedor:\u00a0hubo 308 v\u00edctimas de este&hellip;<\/p>\n","protected":false},"author":3,"featured_media":37169,"comment_status":"closed","ping_status":"open","sticky":false,"template":"","format":"standard","meta":{"_acf_changed":false,"footnotes":""},"categories":[319,12],"tags":[1611],"class_list":["post-37166","post","type-post","status-publish","format-standard","has-post-thumbnail","hentry","category-a-temporales","category-sociedad","tag-femicidios"],"acf":[],"yoast_head":"<!-- This site is optimized with the Yoast SEO plugin v27.5 - https:\/\/yoast.com\/product\/yoast-seo-wordpress\/ -->\n<title>Femicidios: 308 v\u00edctimas en 2017, aunque ninguna en La Pampa - Diario Textual<\/title>\n<meta name=\"robots\" content=\"index, follow, max-snippet:-1, max-image-preview:large, max-video-preview:-1\" \/>\n<link rel=\"canonical\" href=\"https:\/\/diariotextual.com\/inicio\/index.php\/2019\/02\/07\/femicidios-308-victimas-2017-aunque-ninguna-la-pampa\/\" \/>\n<meta property=\"og:locale\" content=\"es_ES\" \/>\n<meta property=\"og:type\" content=\"article\" \/>\n<meta property=\"og:title\" content=\"Femicidios: 308 v\u00edctimas en 2017, aunque ninguna en La Pampa - Diario Textual\" \/>\n<meta property=\"og:description\" content=\"El Gobierno nacional dio a conocer los primeros datos oficiales sobre femicidios, con cifras de 2017 de las 24 jurisdicciones del pa\u00eds. El dato es estremecedor:\u00a0hubo 308 v\u00edctimas de este&hellip;\" \/>\n<meta property=\"og:url\" content=\"https:\/\/diariotextual.com\/inicio\/index.php\/2019\/02\/07\/femicidios-308-victimas-2017-aunque-ninguna-la-pampa\/\" \/>\n<meta property=\"og:site_name\" content=\"Diario Textual\" \/>\n<meta property=\"article:publisher\" content=\"https:\/\/www.facebook.com\/eltextual\" \/>\n<meta property=\"article:published_time\" content=\"2019-02-07T11:17:51+00:00\" \/>\n<meta property=\"article:modified_time\" content=\"2019-02-07T19:34:17+00:00\" \/>\n<meta property=\"og:image\" content=\"https:\/\/diariotextual.com\/inicio\/wp-content\/uploads\/2019\/02\/femicidioniunamenos22.jpg\" \/>\n\t<meta property=\"og:image:width\" content=\"746\" \/>\n\t<meta property=\"og:image:height\" content=\"466\" \/>\n\t<meta property=\"og:image:type\" content=\"image\/jpeg\" \/>\n<meta name=\"author\" content=\"Diario1 Diario1\" \/>\n<meta name=\"twitter:card\" content=\"summary_large_image\" \/>\n<meta name=\"twitter:creator\" content=\"@eltextual\" \/>\n<meta name=\"twitter:site\" content=\"@eltextual\" \/>\n<meta name=\"twitter:label1\" content=\"Escrito por\" \/>\n\t<meta name=\"twitter:data1\" content=\"Diario1 Diario1\" \/>\n\t<meta name=\"twitter:label2\" content=\"Tiempo de lectura\" \/>\n\t<meta name=\"twitter:data2\" content=\"4 minutos\" \/>\n<script type=\"application\/ld+json\" class=\"yoast-schema-graph\">{\"@context\":\"https:\\\/\\\/schema.org\",\"@graph\":[{\"@type\":\"Article\",\"@id\":\"https:\\\/\\\/diariotextual.com\\\/inicio\\\/index.php\\\/2019\\\/02\\\/07\\\/femicidios-308-victimas-2017-aunque-ninguna-la-pampa\\\/#article\",\"isPartOf\":{\"@id\":\"https:\\\/\\\/diariotextual.com\\\/inicio\\\/index.php\\\/2019\\\/02\\\/07\\\/femicidios-308-victimas-2017-aunque-ninguna-la-pampa\\\/\"},\"author\":{\"name\":\"Diario1 Diario1\",\"@id\":\"https:\\\/\\\/diariotextual.com\\\/inicio\\\/#\\\/schema\\\/person\\\/418fc4093c33e86ed41562db3508f958\"},\"headline\":\"Femicidios: 308 v\u00edctimas en 2017, aunque ninguna en La Pampa\",\"datePublished\":\"2019-02-07T11:17:51+00:00\",\"dateModified\":\"2019-02-07T19:34:17+00:00\",\"mainEntityOfPage\":{\"@id\":\"https:\\\/\\\/diariotextual.com\\\/inicio\\\/index.php\\\/2019\\\/02\\\/07\\\/femicidios-308-victimas-2017-aunque-ninguna-la-pampa\\\/\"},\"wordCount\":802,\"publisher\":{\"@id\":\"https:\\\/\\\/diariotextual.com\\\/inicio\\\/#organization\"},\"image\":{\"@id\":\"https:\\\/\\\/diariotextual.com\\\/inicio\\\/index.php\\\/2019\\\/02\\\/07\\\/femicidios-308-victimas-2017-aunque-ninguna-la-pampa\\\/#primaryimage\"},\"thumbnailUrl\":\"https:\\\/\\\/diariotextual.com\\\/inicio\\\/wp-content\\\/uploads\\\/2019\\\/02\\\/femicidioniunamenos22.jpg\",\"keywords\":[\"femicidios\"],\"articleSection\":[\"A - TEMPORALES\",\"SOCIEDAD\"],\"inLanguage\":\"es\"},{\"@type\":\"WebPage\",\"@id\":\"https:\\\/\\\/diariotextual.com\\\/inicio\\\/index.php\\\/2019\\\/02\\\/07\\\/femicidios-308-victimas-2017-aunque-ninguna-la-pampa\\\/\",\"url\":\"https:\\\/\\\/diariotextual.com\\\/inicio\\\/index.php\\\/2019\\\/02\\\/07\\\/femicidios-308-victimas-2017-aunque-ninguna-la-pampa\\\/\",\"name\":\"Femicidios: 308 v\u00edctimas en 2017, aunque ninguna en La Pampa - Diario Textual\",\"isPartOf\":{\"@id\":\"https:\\\/\\\/diariotextual.com\\\/inicio\\\/#website\"},\"primaryImageOfPage\":{\"@id\":\"https:\\\/\\\/diariotextual.com\\\/inicio\\\/index.php\\\/2019\\\/02\\\/07\\\/femicidios-308-victimas-2017-aunque-ninguna-la-pampa\\\/#primaryimage\"},\"image\":{\"@id\":\"https:\\\/\\\/diariotextual.com\\\/inicio\\\/index.php\\\/2019\\\/02\\\/07\\\/femicidios-308-victimas-2017-aunque-ninguna-la-pampa\\\/#primaryimage\"},\"thumbnailUrl\":\"https:\\\/\\\/diariotextual.com\\\/inicio\\\/wp-content\\\/uploads\\\/2019\\\/02\\\/femicidioniunamenos22.jpg\",\"datePublished\":\"2019-02-07T11:17:51+00:00\",\"dateModified\":\"2019-02-07T19:34:17+00:00\",\"breadcrumb\":{\"@id\":\"https:\\\/\\\/diariotextual.com\\\/inicio\\\/index.php\\\/2019\\\/02\\\/07\\\/femicidios-308-victimas-2017-aunque-ninguna-la-pampa\\\/#breadcrumb\"},\"inLanguage\":\"es\",\"potentialAction\":[{\"@type\":\"ReadAction\",\"target\":[\"https:\\\/\\\/diariotextual.com\\\/inicio\\\/index.php\\\/2019\\\/02\\\/07\\\/femicidios-308-victimas-2017-aunque-ninguna-la-pampa\\\/\"]}]},{\"@type\":\"ImageObject\",\"inLanguage\":\"es\",\"@id\":\"https:\\\/\\\/diariotextual.com\\\/inicio\\\/index.php\\\/2019\\\/02\\\/07\\\/femicidios-308-victimas-2017-aunque-ninguna-la-pampa\\\/#primaryimage\",\"url\":\"https:\\\/\\\/diariotextual.com\\\/inicio\\\/wp-content\\\/uploads\\\/2019\\\/02\\\/femicidioniunamenos22.jpg\",\"contentUrl\":\"https:\\\/\\\/diariotextual.com\\\/inicio\\\/wp-content\\\/uploads\\\/2019\\\/02\\\/femicidioniunamenos22.jpg\",\"width\":746,\"height\":466},{\"@type\":\"BreadcrumbList\",\"@id\":\"https:\\\/\\\/diariotextual.com\\\/inicio\\\/index.php\\\/2019\\\/02\\\/07\\\/femicidios-308-victimas-2017-aunque-ninguna-la-pampa\\\/#breadcrumb\",\"itemListElement\":[{\"@type\":\"ListItem\",\"position\":1,\"name\":\"Portada\",\"item\":\"https:\\\/\\\/diariotextual.com\\\/inicio\\\/\"},{\"@type\":\"ListItem\",\"position\":2,\"name\":\"Femicidios: 308 v\u00edctimas en 2017, aunque ninguna en La Pampa\"}]},{\"@type\":\"WebSite\",\"@id\":\"https:\\\/\\\/diariotextual.com\\\/inicio\\\/#website\",\"url\":\"https:\\\/\\\/diariotextual.com\\\/inicio\\\/\",\"name\":\"Diario Textual\",\"description\":\"\",\"publisher\":{\"@id\":\"https:\\\/\\\/diariotextual.com\\\/inicio\\\/#organization\"},\"potentialAction\":[{\"@type\":\"SearchAction\",\"target\":{\"@type\":\"EntryPoint\",\"urlTemplate\":\"https:\\\/\\\/diariotextual.com\\\/inicio\\\/?s={search_term_string}\"},\"query-input\":{\"@type\":\"PropertyValueSpecification\",\"valueRequired\":true,\"valueName\":\"search_term_string\"}}],\"inLanguage\":\"es\"},{\"@type\":\"Organization\",\"@id\":\"https:\\\/\\\/diariotextual.com\\\/inicio\\\/#organization\",\"name\":\"Diario Textual\",\"url\":\"https:\\\/\\\/diariotextual.com\\\/inicio\\\/\",\"logo\":{\"@type\":\"ImageObject\",\"inLanguage\":\"es\",\"@id\":\"https:\\\/\\\/diariotextual.com\\\/inicio\\\/#\\\/schema\\\/logo\\\/image\\\/\",\"url\":\"https:\\\/\\\/diariotextual.com\\\/inicio\\\/wp-content\\\/uploads\\\/2023\\\/05\\\/logotextual1.jpg\",\"contentUrl\":\"https:\\\/\\\/diariotextual.com\\\/inicio\\\/wp-content\\\/uploads\\\/2023\\\/05\\\/logotextual1.jpg\",\"width\":516,\"height\":76,\"caption\":\"Diario Textual\"},\"image\":{\"@id\":\"https:\\\/\\\/diariotextual.com\\\/inicio\\\/#\\\/schema\\\/logo\\\/image\\\/\"},\"sameAs\":[\"https:\\\/\\\/www.facebook.com\\\/eltextual\",\"https:\\\/\\\/x.com\\\/eltextual\",\"http:\\\/\\\/www.instagram.com\\\/eltextual\"]},{\"@type\":\"Person\",\"@id\":\"https:\\\/\\\/diariotextual.com\\\/inicio\\\/#\\\/schema\\\/person\\\/418fc4093c33e86ed41562db3508f958\",\"name\":\"Diario1 Diario1\",\"image\":{\"@type\":\"ImageObject\",\"inLanguage\":\"es\",\"@id\":\"https:\\\/\\\/secure.gravatar.com\\\/avatar\\\/9167d280179c85bc18be67aa7eda765854300033af4896dd779b608640f2ef7a?s=96&d=mm&r=g\",\"url\":\"https:\\\/\\\/secure.gravatar.com\\\/avatar\\\/9167d280179c85bc18be67aa7eda765854300033af4896dd779b608640f2ef7a?s=96&d=mm&r=g\",\"contentUrl\":\"https:\\\/\\\/secure.gravatar.com\\\/avatar\\\/9167d280179c85bc18be67aa7eda765854300033af4896dd779b608640f2ef7a?s=96&d=mm&r=g\",\"caption\":\"Diario1 Diario1\"},\"url\":\"https:\\\/\\\/diariotextual.com\\\/inicio\\\/index.php\\\/author\\\/diario1\\\/\"}]}<\/script>\n<!-- \/ Yoast SEO plugin. -->","yoast_head_json":{"title":"Femicidios: 308 v\u00edctimas en 2017, aunque ninguna en La Pampa - Diario Textual","robots":{"index":"index","follow":"follow","max-snippet":"max-snippet:-1","max-image-preview":"max-image-preview:large","max-video-preview":"max-video-preview:-1"},"canonical":"https:\/\/diariotextual.com\/inicio\/index.php\/2019\/02\/07\/femicidios-308-victimas-2017-aunque-ninguna-la-pampa\/","og_locale":"es_ES","og_type":"article","og_title":"Femicidios: 308 v\u00edctimas en 2017, aunque ninguna en La Pampa - Diario Textual","og_description":"El Gobierno nacional dio a conocer los primeros datos oficiales sobre femicidios, con cifras de 2017 de las 24 jurisdicciones del pa\u00eds. El dato es estremecedor:\u00a0hubo 308 v\u00edctimas de este&hellip;","og_url":"https:\/\/diariotextual.com\/inicio\/index.php\/2019\/02\/07\/femicidios-308-victimas-2017-aunque-ninguna-la-pampa\/","og_site_name":"Diario Textual","article_publisher":"https:\/\/www.facebook.com\/eltextual","article_published_time":"2019-02-07T11:17:51+00:00","article_modified_time":"2019-02-07T19:34:17+00:00","og_image":[{"width":746,"height":466,"url":"https:\/\/diariotextual.com\/inicio\/wp-content\/uploads\/2019\/02\/femicidioniunamenos22.jpg","type":"image\/jpeg"}],"author":"Diario1 Diario1","twitter_card":"summary_large_image","twitter_creator":"@eltextual","twitter_site":"@eltextual","twitter_misc":{"Escrito por":"Diario1 Diario1","Tiempo de lectura":"4 minutos"},"schema":{"@context":"https:\/\/schema.org","@graph":[{"@type":"Article","@id":"https:\/\/diariotextual.com\/inicio\/index.php\/2019\/02\/07\/femicidios-308-victimas-2017-aunque-ninguna-la-pampa\/#article","isPartOf":{"@id":"https:\/\/diariotextual.com\/inicio\/index.php\/2019\/02\/07\/femicidios-308-victimas-2017-aunque-ninguna-la-pampa\/"},"author":{"name":"Diario1 Diario1","@id":"https:\/\/diariotextual.com\/inicio\/#\/schema\/person\/418fc4093c33e86ed41562db3508f958"},"headline":"Femicidios: 308 v\u00edctimas en 2017, aunque ninguna en La Pampa","datePublished":"2019-02-07T11:17:51+00:00","dateModified":"2019-02-07T19:34:17+00:00","mainEntityOfPage":{"@id":"https:\/\/diariotextual.com\/inicio\/index.php\/2019\/02\/07\/femicidios-308-victimas-2017-aunque-ninguna-la-pampa\/"},"wordCount":802,"publisher":{"@id":"https:\/\/diariotextual.com\/inicio\/#organization"},"image":{"@id":"https:\/\/diariotextual.com\/inicio\/index.php\/2019\/02\/07\/femicidios-308-victimas-2017-aunque-ninguna-la-pampa\/#primaryimage"},"thumbnailUrl":"https:\/\/diariotextual.com\/inicio\/wp-content\/uploads\/2019\/02\/femicidioniunamenos22.jpg","keywords":["femicidios"],"articleSection":["A - TEMPORALES","SOCIEDAD"],"inLanguage":"es"},{"@type":"WebPage","@id":"https:\/\/diariotextual.com\/inicio\/index.php\/2019\/02\/07\/femicidios-308-victimas-2017-aunque-ninguna-la-pampa\/","url":"https:\/\/diariotextual.com\/inicio\/index.php\/2019\/02\/07\/femicidios-308-victimas-2017-aunque-ninguna-la-pampa\/","name":"Femicidios: 308 v\u00edctimas en 2017, aunque ninguna en La Pampa - Diario Textual","isPartOf":{"@id":"https:\/\/diariotextual.com\/inicio\/#website"},"primaryImageOfPage":{"@id":"https:\/\/diariotextual.com\/inicio\/index.php\/2019\/02\/07\/femicidios-308-victimas-2017-aunque-ninguna-la-pampa\/#primaryimage"},"image":{"@id":"https:\/\/diariotextual.com\/inicio\/index.php\/2019\/02\/07\/femicidios-308-victimas-2017-aunque-ninguna-la-pampa\/#primaryimage"},"thumbnailUrl":"https:\/\/diariotextual.com\/inicio\/wp-content\/uploads\/2019\/02\/femicidioniunamenos22.jpg","datePublished":"2019-02-07T11:17:51+00:00","dateModified":"2019-02-07T19:34:17+00:00","breadcrumb":{"@id":"https:\/\/diariotextual.com\/inicio\/index.php\/2019\/02\/07\/femicidios-308-victimas-2017-aunque-ninguna-la-pampa\/#breadcrumb"},"inLanguage":"es","potentialAction":[{"@type":"ReadAction","target":["https:\/\/diariotextual.com\/inicio\/index.php\/2019\/02\/07\/femicidios-308-victimas-2017-aunque-ninguna-la-pampa\/"]}]},{"@type":"ImageObject","inLanguage":"es","@id":"https:\/\/diariotextual.com\/inicio\/index.php\/2019\/02\/07\/femicidios-308-victimas-2017-aunque-ninguna-la-pampa\/#primaryimage","url":"https:\/\/diariotextual.com\/inicio\/wp-content\/uploads\/2019\/02\/femicidioniunamenos22.jpg","contentUrl":"https:\/\/diariotextual.com\/inicio\/wp-content\/uploads\/2019\/02\/femicidioniunamenos22.jpg","width":746,"height":466},{"@type":"BreadcrumbList","@id":"https:\/\/diariotextual.com\/inicio\/index.php\/2019\/02\/07\/femicidios-308-victimas-2017-aunque-ninguna-la-pampa\/#breadcrumb","itemListElement":[{"@type":"ListItem","position":1,"name":"Portada","item":"https:\/\/diariotextual.com\/inicio\/"},{"@type":"ListItem","position":2,"name":"Femicidios: 308 v\u00edctimas en 2017, aunque ninguna en La Pampa"}]},{"@type":"WebSite","@id":"https:\/\/diariotextual.com\/inicio\/#website","url":"https:\/\/diariotextual.com\/inicio\/","name":"Diario Textual","description":"","publisher":{"@id":"https:\/\/diariotextual.com\/inicio\/#organization"},"potentialAction":[{"@type":"SearchAction","target":{"@type":"EntryPoint","urlTemplate":"https:\/\/diariotextual.com\/inicio\/?s={search_term_string}"},"query-input":{"@type":"PropertyValueSpecification","valueRequired":true,"valueName":"search_term_string"}}],"inLanguage":"es"},{"@type":"Organization","@id":"https:\/\/diariotextual.com\/inicio\/#organization","name":"Diario Textual","url":"https:\/\/diariotextual.com\/inicio\/","logo":{"@type":"ImageObject","inLanguage":"es","@id":"https:\/\/diariotextual.com\/inicio\/#\/schema\/logo\/image\/","url":"https:\/\/diariotextual.com\/inicio\/wp-content\/uploads\/2023\/05\/logotextual1.jpg","contentUrl":"https:\/\/diariotextual.com\/inicio\/wp-content\/uploads\/2023\/05\/logotextual1.jpg","width":516,"height":76,"caption":"Diario Textual"},"image":{"@id":"https:\/\/diariotextual.com\/inicio\/#\/schema\/logo\/image\/"},"sameAs":["https:\/\/www.facebook.com\/eltextual","https:\/\/x.com\/eltextual","http:\/\/www.instagram.com\/eltextual"]},{"@type":"Person","@id":"https:\/\/diariotextual.com\/inicio\/#\/schema\/person\/418fc4093c33e86ed41562db3508f958","name":"Diario1 Diario1","image":{"@type":"ImageObject","inLanguage":"es","@id":"https:\/\/secure.gravatar.com\/avatar\/9167d280179c85bc18be67aa7eda765854300033af4896dd779b608640f2ef7a?s=96&d=mm&r=g","url":"https:\/\/secure.gravatar.com\/avatar\/9167d280179c85bc18be67aa7eda765854300033af4896dd779b608640f2ef7a?s=96&d=mm&r=g","contentUrl":"https:\/\/secure.gravatar.com\/avatar\/9167d280179c85bc18be67aa7eda765854300033af4896dd779b608640f2ef7a?s=96&d=mm&r=g","caption":"Diario1 Diario1"},"url":"https:\/\/diariotextual.com\/inicio\/index.php\/author\/diario1\/"}]}},"_links":{"self":[{"href":"https:\/\/diariotextual.com\/inicio\/index.php\/wp-json\/wp\/v2\/posts\/37166","targetHints":{"allow":["GET"]}}],"collection":[{"href":"https:\/\/diariotextual.com\/inicio\/index.php\/wp-json\/wp\/v2\/posts"}],"about":[{"href":"https:\/\/diariotextual.com\/inicio\/index.php\/wp-json\/wp\/v2\/types\/post"}],"author":[{"embeddable":true,"href":"https:\/\/diariotextual.com\/inicio\/index.php\/wp-json\/wp\/v2\/users\/3"}],"replies":[{"embeddable":true,"href":"https:\/\/diariotextual.com\/inicio\/index.php\/wp-json\/wp\/v2\/comments?post=37166"}],"version-history":[{"count":3,"href":"https:\/\/diariotextual.com\/inicio\/index.php\/wp-json\/wp\/v2\/posts\/37166\/revisions"}],"predecessor-version":[{"id":37170,"href":"https:\/\/diariotextual.com\/inicio\/index.php\/wp-json\/wp\/v2\/posts\/37166\/revisions\/37170"}],"wp:featuredmedia":[{"embeddable":true,"href":"https:\/\/diariotextual.com\/inicio\/index.php\/wp-json\/wp\/v2\/media\/37169"}],"wp:attachment":[{"href":"https:\/\/diariotextual.com\/inicio\/index.php\/wp-json\/wp\/v2\/media?parent=37166"}],"wp:term":[{"taxonomy":"category","embeddable":true,"href":"https:\/\/diariotextual.com\/inicio\/index.php\/wp-json\/wp\/v2\/categories?post=37166"},{"taxonomy":"post_tag","embeddable":true,"href":"https:\/\/diariotextual.com\/inicio\/index.php\/wp-json\/wp\/v2\/tags?post=37166"}],"curies":[{"name":"wp","href":"https:\/\/api.w.org\/{rel}","templated":true}]}}