{"id":3833,"date":"2018-04-05T08:49:03","date_gmt":"2018-04-05T08:49:03","guid":{"rendered":"http:\/\/diariotextual.com\/inicio\/?p=3833"},"modified":"2018-04-05T17:55:26","modified_gmt":"2018-04-05T17:55:26","slug":"superior-tribunal-habilito-la-detencion-lula","status":"publish","type":"post","link":"https:\/\/diariotextual.com\/inicio\/index.php\/2018\/04\/05\/superior-tribunal-habilito-la-detencion-lula\/","title":{"rendered":"El Superior Tribunal habilit\u00f3 la detenci\u00f3n de Lula"},"content":{"rendered":"<p>La Corte Suprema de Brasil <strong>sacudi\u00f3 los cimientos del sistema pol\u00edtico al autorizar la detenci\u00f3n del expresidente Lula<\/strong>, un mito de la izquierda, en el mayor golpe de la investigaci\u00f3n Lava Jato contra las enormes redes de corrupci\u00f3n en el pa\u00eds.<!--more--><br \/>\nEl fallo, pronunciado en la madrugada de este jueves luego de<strong> diez horas de debates<\/strong>, tambi\u00e9n impacta de lleno la carrera presidencial de la mayor econom\u00eda latinoamericana que se dirimir\u00e1 el 7 de octubre, al <strong>dejar pr\u00e1cticamente fuera del tablero al favorito en las encuestas.<\/strong><\/p>\n<p>Condenado en segunda instancia a 12 a\u00f1os y un mes de c\u00e1rcel por recibir un apartamento de lujo de una constructora involucrada en la trama de sobornos de la estatal Petrobras, <strong>Lula pretend\u00eda conservar su libertad hasta agotar los cuatro grados del sistema jur\u00eddico brasile\u00f1o.<\/strong><\/p>\n<p>Pero <strong>con un apretado resultado de 6 a 5, los jueces del Supremo Tribunal Federal (STF) rechazaron el recurso (habeas corpus) presentado por la defensa del ex mandatario (2003-2010), de 72 a\u00f1os<\/strong>.<\/p>\n<p><strong> \u00abLa presunci\u00f3n de inocencia no puede llevar a la impunidad\u00bb<\/strong>, dijo la presidenta de la corte C\u00e1rmen L\u00facia, que aport\u00f3 el sexto voto que sell\u00f3 el resultado.<\/p>\n<p>La detenci\u00f3n de Lula, que niega todas las acusaciones en su contra, podr\u00eda producirse la semana pr\u00f3xima, una vez que su defensa presente sus \u00faltimas objeciones, si es que decide hacerlo, inform\u00f3 el tribunal de apelaciones (TRF4) que lo conden\u00f3 en segunda instancia.<\/p>\n<p>La asesor\u00eda del equipo de abogados del exmandatario dijo a la AFP que esa posibilidad estaba bajo an\u00e1lisis.\u00a0<strong>\u00abNo ser\u00e1 detenido de inmediato porque lo que juzg\u00f3 el STF es un habeas corpus que autoriza la expedici\u00f3n de una orden de prisi\u00f3n.<\/strong> Quedan a\u00fan por analizar posibles nuevos recursos en el TRF4 y solo entonces podr\u00eda llegar la orden del juez Sergio Moro\u00bb, explic\u00f3 a la AFP el crimin\u00f3logo Jovacy Peter Filho.<\/p>\n<p>Moro es el magistrado de primera instancia que desde su despacho de Curitiba (sur) se convirti\u00f3 en \u00edcono de la lucha contra la corrupci\u00f3n para muchos brasile\u00f1os. De su pluma salieron la condena contra el ex presidente y contra otros pol\u00edticos y empresarios enredados en la Operaci\u00f3n Lava Jato.<\/p>\n<p>La megainvestigaci\u00f3n iniciada hace cuatro a\u00f1os puso en la mira de la justicia al actual presidente conservador, Michel Temer, y a buena parte de su gabinete, junto con decenas de diputados y senadores.<\/p>\n<p><strong> Incluso si Lula evitara permanecer encarcelado, su candidatura seguir\u00eda en jaque porque la justicia electoral impide postularse a condenados en segunda instancia.<\/strong><\/p>\n<p>La posibilidad de que llegara a la presidencia un candidato que enfrenta otros seis procesos, por delitos como obstrucci\u00f3n de la justicia y tr\u00e1fico de influencia, aliment\u00f3 la polarizaci\u00f3n que vive Brasil y que ya hab\u00eda conducido en 2016 a la destituci\u00f3n de Dilma Rousseff, sucesora y protegida de Lula, por manipulaci\u00f3n de las cuentas p\u00fablicas.<\/p>\n","protected":false},"excerpt":{"rendered":"<p>La Corte Suprema de Brasil sacudi\u00f3 los cimientos del sistema pol\u00edtico al autorizar la detenci\u00f3n del expresidente Lula, un mito de la izquierda, en el mayor golpe de la investigaci\u00f3n&hellip;<\/p>\n","protected":false},"author":3,"featured_media":3722,"comment_status":"open","ping_status":"open","sticky":false,"template":"","format":"standard","meta":{"_acf_changed":false,"footnotes":""},"categories":[11,7],"tags":[],"class_list":["post-3833","post","type-post","status-publish","format-standard","has-post-thumbnail","hentry","category-que-pasa","category-mundo"],"acf":[],"yoast_head":"<!-- This site is optimized with the Yoast SEO plugin v27.5 - https:\/\/yoast.com\/product\/yoast-seo-wordpress\/ -->\n<title>El Superior Tribunal habilit\u00f3 la detenci\u00f3n de Lula - Diario Textual<\/title>\n<meta name=\"robots\" content=\"index, follow, max-snippet:-1, max-image-preview:large, max-video-preview:-1\" \/>\n<link rel=\"canonical\" href=\"https:\/\/diariotextual.com\/inicio\/index.php\/2018\/04\/05\/superior-tribunal-habilito-la-detencion-lula\/\" \/>\n<meta property=\"og:locale\" content=\"es_ES\" \/>\n<meta property=\"og:type\" content=\"article\" \/>\n<meta property=\"og:title\" content=\"El Superior Tribunal habilit\u00f3 la detenci\u00f3n de Lula - Diario Textual\" \/>\n<meta property=\"og:description\" content=\"La Corte Suprema de Brasil sacudi\u00f3 los cimientos del sistema pol\u00edtico al autorizar la detenci\u00f3n del expresidente Lula, un mito de la izquierda, en el mayor golpe de la investigaci\u00f3n&hellip;\" \/>\n<meta property=\"og:url\" content=\"https:\/\/diariotextual.com\/inicio\/index.php\/2018\/04\/05\/superior-tribunal-habilito-la-detencion-lula\/\" \/>\n<meta property=\"og:site_name\" content=\"Diario Textual\" \/>\n<meta property=\"article:publisher\" content=\"https:\/\/www.facebook.com\/eltextual\" \/>\n<meta property=\"article:published_time\" content=\"2018-04-05T08:49:03+00:00\" \/>\n<meta property=\"article:modified_time\" content=\"2018-04-05T17:55:26+00:00\" \/>\n<meta property=\"og:image\" content=\"https:\/\/diariotextual.com\/inicio\/wp-content\/uploads\/2018\/04\/luladasilva2121212.jpg\" \/>\n\t<meta property=\"og:image:width\" content=\"812\" \/>\n\t<meta property=\"og:image:height\" content=\"500\" \/>\n\t<meta property=\"og:image:type\" content=\"image\/jpeg\" \/>\n<meta name=\"author\" content=\"Diario1 Diario1\" \/>\n<meta name=\"twitter:card\" content=\"summary_large_image\" \/>\n<meta name=\"twitter:creator\" content=\"@eltextual\" \/>\n<meta name=\"twitter:site\" content=\"@eltextual\" \/>\n<meta name=\"twitter:label1\" content=\"Escrito por\" \/>\n\t<meta name=\"twitter:data1\" content=\"Diario1 Diario1\" \/>\n\t<meta name=\"twitter:label2\" content=\"Tiempo de lectura\" \/>\n\t<meta name=\"twitter:data2\" content=\"3 minutos\" \/>\n<script type=\"application\/ld+json\" class=\"yoast-schema-graph\">{\"@context\":\"https:\\\/\\\/schema.org\",\"@graph\":[{\"@type\":\"Article\",\"@id\":\"https:\\\/\\\/diariotextual.com\\\/inicio\\\/index.php\\\/2018\\\/04\\\/05\\\/superior-tribunal-habilito-la-detencion-lula\\\/#article\",\"isPartOf\":{\"@id\":\"https:\\\/\\\/diariotextual.com\\\/inicio\\\/index.php\\\/2018\\\/04\\\/05\\\/superior-tribunal-habilito-la-detencion-lula\\\/\"},\"author\":{\"name\":\"Diario1 Diario1\",\"@id\":\"https:\\\/\\\/diariotextual.com\\\/inicio\\\/#\\\/schema\\\/person\\\/418fc4093c33e86ed41562db3508f958\"},\"headline\":\"El Superior Tribunal habilit\u00f3 la detenci\u00f3n de Lula\",\"datePublished\":\"2018-04-05T08:49:03+00:00\",\"dateModified\":\"2018-04-05T17:55:26+00:00\",\"mainEntityOfPage\":{\"@id\":\"https:\\\/\\\/diariotextual.com\\\/inicio\\\/index.php\\\/2018\\\/04\\\/05\\\/superior-tribunal-habilito-la-detencion-lula\\\/\"},\"wordCount\":509,\"commentCount\":0,\"publisher\":{\"@id\":\"https:\\\/\\\/diariotextual.com\\\/inicio\\\/#organization\"},\"image\":{\"@id\":\"https:\\\/\\\/diariotextual.com\\\/inicio\\\/index.php\\\/2018\\\/04\\\/05\\\/superior-tribunal-habilito-la-detencion-lula\\\/#primaryimage\"},\"thumbnailUrl\":\"https:\\\/\\\/diariotextual.com\\\/inicio\\\/wp-content\\\/uploads\\\/2018\\\/04\\\/luladasilva2121212.jpg\",\"articleSection\":[\"A - QUE PASA (al costado)\",\"MUNDO\"],\"inLanguage\":\"es\",\"potentialAction\":[{\"@type\":\"CommentAction\",\"name\":\"Comment\",\"target\":[\"https:\\\/\\\/diariotextual.com\\\/inicio\\\/index.php\\\/2018\\\/04\\\/05\\\/superior-tribunal-habilito-la-detencion-lula\\\/#respond\"]}]},{\"@type\":\"WebPage\",\"@id\":\"https:\\\/\\\/diariotextual.com\\\/inicio\\\/index.php\\\/2018\\\/04\\\/05\\\/superior-tribunal-habilito-la-detencion-lula\\\/\",\"url\":\"https:\\\/\\\/diariotextual.com\\\/inicio\\\/index.php\\\/2018\\\/04\\\/05\\\/superior-tribunal-habilito-la-detencion-lula\\\/\",\"name\":\"El Superior Tribunal habilit\u00f3 la detenci\u00f3n de Lula - Diario Textual\",\"isPartOf\":{\"@id\":\"https:\\\/\\\/diariotextual.com\\\/inicio\\\/#website\"},\"primaryImageOfPage\":{\"@id\":\"https:\\\/\\\/diariotextual.com\\\/inicio\\\/index.php\\\/2018\\\/04\\\/05\\\/superior-tribunal-habilito-la-detencion-lula\\\/#primaryimage\"},\"image\":{\"@id\":\"https:\\\/\\\/diariotextual.com\\\/inicio\\\/index.php\\\/2018\\\/04\\\/05\\\/superior-tribunal-habilito-la-detencion-lula\\\/#primaryimage\"},\"thumbnailUrl\":\"https:\\\/\\\/diariotextual.com\\\/inicio\\\/wp-content\\\/uploads\\\/2018\\\/04\\\/luladasilva2121212.jpg\",\"datePublished\":\"2018-04-05T08:49:03+00:00\",\"dateModified\":\"2018-04-05T17:55:26+00:00\",\"breadcrumb\":{\"@id\":\"https:\\\/\\\/diariotextual.com\\\/inicio\\\/index.php\\\/2018\\\/04\\\/05\\\/superior-tribunal-habilito-la-detencion-lula\\\/#breadcrumb\"},\"inLanguage\":\"es\",\"potentialAction\":[{\"@type\":\"ReadAction\",\"target\":[\"https:\\\/\\\/diariotextual.com\\\/inicio\\\/index.php\\\/2018\\\/04\\\/05\\\/superior-tribunal-habilito-la-detencion-lula\\\/\"]}]},{\"@type\":\"ImageObject\",\"inLanguage\":\"es\",\"@id\":\"https:\\\/\\\/diariotextual.com\\\/inicio\\\/index.php\\\/2018\\\/04\\\/05\\\/superior-tribunal-habilito-la-detencion-lula\\\/#primaryimage\",\"url\":\"https:\\\/\\\/diariotextual.com\\\/inicio\\\/wp-content\\\/uploads\\\/2018\\\/04\\\/luladasilva2121212.jpg\",\"contentUrl\":\"https:\\\/\\\/diariotextual.com\\\/inicio\\\/wp-content\\\/uploads\\\/2018\\\/04\\\/luladasilva2121212.jpg\",\"width\":812,\"height\":500,\"caption\":\"(FILES) In this file photo taken on February 22, 2018 Former Brazilian president Luiz Inacio Lula da Silva gestures during the commemoration of the 38th anniversary of the Workers Party (PT) in Sao Paulo, Brazil. Brazil's top court decided Thursday to defer until April 4 a decision on whether ex-president Luiz Inacio Lula da Silva should face jail if he loses an appeal next week. The Federal Supreme Court, sitting in the capital Brasilia, decided to adjourn its session for two weeks, meaning the leftist former president cannot be jailed before then. \\\/ AFP PHOTO \\\/ Miguel SCHINCARIOL\"},{\"@type\":\"BreadcrumbList\",\"@id\":\"https:\\\/\\\/diariotextual.com\\\/inicio\\\/index.php\\\/2018\\\/04\\\/05\\\/superior-tribunal-habilito-la-detencion-lula\\\/#breadcrumb\",\"itemListElement\":[{\"@type\":\"ListItem\",\"position\":1,\"name\":\"Portada\",\"item\":\"https:\\\/\\\/diariotextual.com\\\/inicio\\\/\"},{\"@type\":\"ListItem\",\"position\":2,\"name\":\"El Superior Tribunal habilit\u00f3 la detenci\u00f3n de Lula\"}]},{\"@type\":\"WebSite\",\"@id\":\"https:\\\/\\\/diariotextual.com\\\/inicio\\\/#website\",\"url\":\"https:\\\/\\\/diariotextual.com\\\/inicio\\\/\",\"name\":\"Diario Textual\",\"description\":\"\",\"publisher\":{\"@id\":\"https:\\\/\\\/diariotextual.com\\\/inicio\\\/#organization\"},\"potentialAction\":[{\"@type\":\"SearchAction\",\"target\":{\"@type\":\"EntryPoint\",\"urlTemplate\":\"https:\\\/\\\/diariotextual.com\\\/inicio\\\/?s={search_term_string}\"},\"query-input\":{\"@type\":\"PropertyValueSpecification\",\"valueRequired\":true,\"valueName\":\"search_term_string\"}}],\"inLanguage\":\"es\"},{\"@type\":\"Organization\",\"@id\":\"https:\\\/\\\/diariotextual.com\\\/inicio\\\/#organization\",\"name\":\"Diario Textual\",\"url\":\"https:\\\/\\\/diariotextual.com\\\/inicio\\\/\",\"logo\":{\"@type\":\"ImageObject\",\"inLanguage\":\"es\",\"@id\":\"https:\\\/\\\/diariotextual.com\\\/inicio\\\/#\\\/schema\\\/logo\\\/image\\\/\",\"url\":\"https:\\\/\\\/diariotextual.com\\\/inicio\\\/wp-content\\\/uploads\\\/2023\\\/05\\\/logotextual1.jpg\",\"contentUrl\":\"https:\\\/\\\/diariotextual.com\\\/inicio\\\/wp-content\\\/uploads\\\/2023\\\/05\\\/logotextual1.jpg\",\"width\":516,\"height\":76,\"caption\":\"Diario Textual\"},\"image\":{\"@id\":\"https:\\\/\\\/diariotextual.com\\\/inicio\\\/#\\\/schema\\\/logo\\\/image\\\/\"},\"sameAs\":[\"https:\\\/\\\/www.facebook.com\\\/eltextual\",\"https:\\\/\\\/x.com\\\/eltextual\",\"http:\\\/\\\/www.instagram.com\\\/eltextual\"]},{\"@type\":\"Person\",\"@id\":\"https:\\\/\\\/diariotextual.com\\\/inicio\\\/#\\\/schema\\\/person\\\/418fc4093c33e86ed41562db3508f958\",\"name\":\"Diario1 Diario1\",\"image\":{\"@type\":\"ImageObject\",\"inLanguage\":\"es\",\"@id\":\"https:\\\/\\\/secure.gravatar.com\\\/avatar\\\/9167d280179c85bc18be67aa7eda765854300033af4896dd779b608640f2ef7a?s=96&d=mm&r=g\",\"url\":\"https:\\\/\\\/secure.gravatar.com\\\/avatar\\\/9167d280179c85bc18be67aa7eda765854300033af4896dd779b608640f2ef7a?s=96&d=mm&r=g\",\"contentUrl\":\"https:\\\/\\\/secure.gravatar.com\\\/avatar\\\/9167d280179c85bc18be67aa7eda765854300033af4896dd779b608640f2ef7a?s=96&d=mm&r=g\",\"caption\":\"Diario1 Diario1\"},\"url\":\"https:\\\/\\\/diariotextual.com\\\/inicio\\\/index.php\\\/author\\\/diario1\\\/\"}]}<\/script>\n<!-- \/ Yoast SEO plugin. -->","yoast_head_json":{"title":"El Superior Tribunal habilit\u00f3 la detenci\u00f3n de Lula - Diario Textual","robots":{"index":"index","follow":"follow","max-snippet":"max-snippet:-1","max-image-preview":"max-image-preview:large","max-video-preview":"max-video-preview:-1"},"canonical":"https:\/\/diariotextual.com\/inicio\/index.php\/2018\/04\/05\/superior-tribunal-habilito-la-detencion-lula\/","og_locale":"es_ES","og_type":"article","og_title":"El Superior Tribunal habilit\u00f3 la detenci\u00f3n de Lula - Diario Textual","og_description":"La Corte Suprema de Brasil sacudi\u00f3 los cimientos del sistema pol\u00edtico al autorizar la detenci\u00f3n del expresidente Lula, un mito de la izquierda, en el mayor golpe de la investigaci\u00f3n&hellip;","og_url":"https:\/\/diariotextual.com\/inicio\/index.php\/2018\/04\/05\/superior-tribunal-habilito-la-detencion-lula\/","og_site_name":"Diario Textual","article_publisher":"https:\/\/www.facebook.com\/eltextual","article_published_time":"2018-04-05T08:49:03+00:00","article_modified_time":"2018-04-05T17:55:26+00:00","og_image":[{"width":812,"height":500,"url":"https:\/\/diariotextual.com\/inicio\/wp-content\/uploads\/2018\/04\/luladasilva2121212.jpg","type":"image\/jpeg"}],"author":"Diario1 Diario1","twitter_card":"summary_large_image","twitter_creator":"@eltextual","twitter_site":"@eltextual","twitter_misc":{"Escrito por":"Diario1 Diario1","Tiempo de lectura":"3 minutos"},"schema":{"@context":"https:\/\/schema.org","@graph":[{"@type":"Article","@id":"https:\/\/diariotextual.com\/inicio\/index.php\/2018\/04\/05\/superior-tribunal-habilito-la-detencion-lula\/#article","isPartOf":{"@id":"https:\/\/diariotextual.com\/inicio\/index.php\/2018\/04\/05\/superior-tribunal-habilito-la-detencion-lula\/"},"author":{"name":"Diario1 Diario1","@id":"https:\/\/diariotextual.com\/inicio\/#\/schema\/person\/418fc4093c33e86ed41562db3508f958"},"headline":"El Superior Tribunal habilit\u00f3 la detenci\u00f3n de Lula","datePublished":"2018-04-05T08:49:03+00:00","dateModified":"2018-04-05T17:55:26+00:00","mainEntityOfPage":{"@id":"https:\/\/diariotextual.com\/inicio\/index.php\/2018\/04\/05\/superior-tribunal-habilito-la-detencion-lula\/"},"wordCount":509,"commentCount":0,"publisher":{"@id":"https:\/\/diariotextual.com\/inicio\/#organization"},"image":{"@id":"https:\/\/diariotextual.com\/inicio\/index.php\/2018\/04\/05\/superior-tribunal-habilito-la-detencion-lula\/#primaryimage"},"thumbnailUrl":"https:\/\/diariotextual.com\/inicio\/wp-content\/uploads\/2018\/04\/luladasilva2121212.jpg","articleSection":["A - QUE PASA (al costado)","MUNDO"],"inLanguage":"es","potentialAction":[{"@type":"CommentAction","name":"Comment","target":["https:\/\/diariotextual.com\/inicio\/index.php\/2018\/04\/05\/superior-tribunal-habilito-la-detencion-lula\/#respond"]}]},{"@type":"WebPage","@id":"https:\/\/diariotextual.com\/inicio\/index.php\/2018\/04\/05\/superior-tribunal-habilito-la-detencion-lula\/","url":"https:\/\/diariotextual.com\/inicio\/index.php\/2018\/04\/05\/superior-tribunal-habilito-la-detencion-lula\/","name":"El Superior Tribunal habilit\u00f3 la detenci\u00f3n de Lula - Diario Textual","isPartOf":{"@id":"https:\/\/diariotextual.com\/inicio\/#website"},"primaryImageOfPage":{"@id":"https:\/\/diariotextual.com\/inicio\/index.php\/2018\/04\/05\/superior-tribunal-habilito-la-detencion-lula\/#primaryimage"},"image":{"@id":"https:\/\/diariotextual.com\/inicio\/index.php\/2018\/04\/05\/superior-tribunal-habilito-la-detencion-lula\/#primaryimage"},"thumbnailUrl":"https:\/\/diariotextual.com\/inicio\/wp-content\/uploads\/2018\/04\/luladasilva2121212.jpg","datePublished":"2018-04-05T08:49:03+00:00","dateModified":"2018-04-05T17:55:26+00:00","breadcrumb":{"@id":"https:\/\/diariotextual.com\/inicio\/index.php\/2018\/04\/05\/superior-tribunal-habilito-la-detencion-lula\/#breadcrumb"},"inLanguage":"es","potentialAction":[{"@type":"ReadAction","target":["https:\/\/diariotextual.com\/inicio\/index.php\/2018\/04\/05\/superior-tribunal-habilito-la-detencion-lula\/"]}]},{"@type":"ImageObject","inLanguage":"es","@id":"https:\/\/diariotextual.com\/inicio\/index.php\/2018\/04\/05\/superior-tribunal-habilito-la-detencion-lula\/#primaryimage","url":"https:\/\/diariotextual.com\/inicio\/wp-content\/uploads\/2018\/04\/luladasilva2121212.jpg","contentUrl":"https:\/\/diariotextual.com\/inicio\/wp-content\/uploads\/2018\/04\/luladasilva2121212.jpg","width":812,"height":500,"caption":"(FILES) In this file photo taken on February 22, 2018 Former Brazilian president Luiz Inacio Lula da Silva gestures during the commemoration of the 38th anniversary of the Workers Party (PT) in Sao Paulo, Brazil. Brazil's top court decided Thursday to defer until April 4 a decision on whether ex-president Luiz Inacio Lula da Silva should face jail if he loses an appeal next week. The Federal Supreme Court, sitting in the capital Brasilia, decided to adjourn its session for two weeks, meaning the leftist former president cannot be jailed before then. \/ AFP PHOTO \/ Miguel SCHINCARIOL"},{"@type":"BreadcrumbList","@id":"https:\/\/diariotextual.com\/inicio\/index.php\/2018\/04\/05\/superior-tribunal-habilito-la-detencion-lula\/#breadcrumb","itemListElement":[{"@type":"ListItem","position":1,"name":"Portada","item":"https:\/\/diariotextual.com\/inicio\/"},{"@type":"ListItem","position":2,"name":"El Superior Tribunal habilit\u00f3 la detenci\u00f3n de Lula"}]},{"@type":"WebSite","@id":"https:\/\/diariotextual.com\/inicio\/#website","url":"https:\/\/diariotextual.com\/inicio\/","name":"Diario Textual","description":"","publisher":{"@id":"https:\/\/diariotextual.com\/inicio\/#organization"},"potentialAction":[{"@type":"SearchAction","target":{"@type":"EntryPoint","urlTemplate":"https:\/\/diariotextual.com\/inicio\/?s={search_term_string}"},"query-input":{"@type":"PropertyValueSpecification","valueRequired":true,"valueName":"search_term_string"}}],"inLanguage":"es"},{"@type":"Organization","@id":"https:\/\/diariotextual.com\/inicio\/#organization","name":"Diario Textual","url":"https:\/\/diariotextual.com\/inicio\/","logo":{"@type":"ImageObject","inLanguage":"es","@id":"https:\/\/diariotextual.com\/inicio\/#\/schema\/logo\/image\/","url":"https:\/\/diariotextual.com\/inicio\/wp-content\/uploads\/2023\/05\/logotextual1.jpg","contentUrl":"https:\/\/diariotextual.com\/inicio\/wp-content\/uploads\/2023\/05\/logotextual1.jpg","width":516,"height":76,"caption":"Diario Textual"},"image":{"@id":"https:\/\/diariotextual.com\/inicio\/#\/schema\/logo\/image\/"},"sameAs":["https:\/\/www.facebook.com\/eltextual","https:\/\/x.com\/eltextual","http:\/\/www.instagram.com\/eltextual"]},{"@type":"Person","@id":"https:\/\/diariotextual.com\/inicio\/#\/schema\/person\/418fc4093c33e86ed41562db3508f958","name":"Diario1 Diario1","image":{"@type":"ImageObject","inLanguage":"es","@id":"https:\/\/secure.gravatar.com\/avatar\/9167d280179c85bc18be67aa7eda765854300033af4896dd779b608640f2ef7a?s=96&d=mm&r=g","url":"https:\/\/secure.gravatar.com\/avatar\/9167d280179c85bc18be67aa7eda765854300033af4896dd779b608640f2ef7a?s=96&d=mm&r=g","contentUrl":"https:\/\/secure.gravatar.com\/avatar\/9167d280179c85bc18be67aa7eda765854300033af4896dd779b608640f2ef7a?s=96&d=mm&r=g","caption":"Diario1 Diario1"},"url":"https:\/\/diariotextual.com\/inicio\/index.php\/author\/diario1\/"}]}},"_links":{"self":[{"href":"https:\/\/diariotextual.com\/inicio\/index.php\/wp-json\/wp\/v2\/posts\/3833","targetHints":{"allow":["GET"]}}],"collection":[{"href":"https:\/\/diariotextual.com\/inicio\/index.php\/wp-json\/wp\/v2\/posts"}],"about":[{"href":"https:\/\/diariotextual.com\/inicio\/index.php\/wp-json\/wp\/v2\/types\/post"}],"author":[{"embeddable":true,"href":"https:\/\/diariotextual.com\/inicio\/index.php\/wp-json\/wp\/v2\/users\/3"}],"replies":[{"embeddable":true,"href":"https:\/\/diariotextual.com\/inicio\/index.php\/wp-json\/wp\/v2\/comments?post=3833"}],"version-history":[{"count":3,"href":"https:\/\/diariotextual.com\/inicio\/index.php\/wp-json\/wp\/v2\/posts\/3833\/revisions"}],"predecessor-version":[{"id":3836,"href":"https:\/\/diariotextual.com\/inicio\/index.php\/wp-json\/wp\/v2\/posts\/3833\/revisions\/3836"}],"wp:featuredmedia":[{"embeddable":true,"href":"https:\/\/diariotextual.com\/inicio\/index.php\/wp-json\/wp\/v2\/media\/3722"}],"wp:attachment":[{"href":"https:\/\/diariotextual.com\/inicio\/index.php\/wp-json\/wp\/v2\/media?parent=3833"}],"wp:term":[{"taxonomy":"category","embeddable":true,"href":"https:\/\/diariotextual.com\/inicio\/index.php\/wp-json\/wp\/v2\/categories?post=3833"},{"taxonomy":"post_tag","embeddable":true,"href":"https:\/\/diariotextual.com\/inicio\/index.php\/wp-json\/wp\/v2\/tags?post=3833"}],"curies":[{"name":"wp","href":"https:\/\/api.w.org\/{rel}","templated":true}]}}