{"id":38985,"date":"2019-02-20T09:32:11","date_gmt":"2019-02-20T12:32:11","guid":{"rendered":"http:\/\/diariotextual.com\/inicio\/?p=38985"},"modified":"2019-02-20T23:37:54","modified_gmt":"2019-02-21T02:37:54","slug":"hombre-pinto-dano-la-escultura-los-panuelos-verdes","status":"publish","type":"post","link":"https:\/\/diariotextual.com\/inicio\/index.php\/2019\/02\/20\/hombre-pinto-dano-la-escultura-los-panuelos-verdes\/","title":{"rendered":"Un estudiante pint\u00f3 y da\u00f1o la escultura de los pa\u00f1uelos verdes"},"content":{"rendered":"<p>Un <strong>estudiante universitario<\/strong> pint\u00f3 de <strong>color celeste una escultura de los pa\u00f1uelos verdes<\/strong>, en la avenida Luro, de Santa Rosa, un\u00a0s\u00edmbolo de la lucha por el derecho al aborto seguro y legal.<strong>\u00a0\u00abYo solo pint\u00e9 algo, no da\u00f1\u00e9 nada\u00bb, dijo. La municipalidad har\u00eda en las pr\u00f3ximas horas una denuncia penal por vandalismo y da\u00f1o<\/strong>.<\/p>\n<blockquote class=\"wp-embedded-content\" data-secret=\"IxFYYKX26R\"><p><a href=\"http:\/\/diariotextual.com\/inicio\/index.php\/2019\/02\/20\/consejo-superior-la-unlpam-repudio-acciones-docente-estudiante\/\">El Consejo Superior de la UNLPam repudi\u00f3 acciones de docente y estudiante<\/a><\/p><\/blockquote>\n<p><iframe class=\"wp-embedded-content\" sandbox=\"allow-scripts\" security=\"restricted\" style=\"position: absolute; clip: rect(1px, 1px, 1px, 1px);\" src=\"http:\/\/diariotextual.com\/inicio\/index.php\/2019\/02\/20\/consejo-superior-la-unlpam-repudio-acciones-docente-estudiante\/embed\/#?secret=IxFYYKX26R\" data-secret=\"IxFYYKX26R\" width=\"600\" height=\"338\" title=\"&#8220;El Consejo Superior de la UNLPam repudi\u00f3 acciones de docente y estudiante&#8221; &#8212; Diario Textual\" frameborder=\"0\" marginwidth=\"0\" marginheight=\"0\" scrolling=\"no\"><\/iframe><\/p>\n<p>Esta obra se encuentra a 100 metros de la rotonda de Pinc\u00e9n, en el ingreso sur de la capital. Fue inaugurada el 25 de noviembre por la Escuela Municipal de Cer\u00e1mica y el Foro Pampeano por el Derecho al Aborto Legal, Seguro y Gratuito.<\/p>\n<blockquote class=\"wp-embedded-content\" data-secret=\"bvhEK3dxjD\"><p><a href=\"http:\/\/diariotextual.com\/inicio\/index.php\/2019\/02\/20\/pinte-algo-dice-universitario-ataco-la-escultura-los-panuelos-verdes\/\">&#8220;Solamente pint\u00e9 algo&#8221;, dice el universitario que atac\u00f3 la escultura de los pa\u00f1uelos verdes<\/a><\/p><\/blockquote>\n<p><iframe class=\"wp-embedded-content\" sandbox=\"allow-scripts\" security=\"restricted\" style=\"position: absolute; clip: rect(1px, 1px, 1px, 1px);\" src=\"http:\/\/diariotextual.com\/inicio\/index.php\/2019\/02\/20\/pinte-algo-dice-universitario-ataco-la-escultura-los-panuelos-verdes\/embed\/#?secret=bvhEK3dxjD\" data-secret=\"bvhEK3dxjD\" width=\"600\" height=\"338\" title=\"&#8220;&#8220;Solamente pint\u00e9 algo&#8221;, dice el universitario que atac\u00f3 la escultura de los pa\u00f1uelos verdes&#8221; &#8212; Diario Textual\" frameborder=\"0\" marginwidth=\"0\" marginheight=\"0\" scrolling=\"no\"><\/iframe><\/p>\n<p>Ahora un hombre, Alejandro Bauman y que se hace llamar en Facebook como Charly Brown, decidi\u00f3 pintarla de celeste en homenaje a \u00ablas dos vidas\u00bb y, de ese modo, le cambi\u00f3 el sentido que le dieron quienes la crearon.\u00a0<strong>Es un estudiante de Abogac\u00eda de la Universidad Nacional de La Pampa.<\/strong><\/p>\n<p>\u201cPase por la av. Luro y me encuentro con que no est\u00e1 m\u00e1s el pa\u00f1uelo verde\u2026 Ahora est\u00e1 de color celeste\u201d, escribi\u00f3. \u00abIgual le falta la segunda mano todav\u00eda\u00bb, se jact\u00f3. \u00abY si lo limpian se va a volver a pintar las veces que haga falta\u00bb, advirti\u00f3.<\/p>\n<p><img fetchpriority=\"high\" decoding=\"async\" class=\"alignnone wp-image-38986 \" src=\"http:\/\/diariotextual.com\/inicio\/wp-content\/uploads\/2019\/02\/pa\u00f1uelosesculturacelesteaborto2019-1.jpg\" alt=\"\" width=\"576\" height=\"776\" srcset=\"https:\/\/diariotextual.com\/inicio\/wp-content\/uploads\/2019\/02\/pa\u00f1uelosesculturacelesteaborto2019-1.jpg 427w, https:\/\/diariotextual.com\/inicio\/wp-content\/uploads\/2019\/02\/pa\u00f1uelosesculturacelesteaborto2019-1-223x300.jpg 223w\" sizes=\"(max-width: 576px) 100vw, 576px\" \/><\/p>\n<p>En medio de un generalizado repudio en las redes sociales -y tambi\u00e9n respaldo de otro sector- Bauman deslig\u00f3 a la UNLPam. \u00abYo aclaro que no represento a la universidad, ni a todos los abogados, no represento a ning\u00fan partido pol\u00edtico ni a ninguna religi\u00f3n.\u00a0Si quieren decirme algo a mi diganmelo pero me parece incorrecto que metan a la universidad al medio para presionar\u00bb, sostuvo en la red social.<\/p>\n<p>\u00abPrefiero que un abogado defienda a los ni\u00f1os por nacer, antes que los abogados corruptos que existen que son el cancer de la sociedad. Esos son un problema, yo solamente pinte algo. Nada mas. Y no destru\u00ed nada\u00bb, sostuvo.<\/p>\n<p>&nbsp;<\/p>\n","protected":false},"excerpt":{"rendered":"<p>Un estudiante universitario pint\u00f3 de color celeste una escultura de los pa\u00f1uelos verdes, en la avenida Luro, de Santa Rosa, un\u00a0s\u00edmbolo de la lucha por el derecho al aborto seguro&hellip;<\/p>\n","protected":false},"author":3,"featured_media":38998,"comment_status":"closed","ping_status":"open","sticky":false,"template":"","format":"standard","meta":{"_acf_changed":false,"footnotes":""},"categories":[319,12],"tags":[1718],"class_list":["post-38985","post","type-post","status-publish","format-standard","has-post-thumbnail","hentry","category-a-temporales","category-sociedad","tag-panuelos"],"acf":[],"yoast_head":"<!-- This site is optimized with the Yoast SEO plugin v27.5 - https:\/\/yoast.com\/product\/yoast-seo-wordpress\/ -->\n<title>Un estudiante pint\u00f3 y da\u00f1o la escultura de los pa\u00f1uelos verdes - Diario Textual<\/title>\n<meta name=\"robots\" content=\"index, follow, max-snippet:-1, max-image-preview:large, max-video-preview:-1\" \/>\n<link rel=\"canonical\" href=\"https:\/\/diariotextual.com\/inicio\/index.php\/2019\/02\/20\/hombre-pinto-dano-la-escultura-los-panuelos-verdes\/\" \/>\n<meta property=\"og:locale\" content=\"es_ES\" \/>\n<meta property=\"og:type\" content=\"article\" \/>\n<meta property=\"og:title\" content=\"Un estudiante pint\u00f3 y da\u00f1o la escultura de los pa\u00f1uelos verdes - Diario Textual\" \/>\n<meta property=\"og:description\" content=\"Un estudiante universitario pint\u00f3 de color celeste una escultura de los pa\u00f1uelos verdes, en la avenida Luro, de Santa Rosa, un\u00a0s\u00edmbolo de la lucha por el derecho al aborto seguro&hellip;\" \/>\n<meta property=\"og:url\" content=\"https:\/\/diariotextual.com\/inicio\/index.php\/2019\/02\/20\/hombre-pinto-dano-la-escultura-los-panuelos-verdes\/\" \/>\n<meta property=\"og:site_name\" content=\"Diario Textual\" \/>\n<meta property=\"article:publisher\" content=\"https:\/\/www.facebook.com\/eltextual\" \/>\n<meta property=\"article:published_time\" content=\"2019-02-20T12:32:11+00:00\" \/>\n<meta property=\"article:modified_time\" content=\"2019-02-21T02:37:54+00:00\" \/>\n<meta property=\"og:image\" content=\"https:\/\/diariotextual.com\/inicio\/wp-content\/uploads\/2019\/02\/pa\u00f1uelosesculturacelesteaborto2019-3.jpg\" \/>\n\t<meta property=\"og:image:width\" content=\"1100\" \/>\n\t<meta property=\"og:image:height\" content=\"683\" \/>\n\t<meta property=\"og:image:type\" content=\"image\/jpeg\" \/>\n<meta name=\"author\" content=\"Diario1 Diario1\" \/>\n<meta name=\"twitter:card\" content=\"summary_large_image\" \/>\n<meta name=\"twitter:creator\" content=\"@eltextual\" \/>\n<meta name=\"twitter:site\" content=\"@eltextual\" \/>\n<meta name=\"twitter:label1\" content=\"Escrito por\" \/>\n\t<meta name=\"twitter:data1\" content=\"Diario1 Diario1\" \/>\n\t<meta name=\"twitter:label2\" content=\"Tiempo de lectura\" \/>\n\t<meta name=\"twitter:data2\" content=\"2 minutos\" \/>\n<script type=\"application\/ld+json\" class=\"yoast-schema-graph\">{\"@context\":\"https:\\\/\\\/schema.org\",\"@graph\":[{\"@type\":\"Article\",\"@id\":\"https:\\\/\\\/diariotextual.com\\\/inicio\\\/index.php\\\/2019\\\/02\\\/20\\\/hombre-pinto-dano-la-escultura-los-panuelos-verdes\\\/#article\",\"isPartOf\":{\"@id\":\"https:\\\/\\\/diariotextual.com\\\/inicio\\\/index.php\\\/2019\\\/02\\\/20\\\/hombre-pinto-dano-la-escultura-los-panuelos-verdes\\\/\"},\"author\":{\"name\":\"Diario1 Diario1\",\"@id\":\"https:\\\/\\\/diariotextual.com\\\/inicio\\\/#\\\/schema\\\/person\\\/418fc4093c33e86ed41562db3508f958\"},\"headline\":\"Un estudiante pint\u00f3 y da\u00f1o la escultura de los pa\u00f1uelos verdes\",\"datePublished\":\"2019-02-20T12:32:11+00:00\",\"dateModified\":\"2019-02-21T02:37:54+00:00\",\"mainEntityOfPage\":{\"@id\":\"https:\\\/\\\/diariotextual.com\\\/inicio\\\/index.php\\\/2019\\\/02\\\/20\\\/hombre-pinto-dano-la-escultura-los-panuelos-verdes\\\/\"},\"wordCount\":347,\"publisher\":{\"@id\":\"https:\\\/\\\/diariotextual.com\\\/inicio\\\/#organization\"},\"image\":{\"@id\":\"https:\\\/\\\/diariotextual.com\\\/inicio\\\/index.php\\\/2019\\\/02\\\/20\\\/hombre-pinto-dano-la-escultura-los-panuelos-verdes\\\/#primaryimage\"},\"thumbnailUrl\":\"https:\\\/\\\/diariotextual.com\\\/inicio\\\/wp-content\\\/uploads\\\/2019\\\/02\\\/pa\u00f1uelosesculturacelesteaborto2019-3.jpg\",\"keywords\":[\"pa\u00f1uelos\"],\"articleSection\":[\"A - TEMPORALES\",\"SOCIEDAD\"],\"inLanguage\":\"es\"},{\"@type\":\"WebPage\",\"@id\":\"https:\\\/\\\/diariotextual.com\\\/inicio\\\/index.php\\\/2019\\\/02\\\/20\\\/hombre-pinto-dano-la-escultura-los-panuelos-verdes\\\/\",\"url\":\"https:\\\/\\\/diariotextual.com\\\/inicio\\\/index.php\\\/2019\\\/02\\\/20\\\/hombre-pinto-dano-la-escultura-los-panuelos-verdes\\\/\",\"name\":\"Un estudiante pint\u00f3 y da\u00f1o la escultura de los pa\u00f1uelos verdes - Diario Textual\",\"isPartOf\":{\"@id\":\"https:\\\/\\\/diariotextual.com\\\/inicio\\\/#website\"},\"primaryImageOfPage\":{\"@id\":\"https:\\\/\\\/diariotextual.com\\\/inicio\\\/index.php\\\/2019\\\/02\\\/20\\\/hombre-pinto-dano-la-escultura-los-panuelos-verdes\\\/#primaryimage\"},\"image\":{\"@id\":\"https:\\\/\\\/diariotextual.com\\\/inicio\\\/index.php\\\/2019\\\/02\\\/20\\\/hombre-pinto-dano-la-escultura-los-panuelos-verdes\\\/#primaryimage\"},\"thumbnailUrl\":\"https:\\\/\\\/diariotextual.com\\\/inicio\\\/wp-content\\\/uploads\\\/2019\\\/02\\\/pa\u00f1uelosesculturacelesteaborto2019-3.jpg\",\"datePublished\":\"2019-02-20T12:32:11+00:00\",\"dateModified\":\"2019-02-21T02:37:54+00:00\",\"breadcrumb\":{\"@id\":\"https:\\\/\\\/diariotextual.com\\\/inicio\\\/index.php\\\/2019\\\/02\\\/20\\\/hombre-pinto-dano-la-escultura-los-panuelos-verdes\\\/#breadcrumb\"},\"inLanguage\":\"es\",\"potentialAction\":[{\"@type\":\"ReadAction\",\"target\":[\"https:\\\/\\\/diariotextual.com\\\/inicio\\\/index.php\\\/2019\\\/02\\\/20\\\/hombre-pinto-dano-la-escultura-los-panuelos-verdes\\\/\"]}]},{\"@type\":\"ImageObject\",\"inLanguage\":\"es\",\"@id\":\"https:\\\/\\\/diariotextual.com\\\/inicio\\\/index.php\\\/2019\\\/02\\\/20\\\/hombre-pinto-dano-la-escultura-los-panuelos-verdes\\\/#primaryimage\",\"url\":\"https:\\\/\\\/diariotextual.com\\\/inicio\\\/wp-content\\\/uploads\\\/2019\\\/02\\\/pa\u00f1uelosesculturacelesteaborto2019-3.jpg\",\"contentUrl\":\"https:\\\/\\\/diariotextual.com\\\/inicio\\\/wp-content\\\/uploads\\\/2019\\\/02\\\/pa\u00f1uelosesculturacelesteaborto2019-3.jpg\",\"width\":1100,\"height\":683},{\"@type\":\"BreadcrumbList\",\"@id\":\"https:\\\/\\\/diariotextual.com\\\/inicio\\\/index.php\\\/2019\\\/02\\\/20\\\/hombre-pinto-dano-la-escultura-los-panuelos-verdes\\\/#breadcrumb\",\"itemListElement\":[{\"@type\":\"ListItem\",\"position\":1,\"name\":\"Portada\",\"item\":\"https:\\\/\\\/diariotextual.com\\\/inicio\\\/\"},{\"@type\":\"ListItem\",\"position\":2,\"name\":\"Un estudiante pint\u00f3 y da\u00f1o la escultura de los pa\u00f1uelos verdes\"}]},{\"@type\":\"WebSite\",\"@id\":\"https:\\\/\\\/diariotextual.com\\\/inicio\\\/#website\",\"url\":\"https:\\\/\\\/diariotextual.com\\\/inicio\\\/\",\"name\":\"Diario Textual\",\"description\":\"\",\"publisher\":{\"@id\":\"https:\\\/\\\/diariotextual.com\\\/inicio\\\/#organization\"},\"potentialAction\":[{\"@type\":\"SearchAction\",\"target\":{\"@type\":\"EntryPoint\",\"urlTemplate\":\"https:\\\/\\\/diariotextual.com\\\/inicio\\\/?s={search_term_string}\"},\"query-input\":{\"@type\":\"PropertyValueSpecification\",\"valueRequired\":true,\"valueName\":\"search_term_string\"}}],\"inLanguage\":\"es\"},{\"@type\":\"Organization\",\"@id\":\"https:\\\/\\\/diariotextual.com\\\/inicio\\\/#organization\",\"name\":\"Diario Textual\",\"url\":\"https:\\\/\\\/diariotextual.com\\\/inicio\\\/\",\"logo\":{\"@type\":\"ImageObject\",\"inLanguage\":\"es\",\"@id\":\"https:\\\/\\\/diariotextual.com\\\/inicio\\\/#\\\/schema\\\/logo\\\/image\\\/\",\"url\":\"https:\\\/\\\/diariotextual.com\\\/inicio\\\/wp-content\\\/uploads\\\/2023\\\/05\\\/logotextual1.jpg\",\"contentUrl\":\"https:\\\/\\\/diariotextual.com\\\/inicio\\\/wp-content\\\/uploads\\\/2023\\\/05\\\/logotextual1.jpg\",\"width\":516,\"height\":76,\"caption\":\"Diario Textual\"},\"image\":{\"@id\":\"https:\\\/\\\/diariotextual.com\\\/inicio\\\/#\\\/schema\\\/logo\\\/image\\\/\"},\"sameAs\":[\"https:\\\/\\\/www.facebook.com\\\/eltextual\",\"https:\\\/\\\/x.com\\\/eltextual\",\"http:\\\/\\\/www.instagram.com\\\/eltextual\"]},{\"@type\":\"Person\",\"@id\":\"https:\\\/\\\/diariotextual.com\\\/inicio\\\/#\\\/schema\\\/person\\\/418fc4093c33e86ed41562db3508f958\",\"name\":\"Diario1 Diario1\",\"image\":{\"@type\":\"ImageObject\",\"inLanguage\":\"es\",\"@id\":\"https:\\\/\\\/secure.gravatar.com\\\/avatar\\\/9167d280179c85bc18be67aa7eda765854300033af4896dd779b608640f2ef7a?s=96&d=mm&r=g\",\"url\":\"https:\\\/\\\/secure.gravatar.com\\\/avatar\\\/9167d280179c85bc18be67aa7eda765854300033af4896dd779b608640f2ef7a?s=96&d=mm&r=g\",\"contentUrl\":\"https:\\\/\\\/secure.gravatar.com\\\/avatar\\\/9167d280179c85bc18be67aa7eda765854300033af4896dd779b608640f2ef7a?s=96&d=mm&r=g\",\"caption\":\"Diario1 Diario1\"},\"url\":\"https:\\\/\\\/diariotextual.com\\\/inicio\\\/index.php\\\/author\\\/diario1\\\/\"}]}<\/script>\n<!-- \/ Yoast SEO plugin. -->","yoast_head_json":{"title":"Un estudiante pint\u00f3 y da\u00f1o la escultura de los pa\u00f1uelos verdes - Diario Textual","robots":{"index":"index","follow":"follow","max-snippet":"max-snippet:-1","max-image-preview":"max-image-preview:large","max-video-preview":"max-video-preview:-1"},"canonical":"https:\/\/diariotextual.com\/inicio\/index.php\/2019\/02\/20\/hombre-pinto-dano-la-escultura-los-panuelos-verdes\/","og_locale":"es_ES","og_type":"article","og_title":"Un estudiante pint\u00f3 y da\u00f1o la escultura de los pa\u00f1uelos verdes - Diario Textual","og_description":"Un estudiante universitario pint\u00f3 de color celeste una escultura de los pa\u00f1uelos verdes, en la avenida Luro, de Santa Rosa, un\u00a0s\u00edmbolo de la lucha por el derecho al aborto seguro&hellip;","og_url":"https:\/\/diariotextual.com\/inicio\/index.php\/2019\/02\/20\/hombre-pinto-dano-la-escultura-los-panuelos-verdes\/","og_site_name":"Diario Textual","article_publisher":"https:\/\/www.facebook.com\/eltextual","article_published_time":"2019-02-20T12:32:11+00:00","article_modified_time":"2019-02-21T02:37:54+00:00","og_image":[{"width":1100,"height":683,"url":"https:\/\/diariotextual.com\/inicio\/wp-content\/uploads\/2019\/02\/pa\u00f1uelosesculturacelesteaborto2019-3.jpg","type":"image\/jpeg"}],"author":"Diario1 Diario1","twitter_card":"summary_large_image","twitter_creator":"@eltextual","twitter_site":"@eltextual","twitter_misc":{"Escrito por":"Diario1 Diario1","Tiempo de lectura":"2 minutos"},"schema":{"@context":"https:\/\/schema.org","@graph":[{"@type":"Article","@id":"https:\/\/diariotextual.com\/inicio\/index.php\/2019\/02\/20\/hombre-pinto-dano-la-escultura-los-panuelos-verdes\/#article","isPartOf":{"@id":"https:\/\/diariotextual.com\/inicio\/index.php\/2019\/02\/20\/hombre-pinto-dano-la-escultura-los-panuelos-verdes\/"},"author":{"name":"Diario1 Diario1","@id":"https:\/\/diariotextual.com\/inicio\/#\/schema\/person\/418fc4093c33e86ed41562db3508f958"},"headline":"Un estudiante pint\u00f3 y da\u00f1o la escultura de los pa\u00f1uelos verdes","datePublished":"2019-02-20T12:32:11+00:00","dateModified":"2019-02-21T02:37:54+00:00","mainEntityOfPage":{"@id":"https:\/\/diariotextual.com\/inicio\/index.php\/2019\/02\/20\/hombre-pinto-dano-la-escultura-los-panuelos-verdes\/"},"wordCount":347,"publisher":{"@id":"https:\/\/diariotextual.com\/inicio\/#organization"},"image":{"@id":"https:\/\/diariotextual.com\/inicio\/index.php\/2019\/02\/20\/hombre-pinto-dano-la-escultura-los-panuelos-verdes\/#primaryimage"},"thumbnailUrl":"https:\/\/diariotextual.com\/inicio\/wp-content\/uploads\/2019\/02\/pa\u00f1uelosesculturacelesteaborto2019-3.jpg","keywords":["pa\u00f1uelos"],"articleSection":["A - TEMPORALES","SOCIEDAD"],"inLanguage":"es"},{"@type":"WebPage","@id":"https:\/\/diariotextual.com\/inicio\/index.php\/2019\/02\/20\/hombre-pinto-dano-la-escultura-los-panuelos-verdes\/","url":"https:\/\/diariotextual.com\/inicio\/index.php\/2019\/02\/20\/hombre-pinto-dano-la-escultura-los-panuelos-verdes\/","name":"Un estudiante pint\u00f3 y da\u00f1o la escultura de los pa\u00f1uelos verdes - Diario Textual","isPartOf":{"@id":"https:\/\/diariotextual.com\/inicio\/#website"},"primaryImageOfPage":{"@id":"https:\/\/diariotextual.com\/inicio\/index.php\/2019\/02\/20\/hombre-pinto-dano-la-escultura-los-panuelos-verdes\/#primaryimage"},"image":{"@id":"https:\/\/diariotextual.com\/inicio\/index.php\/2019\/02\/20\/hombre-pinto-dano-la-escultura-los-panuelos-verdes\/#primaryimage"},"thumbnailUrl":"https:\/\/diariotextual.com\/inicio\/wp-content\/uploads\/2019\/02\/pa\u00f1uelosesculturacelesteaborto2019-3.jpg","datePublished":"2019-02-20T12:32:11+00:00","dateModified":"2019-02-21T02:37:54+00:00","breadcrumb":{"@id":"https:\/\/diariotextual.com\/inicio\/index.php\/2019\/02\/20\/hombre-pinto-dano-la-escultura-los-panuelos-verdes\/#breadcrumb"},"inLanguage":"es","potentialAction":[{"@type":"ReadAction","target":["https:\/\/diariotextual.com\/inicio\/index.php\/2019\/02\/20\/hombre-pinto-dano-la-escultura-los-panuelos-verdes\/"]}]},{"@type":"ImageObject","inLanguage":"es","@id":"https:\/\/diariotextual.com\/inicio\/index.php\/2019\/02\/20\/hombre-pinto-dano-la-escultura-los-panuelos-verdes\/#primaryimage","url":"https:\/\/diariotextual.com\/inicio\/wp-content\/uploads\/2019\/02\/pa\u00f1uelosesculturacelesteaborto2019-3.jpg","contentUrl":"https:\/\/diariotextual.com\/inicio\/wp-content\/uploads\/2019\/02\/pa\u00f1uelosesculturacelesteaborto2019-3.jpg","width":1100,"height":683},{"@type":"BreadcrumbList","@id":"https:\/\/diariotextual.com\/inicio\/index.php\/2019\/02\/20\/hombre-pinto-dano-la-escultura-los-panuelos-verdes\/#breadcrumb","itemListElement":[{"@type":"ListItem","position":1,"name":"Portada","item":"https:\/\/diariotextual.com\/inicio\/"},{"@type":"ListItem","position":2,"name":"Un estudiante pint\u00f3 y da\u00f1o la escultura de los pa\u00f1uelos verdes"}]},{"@type":"WebSite","@id":"https:\/\/diariotextual.com\/inicio\/#website","url":"https:\/\/diariotextual.com\/inicio\/","name":"Diario Textual","description":"","publisher":{"@id":"https:\/\/diariotextual.com\/inicio\/#organization"},"potentialAction":[{"@type":"SearchAction","target":{"@type":"EntryPoint","urlTemplate":"https:\/\/diariotextual.com\/inicio\/?s={search_term_string}"},"query-input":{"@type":"PropertyValueSpecification","valueRequired":true,"valueName":"search_term_string"}}],"inLanguage":"es"},{"@type":"Organization","@id":"https:\/\/diariotextual.com\/inicio\/#organization","name":"Diario Textual","url":"https:\/\/diariotextual.com\/inicio\/","logo":{"@type":"ImageObject","inLanguage":"es","@id":"https:\/\/diariotextual.com\/inicio\/#\/schema\/logo\/image\/","url":"https:\/\/diariotextual.com\/inicio\/wp-content\/uploads\/2023\/05\/logotextual1.jpg","contentUrl":"https:\/\/diariotextual.com\/inicio\/wp-content\/uploads\/2023\/05\/logotextual1.jpg","width":516,"height":76,"caption":"Diario Textual"},"image":{"@id":"https:\/\/diariotextual.com\/inicio\/#\/schema\/logo\/image\/"},"sameAs":["https:\/\/www.facebook.com\/eltextual","https:\/\/x.com\/eltextual","http:\/\/www.instagram.com\/eltextual"]},{"@type":"Person","@id":"https:\/\/diariotextual.com\/inicio\/#\/schema\/person\/418fc4093c33e86ed41562db3508f958","name":"Diario1 Diario1","image":{"@type":"ImageObject","inLanguage":"es","@id":"https:\/\/secure.gravatar.com\/avatar\/9167d280179c85bc18be67aa7eda765854300033af4896dd779b608640f2ef7a?s=96&d=mm&r=g","url":"https:\/\/secure.gravatar.com\/avatar\/9167d280179c85bc18be67aa7eda765854300033af4896dd779b608640f2ef7a?s=96&d=mm&r=g","contentUrl":"https:\/\/secure.gravatar.com\/avatar\/9167d280179c85bc18be67aa7eda765854300033af4896dd779b608640f2ef7a?s=96&d=mm&r=g","caption":"Diario1 Diario1"},"url":"https:\/\/diariotextual.com\/inicio\/index.php\/author\/diario1\/"}]}},"_links":{"self":[{"href":"https:\/\/diariotextual.com\/inicio\/index.php\/wp-json\/wp\/v2\/posts\/38985","targetHints":{"allow":["GET"]}}],"collection":[{"href":"https:\/\/diariotextual.com\/inicio\/index.php\/wp-json\/wp\/v2\/posts"}],"about":[{"href":"https:\/\/diariotextual.com\/inicio\/index.php\/wp-json\/wp\/v2\/types\/post"}],"author":[{"embeddable":true,"href":"https:\/\/diariotextual.com\/inicio\/index.php\/wp-json\/wp\/v2\/users\/3"}],"replies":[{"embeddable":true,"href":"https:\/\/diariotextual.com\/inicio\/index.php\/wp-json\/wp\/v2\/comments?post=38985"}],"version-history":[{"count":11,"href":"https:\/\/diariotextual.com\/inicio\/index.php\/wp-json\/wp\/v2\/posts\/38985\/revisions"}],"predecessor-version":[{"id":39158,"href":"https:\/\/diariotextual.com\/inicio\/index.php\/wp-json\/wp\/v2\/posts\/38985\/revisions\/39158"}],"wp:featuredmedia":[{"embeddable":true,"href":"https:\/\/diariotextual.com\/inicio\/index.php\/wp-json\/wp\/v2\/media\/38998"}],"wp:attachment":[{"href":"https:\/\/diariotextual.com\/inicio\/index.php\/wp-json\/wp\/v2\/media?parent=38985"}],"wp:term":[{"taxonomy":"category","embeddable":true,"href":"https:\/\/diariotextual.com\/inicio\/index.php\/wp-json\/wp\/v2\/categories?post=38985"},{"taxonomy":"post_tag","embeddable":true,"href":"https:\/\/diariotextual.com\/inicio\/index.php\/wp-json\/wp\/v2\/tags?post=38985"}],"curies":[{"name":"wp","href":"https:\/\/api.w.org\/{rel}","templated":true}]}}