{"id":39023,"date":"2019-02-20T11:40:41","date_gmt":"2019-02-20T14:40:41","guid":{"rendered":"http:\/\/diariotextual.com\/inicio\/?p=39023"},"modified":"2019-02-21T08:35:33","modified_gmt":"2019-02-21T11:35:33","slug":"pinte-algo-dice-universitario-ataco-la-escultura-los-panuelos-verdes","status":"publish","type":"post","link":"https:\/\/diariotextual.com\/inicio\/index.php\/2019\/02\/20\/pinte-algo-dice-universitario-ataco-la-escultura-los-panuelos-verdes\/","title":{"rendered":"\u00abSolamente pint\u00e9 algo\u00bb, dice el universitario que atac\u00f3 la escultura de los pa\u00f1uelos verdes"},"content":{"rendered":"<p><strong>Alejandro Baumann<\/strong> no se siente arrepentido.\u00a0En medio de un generalizado repudio en las redes sociales -y tambi\u00e9n respaldo de otro sector-, el estudiante de Abogac\u00eda de la Universidad Nacional de La Pampa (UNLPam) que <a href=\"http:\/\/diariotextual.com\/inicio\/index.php\/2019\/02\/20\/hombre-pinto-dano-la-escultura-los-panuelos-verdes\/\" target=\"_blank\" rel=\"noopener\"><strong>pint\u00f3 de celeste la escultura de los pa\u00f1uelos verdes<\/strong><\/a>, ubicada en la avenida Luro, de Santa Rosa, defendi\u00f3 su accionar.<\/p>\n<blockquote class=\"wp-embedded-content\" data-secret=\"XCPB0rSPS9\"><p><a href=\"http:\/\/diariotextual.com\/inicio\/index.php\/2019\/02\/20\/hombre-pinto-dano-la-escultura-los-panuelos-verdes\/\">Un estudiante pint\u00f3 y da\u00f1o la escultura de los pa\u00f1uelos verdes<\/a><\/p><\/blockquote>\n<p><iframe class=\"wp-embedded-content\" sandbox=\"allow-scripts\" security=\"restricted\" style=\"position: absolute; clip: rect(1px, 1px, 1px, 1px);\" src=\"http:\/\/diariotextual.com\/inicio\/index.php\/2019\/02\/20\/hombre-pinto-dano-la-escultura-los-panuelos-verdes\/embed\/#?secret=XCPB0rSPS9\" data-secret=\"XCPB0rSPS9\" width=\"600\" height=\"338\" title=\"&#8220;Un estudiante pint\u00f3 y da\u00f1o la escultura de los pa\u00f1uelos verdes&#8221; &#8212; Diario Textual\" frameborder=\"0\" marginwidth=\"0\" marginheight=\"0\" scrolling=\"no\"><\/iframe><\/p>\n<p>\u00ab<strong>Prefiero que un abogado defienda a los ni\u00f1os por nacer, antes que los abogados corruptos que existen que son el c\u00e1ncer de la sociedad. Esos son un problema, yo solamente pint\u00e9 algo. Nada mas. Y no destru\u00ed nada<\/strong>\u00ab, sostuvo.<\/p>\n<p>Tambi\u00e9n deslig\u00f3 a la UNLPam. \u00abYo aclaro que no represento a la universidad, ni a todos los abogados, no represento a ning\u00fan partido pol\u00edtico ni a ninguna religi\u00f3n.\u00a0Si quieren decirme algo a mi d\u00edganmelo pero me parece incorrecto que metan a la universidad al medio para presionar\u00bb, sostuvo en la red social.<\/p>\n<p>Esta escultura se encuentra a 100 metros de la rotonda de Pinc\u00e9n, en el ingreso sur de la capital. Fue inaugurada el 25 de noviembre por la Escuela Municipal de Cer\u00e1mica y el Foro Pampeano por el Derecho al Aborto Legal, Seguro y Gratuito.<\/p>\n<p>Baumann, que se hace llamar en Facebook como Charly Brown, decidi\u00f3 pintarla de celeste en homenaje a \u201clas dos vidas\u201d y, de ese modo, le cambi\u00f3 el sentido que le dieron quienes la crearon.<\/p>\n<p><img fetchpriority=\"high\" decoding=\"async\" class=\"alignnone wp-image-38986 size-full\" src=\"http:\/\/diariotextual.com\/inicio\/wp-content\/uploads\/2019\/02\/pa\u00f1uelosesculturacelesteaborto2019-1.jpg\" alt=\"\" width=\"427\" height=\"575\" srcset=\"https:\/\/diariotextual.com\/inicio\/wp-content\/uploads\/2019\/02\/pa\u00f1uelosesculturacelesteaborto2019-1.jpg 427w, https:\/\/diariotextual.com\/inicio\/wp-content\/uploads\/2019\/02\/pa\u00f1uelosesculturacelesteaborto2019-1-223x300.jpg 223w\" sizes=\"(max-width: 427px) 100vw, 427px\" \/><\/p>\n<blockquote class=\"wp-embedded-content\" data-secret=\"Bvls4fncnr\"><p><a href=\"http:\/\/diariotextual.com\/inicio\/index.php\/2019\/02\/20\/fiscal-carola-pidio-mas-capacitacion-abortos-no-punibles\/\">El fiscal Carola pidi\u00f3 m\u00e1s capacitaci\u00f3n en abortos no punibles<\/a><\/p><\/blockquote>\n<p><iframe class=\"wp-embedded-content\" sandbox=\"allow-scripts\" security=\"restricted\" style=\"position: absolute; clip: rect(1px, 1px, 1px, 1px);\" src=\"http:\/\/diariotextual.com\/inicio\/index.php\/2019\/02\/20\/fiscal-carola-pidio-mas-capacitacion-abortos-no-punibles\/embed\/#?secret=Bvls4fncnr\" data-secret=\"Bvls4fncnr\" width=\"600\" height=\"338\" title=\"&#8220;El fiscal Carola pidi\u00f3 m\u00e1s capacitaci\u00f3n en abortos no punibles&#8221; &#8212; Diario Textual\" frameborder=\"0\" marginwidth=\"0\" marginheight=\"0\" scrolling=\"no\"><\/iframe><\/p>\n","protected":false},"excerpt":{"rendered":"<p>Alejandro Baumann no se siente arrepentido.\u00a0En medio de un generalizado repudio en las redes sociales -y tambi\u00e9n respaldo de otro sector-, el estudiante de Abogac\u00eda de la Universidad Nacional de&hellip;<\/p>\n","protected":false},"author":3,"featured_media":39026,"comment_status":"closed","ping_status":"open","sticky":false,"template":"","format":"standard","meta":{"_acf_changed":false,"footnotes":""},"categories":[10,319,12],"tags":[1717,1719,1718,1535],"class_list":["post-39023","post","type-post","status-publish","format-standard","has-post-thumbnail","hentry","category-portada-2","category-a-temporales","category-sociedad","tag-bauman","tag-celestes","tag-panuelos","tag-verdes"],"acf":[],"yoast_head":"<!-- This site is optimized with the Yoast SEO plugin v27.5 - https:\/\/yoast.com\/product\/yoast-seo-wordpress\/ -->\n<title>&quot;Solamente pint\u00e9 algo&quot;, dice el universitario que atac\u00f3 la escultura de los pa\u00f1uelos verdes - Diario Textual<\/title>\n<meta name=\"robots\" content=\"index, follow, max-snippet:-1, max-image-preview:large, max-video-preview:-1\" \/>\n<link rel=\"canonical\" href=\"https:\/\/diariotextual.com\/inicio\/index.php\/2019\/02\/20\/pinte-algo-dice-universitario-ataco-la-escultura-los-panuelos-verdes\/\" \/>\n<meta property=\"og:locale\" content=\"es_ES\" \/>\n<meta property=\"og:type\" content=\"article\" \/>\n<meta property=\"og:title\" content=\"&quot;Solamente pint\u00e9 algo&quot;, dice el universitario que atac\u00f3 la escultura de los pa\u00f1uelos verdes - Diario Textual\" \/>\n<meta property=\"og:description\" content=\"Alejandro Baumann no se siente arrepentido.\u00a0En medio de un generalizado repudio en las redes sociales -y tambi\u00e9n respaldo de otro sector-, el estudiante de Abogac\u00eda de la Universidad Nacional de&hellip;\" \/>\n<meta property=\"og:url\" content=\"https:\/\/diariotextual.com\/inicio\/index.php\/2019\/02\/20\/pinte-algo-dice-universitario-ataco-la-escultura-los-panuelos-verdes\/\" \/>\n<meta property=\"og:site_name\" content=\"Diario Textual\" \/>\n<meta property=\"article:publisher\" content=\"https:\/\/www.facebook.com\/eltextual\" \/>\n<meta property=\"article:published_time\" content=\"2019-02-20T14:40:41+00:00\" \/>\n<meta property=\"article:modified_time\" content=\"2019-02-21T11:35:33+00:00\" \/>\n<meta property=\"og:image\" content=\"https:\/\/diariotextual.com\/inicio\/wp-content\/uploads\/2019\/02\/baumanapa\u00f1ueloscelestesverdes2019-1.jpg\" \/>\n\t<meta property=\"og:image:width\" content=\"603\" \/>\n\t<meta property=\"og:image:height\" content=\"442\" \/>\n\t<meta property=\"og:image:type\" content=\"image\/jpeg\" \/>\n<meta name=\"author\" content=\"Diario1 Diario1\" \/>\n<meta name=\"twitter:card\" content=\"summary_large_image\" \/>\n<meta name=\"twitter:creator\" content=\"@eltextual\" \/>\n<meta name=\"twitter:site\" content=\"@eltextual\" \/>\n<meta name=\"twitter:label1\" content=\"Escrito por\" \/>\n\t<meta name=\"twitter:data1\" content=\"Diario1 Diario1\" \/>\n\t<meta name=\"twitter:label2\" content=\"Tiempo de lectura\" \/>\n\t<meta name=\"twitter:data2\" content=\"1 minuto\" \/>\n<script type=\"application\/ld+json\" class=\"yoast-schema-graph\">{\"@context\":\"https:\\\/\\\/schema.org\",\"@graph\":[{\"@type\":\"Article\",\"@id\":\"https:\\\/\\\/diariotextual.com\\\/inicio\\\/index.php\\\/2019\\\/02\\\/20\\\/pinte-algo-dice-universitario-ataco-la-escultura-los-panuelos-verdes\\\/#article\",\"isPartOf\":{\"@id\":\"https:\\\/\\\/diariotextual.com\\\/inicio\\\/index.php\\\/2019\\\/02\\\/20\\\/pinte-algo-dice-universitario-ataco-la-escultura-los-panuelos-verdes\\\/\"},\"author\":{\"name\":\"Diario1 Diario1\",\"@id\":\"https:\\\/\\\/diariotextual.com\\\/inicio\\\/#\\\/schema\\\/person\\\/418fc4093c33e86ed41562db3508f958\"},\"headline\":\"\u00abSolamente pint\u00e9 algo\u00bb, dice el universitario que atac\u00f3 la escultura de los pa\u00f1uelos verdes\",\"datePublished\":\"2019-02-20T14:40:41+00:00\",\"dateModified\":\"2019-02-21T11:35:33+00:00\",\"mainEntityOfPage\":{\"@id\":\"https:\\\/\\\/diariotextual.com\\\/inicio\\\/index.php\\\/2019\\\/02\\\/20\\\/pinte-algo-dice-universitario-ataco-la-escultura-los-panuelos-verdes\\\/\"},\"wordCount\":264,\"publisher\":{\"@id\":\"https:\\\/\\\/diariotextual.com\\\/inicio\\\/#organization\"},\"image\":{\"@id\":\"https:\\\/\\\/diariotextual.com\\\/inicio\\\/index.php\\\/2019\\\/02\\\/20\\\/pinte-algo-dice-universitario-ataco-la-escultura-los-panuelos-verdes\\\/#primaryimage\"},\"thumbnailUrl\":\"https:\\\/\\\/diariotextual.com\\\/inicio\\\/wp-content\\\/uploads\\\/2019\\\/02\\\/baumanapa\u00f1ueloscelestesverdes2019-1.jpg\",\"keywords\":[\"bauman\",\"celestes\",\"pa\u00f1uelos\",\"verdes\"],\"articleSection\":[\"A - PORTADA2\",\"A - TEMPORALES\",\"SOCIEDAD\"],\"inLanguage\":\"es\"},{\"@type\":\"WebPage\",\"@id\":\"https:\\\/\\\/diariotextual.com\\\/inicio\\\/index.php\\\/2019\\\/02\\\/20\\\/pinte-algo-dice-universitario-ataco-la-escultura-los-panuelos-verdes\\\/\",\"url\":\"https:\\\/\\\/diariotextual.com\\\/inicio\\\/index.php\\\/2019\\\/02\\\/20\\\/pinte-algo-dice-universitario-ataco-la-escultura-los-panuelos-verdes\\\/\",\"name\":\"\\\"Solamente pint\u00e9 algo\\\", dice el universitario que atac\u00f3 la escultura de los pa\u00f1uelos verdes - Diario Textual\",\"isPartOf\":{\"@id\":\"https:\\\/\\\/diariotextual.com\\\/inicio\\\/#website\"},\"primaryImageOfPage\":{\"@id\":\"https:\\\/\\\/diariotextual.com\\\/inicio\\\/index.php\\\/2019\\\/02\\\/20\\\/pinte-algo-dice-universitario-ataco-la-escultura-los-panuelos-verdes\\\/#primaryimage\"},\"image\":{\"@id\":\"https:\\\/\\\/diariotextual.com\\\/inicio\\\/index.php\\\/2019\\\/02\\\/20\\\/pinte-algo-dice-universitario-ataco-la-escultura-los-panuelos-verdes\\\/#primaryimage\"},\"thumbnailUrl\":\"https:\\\/\\\/diariotextual.com\\\/inicio\\\/wp-content\\\/uploads\\\/2019\\\/02\\\/baumanapa\u00f1ueloscelestesverdes2019-1.jpg\",\"datePublished\":\"2019-02-20T14:40:41+00:00\",\"dateModified\":\"2019-02-21T11:35:33+00:00\",\"breadcrumb\":{\"@id\":\"https:\\\/\\\/diariotextual.com\\\/inicio\\\/index.php\\\/2019\\\/02\\\/20\\\/pinte-algo-dice-universitario-ataco-la-escultura-los-panuelos-verdes\\\/#breadcrumb\"},\"inLanguage\":\"es\",\"potentialAction\":[{\"@type\":\"ReadAction\",\"target\":[\"https:\\\/\\\/diariotextual.com\\\/inicio\\\/index.php\\\/2019\\\/02\\\/20\\\/pinte-algo-dice-universitario-ataco-la-escultura-los-panuelos-verdes\\\/\"]}]},{\"@type\":\"ImageObject\",\"inLanguage\":\"es\",\"@id\":\"https:\\\/\\\/diariotextual.com\\\/inicio\\\/index.php\\\/2019\\\/02\\\/20\\\/pinte-algo-dice-universitario-ataco-la-escultura-los-panuelos-verdes\\\/#primaryimage\",\"url\":\"https:\\\/\\\/diariotextual.com\\\/inicio\\\/wp-content\\\/uploads\\\/2019\\\/02\\\/baumanapa\u00f1ueloscelestesverdes2019-1.jpg\",\"contentUrl\":\"https:\\\/\\\/diariotextual.com\\\/inicio\\\/wp-content\\\/uploads\\\/2019\\\/02\\\/baumanapa\u00f1ueloscelestesverdes2019-1.jpg\",\"width\":603,\"height\":442},{\"@type\":\"BreadcrumbList\",\"@id\":\"https:\\\/\\\/diariotextual.com\\\/inicio\\\/index.php\\\/2019\\\/02\\\/20\\\/pinte-algo-dice-universitario-ataco-la-escultura-los-panuelos-verdes\\\/#breadcrumb\",\"itemListElement\":[{\"@type\":\"ListItem\",\"position\":1,\"name\":\"Portada\",\"item\":\"https:\\\/\\\/diariotextual.com\\\/inicio\\\/\"},{\"@type\":\"ListItem\",\"position\":2,\"name\":\"\u00abSolamente pint\u00e9 algo\u00bb, dice el universitario que atac\u00f3 la escultura de los pa\u00f1uelos verdes\"}]},{\"@type\":\"WebSite\",\"@id\":\"https:\\\/\\\/diariotextual.com\\\/inicio\\\/#website\",\"url\":\"https:\\\/\\\/diariotextual.com\\\/inicio\\\/\",\"name\":\"Diario Textual\",\"description\":\"\",\"publisher\":{\"@id\":\"https:\\\/\\\/diariotextual.com\\\/inicio\\\/#organization\"},\"potentialAction\":[{\"@type\":\"SearchAction\",\"target\":{\"@type\":\"EntryPoint\",\"urlTemplate\":\"https:\\\/\\\/diariotextual.com\\\/inicio\\\/?s={search_term_string}\"},\"query-input\":{\"@type\":\"PropertyValueSpecification\",\"valueRequired\":true,\"valueName\":\"search_term_string\"}}],\"inLanguage\":\"es\"},{\"@type\":\"Organization\",\"@id\":\"https:\\\/\\\/diariotextual.com\\\/inicio\\\/#organization\",\"name\":\"Diario Textual\",\"url\":\"https:\\\/\\\/diariotextual.com\\\/inicio\\\/\",\"logo\":{\"@type\":\"ImageObject\",\"inLanguage\":\"es\",\"@id\":\"https:\\\/\\\/diariotextual.com\\\/inicio\\\/#\\\/schema\\\/logo\\\/image\\\/\",\"url\":\"https:\\\/\\\/diariotextual.com\\\/inicio\\\/wp-content\\\/uploads\\\/2023\\\/05\\\/logotextual1.jpg\",\"contentUrl\":\"https:\\\/\\\/diariotextual.com\\\/inicio\\\/wp-content\\\/uploads\\\/2023\\\/05\\\/logotextual1.jpg\",\"width\":516,\"height\":76,\"caption\":\"Diario Textual\"},\"image\":{\"@id\":\"https:\\\/\\\/diariotextual.com\\\/inicio\\\/#\\\/schema\\\/logo\\\/image\\\/\"},\"sameAs\":[\"https:\\\/\\\/www.facebook.com\\\/eltextual\",\"https:\\\/\\\/x.com\\\/eltextual\",\"http:\\\/\\\/www.instagram.com\\\/eltextual\"]},{\"@type\":\"Person\",\"@id\":\"https:\\\/\\\/diariotextual.com\\\/inicio\\\/#\\\/schema\\\/person\\\/418fc4093c33e86ed41562db3508f958\",\"name\":\"Diario1 Diario1\",\"image\":{\"@type\":\"ImageObject\",\"inLanguage\":\"es\",\"@id\":\"https:\\\/\\\/secure.gravatar.com\\\/avatar\\\/9167d280179c85bc18be67aa7eda765854300033af4896dd779b608640f2ef7a?s=96&d=mm&r=g\",\"url\":\"https:\\\/\\\/secure.gravatar.com\\\/avatar\\\/9167d280179c85bc18be67aa7eda765854300033af4896dd779b608640f2ef7a?s=96&d=mm&r=g\",\"contentUrl\":\"https:\\\/\\\/secure.gravatar.com\\\/avatar\\\/9167d280179c85bc18be67aa7eda765854300033af4896dd779b608640f2ef7a?s=96&d=mm&r=g\",\"caption\":\"Diario1 Diario1\"},\"url\":\"https:\\\/\\\/diariotextual.com\\\/inicio\\\/index.php\\\/author\\\/diario1\\\/\"}]}<\/script>\n<!-- \/ Yoast SEO plugin. -->","yoast_head_json":{"title":"\"Solamente pint\u00e9 algo\", dice el universitario que atac\u00f3 la escultura de los pa\u00f1uelos verdes - Diario Textual","robots":{"index":"index","follow":"follow","max-snippet":"max-snippet:-1","max-image-preview":"max-image-preview:large","max-video-preview":"max-video-preview:-1"},"canonical":"https:\/\/diariotextual.com\/inicio\/index.php\/2019\/02\/20\/pinte-algo-dice-universitario-ataco-la-escultura-los-panuelos-verdes\/","og_locale":"es_ES","og_type":"article","og_title":"\"Solamente pint\u00e9 algo\", dice el universitario que atac\u00f3 la escultura de los pa\u00f1uelos verdes - Diario Textual","og_description":"Alejandro Baumann no se siente arrepentido.\u00a0En medio de un generalizado repudio en las redes sociales -y tambi\u00e9n respaldo de otro sector-, el estudiante de Abogac\u00eda de la Universidad Nacional de&hellip;","og_url":"https:\/\/diariotextual.com\/inicio\/index.php\/2019\/02\/20\/pinte-algo-dice-universitario-ataco-la-escultura-los-panuelos-verdes\/","og_site_name":"Diario Textual","article_publisher":"https:\/\/www.facebook.com\/eltextual","article_published_time":"2019-02-20T14:40:41+00:00","article_modified_time":"2019-02-21T11:35:33+00:00","og_image":[{"width":603,"height":442,"url":"https:\/\/diariotextual.com\/inicio\/wp-content\/uploads\/2019\/02\/baumanapa\u00f1ueloscelestesverdes2019-1.jpg","type":"image\/jpeg"}],"author":"Diario1 Diario1","twitter_card":"summary_large_image","twitter_creator":"@eltextual","twitter_site":"@eltextual","twitter_misc":{"Escrito por":"Diario1 Diario1","Tiempo de lectura":"1 minuto"},"schema":{"@context":"https:\/\/schema.org","@graph":[{"@type":"Article","@id":"https:\/\/diariotextual.com\/inicio\/index.php\/2019\/02\/20\/pinte-algo-dice-universitario-ataco-la-escultura-los-panuelos-verdes\/#article","isPartOf":{"@id":"https:\/\/diariotextual.com\/inicio\/index.php\/2019\/02\/20\/pinte-algo-dice-universitario-ataco-la-escultura-los-panuelos-verdes\/"},"author":{"name":"Diario1 Diario1","@id":"https:\/\/diariotextual.com\/inicio\/#\/schema\/person\/418fc4093c33e86ed41562db3508f958"},"headline":"\u00abSolamente pint\u00e9 algo\u00bb, dice el universitario que atac\u00f3 la escultura de los pa\u00f1uelos verdes","datePublished":"2019-02-20T14:40:41+00:00","dateModified":"2019-02-21T11:35:33+00:00","mainEntityOfPage":{"@id":"https:\/\/diariotextual.com\/inicio\/index.php\/2019\/02\/20\/pinte-algo-dice-universitario-ataco-la-escultura-los-panuelos-verdes\/"},"wordCount":264,"publisher":{"@id":"https:\/\/diariotextual.com\/inicio\/#organization"},"image":{"@id":"https:\/\/diariotextual.com\/inicio\/index.php\/2019\/02\/20\/pinte-algo-dice-universitario-ataco-la-escultura-los-panuelos-verdes\/#primaryimage"},"thumbnailUrl":"https:\/\/diariotextual.com\/inicio\/wp-content\/uploads\/2019\/02\/baumanapa\u00f1ueloscelestesverdes2019-1.jpg","keywords":["bauman","celestes","pa\u00f1uelos","verdes"],"articleSection":["A - PORTADA2","A - TEMPORALES","SOCIEDAD"],"inLanguage":"es"},{"@type":"WebPage","@id":"https:\/\/diariotextual.com\/inicio\/index.php\/2019\/02\/20\/pinte-algo-dice-universitario-ataco-la-escultura-los-panuelos-verdes\/","url":"https:\/\/diariotextual.com\/inicio\/index.php\/2019\/02\/20\/pinte-algo-dice-universitario-ataco-la-escultura-los-panuelos-verdes\/","name":"\"Solamente pint\u00e9 algo\", dice el universitario que atac\u00f3 la escultura de los pa\u00f1uelos verdes - Diario Textual","isPartOf":{"@id":"https:\/\/diariotextual.com\/inicio\/#website"},"primaryImageOfPage":{"@id":"https:\/\/diariotextual.com\/inicio\/index.php\/2019\/02\/20\/pinte-algo-dice-universitario-ataco-la-escultura-los-panuelos-verdes\/#primaryimage"},"image":{"@id":"https:\/\/diariotextual.com\/inicio\/index.php\/2019\/02\/20\/pinte-algo-dice-universitario-ataco-la-escultura-los-panuelos-verdes\/#primaryimage"},"thumbnailUrl":"https:\/\/diariotextual.com\/inicio\/wp-content\/uploads\/2019\/02\/baumanapa\u00f1ueloscelestesverdes2019-1.jpg","datePublished":"2019-02-20T14:40:41+00:00","dateModified":"2019-02-21T11:35:33+00:00","breadcrumb":{"@id":"https:\/\/diariotextual.com\/inicio\/index.php\/2019\/02\/20\/pinte-algo-dice-universitario-ataco-la-escultura-los-panuelos-verdes\/#breadcrumb"},"inLanguage":"es","potentialAction":[{"@type":"ReadAction","target":["https:\/\/diariotextual.com\/inicio\/index.php\/2019\/02\/20\/pinte-algo-dice-universitario-ataco-la-escultura-los-panuelos-verdes\/"]}]},{"@type":"ImageObject","inLanguage":"es","@id":"https:\/\/diariotextual.com\/inicio\/index.php\/2019\/02\/20\/pinte-algo-dice-universitario-ataco-la-escultura-los-panuelos-verdes\/#primaryimage","url":"https:\/\/diariotextual.com\/inicio\/wp-content\/uploads\/2019\/02\/baumanapa\u00f1ueloscelestesverdes2019-1.jpg","contentUrl":"https:\/\/diariotextual.com\/inicio\/wp-content\/uploads\/2019\/02\/baumanapa\u00f1ueloscelestesverdes2019-1.jpg","width":603,"height":442},{"@type":"BreadcrumbList","@id":"https:\/\/diariotextual.com\/inicio\/index.php\/2019\/02\/20\/pinte-algo-dice-universitario-ataco-la-escultura-los-panuelos-verdes\/#breadcrumb","itemListElement":[{"@type":"ListItem","position":1,"name":"Portada","item":"https:\/\/diariotextual.com\/inicio\/"},{"@type":"ListItem","position":2,"name":"\u00abSolamente pint\u00e9 algo\u00bb, dice el universitario que atac\u00f3 la escultura de los pa\u00f1uelos verdes"}]},{"@type":"WebSite","@id":"https:\/\/diariotextual.com\/inicio\/#website","url":"https:\/\/diariotextual.com\/inicio\/","name":"Diario Textual","description":"","publisher":{"@id":"https:\/\/diariotextual.com\/inicio\/#organization"},"potentialAction":[{"@type":"SearchAction","target":{"@type":"EntryPoint","urlTemplate":"https:\/\/diariotextual.com\/inicio\/?s={search_term_string}"},"query-input":{"@type":"PropertyValueSpecification","valueRequired":true,"valueName":"search_term_string"}}],"inLanguage":"es"},{"@type":"Organization","@id":"https:\/\/diariotextual.com\/inicio\/#organization","name":"Diario Textual","url":"https:\/\/diariotextual.com\/inicio\/","logo":{"@type":"ImageObject","inLanguage":"es","@id":"https:\/\/diariotextual.com\/inicio\/#\/schema\/logo\/image\/","url":"https:\/\/diariotextual.com\/inicio\/wp-content\/uploads\/2023\/05\/logotextual1.jpg","contentUrl":"https:\/\/diariotextual.com\/inicio\/wp-content\/uploads\/2023\/05\/logotextual1.jpg","width":516,"height":76,"caption":"Diario Textual"},"image":{"@id":"https:\/\/diariotextual.com\/inicio\/#\/schema\/logo\/image\/"},"sameAs":["https:\/\/www.facebook.com\/eltextual","https:\/\/x.com\/eltextual","http:\/\/www.instagram.com\/eltextual"]},{"@type":"Person","@id":"https:\/\/diariotextual.com\/inicio\/#\/schema\/person\/418fc4093c33e86ed41562db3508f958","name":"Diario1 Diario1","image":{"@type":"ImageObject","inLanguage":"es","@id":"https:\/\/secure.gravatar.com\/avatar\/9167d280179c85bc18be67aa7eda765854300033af4896dd779b608640f2ef7a?s=96&d=mm&r=g","url":"https:\/\/secure.gravatar.com\/avatar\/9167d280179c85bc18be67aa7eda765854300033af4896dd779b608640f2ef7a?s=96&d=mm&r=g","contentUrl":"https:\/\/secure.gravatar.com\/avatar\/9167d280179c85bc18be67aa7eda765854300033af4896dd779b608640f2ef7a?s=96&d=mm&r=g","caption":"Diario1 Diario1"},"url":"https:\/\/diariotextual.com\/inicio\/index.php\/author\/diario1\/"}]}},"_links":{"self":[{"href":"https:\/\/diariotextual.com\/inicio\/index.php\/wp-json\/wp\/v2\/posts\/39023","targetHints":{"allow":["GET"]}}],"collection":[{"href":"https:\/\/diariotextual.com\/inicio\/index.php\/wp-json\/wp\/v2\/posts"}],"about":[{"href":"https:\/\/diariotextual.com\/inicio\/index.php\/wp-json\/wp\/v2\/types\/post"}],"author":[{"embeddable":true,"href":"https:\/\/diariotextual.com\/inicio\/index.php\/wp-json\/wp\/v2\/users\/3"}],"replies":[{"embeddable":true,"href":"https:\/\/diariotextual.com\/inicio\/index.php\/wp-json\/wp\/v2\/comments?post=39023"}],"version-history":[{"count":5,"href":"https:\/\/diariotextual.com\/inicio\/index.php\/wp-json\/wp\/v2\/posts\/39023\/revisions"}],"predecessor-version":[{"id":39172,"href":"https:\/\/diariotextual.com\/inicio\/index.php\/wp-json\/wp\/v2\/posts\/39023\/revisions\/39172"}],"wp:featuredmedia":[{"embeddable":true,"href":"https:\/\/diariotextual.com\/inicio\/index.php\/wp-json\/wp\/v2\/media\/39026"}],"wp:attachment":[{"href":"https:\/\/diariotextual.com\/inicio\/index.php\/wp-json\/wp\/v2\/media?parent=39023"}],"wp:term":[{"taxonomy":"category","embeddable":true,"href":"https:\/\/diariotextual.com\/inicio\/index.php\/wp-json\/wp\/v2\/categories?post=39023"},{"taxonomy":"post_tag","embeddable":true,"href":"https:\/\/diariotextual.com\/inicio\/index.php\/wp-json\/wp\/v2\/tags?post=39023"}],"curies":[{"name":"wp","href":"https:\/\/api.w.org\/{rel}","templated":true}]}}