{"id":39043,"date":"2019-02-20T12:22:39","date_gmt":"2019-02-20T15:22:39","guid":{"rendered":"http:\/\/diariotextual.com\/inicio\/?p=39043"},"modified":"2019-02-21T09:01:27","modified_gmt":"2019-02-21T12:01:27","slug":"fiscal-carola-pidio-mas-capacitacion-abortos-no-punibles","status":"publish","type":"post","link":"https:\/\/diariotextual.com\/inicio\/index.php\/2019\/02\/20\/fiscal-carola-pidio-mas-capacitacion-abortos-no-punibles\/","title":{"rendered":"El fiscal Carola pidi\u00f3 m\u00e1s capacitaci\u00f3n en abortos no punibles"},"content":{"rendered":"<p>La Fiscal\u00eda de Investigaciones Administrativas, a cargo de Juan Carlos Carola, recomend\u00f3 al Ministerio de Salud que \u00abcontin\u00fae y profundice\u00bb la capacitaci\u00f3n del personal de salud en materia de la<strong><a href=\"http:\/\/www.salud.lapampa.gov.ar\/archivos\/salud\/guia_ile_final.pdf?fbclid=IwAR3mKBNk3VMZiVHqJnvXcK1Ro0OsvunSeqSDYOigN9-gf1ESXsAT6QzUOXQ\" target=\"_blank\" rel=\"noopener\"> Gu\u00eda Provincial para la Atenci\u00f3n Integral de las Personas con derecho a la Interrupci\u00f3n legal del Embarazo<\/a>.<\/strong><\/p>\n<p>Carola intervino a partir de una presentaci\u00f3n que hizo el Foro Pampeano por el Derecho Al Aborto Legal, Seguro y Gratuito, por las manifestaciones p\u00fablicas de <strong>Ver\u00f3nica Cesan<\/strong>, directora del hospital de Castex:<strong> hab\u00eda dicho que las mujeres que abortaban eran unas asesinas.\u00a0<\/strong>\u201cComo mujer no puedo decir que no nos maten a nosotras en el colectivo Ni una Menos, si despu\u00e9s nosotras matamos un ni\u00f1o\u201d, dijo Ces\u00e1n en la conferencia de prensa, al asumir, el a\u00f1o pasado.\u00a0\u201cEn la condici\u00f3n que se d\u00e9 ese hijo puede ser en una situaci\u00f3n especial, porque quiz\u00e1s fue en el momento no deseado o fue por una situaci\u00f3n de abuso, eso se puede analizar. Podemos llegar a otras formas de resoluci\u00f3n, sin necesidad de transformarnos en asesinas\u201d, se explay\u00f3.<\/p>\n<p style=\"margin: 12px auto 6px auto; font-family: Helvetica,Arial,Sans-serif; font-style: normal; font-variant: normal; font-weight: normal; font-size: 14px; line-height: normal; font-size-adjust: none; font-stretch: normal; -x-system-font: none; display: block;\"><a style=\"text-decoration: underline;\" title=\"View Aborto No Punible - FIA on Scribd\" href=\"https:\/\/www.scribd.com\/document\/400082133\/Aborto-No-Punible-FIA#from_embed\">Aborto No Punible &#8211; FIA<\/a> by on Scribd<\/p>\n<p><iframe class=\"scribd_iframe_embed\" title=\"Aborto No Punible - FIA\" src=\"https:\/\/www.scribd.com\/embeds\/400082133\/content?start_page=1&amp;view_mode=scroll&amp;show_recommendations=true&amp;access_key=key-yn3VBwmROcLafavoXMQX\" width=\"100%\" height=\"600\" frameborder=\"0\" scrolling=\"no\" data-auto-height=\"true\" data-aspect-ratio=\"null\"><\/iframe><\/p>\n<p><strong>La FIA, pese a esas expresiones, no pidi\u00f3 sanciones: dijo que nunca obstaculiz\u00f3 un aborto no punible.<\/strong> \u00abLa Dra. Ver\u00f3nica Cesan, como operadora del sistema de salud provincial y directora de un Establecimiento Asistencial debe cumplir y hacer cumplir en su \u00e1mbito de actuaci\u00f3n las pautas de la Gu\u00eda Provincial mencionada\u00bb, sostuvo en su resoluci\u00f3n el fiscal Carola. \u00abEllo conforme las expresas previsiones de la Gu\u00eda\u00bb, agreg\u00f3. \u00abEn el caso de considerarlo pertinente, puede ejercer su derecho a la objeci\u00f3n de conciencia, conforme las pautas otorgadas por la misma Gu\u00eda Provincial\u00bb.<\/p>\n<p>\u00abSin perjuicio de ello, conforme el Fallo FAL y las previsiones del\u00a0documento mencionado, en ning\u00fan caso, los profesionales objetores pueden &#8216;eludir sus responsabilidades profesionales. Si alg\u00fan profesional insiste en sus conceptos\u00a0personales, religiosos y\/o morales no puede ser considerado m\u00e1s que como una barrera al acceso a los servicios de salud&#8217;\u201d, sostuvo.<\/p>\n<p><strong>\u00abDebo destacar que mas all\u00e1 de los dichos inapropiados de la denunciadaa la luz de las consideraciones vertidas por la Relatora Especial para la Libertad de Expresi\u00f3n-ni el Foro Pampeano ni particulares han denunciado ante esta FIA la\u00a0obstaculizaci\u00f3n o dificultades en torno a la aplicaci\u00f3n de la GUIA en el hospital a cargo de la Dra. Cesan. Al respecto el Sr. Subsecretario de Salud inform\u00f3 que efectivamente se llevaron a cabo pr\u00e1cticas en el marco de la Gu\u00eda en el Hospital de Castex\u00bb<\/strong>, manifest\u00f3.<\/p>\n<p>\u00abEn concordancia con lo mas arriba expuesto, sugiero el archivo de las actuaciones, por considerar que no existen elementos para dar inicio a un procedimiento disciplinario, sin perjuicio de recomendar al Ministerio de Salud:<\/p>\n<p>a) contin\u00fae y profundice la capacitaci\u00f3n del personal de salud en materia de la \u201cGu\u00eda Provincial para la atenci\u00f3n integral de las personas con derecho a la interrupci\u00f3n legal del embarazo\u201d.<\/p>\n<p>b) Haga saber a la Dra. Ver\u00f3nica Cesan las consideraciones expresadas en el presente en materia de libertad de expresi\u00f3n de los funcionarios p\u00fablicos y el alcance de su responsabilidad como Directora del E.A de su localidad en materia de la \u201cGu\u00eda Provincial para la atenci\u00f3n integral de las personas con derecho a la interrupci\u00f3n legal del embarazo\u201d.<\/p>\n<blockquote class=\"wp-embedded-content\" data-secret=\"haSJpkserS\"><p><a href=\"http:\/\/diariotextual.com\/inicio\/index.php\/2019\/02\/20\/otra-vez-la-profesora-guinazu-mariani-ahora-insulto-otras-mujeres\/\">Otra vez la profesora Gui\u00f1az\u00fa Mariani: ahora insult\u00f3 a otras mujeres<\/a><\/p><\/blockquote>\n<p><iframe class=\"wp-embedded-content\" sandbox=\"allow-scripts\" security=\"restricted\" style=\"position: absolute; clip: rect(1px, 1px, 1px, 1px);\" src=\"http:\/\/diariotextual.com\/inicio\/index.php\/2019\/02\/20\/otra-vez-la-profesora-guinazu-mariani-ahora-insulto-otras-mujeres\/embed\/#?secret=haSJpkserS\" data-secret=\"haSJpkserS\" width=\"600\" height=\"338\" title=\"&#8220;Otra vez la profesora Gui\u00f1az\u00fa Mariani: ahora insult\u00f3 a otras mujeres&#8221; &#8212; Diario Textual\" frameborder=\"0\" marginwidth=\"0\" marginheight=\"0\" scrolling=\"no\"><\/iframe><\/p>\n<p>&nbsp;<\/p>\n<p>&nbsp;<\/p>\n","protected":false},"excerpt":{"rendered":"<p>La Fiscal\u00eda de Investigaciones Administrativas, a cargo de Juan Carlos Carola, recomend\u00f3 al Ministerio de Salud que \u00abcontin\u00fae y profundice\u00bb la capacitaci\u00f3n del personal de salud en materia de la&hellip;<\/p>\n","protected":false},"author":3,"featured_media":32859,"comment_status":"closed","ping_status":"open","sticky":false,"template":"","format":"standard","meta":{"_acf_changed":false,"footnotes":""},"categories":[319,12],"tags":[28,639],"class_list":["post-39043","post","type-post","status-publish","format-standard","has-post-thumbnail","hentry","category-a-temporales","category-sociedad","tag-aborto","tag-carola"],"acf":[],"yoast_head":"<!-- This site is optimized with the Yoast SEO plugin v27.5 - https:\/\/yoast.com\/product\/yoast-seo-wordpress\/ -->\n<title>El fiscal Carola pidi\u00f3 m\u00e1s capacitaci\u00f3n en abortos no punibles - Diario Textual<\/title>\n<meta name=\"robots\" content=\"index, follow, max-snippet:-1, max-image-preview:large, max-video-preview:-1\" \/>\n<link rel=\"canonical\" href=\"https:\/\/diariotextual.com\/inicio\/index.php\/2019\/02\/20\/fiscal-carola-pidio-mas-capacitacion-abortos-no-punibles\/\" \/>\n<meta property=\"og:locale\" content=\"es_ES\" \/>\n<meta property=\"og:type\" content=\"article\" \/>\n<meta property=\"og:title\" content=\"El fiscal Carola pidi\u00f3 m\u00e1s capacitaci\u00f3n en abortos no punibles - Diario Textual\" \/>\n<meta property=\"og:description\" content=\"La Fiscal\u00eda de Investigaciones Administrativas, a cargo de Juan Carlos Carola, recomend\u00f3 al Ministerio de Salud que \u00abcontin\u00fae y profundice\u00bb la capacitaci\u00f3n del personal de salud en materia de la&hellip;\" \/>\n<meta property=\"og:url\" content=\"https:\/\/diariotextual.com\/inicio\/index.php\/2019\/02\/20\/fiscal-carola-pidio-mas-capacitacion-abortos-no-punibles\/\" \/>\n<meta property=\"og:site_name\" content=\"Diario Textual\" \/>\n<meta property=\"article:publisher\" content=\"https:\/\/www.facebook.com\/eltextual\" \/>\n<meta property=\"article:published_time\" content=\"2019-02-20T15:22:39+00:00\" \/>\n<meta property=\"article:modified_time\" content=\"2019-02-21T12:01:27+00:00\" \/>\n<meta property=\"og:image\" content=\"https:\/\/diariotextual.com\/inicio\/wp-content\/uploads\/2019\/01\/hospitalmolaspasillos200.jpg\" \/>\n\t<meta property=\"og:image:width\" content=\"1000\" \/>\n\t<meta property=\"og:image:height\" content=\"644\" \/>\n\t<meta property=\"og:image:type\" content=\"image\/jpeg\" \/>\n<meta name=\"author\" content=\"Diario1 Diario1\" \/>\n<meta name=\"twitter:card\" content=\"summary_large_image\" \/>\n<meta name=\"twitter:creator\" content=\"@eltextual\" \/>\n<meta name=\"twitter:site\" content=\"@eltextual\" \/>\n<meta name=\"twitter:label1\" content=\"Escrito por\" \/>\n\t<meta name=\"twitter:data1\" content=\"Diario1 Diario1\" \/>\n\t<meta name=\"twitter:label2\" content=\"Tiempo de lectura\" \/>\n\t<meta name=\"twitter:data2\" content=\"3 minutos\" \/>\n<script type=\"application\/ld+json\" class=\"yoast-schema-graph\">{\"@context\":\"https:\\\/\\\/schema.org\",\"@graph\":[{\"@type\":\"Article\",\"@id\":\"https:\\\/\\\/diariotextual.com\\\/inicio\\\/index.php\\\/2019\\\/02\\\/20\\\/fiscal-carola-pidio-mas-capacitacion-abortos-no-punibles\\\/#article\",\"isPartOf\":{\"@id\":\"https:\\\/\\\/diariotextual.com\\\/inicio\\\/index.php\\\/2019\\\/02\\\/20\\\/fiscal-carola-pidio-mas-capacitacion-abortos-no-punibles\\\/\"},\"author\":{\"name\":\"Diario1 Diario1\",\"@id\":\"https:\\\/\\\/diariotextual.com\\\/inicio\\\/#\\\/schema\\\/person\\\/418fc4093c33e86ed41562db3508f958\"},\"headline\":\"El fiscal Carola pidi\u00f3 m\u00e1s capacitaci\u00f3n en abortos no punibles\",\"datePublished\":\"2019-02-20T15:22:39+00:00\",\"dateModified\":\"2019-02-21T12:01:27+00:00\",\"mainEntityOfPage\":{\"@id\":\"https:\\\/\\\/diariotextual.com\\\/inicio\\\/index.php\\\/2019\\\/02\\\/20\\\/fiscal-carola-pidio-mas-capacitacion-abortos-no-punibles\\\/\"},\"wordCount\":601,\"publisher\":{\"@id\":\"https:\\\/\\\/diariotextual.com\\\/inicio\\\/#organization\"},\"image\":{\"@id\":\"https:\\\/\\\/diariotextual.com\\\/inicio\\\/index.php\\\/2019\\\/02\\\/20\\\/fiscal-carola-pidio-mas-capacitacion-abortos-no-punibles\\\/#primaryimage\"},\"thumbnailUrl\":\"https:\\\/\\\/diariotextual.com\\\/inicio\\\/wp-content\\\/uploads\\\/2019\\\/01\\\/hospitalmolaspasillos200.jpg\",\"keywords\":[\"aborto\",\"carola\"],\"articleSection\":[\"A - TEMPORALES\",\"SOCIEDAD\"],\"inLanguage\":\"es\"},{\"@type\":\"WebPage\",\"@id\":\"https:\\\/\\\/diariotextual.com\\\/inicio\\\/index.php\\\/2019\\\/02\\\/20\\\/fiscal-carola-pidio-mas-capacitacion-abortos-no-punibles\\\/\",\"url\":\"https:\\\/\\\/diariotextual.com\\\/inicio\\\/index.php\\\/2019\\\/02\\\/20\\\/fiscal-carola-pidio-mas-capacitacion-abortos-no-punibles\\\/\",\"name\":\"El fiscal Carola pidi\u00f3 m\u00e1s capacitaci\u00f3n en abortos no punibles - Diario Textual\",\"isPartOf\":{\"@id\":\"https:\\\/\\\/diariotextual.com\\\/inicio\\\/#website\"},\"primaryImageOfPage\":{\"@id\":\"https:\\\/\\\/diariotextual.com\\\/inicio\\\/index.php\\\/2019\\\/02\\\/20\\\/fiscal-carola-pidio-mas-capacitacion-abortos-no-punibles\\\/#primaryimage\"},\"image\":{\"@id\":\"https:\\\/\\\/diariotextual.com\\\/inicio\\\/index.php\\\/2019\\\/02\\\/20\\\/fiscal-carola-pidio-mas-capacitacion-abortos-no-punibles\\\/#primaryimage\"},\"thumbnailUrl\":\"https:\\\/\\\/diariotextual.com\\\/inicio\\\/wp-content\\\/uploads\\\/2019\\\/01\\\/hospitalmolaspasillos200.jpg\",\"datePublished\":\"2019-02-20T15:22:39+00:00\",\"dateModified\":\"2019-02-21T12:01:27+00:00\",\"breadcrumb\":{\"@id\":\"https:\\\/\\\/diariotextual.com\\\/inicio\\\/index.php\\\/2019\\\/02\\\/20\\\/fiscal-carola-pidio-mas-capacitacion-abortos-no-punibles\\\/#breadcrumb\"},\"inLanguage\":\"es\",\"potentialAction\":[{\"@type\":\"ReadAction\",\"target\":[\"https:\\\/\\\/diariotextual.com\\\/inicio\\\/index.php\\\/2019\\\/02\\\/20\\\/fiscal-carola-pidio-mas-capacitacion-abortos-no-punibles\\\/\"]}]},{\"@type\":\"ImageObject\",\"inLanguage\":\"es\",\"@id\":\"https:\\\/\\\/diariotextual.com\\\/inicio\\\/index.php\\\/2019\\\/02\\\/20\\\/fiscal-carola-pidio-mas-capacitacion-abortos-no-punibles\\\/#primaryimage\",\"url\":\"https:\\\/\\\/diariotextual.com\\\/inicio\\\/wp-content\\\/uploads\\\/2019\\\/01\\\/hospitalmolaspasillos200.jpg\",\"contentUrl\":\"https:\\\/\\\/diariotextual.com\\\/inicio\\\/wp-content\\\/uploads\\\/2019\\\/01\\\/hospitalmolaspasillos200.jpg\",\"width\":1000,\"height\":644},{\"@type\":\"BreadcrumbList\",\"@id\":\"https:\\\/\\\/diariotextual.com\\\/inicio\\\/index.php\\\/2019\\\/02\\\/20\\\/fiscal-carola-pidio-mas-capacitacion-abortos-no-punibles\\\/#breadcrumb\",\"itemListElement\":[{\"@type\":\"ListItem\",\"position\":1,\"name\":\"Portada\",\"item\":\"https:\\\/\\\/diariotextual.com\\\/inicio\\\/\"},{\"@type\":\"ListItem\",\"position\":2,\"name\":\"El fiscal Carola pidi\u00f3 m\u00e1s capacitaci\u00f3n en abortos no punibles\"}]},{\"@type\":\"WebSite\",\"@id\":\"https:\\\/\\\/diariotextual.com\\\/inicio\\\/#website\",\"url\":\"https:\\\/\\\/diariotextual.com\\\/inicio\\\/\",\"name\":\"Diario Textual\",\"description\":\"\",\"publisher\":{\"@id\":\"https:\\\/\\\/diariotextual.com\\\/inicio\\\/#organization\"},\"potentialAction\":[{\"@type\":\"SearchAction\",\"target\":{\"@type\":\"EntryPoint\",\"urlTemplate\":\"https:\\\/\\\/diariotextual.com\\\/inicio\\\/?s={search_term_string}\"},\"query-input\":{\"@type\":\"PropertyValueSpecification\",\"valueRequired\":true,\"valueName\":\"search_term_string\"}}],\"inLanguage\":\"es\"},{\"@type\":\"Organization\",\"@id\":\"https:\\\/\\\/diariotextual.com\\\/inicio\\\/#organization\",\"name\":\"Diario Textual\",\"url\":\"https:\\\/\\\/diariotextual.com\\\/inicio\\\/\",\"logo\":{\"@type\":\"ImageObject\",\"inLanguage\":\"es\",\"@id\":\"https:\\\/\\\/diariotextual.com\\\/inicio\\\/#\\\/schema\\\/logo\\\/image\\\/\",\"url\":\"https:\\\/\\\/diariotextual.com\\\/inicio\\\/wp-content\\\/uploads\\\/2023\\\/05\\\/logotextual1.jpg\",\"contentUrl\":\"https:\\\/\\\/diariotextual.com\\\/inicio\\\/wp-content\\\/uploads\\\/2023\\\/05\\\/logotextual1.jpg\",\"width\":516,\"height\":76,\"caption\":\"Diario Textual\"},\"image\":{\"@id\":\"https:\\\/\\\/diariotextual.com\\\/inicio\\\/#\\\/schema\\\/logo\\\/image\\\/\"},\"sameAs\":[\"https:\\\/\\\/www.facebook.com\\\/eltextual\",\"https:\\\/\\\/x.com\\\/eltextual\",\"http:\\\/\\\/www.instagram.com\\\/eltextual\"]},{\"@type\":\"Person\",\"@id\":\"https:\\\/\\\/diariotextual.com\\\/inicio\\\/#\\\/schema\\\/person\\\/418fc4093c33e86ed41562db3508f958\",\"name\":\"Diario1 Diario1\",\"image\":{\"@type\":\"ImageObject\",\"inLanguage\":\"es\",\"@id\":\"https:\\\/\\\/secure.gravatar.com\\\/avatar\\\/9167d280179c85bc18be67aa7eda765854300033af4896dd779b608640f2ef7a?s=96&d=mm&r=g\",\"url\":\"https:\\\/\\\/secure.gravatar.com\\\/avatar\\\/9167d280179c85bc18be67aa7eda765854300033af4896dd779b608640f2ef7a?s=96&d=mm&r=g\",\"contentUrl\":\"https:\\\/\\\/secure.gravatar.com\\\/avatar\\\/9167d280179c85bc18be67aa7eda765854300033af4896dd779b608640f2ef7a?s=96&d=mm&r=g\",\"caption\":\"Diario1 Diario1\"},\"url\":\"https:\\\/\\\/diariotextual.com\\\/inicio\\\/index.php\\\/author\\\/diario1\\\/\"}]}<\/script>\n<!-- \/ Yoast SEO plugin. -->","yoast_head_json":{"title":"El fiscal Carola pidi\u00f3 m\u00e1s capacitaci\u00f3n en abortos no punibles - Diario Textual","robots":{"index":"index","follow":"follow","max-snippet":"max-snippet:-1","max-image-preview":"max-image-preview:large","max-video-preview":"max-video-preview:-1"},"canonical":"https:\/\/diariotextual.com\/inicio\/index.php\/2019\/02\/20\/fiscal-carola-pidio-mas-capacitacion-abortos-no-punibles\/","og_locale":"es_ES","og_type":"article","og_title":"El fiscal Carola pidi\u00f3 m\u00e1s capacitaci\u00f3n en abortos no punibles - Diario Textual","og_description":"La Fiscal\u00eda de Investigaciones Administrativas, a cargo de Juan Carlos Carola, recomend\u00f3 al Ministerio de Salud que \u00abcontin\u00fae y profundice\u00bb la capacitaci\u00f3n del personal de salud en materia de la&hellip;","og_url":"https:\/\/diariotextual.com\/inicio\/index.php\/2019\/02\/20\/fiscal-carola-pidio-mas-capacitacion-abortos-no-punibles\/","og_site_name":"Diario Textual","article_publisher":"https:\/\/www.facebook.com\/eltextual","article_published_time":"2019-02-20T15:22:39+00:00","article_modified_time":"2019-02-21T12:01:27+00:00","og_image":[{"width":1000,"height":644,"url":"https:\/\/diariotextual.com\/inicio\/wp-content\/uploads\/2019\/01\/hospitalmolaspasillos200.jpg","type":"image\/jpeg"}],"author":"Diario1 Diario1","twitter_card":"summary_large_image","twitter_creator":"@eltextual","twitter_site":"@eltextual","twitter_misc":{"Escrito por":"Diario1 Diario1","Tiempo de lectura":"3 minutos"},"schema":{"@context":"https:\/\/schema.org","@graph":[{"@type":"Article","@id":"https:\/\/diariotextual.com\/inicio\/index.php\/2019\/02\/20\/fiscal-carola-pidio-mas-capacitacion-abortos-no-punibles\/#article","isPartOf":{"@id":"https:\/\/diariotextual.com\/inicio\/index.php\/2019\/02\/20\/fiscal-carola-pidio-mas-capacitacion-abortos-no-punibles\/"},"author":{"name":"Diario1 Diario1","@id":"https:\/\/diariotextual.com\/inicio\/#\/schema\/person\/418fc4093c33e86ed41562db3508f958"},"headline":"El fiscal Carola pidi\u00f3 m\u00e1s capacitaci\u00f3n en abortos no punibles","datePublished":"2019-02-20T15:22:39+00:00","dateModified":"2019-02-21T12:01:27+00:00","mainEntityOfPage":{"@id":"https:\/\/diariotextual.com\/inicio\/index.php\/2019\/02\/20\/fiscal-carola-pidio-mas-capacitacion-abortos-no-punibles\/"},"wordCount":601,"publisher":{"@id":"https:\/\/diariotextual.com\/inicio\/#organization"},"image":{"@id":"https:\/\/diariotextual.com\/inicio\/index.php\/2019\/02\/20\/fiscal-carola-pidio-mas-capacitacion-abortos-no-punibles\/#primaryimage"},"thumbnailUrl":"https:\/\/diariotextual.com\/inicio\/wp-content\/uploads\/2019\/01\/hospitalmolaspasillos200.jpg","keywords":["aborto","carola"],"articleSection":["A - TEMPORALES","SOCIEDAD"],"inLanguage":"es"},{"@type":"WebPage","@id":"https:\/\/diariotextual.com\/inicio\/index.php\/2019\/02\/20\/fiscal-carola-pidio-mas-capacitacion-abortos-no-punibles\/","url":"https:\/\/diariotextual.com\/inicio\/index.php\/2019\/02\/20\/fiscal-carola-pidio-mas-capacitacion-abortos-no-punibles\/","name":"El fiscal Carola pidi\u00f3 m\u00e1s capacitaci\u00f3n en abortos no punibles - Diario Textual","isPartOf":{"@id":"https:\/\/diariotextual.com\/inicio\/#website"},"primaryImageOfPage":{"@id":"https:\/\/diariotextual.com\/inicio\/index.php\/2019\/02\/20\/fiscal-carola-pidio-mas-capacitacion-abortos-no-punibles\/#primaryimage"},"image":{"@id":"https:\/\/diariotextual.com\/inicio\/index.php\/2019\/02\/20\/fiscal-carola-pidio-mas-capacitacion-abortos-no-punibles\/#primaryimage"},"thumbnailUrl":"https:\/\/diariotextual.com\/inicio\/wp-content\/uploads\/2019\/01\/hospitalmolaspasillos200.jpg","datePublished":"2019-02-20T15:22:39+00:00","dateModified":"2019-02-21T12:01:27+00:00","breadcrumb":{"@id":"https:\/\/diariotextual.com\/inicio\/index.php\/2019\/02\/20\/fiscal-carola-pidio-mas-capacitacion-abortos-no-punibles\/#breadcrumb"},"inLanguage":"es","potentialAction":[{"@type":"ReadAction","target":["https:\/\/diariotextual.com\/inicio\/index.php\/2019\/02\/20\/fiscal-carola-pidio-mas-capacitacion-abortos-no-punibles\/"]}]},{"@type":"ImageObject","inLanguage":"es","@id":"https:\/\/diariotextual.com\/inicio\/index.php\/2019\/02\/20\/fiscal-carola-pidio-mas-capacitacion-abortos-no-punibles\/#primaryimage","url":"https:\/\/diariotextual.com\/inicio\/wp-content\/uploads\/2019\/01\/hospitalmolaspasillos200.jpg","contentUrl":"https:\/\/diariotextual.com\/inicio\/wp-content\/uploads\/2019\/01\/hospitalmolaspasillos200.jpg","width":1000,"height":644},{"@type":"BreadcrumbList","@id":"https:\/\/diariotextual.com\/inicio\/index.php\/2019\/02\/20\/fiscal-carola-pidio-mas-capacitacion-abortos-no-punibles\/#breadcrumb","itemListElement":[{"@type":"ListItem","position":1,"name":"Portada","item":"https:\/\/diariotextual.com\/inicio\/"},{"@type":"ListItem","position":2,"name":"El fiscal Carola pidi\u00f3 m\u00e1s capacitaci\u00f3n en abortos no punibles"}]},{"@type":"WebSite","@id":"https:\/\/diariotextual.com\/inicio\/#website","url":"https:\/\/diariotextual.com\/inicio\/","name":"Diario Textual","description":"","publisher":{"@id":"https:\/\/diariotextual.com\/inicio\/#organization"},"potentialAction":[{"@type":"SearchAction","target":{"@type":"EntryPoint","urlTemplate":"https:\/\/diariotextual.com\/inicio\/?s={search_term_string}"},"query-input":{"@type":"PropertyValueSpecification","valueRequired":true,"valueName":"search_term_string"}}],"inLanguage":"es"},{"@type":"Organization","@id":"https:\/\/diariotextual.com\/inicio\/#organization","name":"Diario Textual","url":"https:\/\/diariotextual.com\/inicio\/","logo":{"@type":"ImageObject","inLanguage":"es","@id":"https:\/\/diariotextual.com\/inicio\/#\/schema\/logo\/image\/","url":"https:\/\/diariotextual.com\/inicio\/wp-content\/uploads\/2023\/05\/logotextual1.jpg","contentUrl":"https:\/\/diariotextual.com\/inicio\/wp-content\/uploads\/2023\/05\/logotextual1.jpg","width":516,"height":76,"caption":"Diario Textual"},"image":{"@id":"https:\/\/diariotextual.com\/inicio\/#\/schema\/logo\/image\/"},"sameAs":["https:\/\/www.facebook.com\/eltextual","https:\/\/x.com\/eltextual","http:\/\/www.instagram.com\/eltextual"]},{"@type":"Person","@id":"https:\/\/diariotextual.com\/inicio\/#\/schema\/person\/418fc4093c33e86ed41562db3508f958","name":"Diario1 Diario1","image":{"@type":"ImageObject","inLanguage":"es","@id":"https:\/\/secure.gravatar.com\/avatar\/9167d280179c85bc18be67aa7eda765854300033af4896dd779b608640f2ef7a?s=96&d=mm&r=g","url":"https:\/\/secure.gravatar.com\/avatar\/9167d280179c85bc18be67aa7eda765854300033af4896dd779b608640f2ef7a?s=96&d=mm&r=g","contentUrl":"https:\/\/secure.gravatar.com\/avatar\/9167d280179c85bc18be67aa7eda765854300033af4896dd779b608640f2ef7a?s=96&d=mm&r=g","caption":"Diario1 Diario1"},"url":"https:\/\/diariotextual.com\/inicio\/index.php\/author\/diario1\/"}]}},"_links":{"self":[{"href":"https:\/\/diariotextual.com\/inicio\/index.php\/wp-json\/wp\/v2\/posts\/39043","targetHints":{"allow":["GET"]}}],"collection":[{"href":"https:\/\/diariotextual.com\/inicio\/index.php\/wp-json\/wp\/v2\/posts"}],"about":[{"href":"https:\/\/diariotextual.com\/inicio\/index.php\/wp-json\/wp\/v2\/types\/post"}],"author":[{"embeddable":true,"href":"https:\/\/diariotextual.com\/inicio\/index.php\/wp-json\/wp\/v2\/users\/3"}],"replies":[{"embeddable":true,"href":"https:\/\/diariotextual.com\/inicio\/index.php\/wp-json\/wp\/v2\/comments?post=39043"}],"version-history":[{"count":7,"href":"https:\/\/diariotextual.com\/inicio\/index.php\/wp-json\/wp\/v2\/posts\/39043\/revisions"}],"predecessor-version":[{"id":39052,"href":"https:\/\/diariotextual.com\/inicio\/index.php\/wp-json\/wp\/v2\/posts\/39043\/revisions\/39052"}],"wp:featuredmedia":[{"embeddable":true,"href":"https:\/\/diariotextual.com\/inicio\/index.php\/wp-json\/wp\/v2\/media\/32859"}],"wp:attachment":[{"href":"https:\/\/diariotextual.com\/inicio\/index.php\/wp-json\/wp\/v2\/media?parent=39043"}],"wp:term":[{"taxonomy":"category","embeddable":true,"href":"https:\/\/diariotextual.com\/inicio\/index.php\/wp-json\/wp\/v2\/categories?post=39043"},{"taxonomy":"post_tag","embeddable":true,"href":"https:\/\/diariotextual.com\/inicio\/index.php\/wp-json\/wp\/v2\/tags?post=39043"}],"curies":[{"name":"wp","href":"https:\/\/api.w.org\/{rel}","templated":true}]}}