{"id":3905,"date":"2018-04-05T23:50:57","date_gmt":"2018-04-05T23:50:57","guid":{"rendered":"http:\/\/diariotextual.com\/inicio\/?p=3905"},"modified":"2018-04-05T23:50:57","modified_gmt":"2018-04-05T23:50:57","slug":"brasil-odenaron-la-captura-lula","status":"publish","type":"post","link":"https:\/\/diariotextual.com\/inicio\/index.php\/2018\/04\/05\/brasil-odenaron-la-captura-lula\/","title":{"rendered":"Brasil: odenaron la captura de Lula"},"content":{"rendered":"<p>El juez brasile\u00f1o S\u00e9rgio Moro orden\u00f3 hoy la <strong>captura del expresidente Luiz In\u00e1cio Lula da SIlva<\/strong>, a quien le dio plazo hasta ma\u00f1ana para presentarse en Curitiba y quedar detenido en la sede de la Polic\u00eda Federal para cumplir su condena a 12 a\u00f1os y un mes de prisi\u00f3n.<!--more--><\/p>\n<p>La decisi\u00f3n fue tomada luego de que Moro recibiera un oficio del Tribunal Regional Federal 4 de Porto Alegre pidiendo la detenci\u00f3n del ex mandatario al juez de Lava Jato.<\/p>\n<p>Moro escribi\u00f3 en su fallo que \u00aben atenci\u00f3n a la dignidad del cargo que ocup\u00f3, le concedo (a Lula) la oportunidad para presentarse voluntariamente a la Polic\u00eda Federal en Curitiba hasta las 17 de ma\u00f1ana\u00bb;\u00bbVamos a ver las medidas que vamos a tomar, pero no admitimos vivir sobre el autoritiarismo judicial. No se agotaron los plazos todav\u00eda\u00bb, dijo el abogado de Lula Roberto Batocchio, a la radio BandNews FM.<\/p>\n<p>Lula ser\u00e1 alojado en la sede de la Polic\u00eda Federal en Curitiba, capital del estado sure\u00f1o de Paran\u00e1, fronterizo con la provincia de Misiones.<\/p>\n<p>\u00abEn raz\u00f3n de la dignidad del cargo que ocup\u00f3, fue previamente preparad una sala reservada, especie de Sala de Estado Mayor, en la propia superintendencia de la Polic\u00eda Federal para el inicio del cumplimiento de la pena, para que est\u00e9 separado de otros presos, sin riesgo a la integridad f\u00edsica o moral\u00bb, escribi\u00f3 Moro.<\/p>\n<p>Bocinazos y fuegos artificiales fueron lanzados en las inmediaciones de la Avenida Paulista de San Pablo luego de que se conociera la decisi\u00f3n del magistrado de la Operaci\u00f3n Lava Jato.<\/p>\n<p>\u00abMi impresi\u00f3n es que Lula no se ausentar\u00e1\u00bb, dijo el abogado de Lula al ser preguntado sobre si se entregar\u00e1 o esperar\u00e1 a los agentes de la Polic\u00eda Federal.<\/p>\n","protected":false},"excerpt":{"rendered":"<p>El juez brasile\u00f1o S\u00e9rgio Moro orden\u00f3 hoy la captura del expresidente Luiz In\u00e1cio Lula da SIlva, a quien le dio plazo hasta ma\u00f1ana para presentarse en Curitiba y quedar detenido&hellip;<\/p>\n","protected":false},"author":4,"featured_media":3906,"comment_status":"open","ping_status":"open","sticky":false,"template":"","format":"standard","meta":{"_acf_changed":false,"footnotes":""},"categories":[4,7],"tags":[],"class_list":["post-3905","post","type-post","status-publish","format-standard","has-post-thumbnail","hentry","category-destacadas","category-mundo"],"acf":[],"yoast_head":"<!-- This site is optimized with the Yoast SEO plugin v27.5 - https:\/\/yoast.com\/product\/yoast-seo-wordpress\/ -->\n<title>Brasil: odenaron la captura de Lula - Diario Textual<\/title>\n<meta name=\"robots\" content=\"index, follow, max-snippet:-1, max-image-preview:large, max-video-preview:-1\" \/>\n<link rel=\"canonical\" href=\"https:\/\/diariotextual.com\/inicio\/index.php\/2018\/04\/05\/brasil-odenaron-la-captura-lula\/\" \/>\n<meta property=\"og:locale\" content=\"es_ES\" \/>\n<meta property=\"og:type\" content=\"article\" \/>\n<meta property=\"og:title\" content=\"Brasil: odenaron la captura de Lula - Diario Textual\" \/>\n<meta property=\"og:description\" content=\"El juez brasile\u00f1o S\u00e9rgio Moro orden\u00f3 hoy la captura del expresidente Luiz In\u00e1cio Lula da SIlva, a quien le dio plazo hasta ma\u00f1ana para presentarse en Curitiba y quedar detenido&hellip;\" \/>\n<meta property=\"og:url\" content=\"https:\/\/diariotextual.com\/inicio\/index.php\/2018\/04\/05\/brasil-odenaron-la-captura-lula\/\" \/>\n<meta property=\"og:site_name\" content=\"Diario Textual\" \/>\n<meta property=\"article:publisher\" content=\"https:\/\/www.facebook.com\/eltextual\" \/>\n<meta property=\"article:published_time\" content=\"2018-04-05T23:50:57+00:00\" \/>\n<meta property=\"og:image\" content=\"https:\/\/diariotextual.com\/inicio\/wp-content\/uploads\/2018\/04\/lula39208474.jpg\" \/>\n\t<meta property=\"og:image:width\" content=\"680\" \/>\n\t<meta property=\"og:image:height\" content=\"420\" \/>\n\t<meta property=\"og:image:type\" content=\"image\/jpeg\" \/>\n<meta name=\"author\" content=\"diario2\" \/>\n<meta name=\"twitter:card\" content=\"summary_large_image\" \/>\n<meta name=\"twitter:creator\" content=\"@eltextual\" \/>\n<meta name=\"twitter:site\" content=\"@eltextual\" \/>\n<meta name=\"twitter:label1\" content=\"Escrito por\" \/>\n\t<meta name=\"twitter:data1\" content=\"diario2\" \/>\n\t<meta name=\"twitter:label2\" content=\"Tiempo de lectura\" \/>\n\t<meta name=\"twitter:data2\" content=\"2 minutos\" \/>\n<script type=\"application\/ld+json\" class=\"yoast-schema-graph\">{\"@context\":\"https:\\\/\\\/schema.org\",\"@graph\":[{\"@type\":\"Article\",\"@id\":\"https:\\\/\\\/diariotextual.com\\\/inicio\\\/index.php\\\/2018\\\/04\\\/05\\\/brasil-odenaron-la-captura-lula\\\/#article\",\"isPartOf\":{\"@id\":\"https:\\\/\\\/diariotextual.com\\\/inicio\\\/index.php\\\/2018\\\/04\\\/05\\\/brasil-odenaron-la-captura-lula\\\/\"},\"author\":{\"name\":\"diario2\",\"@id\":\"https:\\\/\\\/diariotextual.com\\\/inicio\\\/#\\\/schema\\\/person\\\/694f60677f23c4a530867a98f22b3768\"},\"headline\":\"Brasil: odenaron la captura de Lula\",\"datePublished\":\"2018-04-05T23:50:57+00:00\",\"mainEntityOfPage\":{\"@id\":\"https:\\\/\\\/diariotextual.com\\\/inicio\\\/index.php\\\/2018\\\/04\\\/05\\\/brasil-odenaron-la-captura-lula\\\/\"},\"wordCount\":311,\"commentCount\":0,\"publisher\":{\"@id\":\"https:\\\/\\\/diariotextual.com\\\/inicio\\\/#organization\"},\"image\":{\"@id\":\"https:\\\/\\\/diariotextual.com\\\/inicio\\\/index.php\\\/2018\\\/04\\\/05\\\/brasil-odenaron-la-captura-lula\\\/#primaryimage\"},\"thumbnailUrl\":\"https:\\\/\\\/diariotextual.com\\\/inicio\\\/wp-content\\\/uploads\\\/2018\\\/04\\\/lula39208474.jpg\",\"articleSection\":[\"A - DESTACADAS (mod 16)\",\"MUNDO\"],\"inLanguage\":\"es\",\"potentialAction\":[{\"@type\":\"CommentAction\",\"name\":\"Comment\",\"target\":[\"https:\\\/\\\/diariotextual.com\\\/inicio\\\/index.php\\\/2018\\\/04\\\/05\\\/brasil-odenaron-la-captura-lula\\\/#respond\"]}]},{\"@type\":\"WebPage\",\"@id\":\"https:\\\/\\\/diariotextual.com\\\/inicio\\\/index.php\\\/2018\\\/04\\\/05\\\/brasil-odenaron-la-captura-lula\\\/\",\"url\":\"https:\\\/\\\/diariotextual.com\\\/inicio\\\/index.php\\\/2018\\\/04\\\/05\\\/brasil-odenaron-la-captura-lula\\\/\",\"name\":\"Brasil: odenaron la captura de Lula - Diario Textual\",\"isPartOf\":{\"@id\":\"https:\\\/\\\/diariotextual.com\\\/inicio\\\/#website\"},\"primaryImageOfPage\":{\"@id\":\"https:\\\/\\\/diariotextual.com\\\/inicio\\\/index.php\\\/2018\\\/04\\\/05\\\/brasil-odenaron-la-captura-lula\\\/#primaryimage\"},\"image\":{\"@id\":\"https:\\\/\\\/diariotextual.com\\\/inicio\\\/index.php\\\/2018\\\/04\\\/05\\\/brasil-odenaron-la-captura-lula\\\/#primaryimage\"},\"thumbnailUrl\":\"https:\\\/\\\/diariotextual.com\\\/inicio\\\/wp-content\\\/uploads\\\/2018\\\/04\\\/lula39208474.jpg\",\"datePublished\":\"2018-04-05T23:50:57+00:00\",\"breadcrumb\":{\"@id\":\"https:\\\/\\\/diariotextual.com\\\/inicio\\\/index.php\\\/2018\\\/04\\\/05\\\/brasil-odenaron-la-captura-lula\\\/#breadcrumb\"},\"inLanguage\":\"es\",\"potentialAction\":[{\"@type\":\"ReadAction\",\"target\":[\"https:\\\/\\\/diariotextual.com\\\/inicio\\\/index.php\\\/2018\\\/04\\\/05\\\/brasil-odenaron-la-captura-lula\\\/\"]}]},{\"@type\":\"ImageObject\",\"inLanguage\":\"es\",\"@id\":\"https:\\\/\\\/diariotextual.com\\\/inicio\\\/index.php\\\/2018\\\/04\\\/05\\\/brasil-odenaron-la-captura-lula\\\/#primaryimage\",\"url\":\"https:\\\/\\\/diariotextual.com\\\/inicio\\\/wp-content\\\/uploads\\\/2018\\\/04\\\/lula39208474.jpg\",\"contentUrl\":\"https:\\\/\\\/diariotextual.com\\\/inicio\\\/wp-content\\\/uploads\\\/2018\\\/04\\\/lula39208474.jpg\",\"width\":680,\"height\":420,\"caption\":\"Former Brazilian president Luiz Inacio Lula da Silva reacts during a meeting with members of the Workers Party (PT), that decided Lula da Silva will be its candidate again in the 2018 election, despite losing an appeal against a corruption conviction that will likely bar him, in Sao Paulo, Brazil, January 25, 2018. REUTERS\\\/Leonardo Benassatto NO RESALES. NO ARCHIVES\"},{\"@type\":\"BreadcrumbList\",\"@id\":\"https:\\\/\\\/diariotextual.com\\\/inicio\\\/index.php\\\/2018\\\/04\\\/05\\\/brasil-odenaron-la-captura-lula\\\/#breadcrumb\",\"itemListElement\":[{\"@type\":\"ListItem\",\"position\":1,\"name\":\"Portada\",\"item\":\"https:\\\/\\\/diariotextual.com\\\/inicio\\\/\"},{\"@type\":\"ListItem\",\"position\":2,\"name\":\"Brasil: odenaron la captura de Lula\"}]},{\"@type\":\"WebSite\",\"@id\":\"https:\\\/\\\/diariotextual.com\\\/inicio\\\/#website\",\"url\":\"https:\\\/\\\/diariotextual.com\\\/inicio\\\/\",\"name\":\"Diario Textual\",\"description\":\"\",\"publisher\":{\"@id\":\"https:\\\/\\\/diariotextual.com\\\/inicio\\\/#organization\"},\"potentialAction\":[{\"@type\":\"SearchAction\",\"target\":{\"@type\":\"EntryPoint\",\"urlTemplate\":\"https:\\\/\\\/diariotextual.com\\\/inicio\\\/?s={search_term_string}\"},\"query-input\":{\"@type\":\"PropertyValueSpecification\",\"valueRequired\":true,\"valueName\":\"search_term_string\"}}],\"inLanguage\":\"es\"},{\"@type\":\"Organization\",\"@id\":\"https:\\\/\\\/diariotextual.com\\\/inicio\\\/#organization\",\"name\":\"Diario Textual\",\"url\":\"https:\\\/\\\/diariotextual.com\\\/inicio\\\/\",\"logo\":{\"@type\":\"ImageObject\",\"inLanguage\":\"es\",\"@id\":\"https:\\\/\\\/diariotextual.com\\\/inicio\\\/#\\\/schema\\\/logo\\\/image\\\/\",\"url\":\"https:\\\/\\\/diariotextual.com\\\/inicio\\\/wp-content\\\/uploads\\\/2023\\\/05\\\/logotextual1.jpg\",\"contentUrl\":\"https:\\\/\\\/diariotextual.com\\\/inicio\\\/wp-content\\\/uploads\\\/2023\\\/05\\\/logotextual1.jpg\",\"width\":516,\"height\":76,\"caption\":\"Diario Textual\"},\"image\":{\"@id\":\"https:\\\/\\\/diariotextual.com\\\/inicio\\\/#\\\/schema\\\/logo\\\/image\\\/\"},\"sameAs\":[\"https:\\\/\\\/www.facebook.com\\\/eltextual\",\"https:\\\/\\\/x.com\\\/eltextual\",\"http:\\\/\\\/www.instagram.com\\\/eltextual\"]},{\"@type\":\"Person\",\"@id\":\"https:\\\/\\\/diariotextual.com\\\/inicio\\\/#\\\/schema\\\/person\\\/694f60677f23c4a530867a98f22b3768\",\"name\":\"diario2\",\"image\":{\"@type\":\"ImageObject\",\"inLanguage\":\"es\",\"@id\":\"https:\\\/\\\/secure.gravatar.com\\\/avatar\\\/5a2567495ba16b852fcd8f1ed006a2e24fcace936018ed8237e95f488ad6e0a7?s=96&d=mm&r=g\",\"url\":\"https:\\\/\\\/secure.gravatar.com\\\/avatar\\\/5a2567495ba16b852fcd8f1ed006a2e24fcace936018ed8237e95f488ad6e0a7?s=96&d=mm&r=g\",\"contentUrl\":\"https:\\\/\\\/secure.gravatar.com\\\/avatar\\\/5a2567495ba16b852fcd8f1ed006a2e24fcace936018ed8237e95f488ad6e0a7?s=96&d=mm&r=g\",\"caption\":\"diario2\"},\"url\":\"https:\\\/\\\/diariotextual.com\\\/inicio\\\/index.php\\\/author\\\/diario2\\\/\"}]}<\/script>\n<!-- \/ Yoast SEO plugin. -->","yoast_head_json":{"title":"Brasil: odenaron la captura de Lula - Diario Textual","robots":{"index":"index","follow":"follow","max-snippet":"max-snippet:-1","max-image-preview":"max-image-preview:large","max-video-preview":"max-video-preview:-1"},"canonical":"https:\/\/diariotextual.com\/inicio\/index.php\/2018\/04\/05\/brasil-odenaron-la-captura-lula\/","og_locale":"es_ES","og_type":"article","og_title":"Brasil: odenaron la captura de Lula - Diario Textual","og_description":"El juez brasile\u00f1o S\u00e9rgio Moro orden\u00f3 hoy la captura del expresidente Luiz In\u00e1cio Lula da SIlva, a quien le dio plazo hasta ma\u00f1ana para presentarse en Curitiba y quedar detenido&hellip;","og_url":"https:\/\/diariotextual.com\/inicio\/index.php\/2018\/04\/05\/brasil-odenaron-la-captura-lula\/","og_site_name":"Diario Textual","article_publisher":"https:\/\/www.facebook.com\/eltextual","article_published_time":"2018-04-05T23:50:57+00:00","og_image":[{"width":680,"height":420,"url":"https:\/\/diariotextual.com\/inicio\/wp-content\/uploads\/2018\/04\/lula39208474.jpg","type":"image\/jpeg"}],"author":"diario2","twitter_card":"summary_large_image","twitter_creator":"@eltextual","twitter_site":"@eltextual","twitter_misc":{"Escrito por":"diario2","Tiempo de lectura":"2 minutos"},"schema":{"@context":"https:\/\/schema.org","@graph":[{"@type":"Article","@id":"https:\/\/diariotextual.com\/inicio\/index.php\/2018\/04\/05\/brasil-odenaron-la-captura-lula\/#article","isPartOf":{"@id":"https:\/\/diariotextual.com\/inicio\/index.php\/2018\/04\/05\/brasil-odenaron-la-captura-lula\/"},"author":{"name":"diario2","@id":"https:\/\/diariotextual.com\/inicio\/#\/schema\/person\/694f60677f23c4a530867a98f22b3768"},"headline":"Brasil: odenaron la captura de Lula","datePublished":"2018-04-05T23:50:57+00:00","mainEntityOfPage":{"@id":"https:\/\/diariotextual.com\/inicio\/index.php\/2018\/04\/05\/brasil-odenaron-la-captura-lula\/"},"wordCount":311,"commentCount":0,"publisher":{"@id":"https:\/\/diariotextual.com\/inicio\/#organization"},"image":{"@id":"https:\/\/diariotextual.com\/inicio\/index.php\/2018\/04\/05\/brasil-odenaron-la-captura-lula\/#primaryimage"},"thumbnailUrl":"https:\/\/diariotextual.com\/inicio\/wp-content\/uploads\/2018\/04\/lula39208474.jpg","articleSection":["A - DESTACADAS (mod 16)","MUNDO"],"inLanguage":"es","potentialAction":[{"@type":"CommentAction","name":"Comment","target":["https:\/\/diariotextual.com\/inicio\/index.php\/2018\/04\/05\/brasil-odenaron-la-captura-lula\/#respond"]}]},{"@type":"WebPage","@id":"https:\/\/diariotextual.com\/inicio\/index.php\/2018\/04\/05\/brasil-odenaron-la-captura-lula\/","url":"https:\/\/diariotextual.com\/inicio\/index.php\/2018\/04\/05\/brasil-odenaron-la-captura-lula\/","name":"Brasil: odenaron la captura de Lula - Diario Textual","isPartOf":{"@id":"https:\/\/diariotextual.com\/inicio\/#website"},"primaryImageOfPage":{"@id":"https:\/\/diariotextual.com\/inicio\/index.php\/2018\/04\/05\/brasil-odenaron-la-captura-lula\/#primaryimage"},"image":{"@id":"https:\/\/diariotextual.com\/inicio\/index.php\/2018\/04\/05\/brasil-odenaron-la-captura-lula\/#primaryimage"},"thumbnailUrl":"https:\/\/diariotextual.com\/inicio\/wp-content\/uploads\/2018\/04\/lula39208474.jpg","datePublished":"2018-04-05T23:50:57+00:00","breadcrumb":{"@id":"https:\/\/diariotextual.com\/inicio\/index.php\/2018\/04\/05\/brasil-odenaron-la-captura-lula\/#breadcrumb"},"inLanguage":"es","potentialAction":[{"@type":"ReadAction","target":["https:\/\/diariotextual.com\/inicio\/index.php\/2018\/04\/05\/brasil-odenaron-la-captura-lula\/"]}]},{"@type":"ImageObject","inLanguage":"es","@id":"https:\/\/diariotextual.com\/inicio\/index.php\/2018\/04\/05\/brasil-odenaron-la-captura-lula\/#primaryimage","url":"https:\/\/diariotextual.com\/inicio\/wp-content\/uploads\/2018\/04\/lula39208474.jpg","contentUrl":"https:\/\/diariotextual.com\/inicio\/wp-content\/uploads\/2018\/04\/lula39208474.jpg","width":680,"height":420,"caption":"Former Brazilian president Luiz Inacio Lula da Silva reacts during a meeting with members of the Workers Party (PT), that decided Lula da Silva will be its candidate again in the 2018 election, despite losing an appeal against a corruption conviction that will likely bar him, in Sao Paulo, Brazil, January 25, 2018. REUTERS\/Leonardo Benassatto NO RESALES. NO ARCHIVES"},{"@type":"BreadcrumbList","@id":"https:\/\/diariotextual.com\/inicio\/index.php\/2018\/04\/05\/brasil-odenaron-la-captura-lula\/#breadcrumb","itemListElement":[{"@type":"ListItem","position":1,"name":"Portada","item":"https:\/\/diariotextual.com\/inicio\/"},{"@type":"ListItem","position":2,"name":"Brasil: odenaron la captura de Lula"}]},{"@type":"WebSite","@id":"https:\/\/diariotextual.com\/inicio\/#website","url":"https:\/\/diariotextual.com\/inicio\/","name":"Diario Textual","description":"","publisher":{"@id":"https:\/\/diariotextual.com\/inicio\/#organization"},"potentialAction":[{"@type":"SearchAction","target":{"@type":"EntryPoint","urlTemplate":"https:\/\/diariotextual.com\/inicio\/?s={search_term_string}"},"query-input":{"@type":"PropertyValueSpecification","valueRequired":true,"valueName":"search_term_string"}}],"inLanguage":"es"},{"@type":"Organization","@id":"https:\/\/diariotextual.com\/inicio\/#organization","name":"Diario Textual","url":"https:\/\/diariotextual.com\/inicio\/","logo":{"@type":"ImageObject","inLanguage":"es","@id":"https:\/\/diariotextual.com\/inicio\/#\/schema\/logo\/image\/","url":"https:\/\/diariotextual.com\/inicio\/wp-content\/uploads\/2023\/05\/logotextual1.jpg","contentUrl":"https:\/\/diariotextual.com\/inicio\/wp-content\/uploads\/2023\/05\/logotextual1.jpg","width":516,"height":76,"caption":"Diario Textual"},"image":{"@id":"https:\/\/diariotextual.com\/inicio\/#\/schema\/logo\/image\/"},"sameAs":["https:\/\/www.facebook.com\/eltextual","https:\/\/x.com\/eltextual","http:\/\/www.instagram.com\/eltextual"]},{"@type":"Person","@id":"https:\/\/diariotextual.com\/inicio\/#\/schema\/person\/694f60677f23c4a530867a98f22b3768","name":"diario2","image":{"@type":"ImageObject","inLanguage":"es","@id":"https:\/\/secure.gravatar.com\/avatar\/5a2567495ba16b852fcd8f1ed006a2e24fcace936018ed8237e95f488ad6e0a7?s=96&d=mm&r=g","url":"https:\/\/secure.gravatar.com\/avatar\/5a2567495ba16b852fcd8f1ed006a2e24fcace936018ed8237e95f488ad6e0a7?s=96&d=mm&r=g","contentUrl":"https:\/\/secure.gravatar.com\/avatar\/5a2567495ba16b852fcd8f1ed006a2e24fcace936018ed8237e95f488ad6e0a7?s=96&d=mm&r=g","caption":"diario2"},"url":"https:\/\/diariotextual.com\/inicio\/index.php\/author\/diario2\/"}]}},"_links":{"self":[{"href":"https:\/\/diariotextual.com\/inicio\/index.php\/wp-json\/wp\/v2\/posts\/3905","targetHints":{"allow":["GET"]}}],"collection":[{"href":"https:\/\/diariotextual.com\/inicio\/index.php\/wp-json\/wp\/v2\/posts"}],"about":[{"href":"https:\/\/diariotextual.com\/inicio\/index.php\/wp-json\/wp\/v2\/types\/post"}],"author":[{"embeddable":true,"href":"https:\/\/diariotextual.com\/inicio\/index.php\/wp-json\/wp\/v2\/users\/4"}],"replies":[{"embeddable":true,"href":"https:\/\/diariotextual.com\/inicio\/index.php\/wp-json\/wp\/v2\/comments?post=3905"}],"version-history":[{"count":1,"href":"https:\/\/diariotextual.com\/inicio\/index.php\/wp-json\/wp\/v2\/posts\/3905\/revisions"}],"predecessor-version":[{"id":3907,"href":"https:\/\/diariotextual.com\/inicio\/index.php\/wp-json\/wp\/v2\/posts\/3905\/revisions\/3907"}],"wp:featuredmedia":[{"embeddable":true,"href":"https:\/\/diariotextual.com\/inicio\/index.php\/wp-json\/wp\/v2\/media\/3906"}],"wp:attachment":[{"href":"https:\/\/diariotextual.com\/inicio\/index.php\/wp-json\/wp\/v2\/media?parent=3905"}],"wp:term":[{"taxonomy":"category","embeddable":true,"href":"https:\/\/diariotextual.com\/inicio\/index.php\/wp-json\/wp\/v2\/categories?post=3905"},{"taxonomy":"post_tag","embeddable":true,"href":"https:\/\/diariotextual.com\/inicio\/index.php\/wp-json\/wp\/v2\/tags?post=3905"}],"curies":[{"name":"wp","href":"https:\/\/api.w.org\/{rel}","templated":true}]}}