{"id":39249,"date":"2019-02-21T13:13:03","date_gmt":"2019-02-21T16:13:03","guid":{"rendered":"http:\/\/diariotextual.com\/inicio\/?p=39249"},"modified":"2019-02-21T19:27:54","modified_gmt":"2019-02-21T22:27:54","slug":"vaticano-no-nexo-celibato-los-abusos-los-sacerdotes","status":"publish","type":"post","link":"https:\/\/diariotextual.com\/inicio\/index.php\/2019\/02\/21\/vaticano-no-nexo-celibato-los-abusos-los-sacerdotes\/","title":{"rendered":"Para el Vaticano no hay nexo entre el celibato y los abusos de los sacerdotes"},"content":{"rendered":"<p>El Vaticano asegur\u00f3 que \u00abno hay un nexo\u00bb entre el celibato y los abusos sexuales por parte de miembros del clero a menores de edad y que por eso el tema no se mencion\u00f3 durante la primera jornada de la cumbre anti-pedofilia que inaugur\u00f3 el papa Francisco este jueves.<\/p>\n<p>\u00abEs nuestra convicci\u00f3n que no hay nexo entre el celibato de los sacerdotes y los abusos, por eso no se ha hablado hasta ahora del tema\u00bb, asegur\u00f3 el moderador del encuentro, el exvocero papal Federico Lombardi, en una reuni\u00f3n con periodistas para analizar la primera sesi\u00f3n de trabajo en la cumbre.<\/p>\n<p>\u00abEs un tema del que se puede hablar. Quiz\u00e1s en el trabajo de grupos alg\u00fan grupo lo aborda\u00bb, agreg\u00f3 Lombardi en di\u00e1logo con la prensa.<\/p>\n<p>\u00abLa conclusi\u00f3n del encuentro ser\u00e1 el discurso final del Papa. No hay preconfigurado un documento espec\u00edfico. S\u00ed el lunes 25 iniciar\u00e1 la post-reuni\u00f3n, para estudiar en cada uno de los pa\u00edses lo que se haya debatido estos d\u00edas\u00bb, precis\u00f3 tambi\u00e9n Lombardi sobre las expectativas para la cumbre.<\/p>\n<p>&nbsp;<\/p>\n<p>&nbsp;<\/p>\n<p>&nbsp;<\/p>\n<p>&nbsp;<\/p>\n<p>&nbsp;<\/p>\n","protected":false},"excerpt":{"rendered":"<p>El Vaticano asegur\u00f3 que \u00abno hay un nexo\u00bb entre el celibato y los abusos sexuales por parte de miembros del clero a menores de edad y que por eso el&hellip;<\/p>\n","protected":false},"author":3,"featured_media":39252,"comment_status":"closed","ping_status":"open","sticky":false,"template":"","format":"standard","meta":{"_acf_changed":false,"footnotes":""},"categories":[319,7],"tags":[],"class_list":["post-39249","post","type-post","status-publish","format-standard","has-post-thumbnail","hentry","category-a-temporales","category-mundo"],"acf":[],"yoast_head":"<!-- This site is optimized with the Yoast SEO plugin v27.4 - https:\/\/yoast.com\/product\/yoast-seo-wordpress\/ -->\n<title>Para el Vaticano no hay nexo entre el celibato y los abusos de los sacerdotes - Diario Textual<\/title>\n<meta name=\"robots\" content=\"index, follow, max-snippet:-1, max-image-preview:large, max-video-preview:-1\" \/>\n<link rel=\"canonical\" href=\"https:\/\/diariotextual.com\/inicio\/index.php\/2019\/02\/21\/vaticano-no-nexo-celibato-los-abusos-los-sacerdotes\/\" \/>\n<meta property=\"og:locale\" content=\"es_ES\" \/>\n<meta property=\"og:type\" content=\"article\" \/>\n<meta property=\"og:title\" content=\"Para el Vaticano no hay nexo entre el celibato y los abusos de los sacerdotes - Diario Textual\" \/>\n<meta property=\"og:description\" content=\"El Vaticano asegur\u00f3 que \u00abno hay un nexo\u00bb entre el celibato y los abusos sexuales por parte de miembros del clero a menores de edad y que por eso el&hellip;\" \/>\n<meta property=\"og:url\" content=\"https:\/\/diariotextual.com\/inicio\/index.php\/2019\/02\/21\/vaticano-no-nexo-celibato-los-abusos-los-sacerdotes\/\" \/>\n<meta property=\"og:site_name\" content=\"Diario Textual\" \/>\n<meta property=\"article:publisher\" content=\"https:\/\/www.facebook.com\/eltextual\" \/>\n<meta property=\"article:published_time\" content=\"2019-02-21T16:13:03+00:00\" \/>\n<meta property=\"article:modified_time\" content=\"2019-02-21T22:27:54+00:00\" \/>\n<meta property=\"og:image\" content=\"https:\/\/diariotextual.com\/inicio\/wp-content\/uploads\/2019\/02\/curasvaticano1.jpeg\" \/>\n\t<meta property=\"og:image:width\" content=\"834\" \/>\n\t<meta property=\"og:image:height\" content=\"479\" \/>\n\t<meta property=\"og:image:type\" content=\"image\/jpeg\" \/>\n<meta name=\"author\" content=\"Diario1 Diario1\" \/>\n<meta name=\"twitter:card\" content=\"summary_large_image\" \/>\n<meta name=\"twitter:creator\" content=\"@eltextual\" \/>\n<meta name=\"twitter:site\" content=\"@eltextual\" \/>\n<meta name=\"twitter:label1\" content=\"Escrito por\" \/>\n\t<meta name=\"twitter:data1\" content=\"Diario1 Diario1\" \/>\n\t<meta name=\"twitter:label2\" content=\"Tiempo de lectura\" \/>\n\t<meta name=\"twitter:data2\" content=\"1 minuto\" \/>\n<script type=\"application\/ld+json\" class=\"yoast-schema-graph\">{\"@context\":\"https:\\\/\\\/schema.org\",\"@graph\":[{\"@type\":\"Article\",\"@id\":\"https:\\\/\\\/diariotextual.com\\\/inicio\\\/index.php\\\/2019\\\/02\\\/21\\\/vaticano-no-nexo-celibato-los-abusos-los-sacerdotes\\\/#article\",\"isPartOf\":{\"@id\":\"https:\\\/\\\/diariotextual.com\\\/inicio\\\/index.php\\\/2019\\\/02\\\/21\\\/vaticano-no-nexo-celibato-los-abusos-los-sacerdotes\\\/\"},\"author\":{\"name\":\"Diario1 Diario1\",\"@id\":\"https:\\\/\\\/diariotextual.com\\\/inicio\\\/#\\\/schema\\\/person\\\/418fc4093c33e86ed41562db3508f958\"},\"headline\":\"Para el Vaticano no hay nexo entre el celibato y los abusos de los sacerdotes\",\"datePublished\":\"2019-02-21T16:13:03+00:00\",\"dateModified\":\"2019-02-21T22:27:54+00:00\",\"mainEntityOfPage\":{\"@id\":\"https:\\\/\\\/diariotextual.com\\\/inicio\\\/index.php\\\/2019\\\/02\\\/21\\\/vaticano-no-nexo-celibato-los-abusos-los-sacerdotes\\\/\"},\"wordCount\":203,\"publisher\":{\"@id\":\"https:\\\/\\\/diariotextual.com\\\/inicio\\\/#organization\"},\"image\":{\"@id\":\"https:\\\/\\\/diariotextual.com\\\/inicio\\\/index.php\\\/2019\\\/02\\\/21\\\/vaticano-no-nexo-celibato-los-abusos-los-sacerdotes\\\/#primaryimage\"},\"thumbnailUrl\":\"https:\\\/\\\/diariotextual.com\\\/inicio\\\/wp-content\\\/uploads\\\/2019\\\/02\\\/curasvaticano1.jpeg\",\"articleSection\":[\"A - TEMPORALES\",\"MUNDO\"],\"inLanguage\":\"es\"},{\"@type\":\"WebPage\",\"@id\":\"https:\\\/\\\/diariotextual.com\\\/inicio\\\/index.php\\\/2019\\\/02\\\/21\\\/vaticano-no-nexo-celibato-los-abusos-los-sacerdotes\\\/\",\"url\":\"https:\\\/\\\/diariotextual.com\\\/inicio\\\/index.php\\\/2019\\\/02\\\/21\\\/vaticano-no-nexo-celibato-los-abusos-los-sacerdotes\\\/\",\"name\":\"Para el Vaticano no hay nexo entre el celibato y los abusos de los sacerdotes - Diario Textual\",\"isPartOf\":{\"@id\":\"https:\\\/\\\/diariotextual.com\\\/inicio\\\/#website\"},\"primaryImageOfPage\":{\"@id\":\"https:\\\/\\\/diariotextual.com\\\/inicio\\\/index.php\\\/2019\\\/02\\\/21\\\/vaticano-no-nexo-celibato-los-abusos-los-sacerdotes\\\/#primaryimage\"},\"image\":{\"@id\":\"https:\\\/\\\/diariotextual.com\\\/inicio\\\/index.php\\\/2019\\\/02\\\/21\\\/vaticano-no-nexo-celibato-los-abusos-los-sacerdotes\\\/#primaryimage\"},\"thumbnailUrl\":\"https:\\\/\\\/diariotextual.com\\\/inicio\\\/wp-content\\\/uploads\\\/2019\\\/02\\\/curasvaticano1.jpeg\",\"datePublished\":\"2019-02-21T16:13:03+00:00\",\"dateModified\":\"2019-02-21T22:27:54+00:00\",\"breadcrumb\":{\"@id\":\"https:\\\/\\\/diariotextual.com\\\/inicio\\\/index.php\\\/2019\\\/02\\\/21\\\/vaticano-no-nexo-celibato-los-abusos-los-sacerdotes\\\/#breadcrumb\"},\"inLanguage\":\"es\",\"potentialAction\":[{\"@type\":\"ReadAction\",\"target\":[\"https:\\\/\\\/diariotextual.com\\\/inicio\\\/index.php\\\/2019\\\/02\\\/21\\\/vaticano-no-nexo-celibato-los-abusos-los-sacerdotes\\\/\"]}]},{\"@type\":\"ImageObject\",\"inLanguage\":\"es\",\"@id\":\"https:\\\/\\\/diariotextual.com\\\/inicio\\\/index.php\\\/2019\\\/02\\\/21\\\/vaticano-no-nexo-celibato-los-abusos-los-sacerdotes\\\/#primaryimage\",\"url\":\"https:\\\/\\\/diariotextual.com\\\/inicio\\\/wp-content\\\/uploads\\\/2019\\\/02\\\/curasvaticano1.jpeg\",\"contentUrl\":\"https:\\\/\\\/diariotextual.com\\\/inicio\\\/wp-content\\\/uploads\\\/2019\\\/02\\\/curasvaticano1.jpeg\",\"width\":834,\"height\":479},{\"@type\":\"BreadcrumbList\",\"@id\":\"https:\\\/\\\/diariotextual.com\\\/inicio\\\/index.php\\\/2019\\\/02\\\/21\\\/vaticano-no-nexo-celibato-los-abusos-los-sacerdotes\\\/#breadcrumb\",\"itemListElement\":[{\"@type\":\"ListItem\",\"position\":1,\"name\":\"Portada\",\"item\":\"https:\\\/\\\/diariotextual.com\\\/inicio\\\/\"},{\"@type\":\"ListItem\",\"position\":2,\"name\":\"Para el Vaticano no hay nexo entre el celibato y los abusos de los sacerdotes\"}]},{\"@type\":\"WebSite\",\"@id\":\"https:\\\/\\\/diariotextual.com\\\/inicio\\\/#website\",\"url\":\"https:\\\/\\\/diariotextual.com\\\/inicio\\\/\",\"name\":\"Diario Textual\",\"description\":\"\",\"publisher\":{\"@id\":\"https:\\\/\\\/diariotextual.com\\\/inicio\\\/#organization\"},\"potentialAction\":[{\"@type\":\"SearchAction\",\"target\":{\"@type\":\"EntryPoint\",\"urlTemplate\":\"https:\\\/\\\/diariotextual.com\\\/inicio\\\/?s={search_term_string}\"},\"query-input\":{\"@type\":\"PropertyValueSpecification\",\"valueRequired\":true,\"valueName\":\"search_term_string\"}}],\"inLanguage\":\"es\"},{\"@type\":\"Organization\",\"@id\":\"https:\\\/\\\/diariotextual.com\\\/inicio\\\/#organization\",\"name\":\"Diario Textual\",\"url\":\"https:\\\/\\\/diariotextual.com\\\/inicio\\\/\",\"logo\":{\"@type\":\"ImageObject\",\"inLanguage\":\"es\",\"@id\":\"https:\\\/\\\/diariotextual.com\\\/inicio\\\/#\\\/schema\\\/logo\\\/image\\\/\",\"url\":\"https:\\\/\\\/diariotextual.com\\\/inicio\\\/wp-content\\\/uploads\\\/2023\\\/05\\\/logotextual1.jpg\",\"contentUrl\":\"https:\\\/\\\/diariotextual.com\\\/inicio\\\/wp-content\\\/uploads\\\/2023\\\/05\\\/logotextual1.jpg\",\"width\":516,\"height\":76,\"caption\":\"Diario Textual\"},\"image\":{\"@id\":\"https:\\\/\\\/diariotextual.com\\\/inicio\\\/#\\\/schema\\\/logo\\\/image\\\/\"},\"sameAs\":[\"https:\\\/\\\/www.facebook.com\\\/eltextual\",\"https:\\\/\\\/x.com\\\/eltextual\",\"http:\\\/\\\/www.instagram.com\\\/eltextual\"]},{\"@type\":\"Person\",\"@id\":\"https:\\\/\\\/diariotextual.com\\\/inicio\\\/#\\\/schema\\\/person\\\/418fc4093c33e86ed41562db3508f958\",\"name\":\"Diario1 Diario1\",\"image\":{\"@type\":\"ImageObject\",\"inLanguage\":\"es\",\"@id\":\"https:\\\/\\\/secure.gravatar.com\\\/avatar\\\/9167d280179c85bc18be67aa7eda765854300033af4896dd779b608640f2ef7a?s=96&d=mm&r=g\",\"url\":\"https:\\\/\\\/secure.gravatar.com\\\/avatar\\\/9167d280179c85bc18be67aa7eda765854300033af4896dd779b608640f2ef7a?s=96&d=mm&r=g\",\"contentUrl\":\"https:\\\/\\\/secure.gravatar.com\\\/avatar\\\/9167d280179c85bc18be67aa7eda765854300033af4896dd779b608640f2ef7a?s=96&d=mm&r=g\",\"caption\":\"Diario1 Diario1\"},\"url\":\"https:\\\/\\\/diariotextual.com\\\/inicio\\\/index.php\\\/author\\\/diario1\\\/\"}]}<\/script>\n<!-- \/ Yoast SEO plugin. -->","yoast_head_json":{"title":"Para el Vaticano no hay nexo entre el celibato y los abusos de los sacerdotes - Diario Textual","robots":{"index":"index","follow":"follow","max-snippet":"max-snippet:-1","max-image-preview":"max-image-preview:large","max-video-preview":"max-video-preview:-1"},"canonical":"https:\/\/diariotextual.com\/inicio\/index.php\/2019\/02\/21\/vaticano-no-nexo-celibato-los-abusos-los-sacerdotes\/","og_locale":"es_ES","og_type":"article","og_title":"Para el Vaticano no hay nexo entre el celibato y los abusos de los sacerdotes - Diario Textual","og_description":"El Vaticano asegur\u00f3 que \u00abno hay un nexo\u00bb entre el celibato y los abusos sexuales por parte de miembros del clero a menores de edad y que por eso el&hellip;","og_url":"https:\/\/diariotextual.com\/inicio\/index.php\/2019\/02\/21\/vaticano-no-nexo-celibato-los-abusos-los-sacerdotes\/","og_site_name":"Diario Textual","article_publisher":"https:\/\/www.facebook.com\/eltextual","article_published_time":"2019-02-21T16:13:03+00:00","article_modified_time":"2019-02-21T22:27:54+00:00","og_image":[{"width":834,"height":479,"url":"https:\/\/diariotextual.com\/inicio\/wp-content\/uploads\/2019\/02\/curasvaticano1.jpeg","type":"image\/jpeg"}],"author":"Diario1 Diario1","twitter_card":"summary_large_image","twitter_creator":"@eltextual","twitter_site":"@eltextual","twitter_misc":{"Escrito por":"Diario1 Diario1","Tiempo de lectura":"1 minuto"},"schema":{"@context":"https:\/\/schema.org","@graph":[{"@type":"Article","@id":"https:\/\/diariotextual.com\/inicio\/index.php\/2019\/02\/21\/vaticano-no-nexo-celibato-los-abusos-los-sacerdotes\/#article","isPartOf":{"@id":"https:\/\/diariotextual.com\/inicio\/index.php\/2019\/02\/21\/vaticano-no-nexo-celibato-los-abusos-los-sacerdotes\/"},"author":{"name":"Diario1 Diario1","@id":"https:\/\/diariotextual.com\/inicio\/#\/schema\/person\/418fc4093c33e86ed41562db3508f958"},"headline":"Para el Vaticano no hay nexo entre el celibato y los abusos de los sacerdotes","datePublished":"2019-02-21T16:13:03+00:00","dateModified":"2019-02-21T22:27:54+00:00","mainEntityOfPage":{"@id":"https:\/\/diariotextual.com\/inicio\/index.php\/2019\/02\/21\/vaticano-no-nexo-celibato-los-abusos-los-sacerdotes\/"},"wordCount":203,"publisher":{"@id":"https:\/\/diariotextual.com\/inicio\/#organization"},"image":{"@id":"https:\/\/diariotextual.com\/inicio\/index.php\/2019\/02\/21\/vaticano-no-nexo-celibato-los-abusos-los-sacerdotes\/#primaryimage"},"thumbnailUrl":"https:\/\/diariotextual.com\/inicio\/wp-content\/uploads\/2019\/02\/curasvaticano1.jpeg","articleSection":["A - TEMPORALES","MUNDO"],"inLanguage":"es"},{"@type":"WebPage","@id":"https:\/\/diariotextual.com\/inicio\/index.php\/2019\/02\/21\/vaticano-no-nexo-celibato-los-abusos-los-sacerdotes\/","url":"https:\/\/diariotextual.com\/inicio\/index.php\/2019\/02\/21\/vaticano-no-nexo-celibato-los-abusos-los-sacerdotes\/","name":"Para el Vaticano no hay nexo entre el celibato y los abusos de los sacerdotes - Diario Textual","isPartOf":{"@id":"https:\/\/diariotextual.com\/inicio\/#website"},"primaryImageOfPage":{"@id":"https:\/\/diariotextual.com\/inicio\/index.php\/2019\/02\/21\/vaticano-no-nexo-celibato-los-abusos-los-sacerdotes\/#primaryimage"},"image":{"@id":"https:\/\/diariotextual.com\/inicio\/index.php\/2019\/02\/21\/vaticano-no-nexo-celibato-los-abusos-los-sacerdotes\/#primaryimage"},"thumbnailUrl":"https:\/\/diariotextual.com\/inicio\/wp-content\/uploads\/2019\/02\/curasvaticano1.jpeg","datePublished":"2019-02-21T16:13:03+00:00","dateModified":"2019-02-21T22:27:54+00:00","breadcrumb":{"@id":"https:\/\/diariotextual.com\/inicio\/index.php\/2019\/02\/21\/vaticano-no-nexo-celibato-los-abusos-los-sacerdotes\/#breadcrumb"},"inLanguage":"es","potentialAction":[{"@type":"ReadAction","target":["https:\/\/diariotextual.com\/inicio\/index.php\/2019\/02\/21\/vaticano-no-nexo-celibato-los-abusos-los-sacerdotes\/"]}]},{"@type":"ImageObject","inLanguage":"es","@id":"https:\/\/diariotextual.com\/inicio\/index.php\/2019\/02\/21\/vaticano-no-nexo-celibato-los-abusos-los-sacerdotes\/#primaryimage","url":"https:\/\/diariotextual.com\/inicio\/wp-content\/uploads\/2019\/02\/curasvaticano1.jpeg","contentUrl":"https:\/\/diariotextual.com\/inicio\/wp-content\/uploads\/2019\/02\/curasvaticano1.jpeg","width":834,"height":479},{"@type":"BreadcrumbList","@id":"https:\/\/diariotextual.com\/inicio\/index.php\/2019\/02\/21\/vaticano-no-nexo-celibato-los-abusos-los-sacerdotes\/#breadcrumb","itemListElement":[{"@type":"ListItem","position":1,"name":"Portada","item":"https:\/\/diariotextual.com\/inicio\/"},{"@type":"ListItem","position":2,"name":"Para el Vaticano no hay nexo entre el celibato y los abusos de los sacerdotes"}]},{"@type":"WebSite","@id":"https:\/\/diariotextual.com\/inicio\/#website","url":"https:\/\/diariotextual.com\/inicio\/","name":"Diario Textual","description":"","publisher":{"@id":"https:\/\/diariotextual.com\/inicio\/#organization"},"potentialAction":[{"@type":"SearchAction","target":{"@type":"EntryPoint","urlTemplate":"https:\/\/diariotextual.com\/inicio\/?s={search_term_string}"},"query-input":{"@type":"PropertyValueSpecification","valueRequired":true,"valueName":"search_term_string"}}],"inLanguage":"es"},{"@type":"Organization","@id":"https:\/\/diariotextual.com\/inicio\/#organization","name":"Diario Textual","url":"https:\/\/diariotextual.com\/inicio\/","logo":{"@type":"ImageObject","inLanguage":"es","@id":"https:\/\/diariotextual.com\/inicio\/#\/schema\/logo\/image\/","url":"https:\/\/diariotextual.com\/inicio\/wp-content\/uploads\/2023\/05\/logotextual1.jpg","contentUrl":"https:\/\/diariotextual.com\/inicio\/wp-content\/uploads\/2023\/05\/logotextual1.jpg","width":516,"height":76,"caption":"Diario Textual"},"image":{"@id":"https:\/\/diariotextual.com\/inicio\/#\/schema\/logo\/image\/"},"sameAs":["https:\/\/www.facebook.com\/eltextual","https:\/\/x.com\/eltextual","http:\/\/www.instagram.com\/eltextual"]},{"@type":"Person","@id":"https:\/\/diariotextual.com\/inicio\/#\/schema\/person\/418fc4093c33e86ed41562db3508f958","name":"Diario1 Diario1","image":{"@type":"ImageObject","inLanguage":"es","@id":"https:\/\/secure.gravatar.com\/avatar\/9167d280179c85bc18be67aa7eda765854300033af4896dd779b608640f2ef7a?s=96&d=mm&r=g","url":"https:\/\/secure.gravatar.com\/avatar\/9167d280179c85bc18be67aa7eda765854300033af4896dd779b608640f2ef7a?s=96&d=mm&r=g","contentUrl":"https:\/\/secure.gravatar.com\/avatar\/9167d280179c85bc18be67aa7eda765854300033af4896dd779b608640f2ef7a?s=96&d=mm&r=g","caption":"Diario1 Diario1"},"url":"https:\/\/diariotextual.com\/inicio\/index.php\/author\/diario1\/"}]}},"_links":{"self":[{"href":"https:\/\/diariotextual.com\/inicio\/index.php\/wp-json\/wp\/v2\/posts\/39249","targetHints":{"allow":["GET"]}}],"collection":[{"href":"https:\/\/diariotextual.com\/inicio\/index.php\/wp-json\/wp\/v2\/posts"}],"about":[{"href":"https:\/\/diariotextual.com\/inicio\/index.php\/wp-json\/wp\/v2\/types\/post"}],"author":[{"embeddable":true,"href":"https:\/\/diariotextual.com\/inicio\/index.php\/wp-json\/wp\/v2\/users\/3"}],"replies":[{"embeddable":true,"href":"https:\/\/diariotextual.com\/inicio\/index.php\/wp-json\/wp\/v2\/comments?post=39249"}],"version-history":[{"count":2,"href":"https:\/\/diariotextual.com\/inicio\/index.php\/wp-json\/wp\/v2\/posts\/39249\/revisions"}],"predecessor-version":[{"id":39251,"href":"https:\/\/diariotextual.com\/inicio\/index.php\/wp-json\/wp\/v2\/posts\/39249\/revisions\/39251"}],"wp:featuredmedia":[{"embeddable":true,"href":"https:\/\/diariotextual.com\/inicio\/index.php\/wp-json\/wp\/v2\/media\/39252"}],"wp:attachment":[{"href":"https:\/\/diariotextual.com\/inicio\/index.php\/wp-json\/wp\/v2\/media?parent=39249"}],"wp:term":[{"taxonomy":"category","embeddable":true,"href":"https:\/\/diariotextual.com\/inicio\/index.php\/wp-json\/wp\/v2\/categories?post=39249"},{"taxonomy":"post_tag","embeddable":true,"href":"https:\/\/diariotextual.com\/inicio\/index.php\/wp-json\/wp\/v2\/tags?post=39249"}],"curies":[{"name":"wp","href":"https:\/\/api.w.org\/{rel}","templated":true}]}}