{"id":39310,"date":"2019-02-21T23:28:03","date_gmt":"2019-02-22T02:28:03","guid":{"rendered":"http:\/\/diariotextual.com\/inicio\/?p=39310"},"modified":"2019-02-21T23:28:03","modified_gmt":"2019-02-22T02:28:03","slug":"maduro-cierra-la-frontera-brasil-amenaza-lo-colombia","status":"publish","type":"post","link":"https:\/\/diariotextual.com\/inicio\/index.php\/2019\/02\/21\/maduro-cierra-la-frontera-brasil-amenaza-lo-colombia\/","title":{"rendered":"Maduro cierra la frontera con Brasil y amenaza con hacer lo mismo con Colombia"},"content":{"rendered":"<p>El ingreso de la ayuda humanitaria procedente de Estados Unidos eleva la tensi\u00f3n entre Juan Guaid\u00f3 y Nicol\u00e1s Maduro, quien ha lanzado la alerta militar en las fronteras ante la llegada de los medicamentos y alimentos, decretando el cierre total del l\u00edmite de 2 mil 200 kil\u00f3metros por v\u00eda a\u00e9rea y terrestre que separan a Venezuela y Brasil. No solo esto, sino que valora tomar una medida similar en su frontera con Colombia, inform\u00f3 La Pol\u00edtica Online.<\/p>\n<p>Pese a estas restricciones de movilizaci\u00f3n, el autoproclamado presidente interino de Venezuela Guaid\u00f3 arranc\u00f3 en la ma\u00f1ana del jueves con un numeroso grupo de diputados una caravana de autobuses desde Caracas hacia la frontera para recibir la ayuda humanitaria en T\u00e1chira desde C\u00facuta.<\/p>\n<p>Ante esto, Maduro manifest\u00f3 hoy jueves que se est\u00e1 aplicando una guerra psicol\u00f3gica contra Venezuela para debilitar, dividir y desmoralizar. En paralelo a estas ideas, manifiesta que \u00abnosotros somos mil veces m\u00e1s valientes que ellos. Todos los d\u00edas nuestra respuesta debe ser la lealtad a la revoluci\u00f3n, a la historia y a nuestro legado. Debemos cumplir las \u00f3rdenes\u00bb.<\/p>\n<p>\u00abVenezuela vive ahora una gran provocaci\u00f3n. Lo que hace el imperialismo norteamericano con sus t\u00edteres es una provocaci\u00f3n interna y quer\u00edan generar una gran conmoci\u00f3n nacional y no lo lograron, el pa\u00eds quiere paz. Les fracas\u00f3 la conspiraci\u00f3n y el golpe de Estado. Ya se han abierto procesos judiciales para los responsables de esta provocaci\u00f3n interna\u00bb, a\u00f1adi\u00f3.<\/p>\n<p>Ahora, la Casa Blanca ha anunciado este jueves que el vicepresidente estadounidense Mike Pence asistir\u00e1 a la reuni\u00f3n del Grupo de Lima en Colombia que se celebrar\u00e1 el pr\u00f3ximo lunes d\u00eda 25.<\/p>\n<p>&nbsp;<\/p>\n<p>&nbsp;<\/p>\n","protected":false},"excerpt":{"rendered":"<p>El ingreso de la ayuda humanitaria procedente de Estados Unidos eleva la tensi\u00f3n entre Juan Guaid\u00f3 y Nicol\u00e1s Maduro, quien ha lanzado la alerta militar en las fronteras ante la&hellip;<\/p>\n","protected":false},"author":3,"featured_media":35687,"comment_status":"closed","ping_status":"open","sticky":false,"template":"","format":"standard","meta":{"_acf_changed":false,"footnotes":""},"categories":[11,7],"tags":[],"class_list":["post-39310","post","type-post","status-publish","format-standard","has-post-thumbnail","hentry","category-que-pasa","category-mundo"],"acf":[],"yoast_head":"<!-- This site is optimized with the Yoast SEO plugin v27.4 - https:\/\/yoast.com\/product\/yoast-seo-wordpress\/ -->\n<title>Maduro cierra la frontera con Brasil y amenaza con hacer lo mismo con Colombia - Diario Textual<\/title>\n<meta name=\"robots\" content=\"index, follow, max-snippet:-1, max-image-preview:large, max-video-preview:-1\" \/>\n<link rel=\"canonical\" href=\"https:\/\/diariotextual.com\/inicio\/index.php\/2019\/02\/21\/maduro-cierra-la-frontera-brasil-amenaza-lo-colombia\/\" \/>\n<meta property=\"og:locale\" content=\"es_ES\" \/>\n<meta property=\"og:type\" content=\"article\" \/>\n<meta property=\"og:title\" content=\"Maduro cierra la frontera con Brasil y amenaza con hacer lo mismo con Colombia - Diario Textual\" \/>\n<meta property=\"og:description\" content=\"El ingreso de la ayuda humanitaria procedente de Estados Unidos eleva la tensi\u00f3n entre Juan Guaid\u00f3 y Nicol\u00e1s Maduro, quien ha lanzado la alerta militar en las fronteras ante la&hellip;\" \/>\n<meta property=\"og:url\" content=\"https:\/\/diariotextual.com\/inicio\/index.php\/2019\/02\/21\/maduro-cierra-la-frontera-brasil-amenaza-lo-colombia\/\" \/>\n<meta property=\"og:site_name\" content=\"Diario Textual\" \/>\n<meta property=\"article:publisher\" content=\"https:\/\/www.facebook.com\/eltextual\" \/>\n<meta property=\"article:published_time\" content=\"2019-02-22T02:28:03+00:00\" \/>\n<meta property=\"og:image\" content=\"https:\/\/diariotextual.com\/inicio\/wp-content\/uploads\/2019\/01\/maduronicolas777.jpeg\" \/>\n\t<meta property=\"og:image:width\" content=\"836\" \/>\n\t<meta property=\"og:image:height\" content=\"474\" \/>\n\t<meta property=\"og:image:type\" content=\"image\/jpeg\" \/>\n<meta name=\"author\" content=\"Diario1 Diario1\" \/>\n<meta name=\"twitter:card\" content=\"summary_large_image\" \/>\n<meta name=\"twitter:creator\" content=\"@eltextual\" \/>\n<meta name=\"twitter:site\" content=\"@eltextual\" \/>\n<meta name=\"twitter:label1\" content=\"Escrito por\" \/>\n\t<meta name=\"twitter:data1\" content=\"Diario1 Diario1\" \/>\n\t<meta name=\"twitter:label2\" content=\"Tiempo de lectura\" \/>\n\t<meta name=\"twitter:data2\" content=\"1 minuto\" \/>\n<script type=\"application\/ld+json\" class=\"yoast-schema-graph\">{\"@context\":\"https:\\\/\\\/schema.org\",\"@graph\":[{\"@type\":\"Article\",\"@id\":\"https:\\\/\\\/diariotextual.com\\\/inicio\\\/index.php\\\/2019\\\/02\\\/21\\\/maduro-cierra-la-frontera-brasil-amenaza-lo-colombia\\\/#article\",\"isPartOf\":{\"@id\":\"https:\\\/\\\/diariotextual.com\\\/inicio\\\/index.php\\\/2019\\\/02\\\/21\\\/maduro-cierra-la-frontera-brasil-amenaza-lo-colombia\\\/\"},\"author\":{\"name\":\"Diario1 Diario1\",\"@id\":\"https:\\\/\\\/diariotextual.com\\\/inicio\\\/#\\\/schema\\\/person\\\/418fc4093c33e86ed41562db3508f958\"},\"headline\":\"Maduro cierra la frontera con Brasil y amenaza con hacer lo mismo con Colombia\",\"datePublished\":\"2019-02-22T02:28:03+00:00\",\"mainEntityOfPage\":{\"@id\":\"https:\\\/\\\/diariotextual.com\\\/inicio\\\/index.php\\\/2019\\\/02\\\/21\\\/maduro-cierra-la-frontera-brasil-amenaza-lo-colombia\\\/\"},\"wordCount\":307,\"publisher\":{\"@id\":\"https:\\\/\\\/diariotextual.com\\\/inicio\\\/#organization\"},\"image\":{\"@id\":\"https:\\\/\\\/diariotextual.com\\\/inicio\\\/index.php\\\/2019\\\/02\\\/21\\\/maduro-cierra-la-frontera-brasil-amenaza-lo-colombia\\\/#primaryimage\"},\"thumbnailUrl\":\"https:\\\/\\\/diariotextual.com\\\/inicio\\\/wp-content\\\/uploads\\\/2019\\\/01\\\/maduronicolas777.jpeg\",\"articleSection\":[\"A - QUE PASA (al costado)\",\"MUNDO\"],\"inLanguage\":\"es\"},{\"@type\":\"WebPage\",\"@id\":\"https:\\\/\\\/diariotextual.com\\\/inicio\\\/index.php\\\/2019\\\/02\\\/21\\\/maduro-cierra-la-frontera-brasil-amenaza-lo-colombia\\\/\",\"url\":\"https:\\\/\\\/diariotextual.com\\\/inicio\\\/index.php\\\/2019\\\/02\\\/21\\\/maduro-cierra-la-frontera-brasil-amenaza-lo-colombia\\\/\",\"name\":\"Maduro cierra la frontera con Brasil y amenaza con hacer lo mismo con Colombia - Diario Textual\",\"isPartOf\":{\"@id\":\"https:\\\/\\\/diariotextual.com\\\/inicio\\\/#website\"},\"primaryImageOfPage\":{\"@id\":\"https:\\\/\\\/diariotextual.com\\\/inicio\\\/index.php\\\/2019\\\/02\\\/21\\\/maduro-cierra-la-frontera-brasil-amenaza-lo-colombia\\\/#primaryimage\"},\"image\":{\"@id\":\"https:\\\/\\\/diariotextual.com\\\/inicio\\\/index.php\\\/2019\\\/02\\\/21\\\/maduro-cierra-la-frontera-brasil-amenaza-lo-colombia\\\/#primaryimage\"},\"thumbnailUrl\":\"https:\\\/\\\/diariotextual.com\\\/inicio\\\/wp-content\\\/uploads\\\/2019\\\/01\\\/maduronicolas777.jpeg\",\"datePublished\":\"2019-02-22T02:28:03+00:00\",\"breadcrumb\":{\"@id\":\"https:\\\/\\\/diariotextual.com\\\/inicio\\\/index.php\\\/2019\\\/02\\\/21\\\/maduro-cierra-la-frontera-brasil-amenaza-lo-colombia\\\/#breadcrumb\"},\"inLanguage\":\"es\",\"potentialAction\":[{\"@type\":\"ReadAction\",\"target\":[\"https:\\\/\\\/diariotextual.com\\\/inicio\\\/index.php\\\/2019\\\/02\\\/21\\\/maduro-cierra-la-frontera-brasil-amenaza-lo-colombia\\\/\"]}]},{\"@type\":\"ImageObject\",\"inLanguage\":\"es\",\"@id\":\"https:\\\/\\\/diariotextual.com\\\/inicio\\\/index.php\\\/2019\\\/02\\\/21\\\/maduro-cierra-la-frontera-brasil-amenaza-lo-colombia\\\/#primaryimage\",\"url\":\"https:\\\/\\\/diariotextual.com\\\/inicio\\\/wp-content\\\/uploads\\\/2019\\\/01\\\/maduronicolas777.jpeg\",\"contentUrl\":\"https:\\\/\\\/diariotextual.com\\\/inicio\\\/wp-content\\\/uploads\\\/2019\\\/01\\\/maduronicolas777.jpeg\",\"width\":836,\"height\":474},{\"@type\":\"BreadcrumbList\",\"@id\":\"https:\\\/\\\/diariotextual.com\\\/inicio\\\/index.php\\\/2019\\\/02\\\/21\\\/maduro-cierra-la-frontera-brasil-amenaza-lo-colombia\\\/#breadcrumb\",\"itemListElement\":[{\"@type\":\"ListItem\",\"position\":1,\"name\":\"Portada\",\"item\":\"https:\\\/\\\/diariotextual.com\\\/inicio\\\/\"},{\"@type\":\"ListItem\",\"position\":2,\"name\":\"Maduro cierra la frontera con Brasil y amenaza con hacer lo mismo con Colombia\"}]},{\"@type\":\"WebSite\",\"@id\":\"https:\\\/\\\/diariotextual.com\\\/inicio\\\/#website\",\"url\":\"https:\\\/\\\/diariotextual.com\\\/inicio\\\/\",\"name\":\"Diario Textual\",\"description\":\"\",\"publisher\":{\"@id\":\"https:\\\/\\\/diariotextual.com\\\/inicio\\\/#organization\"},\"potentialAction\":[{\"@type\":\"SearchAction\",\"target\":{\"@type\":\"EntryPoint\",\"urlTemplate\":\"https:\\\/\\\/diariotextual.com\\\/inicio\\\/?s={search_term_string}\"},\"query-input\":{\"@type\":\"PropertyValueSpecification\",\"valueRequired\":true,\"valueName\":\"search_term_string\"}}],\"inLanguage\":\"es\"},{\"@type\":\"Organization\",\"@id\":\"https:\\\/\\\/diariotextual.com\\\/inicio\\\/#organization\",\"name\":\"Diario Textual\",\"url\":\"https:\\\/\\\/diariotextual.com\\\/inicio\\\/\",\"logo\":{\"@type\":\"ImageObject\",\"inLanguage\":\"es\",\"@id\":\"https:\\\/\\\/diariotextual.com\\\/inicio\\\/#\\\/schema\\\/logo\\\/image\\\/\",\"url\":\"https:\\\/\\\/diariotextual.com\\\/inicio\\\/wp-content\\\/uploads\\\/2023\\\/05\\\/logotextual1.jpg\",\"contentUrl\":\"https:\\\/\\\/diariotextual.com\\\/inicio\\\/wp-content\\\/uploads\\\/2023\\\/05\\\/logotextual1.jpg\",\"width\":516,\"height\":76,\"caption\":\"Diario Textual\"},\"image\":{\"@id\":\"https:\\\/\\\/diariotextual.com\\\/inicio\\\/#\\\/schema\\\/logo\\\/image\\\/\"},\"sameAs\":[\"https:\\\/\\\/www.facebook.com\\\/eltextual\",\"https:\\\/\\\/x.com\\\/eltextual\",\"http:\\\/\\\/www.instagram.com\\\/eltextual\"]},{\"@type\":\"Person\",\"@id\":\"https:\\\/\\\/diariotextual.com\\\/inicio\\\/#\\\/schema\\\/person\\\/418fc4093c33e86ed41562db3508f958\",\"name\":\"Diario1 Diario1\",\"image\":{\"@type\":\"ImageObject\",\"inLanguage\":\"es\",\"@id\":\"https:\\\/\\\/secure.gravatar.com\\\/avatar\\\/9167d280179c85bc18be67aa7eda765854300033af4896dd779b608640f2ef7a?s=96&d=mm&r=g\",\"url\":\"https:\\\/\\\/secure.gravatar.com\\\/avatar\\\/9167d280179c85bc18be67aa7eda765854300033af4896dd779b608640f2ef7a?s=96&d=mm&r=g\",\"contentUrl\":\"https:\\\/\\\/secure.gravatar.com\\\/avatar\\\/9167d280179c85bc18be67aa7eda765854300033af4896dd779b608640f2ef7a?s=96&d=mm&r=g\",\"caption\":\"Diario1 Diario1\"},\"url\":\"https:\\\/\\\/diariotextual.com\\\/inicio\\\/index.php\\\/author\\\/diario1\\\/\"}]}<\/script>\n<!-- \/ Yoast SEO plugin. -->","yoast_head_json":{"title":"Maduro cierra la frontera con Brasil y amenaza con hacer lo mismo con Colombia - Diario Textual","robots":{"index":"index","follow":"follow","max-snippet":"max-snippet:-1","max-image-preview":"max-image-preview:large","max-video-preview":"max-video-preview:-1"},"canonical":"https:\/\/diariotextual.com\/inicio\/index.php\/2019\/02\/21\/maduro-cierra-la-frontera-brasil-amenaza-lo-colombia\/","og_locale":"es_ES","og_type":"article","og_title":"Maduro cierra la frontera con Brasil y amenaza con hacer lo mismo con Colombia - Diario Textual","og_description":"El ingreso de la ayuda humanitaria procedente de Estados Unidos eleva la tensi\u00f3n entre Juan Guaid\u00f3 y Nicol\u00e1s Maduro, quien ha lanzado la alerta militar en las fronteras ante la&hellip;","og_url":"https:\/\/diariotextual.com\/inicio\/index.php\/2019\/02\/21\/maduro-cierra-la-frontera-brasil-amenaza-lo-colombia\/","og_site_name":"Diario Textual","article_publisher":"https:\/\/www.facebook.com\/eltextual","article_published_time":"2019-02-22T02:28:03+00:00","og_image":[{"width":836,"height":474,"url":"https:\/\/diariotextual.com\/inicio\/wp-content\/uploads\/2019\/01\/maduronicolas777.jpeg","type":"image\/jpeg"}],"author":"Diario1 Diario1","twitter_card":"summary_large_image","twitter_creator":"@eltextual","twitter_site":"@eltextual","twitter_misc":{"Escrito por":"Diario1 Diario1","Tiempo de lectura":"1 minuto"},"schema":{"@context":"https:\/\/schema.org","@graph":[{"@type":"Article","@id":"https:\/\/diariotextual.com\/inicio\/index.php\/2019\/02\/21\/maduro-cierra-la-frontera-brasil-amenaza-lo-colombia\/#article","isPartOf":{"@id":"https:\/\/diariotextual.com\/inicio\/index.php\/2019\/02\/21\/maduro-cierra-la-frontera-brasil-amenaza-lo-colombia\/"},"author":{"name":"Diario1 Diario1","@id":"https:\/\/diariotextual.com\/inicio\/#\/schema\/person\/418fc4093c33e86ed41562db3508f958"},"headline":"Maduro cierra la frontera con Brasil y amenaza con hacer lo mismo con Colombia","datePublished":"2019-02-22T02:28:03+00:00","mainEntityOfPage":{"@id":"https:\/\/diariotextual.com\/inicio\/index.php\/2019\/02\/21\/maduro-cierra-la-frontera-brasil-amenaza-lo-colombia\/"},"wordCount":307,"publisher":{"@id":"https:\/\/diariotextual.com\/inicio\/#organization"},"image":{"@id":"https:\/\/diariotextual.com\/inicio\/index.php\/2019\/02\/21\/maduro-cierra-la-frontera-brasil-amenaza-lo-colombia\/#primaryimage"},"thumbnailUrl":"https:\/\/diariotextual.com\/inicio\/wp-content\/uploads\/2019\/01\/maduronicolas777.jpeg","articleSection":["A - QUE PASA (al costado)","MUNDO"],"inLanguage":"es"},{"@type":"WebPage","@id":"https:\/\/diariotextual.com\/inicio\/index.php\/2019\/02\/21\/maduro-cierra-la-frontera-brasil-amenaza-lo-colombia\/","url":"https:\/\/diariotextual.com\/inicio\/index.php\/2019\/02\/21\/maduro-cierra-la-frontera-brasil-amenaza-lo-colombia\/","name":"Maduro cierra la frontera con Brasil y amenaza con hacer lo mismo con Colombia - Diario Textual","isPartOf":{"@id":"https:\/\/diariotextual.com\/inicio\/#website"},"primaryImageOfPage":{"@id":"https:\/\/diariotextual.com\/inicio\/index.php\/2019\/02\/21\/maduro-cierra-la-frontera-brasil-amenaza-lo-colombia\/#primaryimage"},"image":{"@id":"https:\/\/diariotextual.com\/inicio\/index.php\/2019\/02\/21\/maduro-cierra-la-frontera-brasil-amenaza-lo-colombia\/#primaryimage"},"thumbnailUrl":"https:\/\/diariotextual.com\/inicio\/wp-content\/uploads\/2019\/01\/maduronicolas777.jpeg","datePublished":"2019-02-22T02:28:03+00:00","breadcrumb":{"@id":"https:\/\/diariotextual.com\/inicio\/index.php\/2019\/02\/21\/maduro-cierra-la-frontera-brasil-amenaza-lo-colombia\/#breadcrumb"},"inLanguage":"es","potentialAction":[{"@type":"ReadAction","target":["https:\/\/diariotextual.com\/inicio\/index.php\/2019\/02\/21\/maduro-cierra-la-frontera-brasil-amenaza-lo-colombia\/"]}]},{"@type":"ImageObject","inLanguage":"es","@id":"https:\/\/diariotextual.com\/inicio\/index.php\/2019\/02\/21\/maduro-cierra-la-frontera-brasil-amenaza-lo-colombia\/#primaryimage","url":"https:\/\/diariotextual.com\/inicio\/wp-content\/uploads\/2019\/01\/maduronicolas777.jpeg","contentUrl":"https:\/\/diariotextual.com\/inicio\/wp-content\/uploads\/2019\/01\/maduronicolas777.jpeg","width":836,"height":474},{"@type":"BreadcrumbList","@id":"https:\/\/diariotextual.com\/inicio\/index.php\/2019\/02\/21\/maduro-cierra-la-frontera-brasil-amenaza-lo-colombia\/#breadcrumb","itemListElement":[{"@type":"ListItem","position":1,"name":"Portada","item":"https:\/\/diariotextual.com\/inicio\/"},{"@type":"ListItem","position":2,"name":"Maduro cierra la frontera con Brasil y amenaza con hacer lo mismo con Colombia"}]},{"@type":"WebSite","@id":"https:\/\/diariotextual.com\/inicio\/#website","url":"https:\/\/diariotextual.com\/inicio\/","name":"Diario Textual","description":"","publisher":{"@id":"https:\/\/diariotextual.com\/inicio\/#organization"},"potentialAction":[{"@type":"SearchAction","target":{"@type":"EntryPoint","urlTemplate":"https:\/\/diariotextual.com\/inicio\/?s={search_term_string}"},"query-input":{"@type":"PropertyValueSpecification","valueRequired":true,"valueName":"search_term_string"}}],"inLanguage":"es"},{"@type":"Organization","@id":"https:\/\/diariotextual.com\/inicio\/#organization","name":"Diario Textual","url":"https:\/\/diariotextual.com\/inicio\/","logo":{"@type":"ImageObject","inLanguage":"es","@id":"https:\/\/diariotextual.com\/inicio\/#\/schema\/logo\/image\/","url":"https:\/\/diariotextual.com\/inicio\/wp-content\/uploads\/2023\/05\/logotextual1.jpg","contentUrl":"https:\/\/diariotextual.com\/inicio\/wp-content\/uploads\/2023\/05\/logotextual1.jpg","width":516,"height":76,"caption":"Diario Textual"},"image":{"@id":"https:\/\/diariotextual.com\/inicio\/#\/schema\/logo\/image\/"},"sameAs":["https:\/\/www.facebook.com\/eltextual","https:\/\/x.com\/eltextual","http:\/\/www.instagram.com\/eltextual"]},{"@type":"Person","@id":"https:\/\/diariotextual.com\/inicio\/#\/schema\/person\/418fc4093c33e86ed41562db3508f958","name":"Diario1 Diario1","image":{"@type":"ImageObject","inLanguage":"es","@id":"https:\/\/secure.gravatar.com\/avatar\/9167d280179c85bc18be67aa7eda765854300033af4896dd779b608640f2ef7a?s=96&d=mm&r=g","url":"https:\/\/secure.gravatar.com\/avatar\/9167d280179c85bc18be67aa7eda765854300033af4896dd779b608640f2ef7a?s=96&d=mm&r=g","contentUrl":"https:\/\/secure.gravatar.com\/avatar\/9167d280179c85bc18be67aa7eda765854300033af4896dd779b608640f2ef7a?s=96&d=mm&r=g","caption":"Diario1 Diario1"},"url":"https:\/\/diariotextual.com\/inicio\/index.php\/author\/diario1\/"}]}},"_links":{"self":[{"href":"https:\/\/diariotextual.com\/inicio\/index.php\/wp-json\/wp\/v2\/posts\/39310","targetHints":{"allow":["GET"]}}],"collection":[{"href":"https:\/\/diariotextual.com\/inicio\/index.php\/wp-json\/wp\/v2\/posts"}],"about":[{"href":"https:\/\/diariotextual.com\/inicio\/index.php\/wp-json\/wp\/v2\/types\/post"}],"author":[{"embeddable":true,"href":"https:\/\/diariotextual.com\/inicio\/index.php\/wp-json\/wp\/v2\/users\/3"}],"replies":[{"embeddable":true,"href":"https:\/\/diariotextual.com\/inicio\/index.php\/wp-json\/wp\/v2\/comments?post=39310"}],"version-history":[{"count":1,"href":"https:\/\/diariotextual.com\/inicio\/index.php\/wp-json\/wp\/v2\/posts\/39310\/revisions"}],"predecessor-version":[{"id":39311,"href":"https:\/\/diariotextual.com\/inicio\/index.php\/wp-json\/wp\/v2\/posts\/39310\/revisions\/39311"}],"wp:featuredmedia":[{"embeddable":true,"href":"https:\/\/diariotextual.com\/inicio\/index.php\/wp-json\/wp\/v2\/media\/35687"}],"wp:attachment":[{"href":"https:\/\/diariotextual.com\/inicio\/index.php\/wp-json\/wp\/v2\/media?parent=39310"}],"wp:term":[{"taxonomy":"category","embeddable":true,"href":"https:\/\/diariotextual.com\/inicio\/index.php\/wp-json\/wp\/v2\/categories?post=39310"},{"taxonomy":"post_tag","embeddable":true,"href":"https:\/\/diariotextual.com\/inicio\/index.php\/wp-json\/wp\/v2\/tags?post=39310"}],"curies":[{"name":"wp","href":"https:\/\/api.w.org\/{rel}","templated":true}]}}