{"id":39463,"date":"2019-02-22T19:42:23","date_gmt":"2019-02-22T22:42:23","guid":{"rendered":"http:\/\/diariotextual.com\/inicio\/?p=39463"},"modified":"2019-02-22T20:54:32","modified_gmt":"2019-02-22T23:54:32","slug":"venezuela-duelo-conciertos-la-frontera","status":"publish","type":"post","link":"https:\/\/diariotextual.com\/inicio\/index.php\/2019\/02\/22\/venezuela-duelo-conciertos-la-frontera\/","title":{"rendered":"Venezuela: duelo de conciertos en la frontera"},"content":{"rendered":"<p>El concierto <strong>Venezuela Aid Live,<\/strong> que fue convocado por el multimillonario brit\u00e1nico y due\u00f1o de la disquera Virgin records, Richard Branson, comenz\u00f3 poco antes del mediod\u00eda local en el lado colombiano del puente fronterizo de Tienditas, entre los aplausos de las decenas de miles de personas.\u00a0A su vez,\u00a0del lado venezolano de la frontera se organiza otro concierto, bajo el nombre de <strong>Manos Fuera de Venezuela.<\/strong><\/p>\n<p>Alejandro Sanz, Carlos Vives, Juan Luis Guerra, Juanes, Ricardo Montaner, el \u201cPuma\u201d Rodr\u00edguez, Diego Torres, entre otros artistas, participan del concierto <strong>Aid Live<\/strong>.<\/p>\n<p><iframe src=\"https:\/\/www.youtube.com\/embed\/IBQV0e_0z6k\" width=\"560\" height=\"315\" frameborder=\"0\" allowfullscreen=\"allowfullscreen\"><\/iframe><\/p>\n<p>El show del lado colombiano \u2013que seg\u00fan los organizadores pretende dar un respaldo a la \u00abayuda humanitaria\u00bb impulsada por Estados Unidos y el autoproclamado presidente encargado Juan Guaid\u00f3 &#8211; se inici\u00f3 con los himnos colombiano y venezolano.<\/p>\n<p>Luego habl\u00f3 Branson quien consider\u00f3 en su discurso que es necesario \u00abromper el estancamiento y terminar con la crisis humanitaria ahora\u00bb.<\/p>\n<p>La primera artista en el escenario fue la venezolana Reymar Perdomo, que con la canci\u00f3n \u00abMe fui\u00bb, desat\u00f3 la histeria entre los asistentes ya que ese tema est\u00e1 considerado el \u00abhimno de la indignaci\u00f3n\u00bb por la situaci\u00f3n del pa\u00eds. \u00abA partir de este momento nuestro pa\u00eds va ser diferente y libre. Venezuela es mucho m\u00e1s que petr\u00f3leo\u00bb, manifest\u00f3 por su parte uno de los presentadores del espect\u00e1culo.<\/p>\n<p>Luego de la presentaci\u00f3n apareci\u00f3 en el escenario Richard Branson, quien dijo que el concierto trata de buscar el paso a Venezuela de toneladas de ayuda humanitaria que la comunidad internacional ha almacenado en C\u00facuta.<\/p>\n<p>&nbsp;<\/p>\n<blockquote class=\"twitter-tweet\" data-lang=\"es\">\n<p dir=\"ltr\" lang=\"es\">Hoy el blanco es el color de la esperanza. Esta inmensa fiesta musical es por ti, Venezuela. Te estamos escuchando. &#x2764;&#xfe0f;&#x1f1fb;&#x1f1ea; <a href=\"https:\/\/twitter.com\/hashtag\/AidVenezuela?src=hash&amp;ref_src=twsrc%5Etfw\">#AidVenezuela<\/a> <a href=\"https:\/\/twitter.com\/hashtag\/AyudaVenezuela?src=hash&amp;ref_src=twsrc%5Etfw\">#AyudaVenezuela<\/a> <a href=\"https:\/\/t.co\/EoRGY537iO\">pic.twitter.com\/EoRGY537iO<\/a><\/p>\n<p>\u2014 Venezuela Aid Live (@VenezuelaAid) <a href=\"https:\/\/twitter.com\/VenezuelaAid\/status\/1098982717369262080?ref_src=twsrc%5Etfw\">22 de febrero de 2019<\/a><\/p><\/blockquote>\n<p><script async src=\"https:\/\/platform.twitter.com\/widgets.js\" charset=\"utf-8\"><\/script><\/p>\n<p>Mientras tanto, al otro lado de la frontera, en la ciudad venezolana de T\u00e1chira, se desarrolla el recital Para la guerra nada, concierto por la paz y la vida, convocado por el gobierno de Nicol\u00e1s Maduro bajo la consigna Trump hands off Venezuela (Manos fuera).<\/p>\n<p>El gobierno de Nicol\u00e1s Maduro rechaza la entrada del material hunmanitario y sostiene que se trata de una violaci\u00f3n a la soberan\u00eda del pa\u00eds y una provocaci\u00f3n que busca dar lugar a una intervenci\u00f3n militar extranjera.<\/p>\n<p>\u00abTodos los artistas que van a cantar en Colombia deben saber que est\u00e1n cometiendo un crimen. Est\u00e1n apoyando una intervenci\u00f3n militar\u00bb, lament\u00f3 el presidente Maduro.<\/p>\n<p>&nbsp;<\/p>\n","protected":false},"excerpt":{"rendered":"<p>El concierto Venezuela Aid Live, que fue convocado por el multimillonario brit\u00e1nico y due\u00f1o de la disquera Virgin records, Richard Branson, comenz\u00f3 poco antes del mediod\u00eda local en el lado&hellip;<\/p>\n","protected":false},"author":4,"featured_media":39464,"comment_status":"closed","ping_status":"open","sticky":false,"template":"","format":"standard","meta":{"_acf_changed":false,"footnotes":""},"categories":[11,7],"tags":[1743,1492,1499,1500],"class_list":["post-39463","post","type-post","status-publish","format-standard","has-post-thumbnail","hentry","category-que-pasa","category-mundo","tag-aid-live","tag-guaido","tag-maduro","tag-venezuela"],"acf":[],"yoast_head":"<!-- This site is optimized with the Yoast SEO plugin v27.4 - https:\/\/yoast.com\/product\/yoast-seo-wordpress\/ -->\n<title>Venezuela: duelo de conciertos en la frontera - Diario Textual<\/title>\n<meta name=\"robots\" content=\"index, follow, max-snippet:-1, max-image-preview:large, max-video-preview:-1\" \/>\n<link rel=\"canonical\" href=\"https:\/\/diariotextual.com\/inicio\/index.php\/2019\/02\/22\/venezuela-duelo-conciertos-la-frontera\/\" \/>\n<meta property=\"og:locale\" content=\"es_ES\" \/>\n<meta property=\"og:type\" content=\"article\" \/>\n<meta property=\"og:title\" content=\"Venezuela: duelo de conciertos en la frontera - Diario Textual\" \/>\n<meta property=\"og:description\" content=\"El concierto Venezuela Aid Live, que fue convocado por el multimillonario brit\u00e1nico y due\u00f1o de la disquera Virgin records, Richard Branson, comenz\u00f3 poco antes del mediod\u00eda local en el lado&hellip;\" \/>\n<meta property=\"og:url\" content=\"https:\/\/diariotextual.com\/inicio\/index.php\/2019\/02\/22\/venezuela-duelo-conciertos-la-frontera\/\" \/>\n<meta property=\"og:site_name\" content=\"Diario Textual\" \/>\n<meta property=\"article:publisher\" content=\"https:\/\/www.facebook.com\/eltextual\" \/>\n<meta property=\"article:published_time\" content=\"2019-02-22T22:42:23+00:00\" \/>\n<meta property=\"article:modified_time\" content=\"2019-02-22T23:54:32+00:00\" \/>\n<meta property=\"og:image\" content=\"https:\/\/diariotextual.com\/inicio\/wp-content\/uploads\/2019\/02\/venezuelaaidliveconcierto6327.jpg\" \/>\n\t<meta property=\"og:image:width\" content=\"808\" \/>\n\t<meta property=\"og:image:height\" content=\"453\" \/>\n\t<meta property=\"og:image:type\" content=\"image\/jpeg\" \/>\n<meta name=\"author\" content=\"diario2\" \/>\n<meta name=\"twitter:card\" content=\"summary_large_image\" \/>\n<meta name=\"twitter:creator\" content=\"@eltextual\" \/>\n<meta name=\"twitter:site\" content=\"@eltextual\" \/>\n<meta name=\"twitter:label1\" content=\"Escrito por\" \/>\n\t<meta name=\"twitter:data1\" content=\"diario2\" \/>\n\t<meta name=\"twitter:label2\" content=\"Tiempo de lectura\" \/>\n\t<meta name=\"twitter:data2\" content=\"2 minutos\" \/>\n<script type=\"application\/ld+json\" class=\"yoast-schema-graph\">{\"@context\":\"https:\\\/\\\/schema.org\",\"@graph\":[{\"@type\":\"Article\",\"@id\":\"https:\\\/\\\/diariotextual.com\\\/inicio\\\/index.php\\\/2019\\\/02\\\/22\\\/venezuela-duelo-conciertos-la-frontera\\\/#article\",\"isPartOf\":{\"@id\":\"https:\\\/\\\/diariotextual.com\\\/inicio\\\/index.php\\\/2019\\\/02\\\/22\\\/venezuela-duelo-conciertos-la-frontera\\\/\"},\"author\":{\"name\":\"diario2\",\"@id\":\"https:\\\/\\\/diariotextual.com\\\/inicio\\\/#\\\/schema\\\/person\\\/694f60677f23c4a530867a98f22b3768\"},\"headline\":\"Venezuela: duelo de conciertos en la frontera\",\"datePublished\":\"2019-02-22T22:42:23+00:00\",\"dateModified\":\"2019-02-22T23:54:32+00:00\",\"mainEntityOfPage\":{\"@id\":\"https:\\\/\\\/diariotextual.com\\\/inicio\\\/index.php\\\/2019\\\/02\\\/22\\\/venezuela-duelo-conciertos-la-frontera\\\/\"},\"wordCount\":434,\"publisher\":{\"@id\":\"https:\\\/\\\/diariotextual.com\\\/inicio\\\/#organization\"},\"image\":{\"@id\":\"https:\\\/\\\/diariotextual.com\\\/inicio\\\/index.php\\\/2019\\\/02\\\/22\\\/venezuela-duelo-conciertos-la-frontera\\\/#primaryimage\"},\"thumbnailUrl\":\"https:\\\/\\\/diariotextual.com\\\/inicio\\\/wp-content\\\/uploads\\\/2019\\\/02\\\/venezuelaaidliveconcierto6327.jpg\",\"keywords\":[\"aid Live\",\"guaido\",\"maduro\",\"Venezuela\"],\"articleSection\":[\"A - QUE PASA (al costado)\",\"MUNDO\"],\"inLanguage\":\"es\"},{\"@type\":\"WebPage\",\"@id\":\"https:\\\/\\\/diariotextual.com\\\/inicio\\\/index.php\\\/2019\\\/02\\\/22\\\/venezuela-duelo-conciertos-la-frontera\\\/\",\"url\":\"https:\\\/\\\/diariotextual.com\\\/inicio\\\/index.php\\\/2019\\\/02\\\/22\\\/venezuela-duelo-conciertos-la-frontera\\\/\",\"name\":\"Venezuela: duelo de conciertos en la frontera - Diario Textual\",\"isPartOf\":{\"@id\":\"https:\\\/\\\/diariotextual.com\\\/inicio\\\/#website\"},\"primaryImageOfPage\":{\"@id\":\"https:\\\/\\\/diariotextual.com\\\/inicio\\\/index.php\\\/2019\\\/02\\\/22\\\/venezuela-duelo-conciertos-la-frontera\\\/#primaryimage\"},\"image\":{\"@id\":\"https:\\\/\\\/diariotextual.com\\\/inicio\\\/index.php\\\/2019\\\/02\\\/22\\\/venezuela-duelo-conciertos-la-frontera\\\/#primaryimage\"},\"thumbnailUrl\":\"https:\\\/\\\/diariotextual.com\\\/inicio\\\/wp-content\\\/uploads\\\/2019\\\/02\\\/venezuelaaidliveconcierto6327.jpg\",\"datePublished\":\"2019-02-22T22:42:23+00:00\",\"dateModified\":\"2019-02-22T23:54:32+00:00\",\"breadcrumb\":{\"@id\":\"https:\\\/\\\/diariotextual.com\\\/inicio\\\/index.php\\\/2019\\\/02\\\/22\\\/venezuela-duelo-conciertos-la-frontera\\\/#breadcrumb\"},\"inLanguage\":\"es\",\"potentialAction\":[{\"@type\":\"ReadAction\",\"target\":[\"https:\\\/\\\/diariotextual.com\\\/inicio\\\/index.php\\\/2019\\\/02\\\/22\\\/venezuela-duelo-conciertos-la-frontera\\\/\"]}]},{\"@type\":\"ImageObject\",\"inLanguage\":\"es\",\"@id\":\"https:\\\/\\\/diariotextual.com\\\/inicio\\\/index.php\\\/2019\\\/02\\\/22\\\/venezuela-duelo-conciertos-la-frontera\\\/#primaryimage\",\"url\":\"https:\\\/\\\/diariotextual.com\\\/inicio\\\/wp-content\\\/uploads\\\/2019\\\/02\\\/venezuelaaidliveconcierto6327.jpg\",\"contentUrl\":\"https:\\\/\\\/diariotextual.com\\\/inicio\\\/wp-content\\\/uploads\\\/2019\\\/02\\\/venezuelaaidliveconcierto6327.jpg\",\"width\":808,\"height\":453},{\"@type\":\"BreadcrumbList\",\"@id\":\"https:\\\/\\\/diariotextual.com\\\/inicio\\\/index.php\\\/2019\\\/02\\\/22\\\/venezuela-duelo-conciertos-la-frontera\\\/#breadcrumb\",\"itemListElement\":[{\"@type\":\"ListItem\",\"position\":1,\"name\":\"Portada\",\"item\":\"https:\\\/\\\/diariotextual.com\\\/inicio\\\/\"},{\"@type\":\"ListItem\",\"position\":2,\"name\":\"Venezuela: duelo de conciertos en la frontera\"}]},{\"@type\":\"WebSite\",\"@id\":\"https:\\\/\\\/diariotextual.com\\\/inicio\\\/#website\",\"url\":\"https:\\\/\\\/diariotextual.com\\\/inicio\\\/\",\"name\":\"Diario Textual\",\"description\":\"\",\"publisher\":{\"@id\":\"https:\\\/\\\/diariotextual.com\\\/inicio\\\/#organization\"},\"potentialAction\":[{\"@type\":\"SearchAction\",\"target\":{\"@type\":\"EntryPoint\",\"urlTemplate\":\"https:\\\/\\\/diariotextual.com\\\/inicio\\\/?s={search_term_string}\"},\"query-input\":{\"@type\":\"PropertyValueSpecification\",\"valueRequired\":true,\"valueName\":\"search_term_string\"}}],\"inLanguage\":\"es\"},{\"@type\":\"Organization\",\"@id\":\"https:\\\/\\\/diariotextual.com\\\/inicio\\\/#organization\",\"name\":\"Diario Textual\",\"url\":\"https:\\\/\\\/diariotextual.com\\\/inicio\\\/\",\"logo\":{\"@type\":\"ImageObject\",\"inLanguage\":\"es\",\"@id\":\"https:\\\/\\\/diariotextual.com\\\/inicio\\\/#\\\/schema\\\/logo\\\/image\\\/\",\"url\":\"https:\\\/\\\/diariotextual.com\\\/inicio\\\/wp-content\\\/uploads\\\/2023\\\/05\\\/logotextual1.jpg\",\"contentUrl\":\"https:\\\/\\\/diariotextual.com\\\/inicio\\\/wp-content\\\/uploads\\\/2023\\\/05\\\/logotextual1.jpg\",\"width\":516,\"height\":76,\"caption\":\"Diario Textual\"},\"image\":{\"@id\":\"https:\\\/\\\/diariotextual.com\\\/inicio\\\/#\\\/schema\\\/logo\\\/image\\\/\"},\"sameAs\":[\"https:\\\/\\\/www.facebook.com\\\/eltextual\",\"https:\\\/\\\/x.com\\\/eltextual\",\"http:\\\/\\\/www.instagram.com\\\/eltextual\"]},{\"@type\":\"Person\",\"@id\":\"https:\\\/\\\/diariotextual.com\\\/inicio\\\/#\\\/schema\\\/person\\\/694f60677f23c4a530867a98f22b3768\",\"name\":\"diario2\",\"image\":{\"@type\":\"ImageObject\",\"inLanguage\":\"es\",\"@id\":\"https:\\\/\\\/secure.gravatar.com\\\/avatar\\\/5a2567495ba16b852fcd8f1ed006a2e24fcace936018ed8237e95f488ad6e0a7?s=96&d=mm&r=g\",\"url\":\"https:\\\/\\\/secure.gravatar.com\\\/avatar\\\/5a2567495ba16b852fcd8f1ed006a2e24fcace936018ed8237e95f488ad6e0a7?s=96&d=mm&r=g\",\"contentUrl\":\"https:\\\/\\\/secure.gravatar.com\\\/avatar\\\/5a2567495ba16b852fcd8f1ed006a2e24fcace936018ed8237e95f488ad6e0a7?s=96&d=mm&r=g\",\"caption\":\"diario2\"},\"url\":\"https:\\\/\\\/diariotextual.com\\\/inicio\\\/index.php\\\/author\\\/diario2\\\/\"}]}<\/script>\n<!-- \/ Yoast SEO plugin. -->","yoast_head_json":{"title":"Venezuela: duelo de conciertos en la frontera - Diario Textual","robots":{"index":"index","follow":"follow","max-snippet":"max-snippet:-1","max-image-preview":"max-image-preview:large","max-video-preview":"max-video-preview:-1"},"canonical":"https:\/\/diariotextual.com\/inicio\/index.php\/2019\/02\/22\/venezuela-duelo-conciertos-la-frontera\/","og_locale":"es_ES","og_type":"article","og_title":"Venezuela: duelo de conciertos en la frontera - Diario Textual","og_description":"El concierto Venezuela Aid Live, que fue convocado por el multimillonario brit\u00e1nico y due\u00f1o de la disquera Virgin records, Richard Branson, comenz\u00f3 poco antes del mediod\u00eda local en el lado&hellip;","og_url":"https:\/\/diariotextual.com\/inicio\/index.php\/2019\/02\/22\/venezuela-duelo-conciertos-la-frontera\/","og_site_name":"Diario Textual","article_publisher":"https:\/\/www.facebook.com\/eltextual","article_published_time":"2019-02-22T22:42:23+00:00","article_modified_time":"2019-02-22T23:54:32+00:00","og_image":[{"width":808,"height":453,"url":"https:\/\/diariotextual.com\/inicio\/wp-content\/uploads\/2019\/02\/venezuelaaidliveconcierto6327.jpg","type":"image\/jpeg"}],"author":"diario2","twitter_card":"summary_large_image","twitter_creator":"@eltextual","twitter_site":"@eltextual","twitter_misc":{"Escrito por":"diario2","Tiempo de lectura":"2 minutos"},"schema":{"@context":"https:\/\/schema.org","@graph":[{"@type":"Article","@id":"https:\/\/diariotextual.com\/inicio\/index.php\/2019\/02\/22\/venezuela-duelo-conciertos-la-frontera\/#article","isPartOf":{"@id":"https:\/\/diariotextual.com\/inicio\/index.php\/2019\/02\/22\/venezuela-duelo-conciertos-la-frontera\/"},"author":{"name":"diario2","@id":"https:\/\/diariotextual.com\/inicio\/#\/schema\/person\/694f60677f23c4a530867a98f22b3768"},"headline":"Venezuela: duelo de conciertos en la frontera","datePublished":"2019-02-22T22:42:23+00:00","dateModified":"2019-02-22T23:54:32+00:00","mainEntityOfPage":{"@id":"https:\/\/diariotextual.com\/inicio\/index.php\/2019\/02\/22\/venezuela-duelo-conciertos-la-frontera\/"},"wordCount":434,"publisher":{"@id":"https:\/\/diariotextual.com\/inicio\/#organization"},"image":{"@id":"https:\/\/diariotextual.com\/inicio\/index.php\/2019\/02\/22\/venezuela-duelo-conciertos-la-frontera\/#primaryimage"},"thumbnailUrl":"https:\/\/diariotextual.com\/inicio\/wp-content\/uploads\/2019\/02\/venezuelaaidliveconcierto6327.jpg","keywords":["aid Live","guaido","maduro","Venezuela"],"articleSection":["A - QUE PASA (al costado)","MUNDO"],"inLanguage":"es"},{"@type":"WebPage","@id":"https:\/\/diariotextual.com\/inicio\/index.php\/2019\/02\/22\/venezuela-duelo-conciertos-la-frontera\/","url":"https:\/\/diariotextual.com\/inicio\/index.php\/2019\/02\/22\/venezuela-duelo-conciertos-la-frontera\/","name":"Venezuela: duelo de conciertos en la frontera - Diario Textual","isPartOf":{"@id":"https:\/\/diariotextual.com\/inicio\/#website"},"primaryImageOfPage":{"@id":"https:\/\/diariotextual.com\/inicio\/index.php\/2019\/02\/22\/venezuela-duelo-conciertos-la-frontera\/#primaryimage"},"image":{"@id":"https:\/\/diariotextual.com\/inicio\/index.php\/2019\/02\/22\/venezuela-duelo-conciertos-la-frontera\/#primaryimage"},"thumbnailUrl":"https:\/\/diariotextual.com\/inicio\/wp-content\/uploads\/2019\/02\/venezuelaaidliveconcierto6327.jpg","datePublished":"2019-02-22T22:42:23+00:00","dateModified":"2019-02-22T23:54:32+00:00","breadcrumb":{"@id":"https:\/\/diariotextual.com\/inicio\/index.php\/2019\/02\/22\/venezuela-duelo-conciertos-la-frontera\/#breadcrumb"},"inLanguage":"es","potentialAction":[{"@type":"ReadAction","target":["https:\/\/diariotextual.com\/inicio\/index.php\/2019\/02\/22\/venezuela-duelo-conciertos-la-frontera\/"]}]},{"@type":"ImageObject","inLanguage":"es","@id":"https:\/\/diariotextual.com\/inicio\/index.php\/2019\/02\/22\/venezuela-duelo-conciertos-la-frontera\/#primaryimage","url":"https:\/\/diariotextual.com\/inicio\/wp-content\/uploads\/2019\/02\/venezuelaaidliveconcierto6327.jpg","contentUrl":"https:\/\/diariotextual.com\/inicio\/wp-content\/uploads\/2019\/02\/venezuelaaidliveconcierto6327.jpg","width":808,"height":453},{"@type":"BreadcrumbList","@id":"https:\/\/diariotextual.com\/inicio\/index.php\/2019\/02\/22\/venezuela-duelo-conciertos-la-frontera\/#breadcrumb","itemListElement":[{"@type":"ListItem","position":1,"name":"Portada","item":"https:\/\/diariotextual.com\/inicio\/"},{"@type":"ListItem","position":2,"name":"Venezuela: duelo de conciertos en la frontera"}]},{"@type":"WebSite","@id":"https:\/\/diariotextual.com\/inicio\/#website","url":"https:\/\/diariotextual.com\/inicio\/","name":"Diario Textual","description":"","publisher":{"@id":"https:\/\/diariotextual.com\/inicio\/#organization"},"potentialAction":[{"@type":"SearchAction","target":{"@type":"EntryPoint","urlTemplate":"https:\/\/diariotextual.com\/inicio\/?s={search_term_string}"},"query-input":{"@type":"PropertyValueSpecification","valueRequired":true,"valueName":"search_term_string"}}],"inLanguage":"es"},{"@type":"Organization","@id":"https:\/\/diariotextual.com\/inicio\/#organization","name":"Diario Textual","url":"https:\/\/diariotextual.com\/inicio\/","logo":{"@type":"ImageObject","inLanguage":"es","@id":"https:\/\/diariotextual.com\/inicio\/#\/schema\/logo\/image\/","url":"https:\/\/diariotextual.com\/inicio\/wp-content\/uploads\/2023\/05\/logotextual1.jpg","contentUrl":"https:\/\/diariotextual.com\/inicio\/wp-content\/uploads\/2023\/05\/logotextual1.jpg","width":516,"height":76,"caption":"Diario Textual"},"image":{"@id":"https:\/\/diariotextual.com\/inicio\/#\/schema\/logo\/image\/"},"sameAs":["https:\/\/www.facebook.com\/eltextual","https:\/\/x.com\/eltextual","http:\/\/www.instagram.com\/eltextual"]},{"@type":"Person","@id":"https:\/\/diariotextual.com\/inicio\/#\/schema\/person\/694f60677f23c4a530867a98f22b3768","name":"diario2","image":{"@type":"ImageObject","inLanguage":"es","@id":"https:\/\/secure.gravatar.com\/avatar\/5a2567495ba16b852fcd8f1ed006a2e24fcace936018ed8237e95f488ad6e0a7?s=96&d=mm&r=g","url":"https:\/\/secure.gravatar.com\/avatar\/5a2567495ba16b852fcd8f1ed006a2e24fcace936018ed8237e95f488ad6e0a7?s=96&d=mm&r=g","contentUrl":"https:\/\/secure.gravatar.com\/avatar\/5a2567495ba16b852fcd8f1ed006a2e24fcace936018ed8237e95f488ad6e0a7?s=96&d=mm&r=g","caption":"diario2"},"url":"https:\/\/diariotextual.com\/inicio\/index.php\/author\/diario2\/"}]}},"_links":{"self":[{"href":"https:\/\/diariotextual.com\/inicio\/index.php\/wp-json\/wp\/v2\/posts\/39463","targetHints":{"allow":["GET"]}}],"collection":[{"href":"https:\/\/diariotextual.com\/inicio\/index.php\/wp-json\/wp\/v2\/posts"}],"about":[{"href":"https:\/\/diariotextual.com\/inicio\/index.php\/wp-json\/wp\/v2\/types\/post"}],"author":[{"embeddable":true,"href":"https:\/\/diariotextual.com\/inicio\/index.php\/wp-json\/wp\/v2\/users\/4"}],"replies":[{"embeddable":true,"href":"https:\/\/diariotextual.com\/inicio\/index.php\/wp-json\/wp\/v2\/comments?post=39463"}],"version-history":[{"count":1,"href":"https:\/\/diariotextual.com\/inicio\/index.php\/wp-json\/wp\/v2\/posts\/39463\/revisions"}],"predecessor-version":[{"id":39465,"href":"https:\/\/diariotextual.com\/inicio\/index.php\/wp-json\/wp\/v2\/posts\/39463\/revisions\/39465"}],"wp:featuredmedia":[{"embeddable":true,"href":"https:\/\/diariotextual.com\/inicio\/index.php\/wp-json\/wp\/v2\/media\/39464"}],"wp:attachment":[{"href":"https:\/\/diariotextual.com\/inicio\/index.php\/wp-json\/wp\/v2\/media?parent=39463"}],"wp:term":[{"taxonomy":"category","embeddable":true,"href":"https:\/\/diariotextual.com\/inicio\/index.php\/wp-json\/wp\/v2\/categories?post=39463"},{"taxonomy":"post_tag","embeddable":true,"href":"https:\/\/diariotextual.com\/inicio\/index.php\/wp-json\/wp\/v2\/tags?post=39463"}],"curies":[{"name":"wp","href":"https:\/\/api.w.org\/{rel}","templated":true}]}}