{"id":39546,"date":"2019-02-23T17:29:26","date_gmt":"2019-02-23T20:29:26","guid":{"rendered":"http:\/\/diariotextual.com\/inicio\/?p=39546"},"modified":"2019-02-24T13:37:45","modified_gmt":"2019-02-24T16:37:45","slug":"queman-camiones-la-ayuda-humanitaria-maduro-rompe-relaciones-colombia","status":"publish","type":"post","link":"https:\/\/diariotextual.com\/inicio\/index.php\/2019\/02\/23\/queman-camiones-la-ayuda-humanitaria-maduro-rompe-relaciones-colombia\/","title":{"rendered":"Queman camiones de la \u00abayuda humanitaria\u00bb y Maduro rompe relaciones con Colombia"},"content":{"rendered":"<p>Crece minuto a minuto la tensi\u00f3n en Venezuela. El presidente de Venezuela, <strong>Nicol\u00e1s Maduro<\/strong>, inform\u00f3 este s\u00e1bado<strong> la ruptura de \u00abtodas las relaciones diplom\u00e1ticas y pol\u00edticas\u00bb con Colombia<\/strong>, en momentos en que se produjo la deserci\u00f3n de al menos dos decenas de integrantes de la\u00a0Guardia Nacional Bolivariana y se est\u00e1 intentando impedir el ingreso al pa\u00eds caribe\u00f1o de la \u00abayuda humanitaria\u00bb anunciada por el autoproclamado presidente encargado <strong>Juan Guaid\u00f3<\/strong>. Ni bien cruzaron la frontera, la caravana fue atacada con bombas molotov: varios camiones se incendiaron.<\/p>\n<p>Maduro hizo el anuncio en una concentraci\u00f3n en Caracas, luego de reiterar su denuncia contra su hom\u00f3logo colombiano, Iv\u00e1n Duque, de apoyar la promoci\u00f3n de una \u00abintervenci\u00f3n militar extranjera\u00bb en Venezuela.<\/p>\n<p><strong>\u00abLa paciencia se agot\u00f3, no puedo seguir soportando, no podemos seguir soportando que se preste el territorio de Colombia para un agresi\u00f3n contra Venezuela\u00bb, manifest\u00f3 Maduro.<\/strong><\/p>\n<p>El mandatario\u00a0dio un plazo de 24 horas al personal diplom\u00e1tico de Bogot\u00e1 en Caracas para abandonar el pa\u00eds.<\/p>\n<p>Los integrantes de la Guarda Nacional\u00a0reprimieron con gases lacrim\u00f3genos a cientos de personas que intentaron cruzar a la localidad colombiana de C\u00facuta por el puente Francisco de Paula Santander, en Ure\u00f1a, en el estado fronterizo de T\u00e1chira, al oeste de Caracas. Tambi\u00e9n se registraron enfrentamientos en Santa Elena de Uair\u00e9n, en la frontera con Brasil, donde m\u00e9dicos y el Foro Penal Venezolano denunciaron por lo menos dos muertos y 18 heridos.<\/p>\n<p>Por otro lado, 23 integrantes de esa fuerza desertaron mientras el oficialismo intenta impedir hoy la entrada de la \u00abayuda humanitaria\u00bb desde Colombia.<\/p>\n<p>&nbsp;<\/p>\n<p>&nbsp;<\/p>\n","protected":false},"excerpt":{"rendered":"<p>Crece minuto a minuto la tensi\u00f3n en Venezuela. El presidente de Venezuela, Nicol\u00e1s Maduro, inform\u00f3 este s\u00e1bado la ruptura de \u00abtodas las relaciones diplom\u00e1ticas y pol\u00edticas\u00bb con Colombia, en momentos&hellip;<\/p>\n","protected":false},"author":3,"featured_media":39549,"comment_status":"closed","ping_status":"open","sticky":false,"template":"","format":"standard","meta":{"_acf_changed":false,"footnotes":""},"categories":[319,7],"tags":[],"class_list":["post-39546","post","type-post","status-publish","format-standard","has-post-thumbnail","hentry","category-a-temporales","category-mundo"],"acf":[],"yoast_head":"<!-- This site is optimized with the Yoast SEO plugin v27.4 - https:\/\/yoast.com\/product\/yoast-seo-wordpress\/ -->\n<title>Queman camiones de la &quot;ayuda humanitaria&quot; y Maduro rompe relaciones con Colombia - Diario Textual<\/title>\n<meta name=\"robots\" content=\"index, follow, max-snippet:-1, max-image-preview:large, max-video-preview:-1\" \/>\n<link rel=\"canonical\" href=\"https:\/\/diariotextual.com\/inicio\/index.php\/2019\/02\/23\/queman-camiones-la-ayuda-humanitaria-maduro-rompe-relaciones-colombia\/\" \/>\n<meta property=\"og:locale\" content=\"es_ES\" \/>\n<meta property=\"og:type\" content=\"article\" \/>\n<meta property=\"og:title\" content=\"Queman camiones de la &quot;ayuda humanitaria&quot; y Maduro rompe relaciones con Colombia - Diario Textual\" \/>\n<meta property=\"og:description\" content=\"Crece minuto a minuto la tensi\u00f3n en Venezuela. El presidente de Venezuela, Nicol\u00e1s Maduro, inform\u00f3 este s\u00e1bado la ruptura de \u00abtodas las relaciones diplom\u00e1ticas y pol\u00edticas\u00bb con Colombia, en momentos&hellip;\" \/>\n<meta property=\"og:url\" content=\"https:\/\/diariotextual.com\/inicio\/index.php\/2019\/02\/23\/queman-camiones-la-ayuda-humanitaria-maduro-rompe-relaciones-colombia\/\" \/>\n<meta property=\"og:site_name\" content=\"Diario Textual\" \/>\n<meta property=\"article:publisher\" content=\"https:\/\/www.facebook.com\/eltextual\" \/>\n<meta property=\"article:published_time\" content=\"2019-02-23T20:29:26+00:00\" \/>\n<meta property=\"article:modified_time\" content=\"2019-02-24T16:37:45+00:00\" \/>\n<meta property=\"og:image\" content=\"https:\/\/diariotextual.com\/inicio\/wp-content\/uploads\/2019\/02\/venezuelacamionesincendiados2019-1.jpg\" \/>\n\t<meta property=\"og:image:width\" content=\"1079\" \/>\n\t<meta property=\"og:image:height\" content=\"745\" \/>\n\t<meta property=\"og:image:type\" content=\"image\/jpeg\" \/>\n<meta name=\"author\" content=\"Diario1 Diario1\" \/>\n<meta name=\"twitter:card\" content=\"summary_large_image\" \/>\n<meta name=\"twitter:creator\" content=\"@eltextual\" \/>\n<meta name=\"twitter:site\" content=\"@eltextual\" \/>\n<meta name=\"twitter:label1\" content=\"Escrito por\" \/>\n\t<meta name=\"twitter:data1\" content=\"Diario1 Diario1\" \/>\n\t<meta name=\"twitter:label2\" content=\"Tiempo de lectura\" \/>\n\t<meta name=\"twitter:data2\" content=\"1 minuto\" \/>\n<script type=\"application\/ld+json\" class=\"yoast-schema-graph\">{\"@context\":\"https:\\\/\\\/schema.org\",\"@graph\":[{\"@type\":\"Article\",\"@id\":\"https:\\\/\\\/diariotextual.com\\\/inicio\\\/index.php\\\/2019\\\/02\\\/23\\\/queman-camiones-la-ayuda-humanitaria-maduro-rompe-relaciones-colombia\\\/#article\",\"isPartOf\":{\"@id\":\"https:\\\/\\\/diariotextual.com\\\/inicio\\\/index.php\\\/2019\\\/02\\\/23\\\/queman-camiones-la-ayuda-humanitaria-maduro-rompe-relaciones-colombia\\\/\"},\"author\":{\"name\":\"Diario1 Diario1\",\"@id\":\"https:\\\/\\\/diariotextual.com\\\/inicio\\\/#\\\/schema\\\/person\\\/418fc4093c33e86ed41562db3508f958\"},\"headline\":\"Queman camiones de la \u00abayuda humanitaria\u00bb y Maduro rompe relaciones con Colombia\",\"datePublished\":\"2019-02-23T20:29:26+00:00\",\"dateModified\":\"2019-02-24T16:37:45+00:00\",\"mainEntityOfPage\":{\"@id\":\"https:\\\/\\\/diariotextual.com\\\/inicio\\\/index.php\\\/2019\\\/02\\\/23\\\/queman-camiones-la-ayuda-humanitaria-maduro-rompe-relaciones-colombia\\\/\"},\"wordCount\":291,\"publisher\":{\"@id\":\"https:\\\/\\\/diariotextual.com\\\/inicio\\\/#organization\"},\"image\":{\"@id\":\"https:\\\/\\\/diariotextual.com\\\/inicio\\\/index.php\\\/2019\\\/02\\\/23\\\/queman-camiones-la-ayuda-humanitaria-maduro-rompe-relaciones-colombia\\\/#primaryimage\"},\"thumbnailUrl\":\"https:\\\/\\\/diariotextual.com\\\/inicio\\\/wp-content\\\/uploads\\\/2019\\\/02\\\/venezuelacamionesincendiados2019-1.jpg\",\"articleSection\":[\"A - TEMPORALES\",\"MUNDO\"],\"inLanguage\":\"es\"},{\"@type\":\"WebPage\",\"@id\":\"https:\\\/\\\/diariotextual.com\\\/inicio\\\/index.php\\\/2019\\\/02\\\/23\\\/queman-camiones-la-ayuda-humanitaria-maduro-rompe-relaciones-colombia\\\/\",\"url\":\"https:\\\/\\\/diariotextual.com\\\/inicio\\\/index.php\\\/2019\\\/02\\\/23\\\/queman-camiones-la-ayuda-humanitaria-maduro-rompe-relaciones-colombia\\\/\",\"name\":\"Queman camiones de la \\\"ayuda humanitaria\\\" y Maduro rompe relaciones con Colombia - Diario Textual\",\"isPartOf\":{\"@id\":\"https:\\\/\\\/diariotextual.com\\\/inicio\\\/#website\"},\"primaryImageOfPage\":{\"@id\":\"https:\\\/\\\/diariotextual.com\\\/inicio\\\/index.php\\\/2019\\\/02\\\/23\\\/queman-camiones-la-ayuda-humanitaria-maduro-rompe-relaciones-colombia\\\/#primaryimage\"},\"image\":{\"@id\":\"https:\\\/\\\/diariotextual.com\\\/inicio\\\/index.php\\\/2019\\\/02\\\/23\\\/queman-camiones-la-ayuda-humanitaria-maduro-rompe-relaciones-colombia\\\/#primaryimage\"},\"thumbnailUrl\":\"https:\\\/\\\/diariotextual.com\\\/inicio\\\/wp-content\\\/uploads\\\/2019\\\/02\\\/venezuelacamionesincendiados2019-1.jpg\",\"datePublished\":\"2019-02-23T20:29:26+00:00\",\"dateModified\":\"2019-02-24T16:37:45+00:00\",\"breadcrumb\":{\"@id\":\"https:\\\/\\\/diariotextual.com\\\/inicio\\\/index.php\\\/2019\\\/02\\\/23\\\/queman-camiones-la-ayuda-humanitaria-maduro-rompe-relaciones-colombia\\\/#breadcrumb\"},\"inLanguage\":\"es\",\"potentialAction\":[{\"@type\":\"ReadAction\",\"target\":[\"https:\\\/\\\/diariotextual.com\\\/inicio\\\/index.php\\\/2019\\\/02\\\/23\\\/queman-camiones-la-ayuda-humanitaria-maduro-rompe-relaciones-colombia\\\/\"]}]},{\"@type\":\"ImageObject\",\"inLanguage\":\"es\",\"@id\":\"https:\\\/\\\/diariotextual.com\\\/inicio\\\/index.php\\\/2019\\\/02\\\/23\\\/queman-camiones-la-ayuda-humanitaria-maduro-rompe-relaciones-colombia\\\/#primaryimage\",\"url\":\"https:\\\/\\\/diariotextual.com\\\/inicio\\\/wp-content\\\/uploads\\\/2019\\\/02\\\/venezuelacamionesincendiados2019-1.jpg\",\"contentUrl\":\"https:\\\/\\\/diariotextual.com\\\/inicio\\\/wp-content\\\/uploads\\\/2019\\\/02\\\/venezuelacamionesincendiados2019-1.jpg\",\"width\":1079,\"height\":745},{\"@type\":\"BreadcrumbList\",\"@id\":\"https:\\\/\\\/diariotextual.com\\\/inicio\\\/index.php\\\/2019\\\/02\\\/23\\\/queman-camiones-la-ayuda-humanitaria-maduro-rompe-relaciones-colombia\\\/#breadcrumb\",\"itemListElement\":[{\"@type\":\"ListItem\",\"position\":1,\"name\":\"Portada\",\"item\":\"https:\\\/\\\/diariotextual.com\\\/inicio\\\/\"},{\"@type\":\"ListItem\",\"position\":2,\"name\":\"Queman camiones de la \u00abayuda humanitaria\u00bb y Maduro rompe relaciones con Colombia\"}]},{\"@type\":\"WebSite\",\"@id\":\"https:\\\/\\\/diariotextual.com\\\/inicio\\\/#website\",\"url\":\"https:\\\/\\\/diariotextual.com\\\/inicio\\\/\",\"name\":\"Diario Textual\",\"description\":\"\",\"publisher\":{\"@id\":\"https:\\\/\\\/diariotextual.com\\\/inicio\\\/#organization\"},\"potentialAction\":[{\"@type\":\"SearchAction\",\"target\":{\"@type\":\"EntryPoint\",\"urlTemplate\":\"https:\\\/\\\/diariotextual.com\\\/inicio\\\/?s={search_term_string}\"},\"query-input\":{\"@type\":\"PropertyValueSpecification\",\"valueRequired\":true,\"valueName\":\"search_term_string\"}}],\"inLanguage\":\"es\"},{\"@type\":\"Organization\",\"@id\":\"https:\\\/\\\/diariotextual.com\\\/inicio\\\/#organization\",\"name\":\"Diario Textual\",\"url\":\"https:\\\/\\\/diariotextual.com\\\/inicio\\\/\",\"logo\":{\"@type\":\"ImageObject\",\"inLanguage\":\"es\",\"@id\":\"https:\\\/\\\/diariotextual.com\\\/inicio\\\/#\\\/schema\\\/logo\\\/image\\\/\",\"url\":\"https:\\\/\\\/diariotextual.com\\\/inicio\\\/wp-content\\\/uploads\\\/2023\\\/05\\\/logotextual1.jpg\",\"contentUrl\":\"https:\\\/\\\/diariotextual.com\\\/inicio\\\/wp-content\\\/uploads\\\/2023\\\/05\\\/logotextual1.jpg\",\"width\":516,\"height\":76,\"caption\":\"Diario Textual\"},\"image\":{\"@id\":\"https:\\\/\\\/diariotextual.com\\\/inicio\\\/#\\\/schema\\\/logo\\\/image\\\/\"},\"sameAs\":[\"https:\\\/\\\/www.facebook.com\\\/eltextual\",\"https:\\\/\\\/x.com\\\/eltextual\",\"http:\\\/\\\/www.instagram.com\\\/eltextual\"]},{\"@type\":\"Person\",\"@id\":\"https:\\\/\\\/diariotextual.com\\\/inicio\\\/#\\\/schema\\\/person\\\/418fc4093c33e86ed41562db3508f958\",\"name\":\"Diario1 Diario1\",\"image\":{\"@type\":\"ImageObject\",\"inLanguage\":\"es\",\"@id\":\"https:\\\/\\\/secure.gravatar.com\\\/avatar\\\/9167d280179c85bc18be67aa7eda765854300033af4896dd779b608640f2ef7a?s=96&d=mm&r=g\",\"url\":\"https:\\\/\\\/secure.gravatar.com\\\/avatar\\\/9167d280179c85bc18be67aa7eda765854300033af4896dd779b608640f2ef7a?s=96&d=mm&r=g\",\"contentUrl\":\"https:\\\/\\\/secure.gravatar.com\\\/avatar\\\/9167d280179c85bc18be67aa7eda765854300033af4896dd779b608640f2ef7a?s=96&d=mm&r=g\",\"caption\":\"Diario1 Diario1\"},\"url\":\"https:\\\/\\\/diariotextual.com\\\/inicio\\\/index.php\\\/author\\\/diario1\\\/\"}]}<\/script>\n<!-- \/ Yoast SEO plugin. -->","yoast_head_json":{"title":"Queman camiones de la \"ayuda humanitaria\" y Maduro rompe relaciones con Colombia - Diario Textual","robots":{"index":"index","follow":"follow","max-snippet":"max-snippet:-1","max-image-preview":"max-image-preview:large","max-video-preview":"max-video-preview:-1"},"canonical":"https:\/\/diariotextual.com\/inicio\/index.php\/2019\/02\/23\/queman-camiones-la-ayuda-humanitaria-maduro-rompe-relaciones-colombia\/","og_locale":"es_ES","og_type":"article","og_title":"Queman camiones de la \"ayuda humanitaria\" y Maduro rompe relaciones con Colombia - Diario Textual","og_description":"Crece minuto a minuto la tensi\u00f3n en Venezuela. El presidente de Venezuela, Nicol\u00e1s Maduro, inform\u00f3 este s\u00e1bado la ruptura de \u00abtodas las relaciones diplom\u00e1ticas y pol\u00edticas\u00bb con Colombia, en momentos&hellip;","og_url":"https:\/\/diariotextual.com\/inicio\/index.php\/2019\/02\/23\/queman-camiones-la-ayuda-humanitaria-maduro-rompe-relaciones-colombia\/","og_site_name":"Diario Textual","article_publisher":"https:\/\/www.facebook.com\/eltextual","article_published_time":"2019-02-23T20:29:26+00:00","article_modified_time":"2019-02-24T16:37:45+00:00","og_image":[{"width":1079,"height":745,"url":"https:\/\/diariotextual.com\/inicio\/wp-content\/uploads\/2019\/02\/venezuelacamionesincendiados2019-1.jpg","type":"image\/jpeg"}],"author":"Diario1 Diario1","twitter_card":"summary_large_image","twitter_creator":"@eltextual","twitter_site":"@eltextual","twitter_misc":{"Escrito por":"Diario1 Diario1","Tiempo de lectura":"1 minuto"},"schema":{"@context":"https:\/\/schema.org","@graph":[{"@type":"Article","@id":"https:\/\/diariotextual.com\/inicio\/index.php\/2019\/02\/23\/queman-camiones-la-ayuda-humanitaria-maduro-rompe-relaciones-colombia\/#article","isPartOf":{"@id":"https:\/\/diariotextual.com\/inicio\/index.php\/2019\/02\/23\/queman-camiones-la-ayuda-humanitaria-maduro-rompe-relaciones-colombia\/"},"author":{"name":"Diario1 Diario1","@id":"https:\/\/diariotextual.com\/inicio\/#\/schema\/person\/418fc4093c33e86ed41562db3508f958"},"headline":"Queman camiones de la \u00abayuda humanitaria\u00bb y Maduro rompe relaciones con Colombia","datePublished":"2019-02-23T20:29:26+00:00","dateModified":"2019-02-24T16:37:45+00:00","mainEntityOfPage":{"@id":"https:\/\/diariotextual.com\/inicio\/index.php\/2019\/02\/23\/queman-camiones-la-ayuda-humanitaria-maduro-rompe-relaciones-colombia\/"},"wordCount":291,"publisher":{"@id":"https:\/\/diariotextual.com\/inicio\/#organization"},"image":{"@id":"https:\/\/diariotextual.com\/inicio\/index.php\/2019\/02\/23\/queman-camiones-la-ayuda-humanitaria-maduro-rompe-relaciones-colombia\/#primaryimage"},"thumbnailUrl":"https:\/\/diariotextual.com\/inicio\/wp-content\/uploads\/2019\/02\/venezuelacamionesincendiados2019-1.jpg","articleSection":["A - TEMPORALES","MUNDO"],"inLanguage":"es"},{"@type":"WebPage","@id":"https:\/\/diariotextual.com\/inicio\/index.php\/2019\/02\/23\/queman-camiones-la-ayuda-humanitaria-maduro-rompe-relaciones-colombia\/","url":"https:\/\/diariotextual.com\/inicio\/index.php\/2019\/02\/23\/queman-camiones-la-ayuda-humanitaria-maduro-rompe-relaciones-colombia\/","name":"Queman camiones de la \"ayuda humanitaria\" y Maduro rompe relaciones con Colombia - Diario Textual","isPartOf":{"@id":"https:\/\/diariotextual.com\/inicio\/#website"},"primaryImageOfPage":{"@id":"https:\/\/diariotextual.com\/inicio\/index.php\/2019\/02\/23\/queman-camiones-la-ayuda-humanitaria-maduro-rompe-relaciones-colombia\/#primaryimage"},"image":{"@id":"https:\/\/diariotextual.com\/inicio\/index.php\/2019\/02\/23\/queman-camiones-la-ayuda-humanitaria-maduro-rompe-relaciones-colombia\/#primaryimage"},"thumbnailUrl":"https:\/\/diariotextual.com\/inicio\/wp-content\/uploads\/2019\/02\/venezuelacamionesincendiados2019-1.jpg","datePublished":"2019-02-23T20:29:26+00:00","dateModified":"2019-02-24T16:37:45+00:00","breadcrumb":{"@id":"https:\/\/diariotextual.com\/inicio\/index.php\/2019\/02\/23\/queman-camiones-la-ayuda-humanitaria-maduro-rompe-relaciones-colombia\/#breadcrumb"},"inLanguage":"es","potentialAction":[{"@type":"ReadAction","target":["https:\/\/diariotextual.com\/inicio\/index.php\/2019\/02\/23\/queman-camiones-la-ayuda-humanitaria-maduro-rompe-relaciones-colombia\/"]}]},{"@type":"ImageObject","inLanguage":"es","@id":"https:\/\/diariotextual.com\/inicio\/index.php\/2019\/02\/23\/queman-camiones-la-ayuda-humanitaria-maduro-rompe-relaciones-colombia\/#primaryimage","url":"https:\/\/diariotextual.com\/inicio\/wp-content\/uploads\/2019\/02\/venezuelacamionesincendiados2019-1.jpg","contentUrl":"https:\/\/diariotextual.com\/inicio\/wp-content\/uploads\/2019\/02\/venezuelacamionesincendiados2019-1.jpg","width":1079,"height":745},{"@type":"BreadcrumbList","@id":"https:\/\/diariotextual.com\/inicio\/index.php\/2019\/02\/23\/queman-camiones-la-ayuda-humanitaria-maduro-rompe-relaciones-colombia\/#breadcrumb","itemListElement":[{"@type":"ListItem","position":1,"name":"Portada","item":"https:\/\/diariotextual.com\/inicio\/"},{"@type":"ListItem","position":2,"name":"Queman camiones de la \u00abayuda humanitaria\u00bb y Maduro rompe relaciones con Colombia"}]},{"@type":"WebSite","@id":"https:\/\/diariotextual.com\/inicio\/#website","url":"https:\/\/diariotextual.com\/inicio\/","name":"Diario Textual","description":"","publisher":{"@id":"https:\/\/diariotextual.com\/inicio\/#organization"},"potentialAction":[{"@type":"SearchAction","target":{"@type":"EntryPoint","urlTemplate":"https:\/\/diariotextual.com\/inicio\/?s={search_term_string}"},"query-input":{"@type":"PropertyValueSpecification","valueRequired":true,"valueName":"search_term_string"}}],"inLanguage":"es"},{"@type":"Organization","@id":"https:\/\/diariotextual.com\/inicio\/#organization","name":"Diario Textual","url":"https:\/\/diariotextual.com\/inicio\/","logo":{"@type":"ImageObject","inLanguage":"es","@id":"https:\/\/diariotextual.com\/inicio\/#\/schema\/logo\/image\/","url":"https:\/\/diariotextual.com\/inicio\/wp-content\/uploads\/2023\/05\/logotextual1.jpg","contentUrl":"https:\/\/diariotextual.com\/inicio\/wp-content\/uploads\/2023\/05\/logotextual1.jpg","width":516,"height":76,"caption":"Diario Textual"},"image":{"@id":"https:\/\/diariotextual.com\/inicio\/#\/schema\/logo\/image\/"},"sameAs":["https:\/\/www.facebook.com\/eltextual","https:\/\/x.com\/eltextual","http:\/\/www.instagram.com\/eltextual"]},{"@type":"Person","@id":"https:\/\/diariotextual.com\/inicio\/#\/schema\/person\/418fc4093c33e86ed41562db3508f958","name":"Diario1 Diario1","image":{"@type":"ImageObject","inLanguage":"es","@id":"https:\/\/secure.gravatar.com\/avatar\/9167d280179c85bc18be67aa7eda765854300033af4896dd779b608640f2ef7a?s=96&d=mm&r=g","url":"https:\/\/secure.gravatar.com\/avatar\/9167d280179c85bc18be67aa7eda765854300033af4896dd779b608640f2ef7a?s=96&d=mm&r=g","contentUrl":"https:\/\/secure.gravatar.com\/avatar\/9167d280179c85bc18be67aa7eda765854300033af4896dd779b608640f2ef7a?s=96&d=mm&r=g","caption":"Diario1 Diario1"},"url":"https:\/\/diariotextual.com\/inicio\/index.php\/author\/diario1\/"}]}},"_links":{"self":[{"href":"https:\/\/diariotextual.com\/inicio\/index.php\/wp-json\/wp\/v2\/posts\/39546","targetHints":{"allow":["GET"]}}],"collection":[{"href":"https:\/\/diariotextual.com\/inicio\/index.php\/wp-json\/wp\/v2\/posts"}],"about":[{"href":"https:\/\/diariotextual.com\/inicio\/index.php\/wp-json\/wp\/v2\/types\/post"}],"author":[{"embeddable":true,"href":"https:\/\/diariotextual.com\/inicio\/index.php\/wp-json\/wp\/v2\/users\/3"}],"replies":[{"embeddable":true,"href":"https:\/\/diariotextual.com\/inicio\/index.php\/wp-json\/wp\/v2\/comments?post=39546"}],"version-history":[{"count":3,"href":"https:\/\/diariotextual.com\/inicio\/index.php\/wp-json\/wp\/v2\/posts\/39546\/revisions"}],"predecessor-version":[{"id":39550,"href":"https:\/\/diariotextual.com\/inicio\/index.php\/wp-json\/wp\/v2\/posts\/39546\/revisions\/39550"}],"wp:featuredmedia":[{"embeddable":true,"href":"https:\/\/diariotextual.com\/inicio\/index.php\/wp-json\/wp\/v2\/media\/39549"}],"wp:attachment":[{"href":"https:\/\/diariotextual.com\/inicio\/index.php\/wp-json\/wp\/v2\/media?parent=39546"}],"wp:term":[{"taxonomy":"category","embeddable":true,"href":"https:\/\/diariotextual.com\/inicio\/index.php\/wp-json\/wp\/v2\/categories?post=39546"},{"taxonomy":"post_tag","embeddable":true,"href":"https:\/\/diariotextual.com\/inicio\/index.php\/wp-json\/wp\/v2\/tags?post=39546"}],"curies":[{"name":"wp","href":"https:\/\/api.w.org\/{rel}","templated":true}]}}