{"id":3996,"date":"2018-04-07T10:49:19","date_gmt":"2018-04-07T10:49:19","guid":{"rendered":"http:\/\/diariotextual.com\/inicio\/?p=3996"},"modified":"2018-04-08T11:33:15","modified_gmt":"2018-04-08T11:33:15","slug":"lula-se-entregaria-este-sabado-luego-una-misa-esposa","status":"publish","type":"post","link":"https:\/\/diariotextual.com\/inicio\/index.php\/2018\/04\/07\/lula-se-entregaria-este-sabado-luego-una-misa-esposa\/","title":{"rendered":"Lula se entregar\u00eda este s\u00e1bado, luego de una misa por su esposa"},"content":{"rendered":"<p>Brasil est\u00e1 viviendo este fin de semana uno de los momentos de mayor tensi\u00f3n pol\u00edtica del siglo XXI: Luiz In\u00e1cio Lula Da Silva, sobre quien pesa una orden de detenci\u00f3n por su condena a 12 a\u00f1os de prisi\u00f3n, se presentar\u00eda este s\u00e1bado e ir\u00eda a la c\u00e1rcel.<!--more--><\/p>\n<p>El expresidente ignor\u00f3 este viernes el ultim\u00e1tum dispuesto por el juez Sergio Moro para que compareciera ante la Polic\u00eda Federal de Curitiba antes de las 5 de la tarde y se atrincher\u00f3 en el Sindicato Metal\u00fargico de San Pablo, en medio de miles de militantes.<\/p>\n<p>\u00abYa est\u00e1 definido: Lula no va a Curitiba. Vamos a pasar la noche aqu\u00ed. Esa decisi\u00f3n ya fue tomada, despu\u00e9s se negociar\u00e1 c\u00f3mo sigue\u00bb, hab\u00eda dicho el diputado Z\u00e9 Geraldo, del Partido dos Trabalhadores (PT), a la agencia AFP. As\u00ed, Lula sigui\u00f3 anoche en el Sindicato Metal\u00fargico de Sao Bernardo do Campo, en el cord\u00f3n industrial de San Pablo, donde se atrincher\u00f3 tras la disposici\u00f3n de Moro. A pesar de no haber cumplido con la decisi\u00f3n judicial, el expresidente a\u00fan no fue considerado pr\u00f3fugo.<\/p>\n<p>El expresidente asistir\u00eda hoy a una misa en honor de Marisa Let\u00edcia Rocco, su difunta esposa que este s\u00e1bado habr\u00eda cumplido 68 a\u00f1os. La versi\u00f3n que cobraba fuerza a medianoche es que el ex mandatario podr\u00eda entregarse este s\u00e1bado despu\u00e9s de ese oficio religioso, que se realizar\u00e1 en el mismo Sindicato Metalurgic. Esa era al menos la exigencia que habr\u00edan recibido sus abogados de parte del juez Moro este viernes, pero los letrados intentaban conseguir que el magistrado habilitara que Lula se presente reci\u00e9n el lunes. La situaci\u00f3n, sin embargo, segu\u00eda escribi\u00e9ndose minuto a minuto y todo era un hervidero que manten\u00eda en vilo al pa\u00eds vecino.<\/p>\n<p>Por temor a incidentes, la polic\u00eda paulista se neg\u00f3 a ir a apresar a Lula al sindicato, por temor a una batalla campal con los militantes del PT: esperar\u00e1n a que Lula se presente en una dependencia policial de San Pablo por su cuenta. La decisi\u00f3n obedece al clima de tensi\u00f3n por las miles de personas que se volcaron a las calles para rechazar la prisi\u00f3n del exmandatario.<\/p>\n<p>El l\u00edder del Partido dos Trabalhadores (PT), de 72 a\u00f1os, fue condenado a doce a\u00f1os y un mes de c\u00e1rcel por corrupci\u00f3n pasiva y lavado de dinero, por la supuesta adquisici\u00f3n de un apartamento ofrecido por una constructora para obtener contratos en Petrobras. Sin embargo, el exmandatario (2003-2010) se declara inocente y denuncia una conspiraci\u00f3n pol\u00edtico-judicial para impedir que vuelva al poder.<\/p>\n","protected":false},"excerpt":{"rendered":"<p>Brasil est\u00e1 viviendo este fin de semana uno de los momentos de mayor tensi\u00f3n pol\u00edtica del siglo XXI: Luiz In\u00e1cio Lula Da Silva, sobre quien pesa una orden de detenci\u00f3n&hellip;<\/p>\n","protected":false},"author":3,"featured_media":3998,"comment_status":"open","ping_status":"open","sticky":false,"template":"","format":"standard","meta":{"_acf_changed":false,"footnotes":""},"categories":[1,7],"tags":[],"class_list":["post-3996","post","type-post","status-publish","format-standard","has-post-thumbnail","hentry","category-es-noticia","category-mundo"],"acf":[],"yoast_head":"<!-- This site is optimized with the Yoast SEO plugin v27.5 - https:\/\/yoast.com\/product\/yoast-seo-wordpress\/ -->\n<title>Lula se entregar\u00eda este s\u00e1bado, luego de una misa por su esposa - Diario Textual<\/title>\n<meta name=\"robots\" content=\"index, follow, max-snippet:-1, max-image-preview:large, max-video-preview:-1\" \/>\n<link rel=\"canonical\" href=\"https:\/\/diariotextual.com\/inicio\/index.php\/2018\/04\/07\/lula-se-entregaria-este-sabado-luego-una-misa-esposa\/\" \/>\n<meta property=\"og:locale\" content=\"es_ES\" \/>\n<meta property=\"og:type\" content=\"article\" \/>\n<meta property=\"og:title\" content=\"Lula se entregar\u00eda este s\u00e1bado, luego de una misa por su esposa - Diario Textual\" \/>\n<meta property=\"og:description\" content=\"Brasil est\u00e1 viviendo este fin de semana uno de los momentos de mayor tensi\u00f3n pol\u00edtica del siglo XXI: Luiz In\u00e1cio Lula Da Silva, sobre quien pesa una orden de detenci\u00f3n&hellip;\" \/>\n<meta property=\"og:url\" content=\"https:\/\/diariotextual.com\/inicio\/index.php\/2018\/04\/07\/lula-se-entregaria-este-sabado-luego-una-misa-esposa\/\" \/>\n<meta property=\"og:site_name\" content=\"Diario Textual\" \/>\n<meta property=\"article:publisher\" content=\"https:\/\/www.facebook.com\/eltextual\" \/>\n<meta property=\"article:published_time\" content=\"2018-04-07T10:49:19+00:00\" \/>\n<meta property=\"article:modified_time\" content=\"2018-04-08T11:33:15+00:00\" \/>\n<meta property=\"og:image\" content=\"https:\/\/diariotextual.com\/inicio\/wp-content\/uploads\/2018\/04\/luladasilvaventana1.jpg\" \/>\n\t<meta property=\"og:image:width\" content=\"728\" \/>\n\t<meta property=\"og:image:height\" content=\"500\" \/>\n\t<meta property=\"og:image:type\" content=\"image\/jpeg\" \/>\n<meta name=\"author\" content=\"Diario1 Diario1\" \/>\n<meta name=\"twitter:card\" content=\"summary_large_image\" \/>\n<meta name=\"twitter:creator\" content=\"@eltextual\" \/>\n<meta name=\"twitter:site\" content=\"@eltextual\" \/>\n<meta name=\"twitter:label1\" content=\"Escrito por\" \/>\n\t<meta name=\"twitter:data1\" content=\"Diario1 Diario1\" \/>\n\t<meta name=\"twitter:label2\" content=\"Tiempo de lectura\" \/>\n\t<meta name=\"twitter:data2\" content=\"2 minutos\" \/>\n<script type=\"application\/ld+json\" class=\"yoast-schema-graph\">{\"@context\":\"https:\\\/\\\/schema.org\",\"@graph\":[{\"@type\":\"Article\",\"@id\":\"https:\\\/\\\/diariotextual.com\\\/inicio\\\/index.php\\\/2018\\\/04\\\/07\\\/lula-se-entregaria-este-sabado-luego-una-misa-esposa\\\/#article\",\"isPartOf\":{\"@id\":\"https:\\\/\\\/diariotextual.com\\\/inicio\\\/index.php\\\/2018\\\/04\\\/07\\\/lula-se-entregaria-este-sabado-luego-una-misa-esposa\\\/\"},\"author\":{\"name\":\"Diario1 Diario1\",\"@id\":\"https:\\\/\\\/diariotextual.com\\\/inicio\\\/#\\\/schema\\\/person\\\/418fc4093c33e86ed41562db3508f958\"},\"headline\":\"Lula se entregar\u00eda este s\u00e1bado, luego de una misa por su esposa\",\"datePublished\":\"2018-04-07T10:49:19+00:00\",\"dateModified\":\"2018-04-08T11:33:15+00:00\",\"mainEntityOfPage\":{\"@id\":\"https:\\\/\\\/diariotextual.com\\\/inicio\\\/index.php\\\/2018\\\/04\\\/07\\\/lula-se-entregaria-este-sabado-luego-una-misa-esposa\\\/\"},\"wordCount\":475,\"commentCount\":0,\"publisher\":{\"@id\":\"https:\\\/\\\/diariotextual.com\\\/inicio\\\/#organization\"},\"image\":{\"@id\":\"https:\\\/\\\/diariotextual.com\\\/inicio\\\/index.php\\\/2018\\\/04\\\/07\\\/lula-se-entregaria-este-sabado-luego-una-misa-esposa\\\/#primaryimage\"},\"thumbnailUrl\":\"https:\\\/\\\/diariotextual.com\\\/inicio\\\/wp-content\\\/uploads\\\/2018\\\/04\\\/luladasilvaventana1.jpg\",\"articleSection\":[\"A - ES NOTICIA (van abajo)\",\"MUNDO\"],\"inLanguage\":\"es\",\"potentialAction\":[{\"@type\":\"CommentAction\",\"name\":\"Comment\",\"target\":[\"https:\\\/\\\/diariotextual.com\\\/inicio\\\/index.php\\\/2018\\\/04\\\/07\\\/lula-se-entregaria-este-sabado-luego-una-misa-esposa\\\/#respond\"]}]},{\"@type\":\"WebPage\",\"@id\":\"https:\\\/\\\/diariotextual.com\\\/inicio\\\/index.php\\\/2018\\\/04\\\/07\\\/lula-se-entregaria-este-sabado-luego-una-misa-esposa\\\/\",\"url\":\"https:\\\/\\\/diariotextual.com\\\/inicio\\\/index.php\\\/2018\\\/04\\\/07\\\/lula-se-entregaria-este-sabado-luego-una-misa-esposa\\\/\",\"name\":\"Lula se entregar\u00eda este s\u00e1bado, luego de una misa por su esposa - Diario Textual\",\"isPartOf\":{\"@id\":\"https:\\\/\\\/diariotextual.com\\\/inicio\\\/#website\"},\"primaryImageOfPage\":{\"@id\":\"https:\\\/\\\/diariotextual.com\\\/inicio\\\/index.php\\\/2018\\\/04\\\/07\\\/lula-se-entregaria-este-sabado-luego-una-misa-esposa\\\/#primaryimage\"},\"image\":{\"@id\":\"https:\\\/\\\/diariotextual.com\\\/inicio\\\/index.php\\\/2018\\\/04\\\/07\\\/lula-se-entregaria-este-sabado-luego-una-misa-esposa\\\/#primaryimage\"},\"thumbnailUrl\":\"https:\\\/\\\/diariotextual.com\\\/inicio\\\/wp-content\\\/uploads\\\/2018\\\/04\\\/luladasilvaventana1.jpg\",\"datePublished\":\"2018-04-07T10:49:19+00:00\",\"dateModified\":\"2018-04-08T11:33:15+00:00\",\"breadcrumb\":{\"@id\":\"https:\\\/\\\/diariotextual.com\\\/inicio\\\/index.php\\\/2018\\\/04\\\/07\\\/lula-se-entregaria-este-sabado-luego-una-misa-esposa\\\/#breadcrumb\"},\"inLanguage\":\"es\",\"potentialAction\":[{\"@type\":\"ReadAction\",\"target\":[\"https:\\\/\\\/diariotextual.com\\\/inicio\\\/index.php\\\/2018\\\/04\\\/07\\\/lula-se-entregaria-este-sabado-luego-una-misa-esposa\\\/\"]}]},{\"@type\":\"ImageObject\",\"inLanguage\":\"es\",\"@id\":\"https:\\\/\\\/diariotextual.com\\\/inicio\\\/index.php\\\/2018\\\/04\\\/07\\\/lula-se-entregaria-este-sabado-luego-una-misa-esposa\\\/#primaryimage\",\"url\":\"https:\\\/\\\/diariotextual.com\\\/inicio\\\/wp-content\\\/uploads\\\/2018\\\/04\\\/luladasilvaventana1.jpg\",\"contentUrl\":\"https:\\\/\\\/diariotextual.com\\\/inicio\\\/wp-content\\\/uploads\\\/2018\\\/04\\\/luladasilvaventana1.jpg\",\"width\":728,\"height\":500},{\"@type\":\"BreadcrumbList\",\"@id\":\"https:\\\/\\\/diariotextual.com\\\/inicio\\\/index.php\\\/2018\\\/04\\\/07\\\/lula-se-entregaria-este-sabado-luego-una-misa-esposa\\\/#breadcrumb\",\"itemListElement\":[{\"@type\":\"ListItem\",\"position\":1,\"name\":\"Portada\",\"item\":\"https:\\\/\\\/diariotextual.com\\\/inicio\\\/\"},{\"@type\":\"ListItem\",\"position\":2,\"name\":\"Lula se entregar\u00eda este s\u00e1bado, luego de una misa por su esposa\"}]},{\"@type\":\"WebSite\",\"@id\":\"https:\\\/\\\/diariotextual.com\\\/inicio\\\/#website\",\"url\":\"https:\\\/\\\/diariotextual.com\\\/inicio\\\/\",\"name\":\"Diario Textual\",\"description\":\"\",\"publisher\":{\"@id\":\"https:\\\/\\\/diariotextual.com\\\/inicio\\\/#organization\"},\"potentialAction\":[{\"@type\":\"SearchAction\",\"target\":{\"@type\":\"EntryPoint\",\"urlTemplate\":\"https:\\\/\\\/diariotextual.com\\\/inicio\\\/?s={search_term_string}\"},\"query-input\":{\"@type\":\"PropertyValueSpecification\",\"valueRequired\":true,\"valueName\":\"search_term_string\"}}],\"inLanguage\":\"es\"},{\"@type\":\"Organization\",\"@id\":\"https:\\\/\\\/diariotextual.com\\\/inicio\\\/#organization\",\"name\":\"Diario Textual\",\"url\":\"https:\\\/\\\/diariotextual.com\\\/inicio\\\/\",\"logo\":{\"@type\":\"ImageObject\",\"inLanguage\":\"es\",\"@id\":\"https:\\\/\\\/diariotextual.com\\\/inicio\\\/#\\\/schema\\\/logo\\\/image\\\/\",\"url\":\"https:\\\/\\\/diariotextual.com\\\/inicio\\\/wp-content\\\/uploads\\\/2023\\\/05\\\/logotextual1.jpg\",\"contentUrl\":\"https:\\\/\\\/diariotextual.com\\\/inicio\\\/wp-content\\\/uploads\\\/2023\\\/05\\\/logotextual1.jpg\",\"width\":516,\"height\":76,\"caption\":\"Diario Textual\"},\"image\":{\"@id\":\"https:\\\/\\\/diariotextual.com\\\/inicio\\\/#\\\/schema\\\/logo\\\/image\\\/\"},\"sameAs\":[\"https:\\\/\\\/www.facebook.com\\\/eltextual\",\"https:\\\/\\\/x.com\\\/eltextual\",\"http:\\\/\\\/www.instagram.com\\\/eltextual\"]},{\"@type\":\"Person\",\"@id\":\"https:\\\/\\\/diariotextual.com\\\/inicio\\\/#\\\/schema\\\/person\\\/418fc4093c33e86ed41562db3508f958\",\"name\":\"Diario1 Diario1\",\"image\":{\"@type\":\"ImageObject\",\"inLanguage\":\"es\",\"@id\":\"https:\\\/\\\/secure.gravatar.com\\\/avatar\\\/9167d280179c85bc18be67aa7eda765854300033af4896dd779b608640f2ef7a?s=96&d=mm&r=g\",\"url\":\"https:\\\/\\\/secure.gravatar.com\\\/avatar\\\/9167d280179c85bc18be67aa7eda765854300033af4896dd779b608640f2ef7a?s=96&d=mm&r=g\",\"contentUrl\":\"https:\\\/\\\/secure.gravatar.com\\\/avatar\\\/9167d280179c85bc18be67aa7eda765854300033af4896dd779b608640f2ef7a?s=96&d=mm&r=g\",\"caption\":\"Diario1 Diario1\"},\"url\":\"https:\\\/\\\/diariotextual.com\\\/inicio\\\/index.php\\\/author\\\/diario1\\\/\"}]}<\/script>\n<!-- \/ Yoast SEO plugin. -->","yoast_head_json":{"title":"Lula se entregar\u00eda este s\u00e1bado, luego de una misa por su esposa - Diario Textual","robots":{"index":"index","follow":"follow","max-snippet":"max-snippet:-1","max-image-preview":"max-image-preview:large","max-video-preview":"max-video-preview:-1"},"canonical":"https:\/\/diariotextual.com\/inicio\/index.php\/2018\/04\/07\/lula-se-entregaria-este-sabado-luego-una-misa-esposa\/","og_locale":"es_ES","og_type":"article","og_title":"Lula se entregar\u00eda este s\u00e1bado, luego de una misa por su esposa - Diario Textual","og_description":"Brasil est\u00e1 viviendo este fin de semana uno de los momentos de mayor tensi\u00f3n pol\u00edtica del siglo XXI: Luiz In\u00e1cio Lula Da Silva, sobre quien pesa una orden de detenci\u00f3n&hellip;","og_url":"https:\/\/diariotextual.com\/inicio\/index.php\/2018\/04\/07\/lula-se-entregaria-este-sabado-luego-una-misa-esposa\/","og_site_name":"Diario Textual","article_publisher":"https:\/\/www.facebook.com\/eltextual","article_published_time":"2018-04-07T10:49:19+00:00","article_modified_time":"2018-04-08T11:33:15+00:00","og_image":[{"width":728,"height":500,"url":"https:\/\/diariotextual.com\/inicio\/wp-content\/uploads\/2018\/04\/luladasilvaventana1.jpg","type":"image\/jpeg"}],"author":"Diario1 Diario1","twitter_card":"summary_large_image","twitter_creator":"@eltextual","twitter_site":"@eltextual","twitter_misc":{"Escrito por":"Diario1 Diario1","Tiempo de lectura":"2 minutos"},"schema":{"@context":"https:\/\/schema.org","@graph":[{"@type":"Article","@id":"https:\/\/diariotextual.com\/inicio\/index.php\/2018\/04\/07\/lula-se-entregaria-este-sabado-luego-una-misa-esposa\/#article","isPartOf":{"@id":"https:\/\/diariotextual.com\/inicio\/index.php\/2018\/04\/07\/lula-se-entregaria-este-sabado-luego-una-misa-esposa\/"},"author":{"name":"Diario1 Diario1","@id":"https:\/\/diariotextual.com\/inicio\/#\/schema\/person\/418fc4093c33e86ed41562db3508f958"},"headline":"Lula se entregar\u00eda este s\u00e1bado, luego de una misa por su esposa","datePublished":"2018-04-07T10:49:19+00:00","dateModified":"2018-04-08T11:33:15+00:00","mainEntityOfPage":{"@id":"https:\/\/diariotextual.com\/inicio\/index.php\/2018\/04\/07\/lula-se-entregaria-este-sabado-luego-una-misa-esposa\/"},"wordCount":475,"commentCount":0,"publisher":{"@id":"https:\/\/diariotextual.com\/inicio\/#organization"},"image":{"@id":"https:\/\/diariotextual.com\/inicio\/index.php\/2018\/04\/07\/lula-se-entregaria-este-sabado-luego-una-misa-esposa\/#primaryimage"},"thumbnailUrl":"https:\/\/diariotextual.com\/inicio\/wp-content\/uploads\/2018\/04\/luladasilvaventana1.jpg","articleSection":["A - ES NOTICIA (van abajo)","MUNDO"],"inLanguage":"es","potentialAction":[{"@type":"CommentAction","name":"Comment","target":["https:\/\/diariotextual.com\/inicio\/index.php\/2018\/04\/07\/lula-se-entregaria-este-sabado-luego-una-misa-esposa\/#respond"]}]},{"@type":"WebPage","@id":"https:\/\/diariotextual.com\/inicio\/index.php\/2018\/04\/07\/lula-se-entregaria-este-sabado-luego-una-misa-esposa\/","url":"https:\/\/diariotextual.com\/inicio\/index.php\/2018\/04\/07\/lula-se-entregaria-este-sabado-luego-una-misa-esposa\/","name":"Lula se entregar\u00eda este s\u00e1bado, luego de una misa por su esposa - Diario Textual","isPartOf":{"@id":"https:\/\/diariotextual.com\/inicio\/#website"},"primaryImageOfPage":{"@id":"https:\/\/diariotextual.com\/inicio\/index.php\/2018\/04\/07\/lula-se-entregaria-este-sabado-luego-una-misa-esposa\/#primaryimage"},"image":{"@id":"https:\/\/diariotextual.com\/inicio\/index.php\/2018\/04\/07\/lula-se-entregaria-este-sabado-luego-una-misa-esposa\/#primaryimage"},"thumbnailUrl":"https:\/\/diariotextual.com\/inicio\/wp-content\/uploads\/2018\/04\/luladasilvaventana1.jpg","datePublished":"2018-04-07T10:49:19+00:00","dateModified":"2018-04-08T11:33:15+00:00","breadcrumb":{"@id":"https:\/\/diariotextual.com\/inicio\/index.php\/2018\/04\/07\/lula-se-entregaria-este-sabado-luego-una-misa-esposa\/#breadcrumb"},"inLanguage":"es","potentialAction":[{"@type":"ReadAction","target":["https:\/\/diariotextual.com\/inicio\/index.php\/2018\/04\/07\/lula-se-entregaria-este-sabado-luego-una-misa-esposa\/"]}]},{"@type":"ImageObject","inLanguage":"es","@id":"https:\/\/diariotextual.com\/inicio\/index.php\/2018\/04\/07\/lula-se-entregaria-este-sabado-luego-una-misa-esposa\/#primaryimage","url":"https:\/\/diariotextual.com\/inicio\/wp-content\/uploads\/2018\/04\/luladasilvaventana1.jpg","contentUrl":"https:\/\/diariotextual.com\/inicio\/wp-content\/uploads\/2018\/04\/luladasilvaventana1.jpg","width":728,"height":500},{"@type":"BreadcrumbList","@id":"https:\/\/diariotextual.com\/inicio\/index.php\/2018\/04\/07\/lula-se-entregaria-este-sabado-luego-una-misa-esposa\/#breadcrumb","itemListElement":[{"@type":"ListItem","position":1,"name":"Portada","item":"https:\/\/diariotextual.com\/inicio\/"},{"@type":"ListItem","position":2,"name":"Lula se entregar\u00eda este s\u00e1bado, luego de una misa por su esposa"}]},{"@type":"WebSite","@id":"https:\/\/diariotextual.com\/inicio\/#website","url":"https:\/\/diariotextual.com\/inicio\/","name":"Diario Textual","description":"","publisher":{"@id":"https:\/\/diariotextual.com\/inicio\/#organization"},"potentialAction":[{"@type":"SearchAction","target":{"@type":"EntryPoint","urlTemplate":"https:\/\/diariotextual.com\/inicio\/?s={search_term_string}"},"query-input":{"@type":"PropertyValueSpecification","valueRequired":true,"valueName":"search_term_string"}}],"inLanguage":"es"},{"@type":"Organization","@id":"https:\/\/diariotextual.com\/inicio\/#organization","name":"Diario Textual","url":"https:\/\/diariotextual.com\/inicio\/","logo":{"@type":"ImageObject","inLanguage":"es","@id":"https:\/\/diariotextual.com\/inicio\/#\/schema\/logo\/image\/","url":"https:\/\/diariotextual.com\/inicio\/wp-content\/uploads\/2023\/05\/logotextual1.jpg","contentUrl":"https:\/\/diariotextual.com\/inicio\/wp-content\/uploads\/2023\/05\/logotextual1.jpg","width":516,"height":76,"caption":"Diario Textual"},"image":{"@id":"https:\/\/diariotextual.com\/inicio\/#\/schema\/logo\/image\/"},"sameAs":["https:\/\/www.facebook.com\/eltextual","https:\/\/x.com\/eltextual","http:\/\/www.instagram.com\/eltextual"]},{"@type":"Person","@id":"https:\/\/diariotextual.com\/inicio\/#\/schema\/person\/418fc4093c33e86ed41562db3508f958","name":"Diario1 Diario1","image":{"@type":"ImageObject","inLanguage":"es","@id":"https:\/\/secure.gravatar.com\/avatar\/9167d280179c85bc18be67aa7eda765854300033af4896dd779b608640f2ef7a?s=96&d=mm&r=g","url":"https:\/\/secure.gravatar.com\/avatar\/9167d280179c85bc18be67aa7eda765854300033af4896dd779b608640f2ef7a?s=96&d=mm&r=g","contentUrl":"https:\/\/secure.gravatar.com\/avatar\/9167d280179c85bc18be67aa7eda765854300033af4896dd779b608640f2ef7a?s=96&d=mm&r=g","caption":"Diario1 Diario1"},"url":"https:\/\/diariotextual.com\/inicio\/index.php\/author\/diario1\/"}]}},"_links":{"self":[{"href":"https:\/\/diariotextual.com\/inicio\/index.php\/wp-json\/wp\/v2\/posts\/3996","targetHints":{"allow":["GET"]}}],"collection":[{"href":"https:\/\/diariotextual.com\/inicio\/index.php\/wp-json\/wp\/v2\/posts"}],"about":[{"href":"https:\/\/diariotextual.com\/inicio\/index.php\/wp-json\/wp\/v2\/types\/post"}],"author":[{"embeddable":true,"href":"https:\/\/diariotextual.com\/inicio\/index.php\/wp-json\/wp\/v2\/users\/3"}],"replies":[{"embeddable":true,"href":"https:\/\/diariotextual.com\/inicio\/index.php\/wp-json\/wp\/v2\/comments?post=3996"}],"version-history":[{"count":1,"href":"https:\/\/diariotextual.com\/inicio\/index.php\/wp-json\/wp\/v2\/posts\/3996\/revisions"}],"predecessor-version":[{"id":3997,"href":"https:\/\/diariotextual.com\/inicio\/index.php\/wp-json\/wp\/v2\/posts\/3996\/revisions\/3997"}],"wp:featuredmedia":[{"embeddable":true,"href":"https:\/\/diariotextual.com\/inicio\/index.php\/wp-json\/wp\/v2\/media\/3998"}],"wp:attachment":[{"href":"https:\/\/diariotextual.com\/inicio\/index.php\/wp-json\/wp\/v2\/media?parent=3996"}],"wp:term":[{"taxonomy":"category","embeddable":true,"href":"https:\/\/diariotextual.com\/inicio\/index.php\/wp-json\/wp\/v2\/categories?post=3996"},{"taxonomy":"post_tag","embeddable":true,"href":"https:\/\/diariotextual.com\/inicio\/index.php\/wp-json\/wp\/v2\/tags?post=3996"}],"curies":[{"name":"wp","href":"https:\/\/api.w.org\/{rel}","templated":true}]}}