{"id":39987,"date":"2019-02-27T09:24:55","date_gmt":"2019-02-27T12:24:55","guid":{"rendered":"http:\/\/diariotextual.com\/inicio\/?p=39987"},"modified":"2019-02-27T09:24:55","modified_gmt":"2019-02-27T12:24:55","slug":"tension-india-pakistan-derribaron-tres-aviones-combate","status":"publish","type":"post","link":"https:\/\/diariotextual.com\/inicio\/index.php\/2019\/02\/27\/tension-india-pakistan-derribaron-tres-aviones-combate\/","title":{"rendered":"Tensi\u00f3n entre India y Pakist\u00e1n: derribaron tres aviones de combate"},"content":{"rendered":"<p>La tensi\u00f3n subi\u00f3 un pelda\u00f1o m\u00e1s este mi\u00e9rcoles entre India y Pakist\u00e1n que afirmaron cada uno por su lado haber derribado aviones \u00abenemigos\u00bb, en una dram\u00e1tica escalada entre las dos potencias nucleares fronterizas.<\/p>\n<p><strong>Pakist\u00e1n dijo haber derribado dos cazas indios<\/strong> en su espacio a\u00e9reo y haber capturado a dos pilotos. Insisti\u00f3 que \u00abno quiere encaminarse a la guerra\u00bb con su vecino.<\/p>\n<p><strong>India confirm\u00f3 haber perdido uno de sus aviones y dijo haber derribado un caza paquistan\u00ed en el espacio a\u00e9reo de la disputada regi\u00f3n de Cachemira.<\/strong><\/p>\n<p>El Ministerio de Relaciones Exteriores de la India ha anunciado este mi\u00e9rcoles que sus fuerzas armadas han derribado un avi\u00f3n de combate pakistan\u00ed y, al mismo tiempo, han perdido una aeronave propia MIG-21 en el pa\u00eds vecino.<\/p>\n<p>\u00abLa aviaci\u00f3n pakistan\u00ed fue detectada a tiempo y la Fuerza A\u00e9rea india respondi\u00f3 de manera inmediata. En este incidente a\u00e9reo, un avi\u00f3n de la Fuerza A\u00e9rea de Pakist\u00e1n ha sido derribado por un avi\u00f3n MiG-21 de la Fuerza A\u00e9rea India\u00bb, se\u00f1ala la nota de la Canciller\u00eda de la Infia.<\/p>\n<p>\u00abDesafortunadamente, tambi\u00e9n hemos perdido un MiG-21 en este incidente. El piloto est\u00e1 desaparecido\u00bb, prosigue el texto de las autoridades indias. Sin embargo, Pakist\u00e1n asegur\u00f3 que derrib\u00f3 dos aviones indios.<\/p>\n<p>Este martes 26 de febrero la Fuerza A\u00e9rea india realiz\u00f3 un bombardeo sobre presuntos campos terroristas en territorio pakistan\u00ed. Seg\u00fan la India, la operaci\u00f3n contra el grupo terrorista Jaish-e-Mohammad era \u00ababsolutamente necesaria\u00bb, ya que estaba planeando nuevos ataques en el pa\u00eds y Pakist\u00e1n no tom\u00f3 medidas para eliminar la infraestructura terrorista en su territorio. Por su parte, Pakist\u00e1n conden\u00f3 el ataque indio, acusando al pa\u00eds vecino de haber violado su espacio a\u00e9reo con la incursi\u00f3n de aeronaves desde la regi\u00f3n de Cachemira. Asimismo culp\u00f3 a Nueva Delhi de causar inestabilidad en la regi\u00f3n y asever\u00f3 que responder\u00eda \u00aben el momento y lugar de su elecci\u00f3n\u00bb.<\/p>\n<p>El mi\u00e9rcoles 27 de febrero Nueva Delhi declar\u00f3 que al menos tres aviones de combate pakistan\u00edes cruzaron la L\u00ednea de Control hacia la parte de Cachemira, que est\u00e1 administrada por la India. Seg\u00fan las autoridades indias, las aeronaves fueron interceptadas.<\/p>\n<p>El Ministerio de Relaciones Exteriores de Pakist\u00e1n confirm\u00f3 que su pa\u00eds llev\u00f3 a cabo un ataque a\u00e9reo en Cachemira, en el cual dos aviones indios fueron derribados y dos pilotos indios capturados. Seg\u00fan Islamabad, la operaci\u00f3n fue realizada con el fin de demostrar la capacidad de defensa de Pakist\u00e1n. Sin embargo, seg\u00fan las autoridades, el pa\u00eds no busca una escalada de tensiones con la India ni desatar una guerra, pero est\u00e1 preparado para \u00abtomar represalias\u00bb si la India contin\u00faa violando su territorio.<\/p>\n<p>Adem\u00e1s, un helic\u00f3ptero Mi-17 de la Fuerza A\u00e9rea de la India se estrell\u00f3 en el estado indio de Jammu y Cachemira, dejando al menos tres muertos.<\/p>\n<p>Pakist\u00e1n, asimismo, cerr\u00f3 su espacio a\u00e9reo a todos los vuelos comerciales debido a la situaci\u00f3n de inseguridad que prevalece en la regi\u00f3n, seg\u00fan la Autoridad de Aviaci\u00f3n Civil del pa\u00eds. La Direcci\u00f3n de Aeropuertos de la India tambi\u00e9n report\u00f3 el cierre de los aer\u00f3dromos de la regi\u00f3n de Cachemira a los vuelos comerciales debido a la creciente tensi\u00f3n con Pakist\u00e1n.<\/p>\n<p>La regi\u00f3n de Cachemira es un territorio en disputa que est\u00e1 dividido en tres \u00e1reas administradas por China, Pakist\u00e1n y la India.<\/p>\n<p>&nbsp;<\/p>\n<p>&nbsp;<\/p>\n","protected":false},"excerpt":{"rendered":"<p>La tensi\u00f3n subi\u00f3 un pelda\u00f1o m\u00e1s este mi\u00e9rcoles entre India y Pakist\u00e1n que afirmaron cada uno por su lado haber derribado aviones \u00abenemigos\u00bb, en una dram\u00e1tica escalada entre las dos&hellip;<\/p>\n","protected":false},"author":3,"featured_media":39992,"comment_status":"closed","ping_status":"open","sticky":false,"template":"","format":"standard","meta":{"_acf_changed":false,"footnotes":""},"categories":[11,7],"tags":[],"class_list":["post-39987","post","type-post","status-publish","format-standard","has-post-thumbnail","hentry","category-que-pasa","category-mundo"],"acf":[],"yoast_head":"<!-- This site is optimized with the Yoast SEO plugin v27.4 - https:\/\/yoast.com\/product\/yoast-seo-wordpress\/ -->\n<title>Tensi\u00f3n entre India y Pakist\u00e1n: derribaron tres aviones de combate - Diario Textual<\/title>\n<meta name=\"robots\" content=\"index, follow, max-snippet:-1, max-image-preview:large, max-video-preview:-1\" \/>\n<link rel=\"canonical\" href=\"https:\/\/diariotextual.com\/inicio\/index.php\/2019\/02\/27\/tension-india-pakistan-derribaron-tres-aviones-combate\/\" \/>\n<meta property=\"og:locale\" content=\"es_ES\" \/>\n<meta property=\"og:type\" content=\"article\" \/>\n<meta property=\"og:title\" content=\"Tensi\u00f3n entre India y Pakist\u00e1n: derribaron tres aviones de combate - Diario Textual\" \/>\n<meta property=\"og:description\" content=\"La tensi\u00f3n subi\u00f3 un pelda\u00f1o m\u00e1s este mi\u00e9rcoles entre India y Pakist\u00e1n que afirmaron cada uno por su lado haber derribado aviones \u00abenemigos\u00bb, en una dram\u00e1tica escalada entre las dos&hellip;\" \/>\n<meta property=\"og:url\" content=\"https:\/\/diariotextual.com\/inicio\/index.php\/2019\/02\/27\/tension-india-pakistan-derribaron-tres-aviones-combate\/\" \/>\n<meta property=\"og:site_name\" content=\"Diario Textual\" \/>\n<meta property=\"article:publisher\" content=\"https:\/\/www.facebook.com\/eltextual\" \/>\n<meta property=\"article:published_time\" content=\"2019-02-27T12:24:55+00:00\" \/>\n<meta property=\"og:image\" content=\"https:\/\/diariotextual.com\/inicio\/wp-content\/uploads\/2019\/02\/indiapakistanaviones2019-1.jpg\" \/>\n\t<meta property=\"og:image:width\" content=\"1078\" \/>\n\t<meta property=\"og:image:height\" content=\"599\" \/>\n\t<meta property=\"og:image:type\" content=\"image\/jpeg\" \/>\n<meta name=\"author\" content=\"Diario1 Diario1\" \/>\n<meta name=\"twitter:card\" content=\"summary_large_image\" \/>\n<meta name=\"twitter:creator\" content=\"@eltextual\" \/>\n<meta name=\"twitter:site\" content=\"@eltextual\" \/>\n<meta name=\"twitter:label1\" content=\"Escrito por\" \/>\n\t<meta name=\"twitter:data1\" content=\"Diario1 Diario1\" \/>\n\t<meta name=\"twitter:label2\" content=\"Tiempo de lectura\" \/>\n\t<meta name=\"twitter:data2\" content=\"3 minutos\" \/>\n<script type=\"application\/ld+json\" class=\"yoast-schema-graph\">{\"@context\":\"https:\\\/\\\/schema.org\",\"@graph\":[{\"@type\":\"Article\",\"@id\":\"https:\\\/\\\/diariotextual.com\\\/inicio\\\/index.php\\\/2019\\\/02\\\/27\\\/tension-india-pakistan-derribaron-tres-aviones-combate\\\/#article\",\"isPartOf\":{\"@id\":\"https:\\\/\\\/diariotextual.com\\\/inicio\\\/index.php\\\/2019\\\/02\\\/27\\\/tension-india-pakistan-derribaron-tres-aviones-combate\\\/\"},\"author\":{\"name\":\"Diario1 Diario1\",\"@id\":\"https:\\\/\\\/diariotextual.com\\\/inicio\\\/#\\\/schema\\\/person\\\/418fc4093c33e86ed41562db3508f958\"},\"headline\":\"Tensi\u00f3n entre India y Pakist\u00e1n: derribaron tres aviones de combate\",\"datePublished\":\"2019-02-27T12:24:55+00:00\",\"mainEntityOfPage\":{\"@id\":\"https:\\\/\\\/diariotextual.com\\\/inicio\\\/index.php\\\/2019\\\/02\\\/27\\\/tension-india-pakistan-derribaron-tres-aviones-combate\\\/\"},\"wordCount\":617,\"publisher\":{\"@id\":\"https:\\\/\\\/diariotextual.com\\\/inicio\\\/#organization\"},\"image\":{\"@id\":\"https:\\\/\\\/diariotextual.com\\\/inicio\\\/index.php\\\/2019\\\/02\\\/27\\\/tension-india-pakistan-derribaron-tres-aviones-combate\\\/#primaryimage\"},\"thumbnailUrl\":\"https:\\\/\\\/diariotextual.com\\\/inicio\\\/wp-content\\\/uploads\\\/2019\\\/02\\\/indiapakistanaviones2019-1.jpg\",\"articleSection\":[\"A - QUE PASA (al costado)\",\"MUNDO\"],\"inLanguage\":\"es\"},{\"@type\":\"WebPage\",\"@id\":\"https:\\\/\\\/diariotextual.com\\\/inicio\\\/index.php\\\/2019\\\/02\\\/27\\\/tension-india-pakistan-derribaron-tres-aviones-combate\\\/\",\"url\":\"https:\\\/\\\/diariotextual.com\\\/inicio\\\/index.php\\\/2019\\\/02\\\/27\\\/tension-india-pakistan-derribaron-tres-aviones-combate\\\/\",\"name\":\"Tensi\u00f3n entre India y Pakist\u00e1n: derribaron tres aviones de combate - Diario Textual\",\"isPartOf\":{\"@id\":\"https:\\\/\\\/diariotextual.com\\\/inicio\\\/#website\"},\"primaryImageOfPage\":{\"@id\":\"https:\\\/\\\/diariotextual.com\\\/inicio\\\/index.php\\\/2019\\\/02\\\/27\\\/tension-india-pakistan-derribaron-tres-aviones-combate\\\/#primaryimage\"},\"image\":{\"@id\":\"https:\\\/\\\/diariotextual.com\\\/inicio\\\/index.php\\\/2019\\\/02\\\/27\\\/tension-india-pakistan-derribaron-tres-aviones-combate\\\/#primaryimage\"},\"thumbnailUrl\":\"https:\\\/\\\/diariotextual.com\\\/inicio\\\/wp-content\\\/uploads\\\/2019\\\/02\\\/indiapakistanaviones2019-1.jpg\",\"datePublished\":\"2019-02-27T12:24:55+00:00\",\"breadcrumb\":{\"@id\":\"https:\\\/\\\/diariotextual.com\\\/inicio\\\/index.php\\\/2019\\\/02\\\/27\\\/tension-india-pakistan-derribaron-tres-aviones-combate\\\/#breadcrumb\"},\"inLanguage\":\"es\",\"potentialAction\":[{\"@type\":\"ReadAction\",\"target\":[\"https:\\\/\\\/diariotextual.com\\\/inicio\\\/index.php\\\/2019\\\/02\\\/27\\\/tension-india-pakistan-derribaron-tres-aviones-combate\\\/\"]}]},{\"@type\":\"ImageObject\",\"inLanguage\":\"es\",\"@id\":\"https:\\\/\\\/diariotextual.com\\\/inicio\\\/index.php\\\/2019\\\/02\\\/27\\\/tension-india-pakistan-derribaron-tres-aviones-combate\\\/#primaryimage\",\"url\":\"https:\\\/\\\/diariotextual.com\\\/inicio\\\/wp-content\\\/uploads\\\/2019\\\/02\\\/indiapakistanaviones2019-1.jpg\",\"contentUrl\":\"https:\\\/\\\/diariotextual.com\\\/inicio\\\/wp-content\\\/uploads\\\/2019\\\/02\\\/indiapakistanaviones2019-1.jpg\",\"width\":1078,\"height\":599},{\"@type\":\"BreadcrumbList\",\"@id\":\"https:\\\/\\\/diariotextual.com\\\/inicio\\\/index.php\\\/2019\\\/02\\\/27\\\/tension-india-pakistan-derribaron-tres-aviones-combate\\\/#breadcrumb\",\"itemListElement\":[{\"@type\":\"ListItem\",\"position\":1,\"name\":\"Portada\",\"item\":\"https:\\\/\\\/diariotextual.com\\\/inicio\\\/\"},{\"@type\":\"ListItem\",\"position\":2,\"name\":\"Tensi\u00f3n entre India y Pakist\u00e1n: derribaron tres aviones de combate\"}]},{\"@type\":\"WebSite\",\"@id\":\"https:\\\/\\\/diariotextual.com\\\/inicio\\\/#website\",\"url\":\"https:\\\/\\\/diariotextual.com\\\/inicio\\\/\",\"name\":\"Diario Textual\",\"description\":\"\",\"publisher\":{\"@id\":\"https:\\\/\\\/diariotextual.com\\\/inicio\\\/#organization\"},\"potentialAction\":[{\"@type\":\"SearchAction\",\"target\":{\"@type\":\"EntryPoint\",\"urlTemplate\":\"https:\\\/\\\/diariotextual.com\\\/inicio\\\/?s={search_term_string}\"},\"query-input\":{\"@type\":\"PropertyValueSpecification\",\"valueRequired\":true,\"valueName\":\"search_term_string\"}}],\"inLanguage\":\"es\"},{\"@type\":\"Organization\",\"@id\":\"https:\\\/\\\/diariotextual.com\\\/inicio\\\/#organization\",\"name\":\"Diario Textual\",\"url\":\"https:\\\/\\\/diariotextual.com\\\/inicio\\\/\",\"logo\":{\"@type\":\"ImageObject\",\"inLanguage\":\"es\",\"@id\":\"https:\\\/\\\/diariotextual.com\\\/inicio\\\/#\\\/schema\\\/logo\\\/image\\\/\",\"url\":\"https:\\\/\\\/diariotextual.com\\\/inicio\\\/wp-content\\\/uploads\\\/2023\\\/05\\\/logotextual1.jpg\",\"contentUrl\":\"https:\\\/\\\/diariotextual.com\\\/inicio\\\/wp-content\\\/uploads\\\/2023\\\/05\\\/logotextual1.jpg\",\"width\":516,\"height\":76,\"caption\":\"Diario Textual\"},\"image\":{\"@id\":\"https:\\\/\\\/diariotextual.com\\\/inicio\\\/#\\\/schema\\\/logo\\\/image\\\/\"},\"sameAs\":[\"https:\\\/\\\/www.facebook.com\\\/eltextual\",\"https:\\\/\\\/x.com\\\/eltextual\",\"http:\\\/\\\/www.instagram.com\\\/eltextual\"]},{\"@type\":\"Person\",\"@id\":\"https:\\\/\\\/diariotextual.com\\\/inicio\\\/#\\\/schema\\\/person\\\/418fc4093c33e86ed41562db3508f958\",\"name\":\"Diario1 Diario1\",\"image\":{\"@type\":\"ImageObject\",\"inLanguage\":\"es\",\"@id\":\"https:\\\/\\\/secure.gravatar.com\\\/avatar\\\/9167d280179c85bc18be67aa7eda765854300033af4896dd779b608640f2ef7a?s=96&d=mm&r=g\",\"url\":\"https:\\\/\\\/secure.gravatar.com\\\/avatar\\\/9167d280179c85bc18be67aa7eda765854300033af4896dd779b608640f2ef7a?s=96&d=mm&r=g\",\"contentUrl\":\"https:\\\/\\\/secure.gravatar.com\\\/avatar\\\/9167d280179c85bc18be67aa7eda765854300033af4896dd779b608640f2ef7a?s=96&d=mm&r=g\",\"caption\":\"Diario1 Diario1\"},\"url\":\"https:\\\/\\\/diariotextual.com\\\/inicio\\\/index.php\\\/author\\\/diario1\\\/\"}]}<\/script>\n<!-- \/ Yoast SEO plugin. -->","yoast_head_json":{"title":"Tensi\u00f3n entre India y Pakist\u00e1n: derribaron tres aviones de combate - Diario Textual","robots":{"index":"index","follow":"follow","max-snippet":"max-snippet:-1","max-image-preview":"max-image-preview:large","max-video-preview":"max-video-preview:-1"},"canonical":"https:\/\/diariotextual.com\/inicio\/index.php\/2019\/02\/27\/tension-india-pakistan-derribaron-tres-aviones-combate\/","og_locale":"es_ES","og_type":"article","og_title":"Tensi\u00f3n entre India y Pakist\u00e1n: derribaron tres aviones de combate - Diario Textual","og_description":"La tensi\u00f3n subi\u00f3 un pelda\u00f1o m\u00e1s este mi\u00e9rcoles entre India y Pakist\u00e1n que afirmaron cada uno por su lado haber derribado aviones \u00abenemigos\u00bb, en una dram\u00e1tica escalada entre las dos&hellip;","og_url":"https:\/\/diariotextual.com\/inicio\/index.php\/2019\/02\/27\/tension-india-pakistan-derribaron-tres-aviones-combate\/","og_site_name":"Diario Textual","article_publisher":"https:\/\/www.facebook.com\/eltextual","article_published_time":"2019-02-27T12:24:55+00:00","og_image":[{"width":1078,"height":599,"url":"https:\/\/diariotextual.com\/inicio\/wp-content\/uploads\/2019\/02\/indiapakistanaviones2019-1.jpg","type":"image\/jpeg"}],"author":"Diario1 Diario1","twitter_card":"summary_large_image","twitter_creator":"@eltextual","twitter_site":"@eltextual","twitter_misc":{"Escrito por":"Diario1 Diario1","Tiempo de lectura":"3 minutos"},"schema":{"@context":"https:\/\/schema.org","@graph":[{"@type":"Article","@id":"https:\/\/diariotextual.com\/inicio\/index.php\/2019\/02\/27\/tension-india-pakistan-derribaron-tres-aviones-combate\/#article","isPartOf":{"@id":"https:\/\/diariotextual.com\/inicio\/index.php\/2019\/02\/27\/tension-india-pakistan-derribaron-tres-aviones-combate\/"},"author":{"name":"Diario1 Diario1","@id":"https:\/\/diariotextual.com\/inicio\/#\/schema\/person\/418fc4093c33e86ed41562db3508f958"},"headline":"Tensi\u00f3n entre India y Pakist\u00e1n: derribaron tres aviones de combate","datePublished":"2019-02-27T12:24:55+00:00","mainEntityOfPage":{"@id":"https:\/\/diariotextual.com\/inicio\/index.php\/2019\/02\/27\/tension-india-pakistan-derribaron-tres-aviones-combate\/"},"wordCount":617,"publisher":{"@id":"https:\/\/diariotextual.com\/inicio\/#organization"},"image":{"@id":"https:\/\/diariotextual.com\/inicio\/index.php\/2019\/02\/27\/tension-india-pakistan-derribaron-tres-aviones-combate\/#primaryimage"},"thumbnailUrl":"https:\/\/diariotextual.com\/inicio\/wp-content\/uploads\/2019\/02\/indiapakistanaviones2019-1.jpg","articleSection":["A - QUE PASA (al costado)","MUNDO"],"inLanguage":"es"},{"@type":"WebPage","@id":"https:\/\/diariotextual.com\/inicio\/index.php\/2019\/02\/27\/tension-india-pakistan-derribaron-tres-aviones-combate\/","url":"https:\/\/diariotextual.com\/inicio\/index.php\/2019\/02\/27\/tension-india-pakistan-derribaron-tres-aviones-combate\/","name":"Tensi\u00f3n entre India y Pakist\u00e1n: derribaron tres aviones de combate - Diario Textual","isPartOf":{"@id":"https:\/\/diariotextual.com\/inicio\/#website"},"primaryImageOfPage":{"@id":"https:\/\/diariotextual.com\/inicio\/index.php\/2019\/02\/27\/tension-india-pakistan-derribaron-tres-aviones-combate\/#primaryimage"},"image":{"@id":"https:\/\/diariotextual.com\/inicio\/index.php\/2019\/02\/27\/tension-india-pakistan-derribaron-tres-aviones-combate\/#primaryimage"},"thumbnailUrl":"https:\/\/diariotextual.com\/inicio\/wp-content\/uploads\/2019\/02\/indiapakistanaviones2019-1.jpg","datePublished":"2019-02-27T12:24:55+00:00","breadcrumb":{"@id":"https:\/\/diariotextual.com\/inicio\/index.php\/2019\/02\/27\/tension-india-pakistan-derribaron-tres-aviones-combate\/#breadcrumb"},"inLanguage":"es","potentialAction":[{"@type":"ReadAction","target":["https:\/\/diariotextual.com\/inicio\/index.php\/2019\/02\/27\/tension-india-pakistan-derribaron-tres-aviones-combate\/"]}]},{"@type":"ImageObject","inLanguage":"es","@id":"https:\/\/diariotextual.com\/inicio\/index.php\/2019\/02\/27\/tension-india-pakistan-derribaron-tres-aviones-combate\/#primaryimage","url":"https:\/\/diariotextual.com\/inicio\/wp-content\/uploads\/2019\/02\/indiapakistanaviones2019-1.jpg","contentUrl":"https:\/\/diariotextual.com\/inicio\/wp-content\/uploads\/2019\/02\/indiapakistanaviones2019-1.jpg","width":1078,"height":599},{"@type":"BreadcrumbList","@id":"https:\/\/diariotextual.com\/inicio\/index.php\/2019\/02\/27\/tension-india-pakistan-derribaron-tres-aviones-combate\/#breadcrumb","itemListElement":[{"@type":"ListItem","position":1,"name":"Portada","item":"https:\/\/diariotextual.com\/inicio\/"},{"@type":"ListItem","position":2,"name":"Tensi\u00f3n entre India y Pakist\u00e1n: derribaron tres aviones de combate"}]},{"@type":"WebSite","@id":"https:\/\/diariotextual.com\/inicio\/#website","url":"https:\/\/diariotextual.com\/inicio\/","name":"Diario Textual","description":"","publisher":{"@id":"https:\/\/diariotextual.com\/inicio\/#organization"},"potentialAction":[{"@type":"SearchAction","target":{"@type":"EntryPoint","urlTemplate":"https:\/\/diariotextual.com\/inicio\/?s={search_term_string}"},"query-input":{"@type":"PropertyValueSpecification","valueRequired":true,"valueName":"search_term_string"}}],"inLanguage":"es"},{"@type":"Organization","@id":"https:\/\/diariotextual.com\/inicio\/#organization","name":"Diario Textual","url":"https:\/\/diariotextual.com\/inicio\/","logo":{"@type":"ImageObject","inLanguage":"es","@id":"https:\/\/diariotextual.com\/inicio\/#\/schema\/logo\/image\/","url":"https:\/\/diariotextual.com\/inicio\/wp-content\/uploads\/2023\/05\/logotextual1.jpg","contentUrl":"https:\/\/diariotextual.com\/inicio\/wp-content\/uploads\/2023\/05\/logotextual1.jpg","width":516,"height":76,"caption":"Diario Textual"},"image":{"@id":"https:\/\/diariotextual.com\/inicio\/#\/schema\/logo\/image\/"},"sameAs":["https:\/\/www.facebook.com\/eltextual","https:\/\/x.com\/eltextual","http:\/\/www.instagram.com\/eltextual"]},{"@type":"Person","@id":"https:\/\/diariotextual.com\/inicio\/#\/schema\/person\/418fc4093c33e86ed41562db3508f958","name":"Diario1 Diario1","image":{"@type":"ImageObject","inLanguage":"es","@id":"https:\/\/secure.gravatar.com\/avatar\/9167d280179c85bc18be67aa7eda765854300033af4896dd779b608640f2ef7a?s=96&d=mm&r=g","url":"https:\/\/secure.gravatar.com\/avatar\/9167d280179c85bc18be67aa7eda765854300033af4896dd779b608640f2ef7a?s=96&d=mm&r=g","contentUrl":"https:\/\/secure.gravatar.com\/avatar\/9167d280179c85bc18be67aa7eda765854300033af4896dd779b608640f2ef7a?s=96&d=mm&r=g","caption":"Diario1 Diario1"},"url":"https:\/\/diariotextual.com\/inicio\/index.php\/author\/diario1\/"}]}},"_links":{"self":[{"href":"https:\/\/diariotextual.com\/inicio\/index.php\/wp-json\/wp\/v2\/posts\/39987","targetHints":{"allow":["GET"]}}],"collection":[{"href":"https:\/\/diariotextual.com\/inicio\/index.php\/wp-json\/wp\/v2\/posts"}],"about":[{"href":"https:\/\/diariotextual.com\/inicio\/index.php\/wp-json\/wp\/v2\/types\/post"}],"author":[{"embeddable":true,"href":"https:\/\/diariotextual.com\/inicio\/index.php\/wp-json\/wp\/v2\/users\/3"}],"replies":[{"embeddable":true,"href":"https:\/\/diariotextual.com\/inicio\/index.php\/wp-json\/wp\/v2\/comments?post=39987"}],"version-history":[{"count":3,"href":"https:\/\/diariotextual.com\/inicio\/index.php\/wp-json\/wp\/v2\/posts\/39987\/revisions"}],"predecessor-version":[{"id":39994,"href":"https:\/\/diariotextual.com\/inicio\/index.php\/wp-json\/wp\/v2\/posts\/39987\/revisions\/39994"}],"wp:featuredmedia":[{"embeddable":true,"href":"https:\/\/diariotextual.com\/inicio\/index.php\/wp-json\/wp\/v2\/media\/39992"}],"wp:attachment":[{"href":"https:\/\/diariotextual.com\/inicio\/index.php\/wp-json\/wp\/v2\/media?parent=39987"}],"wp:term":[{"taxonomy":"category","embeddable":true,"href":"https:\/\/diariotextual.com\/inicio\/index.php\/wp-json\/wp\/v2\/categories?post=39987"},{"taxonomy":"post_tag","embeddable":true,"href":"https:\/\/diariotextual.com\/inicio\/index.php\/wp-json\/wp\/v2\/tags?post=39987"}],"curies":[{"name":"wp","href":"https:\/\/api.w.org\/{rel}","templated":true}]}}