{"id":40393,"date":"2019-03-02T09:44:02","date_gmt":"2019-03-02T12:44:02","guid":{"rendered":"http:\/\/diariotextual.com\/inicio\/?p=40393"},"modified":"2019-03-02T09:44:02","modified_gmt":"2019-03-02T12:44:02","slug":"lula-abandono-la-prision-ir-al-entierro-nieto","status":"publish","type":"post","link":"https:\/\/diariotextual.com\/inicio\/index.php\/2019\/03\/02\/lula-abandono-la-prision-ir-al-entierro-nieto\/","title":{"rendered":"Lula abandon\u00f3 la prisi\u00f3n para ir al entierro de su nieto"},"content":{"rendered":"<p>El expresidente brasile\u00f1o Luiz In\u00e1cio Lula da Silva abandon\u00f3 hoy la c\u00e1rcel donde est\u00e1 preso desde abril del a\u00f1o pasado para asistir al entierro de su nieto Arthur, de 7 a\u00f1os, quien muri\u00f3 el viernes v\u00edctima de meningitis.<\/p>\n<p>Lula, de 73 a\u00f1os, abord\u00f3 un helic\u00f3ptero en las instalaciones de la Polic\u00eda Federal de la ciudad de Curitiba, al sur de Brasil, para ser trasladado hasta el aeropuerto de Bacacheri, donde viajar\u00e1 en un avi\u00f3n de la gobernaci\u00f3n de Paran\u00e1 que lo trasladar\u00e1 a San Paulo, inform\u00f3 la agencia EFE.<\/p>\n<p>En medio de un intenso operativo de seguridad, el expresidente brasile\u00f1o fue escoltado de cerca por tres agentes de la Polic\u00eda Federal, tras ser autorizado a asistir al entierro por la Justicia brasile\u00f1a.<\/p>\n<blockquote class=\"wp-embedded-content\" data-secret=\"cxfK0Ifq8R\"><p><a href=\"http:\/\/diariotextual.com\/inicio\/index.php\/2019\/03\/01\/murio-meningitis-uno-los-nietos-lula\/\">Muri\u00f3 por meningitis uno de los nietos de Lula<\/a><\/p><\/blockquote>\n<p><iframe class=\"wp-embedded-content\" sandbox=\"allow-scripts\" security=\"restricted\" style=\"position: absolute; clip: rect(1px, 1px, 1px, 1px);\" src=\"http:\/\/diariotextual.com\/inicio\/index.php\/2019\/03\/01\/murio-meningitis-uno-los-nietos-lula\/embed\/#?secret=cxfK0Ifq8R\" data-secret=\"cxfK0Ifq8R\" width=\"600\" height=\"338\" title=\"&#8220;Muri\u00f3 por meningitis uno de los nietos de Lula&#8221; &#8212; Diario Textual\" frameborder=\"0\" marginwidth=\"0\" marginheight=\"0\" scrolling=\"no\"><\/iframe><\/p>\n","protected":false},"excerpt":{"rendered":"<p>El expresidente brasile\u00f1o Luiz In\u00e1cio Lula da Silva abandon\u00f3 hoy la c\u00e1rcel donde est\u00e1 preso desde abril del a\u00f1o pasado para asistir al entierro de su nieto Arthur, de 7&hellip;<\/p>\n","protected":false},"author":4,"featured_media":13003,"comment_status":"closed","ping_status":"open","sticky":false,"template":"","format":"standard","meta":{"_acf_changed":false,"footnotes":""},"categories":[11,7],"tags":[],"class_list":["post-40393","post","type-post","status-publish","format-standard","has-post-thumbnail","hentry","category-que-pasa","category-mundo"],"acf":[],"yoast_head":"<!-- This site is optimized with the Yoast SEO plugin v27.4 - https:\/\/yoast.com\/product\/yoast-seo-wordpress\/ -->\n<title>Lula abandon\u00f3 la prisi\u00f3n para ir al entierro de su nieto - Diario Textual<\/title>\n<meta name=\"robots\" content=\"index, follow, max-snippet:-1, max-image-preview:large, max-video-preview:-1\" \/>\n<link rel=\"canonical\" href=\"https:\/\/diariotextual.com\/inicio\/index.php\/2019\/03\/02\/lula-abandono-la-prision-ir-al-entierro-nieto\/\" \/>\n<meta property=\"og:locale\" content=\"es_ES\" \/>\n<meta property=\"og:type\" content=\"article\" \/>\n<meta property=\"og:title\" content=\"Lula abandon\u00f3 la prisi\u00f3n para ir al entierro de su nieto - Diario Textual\" \/>\n<meta property=\"og:description\" content=\"El expresidente brasile\u00f1o Luiz In\u00e1cio Lula da Silva abandon\u00f3 hoy la c\u00e1rcel donde est\u00e1 preso desde abril del a\u00f1o pasado para asistir al entierro de su nieto Arthur, de 7&hellip;\" \/>\n<meta property=\"og:url\" content=\"https:\/\/diariotextual.com\/inicio\/index.php\/2019\/03\/02\/lula-abandono-la-prision-ir-al-entierro-nieto\/\" \/>\n<meta property=\"og:site_name\" content=\"Diario Textual\" \/>\n<meta property=\"article:publisher\" content=\"https:\/\/www.facebook.com\/eltextual\" \/>\n<meta property=\"article:published_time\" content=\"2019-03-02T12:44:02+00:00\" \/>\n<meta property=\"og:image\" content=\"https:\/\/diariotextual.com\/inicio\/wp-content\/uploads\/2018\/07\/luladasilva13345.jpg\" \/>\n\t<meta property=\"og:image:width\" content=\"750\" \/>\n\t<meta property=\"og:image:height\" content=\"500\" \/>\n\t<meta property=\"og:image:type\" content=\"image\/jpeg\" \/>\n<meta name=\"author\" content=\"diario2\" \/>\n<meta name=\"twitter:card\" content=\"summary_large_image\" \/>\n<meta name=\"twitter:creator\" content=\"@eltextual\" \/>\n<meta name=\"twitter:site\" content=\"@eltextual\" \/>\n<meta name=\"twitter:label1\" content=\"Escrito por\" \/>\n\t<meta name=\"twitter:data1\" content=\"diario2\" \/>\n\t<meta name=\"twitter:label2\" content=\"Tiempo de lectura\" \/>\n\t<meta name=\"twitter:data2\" content=\"1 minuto\" \/>\n<script type=\"application\/ld+json\" class=\"yoast-schema-graph\">{\"@context\":\"https:\\\/\\\/schema.org\",\"@graph\":[{\"@type\":\"Article\",\"@id\":\"https:\\\/\\\/diariotextual.com\\\/inicio\\\/index.php\\\/2019\\\/03\\\/02\\\/lula-abandono-la-prision-ir-al-entierro-nieto\\\/#article\",\"isPartOf\":{\"@id\":\"https:\\\/\\\/diariotextual.com\\\/inicio\\\/index.php\\\/2019\\\/03\\\/02\\\/lula-abandono-la-prision-ir-al-entierro-nieto\\\/\"},\"author\":{\"name\":\"diario2\",\"@id\":\"https:\\\/\\\/diariotextual.com\\\/inicio\\\/#\\\/schema\\\/person\\\/694f60677f23c4a530867a98f22b3768\"},\"headline\":\"Lula abandon\u00f3 la prisi\u00f3n para ir al entierro de su nieto\",\"datePublished\":\"2019-03-02T12:44:02+00:00\",\"mainEntityOfPage\":{\"@id\":\"https:\\\/\\\/diariotextual.com\\\/inicio\\\/index.php\\\/2019\\\/03\\\/02\\\/lula-abandono-la-prision-ir-al-entierro-nieto\\\/\"},\"wordCount\":153,\"publisher\":{\"@id\":\"https:\\\/\\\/diariotextual.com\\\/inicio\\\/#organization\"},\"image\":{\"@id\":\"https:\\\/\\\/diariotextual.com\\\/inicio\\\/index.php\\\/2019\\\/03\\\/02\\\/lula-abandono-la-prision-ir-al-entierro-nieto\\\/#primaryimage\"},\"thumbnailUrl\":\"https:\\\/\\\/diariotextual.com\\\/inicio\\\/wp-content\\\/uploads\\\/2018\\\/07\\\/luladasilva13345.jpg\",\"articleSection\":[\"A - QUE PASA (al costado)\",\"MUNDO\"],\"inLanguage\":\"es\"},{\"@type\":\"WebPage\",\"@id\":\"https:\\\/\\\/diariotextual.com\\\/inicio\\\/index.php\\\/2019\\\/03\\\/02\\\/lula-abandono-la-prision-ir-al-entierro-nieto\\\/\",\"url\":\"https:\\\/\\\/diariotextual.com\\\/inicio\\\/index.php\\\/2019\\\/03\\\/02\\\/lula-abandono-la-prision-ir-al-entierro-nieto\\\/\",\"name\":\"Lula abandon\u00f3 la prisi\u00f3n para ir al entierro de su nieto - Diario Textual\",\"isPartOf\":{\"@id\":\"https:\\\/\\\/diariotextual.com\\\/inicio\\\/#website\"},\"primaryImageOfPage\":{\"@id\":\"https:\\\/\\\/diariotextual.com\\\/inicio\\\/index.php\\\/2019\\\/03\\\/02\\\/lula-abandono-la-prision-ir-al-entierro-nieto\\\/#primaryimage\"},\"image\":{\"@id\":\"https:\\\/\\\/diariotextual.com\\\/inicio\\\/index.php\\\/2019\\\/03\\\/02\\\/lula-abandono-la-prision-ir-al-entierro-nieto\\\/#primaryimage\"},\"thumbnailUrl\":\"https:\\\/\\\/diariotextual.com\\\/inicio\\\/wp-content\\\/uploads\\\/2018\\\/07\\\/luladasilva13345.jpg\",\"datePublished\":\"2019-03-02T12:44:02+00:00\",\"breadcrumb\":{\"@id\":\"https:\\\/\\\/diariotextual.com\\\/inicio\\\/index.php\\\/2019\\\/03\\\/02\\\/lula-abandono-la-prision-ir-al-entierro-nieto\\\/#breadcrumb\"},\"inLanguage\":\"es\",\"potentialAction\":[{\"@type\":\"ReadAction\",\"target\":[\"https:\\\/\\\/diariotextual.com\\\/inicio\\\/index.php\\\/2019\\\/03\\\/02\\\/lula-abandono-la-prision-ir-al-entierro-nieto\\\/\"]}]},{\"@type\":\"ImageObject\",\"inLanguage\":\"es\",\"@id\":\"https:\\\/\\\/diariotextual.com\\\/inicio\\\/index.php\\\/2019\\\/03\\\/02\\\/lula-abandono-la-prision-ir-al-entierro-nieto\\\/#primaryimage\",\"url\":\"https:\\\/\\\/diariotextual.com\\\/inicio\\\/wp-content\\\/uploads\\\/2018\\\/07\\\/luladasilva13345.jpg\",\"contentUrl\":\"https:\\\/\\\/diariotextual.com\\\/inicio\\\/wp-content\\\/uploads\\\/2018\\\/07\\\/luladasilva13345.jpg\",\"width\":750,\"height\":500,\"caption\":\"Brazilian former President Luiz Inacio Lula da Silva looks on prior to deliver a speech outside the metallurgic union headquarter in Sao Bernardo do Campo, Brazil, Saturday, April 7, 2018. (AP Photo\\\/Andre Penner)\"},{\"@type\":\"BreadcrumbList\",\"@id\":\"https:\\\/\\\/diariotextual.com\\\/inicio\\\/index.php\\\/2019\\\/03\\\/02\\\/lula-abandono-la-prision-ir-al-entierro-nieto\\\/#breadcrumb\",\"itemListElement\":[{\"@type\":\"ListItem\",\"position\":1,\"name\":\"Portada\",\"item\":\"https:\\\/\\\/diariotextual.com\\\/inicio\\\/\"},{\"@type\":\"ListItem\",\"position\":2,\"name\":\"Lula abandon\u00f3 la prisi\u00f3n para ir al entierro de su nieto\"}]},{\"@type\":\"WebSite\",\"@id\":\"https:\\\/\\\/diariotextual.com\\\/inicio\\\/#website\",\"url\":\"https:\\\/\\\/diariotextual.com\\\/inicio\\\/\",\"name\":\"Diario Textual\",\"description\":\"\",\"publisher\":{\"@id\":\"https:\\\/\\\/diariotextual.com\\\/inicio\\\/#organization\"},\"potentialAction\":[{\"@type\":\"SearchAction\",\"target\":{\"@type\":\"EntryPoint\",\"urlTemplate\":\"https:\\\/\\\/diariotextual.com\\\/inicio\\\/?s={search_term_string}\"},\"query-input\":{\"@type\":\"PropertyValueSpecification\",\"valueRequired\":true,\"valueName\":\"search_term_string\"}}],\"inLanguage\":\"es\"},{\"@type\":\"Organization\",\"@id\":\"https:\\\/\\\/diariotextual.com\\\/inicio\\\/#organization\",\"name\":\"Diario Textual\",\"url\":\"https:\\\/\\\/diariotextual.com\\\/inicio\\\/\",\"logo\":{\"@type\":\"ImageObject\",\"inLanguage\":\"es\",\"@id\":\"https:\\\/\\\/diariotextual.com\\\/inicio\\\/#\\\/schema\\\/logo\\\/image\\\/\",\"url\":\"https:\\\/\\\/diariotextual.com\\\/inicio\\\/wp-content\\\/uploads\\\/2023\\\/05\\\/logotextual1.jpg\",\"contentUrl\":\"https:\\\/\\\/diariotextual.com\\\/inicio\\\/wp-content\\\/uploads\\\/2023\\\/05\\\/logotextual1.jpg\",\"width\":516,\"height\":76,\"caption\":\"Diario Textual\"},\"image\":{\"@id\":\"https:\\\/\\\/diariotextual.com\\\/inicio\\\/#\\\/schema\\\/logo\\\/image\\\/\"},\"sameAs\":[\"https:\\\/\\\/www.facebook.com\\\/eltextual\",\"https:\\\/\\\/x.com\\\/eltextual\",\"http:\\\/\\\/www.instagram.com\\\/eltextual\"]},{\"@type\":\"Person\",\"@id\":\"https:\\\/\\\/diariotextual.com\\\/inicio\\\/#\\\/schema\\\/person\\\/694f60677f23c4a530867a98f22b3768\",\"name\":\"diario2\",\"image\":{\"@type\":\"ImageObject\",\"inLanguage\":\"es\",\"@id\":\"https:\\\/\\\/secure.gravatar.com\\\/avatar\\\/5a2567495ba16b852fcd8f1ed006a2e24fcace936018ed8237e95f488ad6e0a7?s=96&d=mm&r=g\",\"url\":\"https:\\\/\\\/secure.gravatar.com\\\/avatar\\\/5a2567495ba16b852fcd8f1ed006a2e24fcace936018ed8237e95f488ad6e0a7?s=96&d=mm&r=g\",\"contentUrl\":\"https:\\\/\\\/secure.gravatar.com\\\/avatar\\\/5a2567495ba16b852fcd8f1ed006a2e24fcace936018ed8237e95f488ad6e0a7?s=96&d=mm&r=g\",\"caption\":\"diario2\"},\"url\":\"https:\\\/\\\/diariotextual.com\\\/inicio\\\/index.php\\\/author\\\/diario2\\\/\"}]}<\/script>\n<!-- \/ Yoast SEO plugin. -->","yoast_head_json":{"title":"Lula abandon\u00f3 la prisi\u00f3n para ir al entierro de su nieto - Diario Textual","robots":{"index":"index","follow":"follow","max-snippet":"max-snippet:-1","max-image-preview":"max-image-preview:large","max-video-preview":"max-video-preview:-1"},"canonical":"https:\/\/diariotextual.com\/inicio\/index.php\/2019\/03\/02\/lula-abandono-la-prision-ir-al-entierro-nieto\/","og_locale":"es_ES","og_type":"article","og_title":"Lula abandon\u00f3 la prisi\u00f3n para ir al entierro de su nieto - Diario Textual","og_description":"El expresidente brasile\u00f1o Luiz In\u00e1cio Lula da Silva abandon\u00f3 hoy la c\u00e1rcel donde est\u00e1 preso desde abril del a\u00f1o pasado para asistir al entierro de su nieto Arthur, de 7&hellip;","og_url":"https:\/\/diariotextual.com\/inicio\/index.php\/2019\/03\/02\/lula-abandono-la-prision-ir-al-entierro-nieto\/","og_site_name":"Diario Textual","article_publisher":"https:\/\/www.facebook.com\/eltextual","article_published_time":"2019-03-02T12:44:02+00:00","og_image":[{"width":750,"height":500,"url":"https:\/\/diariotextual.com\/inicio\/wp-content\/uploads\/2018\/07\/luladasilva13345.jpg","type":"image\/jpeg"}],"author":"diario2","twitter_card":"summary_large_image","twitter_creator":"@eltextual","twitter_site":"@eltextual","twitter_misc":{"Escrito por":"diario2","Tiempo de lectura":"1 minuto"},"schema":{"@context":"https:\/\/schema.org","@graph":[{"@type":"Article","@id":"https:\/\/diariotextual.com\/inicio\/index.php\/2019\/03\/02\/lula-abandono-la-prision-ir-al-entierro-nieto\/#article","isPartOf":{"@id":"https:\/\/diariotextual.com\/inicio\/index.php\/2019\/03\/02\/lula-abandono-la-prision-ir-al-entierro-nieto\/"},"author":{"name":"diario2","@id":"https:\/\/diariotextual.com\/inicio\/#\/schema\/person\/694f60677f23c4a530867a98f22b3768"},"headline":"Lula abandon\u00f3 la prisi\u00f3n para ir al entierro de su nieto","datePublished":"2019-03-02T12:44:02+00:00","mainEntityOfPage":{"@id":"https:\/\/diariotextual.com\/inicio\/index.php\/2019\/03\/02\/lula-abandono-la-prision-ir-al-entierro-nieto\/"},"wordCount":153,"publisher":{"@id":"https:\/\/diariotextual.com\/inicio\/#organization"},"image":{"@id":"https:\/\/diariotextual.com\/inicio\/index.php\/2019\/03\/02\/lula-abandono-la-prision-ir-al-entierro-nieto\/#primaryimage"},"thumbnailUrl":"https:\/\/diariotextual.com\/inicio\/wp-content\/uploads\/2018\/07\/luladasilva13345.jpg","articleSection":["A - QUE PASA (al costado)","MUNDO"],"inLanguage":"es"},{"@type":"WebPage","@id":"https:\/\/diariotextual.com\/inicio\/index.php\/2019\/03\/02\/lula-abandono-la-prision-ir-al-entierro-nieto\/","url":"https:\/\/diariotextual.com\/inicio\/index.php\/2019\/03\/02\/lula-abandono-la-prision-ir-al-entierro-nieto\/","name":"Lula abandon\u00f3 la prisi\u00f3n para ir al entierro de su nieto - Diario Textual","isPartOf":{"@id":"https:\/\/diariotextual.com\/inicio\/#website"},"primaryImageOfPage":{"@id":"https:\/\/diariotextual.com\/inicio\/index.php\/2019\/03\/02\/lula-abandono-la-prision-ir-al-entierro-nieto\/#primaryimage"},"image":{"@id":"https:\/\/diariotextual.com\/inicio\/index.php\/2019\/03\/02\/lula-abandono-la-prision-ir-al-entierro-nieto\/#primaryimage"},"thumbnailUrl":"https:\/\/diariotextual.com\/inicio\/wp-content\/uploads\/2018\/07\/luladasilva13345.jpg","datePublished":"2019-03-02T12:44:02+00:00","breadcrumb":{"@id":"https:\/\/diariotextual.com\/inicio\/index.php\/2019\/03\/02\/lula-abandono-la-prision-ir-al-entierro-nieto\/#breadcrumb"},"inLanguage":"es","potentialAction":[{"@type":"ReadAction","target":["https:\/\/diariotextual.com\/inicio\/index.php\/2019\/03\/02\/lula-abandono-la-prision-ir-al-entierro-nieto\/"]}]},{"@type":"ImageObject","inLanguage":"es","@id":"https:\/\/diariotextual.com\/inicio\/index.php\/2019\/03\/02\/lula-abandono-la-prision-ir-al-entierro-nieto\/#primaryimage","url":"https:\/\/diariotextual.com\/inicio\/wp-content\/uploads\/2018\/07\/luladasilva13345.jpg","contentUrl":"https:\/\/diariotextual.com\/inicio\/wp-content\/uploads\/2018\/07\/luladasilva13345.jpg","width":750,"height":500,"caption":"Brazilian former President Luiz Inacio Lula da Silva looks on prior to deliver a speech outside the metallurgic union headquarter in Sao Bernardo do Campo, Brazil, Saturday, April 7, 2018. (AP Photo\/Andre Penner)"},{"@type":"BreadcrumbList","@id":"https:\/\/diariotextual.com\/inicio\/index.php\/2019\/03\/02\/lula-abandono-la-prision-ir-al-entierro-nieto\/#breadcrumb","itemListElement":[{"@type":"ListItem","position":1,"name":"Portada","item":"https:\/\/diariotextual.com\/inicio\/"},{"@type":"ListItem","position":2,"name":"Lula abandon\u00f3 la prisi\u00f3n para ir al entierro de su nieto"}]},{"@type":"WebSite","@id":"https:\/\/diariotextual.com\/inicio\/#website","url":"https:\/\/diariotextual.com\/inicio\/","name":"Diario Textual","description":"","publisher":{"@id":"https:\/\/diariotextual.com\/inicio\/#organization"},"potentialAction":[{"@type":"SearchAction","target":{"@type":"EntryPoint","urlTemplate":"https:\/\/diariotextual.com\/inicio\/?s={search_term_string}"},"query-input":{"@type":"PropertyValueSpecification","valueRequired":true,"valueName":"search_term_string"}}],"inLanguage":"es"},{"@type":"Organization","@id":"https:\/\/diariotextual.com\/inicio\/#organization","name":"Diario Textual","url":"https:\/\/diariotextual.com\/inicio\/","logo":{"@type":"ImageObject","inLanguage":"es","@id":"https:\/\/diariotextual.com\/inicio\/#\/schema\/logo\/image\/","url":"https:\/\/diariotextual.com\/inicio\/wp-content\/uploads\/2023\/05\/logotextual1.jpg","contentUrl":"https:\/\/diariotextual.com\/inicio\/wp-content\/uploads\/2023\/05\/logotextual1.jpg","width":516,"height":76,"caption":"Diario Textual"},"image":{"@id":"https:\/\/diariotextual.com\/inicio\/#\/schema\/logo\/image\/"},"sameAs":["https:\/\/www.facebook.com\/eltextual","https:\/\/x.com\/eltextual","http:\/\/www.instagram.com\/eltextual"]},{"@type":"Person","@id":"https:\/\/diariotextual.com\/inicio\/#\/schema\/person\/694f60677f23c4a530867a98f22b3768","name":"diario2","image":{"@type":"ImageObject","inLanguage":"es","@id":"https:\/\/secure.gravatar.com\/avatar\/5a2567495ba16b852fcd8f1ed006a2e24fcace936018ed8237e95f488ad6e0a7?s=96&d=mm&r=g","url":"https:\/\/secure.gravatar.com\/avatar\/5a2567495ba16b852fcd8f1ed006a2e24fcace936018ed8237e95f488ad6e0a7?s=96&d=mm&r=g","contentUrl":"https:\/\/secure.gravatar.com\/avatar\/5a2567495ba16b852fcd8f1ed006a2e24fcace936018ed8237e95f488ad6e0a7?s=96&d=mm&r=g","caption":"diario2"},"url":"https:\/\/diariotextual.com\/inicio\/index.php\/author\/diario2\/"}]}},"_links":{"self":[{"href":"https:\/\/diariotextual.com\/inicio\/index.php\/wp-json\/wp\/v2\/posts\/40393","targetHints":{"allow":["GET"]}}],"collection":[{"href":"https:\/\/diariotextual.com\/inicio\/index.php\/wp-json\/wp\/v2\/posts"}],"about":[{"href":"https:\/\/diariotextual.com\/inicio\/index.php\/wp-json\/wp\/v2\/types\/post"}],"author":[{"embeddable":true,"href":"https:\/\/diariotextual.com\/inicio\/index.php\/wp-json\/wp\/v2\/users\/4"}],"replies":[{"embeddable":true,"href":"https:\/\/diariotextual.com\/inicio\/index.php\/wp-json\/wp\/v2\/comments?post=40393"}],"version-history":[{"count":1,"href":"https:\/\/diariotextual.com\/inicio\/index.php\/wp-json\/wp\/v2\/posts\/40393\/revisions"}],"predecessor-version":[{"id":40395,"href":"https:\/\/diariotextual.com\/inicio\/index.php\/wp-json\/wp\/v2\/posts\/40393\/revisions\/40395"}],"wp:featuredmedia":[{"embeddable":true,"href":"https:\/\/diariotextual.com\/inicio\/index.php\/wp-json\/wp\/v2\/media\/13003"}],"wp:attachment":[{"href":"https:\/\/diariotextual.com\/inicio\/index.php\/wp-json\/wp\/v2\/media?parent=40393"}],"wp:term":[{"taxonomy":"category","embeddable":true,"href":"https:\/\/diariotextual.com\/inicio\/index.php\/wp-json\/wp\/v2\/categories?post=40393"},{"taxonomy":"post_tag","embeddable":true,"href":"https:\/\/diariotextual.com\/inicio\/index.php\/wp-json\/wp\/v2\/tags?post=40393"}],"curies":[{"name":"wp","href":"https:\/\/api.w.org\/{rel}","templated":true}]}}