{"id":40547,"date":"2019-03-04T11:44:47","date_gmt":"2019-03-04T14:44:47","guid":{"rendered":"http:\/\/diariotextual.com\/inicio\/?p=40547"},"modified":"2019-03-04T18:43:01","modified_gmt":"2019-03-04T21:43:01","slug":"papa-francisco-anuncio-abrira-los-archivos-pio-xii-nazismo","status":"publish","type":"post","link":"https:\/\/diariotextual.com\/inicio\/index.php\/2019\/03\/04\/papa-francisco-anuncio-abrira-los-archivos-pio-xii-nazismo\/","title":{"rendered":"El papa Francisco anunci\u00f3 que abrir\u00e1 los archivos sobre P\u00edo XII y el nazismo"},"content":{"rendered":"<p>El papa Francisco anunci\u00f3 hoy para el a\u00f1o pr\u00f3ximo la apertura de los archivos secretos relacionados con el pontificado de P\u00edo XII (1939-1959),\u00a0<strong>una decisi\u00f3n que puede poner luz sobre el comportamiento del Vaticano frente al nazismo durante la Segunda Guerra Mundial.<\/strong><\/p>\n<p><strong>\u201cLa Iglesia no le teme a la historia, sino que la ama\u201d, dijo Francisco<\/strong>, al recibir a una representaci\u00f3n de trabajadores del Archivo Secreto vaticano.<\/p>\n<p>\u201cHe decidido que<strong>\u00a0la apertura de los Archivos del Vaticano del pontificado de P\u00edo XII se llevar\u00e1 a cabo el 2 de marzo de 2020<\/strong>, exactamente un a\u00f1o despu\u00e9s del ochenta aniversario de la elecci\u00f3n al Trono de Pedro de Eugenio Pacelli\u201d, anunci\u00f3.<\/p>\n<p>En el pasado, diferentes asociaciones y el comit\u00e9 de di\u00e1logo interreligioso jud\u00edo y cat\u00f3lico \u201cInternational Jewish Committe on Interreligious Consultations\u201d\u00a0<strong>hab\u00eda solicitado la difusi\u00f3n de la documentaci\u00f3n relativa al papado de P\u00edo XII que est\u00e1 en los Archivos Vaticanos.<\/strong><\/p>\n<p>La agencia espa\u00f1ola Efe rese\u00f1\u00f3 que\u00a0<strong>muchos han acusado al papa Pacelli de no haber denunciado los cr\u00edmenes del nazismo<\/strong>, comenzando por la redada del gueto de Roma, el 16 de octubre de 1943, cuando a pocos metros del Vaticano 1.022 personas fueron deportadas a Auschwitz y solo volvieron 16. El papa Francisco consider\u00f3 que Pacelli salv\u00f3 en secreto a muchos jud\u00edos.<\/p>\n<p>En los \u00faltimos diez a\u00f1os, unas doce personas, bajo la direcci\u00f3n de Sergio Pagano, prefecto del Archivo Secreto,\u00a0<strong>se han ocupado de ordenar diecis\u00e9is millones de documentos, m\u00e1s de quince mil sobres y dos mil quinientos archivos .<\/strong><\/p>\n<p><strong>\u201cAsumo esta decisi\u00f3n despu\u00e9s de escuchar la opini\u00f3n de mis colaboradores m\u00e1s cercanos, con una mente tranquila y confiada<\/strong>, segura de que la investigaci\u00f3n hist\u00f3rica seria y objetiva podr\u00e1 evaluar en su luz correcta con la cr\u00edtica apropiada, momentos de exaltaci\u00f3n de ese pont\u00edfice y, sin duda, tambi\u00e9n momentos de serias dificultades, de decisiones atormentadas, de prudencia humana y cristiana\u201d, dijo Francisco.<\/p>\n<p>Dichas decisiones para algunos podr\u00edan parecer una reticencia, pero\u00a0<strong>\u201cfueron intentos, humanamente muy combatidos, para tener encendida, en per\u00edodos de densa oscuridad y crueldad, la llama de las iniciativas humanitarias<\/strong>, de la diplomacia oculta pero activa, de la esperanza en las posibles aperturas de los corazones\u201d, puntualiz\u00f3 el papa.<\/p>\n<p>&nbsp;<\/p>\n<p>&nbsp;<\/p>\n","protected":false},"excerpt":{"rendered":"<p>El papa Francisco anunci\u00f3 hoy para el a\u00f1o pr\u00f3ximo la apertura de los archivos secretos relacionados con el pontificado de P\u00edo XII (1939-1959),\u00a0una decisi\u00f3n que puede poner luz sobre el&hellip;<\/p>\n","protected":false},"author":3,"featured_media":33268,"comment_status":"closed","ping_status":"open","sticky":false,"template":"","format":"standard","meta":{"_acf_changed":false,"footnotes":""},"categories":[319,7],"tags":[],"class_list":["post-40547","post","type-post","status-publish","format-standard","has-post-thumbnail","hentry","category-a-temporales","category-mundo"],"acf":[],"yoast_head":"<!-- This site is optimized with the Yoast SEO plugin v27.4 - https:\/\/yoast.com\/product\/yoast-seo-wordpress\/ -->\n<title>El papa Francisco anunci\u00f3 que abrir\u00e1 los archivos sobre P\u00edo XII y el nazismo - Diario Textual<\/title>\n<meta name=\"robots\" content=\"index, follow, max-snippet:-1, max-image-preview:large, max-video-preview:-1\" \/>\n<link rel=\"canonical\" href=\"https:\/\/diariotextual.com\/inicio\/index.php\/2019\/03\/04\/papa-francisco-anuncio-abrira-los-archivos-pio-xii-nazismo\/\" \/>\n<meta property=\"og:locale\" content=\"es_ES\" \/>\n<meta property=\"og:type\" content=\"article\" \/>\n<meta property=\"og:title\" content=\"El papa Francisco anunci\u00f3 que abrir\u00e1 los archivos sobre P\u00edo XII y el nazismo - Diario Textual\" \/>\n<meta property=\"og:description\" content=\"El papa Francisco anunci\u00f3 hoy para el a\u00f1o pr\u00f3ximo la apertura de los archivos secretos relacionados con el pontificado de P\u00edo XII (1939-1959),\u00a0una decisi\u00f3n que puede poner luz sobre el&hellip;\" \/>\n<meta property=\"og:url\" content=\"https:\/\/diariotextual.com\/inicio\/index.php\/2019\/03\/04\/papa-francisco-anuncio-abrira-los-archivos-pio-xii-nazismo\/\" \/>\n<meta property=\"og:site_name\" content=\"Diario Textual\" \/>\n<meta property=\"article:publisher\" content=\"https:\/\/www.facebook.com\/eltextual\" \/>\n<meta property=\"article:published_time\" content=\"2019-03-04T14:44:47+00:00\" \/>\n<meta property=\"article:modified_time\" content=\"2019-03-04T21:43:01+00:00\" \/>\n<meta property=\"og:image\" content=\"https:\/\/diariotextual.com\/inicio\/wp-content\/uploads\/2019\/01\/papavaticanoespalda2333.jpg\" \/>\n\t<meta property=\"og:image:width\" content=\"802\" \/>\n\t<meta property=\"og:image:height\" content=\"451\" \/>\n\t<meta property=\"og:image:type\" content=\"image\/jpeg\" \/>\n<meta name=\"author\" content=\"Diario1 Diario1\" \/>\n<meta name=\"twitter:card\" content=\"summary_large_image\" \/>\n<meta name=\"twitter:creator\" content=\"@eltextual\" \/>\n<meta name=\"twitter:site\" content=\"@eltextual\" \/>\n<meta name=\"twitter:label1\" content=\"Escrito por\" \/>\n\t<meta name=\"twitter:data1\" content=\"Diario1 Diario1\" \/>\n\t<meta name=\"twitter:label2\" content=\"Tiempo de lectura\" \/>\n\t<meta name=\"twitter:data2\" content=\"2 minutos\" \/>\n<script type=\"application\/ld+json\" class=\"yoast-schema-graph\">{\"@context\":\"https:\\\/\\\/schema.org\",\"@graph\":[{\"@type\":\"Article\",\"@id\":\"https:\\\/\\\/diariotextual.com\\\/inicio\\\/index.php\\\/2019\\\/03\\\/04\\\/papa-francisco-anuncio-abrira-los-archivos-pio-xii-nazismo\\\/#article\",\"isPartOf\":{\"@id\":\"https:\\\/\\\/diariotextual.com\\\/inicio\\\/index.php\\\/2019\\\/03\\\/04\\\/papa-francisco-anuncio-abrira-los-archivos-pio-xii-nazismo\\\/\"},\"author\":{\"name\":\"Diario1 Diario1\",\"@id\":\"https:\\\/\\\/diariotextual.com\\\/inicio\\\/#\\\/schema\\\/person\\\/418fc4093c33e86ed41562db3508f958\"},\"headline\":\"El papa Francisco anunci\u00f3 que abrir\u00e1 los archivos sobre P\u00edo XII y el nazismo\",\"datePublished\":\"2019-03-04T14:44:47+00:00\",\"dateModified\":\"2019-03-04T21:43:01+00:00\",\"mainEntityOfPage\":{\"@id\":\"https:\\\/\\\/diariotextual.com\\\/inicio\\\/index.php\\\/2019\\\/03\\\/04\\\/papa-francisco-anuncio-abrira-los-archivos-pio-xii-nazismo\\\/\"},\"wordCount\":405,\"publisher\":{\"@id\":\"https:\\\/\\\/diariotextual.com\\\/inicio\\\/#organization\"},\"image\":{\"@id\":\"https:\\\/\\\/diariotextual.com\\\/inicio\\\/index.php\\\/2019\\\/03\\\/04\\\/papa-francisco-anuncio-abrira-los-archivos-pio-xii-nazismo\\\/#primaryimage\"},\"thumbnailUrl\":\"https:\\\/\\\/diariotextual.com\\\/inicio\\\/wp-content\\\/uploads\\\/2019\\\/01\\\/papavaticanoespalda2333.jpg\",\"articleSection\":[\"A - TEMPORALES\",\"MUNDO\"],\"inLanguage\":\"es\"},{\"@type\":\"WebPage\",\"@id\":\"https:\\\/\\\/diariotextual.com\\\/inicio\\\/index.php\\\/2019\\\/03\\\/04\\\/papa-francisco-anuncio-abrira-los-archivos-pio-xii-nazismo\\\/\",\"url\":\"https:\\\/\\\/diariotextual.com\\\/inicio\\\/index.php\\\/2019\\\/03\\\/04\\\/papa-francisco-anuncio-abrira-los-archivos-pio-xii-nazismo\\\/\",\"name\":\"El papa Francisco anunci\u00f3 que abrir\u00e1 los archivos sobre P\u00edo XII y el nazismo - Diario Textual\",\"isPartOf\":{\"@id\":\"https:\\\/\\\/diariotextual.com\\\/inicio\\\/#website\"},\"primaryImageOfPage\":{\"@id\":\"https:\\\/\\\/diariotextual.com\\\/inicio\\\/index.php\\\/2019\\\/03\\\/04\\\/papa-francisco-anuncio-abrira-los-archivos-pio-xii-nazismo\\\/#primaryimage\"},\"image\":{\"@id\":\"https:\\\/\\\/diariotextual.com\\\/inicio\\\/index.php\\\/2019\\\/03\\\/04\\\/papa-francisco-anuncio-abrira-los-archivos-pio-xii-nazismo\\\/#primaryimage\"},\"thumbnailUrl\":\"https:\\\/\\\/diariotextual.com\\\/inicio\\\/wp-content\\\/uploads\\\/2019\\\/01\\\/papavaticanoespalda2333.jpg\",\"datePublished\":\"2019-03-04T14:44:47+00:00\",\"dateModified\":\"2019-03-04T21:43:01+00:00\",\"breadcrumb\":{\"@id\":\"https:\\\/\\\/diariotextual.com\\\/inicio\\\/index.php\\\/2019\\\/03\\\/04\\\/papa-francisco-anuncio-abrira-los-archivos-pio-xii-nazismo\\\/#breadcrumb\"},\"inLanguage\":\"es\",\"potentialAction\":[{\"@type\":\"ReadAction\",\"target\":[\"https:\\\/\\\/diariotextual.com\\\/inicio\\\/index.php\\\/2019\\\/03\\\/04\\\/papa-francisco-anuncio-abrira-los-archivos-pio-xii-nazismo\\\/\"]}]},{\"@type\":\"ImageObject\",\"inLanguage\":\"es\",\"@id\":\"https:\\\/\\\/diariotextual.com\\\/inicio\\\/index.php\\\/2019\\\/03\\\/04\\\/papa-francisco-anuncio-abrira-los-archivos-pio-xii-nazismo\\\/#primaryimage\",\"url\":\"https:\\\/\\\/diariotextual.com\\\/inicio\\\/wp-content\\\/uploads\\\/2019\\\/01\\\/papavaticanoespalda2333.jpg\",\"contentUrl\":\"https:\\\/\\\/diariotextual.com\\\/inicio\\\/wp-content\\\/uploads\\\/2019\\\/01\\\/papavaticanoespalda2333.jpg\",\"width\":802,\"height\":451},{\"@type\":\"BreadcrumbList\",\"@id\":\"https:\\\/\\\/diariotextual.com\\\/inicio\\\/index.php\\\/2019\\\/03\\\/04\\\/papa-francisco-anuncio-abrira-los-archivos-pio-xii-nazismo\\\/#breadcrumb\",\"itemListElement\":[{\"@type\":\"ListItem\",\"position\":1,\"name\":\"Portada\",\"item\":\"https:\\\/\\\/diariotextual.com\\\/inicio\\\/\"},{\"@type\":\"ListItem\",\"position\":2,\"name\":\"El papa Francisco anunci\u00f3 que abrir\u00e1 los archivos sobre P\u00edo XII y el nazismo\"}]},{\"@type\":\"WebSite\",\"@id\":\"https:\\\/\\\/diariotextual.com\\\/inicio\\\/#website\",\"url\":\"https:\\\/\\\/diariotextual.com\\\/inicio\\\/\",\"name\":\"Diario Textual\",\"description\":\"\",\"publisher\":{\"@id\":\"https:\\\/\\\/diariotextual.com\\\/inicio\\\/#organization\"},\"potentialAction\":[{\"@type\":\"SearchAction\",\"target\":{\"@type\":\"EntryPoint\",\"urlTemplate\":\"https:\\\/\\\/diariotextual.com\\\/inicio\\\/?s={search_term_string}\"},\"query-input\":{\"@type\":\"PropertyValueSpecification\",\"valueRequired\":true,\"valueName\":\"search_term_string\"}}],\"inLanguage\":\"es\"},{\"@type\":\"Organization\",\"@id\":\"https:\\\/\\\/diariotextual.com\\\/inicio\\\/#organization\",\"name\":\"Diario Textual\",\"url\":\"https:\\\/\\\/diariotextual.com\\\/inicio\\\/\",\"logo\":{\"@type\":\"ImageObject\",\"inLanguage\":\"es\",\"@id\":\"https:\\\/\\\/diariotextual.com\\\/inicio\\\/#\\\/schema\\\/logo\\\/image\\\/\",\"url\":\"https:\\\/\\\/diariotextual.com\\\/inicio\\\/wp-content\\\/uploads\\\/2023\\\/05\\\/logotextual1.jpg\",\"contentUrl\":\"https:\\\/\\\/diariotextual.com\\\/inicio\\\/wp-content\\\/uploads\\\/2023\\\/05\\\/logotextual1.jpg\",\"width\":516,\"height\":76,\"caption\":\"Diario Textual\"},\"image\":{\"@id\":\"https:\\\/\\\/diariotextual.com\\\/inicio\\\/#\\\/schema\\\/logo\\\/image\\\/\"},\"sameAs\":[\"https:\\\/\\\/www.facebook.com\\\/eltextual\",\"https:\\\/\\\/x.com\\\/eltextual\",\"http:\\\/\\\/www.instagram.com\\\/eltextual\"]},{\"@type\":\"Person\",\"@id\":\"https:\\\/\\\/diariotextual.com\\\/inicio\\\/#\\\/schema\\\/person\\\/418fc4093c33e86ed41562db3508f958\",\"name\":\"Diario1 Diario1\",\"image\":{\"@type\":\"ImageObject\",\"inLanguage\":\"es\",\"@id\":\"https:\\\/\\\/secure.gravatar.com\\\/avatar\\\/9167d280179c85bc18be67aa7eda765854300033af4896dd779b608640f2ef7a?s=96&d=mm&r=g\",\"url\":\"https:\\\/\\\/secure.gravatar.com\\\/avatar\\\/9167d280179c85bc18be67aa7eda765854300033af4896dd779b608640f2ef7a?s=96&d=mm&r=g\",\"contentUrl\":\"https:\\\/\\\/secure.gravatar.com\\\/avatar\\\/9167d280179c85bc18be67aa7eda765854300033af4896dd779b608640f2ef7a?s=96&d=mm&r=g\",\"caption\":\"Diario1 Diario1\"},\"url\":\"https:\\\/\\\/diariotextual.com\\\/inicio\\\/index.php\\\/author\\\/diario1\\\/\"}]}<\/script>\n<!-- \/ Yoast SEO plugin. -->","yoast_head_json":{"title":"El papa Francisco anunci\u00f3 que abrir\u00e1 los archivos sobre P\u00edo XII y el nazismo - Diario Textual","robots":{"index":"index","follow":"follow","max-snippet":"max-snippet:-1","max-image-preview":"max-image-preview:large","max-video-preview":"max-video-preview:-1"},"canonical":"https:\/\/diariotextual.com\/inicio\/index.php\/2019\/03\/04\/papa-francisco-anuncio-abrira-los-archivos-pio-xii-nazismo\/","og_locale":"es_ES","og_type":"article","og_title":"El papa Francisco anunci\u00f3 que abrir\u00e1 los archivos sobre P\u00edo XII y el nazismo - Diario Textual","og_description":"El papa Francisco anunci\u00f3 hoy para el a\u00f1o pr\u00f3ximo la apertura de los archivos secretos relacionados con el pontificado de P\u00edo XII (1939-1959),\u00a0una decisi\u00f3n que puede poner luz sobre el&hellip;","og_url":"https:\/\/diariotextual.com\/inicio\/index.php\/2019\/03\/04\/papa-francisco-anuncio-abrira-los-archivos-pio-xii-nazismo\/","og_site_name":"Diario Textual","article_publisher":"https:\/\/www.facebook.com\/eltextual","article_published_time":"2019-03-04T14:44:47+00:00","article_modified_time":"2019-03-04T21:43:01+00:00","og_image":[{"width":802,"height":451,"url":"https:\/\/diariotextual.com\/inicio\/wp-content\/uploads\/2019\/01\/papavaticanoespalda2333.jpg","type":"image\/jpeg"}],"author":"Diario1 Diario1","twitter_card":"summary_large_image","twitter_creator":"@eltextual","twitter_site":"@eltextual","twitter_misc":{"Escrito por":"Diario1 Diario1","Tiempo de lectura":"2 minutos"},"schema":{"@context":"https:\/\/schema.org","@graph":[{"@type":"Article","@id":"https:\/\/diariotextual.com\/inicio\/index.php\/2019\/03\/04\/papa-francisco-anuncio-abrira-los-archivos-pio-xii-nazismo\/#article","isPartOf":{"@id":"https:\/\/diariotextual.com\/inicio\/index.php\/2019\/03\/04\/papa-francisco-anuncio-abrira-los-archivos-pio-xii-nazismo\/"},"author":{"name":"Diario1 Diario1","@id":"https:\/\/diariotextual.com\/inicio\/#\/schema\/person\/418fc4093c33e86ed41562db3508f958"},"headline":"El papa Francisco anunci\u00f3 que abrir\u00e1 los archivos sobre P\u00edo XII y el nazismo","datePublished":"2019-03-04T14:44:47+00:00","dateModified":"2019-03-04T21:43:01+00:00","mainEntityOfPage":{"@id":"https:\/\/diariotextual.com\/inicio\/index.php\/2019\/03\/04\/papa-francisco-anuncio-abrira-los-archivos-pio-xii-nazismo\/"},"wordCount":405,"publisher":{"@id":"https:\/\/diariotextual.com\/inicio\/#organization"},"image":{"@id":"https:\/\/diariotextual.com\/inicio\/index.php\/2019\/03\/04\/papa-francisco-anuncio-abrira-los-archivos-pio-xii-nazismo\/#primaryimage"},"thumbnailUrl":"https:\/\/diariotextual.com\/inicio\/wp-content\/uploads\/2019\/01\/papavaticanoespalda2333.jpg","articleSection":["A - TEMPORALES","MUNDO"],"inLanguage":"es"},{"@type":"WebPage","@id":"https:\/\/diariotextual.com\/inicio\/index.php\/2019\/03\/04\/papa-francisco-anuncio-abrira-los-archivos-pio-xii-nazismo\/","url":"https:\/\/diariotextual.com\/inicio\/index.php\/2019\/03\/04\/papa-francisco-anuncio-abrira-los-archivos-pio-xii-nazismo\/","name":"El papa Francisco anunci\u00f3 que abrir\u00e1 los archivos sobre P\u00edo XII y el nazismo - Diario Textual","isPartOf":{"@id":"https:\/\/diariotextual.com\/inicio\/#website"},"primaryImageOfPage":{"@id":"https:\/\/diariotextual.com\/inicio\/index.php\/2019\/03\/04\/papa-francisco-anuncio-abrira-los-archivos-pio-xii-nazismo\/#primaryimage"},"image":{"@id":"https:\/\/diariotextual.com\/inicio\/index.php\/2019\/03\/04\/papa-francisco-anuncio-abrira-los-archivos-pio-xii-nazismo\/#primaryimage"},"thumbnailUrl":"https:\/\/diariotextual.com\/inicio\/wp-content\/uploads\/2019\/01\/papavaticanoespalda2333.jpg","datePublished":"2019-03-04T14:44:47+00:00","dateModified":"2019-03-04T21:43:01+00:00","breadcrumb":{"@id":"https:\/\/diariotextual.com\/inicio\/index.php\/2019\/03\/04\/papa-francisco-anuncio-abrira-los-archivos-pio-xii-nazismo\/#breadcrumb"},"inLanguage":"es","potentialAction":[{"@type":"ReadAction","target":["https:\/\/diariotextual.com\/inicio\/index.php\/2019\/03\/04\/papa-francisco-anuncio-abrira-los-archivos-pio-xii-nazismo\/"]}]},{"@type":"ImageObject","inLanguage":"es","@id":"https:\/\/diariotextual.com\/inicio\/index.php\/2019\/03\/04\/papa-francisco-anuncio-abrira-los-archivos-pio-xii-nazismo\/#primaryimage","url":"https:\/\/diariotextual.com\/inicio\/wp-content\/uploads\/2019\/01\/papavaticanoespalda2333.jpg","contentUrl":"https:\/\/diariotextual.com\/inicio\/wp-content\/uploads\/2019\/01\/papavaticanoespalda2333.jpg","width":802,"height":451},{"@type":"BreadcrumbList","@id":"https:\/\/diariotextual.com\/inicio\/index.php\/2019\/03\/04\/papa-francisco-anuncio-abrira-los-archivos-pio-xii-nazismo\/#breadcrumb","itemListElement":[{"@type":"ListItem","position":1,"name":"Portada","item":"https:\/\/diariotextual.com\/inicio\/"},{"@type":"ListItem","position":2,"name":"El papa Francisco anunci\u00f3 que abrir\u00e1 los archivos sobre P\u00edo XII y el nazismo"}]},{"@type":"WebSite","@id":"https:\/\/diariotextual.com\/inicio\/#website","url":"https:\/\/diariotextual.com\/inicio\/","name":"Diario Textual","description":"","publisher":{"@id":"https:\/\/diariotextual.com\/inicio\/#organization"},"potentialAction":[{"@type":"SearchAction","target":{"@type":"EntryPoint","urlTemplate":"https:\/\/diariotextual.com\/inicio\/?s={search_term_string}"},"query-input":{"@type":"PropertyValueSpecification","valueRequired":true,"valueName":"search_term_string"}}],"inLanguage":"es"},{"@type":"Organization","@id":"https:\/\/diariotextual.com\/inicio\/#organization","name":"Diario Textual","url":"https:\/\/diariotextual.com\/inicio\/","logo":{"@type":"ImageObject","inLanguage":"es","@id":"https:\/\/diariotextual.com\/inicio\/#\/schema\/logo\/image\/","url":"https:\/\/diariotextual.com\/inicio\/wp-content\/uploads\/2023\/05\/logotextual1.jpg","contentUrl":"https:\/\/diariotextual.com\/inicio\/wp-content\/uploads\/2023\/05\/logotextual1.jpg","width":516,"height":76,"caption":"Diario Textual"},"image":{"@id":"https:\/\/diariotextual.com\/inicio\/#\/schema\/logo\/image\/"},"sameAs":["https:\/\/www.facebook.com\/eltextual","https:\/\/x.com\/eltextual","http:\/\/www.instagram.com\/eltextual"]},{"@type":"Person","@id":"https:\/\/diariotextual.com\/inicio\/#\/schema\/person\/418fc4093c33e86ed41562db3508f958","name":"Diario1 Diario1","image":{"@type":"ImageObject","inLanguage":"es","@id":"https:\/\/secure.gravatar.com\/avatar\/9167d280179c85bc18be67aa7eda765854300033af4896dd779b608640f2ef7a?s=96&d=mm&r=g","url":"https:\/\/secure.gravatar.com\/avatar\/9167d280179c85bc18be67aa7eda765854300033af4896dd779b608640f2ef7a?s=96&d=mm&r=g","contentUrl":"https:\/\/secure.gravatar.com\/avatar\/9167d280179c85bc18be67aa7eda765854300033af4896dd779b608640f2ef7a?s=96&d=mm&r=g","caption":"Diario1 Diario1"},"url":"https:\/\/diariotextual.com\/inicio\/index.php\/author\/diario1\/"}]}},"_links":{"self":[{"href":"https:\/\/diariotextual.com\/inicio\/index.php\/wp-json\/wp\/v2\/posts\/40547","targetHints":{"allow":["GET"]}}],"collection":[{"href":"https:\/\/diariotextual.com\/inicio\/index.php\/wp-json\/wp\/v2\/posts"}],"about":[{"href":"https:\/\/diariotextual.com\/inicio\/index.php\/wp-json\/wp\/v2\/types\/post"}],"author":[{"embeddable":true,"href":"https:\/\/diariotextual.com\/inicio\/index.php\/wp-json\/wp\/v2\/users\/3"}],"replies":[{"embeddable":true,"href":"https:\/\/diariotextual.com\/inicio\/index.php\/wp-json\/wp\/v2\/comments?post=40547"}],"version-history":[{"count":1,"href":"https:\/\/diariotextual.com\/inicio\/index.php\/wp-json\/wp\/v2\/posts\/40547\/revisions"}],"predecessor-version":[{"id":40548,"href":"https:\/\/diariotextual.com\/inicio\/index.php\/wp-json\/wp\/v2\/posts\/40547\/revisions\/40548"}],"wp:featuredmedia":[{"embeddable":true,"href":"https:\/\/diariotextual.com\/inicio\/index.php\/wp-json\/wp\/v2\/media\/33268"}],"wp:attachment":[{"href":"https:\/\/diariotextual.com\/inicio\/index.php\/wp-json\/wp\/v2\/media?parent=40547"}],"wp:term":[{"taxonomy":"category","embeddable":true,"href":"https:\/\/diariotextual.com\/inicio\/index.php\/wp-json\/wp\/v2\/categories?post=40547"},{"taxonomy":"post_tag","embeddable":true,"href":"https:\/\/diariotextual.com\/inicio\/index.php\/wp-json\/wp\/v2\/tags?post=40547"}],"curies":[{"name":"wp","href":"https:\/\/api.w.org\/{rel}","templated":true}]}}