{"id":4078,"date":"2018-04-07T22:59:24","date_gmt":"2018-04-07T22:59:24","guid":{"rendered":"http:\/\/diariotextual.com\/inicio\/?p=4078"},"modified":"2018-04-08T19:48:45","modified_gmt":"2018-04-08T19:48:45","slug":"expresidente-lula-se-entrego-quedo-preso","status":"publish","type":"post","link":"https:\/\/diariotextual.com\/inicio\/index.php\/2018\/04\/07\/expresidente-lula-se-entrego-quedo-preso\/","title":{"rendered":"Lula pas\u00f3 su primera noche en prisi\u00f3n"},"content":{"rendered":"<p>Luego de 48 horas que mantuvieron en vilo a Brasil, Luiz In\u00e1cio Lula da Silva se convirti\u00f3 este s\u00e1bado en el primer expresidente de ese pa\u00eds encarcelado por un delito com\u00fan y en la mayor presa de la Operaci\u00f3n Lava Jato, que desde hace cuatro a\u00f1os sacude a una clase pol\u00edtica gangrenada por la corrupci\u00f3n.<!--more--><br \/>\nEl exmandatario de izquierda (2003-2010) lleg\u00f3 por la noche en helic\u00f3ptero a la sede de la Polic\u00eda Federal de Curitiba (sur), donde una celda de 15 metros cuadrados con ba\u00f1o privado fue especialmente acondicionada para alojarlo.<br \/>\nLula, de 72 a\u00f1os, fue condenado a 12 a\u00f1os y un mes de c\u00e1rcel por el juez Sergio Moro, figura emblem\u00e1tica de Lava Jato, que consider\u00f3 que hab\u00eda recibido un apartamento de lujo de parte de la constructora a cambio de facilidades para obtener contratos con Petrobras.<br \/>\nEl exdirigente sindical, que enfrenta otros seis procesos penales, se declara inocente en todos y denuncia un acoso judicial para impedirle volver al poder en las elecciones de octubre, para las cuales es el gran favorito seg\u00fan todos los sondeos. Pero Lula es tambi\u00e9n uno de los pol\u00edticos que m\u00e1s rechazo suscita, y su detenci\u00f3n fue tan celebrada como llorada en varias ciudades del pa\u00eds.<br \/>\nFrente a la sede policial, centenares de personas festejaron su llegada con fuegos artificiales, cornetas y silbatos, dando v\u00edtores a la \u00abRep\u00fablica de Curitiba\u00bb, la ciudad denominada \u00abCapital de Lava Jato\u00bb. \u00abGracias a esta detenci\u00f3n existe ahora una pizca de esperanza en Brasil, de justicia\u00bb, dijo Felipe Ploencio, un guardi\u00e1n de seguridad, de 26 a\u00f1os.<\/p>\n<p>Del otro lado de un vallado tendido por la polic\u00eda, hab\u00eda igualmente unos cientos de lulistas, que durante la madrugada comenzaron montar algunas carpas como para \u00abacompa\u00f1ar\u00bb a su encarcelado l\u00edder pol\u00edtico.<br \/>\nLula se entreg\u00f3 a la polic\u00eda en el Sindicato de Metal\u00fargicos de Sao Bernardo do Campo, en el cintur\u00f3n industrial de Sao Paulo, donde estaba atrincherado y rodeado de miles de partidarios desde que el juez Moro emiti\u00f3 la orden de captura, 48 horas antes. Como \u00faltimo desaf\u00edo, asisti\u00f3 a una misa en memoria de su esposa fallecida el a\u00f1o pasado, que tuvo lugar frente a la sede sindical y en la que anunci\u00f3 su intenci\u00f3n de someterse al fallo. \u00abVoy a cumplir la orden de c\u00e1rcel (&#8230;) y cada uno de ustedes se transformar\u00e1 en un Lula\u00bb, proclam\u00f3 el exmandatario, desencadenando un clamor un\u00e1nime de \u00ab\u00a1Soy Lula! \u00a1Soy Lula!\u00bb.<br \/>\n\u00abMoro minti\u00f3 al decir que esa apartamento era m\u00edo\u00bb, reiter\u00f3.<br \/>\nSu detenci\u00f3n es un nuevo golpe para su fuerza pol\u00edtica, el Partido de los Trabajadores (PT), despu\u00e9s de la destituci\u00f3n en 2016 de la presidenta Dilma Rousseff, su heredera pol\u00edtica, acusada de manipular las cuentas p\u00fablicas, y de la detenci\u00f3n o la acusaci\u00f3n de muchos de sus dirigentes hist\u00f3ricos. Queda por ver ahora qui\u00e9n puede capitalizar la detenci\u00f3n de Lula y si el dirigente indiscutible del PT puede, desde la c\u00e1rcel, transferir su electorado a otro candidato. El exmandatario lleg\u00f3 a Curitiva a bordo de un helic\u00f3ptero, que se pos\u00f3 a las 22H30 locales (01H30 GMT) sobre la sede del edificio de la Polic\u00eda Federal. Hab\u00eda sido detenido por la tarde en las afueras de Sao Paulo, desde donde fue trasladado a Curitiba en avioneta. Su primer destino fue el Pabell\u00f3n M\u00e9dico, para controlar su salud y de ah\u00ed ir\u00e1 a su celda de15 metros cuadrados, donde deber\u00e1 utilizar el uniforme naranja de todos los reclusos.<\/p>\n<p>&nbsp;<\/p>\n","protected":false},"excerpt":{"rendered":"<p>Luego de 48 horas que mantuvieron en vilo a Brasil, Luiz In\u00e1cio Lula da Silva se convirti\u00f3 este s\u00e1bado en el primer expresidente de ese pa\u00eds encarcelado por un delito&hellip;<\/p>\n","protected":false},"author":3,"featured_media":4069,"comment_status":"open","ping_status":"open","sticky":false,"template":"","format":"standard","meta":{"_acf_changed":false,"footnotes":""},"categories":[11,7],"tags":[],"class_list":["post-4078","post","type-post","status-publish","format-standard","has-post-thumbnail","hentry","category-que-pasa","category-mundo"],"acf":[],"yoast_head":"<!-- This site is optimized with the Yoast SEO plugin v27.5 - https:\/\/yoast.com\/product\/yoast-seo-wordpress\/ -->\n<title>Lula pas\u00f3 su primera noche en prisi\u00f3n - Diario Textual<\/title>\n<meta name=\"robots\" content=\"index, follow, max-snippet:-1, max-image-preview:large, max-video-preview:-1\" \/>\n<link rel=\"canonical\" href=\"https:\/\/diariotextual.com\/inicio\/index.php\/2018\/04\/07\/expresidente-lula-se-entrego-quedo-preso\/\" \/>\n<meta property=\"og:locale\" content=\"es_ES\" \/>\n<meta property=\"og:type\" content=\"article\" \/>\n<meta property=\"og:title\" content=\"Lula pas\u00f3 su primera noche en prisi\u00f3n - Diario Textual\" \/>\n<meta property=\"og:description\" content=\"Luego de 48 horas que mantuvieron en vilo a Brasil, Luiz In\u00e1cio Lula da Silva se convirti\u00f3 este s\u00e1bado en el primer expresidente de ese pa\u00eds encarcelado por un delito&hellip;\" \/>\n<meta property=\"og:url\" content=\"https:\/\/diariotextual.com\/inicio\/index.php\/2018\/04\/07\/expresidente-lula-se-entrego-quedo-preso\/\" \/>\n<meta property=\"og:site_name\" content=\"Diario Textual\" \/>\n<meta property=\"article:publisher\" content=\"https:\/\/www.facebook.com\/eltextual\" \/>\n<meta property=\"article:published_time\" content=\"2018-04-07T22:59:24+00:00\" \/>\n<meta property=\"article:modified_time\" content=\"2018-04-08T19:48:45+00:00\" \/>\n<meta property=\"og:image\" content=\"https:\/\/diariotextual.com\/inicio\/wp-content\/uploads\/2018\/04\/luladasilva712121212.jpg\" \/>\n\t<meta property=\"og:image:width\" content=\"649\" \/>\n\t<meta property=\"og:image:height\" content=\"406\" \/>\n\t<meta property=\"og:image:type\" content=\"image\/jpeg\" \/>\n<meta name=\"author\" content=\"Diario1 Diario1\" \/>\n<meta name=\"twitter:card\" content=\"summary_large_image\" \/>\n<meta name=\"twitter:creator\" content=\"@eltextual\" \/>\n<meta name=\"twitter:site\" content=\"@eltextual\" \/>\n<meta name=\"twitter:label1\" content=\"Escrito por\" \/>\n\t<meta name=\"twitter:data1\" content=\"Diario1 Diario1\" \/>\n\t<meta name=\"twitter:label2\" content=\"Tiempo de lectura\" \/>\n\t<meta name=\"twitter:data2\" content=\"3 minutos\" \/>\n<script type=\"application\/ld+json\" class=\"yoast-schema-graph\">{\"@context\":\"https:\\\/\\\/schema.org\",\"@graph\":[{\"@type\":\"Article\",\"@id\":\"https:\\\/\\\/diariotextual.com\\\/inicio\\\/index.php\\\/2018\\\/04\\\/07\\\/expresidente-lula-se-entrego-quedo-preso\\\/#article\",\"isPartOf\":{\"@id\":\"https:\\\/\\\/diariotextual.com\\\/inicio\\\/index.php\\\/2018\\\/04\\\/07\\\/expresidente-lula-se-entrego-quedo-preso\\\/\"},\"author\":{\"name\":\"Diario1 Diario1\",\"@id\":\"https:\\\/\\\/diariotextual.com\\\/inicio\\\/#\\\/schema\\\/person\\\/418fc4093c33e86ed41562db3508f958\"},\"headline\":\"Lula pas\u00f3 su primera noche en prisi\u00f3n\",\"datePublished\":\"2018-04-07T22:59:24+00:00\",\"dateModified\":\"2018-04-08T19:48:45+00:00\",\"mainEntityOfPage\":{\"@id\":\"https:\\\/\\\/diariotextual.com\\\/inicio\\\/index.php\\\/2018\\\/04\\\/07\\\/expresidente-lula-se-entrego-quedo-preso\\\/\"},\"wordCount\":625,\"commentCount\":0,\"publisher\":{\"@id\":\"https:\\\/\\\/diariotextual.com\\\/inicio\\\/#organization\"},\"image\":{\"@id\":\"https:\\\/\\\/diariotextual.com\\\/inicio\\\/index.php\\\/2018\\\/04\\\/07\\\/expresidente-lula-se-entrego-quedo-preso\\\/#primaryimage\"},\"thumbnailUrl\":\"https:\\\/\\\/diariotextual.com\\\/inicio\\\/wp-content\\\/uploads\\\/2018\\\/04\\\/luladasilva712121212.jpg\",\"articleSection\":[\"A - QUE PASA (al costado)\",\"MUNDO\"],\"inLanguage\":\"es\",\"potentialAction\":[{\"@type\":\"CommentAction\",\"name\":\"Comment\",\"target\":[\"https:\\\/\\\/diariotextual.com\\\/inicio\\\/index.php\\\/2018\\\/04\\\/07\\\/expresidente-lula-se-entrego-quedo-preso\\\/#respond\"]}]},{\"@type\":\"WebPage\",\"@id\":\"https:\\\/\\\/diariotextual.com\\\/inicio\\\/index.php\\\/2018\\\/04\\\/07\\\/expresidente-lula-se-entrego-quedo-preso\\\/\",\"url\":\"https:\\\/\\\/diariotextual.com\\\/inicio\\\/index.php\\\/2018\\\/04\\\/07\\\/expresidente-lula-se-entrego-quedo-preso\\\/\",\"name\":\"Lula pas\u00f3 su primera noche en prisi\u00f3n - Diario Textual\",\"isPartOf\":{\"@id\":\"https:\\\/\\\/diariotextual.com\\\/inicio\\\/#website\"},\"primaryImageOfPage\":{\"@id\":\"https:\\\/\\\/diariotextual.com\\\/inicio\\\/index.php\\\/2018\\\/04\\\/07\\\/expresidente-lula-se-entrego-quedo-preso\\\/#primaryimage\"},\"image\":{\"@id\":\"https:\\\/\\\/diariotextual.com\\\/inicio\\\/index.php\\\/2018\\\/04\\\/07\\\/expresidente-lula-se-entrego-quedo-preso\\\/#primaryimage\"},\"thumbnailUrl\":\"https:\\\/\\\/diariotextual.com\\\/inicio\\\/wp-content\\\/uploads\\\/2018\\\/04\\\/luladasilva712121212.jpg\",\"datePublished\":\"2018-04-07T22:59:24+00:00\",\"dateModified\":\"2018-04-08T19:48:45+00:00\",\"breadcrumb\":{\"@id\":\"https:\\\/\\\/diariotextual.com\\\/inicio\\\/index.php\\\/2018\\\/04\\\/07\\\/expresidente-lula-se-entrego-quedo-preso\\\/#breadcrumb\"},\"inLanguage\":\"es\",\"potentialAction\":[{\"@type\":\"ReadAction\",\"target\":[\"https:\\\/\\\/diariotextual.com\\\/inicio\\\/index.php\\\/2018\\\/04\\\/07\\\/expresidente-lula-se-entrego-quedo-preso\\\/\"]}]},{\"@type\":\"ImageObject\",\"inLanguage\":\"es\",\"@id\":\"https:\\\/\\\/diariotextual.com\\\/inicio\\\/index.php\\\/2018\\\/04\\\/07\\\/expresidente-lula-se-entrego-quedo-preso\\\/#primaryimage\",\"url\":\"https:\\\/\\\/diariotextual.com\\\/inicio\\\/wp-content\\\/uploads\\\/2018\\\/04\\\/luladasilva712121212.jpg\",\"contentUrl\":\"https:\\\/\\\/diariotextual.com\\\/inicio\\\/wp-content\\\/uploads\\\/2018\\\/04\\\/luladasilva712121212.jpg\",\"width\":649,\"height\":406},{\"@type\":\"BreadcrumbList\",\"@id\":\"https:\\\/\\\/diariotextual.com\\\/inicio\\\/index.php\\\/2018\\\/04\\\/07\\\/expresidente-lula-se-entrego-quedo-preso\\\/#breadcrumb\",\"itemListElement\":[{\"@type\":\"ListItem\",\"position\":1,\"name\":\"Portada\",\"item\":\"https:\\\/\\\/diariotextual.com\\\/inicio\\\/\"},{\"@type\":\"ListItem\",\"position\":2,\"name\":\"Lula pas\u00f3 su primera noche en prisi\u00f3n\"}]},{\"@type\":\"WebSite\",\"@id\":\"https:\\\/\\\/diariotextual.com\\\/inicio\\\/#website\",\"url\":\"https:\\\/\\\/diariotextual.com\\\/inicio\\\/\",\"name\":\"Diario Textual\",\"description\":\"\",\"publisher\":{\"@id\":\"https:\\\/\\\/diariotextual.com\\\/inicio\\\/#organization\"},\"potentialAction\":[{\"@type\":\"SearchAction\",\"target\":{\"@type\":\"EntryPoint\",\"urlTemplate\":\"https:\\\/\\\/diariotextual.com\\\/inicio\\\/?s={search_term_string}\"},\"query-input\":{\"@type\":\"PropertyValueSpecification\",\"valueRequired\":true,\"valueName\":\"search_term_string\"}}],\"inLanguage\":\"es\"},{\"@type\":\"Organization\",\"@id\":\"https:\\\/\\\/diariotextual.com\\\/inicio\\\/#organization\",\"name\":\"Diario Textual\",\"url\":\"https:\\\/\\\/diariotextual.com\\\/inicio\\\/\",\"logo\":{\"@type\":\"ImageObject\",\"inLanguage\":\"es\",\"@id\":\"https:\\\/\\\/diariotextual.com\\\/inicio\\\/#\\\/schema\\\/logo\\\/image\\\/\",\"url\":\"https:\\\/\\\/diariotextual.com\\\/inicio\\\/wp-content\\\/uploads\\\/2023\\\/05\\\/logotextual1.jpg\",\"contentUrl\":\"https:\\\/\\\/diariotextual.com\\\/inicio\\\/wp-content\\\/uploads\\\/2023\\\/05\\\/logotextual1.jpg\",\"width\":516,\"height\":76,\"caption\":\"Diario Textual\"},\"image\":{\"@id\":\"https:\\\/\\\/diariotextual.com\\\/inicio\\\/#\\\/schema\\\/logo\\\/image\\\/\"},\"sameAs\":[\"https:\\\/\\\/www.facebook.com\\\/eltextual\",\"https:\\\/\\\/x.com\\\/eltextual\",\"http:\\\/\\\/www.instagram.com\\\/eltextual\"]},{\"@type\":\"Person\",\"@id\":\"https:\\\/\\\/diariotextual.com\\\/inicio\\\/#\\\/schema\\\/person\\\/418fc4093c33e86ed41562db3508f958\",\"name\":\"Diario1 Diario1\",\"image\":{\"@type\":\"ImageObject\",\"inLanguage\":\"es\",\"@id\":\"https:\\\/\\\/secure.gravatar.com\\\/avatar\\\/9167d280179c85bc18be67aa7eda765854300033af4896dd779b608640f2ef7a?s=96&d=mm&r=g\",\"url\":\"https:\\\/\\\/secure.gravatar.com\\\/avatar\\\/9167d280179c85bc18be67aa7eda765854300033af4896dd779b608640f2ef7a?s=96&d=mm&r=g\",\"contentUrl\":\"https:\\\/\\\/secure.gravatar.com\\\/avatar\\\/9167d280179c85bc18be67aa7eda765854300033af4896dd779b608640f2ef7a?s=96&d=mm&r=g\",\"caption\":\"Diario1 Diario1\"},\"url\":\"https:\\\/\\\/diariotextual.com\\\/inicio\\\/index.php\\\/author\\\/diario1\\\/\"}]}<\/script>\n<!-- \/ Yoast SEO plugin. -->","yoast_head_json":{"title":"Lula pas\u00f3 su primera noche en prisi\u00f3n - Diario Textual","robots":{"index":"index","follow":"follow","max-snippet":"max-snippet:-1","max-image-preview":"max-image-preview:large","max-video-preview":"max-video-preview:-1"},"canonical":"https:\/\/diariotextual.com\/inicio\/index.php\/2018\/04\/07\/expresidente-lula-se-entrego-quedo-preso\/","og_locale":"es_ES","og_type":"article","og_title":"Lula pas\u00f3 su primera noche en prisi\u00f3n - Diario Textual","og_description":"Luego de 48 horas que mantuvieron en vilo a Brasil, Luiz In\u00e1cio Lula da Silva se convirti\u00f3 este s\u00e1bado en el primer expresidente de ese pa\u00eds encarcelado por un delito&hellip;","og_url":"https:\/\/diariotextual.com\/inicio\/index.php\/2018\/04\/07\/expresidente-lula-se-entrego-quedo-preso\/","og_site_name":"Diario Textual","article_publisher":"https:\/\/www.facebook.com\/eltextual","article_published_time":"2018-04-07T22:59:24+00:00","article_modified_time":"2018-04-08T19:48:45+00:00","og_image":[{"width":649,"height":406,"url":"https:\/\/diariotextual.com\/inicio\/wp-content\/uploads\/2018\/04\/luladasilva712121212.jpg","type":"image\/jpeg"}],"author":"Diario1 Diario1","twitter_card":"summary_large_image","twitter_creator":"@eltextual","twitter_site":"@eltextual","twitter_misc":{"Escrito por":"Diario1 Diario1","Tiempo de lectura":"3 minutos"},"schema":{"@context":"https:\/\/schema.org","@graph":[{"@type":"Article","@id":"https:\/\/diariotextual.com\/inicio\/index.php\/2018\/04\/07\/expresidente-lula-se-entrego-quedo-preso\/#article","isPartOf":{"@id":"https:\/\/diariotextual.com\/inicio\/index.php\/2018\/04\/07\/expresidente-lula-se-entrego-quedo-preso\/"},"author":{"name":"Diario1 Diario1","@id":"https:\/\/diariotextual.com\/inicio\/#\/schema\/person\/418fc4093c33e86ed41562db3508f958"},"headline":"Lula pas\u00f3 su primera noche en prisi\u00f3n","datePublished":"2018-04-07T22:59:24+00:00","dateModified":"2018-04-08T19:48:45+00:00","mainEntityOfPage":{"@id":"https:\/\/diariotextual.com\/inicio\/index.php\/2018\/04\/07\/expresidente-lula-se-entrego-quedo-preso\/"},"wordCount":625,"commentCount":0,"publisher":{"@id":"https:\/\/diariotextual.com\/inicio\/#organization"},"image":{"@id":"https:\/\/diariotextual.com\/inicio\/index.php\/2018\/04\/07\/expresidente-lula-se-entrego-quedo-preso\/#primaryimage"},"thumbnailUrl":"https:\/\/diariotextual.com\/inicio\/wp-content\/uploads\/2018\/04\/luladasilva712121212.jpg","articleSection":["A - QUE PASA (al costado)","MUNDO"],"inLanguage":"es","potentialAction":[{"@type":"CommentAction","name":"Comment","target":["https:\/\/diariotextual.com\/inicio\/index.php\/2018\/04\/07\/expresidente-lula-se-entrego-quedo-preso\/#respond"]}]},{"@type":"WebPage","@id":"https:\/\/diariotextual.com\/inicio\/index.php\/2018\/04\/07\/expresidente-lula-se-entrego-quedo-preso\/","url":"https:\/\/diariotextual.com\/inicio\/index.php\/2018\/04\/07\/expresidente-lula-se-entrego-quedo-preso\/","name":"Lula pas\u00f3 su primera noche en prisi\u00f3n - Diario Textual","isPartOf":{"@id":"https:\/\/diariotextual.com\/inicio\/#website"},"primaryImageOfPage":{"@id":"https:\/\/diariotextual.com\/inicio\/index.php\/2018\/04\/07\/expresidente-lula-se-entrego-quedo-preso\/#primaryimage"},"image":{"@id":"https:\/\/diariotextual.com\/inicio\/index.php\/2018\/04\/07\/expresidente-lula-se-entrego-quedo-preso\/#primaryimage"},"thumbnailUrl":"https:\/\/diariotextual.com\/inicio\/wp-content\/uploads\/2018\/04\/luladasilva712121212.jpg","datePublished":"2018-04-07T22:59:24+00:00","dateModified":"2018-04-08T19:48:45+00:00","breadcrumb":{"@id":"https:\/\/diariotextual.com\/inicio\/index.php\/2018\/04\/07\/expresidente-lula-se-entrego-quedo-preso\/#breadcrumb"},"inLanguage":"es","potentialAction":[{"@type":"ReadAction","target":["https:\/\/diariotextual.com\/inicio\/index.php\/2018\/04\/07\/expresidente-lula-se-entrego-quedo-preso\/"]}]},{"@type":"ImageObject","inLanguage":"es","@id":"https:\/\/diariotextual.com\/inicio\/index.php\/2018\/04\/07\/expresidente-lula-se-entrego-quedo-preso\/#primaryimage","url":"https:\/\/diariotextual.com\/inicio\/wp-content\/uploads\/2018\/04\/luladasilva712121212.jpg","contentUrl":"https:\/\/diariotextual.com\/inicio\/wp-content\/uploads\/2018\/04\/luladasilva712121212.jpg","width":649,"height":406},{"@type":"BreadcrumbList","@id":"https:\/\/diariotextual.com\/inicio\/index.php\/2018\/04\/07\/expresidente-lula-se-entrego-quedo-preso\/#breadcrumb","itemListElement":[{"@type":"ListItem","position":1,"name":"Portada","item":"https:\/\/diariotextual.com\/inicio\/"},{"@type":"ListItem","position":2,"name":"Lula pas\u00f3 su primera noche en prisi\u00f3n"}]},{"@type":"WebSite","@id":"https:\/\/diariotextual.com\/inicio\/#website","url":"https:\/\/diariotextual.com\/inicio\/","name":"Diario Textual","description":"","publisher":{"@id":"https:\/\/diariotextual.com\/inicio\/#organization"},"potentialAction":[{"@type":"SearchAction","target":{"@type":"EntryPoint","urlTemplate":"https:\/\/diariotextual.com\/inicio\/?s={search_term_string}"},"query-input":{"@type":"PropertyValueSpecification","valueRequired":true,"valueName":"search_term_string"}}],"inLanguage":"es"},{"@type":"Organization","@id":"https:\/\/diariotextual.com\/inicio\/#organization","name":"Diario Textual","url":"https:\/\/diariotextual.com\/inicio\/","logo":{"@type":"ImageObject","inLanguage":"es","@id":"https:\/\/diariotextual.com\/inicio\/#\/schema\/logo\/image\/","url":"https:\/\/diariotextual.com\/inicio\/wp-content\/uploads\/2023\/05\/logotextual1.jpg","contentUrl":"https:\/\/diariotextual.com\/inicio\/wp-content\/uploads\/2023\/05\/logotextual1.jpg","width":516,"height":76,"caption":"Diario Textual"},"image":{"@id":"https:\/\/diariotextual.com\/inicio\/#\/schema\/logo\/image\/"},"sameAs":["https:\/\/www.facebook.com\/eltextual","https:\/\/x.com\/eltextual","http:\/\/www.instagram.com\/eltextual"]},{"@type":"Person","@id":"https:\/\/diariotextual.com\/inicio\/#\/schema\/person\/418fc4093c33e86ed41562db3508f958","name":"Diario1 Diario1","image":{"@type":"ImageObject","inLanguage":"es","@id":"https:\/\/secure.gravatar.com\/avatar\/9167d280179c85bc18be67aa7eda765854300033af4896dd779b608640f2ef7a?s=96&d=mm&r=g","url":"https:\/\/secure.gravatar.com\/avatar\/9167d280179c85bc18be67aa7eda765854300033af4896dd779b608640f2ef7a?s=96&d=mm&r=g","contentUrl":"https:\/\/secure.gravatar.com\/avatar\/9167d280179c85bc18be67aa7eda765854300033af4896dd779b608640f2ef7a?s=96&d=mm&r=g","caption":"Diario1 Diario1"},"url":"https:\/\/diariotextual.com\/inicio\/index.php\/author\/diario1\/"}]}},"_links":{"self":[{"href":"https:\/\/diariotextual.com\/inicio\/index.php\/wp-json\/wp\/v2\/posts\/4078","targetHints":{"allow":["GET"]}}],"collection":[{"href":"https:\/\/diariotextual.com\/inicio\/index.php\/wp-json\/wp\/v2\/posts"}],"about":[{"href":"https:\/\/diariotextual.com\/inicio\/index.php\/wp-json\/wp\/v2\/types\/post"}],"author":[{"embeddable":true,"href":"https:\/\/diariotextual.com\/inicio\/index.php\/wp-json\/wp\/v2\/users\/3"}],"replies":[{"embeddable":true,"href":"https:\/\/diariotextual.com\/inicio\/index.php\/wp-json\/wp\/v2\/comments?post=4078"}],"version-history":[{"count":3,"href":"https:\/\/diariotextual.com\/inicio\/index.php\/wp-json\/wp\/v2\/posts\/4078\/revisions"}],"predecessor-version":[{"id":4101,"href":"https:\/\/diariotextual.com\/inicio\/index.php\/wp-json\/wp\/v2\/posts\/4078\/revisions\/4101"}],"wp:featuredmedia":[{"embeddable":true,"href":"https:\/\/diariotextual.com\/inicio\/index.php\/wp-json\/wp\/v2\/media\/4069"}],"wp:attachment":[{"href":"https:\/\/diariotextual.com\/inicio\/index.php\/wp-json\/wp\/v2\/media?parent=4078"}],"wp:term":[{"taxonomy":"category","embeddable":true,"href":"https:\/\/diariotextual.com\/inicio\/index.php\/wp-json\/wp\/v2\/categories?post=4078"},{"taxonomy":"post_tag","embeddable":true,"href":"https:\/\/diariotextual.com\/inicio\/index.php\/wp-json\/wp\/v2\/tags?post=4078"}],"curies":[{"name":"wp","href":"https:\/\/api.w.org\/{rel}","templated":true}]}}