{"id":41096,"date":"2019-03-09T19:36:45","date_gmt":"2019-03-09T22:36:45","guid":{"rendered":"http:\/\/diariotextual.com\/inicio\/?p=41096"},"modified":"2019-03-10T12:37:24","modified_gmt":"2019-03-10T15:37:24","slug":"inauguraron-pico-santa-rosa-banco-rojo-recuerdo-las-victimas-femicidio","status":"publish","type":"post","link":"https:\/\/diariotextual.com\/inicio\/index.php\/2019\/03\/09\/inauguraron-pico-santa-rosa-banco-rojo-recuerdo-las-victimas-femicidio\/","title":{"rendered":"Inauguraron en Pico y Santa Rosa el Banco Rojo"},"content":{"rendered":"<p>Se inaugur\u00f3 hoy en General Pico y Santa Rosa el <strong>Banco Rojo<\/strong>, un s\u00edmbolo para visibilizar la violencia y concientizar sobre los femicidios.<\/p>\n<p>En Pico estuvieron presentes el intendente municipal, Juan Jos\u00e9 Rainone; la senadora Nacional Norma Durango; la ministra de Desarrollo Social, Fernanda Alonso; la titular de la Secretar\u00eda de la Mujer, Liliana Robledo; la directora de Familia, N\u00e9lida Rold\u00e1n; entre otras autoridades y con gran participaci\u00f3n de mujeres del medio.<\/p>\n<p>\u201cEste banco es un s\u00edmbolo para visibilizar la violencia y concientizar sobre los femicidios\u201d, expres\u00f3 Durango, impulsora en nuestra provincia del desarrollo de este proyecto.<\/p>\n<p><img fetchpriority=\"high\" decoding=\"async\" class=\"alignnone wp-image-41113 size-large\" src=\"http:\/\/diariotextual.com\/inicio\/wp-content\/uploads\/2019\/03\/bancorojosantarosa2019-202-1024x724.jpg\" alt=\"\" width=\"1024\" height=\"724\" srcset=\"https:\/\/diariotextual.com\/inicio\/wp-content\/uploads\/2019\/03\/bancorojosantarosa2019-202-1024x724.jpg 1024w, https:\/\/diariotextual.com\/inicio\/wp-content\/uploads\/2019\/03\/bancorojosantarosa2019-202-300x212.jpg 300w, https:\/\/diariotextual.com\/inicio\/wp-content\/uploads\/2019\/03\/bancorojosantarosa2019-202-768x543.jpg 768w, https:\/\/diariotextual.com\/inicio\/wp-content\/uploads\/2019\/03\/bancorojosantarosa2019-202-585x414.jpg 585w, https:\/\/diariotextual.com\/inicio\/wp-content\/uploads\/2019\/03\/bancorojosantarosa2019-202.jpg 1100w\" sizes=\"(max-width: 1024px) 100vw, 1024px\" \/><\/p>\n<p>Por la tarde la inauguraci\u00f3n se traslad\u00f3 a Santa Rosa, en el Paseo de la Mujer ubicado en avenida Luro y Jos\u00e9 Ingenieros.<\/p>\n<p>Este Banco Rojo se destaca en los paseos y espacios comunitarios en memoria de todas las mujeres asesinadas por quienes dec\u00edan amarlas, tal el slogan que identifica el movimiento a nivel mundial.<\/p>\n<p><strong>\u201cLos femicidios son un drama en todo el mundo y tambi\u00e9n en la argentina sobre todo en los \u00faltimos tiempos.<\/strong> El Banco rojo a nivel internacional representa un emblema universal del lugar ocupado por una mujer que fue v\u00edctima de femicidio y pretende, como proyecto, lograr adhesiones y r\u00e9plicas en todo el mundo para sensibilizar a las y los ciudadanos, \u00a0particularmente a los m\u00e1s j\u00f3venes\u201d, dijo Durango.<\/p>\n<p>Durango explic\u00f3 que la idea migr\u00f3 a nuestra provincia por iniciativa de la licenciada y especialista en violencia familiar Elisa Mottini. \u201cEn La Pampa hace m\u00e1s de un mes la estoy trabajando con varios municipios de La Pampa con gran aceptaci\u00f3n e inter\u00e9s\u201d, revel\u00f3 la senadora.<\/p>\n<p><img decoding=\"async\" class=\"alignnone wp-image-41116 \" src=\"http:\/\/diariotextual.com\/inicio\/wp-content\/uploads\/2019\/03\/bancorojopico2019-1002-1024x683.jpg\" alt=\"\" width=\"712\" height=\"475\" srcset=\"https:\/\/diariotextual.com\/inicio\/wp-content\/uploads\/2019\/03\/bancorojopico2019-1002-1024x683.jpg 1024w, https:\/\/diariotextual.com\/inicio\/wp-content\/uploads\/2019\/03\/bancorojopico2019-1002-300x200.jpg 300w, https:\/\/diariotextual.com\/inicio\/wp-content\/uploads\/2019\/03\/bancorojopico2019-1002-768x512.jpg 768w, https:\/\/diariotextual.com\/inicio\/wp-content\/uploads\/2019\/03\/bancorojopico2019-1002-1170x780.jpg 1170w, https:\/\/diariotextual.com\/inicio\/wp-content\/uploads\/2019\/03\/bancorojopico2019-1002.jpg 1200w, https:\/\/diariotextual.com\/inicio\/wp-content\/uploads\/2019\/03\/bancorojopico2019-1002-585x390.jpg 585w, https:\/\/diariotextual.com\/inicio\/wp-content\/uploads\/2019\/03\/bancorojopico2019-1002-263x175.jpg 263w\" sizes=\"(max-width: 712px) 100vw, 712px\" \/><\/p>\n<p>\u201c<strong>Es un proyecto cultural, \u00a0pac\u00edfico y de prevenci\u00f3n para concientizar, sensibilizar e informar sobre el tema.<\/strong> Todav\u00eda no hablamos con todos, pero con quienes lo hicimos, se entusiasmaron mucho y aceptaron la propuesta. Hoy \u00a0iniciamos aqu\u00ed en Pico y en Santa Rosa la campa\u00f1a en La Pampa. <strong>En las pr\u00f3ximas semanas lo haremos en Doblas, luego en Toay, Winifreda, Realic\u00f3, Ataliva Roca<\/strong> y otras localidades, siempre en conjunto con el municipio y con la adhesi\u00f3n de la Secretar\u00eda de la Mujer\u201d, expres\u00f3.<\/p>\n<p>Durango dijo que continuar\u00e1n sumando pueblos e invitando a compartir la iniciativa a m\u00e1s intendentas e \u00a0intendentes que lo acepten.<\/p>\n<p>Finalmente agradeci\u00f3 a las \u00a0autoridades que adhirieron y se sumaron a la invitaci\u00f3n de compartir este programa.<\/p>\n<p>\u201cEl n\u00famero de v\u00edctimas es cada vez mayor, \u00a0podr\u00edamos decir que todos los d\u00edas tenemos en las noticias el femicidio diario, \u00a0una mujer v\u00edctima cada 28 horas en Argentina y esto debe parar, todo lo que podamos hacer para visibilizar \u00a0y concientizar sobre esta violencia debemos hacerlo y por eso estamos con esta iniciativa hoy\u201d, concluy\u00f3.<\/p>\n<p>&nbsp;<\/p>\n","protected":false},"excerpt":{"rendered":"<p>Se inaugur\u00f3 hoy en General Pico y Santa Rosa el Banco Rojo, un s\u00edmbolo para visibilizar la violencia y concientizar sobre los femicidios. En Pico estuvieron presentes el intendente municipal,&hellip;<\/p>\n","protected":false},"author":4,"featured_media":41117,"comment_status":"closed","ping_status":"open","sticky":false,"template":"","format":"standard","meta":{"_acf_changed":false,"footnotes":""},"categories":[11,319,12],"tags":[1783,1611,1784],"class_list":["post-41096","post","type-post","status-publish","format-standard","has-post-thumbnail","hentry","category-que-pasa","category-a-temporales","category-sociedad","tag-banco","tag-femicidios","tag-rojo"],"acf":[],"yoast_head":"<!-- This site is optimized with the Yoast SEO plugin v27.5 - https:\/\/yoast.com\/product\/yoast-seo-wordpress\/ -->\n<title>Inauguraron en Pico y Santa Rosa el Banco Rojo - Diario Textual<\/title>\n<meta name=\"robots\" content=\"index, follow, max-snippet:-1, max-image-preview:large, max-video-preview:-1\" \/>\n<link rel=\"canonical\" href=\"https:\/\/diariotextual.com\/inicio\/index.php\/2019\/03\/09\/inauguraron-pico-santa-rosa-banco-rojo-recuerdo-las-victimas-femicidio\/\" \/>\n<meta property=\"og:locale\" content=\"es_ES\" \/>\n<meta property=\"og:type\" content=\"article\" \/>\n<meta property=\"og:title\" content=\"Inauguraron en Pico y Santa Rosa el Banco Rojo - Diario Textual\" \/>\n<meta property=\"og:description\" content=\"Se inaugur\u00f3 hoy en General Pico y Santa Rosa el Banco Rojo, un s\u00edmbolo para visibilizar la violencia y concientizar sobre los femicidios. En Pico estuvieron presentes el intendente municipal,&hellip;\" \/>\n<meta property=\"og:url\" content=\"https:\/\/diariotextual.com\/inicio\/index.php\/2019\/03\/09\/inauguraron-pico-santa-rosa-banco-rojo-recuerdo-las-victimas-femicidio\/\" \/>\n<meta property=\"og:site_name\" content=\"Diario Textual\" \/>\n<meta property=\"article:publisher\" content=\"https:\/\/www.facebook.com\/eltextual\" \/>\n<meta property=\"article:published_time\" content=\"2019-03-09T22:36:45+00:00\" \/>\n<meta property=\"article:modified_time\" content=\"2019-03-10T15:37:24+00:00\" \/>\n<meta property=\"og:image\" content=\"https:\/\/diariotextual.com\/inicio\/wp-content\/uploads\/2019\/03\/bancorojopico2019-1001.jpg\" \/>\n\t<meta property=\"og:image:width\" content=\"1200\" \/>\n\t<meta property=\"og:image:height\" content=\"800\" \/>\n\t<meta property=\"og:image:type\" content=\"image\/jpeg\" \/>\n<meta name=\"author\" content=\"diario2\" \/>\n<meta name=\"twitter:card\" content=\"summary_large_image\" \/>\n<meta name=\"twitter:creator\" content=\"@eltextual\" \/>\n<meta name=\"twitter:site\" content=\"@eltextual\" \/>\n<meta name=\"twitter:label1\" content=\"Escrito por\" \/>\n\t<meta name=\"twitter:data1\" content=\"diario2\" \/>\n\t<meta name=\"twitter:label2\" content=\"Tiempo de lectura\" \/>\n\t<meta name=\"twitter:data2\" content=\"2 minutos\" \/>\n<script type=\"application\/ld+json\" class=\"yoast-schema-graph\">{\"@context\":\"https:\\\/\\\/schema.org\",\"@graph\":[{\"@type\":\"Article\",\"@id\":\"https:\\\/\\\/diariotextual.com\\\/inicio\\\/index.php\\\/2019\\\/03\\\/09\\\/inauguraron-pico-santa-rosa-banco-rojo-recuerdo-las-victimas-femicidio\\\/#article\",\"isPartOf\":{\"@id\":\"https:\\\/\\\/diariotextual.com\\\/inicio\\\/index.php\\\/2019\\\/03\\\/09\\\/inauguraron-pico-santa-rosa-banco-rojo-recuerdo-las-victimas-femicidio\\\/\"},\"author\":{\"name\":\"diario2\",\"@id\":\"https:\\\/\\\/diariotextual.com\\\/inicio\\\/#\\\/schema\\\/person\\\/694f60677f23c4a530867a98f22b3768\"},\"headline\":\"Inauguraron en Pico y Santa Rosa el Banco Rojo\",\"datePublished\":\"2019-03-09T22:36:45+00:00\",\"dateModified\":\"2019-03-10T15:37:24+00:00\",\"mainEntityOfPage\":{\"@id\":\"https:\\\/\\\/diariotextual.com\\\/inicio\\\/index.php\\\/2019\\\/03\\\/09\\\/inauguraron-pico-santa-rosa-banco-rojo-recuerdo-las-victimas-femicidio\\\/\"},\"wordCount\":480,\"publisher\":{\"@id\":\"https:\\\/\\\/diariotextual.com\\\/inicio\\\/#organization\"},\"image\":{\"@id\":\"https:\\\/\\\/diariotextual.com\\\/inicio\\\/index.php\\\/2019\\\/03\\\/09\\\/inauguraron-pico-santa-rosa-banco-rojo-recuerdo-las-victimas-femicidio\\\/#primaryimage\"},\"thumbnailUrl\":\"https:\\\/\\\/diariotextual.com\\\/inicio\\\/wp-content\\\/uploads\\\/2019\\\/03\\\/bancorojopico2019-1001.jpg\",\"keywords\":[\"banco\",\"femicidios\",\"rojo\"],\"articleSection\":[\"A - QUE PASA (al costado)\",\"A - TEMPORALES\",\"SOCIEDAD\"],\"inLanguage\":\"es\"},{\"@type\":\"WebPage\",\"@id\":\"https:\\\/\\\/diariotextual.com\\\/inicio\\\/index.php\\\/2019\\\/03\\\/09\\\/inauguraron-pico-santa-rosa-banco-rojo-recuerdo-las-victimas-femicidio\\\/\",\"url\":\"https:\\\/\\\/diariotextual.com\\\/inicio\\\/index.php\\\/2019\\\/03\\\/09\\\/inauguraron-pico-santa-rosa-banco-rojo-recuerdo-las-victimas-femicidio\\\/\",\"name\":\"Inauguraron en Pico y Santa Rosa el Banco Rojo - Diario Textual\",\"isPartOf\":{\"@id\":\"https:\\\/\\\/diariotextual.com\\\/inicio\\\/#website\"},\"primaryImageOfPage\":{\"@id\":\"https:\\\/\\\/diariotextual.com\\\/inicio\\\/index.php\\\/2019\\\/03\\\/09\\\/inauguraron-pico-santa-rosa-banco-rojo-recuerdo-las-victimas-femicidio\\\/#primaryimage\"},\"image\":{\"@id\":\"https:\\\/\\\/diariotextual.com\\\/inicio\\\/index.php\\\/2019\\\/03\\\/09\\\/inauguraron-pico-santa-rosa-banco-rojo-recuerdo-las-victimas-femicidio\\\/#primaryimage\"},\"thumbnailUrl\":\"https:\\\/\\\/diariotextual.com\\\/inicio\\\/wp-content\\\/uploads\\\/2019\\\/03\\\/bancorojopico2019-1001.jpg\",\"datePublished\":\"2019-03-09T22:36:45+00:00\",\"dateModified\":\"2019-03-10T15:37:24+00:00\",\"breadcrumb\":{\"@id\":\"https:\\\/\\\/diariotextual.com\\\/inicio\\\/index.php\\\/2019\\\/03\\\/09\\\/inauguraron-pico-santa-rosa-banco-rojo-recuerdo-las-victimas-femicidio\\\/#breadcrumb\"},\"inLanguage\":\"es\",\"potentialAction\":[{\"@type\":\"ReadAction\",\"target\":[\"https:\\\/\\\/diariotextual.com\\\/inicio\\\/index.php\\\/2019\\\/03\\\/09\\\/inauguraron-pico-santa-rosa-banco-rojo-recuerdo-las-victimas-femicidio\\\/\"]}]},{\"@type\":\"ImageObject\",\"inLanguage\":\"es\",\"@id\":\"https:\\\/\\\/diariotextual.com\\\/inicio\\\/index.php\\\/2019\\\/03\\\/09\\\/inauguraron-pico-santa-rosa-banco-rojo-recuerdo-las-victimas-femicidio\\\/#primaryimage\",\"url\":\"https:\\\/\\\/diariotextual.com\\\/inicio\\\/wp-content\\\/uploads\\\/2019\\\/03\\\/bancorojopico2019-1001.jpg\",\"contentUrl\":\"https:\\\/\\\/diariotextual.com\\\/inicio\\\/wp-content\\\/uploads\\\/2019\\\/03\\\/bancorojopico2019-1001.jpg\",\"width\":1200,\"height\":800},{\"@type\":\"BreadcrumbList\",\"@id\":\"https:\\\/\\\/diariotextual.com\\\/inicio\\\/index.php\\\/2019\\\/03\\\/09\\\/inauguraron-pico-santa-rosa-banco-rojo-recuerdo-las-victimas-femicidio\\\/#breadcrumb\",\"itemListElement\":[{\"@type\":\"ListItem\",\"position\":1,\"name\":\"Portada\",\"item\":\"https:\\\/\\\/diariotextual.com\\\/inicio\\\/\"},{\"@type\":\"ListItem\",\"position\":2,\"name\":\"Inauguraron en Pico y Santa Rosa el Banco Rojo\"}]},{\"@type\":\"WebSite\",\"@id\":\"https:\\\/\\\/diariotextual.com\\\/inicio\\\/#website\",\"url\":\"https:\\\/\\\/diariotextual.com\\\/inicio\\\/\",\"name\":\"Diario Textual\",\"description\":\"\",\"publisher\":{\"@id\":\"https:\\\/\\\/diariotextual.com\\\/inicio\\\/#organization\"},\"potentialAction\":[{\"@type\":\"SearchAction\",\"target\":{\"@type\":\"EntryPoint\",\"urlTemplate\":\"https:\\\/\\\/diariotextual.com\\\/inicio\\\/?s={search_term_string}\"},\"query-input\":{\"@type\":\"PropertyValueSpecification\",\"valueRequired\":true,\"valueName\":\"search_term_string\"}}],\"inLanguage\":\"es\"},{\"@type\":\"Organization\",\"@id\":\"https:\\\/\\\/diariotextual.com\\\/inicio\\\/#organization\",\"name\":\"Diario Textual\",\"url\":\"https:\\\/\\\/diariotextual.com\\\/inicio\\\/\",\"logo\":{\"@type\":\"ImageObject\",\"inLanguage\":\"es\",\"@id\":\"https:\\\/\\\/diariotextual.com\\\/inicio\\\/#\\\/schema\\\/logo\\\/image\\\/\",\"url\":\"https:\\\/\\\/diariotextual.com\\\/inicio\\\/wp-content\\\/uploads\\\/2023\\\/05\\\/logotextual1.jpg\",\"contentUrl\":\"https:\\\/\\\/diariotextual.com\\\/inicio\\\/wp-content\\\/uploads\\\/2023\\\/05\\\/logotextual1.jpg\",\"width\":516,\"height\":76,\"caption\":\"Diario Textual\"},\"image\":{\"@id\":\"https:\\\/\\\/diariotextual.com\\\/inicio\\\/#\\\/schema\\\/logo\\\/image\\\/\"},\"sameAs\":[\"https:\\\/\\\/www.facebook.com\\\/eltextual\",\"https:\\\/\\\/x.com\\\/eltextual\",\"http:\\\/\\\/www.instagram.com\\\/eltextual\"]},{\"@type\":\"Person\",\"@id\":\"https:\\\/\\\/diariotextual.com\\\/inicio\\\/#\\\/schema\\\/person\\\/694f60677f23c4a530867a98f22b3768\",\"name\":\"diario2\",\"image\":{\"@type\":\"ImageObject\",\"inLanguage\":\"es\",\"@id\":\"https:\\\/\\\/secure.gravatar.com\\\/avatar\\\/5a2567495ba16b852fcd8f1ed006a2e24fcace936018ed8237e95f488ad6e0a7?s=96&d=mm&r=g\",\"url\":\"https:\\\/\\\/secure.gravatar.com\\\/avatar\\\/5a2567495ba16b852fcd8f1ed006a2e24fcace936018ed8237e95f488ad6e0a7?s=96&d=mm&r=g\",\"contentUrl\":\"https:\\\/\\\/secure.gravatar.com\\\/avatar\\\/5a2567495ba16b852fcd8f1ed006a2e24fcace936018ed8237e95f488ad6e0a7?s=96&d=mm&r=g\",\"caption\":\"diario2\"},\"url\":\"https:\\\/\\\/diariotextual.com\\\/inicio\\\/index.php\\\/author\\\/diario2\\\/\"}]}<\/script>\n<!-- \/ Yoast SEO plugin. -->","yoast_head_json":{"title":"Inauguraron en Pico y Santa Rosa el Banco Rojo - Diario Textual","robots":{"index":"index","follow":"follow","max-snippet":"max-snippet:-1","max-image-preview":"max-image-preview:large","max-video-preview":"max-video-preview:-1"},"canonical":"https:\/\/diariotextual.com\/inicio\/index.php\/2019\/03\/09\/inauguraron-pico-santa-rosa-banco-rojo-recuerdo-las-victimas-femicidio\/","og_locale":"es_ES","og_type":"article","og_title":"Inauguraron en Pico y Santa Rosa el Banco Rojo - Diario Textual","og_description":"Se inaugur\u00f3 hoy en General Pico y Santa Rosa el Banco Rojo, un s\u00edmbolo para visibilizar la violencia y concientizar sobre los femicidios. En Pico estuvieron presentes el intendente municipal,&hellip;","og_url":"https:\/\/diariotextual.com\/inicio\/index.php\/2019\/03\/09\/inauguraron-pico-santa-rosa-banco-rojo-recuerdo-las-victimas-femicidio\/","og_site_name":"Diario Textual","article_publisher":"https:\/\/www.facebook.com\/eltextual","article_published_time":"2019-03-09T22:36:45+00:00","article_modified_time":"2019-03-10T15:37:24+00:00","og_image":[{"width":1200,"height":800,"url":"https:\/\/diariotextual.com\/inicio\/wp-content\/uploads\/2019\/03\/bancorojopico2019-1001.jpg","type":"image\/jpeg"}],"author":"diario2","twitter_card":"summary_large_image","twitter_creator":"@eltextual","twitter_site":"@eltextual","twitter_misc":{"Escrito por":"diario2","Tiempo de lectura":"2 minutos"},"schema":{"@context":"https:\/\/schema.org","@graph":[{"@type":"Article","@id":"https:\/\/diariotextual.com\/inicio\/index.php\/2019\/03\/09\/inauguraron-pico-santa-rosa-banco-rojo-recuerdo-las-victimas-femicidio\/#article","isPartOf":{"@id":"https:\/\/diariotextual.com\/inicio\/index.php\/2019\/03\/09\/inauguraron-pico-santa-rosa-banco-rojo-recuerdo-las-victimas-femicidio\/"},"author":{"name":"diario2","@id":"https:\/\/diariotextual.com\/inicio\/#\/schema\/person\/694f60677f23c4a530867a98f22b3768"},"headline":"Inauguraron en Pico y Santa Rosa el Banco Rojo","datePublished":"2019-03-09T22:36:45+00:00","dateModified":"2019-03-10T15:37:24+00:00","mainEntityOfPage":{"@id":"https:\/\/diariotextual.com\/inicio\/index.php\/2019\/03\/09\/inauguraron-pico-santa-rosa-banco-rojo-recuerdo-las-victimas-femicidio\/"},"wordCount":480,"publisher":{"@id":"https:\/\/diariotextual.com\/inicio\/#organization"},"image":{"@id":"https:\/\/diariotextual.com\/inicio\/index.php\/2019\/03\/09\/inauguraron-pico-santa-rosa-banco-rojo-recuerdo-las-victimas-femicidio\/#primaryimage"},"thumbnailUrl":"https:\/\/diariotextual.com\/inicio\/wp-content\/uploads\/2019\/03\/bancorojopico2019-1001.jpg","keywords":["banco","femicidios","rojo"],"articleSection":["A - QUE PASA (al costado)","A - TEMPORALES","SOCIEDAD"],"inLanguage":"es"},{"@type":"WebPage","@id":"https:\/\/diariotextual.com\/inicio\/index.php\/2019\/03\/09\/inauguraron-pico-santa-rosa-banco-rojo-recuerdo-las-victimas-femicidio\/","url":"https:\/\/diariotextual.com\/inicio\/index.php\/2019\/03\/09\/inauguraron-pico-santa-rosa-banco-rojo-recuerdo-las-victimas-femicidio\/","name":"Inauguraron en Pico y Santa Rosa el Banco Rojo - Diario Textual","isPartOf":{"@id":"https:\/\/diariotextual.com\/inicio\/#website"},"primaryImageOfPage":{"@id":"https:\/\/diariotextual.com\/inicio\/index.php\/2019\/03\/09\/inauguraron-pico-santa-rosa-banco-rojo-recuerdo-las-victimas-femicidio\/#primaryimage"},"image":{"@id":"https:\/\/diariotextual.com\/inicio\/index.php\/2019\/03\/09\/inauguraron-pico-santa-rosa-banco-rojo-recuerdo-las-victimas-femicidio\/#primaryimage"},"thumbnailUrl":"https:\/\/diariotextual.com\/inicio\/wp-content\/uploads\/2019\/03\/bancorojopico2019-1001.jpg","datePublished":"2019-03-09T22:36:45+00:00","dateModified":"2019-03-10T15:37:24+00:00","breadcrumb":{"@id":"https:\/\/diariotextual.com\/inicio\/index.php\/2019\/03\/09\/inauguraron-pico-santa-rosa-banco-rojo-recuerdo-las-victimas-femicidio\/#breadcrumb"},"inLanguage":"es","potentialAction":[{"@type":"ReadAction","target":["https:\/\/diariotextual.com\/inicio\/index.php\/2019\/03\/09\/inauguraron-pico-santa-rosa-banco-rojo-recuerdo-las-victimas-femicidio\/"]}]},{"@type":"ImageObject","inLanguage":"es","@id":"https:\/\/diariotextual.com\/inicio\/index.php\/2019\/03\/09\/inauguraron-pico-santa-rosa-banco-rojo-recuerdo-las-victimas-femicidio\/#primaryimage","url":"https:\/\/diariotextual.com\/inicio\/wp-content\/uploads\/2019\/03\/bancorojopico2019-1001.jpg","contentUrl":"https:\/\/diariotextual.com\/inicio\/wp-content\/uploads\/2019\/03\/bancorojopico2019-1001.jpg","width":1200,"height":800},{"@type":"BreadcrumbList","@id":"https:\/\/diariotextual.com\/inicio\/index.php\/2019\/03\/09\/inauguraron-pico-santa-rosa-banco-rojo-recuerdo-las-victimas-femicidio\/#breadcrumb","itemListElement":[{"@type":"ListItem","position":1,"name":"Portada","item":"https:\/\/diariotextual.com\/inicio\/"},{"@type":"ListItem","position":2,"name":"Inauguraron en Pico y Santa Rosa el Banco Rojo"}]},{"@type":"WebSite","@id":"https:\/\/diariotextual.com\/inicio\/#website","url":"https:\/\/diariotextual.com\/inicio\/","name":"Diario Textual","description":"","publisher":{"@id":"https:\/\/diariotextual.com\/inicio\/#organization"},"potentialAction":[{"@type":"SearchAction","target":{"@type":"EntryPoint","urlTemplate":"https:\/\/diariotextual.com\/inicio\/?s={search_term_string}"},"query-input":{"@type":"PropertyValueSpecification","valueRequired":true,"valueName":"search_term_string"}}],"inLanguage":"es"},{"@type":"Organization","@id":"https:\/\/diariotextual.com\/inicio\/#organization","name":"Diario Textual","url":"https:\/\/diariotextual.com\/inicio\/","logo":{"@type":"ImageObject","inLanguage":"es","@id":"https:\/\/diariotextual.com\/inicio\/#\/schema\/logo\/image\/","url":"https:\/\/diariotextual.com\/inicio\/wp-content\/uploads\/2023\/05\/logotextual1.jpg","contentUrl":"https:\/\/diariotextual.com\/inicio\/wp-content\/uploads\/2023\/05\/logotextual1.jpg","width":516,"height":76,"caption":"Diario Textual"},"image":{"@id":"https:\/\/diariotextual.com\/inicio\/#\/schema\/logo\/image\/"},"sameAs":["https:\/\/www.facebook.com\/eltextual","https:\/\/x.com\/eltextual","http:\/\/www.instagram.com\/eltextual"]},{"@type":"Person","@id":"https:\/\/diariotextual.com\/inicio\/#\/schema\/person\/694f60677f23c4a530867a98f22b3768","name":"diario2","image":{"@type":"ImageObject","inLanguage":"es","@id":"https:\/\/secure.gravatar.com\/avatar\/5a2567495ba16b852fcd8f1ed006a2e24fcace936018ed8237e95f488ad6e0a7?s=96&d=mm&r=g","url":"https:\/\/secure.gravatar.com\/avatar\/5a2567495ba16b852fcd8f1ed006a2e24fcace936018ed8237e95f488ad6e0a7?s=96&d=mm&r=g","contentUrl":"https:\/\/secure.gravatar.com\/avatar\/5a2567495ba16b852fcd8f1ed006a2e24fcace936018ed8237e95f488ad6e0a7?s=96&d=mm&r=g","caption":"diario2"},"url":"https:\/\/diariotextual.com\/inicio\/index.php\/author\/diario2\/"}]}},"_links":{"self":[{"href":"https:\/\/diariotextual.com\/inicio\/index.php\/wp-json\/wp\/v2\/posts\/41096","targetHints":{"allow":["GET"]}}],"collection":[{"href":"https:\/\/diariotextual.com\/inicio\/index.php\/wp-json\/wp\/v2\/posts"}],"about":[{"href":"https:\/\/diariotextual.com\/inicio\/index.php\/wp-json\/wp\/v2\/types\/post"}],"author":[{"embeddable":true,"href":"https:\/\/diariotextual.com\/inicio\/index.php\/wp-json\/wp\/v2\/users\/4"}],"replies":[{"embeddable":true,"href":"https:\/\/diariotextual.com\/inicio\/index.php\/wp-json\/wp\/v2\/comments?post=41096"}],"version-history":[{"count":8,"href":"https:\/\/diariotextual.com\/inicio\/index.php\/wp-json\/wp\/v2\/posts\/41096\/revisions"}],"predecessor-version":[{"id":41118,"href":"https:\/\/diariotextual.com\/inicio\/index.php\/wp-json\/wp\/v2\/posts\/41096\/revisions\/41118"}],"wp:featuredmedia":[{"embeddable":true,"href":"https:\/\/diariotextual.com\/inicio\/index.php\/wp-json\/wp\/v2\/media\/41117"}],"wp:attachment":[{"href":"https:\/\/diariotextual.com\/inicio\/index.php\/wp-json\/wp\/v2\/media?parent=41096"}],"wp:term":[{"taxonomy":"category","embeddable":true,"href":"https:\/\/diariotextual.com\/inicio\/index.php\/wp-json\/wp\/v2\/categories?post=41096"},{"taxonomy":"post_tag","embeddable":true,"href":"https:\/\/diariotextual.com\/inicio\/index.php\/wp-json\/wp\/v2\/tags?post=41096"}],"curies":[{"name":"wp","href":"https:\/\/api.w.org\/{rel}","templated":true}]}}