{"id":41921,"date":"2019-03-15T18:03:00","date_gmt":"2019-03-15T21:03:00","guid":{"rendered":"http:\/\/diariotextual.com\/inicio\/?p=41921"},"modified":"2019-03-15T18:03:00","modified_gmt":"2019-03-15T21:03:00","slug":"ziliotto-anuncio-la-ley-paridad-genero-la-pampa","status":"publish","type":"post","link":"https:\/\/diariotextual.com\/inicio\/index.php\/2019\/03\/15\/ziliotto-anuncio-la-ley-paridad-genero-la-pampa\/","title":{"rendered":"Ziliotto anunci\u00f3 la Ley de Paridad de G\u00e9nero en La Pampa"},"content":{"rendered":"<p><strong>La Pampa tendr\u00e1 una Ley de Paridad de G\u00e9nero<\/strong>, que permitir\u00e1<strong> la participaci\u00f3n equilibrada de mujeres y hombres<\/strong> en las <strong>listas<\/strong> electorales para <strong>los cargos provinciales y municipales<\/strong>. As\u00ed lo anunci\u00f3, por lo menos, el <strong>Frente Justicialista Pampeano (Frejupa)<\/strong>, en la <strong>plataforma electoral<\/strong> de cara a las elecciones de mayo.<\/p>\n<p>Con esa norma, las listas deber\u00e1n intercalar hombres y mujeres sucesivamente.\u00a0Se descuenta que esta legislaci\u00f3n, luego de que sea debatida y aprobada en Diputados, se pondr\u00e1 en marcha en La Pampa: <strong>el PJ, que impulsa la norma, tiene la mayor\u00eda de los legisladores y adem\u00e1s recibir\u00e1 el respaldo de la mayor\u00eda de los otros bloques<\/strong>. Incrementar\u00e1 el piso del 30% establecido por la ley de cupo femenino.<\/p>\n<p>Actualmente hay una ley nacional de paridad de g\u00e9nero, que fue promulgada en los \u00faltimos d\u00edas por Casa Rosada. Obliga a los distintos partidos pol\u00edticos que compitan en las elecciones nacionales -tanto las PASO como las generales- a que presenten listas integradas por candidatas y candidatos de manera intercalada desde el primer candidato titular hasta el \u00faltimo suplente.<\/p>\n<p>De acuerdo a un reporte del Observatorio de G\u00e9nero del Senado, todas las provincias tienen alguna ley de cupo femenino para sus respectivas legislaturas, aunque 8 sancionaron normas de paridad de g\u00e9nero. Ellas son Buenos Aires, Catamarca, Chubut, C\u00f3rdoba, Neuqu\u00e9n, R\u00edo Negro, Salta y Santiago del Estero, mientras que la Ciudad de Buenos Aires, al adherir al C\u00f3digo Electoral Nacional, sigue sus lineamientos.<\/p>\n<p>\u00bfQu\u00e9 dice la plataforma electoral del PJ sobre g\u00e9nero? \u201cEn el a\u00f1o 2015 el gobernador Carlos Verna cre\u00f3 la Secretar\u00eda de la Mujer para abrir un espacio de inclusi\u00f3n. En esta nueva gesti\u00f3n seguiremos generando espacios de debate y de implementaci\u00f3n de pol\u00edticas p\u00fablicas inclusivas para lograr la igualdad de oportunidades\u201d, indica. \u201cSostendremos a la Secretar\u00eda de la Mujer como el \u00f3rgano principal para esta tem\u00e1tica pero no va a ser el \u00fanico ya que interpretamos a la tem\u00e1tica como transversal a todas las \u00e1reas, por eso es que se pedir\u00e1 a todas las \u00e1reas estatales que se considere la perspectiva de g\u00e9nero a la hora de la toma de decisiones\u201d.<\/p>\n<p>\u201cAmpliaremos las competencias de la Secretar\u00eda de la Mujer incorporando en sus funciones la asistencia, asesoramiento y patrocinio legal en aquellos supuestos que lo requiera la problem\u00e1tica o situaci\u00f3n particular del caso, en contextos de violencia de g\u00e9nero\u201d, agrega. \u201cCuando la problem\u00e1tica sea m\u00e1s compleja que el patrocinio letrado, tambi\u00e9n dispondremos de un abordaje interdisciplinario, para acompa\u00f1ar, contener y resolver la situaci\u00f3n de las v\u00edctimas\u201d.<\/p>\n<p>\u201c<strong>Con el Gobernador Carlos Verna coincidimos en la necesidad de debatir una Ley de Paridad de G\u00e9nero en el \u00e1mbito legislativo que garantice igualdad de oportunidades, dando otro paso m\u00e1s en las pol\u00edticas inclusivas y ampliaci\u00f3n de derechos que propone el Estado pampeano\u201d<\/strong>, finaliza.<\/p>\n<p><iframe style=\"border: none; overflow: hidden;\" src=\"https:\/\/www.facebook.com\/plugins\/post.php?href=https%3A%2F%2Fwww.facebook.com%2Fnotes%2Fsergio-ziliotto%2Fplataforma-electoral-provincial-gesti%25C3%25B3n-20192023-frente-justicialista-pampeano%2F995524867308771%2F&amp;width=500\" width=\"500\" height=\"660\" frameborder=\"0\" scrolling=\"no\"><\/iframe><\/p>\n<p>&nbsp;<\/p>\n","protected":false},"excerpt":{"rendered":"<p>La Pampa tendr\u00e1 una Ley de Paridad de G\u00e9nero, que permitir\u00e1 la participaci\u00f3n equilibrada de mujeres y hombres en las listas electorales para los cargos provinciales y municipales. As\u00ed lo&hellip;<\/p>\n","protected":false},"author":3,"featured_media":41807,"comment_status":"closed","ping_status":"open","sticky":false,"template":"","format":"standard","meta":{"_acf_changed":false,"footnotes":""},"categories":[9,8],"tags":[1650,424],"class_list":["post-41921","post","type-post","status-publish","format-standard","has-post-thumbnail","hentry","category-portada","category-politica","tag-genero","tag-ziliotto"],"acf":[],"yoast_head":"<!-- This site is optimized with the Yoast SEO plugin v27.4 - https:\/\/yoast.com\/product\/yoast-seo-wordpress\/ -->\n<title>Ziliotto anunci\u00f3 la Ley de Paridad de G\u00e9nero en La Pampa - Diario Textual<\/title>\n<meta name=\"robots\" content=\"index, follow, max-snippet:-1, max-image-preview:large, max-video-preview:-1\" \/>\n<link rel=\"canonical\" href=\"https:\/\/diariotextual.com\/inicio\/index.php\/2019\/03\/15\/ziliotto-anuncio-la-ley-paridad-genero-la-pampa\/\" \/>\n<meta property=\"og:locale\" content=\"es_ES\" \/>\n<meta property=\"og:type\" content=\"article\" \/>\n<meta property=\"og:title\" content=\"Ziliotto anunci\u00f3 la Ley de Paridad de G\u00e9nero en La Pampa - Diario Textual\" \/>\n<meta property=\"og:description\" content=\"La Pampa tendr\u00e1 una Ley de Paridad de G\u00e9nero, que permitir\u00e1 la participaci\u00f3n equilibrada de mujeres y hombres en las listas electorales para los cargos provinciales y municipales. As\u00ed lo&hellip;\" \/>\n<meta property=\"og:url\" content=\"https:\/\/diariotextual.com\/inicio\/index.php\/2019\/03\/15\/ziliotto-anuncio-la-ley-paridad-genero-la-pampa\/\" \/>\n<meta property=\"og:site_name\" content=\"Diario Textual\" \/>\n<meta property=\"article:publisher\" content=\"https:\/\/www.facebook.com\/eltextual\" \/>\n<meta property=\"article:published_time\" content=\"2019-03-15T21:03:00+00:00\" \/>\n<meta property=\"og:image\" content=\"https:\/\/diariotextual.com\/inicio\/wp-content\/uploads\/2019\/03\/ziliottosergio2019-1050.jpg\" \/>\n\t<meta property=\"og:image:width\" content=\"960\" \/>\n\t<meta property=\"og:image:height\" content=\"636\" \/>\n\t<meta property=\"og:image:type\" content=\"image\/jpeg\" \/>\n<meta name=\"author\" content=\"Diario1 Diario1\" \/>\n<meta name=\"twitter:card\" content=\"summary_large_image\" \/>\n<meta name=\"twitter:creator\" content=\"@eltextual\" \/>\n<meta name=\"twitter:site\" content=\"@eltextual\" \/>\n<meta name=\"twitter:label1\" content=\"Escrito por\" \/>\n\t<meta name=\"twitter:data1\" content=\"Diario1 Diario1\" \/>\n\t<meta name=\"twitter:label2\" content=\"Tiempo de lectura\" \/>\n\t<meta name=\"twitter:data2\" content=\"2 minutos\" \/>\n<script type=\"application\/ld+json\" class=\"yoast-schema-graph\">{\"@context\":\"https:\\\/\\\/schema.org\",\"@graph\":[{\"@type\":\"Article\",\"@id\":\"https:\\\/\\\/diariotextual.com\\\/inicio\\\/index.php\\\/2019\\\/03\\\/15\\\/ziliotto-anuncio-la-ley-paridad-genero-la-pampa\\\/#article\",\"isPartOf\":{\"@id\":\"https:\\\/\\\/diariotextual.com\\\/inicio\\\/index.php\\\/2019\\\/03\\\/15\\\/ziliotto-anuncio-la-ley-paridad-genero-la-pampa\\\/\"},\"author\":{\"name\":\"Diario1 Diario1\",\"@id\":\"https:\\\/\\\/diariotextual.com\\\/inicio\\\/#\\\/schema\\\/person\\\/418fc4093c33e86ed41562db3508f958\"},\"headline\":\"Ziliotto anunci\u00f3 la Ley de Paridad de G\u00e9nero en La Pampa\",\"datePublished\":\"2019-03-15T21:03:00+00:00\",\"mainEntityOfPage\":{\"@id\":\"https:\\\/\\\/diariotextual.com\\\/inicio\\\/index.php\\\/2019\\\/03\\\/15\\\/ziliotto-anuncio-la-ley-paridad-genero-la-pampa\\\/\"},\"wordCount\":511,\"publisher\":{\"@id\":\"https:\\\/\\\/diariotextual.com\\\/inicio\\\/#organization\"},\"image\":{\"@id\":\"https:\\\/\\\/diariotextual.com\\\/inicio\\\/index.php\\\/2019\\\/03\\\/15\\\/ziliotto-anuncio-la-ley-paridad-genero-la-pampa\\\/#primaryimage\"},\"thumbnailUrl\":\"https:\\\/\\\/diariotextual.com\\\/inicio\\\/wp-content\\\/uploads\\\/2019\\\/03\\\/ziliottosergio2019-1050.jpg\",\"keywords\":[\"genero\",\"ziliotto\"],\"articleSection\":[\"A - PORTADA\",\"POLITICA\"],\"inLanguage\":\"es\"},{\"@type\":\"WebPage\",\"@id\":\"https:\\\/\\\/diariotextual.com\\\/inicio\\\/index.php\\\/2019\\\/03\\\/15\\\/ziliotto-anuncio-la-ley-paridad-genero-la-pampa\\\/\",\"url\":\"https:\\\/\\\/diariotextual.com\\\/inicio\\\/index.php\\\/2019\\\/03\\\/15\\\/ziliotto-anuncio-la-ley-paridad-genero-la-pampa\\\/\",\"name\":\"Ziliotto anunci\u00f3 la Ley de Paridad de G\u00e9nero en La Pampa - Diario Textual\",\"isPartOf\":{\"@id\":\"https:\\\/\\\/diariotextual.com\\\/inicio\\\/#website\"},\"primaryImageOfPage\":{\"@id\":\"https:\\\/\\\/diariotextual.com\\\/inicio\\\/index.php\\\/2019\\\/03\\\/15\\\/ziliotto-anuncio-la-ley-paridad-genero-la-pampa\\\/#primaryimage\"},\"image\":{\"@id\":\"https:\\\/\\\/diariotextual.com\\\/inicio\\\/index.php\\\/2019\\\/03\\\/15\\\/ziliotto-anuncio-la-ley-paridad-genero-la-pampa\\\/#primaryimage\"},\"thumbnailUrl\":\"https:\\\/\\\/diariotextual.com\\\/inicio\\\/wp-content\\\/uploads\\\/2019\\\/03\\\/ziliottosergio2019-1050.jpg\",\"datePublished\":\"2019-03-15T21:03:00+00:00\",\"breadcrumb\":{\"@id\":\"https:\\\/\\\/diariotextual.com\\\/inicio\\\/index.php\\\/2019\\\/03\\\/15\\\/ziliotto-anuncio-la-ley-paridad-genero-la-pampa\\\/#breadcrumb\"},\"inLanguage\":\"es\",\"potentialAction\":[{\"@type\":\"ReadAction\",\"target\":[\"https:\\\/\\\/diariotextual.com\\\/inicio\\\/index.php\\\/2019\\\/03\\\/15\\\/ziliotto-anuncio-la-ley-paridad-genero-la-pampa\\\/\"]}]},{\"@type\":\"ImageObject\",\"inLanguage\":\"es\",\"@id\":\"https:\\\/\\\/diariotextual.com\\\/inicio\\\/index.php\\\/2019\\\/03\\\/15\\\/ziliotto-anuncio-la-ley-paridad-genero-la-pampa\\\/#primaryimage\",\"url\":\"https:\\\/\\\/diariotextual.com\\\/inicio\\\/wp-content\\\/uploads\\\/2019\\\/03\\\/ziliottosergio2019-1050.jpg\",\"contentUrl\":\"https:\\\/\\\/diariotextual.com\\\/inicio\\\/wp-content\\\/uploads\\\/2019\\\/03\\\/ziliottosergio2019-1050.jpg\",\"width\":960,\"height\":636},{\"@type\":\"BreadcrumbList\",\"@id\":\"https:\\\/\\\/diariotextual.com\\\/inicio\\\/index.php\\\/2019\\\/03\\\/15\\\/ziliotto-anuncio-la-ley-paridad-genero-la-pampa\\\/#breadcrumb\",\"itemListElement\":[{\"@type\":\"ListItem\",\"position\":1,\"name\":\"Portada\",\"item\":\"https:\\\/\\\/diariotextual.com\\\/inicio\\\/\"},{\"@type\":\"ListItem\",\"position\":2,\"name\":\"Ziliotto anunci\u00f3 la Ley de Paridad de G\u00e9nero en La Pampa\"}]},{\"@type\":\"WebSite\",\"@id\":\"https:\\\/\\\/diariotextual.com\\\/inicio\\\/#website\",\"url\":\"https:\\\/\\\/diariotextual.com\\\/inicio\\\/\",\"name\":\"Diario Textual\",\"description\":\"\",\"publisher\":{\"@id\":\"https:\\\/\\\/diariotextual.com\\\/inicio\\\/#organization\"},\"potentialAction\":[{\"@type\":\"SearchAction\",\"target\":{\"@type\":\"EntryPoint\",\"urlTemplate\":\"https:\\\/\\\/diariotextual.com\\\/inicio\\\/?s={search_term_string}\"},\"query-input\":{\"@type\":\"PropertyValueSpecification\",\"valueRequired\":true,\"valueName\":\"search_term_string\"}}],\"inLanguage\":\"es\"},{\"@type\":\"Organization\",\"@id\":\"https:\\\/\\\/diariotextual.com\\\/inicio\\\/#organization\",\"name\":\"Diario Textual\",\"url\":\"https:\\\/\\\/diariotextual.com\\\/inicio\\\/\",\"logo\":{\"@type\":\"ImageObject\",\"inLanguage\":\"es\",\"@id\":\"https:\\\/\\\/diariotextual.com\\\/inicio\\\/#\\\/schema\\\/logo\\\/image\\\/\",\"url\":\"https:\\\/\\\/diariotextual.com\\\/inicio\\\/wp-content\\\/uploads\\\/2023\\\/05\\\/logotextual1.jpg\",\"contentUrl\":\"https:\\\/\\\/diariotextual.com\\\/inicio\\\/wp-content\\\/uploads\\\/2023\\\/05\\\/logotextual1.jpg\",\"width\":516,\"height\":76,\"caption\":\"Diario Textual\"},\"image\":{\"@id\":\"https:\\\/\\\/diariotextual.com\\\/inicio\\\/#\\\/schema\\\/logo\\\/image\\\/\"},\"sameAs\":[\"https:\\\/\\\/www.facebook.com\\\/eltextual\",\"https:\\\/\\\/x.com\\\/eltextual\",\"http:\\\/\\\/www.instagram.com\\\/eltextual\"]},{\"@type\":\"Person\",\"@id\":\"https:\\\/\\\/diariotextual.com\\\/inicio\\\/#\\\/schema\\\/person\\\/418fc4093c33e86ed41562db3508f958\",\"name\":\"Diario1 Diario1\",\"image\":{\"@type\":\"ImageObject\",\"inLanguage\":\"es\",\"@id\":\"https:\\\/\\\/secure.gravatar.com\\\/avatar\\\/9167d280179c85bc18be67aa7eda765854300033af4896dd779b608640f2ef7a?s=96&d=mm&r=g\",\"url\":\"https:\\\/\\\/secure.gravatar.com\\\/avatar\\\/9167d280179c85bc18be67aa7eda765854300033af4896dd779b608640f2ef7a?s=96&d=mm&r=g\",\"contentUrl\":\"https:\\\/\\\/secure.gravatar.com\\\/avatar\\\/9167d280179c85bc18be67aa7eda765854300033af4896dd779b608640f2ef7a?s=96&d=mm&r=g\",\"caption\":\"Diario1 Diario1\"},\"url\":\"https:\\\/\\\/diariotextual.com\\\/inicio\\\/index.php\\\/author\\\/diario1\\\/\"}]}<\/script>\n<!-- \/ Yoast SEO plugin. -->","yoast_head_json":{"title":"Ziliotto anunci\u00f3 la Ley de Paridad de G\u00e9nero en La Pampa - Diario Textual","robots":{"index":"index","follow":"follow","max-snippet":"max-snippet:-1","max-image-preview":"max-image-preview:large","max-video-preview":"max-video-preview:-1"},"canonical":"https:\/\/diariotextual.com\/inicio\/index.php\/2019\/03\/15\/ziliotto-anuncio-la-ley-paridad-genero-la-pampa\/","og_locale":"es_ES","og_type":"article","og_title":"Ziliotto anunci\u00f3 la Ley de Paridad de G\u00e9nero en La Pampa - Diario Textual","og_description":"La Pampa tendr\u00e1 una Ley de Paridad de G\u00e9nero, que permitir\u00e1 la participaci\u00f3n equilibrada de mujeres y hombres en las listas electorales para los cargos provinciales y municipales. As\u00ed lo&hellip;","og_url":"https:\/\/diariotextual.com\/inicio\/index.php\/2019\/03\/15\/ziliotto-anuncio-la-ley-paridad-genero-la-pampa\/","og_site_name":"Diario Textual","article_publisher":"https:\/\/www.facebook.com\/eltextual","article_published_time":"2019-03-15T21:03:00+00:00","og_image":[{"width":960,"height":636,"url":"https:\/\/diariotextual.com\/inicio\/wp-content\/uploads\/2019\/03\/ziliottosergio2019-1050.jpg","type":"image\/jpeg"}],"author":"Diario1 Diario1","twitter_card":"summary_large_image","twitter_creator":"@eltextual","twitter_site":"@eltextual","twitter_misc":{"Escrito por":"Diario1 Diario1","Tiempo de lectura":"2 minutos"},"schema":{"@context":"https:\/\/schema.org","@graph":[{"@type":"Article","@id":"https:\/\/diariotextual.com\/inicio\/index.php\/2019\/03\/15\/ziliotto-anuncio-la-ley-paridad-genero-la-pampa\/#article","isPartOf":{"@id":"https:\/\/diariotextual.com\/inicio\/index.php\/2019\/03\/15\/ziliotto-anuncio-la-ley-paridad-genero-la-pampa\/"},"author":{"name":"Diario1 Diario1","@id":"https:\/\/diariotextual.com\/inicio\/#\/schema\/person\/418fc4093c33e86ed41562db3508f958"},"headline":"Ziliotto anunci\u00f3 la Ley de Paridad de G\u00e9nero en La Pampa","datePublished":"2019-03-15T21:03:00+00:00","mainEntityOfPage":{"@id":"https:\/\/diariotextual.com\/inicio\/index.php\/2019\/03\/15\/ziliotto-anuncio-la-ley-paridad-genero-la-pampa\/"},"wordCount":511,"publisher":{"@id":"https:\/\/diariotextual.com\/inicio\/#organization"},"image":{"@id":"https:\/\/diariotextual.com\/inicio\/index.php\/2019\/03\/15\/ziliotto-anuncio-la-ley-paridad-genero-la-pampa\/#primaryimage"},"thumbnailUrl":"https:\/\/diariotextual.com\/inicio\/wp-content\/uploads\/2019\/03\/ziliottosergio2019-1050.jpg","keywords":["genero","ziliotto"],"articleSection":["A - PORTADA","POLITICA"],"inLanguage":"es"},{"@type":"WebPage","@id":"https:\/\/diariotextual.com\/inicio\/index.php\/2019\/03\/15\/ziliotto-anuncio-la-ley-paridad-genero-la-pampa\/","url":"https:\/\/diariotextual.com\/inicio\/index.php\/2019\/03\/15\/ziliotto-anuncio-la-ley-paridad-genero-la-pampa\/","name":"Ziliotto anunci\u00f3 la Ley de Paridad de G\u00e9nero en La Pampa - Diario Textual","isPartOf":{"@id":"https:\/\/diariotextual.com\/inicio\/#website"},"primaryImageOfPage":{"@id":"https:\/\/diariotextual.com\/inicio\/index.php\/2019\/03\/15\/ziliotto-anuncio-la-ley-paridad-genero-la-pampa\/#primaryimage"},"image":{"@id":"https:\/\/diariotextual.com\/inicio\/index.php\/2019\/03\/15\/ziliotto-anuncio-la-ley-paridad-genero-la-pampa\/#primaryimage"},"thumbnailUrl":"https:\/\/diariotextual.com\/inicio\/wp-content\/uploads\/2019\/03\/ziliottosergio2019-1050.jpg","datePublished":"2019-03-15T21:03:00+00:00","breadcrumb":{"@id":"https:\/\/diariotextual.com\/inicio\/index.php\/2019\/03\/15\/ziliotto-anuncio-la-ley-paridad-genero-la-pampa\/#breadcrumb"},"inLanguage":"es","potentialAction":[{"@type":"ReadAction","target":["https:\/\/diariotextual.com\/inicio\/index.php\/2019\/03\/15\/ziliotto-anuncio-la-ley-paridad-genero-la-pampa\/"]}]},{"@type":"ImageObject","inLanguage":"es","@id":"https:\/\/diariotextual.com\/inicio\/index.php\/2019\/03\/15\/ziliotto-anuncio-la-ley-paridad-genero-la-pampa\/#primaryimage","url":"https:\/\/diariotextual.com\/inicio\/wp-content\/uploads\/2019\/03\/ziliottosergio2019-1050.jpg","contentUrl":"https:\/\/diariotextual.com\/inicio\/wp-content\/uploads\/2019\/03\/ziliottosergio2019-1050.jpg","width":960,"height":636},{"@type":"BreadcrumbList","@id":"https:\/\/diariotextual.com\/inicio\/index.php\/2019\/03\/15\/ziliotto-anuncio-la-ley-paridad-genero-la-pampa\/#breadcrumb","itemListElement":[{"@type":"ListItem","position":1,"name":"Portada","item":"https:\/\/diariotextual.com\/inicio\/"},{"@type":"ListItem","position":2,"name":"Ziliotto anunci\u00f3 la Ley de Paridad de G\u00e9nero en La Pampa"}]},{"@type":"WebSite","@id":"https:\/\/diariotextual.com\/inicio\/#website","url":"https:\/\/diariotextual.com\/inicio\/","name":"Diario Textual","description":"","publisher":{"@id":"https:\/\/diariotextual.com\/inicio\/#organization"},"potentialAction":[{"@type":"SearchAction","target":{"@type":"EntryPoint","urlTemplate":"https:\/\/diariotextual.com\/inicio\/?s={search_term_string}"},"query-input":{"@type":"PropertyValueSpecification","valueRequired":true,"valueName":"search_term_string"}}],"inLanguage":"es"},{"@type":"Organization","@id":"https:\/\/diariotextual.com\/inicio\/#organization","name":"Diario Textual","url":"https:\/\/diariotextual.com\/inicio\/","logo":{"@type":"ImageObject","inLanguage":"es","@id":"https:\/\/diariotextual.com\/inicio\/#\/schema\/logo\/image\/","url":"https:\/\/diariotextual.com\/inicio\/wp-content\/uploads\/2023\/05\/logotextual1.jpg","contentUrl":"https:\/\/diariotextual.com\/inicio\/wp-content\/uploads\/2023\/05\/logotextual1.jpg","width":516,"height":76,"caption":"Diario Textual"},"image":{"@id":"https:\/\/diariotextual.com\/inicio\/#\/schema\/logo\/image\/"},"sameAs":["https:\/\/www.facebook.com\/eltextual","https:\/\/x.com\/eltextual","http:\/\/www.instagram.com\/eltextual"]},{"@type":"Person","@id":"https:\/\/diariotextual.com\/inicio\/#\/schema\/person\/418fc4093c33e86ed41562db3508f958","name":"Diario1 Diario1","image":{"@type":"ImageObject","inLanguage":"es","@id":"https:\/\/secure.gravatar.com\/avatar\/9167d280179c85bc18be67aa7eda765854300033af4896dd779b608640f2ef7a?s=96&d=mm&r=g","url":"https:\/\/secure.gravatar.com\/avatar\/9167d280179c85bc18be67aa7eda765854300033af4896dd779b608640f2ef7a?s=96&d=mm&r=g","contentUrl":"https:\/\/secure.gravatar.com\/avatar\/9167d280179c85bc18be67aa7eda765854300033af4896dd779b608640f2ef7a?s=96&d=mm&r=g","caption":"Diario1 Diario1"},"url":"https:\/\/diariotextual.com\/inicio\/index.php\/author\/diario1\/"}]}},"_links":{"self":[{"href":"https:\/\/diariotextual.com\/inicio\/index.php\/wp-json\/wp\/v2\/posts\/41921","targetHints":{"allow":["GET"]}}],"collection":[{"href":"https:\/\/diariotextual.com\/inicio\/index.php\/wp-json\/wp\/v2\/posts"}],"about":[{"href":"https:\/\/diariotextual.com\/inicio\/index.php\/wp-json\/wp\/v2\/types\/post"}],"author":[{"embeddable":true,"href":"https:\/\/diariotextual.com\/inicio\/index.php\/wp-json\/wp\/v2\/users\/3"}],"replies":[{"embeddable":true,"href":"https:\/\/diariotextual.com\/inicio\/index.php\/wp-json\/wp\/v2\/comments?post=41921"}],"version-history":[{"count":4,"href":"https:\/\/diariotextual.com\/inicio\/index.php\/wp-json\/wp\/v2\/posts\/41921\/revisions"}],"predecessor-version":[{"id":41929,"href":"https:\/\/diariotextual.com\/inicio\/index.php\/wp-json\/wp\/v2\/posts\/41921\/revisions\/41929"}],"wp:featuredmedia":[{"embeddable":true,"href":"https:\/\/diariotextual.com\/inicio\/index.php\/wp-json\/wp\/v2\/media\/41807"}],"wp:attachment":[{"href":"https:\/\/diariotextual.com\/inicio\/index.php\/wp-json\/wp\/v2\/media?parent=41921"}],"wp:term":[{"taxonomy":"category","embeddable":true,"href":"https:\/\/diariotextual.com\/inicio\/index.php\/wp-json\/wp\/v2\/categories?post=41921"},{"taxonomy":"post_tag","embeddable":true,"href":"https:\/\/diariotextual.com\/inicio\/index.php\/wp-json\/wp\/v2\/tags?post=41921"}],"curies":[{"name":"wp","href":"https:\/\/api.w.org\/{rel}","templated":true}]}}