{"id":41994,"date":"2019-03-16T17:43:33","date_gmt":"2019-03-16T20:43:33","guid":{"rendered":"http:\/\/diariotextual.com\/inicio\/?p=41994"},"modified":"2019-03-17T17:12:38","modified_gmt":"2019-03-17T20:12:38","slug":"homenajearan-al-piloto-macachin-hundio-al-sheffield","status":"publish","type":"post","link":"https:\/\/diariotextual.com\/inicio\/index.php\/2019\/03\/16\/homenajearan-al-piloto-macachin-hundio-al-sheffield\/","title":{"rendered":"Homenajear\u00e1n al piloto de Macach\u00edn que hundi\u00f3 al Sheffield"},"content":{"rendered":"<p>La Pampa va a declarar como<strong> Personalidad Destacada de la Provincia<\/strong> al piloto de avi\u00f3n<strong> Augusto Bedacarratz (75 a\u00f1os)<\/strong>, quien combati\u00f3 en la<strong> Guerra de Malvinas<\/strong>.<\/p>\n<p>El legislador\u00a0<strong>Maximiliano Aliaga<\/strong> present\u00f3 en la Legislatura un proyecto de ley para homenajear a Bedacarraz, quien se cri\u00f3 y transcurri\u00f3 sus primeras etapas de vida en Macach\u00edn, zona en la que actualmente dedica parte de su tiempo a la actividad agropecuaria. All\u00ed adem\u00e1s tiene a gran parte de familiares y amigos.<\/p>\n<p><img fetchpriority=\"high\" decoding=\"async\" class=\"alignnone wp-image-41999 \" src=\"http:\/\/diariotextual.com\/inicio\/wp-content\/uploads\/2019\/03\/bedacarratz4.jpg\" alt=\"\" width=\"711\" height=\"448\" srcset=\"https:\/\/diariotextual.com\/inicio\/wp-content\/uploads\/2019\/03\/bedacarratz4.jpg 1023w, https:\/\/diariotextual.com\/inicio\/wp-content\/uploads\/2019\/03\/bedacarratz4-300x189.jpg 300w, https:\/\/diariotextual.com\/inicio\/wp-content\/uploads\/2019\/03\/bedacarratz4-768x484.jpg 768w, https:\/\/diariotextual.com\/inicio\/wp-content\/uploads\/2019\/03\/bedacarratz4-585x369.jpg 585w\" sizes=\"(max-width: 711px) 100vw, 711px\" \/><\/p>\n<p>El piloto, a 37 a\u00f1os de ocurrido el enfrentamiento armado, fue convocado para brindar, en el marco de un nuevo aniversario de la Guerra de Malvinas, su testimonio acerca de su carrera y experiencia en las Fuerzas Armadas.\u00a0Esta jornada se concretar\u00e1 en el mes de abril.<\/p>\n<p><strong>\u00abHomenajearlo por su valent\u00eda y proeza es un honor para m\u00ed como Diputado de La Pampa, adem\u00e1s la iniciativa fue muy bien recibida por mis pares, por lo cual creemos es un hecho el reconocimiento\u00bb, agreg\u00f3 el legislador.<\/strong><\/p>\n<p>Bedacarraz naci\u00f3 en la localidad bonaerense de Villa Maza. \u00abPero <strong>viv\u00ed siempre en Macach\u00edn, donde fui a la escuela primaria<\/strong>\u00ab, dijo hace un par de a\u00f1os a un periodista de <strong>Diario Textual<\/strong>. \u00abNunca pens\u00e9 en ser piloto de avi\u00f3n. Todos en mi familia eran agricultores\u00bb, sostuvo.<\/p>\n<p><img decoding=\"async\" class=\"alignnone wp-image-41996 size-full\" src=\"http:\/\/diariotextual.com\/inicio\/wp-content\/uploads\/2019\/03\/bedacarratz1.jpg\" alt=\"\" width=\"400\" height=\"247\" srcset=\"https:\/\/diariotextual.com\/inicio\/wp-content\/uploads\/2019\/03\/bedacarratz1.jpg 400w, https:\/\/diariotextual.com\/inicio\/wp-content\/uploads\/2019\/03\/bedacarratz1-300x185.jpg 300w\" sizes=\"(max-width: 400px) 100vw, 400px\" \/><\/p>\n<p>Augusto se traslad\u00f3 a los 12 a\u00f1os con su familia a la ciudad de Buenos Aires. All\u00ed curs\u00f3 el colegio secundario y, ya a los 16, ingres\u00f3 a la Escuela Naval, de la cual egres\u00f3 en 1965 con el primer puesto en su clase. \u00abMe recib\u00ed de oficial y posteriormente, en 1967, ingres\u00e9 al curso de entrenamiento de vuelo naval. Finalmente la aviaci\u00f3n naval fue mi vida y mi pasi\u00f3n\u00bb, cont\u00f3.<\/p>\n<p>En 1981 la dictadura militar Argentina compr\u00f3 a Francia aviones Super Etendard con misiles antibuques Exocet. \u00abFuimos enviados a la Aviaci\u00f3n Naval Francesa, para darnos una formaci\u00f3n b\u00e1sica de 50 horas en los Super Etendard\u00bb, record\u00f3.<\/p>\n<p><strong>El 2 de abril de 1982, la Argentina recuper\u00f3 las Islas Malvinas<\/strong>\u00a0-un territorio usurpado por Gran Breta\u00f1a en 1833, cuando desaloj\u00f3 a los habitantes argentinos- . \u00abSi quieren venir, que vengan\u00bb, desafi\u00f3 en ese momento el presidente de facto Leopoldo Galtieri desde los balcones de Casa Rosada. Las tropas brit\u00e1nicas llegaron.<\/p>\n<p><strong>Bedacarratz fue enviado junto a otros nueve pilotos de la llamada Escuadrilla Naval de Caza y Ataque a la ciudad de R\u00edo Grande<\/strong>, en el extremo sur del pa\u00eds, a unos 550 kil\u00f3metros de Malvinas. El capit\u00e1n form\u00f3 t\u00e1ndem con Armando Mayora.<\/p>\n<p><strong>El primer ataque brit\u00e1nico ocurri\u00f3 el primero de mayo<\/strong>, con bajas en ambos lados. En ese momento, se frustr\u00f3 una misi\u00f3n de ataque de esta cuadrilla porque los aviones -de otros dos pilotos- tuvieron problemas al cargar combustible en vuelo. As\u00ed, como hab\u00edan acordado, la pr\u00f3xima misi\u00f3n qued\u00f3 a cargo de Bedacarratz y Mayora.<\/p>\n<p><strong>La pr\u00f3xima misi\u00f3n se lanz\u00f3 el 4 de mayo<\/strong>. Un avi\u00f3n de reconocimiento, el Neptune, detect\u00f3 a gran altitud a una serie de blancos.<\/p>\n<p><strong>Bedacarratz y Mayora fueron despertados a las 7 de la ma\u00f1ana<\/strong>. Estaba nublado y el viento era intenso. \u00abLa misi\u00f3n era sumamente riesgosa.\u00a0<strong>La Armada s\u00f3lo ten\u00eda cinco misiles Exocet\u00a0<\/strong>-el resto no hab\u00eda llegado por el embargo impuesto por Francia a ra\u00edz del conflicto b\u00e9lico- y se desconoc\u00eda la verdadera efectividad de este tipo de misil. Es que esta versi\u00f3n del Exocet, aire mar para ser lanzados desde aviones de ataque, no hab\u00eda sido utilizada en ning\u00fan lugar del mundo. La Aviaci\u00f3n Naval Francesa tampoco lo ten\u00eda en funcionamiento.\u00a0<strong>Los probamos en Malvinas<\/strong>\u00ab, relat\u00f3.<\/p>\n<p><strong>-\u00bfC\u00f3mo se prepararon ese d\u00eda?<\/strong><\/p>\n<p>&#8211;<strong>Nuestro objetivo era atacar y no ser detectado por la flota brit\u00e1nica<\/strong>\u00a0hasta despu\u00e9s de ser disparados los misiles. Eso implicaba una serie de medidas. En primer lugar, no utilizar pr\u00e1cticamente el radar; en segundo lugar no hablar por radio y s\u00f3lo comunicarnos, de avi\u00f3n a avi\u00f3n, por se\u00f1as; y finalmente volar casi rozando el mar para no ser detectado por los radares enemigos.\u00a0<strong>El d\u00eda 4, en la madrugada, un avi\u00f3n Neptune encontr\u00f3 e identific\u00f3 a buques enemigos<\/strong>. Nos pas\u00f3 las coordenadas y comenzamos a preparar el plan de vuelo.<\/p>\n<p><strong>-\u00bfC\u00f3mo fue el ataque?<\/strong><\/p>\n<p>-Despegamos a las 9.45 horas y volamos muy bajo y con suma discreci\u00f3n. A las 11.45, cuando est\u00e1bamos a unos 15 minutos del lanzamiento, recibimos la \u00faltima actualizaci\u00f3n, por parte del Neptune, de la ubicaci\u00f3n de los buques. En ese momento, colocamos las posiciones en nuestro sistema de navegaci\u00f3n. Introdujimos 20 d\u00edgitos y tuvimos que interrumpir el silencio de radio para cotejar entre los dos la informaci\u00f3n.<\/p>\n<p><strong>Bedacarratz dio la orden de atacar<\/strong>\u00a0cuando los aviones se encontraban a 30 kil\u00f3metros del blanco. Inmediatamente apret\u00f3 el bot\u00f3n de disparo.\u00a0<strong>El misil, de 650 kilos, tard\u00f3 unos eternos tres segundos en salir y el avi\u00f3n, al perder peso de una de sus alas, se movi\u00f3 bruscamente<\/strong>. Mayora, que no hab\u00eda escuchado la orden, se sorprendi\u00f3 y tambi\u00e9n lanz\u00f3 el misil. Segundos despu\u00e9s, los Super Etendard giraron y se perdieron nuevamente en la bruma. \u00abSe hizo la operaci\u00f3n como la hab\u00edamos planificado, a pesar de que enfrente ten\u00edamos a la tercera flota m\u00e1s importante del mundo que estaba armada con avanzados misiles antia\u00e9reos\u00bb, dijo el capit\u00e1n.<\/p>\n<p><img decoding=\"async\" class=\"alignnone wp-image-41995 size-full\" src=\"http:\/\/diariotextual.com\/inicio\/wp-content\/uploads\/2019\/03\/bedacarratz3.jpg\" alt=\"\" width=\"660\" height=\"602\" srcset=\"https:\/\/diariotextual.com\/inicio\/wp-content\/uploads\/2019\/03\/bedacarratz3.jpg 660w, https:\/\/diariotextual.com\/inicio\/wp-content\/uploads\/2019\/03\/bedacarratz3-300x274.jpg 300w, https:\/\/diariotextual.com\/inicio\/wp-content\/uploads\/2019\/03\/bedacarratz3-585x534.jpg 585w\" sizes=\"(max-width: 660px) 100vw, 660px\" \/><\/p>\n<p>Poco despu\u00e9s,\u00a0<strong>regresaron a la base, sin saber si los misiles hab\u00edan dado o no en el blanco<\/strong>. \u00abEn la base hubo alegr\u00eda por el logro t\u00e9cnico de poder haber lanzado los Exocet\u00bb, cont\u00f3.\u00a0<strong>Por la tarde, la\u00a0<em>BBC<\/em>\u00a0inform\u00f3 que el Sheffield hab\u00eda sido mortalmente herido por un misil.<\/strong><\/p>\n<p>Se estima que el ataque dej\u00f3\u00a0<strong>20 marinos muertos y otros 24 heridos<\/strong>. El Sheffield termin\u00f3 de hundirse seis d\u00edas despu\u00e9s en las aguas del Atl\u00e1ntico Sur.<\/p>\n<p><strong>-\u00bfQu\u00e9 le dir\u00eda hoy a las familias de las v\u00edctimas del Sheffield?<\/strong><\/p>\n<p>-Realmente\u00a0<strong>no quiero ni pensar en cu\u00e1ntas personas murieron<\/strong>&#8230; S\u00e9 que ha habido ingleses que han muerto y otros que han sufrido heridas. Por eso lamento el dolor de sus familias, que debe ser muy grande. Indudablemente\u00a0<strong>esa gente muri\u00f3 con todo el honor, defendiendo sus valores<\/strong>, as\u00ed como nosotros defendimos los nuestros. En toda guerra ocurren estos hechos lamentables. Ojal\u00e1 se hubiera hundido sin que se perdieran vidas.<\/p>\n<p><strong>Bedacarratz,<\/strong>\u00a0quien hoy tiene tres hijos y nietos,\u00a0<strong>se retir\u00f3 en 1991<\/strong>\u00a0con la condecoraci\u00f3n Medalla La Naci\u00f3n Argentina al Valor en Combate. Hoy reparte su tiempo entre la ciudad de Buenos Aires y el campo en Macach\u00edn. \u00abNo soy ning\u00fan h\u00e9roe, s\u00f3lo cumpl\u00ed una misi\u00f3n\u00bb, dijo.<\/p>\n<p>&nbsp;<\/p>\n<p>&nbsp;<\/p>\n<p>&nbsp;<\/p>\n<p>&nbsp;<\/p>\n","protected":false},"excerpt":{"rendered":"<p>La Pampa va a declarar como Personalidad Destacada de la Provincia al piloto de avi\u00f3n Augusto Bedacarratz (75 a\u00f1os), quien combati\u00f3 en la Guerra de Malvinas. El legislador\u00a0Maximiliano Aliaga present\u00f3&hellip;<\/p>\n","protected":false},"author":3,"featured_media":41997,"comment_status":"closed","ping_status":"open","sticky":false,"template":"","format":"standard","meta":{"_acf_changed":false,"footnotes":""},"categories":[319,12],"tags":[1829],"class_list":["post-41994","post","type-post","status-publish","format-standard","has-post-thumbnail","hentry","category-a-temporales","category-sociedad","tag-bedacarratz"],"acf":[],"yoast_head":"<!-- This site is optimized with the Yoast SEO plugin v27.4 - https:\/\/yoast.com\/product\/yoast-seo-wordpress\/ -->\n<title>Homenajear\u00e1n al piloto de Macach\u00edn que hundi\u00f3 al Sheffield - Diario Textual<\/title>\n<meta name=\"robots\" content=\"index, follow, max-snippet:-1, max-image-preview:large, max-video-preview:-1\" \/>\n<link rel=\"canonical\" href=\"https:\/\/diariotextual.com\/inicio\/index.php\/2019\/03\/16\/homenajearan-al-piloto-macachin-hundio-al-sheffield\/\" \/>\n<meta property=\"og:locale\" content=\"es_ES\" \/>\n<meta property=\"og:type\" content=\"article\" \/>\n<meta property=\"og:title\" content=\"Homenajear\u00e1n al piloto de Macach\u00edn que hundi\u00f3 al Sheffield - Diario Textual\" \/>\n<meta property=\"og:description\" content=\"La Pampa va a declarar como Personalidad Destacada de la Provincia al piloto de avi\u00f3n Augusto Bedacarratz (75 a\u00f1os), quien combati\u00f3 en la Guerra de Malvinas. El legislador\u00a0Maximiliano Aliaga present\u00f3&hellip;\" \/>\n<meta property=\"og:url\" content=\"https:\/\/diariotextual.com\/inicio\/index.php\/2019\/03\/16\/homenajearan-al-piloto-macachin-hundio-al-sheffield\/\" \/>\n<meta property=\"og:site_name\" content=\"Diario Textual\" \/>\n<meta property=\"article:publisher\" content=\"https:\/\/www.facebook.com\/eltextual\" \/>\n<meta property=\"article:published_time\" content=\"2019-03-16T20:43:33+00:00\" \/>\n<meta property=\"article:modified_time\" content=\"2019-03-17T20:12:38+00:00\" \/>\n<meta property=\"og:image\" content=\"https:\/\/diariotextual.com\/inicio\/wp-content\/uploads\/2019\/03\/bedacarratz2.jpg\" \/>\n\t<meta property=\"og:image:width\" content=\"660\" \/>\n\t<meta property=\"og:image:height\" content=\"397\" \/>\n\t<meta property=\"og:image:type\" content=\"image\/jpeg\" \/>\n<meta name=\"author\" content=\"Diario1 Diario1\" \/>\n<meta name=\"twitter:card\" content=\"summary_large_image\" \/>\n<meta name=\"twitter:creator\" content=\"@eltextual\" \/>\n<meta name=\"twitter:site\" content=\"@eltextual\" \/>\n<meta name=\"twitter:label1\" content=\"Escrito por\" \/>\n\t<meta name=\"twitter:data1\" content=\"Diario1 Diario1\" \/>\n\t<meta name=\"twitter:label2\" content=\"Tiempo de lectura\" \/>\n\t<meta name=\"twitter:data2\" content=\"6 minutos\" \/>\n<script type=\"application\/ld+json\" class=\"yoast-schema-graph\">{\"@context\":\"https:\\\/\\\/schema.org\",\"@graph\":[{\"@type\":\"Article\",\"@id\":\"https:\\\/\\\/diariotextual.com\\\/inicio\\\/index.php\\\/2019\\\/03\\\/16\\\/homenajearan-al-piloto-macachin-hundio-al-sheffield\\\/#article\",\"isPartOf\":{\"@id\":\"https:\\\/\\\/diariotextual.com\\\/inicio\\\/index.php\\\/2019\\\/03\\\/16\\\/homenajearan-al-piloto-macachin-hundio-al-sheffield\\\/\"},\"author\":{\"name\":\"Diario1 Diario1\",\"@id\":\"https:\\\/\\\/diariotextual.com\\\/inicio\\\/#\\\/schema\\\/person\\\/418fc4093c33e86ed41562db3508f958\"},\"headline\":\"Homenajear\u00e1n al piloto de Macach\u00edn que hundi\u00f3 al Sheffield\",\"datePublished\":\"2019-03-16T20:43:33+00:00\",\"dateModified\":\"2019-03-17T20:12:38+00:00\",\"mainEntityOfPage\":{\"@id\":\"https:\\\/\\\/diariotextual.com\\\/inicio\\\/index.php\\\/2019\\\/03\\\/16\\\/homenajearan-al-piloto-macachin-hundio-al-sheffield\\\/\"},\"wordCount\":1148,\"publisher\":{\"@id\":\"https:\\\/\\\/diariotextual.com\\\/inicio\\\/#organization\"},\"image\":{\"@id\":\"https:\\\/\\\/diariotextual.com\\\/inicio\\\/index.php\\\/2019\\\/03\\\/16\\\/homenajearan-al-piloto-macachin-hundio-al-sheffield\\\/#primaryimage\"},\"thumbnailUrl\":\"https:\\\/\\\/diariotextual.com\\\/inicio\\\/wp-content\\\/uploads\\\/2019\\\/03\\\/bedacarratz2.jpg\",\"keywords\":[\"bedacarratz\"],\"articleSection\":[\"A - TEMPORALES\",\"SOCIEDAD\"],\"inLanguage\":\"es\"},{\"@type\":\"WebPage\",\"@id\":\"https:\\\/\\\/diariotextual.com\\\/inicio\\\/index.php\\\/2019\\\/03\\\/16\\\/homenajearan-al-piloto-macachin-hundio-al-sheffield\\\/\",\"url\":\"https:\\\/\\\/diariotextual.com\\\/inicio\\\/index.php\\\/2019\\\/03\\\/16\\\/homenajearan-al-piloto-macachin-hundio-al-sheffield\\\/\",\"name\":\"Homenajear\u00e1n al piloto de Macach\u00edn que hundi\u00f3 al Sheffield - Diario Textual\",\"isPartOf\":{\"@id\":\"https:\\\/\\\/diariotextual.com\\\/inicio\\\/#website\"},\"primaryImageOfPage\":{\"@id\":\"https:\\\/\\\/diariotextual.com\\\/inicio\\\/index.php\\\/2019\\\/03\\\/16\\\/homenajearan-al-piloto-macachin-hundio-al-sheffield\\\/#primaryimage\"},\"image\":{\"@id\":\"https:\\\/\\\/diariotextual.com\\\/inicio\\\/index.php\\\/2019\\\/03\\\/16\\\/homenajearan-al-piloto-macachin-hundio-al-sheffield\\\/#primaryimage\"},\"thumbnailUrl\":\"https:\\\/\\\/diariotextual.com\\\/inicio\\\/wp-content\\\/uploads\\\/2019\\\/03\\\/bedacarratz2.jpg\",\"datePublished\":\"2019-03-16T20:43:33+00:00\",\"dateModified\":\"2019-03-17T20:12:38+00:00\",\"breadcrumb\":{\"@id\":\"https:\\\/\\\/diariotextual.com\\\/inicio\\\/index.php\\\/2019\\\/03\\\/16\\\/homenajearan-al-piloto-macachin-hundio-al-sheffield\\\/#breadcrumb\"},\"inLanguage\":\"es\",\"potentialAction\":[{\"@type\":\"ReadAction\",\"target\":[\"https:\\\/\\\/diariotextual.com\\\/inicio\\\/index.php\\\/2019\\\/03\\\/16\\\/homenajearan-al-piloto-macachin-hundio-al-sheffield\\\/\"]}]},{\"@type\":\"ImageObject\",\"inLanguage\":\"es\",\"@id\":\"https:\\\/\\\/diariotextual.com\\\/inicio\\\/index.php\\\/2019\\\/03\\\/16\\\/homenajearan-al-piloto-macachin-hundio-al-sheffield\\\/#primaryimage\",\"url\":\"https:\\\/\\\/diariotextual.com\\\/inicio\\\/wp-content\\\/uploads\\\/2019\\\/03\\\/bedacarratz2.jpg\",\"contentUrl\":\"https:\\\/\\\/diariotextual.com\\\/inicio\\\/wp-content\\\/uploads\\\/2019\\\/03\\\/bedacarratz2.jpg\",\"width\":660,\"height\":397},{\"@type\":\"BreadcrumbList\",\"@id\":\"https:\\\/\\\/diariotextual.com\\\/inicio\\\/index.php\\\/2019\\\/03\\\/16\\\/homenajearan-al-piloto-macachin-hundio-al-sheffield\\\/#breadcrumb\",\"itemListElement\":[{\"@type\":\"ListItem\",\"position\":1,\"name\":\"Portada\",\"item\":\"https:\\\/\\\/diariotextual.com\\\/inicio\\\/\"},{\"@type\":\"ListItem\",\"position\":2,\"name\":\"Homenajear\u00e1n al piloto de Macach\u00edn que hundi\u00f3 al Sheffield\"}]},{\"@type\":\"WebSite\",\"@id\":\"https:\\\/\\\/diariotextual.com\\\/inicio\\\/#website\",\"url\":\"https:\\\/\\\/diariotextual.com\\\/inicio\\\/\",\"name\":\"Diario Textual\",\"description\":\"\",\"publisher\":{\"@id\":\"https:\\\/\\\/diariotextual.com\\\/inicio\\\/#organization\"},\"potentialAction\":[{\"@type\":\"SearchAction\",\"target\":{\"@type\":\"EntryPoint\",\"urlTemplate\":\"https:\\\/\\\/diariotextual.com\\\/inicio\\\/?s={search_term_string}\"},\"query-input\":{\"@type\":\"PropertyValueSpecification\",\"valueRequired\":true,\"valueName\":\"search_term_string\"}}],\"inLanguage\":\"es\"},{\"@type\":\"Organization\",\"@id\":\"https:\\\/\\\/diariotextual.com\\\/inicio\\\/#organization\",\"name\":\"Diario Textual\",\"url\":\"https:\\\/\\\/diariotextual.com\\\/inicio\\\/\",\"logo\":{\"@type\":\"ImageObject\",\"inLanguage\":\"es\",\"@id\":\"https:\\\/\\\/diariotextual.com\\\/inicio\\\/#\\\/schema\\\/logo\\\/image\\\/\",\"url\":\"https:\\\/\\\/diariotextual.com\\\/inicio\\\/wp-content\\\/uploads\\\/2023\\\/05\\\/logotextual1.jpg\",\"contentUrl\":\"https:\\\/\\\/diariotextual.com\\\/inicio\\\/wp-content\\\/uploads\\\/2023\\\/05\\\/logotextual1.jpg\",\"width\":516,\"height\":76,\"caption\":\"Diario Textual\"},\"image\":{\"@id\":\"https:\\\/\\\/diariotextual.com\\\/inicio\\\/#\\\/schema\\\/logo\\\/image\\\/\"},\"sameAs\":[\"https:\\\/\\\/www.facebook.com\\\/eltextual\",\"https:\\\/\\\/x.com\\\/eltextual\",\"http:\\\/\\\/www.instagram.com\\\/eltextual\"]},{\"@type\":\"Person\",\"@id\":\"https:\\\/\\\/diariotextual.com\\\/inicio\\\/#\\\/schema\\\/person\\\/418fc4093c33e86ed41562db3508f958\",\"name\":\"Diario1 Diario1\",\"image\":{\"@type\":\"ImageObject\",\"inLanguage\":\"es\",\"@id\":\"https:\\\/\\\/secure.gravatar.com\\\/avatar\\\/9167d280179c85bc18be67aa7eda765854300033af4896dd779b608640f2ef7a?s=96&d=mm&r=g\",\"url\":\"https:\\\/\\\/secure.gravatar.com\\\/avatar\\\/9167d280179c85bc18be67aa7eda765854300033af4896dd779b608640f2ef7a?s=96&d=mm&r=g\",\"contentUrl\":\"https:\\\/\\\/secure.gravatar.com\\\/avatar\\\/9167d280179c85bc18be67aa7eda765854300033af4896dd779b608640f2ef7a?s=96&d=mm&r=g\",\"caption\":\"Diario1 Diario1\"},\"url\":\"https:\\\/\\\/diariotextual.com\\\/inicio\\\/index.php\\\/author\\\/diario1\\\/\"}]}<\/script>\n<!-- \/ Yoast SEO plugin. -->","yoast_head_json":{"title":"Homenajear\u00e1n al piloto de Macach\u00edn que hundi\u00f3 al Sheffield - Diario Textual","robots":{"index":"index","follow":"follow","max-snippet":"max-snippet:-1","max-image-preview":"max-image-preview:large","max-video-preview":"max-video-preview:-1"},"canonical":"https:\/\/diariotextual.com\/inicio\/index.php\/2019\/03\/16\/homenajearan-al-piloto-macachin-hundio-al-sheffield\/","og_locale":"es_ES","og_type":"article","og_title":"Homenajear\u00e1n al piloto de Macach\u00edn que hundi\u00f3 al Sheffield - Diario Textual","og_description":"La Pampa va a declarar como Personalidad Destacada de la Provincia al piloto de avi\u00f3n Augusto Bedacarratz (75 a\u00f1os), quien combati\u00f3 en la Guerra de Malvinas. El legislador\u00a0Maximiliano Aliaga present\u00f3&hellip;","og_url":"https:\/\/diariotextual.com\/inicio\/index.php\/2019\/03\/16\/homenajearan-al-piloto-macachin-hundio-al-sheffield\/","og_site_name":"Diario Textual","article_publisher":"https:\/\/www.facebook.com\/eltextual","article_published_time":"2019-03-16T20:43:33+00:00","article_modified_time":"2019-03-17T20:12:38+00:00","og_image":[{"width":660,"height":397,"url":"https:\/\/diariotextual.com\/inicio\/wp-content\/uploads\/2019\/03\/bedacarratz2.jpg","type":"image\/jpeg"}],"author":"Diario1 Diario1","twitter_card":"summary_large_image","twitter_creator":"@eltextual","twitter_site":"@eltextual","twitter_misc":{"Escrito por":"Diario1 Diario1","Tiempo de lectura":"6 minutos"},"schema":{"@context":"https:\/\/schema.org","@graph":[{"@type":"Article","@id":"https:\/\/diariotextual.com\/inicio\/index.php\/2019\/03\/16\/homenajearan-al-piloto-macachin-hundio-al-sheffield\/#article","isPartOf":{"@id":"https:\/\/diariotextual.com\/inicio\/index.php\/2019\/03\/16\/homenajearan-al-piloto-macachin-hundio-al-sheffield\/"},"author":{"name":"Diario1 Diario1","@id":"https:\/\/diariotextual.com\/inicio\/#\/schema\/person\/418fc4093c33e86ed41562db3508f958"},"headline":"Homenajear\u00e1n al piloto de Macach\u00edn que hundi\u00f3 al Sheffield","datePublished":"2019-03-16T20:43:33+00:00","dateModified":"2019-03-17T20:12:38+00:00","mainEntityOfPage":{"@id":"https:\/\/diariotextual.com\/inicio\/index.php\/2019\/03\/16\/homenajearan-al-piloto-macachin-hundio-al-sheffield\/"},"wordCount":1148,"publisher":{"@id":"https:\/\/diariotextual.com\/inicio\/#organization"},"image":{"@id":"https:\/\/diariotextual.com\/inicio\/index.php\/2019\/03\/16\/homenajearan-al-piloto-macachin-hundio-al-sheffield\/#primaryimage"},"thumbnailUrl":"https:\/\/diariotextual.com\/inicio\/wp-content\/uploads\/2019\/03\/bedacarratz2.jpg","keywords":["bedacarratz"],"articleSection":["A - TEMPORALES","SOCIEDAD"],"inLanguage":"es"},{"@type":"WebPage","@id":"https:\/\/diariotextual.com\/inicio\/index.php\/2019\/03\/16\/homenajearan-al-piloto-macachin-hundio-al-sheffield\/","url":"https:\/\/diariotextual.com\/inicio\/index.php\/2019\/03\/16\/homenajearan-al-piloto-macachin-hundio-al-sheffield\/","name":"Homenajear\u00e1n al piloto de Macach\u00edn que hundi\u00f3 al Sheffield - Diario Textual","isPartOf":{"@id":"https:\/\/diariotextual.com\/inicio\/#website"},"primaryImageOfPage":{"@id":"https:\/\/diariotextual.com\/inicio\/index.php\/2019\/03\/16\/homenajearan-al-piloto-macachin-hundio-al-sheffield\/#primaryimage"},"image":{"@id":"https:\/\/diariotextual.com\/inicio\/index.php\/2019\/03\/16\/homenajearan-al-piloto-macachin-hundio-al-sheffield\/#primaryimage"},"thumbnailUrl":"https:\/\/diariotextual.com\/inicio\/wp-content\/uploads\/2019\/03\/bedacarratz2.jpg","datePublished":"2019-03-16T20:43:33+00:00","dateModified":"2019-03-17T20:12:38+00:00","breadcrumb":{"@id":"https:\/\/diariotextual.com\/inicio\/index.php\/2019\/03\/16\/homenajearan-al-piloto-macachin-hundio-al-sheffield\/#breadcrumb"},"inLanguage":"es","potentialAction":[{"@type":"ReadAction","target":["https:\/\/diariotextual.com\/inicio\/index.php\/2019\/03\/16\/homenajearan-al-piloto-macachin-hundio-al-sheffield\/"]}]},{"@type":"ImageObject","inLanguage":"es","@id":"https:\/\/diariotextual.com\/inicio\/index.php\/2019\/03\/16\/homenajearan-al-piloto-macachin-hundio-al-sheffield\/#primaryimage","url":"https:\/\/diariotextual.com\/inicio\/wp-content\/uploads\/2019\/03\/bedacarratz2.jpg","contentUrl":"https:\/\/diariotextual.com\/inicio\/wp-content\/uploads\/2019\/03\/bedacarratz2.jpg","width":660,"height":397},{"@type":"BreadcrumbList","@id":"https:\/\/diariotextual.com\/inicio\/index.php\/2019\/03\/16\/homenajearan-al-piloto-macachin-hundio-al-sheffield\/#breadcrumb","itemListElement":[{"@type":"ListItem","position":1,"name":"Portada","item":"https:\/\/diariotextual.com\/inicio\/"},{"@type":"ListItem","position":2,"name":"Homenajear\u00e1n al piloto de Macach\u00edn que hundi\u00f3 al Sheffield"}]},{"@type":"WebSite","@id":"https:\/\/diariotextual.com\/inicio\/#website","url":"https:\/\/diariotextual.com\/inicio\/","name":"Diario Textual","description":"","publisher":{"@id":"https:\/\/diariotextual.com\/inicio\/#organization"},"potentialAction":[{"@type":"SearchAction","target":{"@type":"EntryPoint","urlTemplate":"https:\/\/diariotextual.com\/inicio\/?s={search_term_string}"},"query-input":{"@type":"PropertyValueSpecification","valueRequired":true,"valueName":"search_term_string"}}],"inLanguage":"es"},{"@type":"Organization","@id":"https:\/\/diariotextual.com\/inicio\/#organization","name":"Diario Textual","url":"https:\/\/diariotextual.com\/inicio\/","logo":{"@type":"ImageObject","inLanguage":"es","@id":"https:\/\/diariotextual.com\/inicio\/#\/schema\/logo\/image\/","url":"https:\/\/diariotextual.com\/inicio\/wp-content\/uploads\/2023\/05\/logotextual1.jpg","contentUrl":"https:\/\/diariotextual.com\/inicio\/wp-content\/uploads\/2023\/05\/logotextual1.jpg","width":516,"height":76,"caption":"Diario Textual"},"image":{"@id":"https:\/\/diariotextual.com\/inicio\/#\/schema\/logo\/image\/"},"sameAs":["https:\/\/www.facebook.com\/eltextual","https:\/\/x.com\/eltextual","http:\/\/www.instagram.com\/eltextual"]},{"@type":"Person","@id":"https:\/\/diariotextual.com\/inicio\/#\/schema\/person\/418fc4093c33e86ed41562db3508f958","name":"Diario1 Diario1","image":{"@type":"ImageObject","inLanguage":"es","@id":"https:\/\/secure.gravatar.com\/avatar\/9167d280179c85bc18be67aa7eda765854300033af4896dd779b608640f2ef7a?s=96&d=mm&r=g","url":"https:\/\/secure.gravatar.com\/avatar\/9167d280179c85bc18be67aa7eda765854300033af4896dd779b608640f2ef7a?s=96&d=mm&r=g","contentUrl":"https:\/\/secure.gravatar.com\/avatar\/9167d280179c85bc18be67aa7eda765854300033af4896dd779b608640f2ef7a?s=96&d=mm&r=g","caption":"Diario1 Diario1"},"url":"https:\/\/diariotextual.com\/inicio\/index.php\/author\/diario1\/"}]}},"_links":{"self":[{"href":"https:\/\/diariotextual.com\/inicio\/index.php\/wp-json\/wp\/v2\/posts\/41994","targetHints":{"allow":["GET"]}}],"collection":[{"href":"https:\/\/diariotextual.com\/inicio\/index.php\/wp-json\/wp\/v2\/posts"}],"about":[{"href":"https:\/\/diariotextual.com\/inicio\/index.php\/wp-json\/wp\/v2\/types\/post"}],"author":[{"embeddable":true,"href":"https:\/\/diariotextual.com\/inicio\/index.php\/wp-json\/wp\/v2\/users\/3"}],"replies":[{"embeddable":true,"href":"https:\/\/diariotextual.com\/inicio\/index.php\/wp-json\/wp\/v2\/comments?post=41994"}],"version-history":[{"count":4,"href":"https:\/\/diariotextual.com\/inicio\/index.php\/wp-json\/wp\/v2\/posts\/41994\/revisions"}],"predecessor-version":[{"id":42002,"href":"https:\/\/diariotextual.com\/inicio\/index.php\/wp-json\/wp\/v2\/posts\/41994\/revisions\/42002"}],"wp:featuredmedia":[{"embeddable":true,"href":"https:\/\/diariotextual.com\/inicio\/index.php\/wp-json\/wp\/v2\/media\/41997"}],"wp:attachment":[{"href":"https:\/\/diariotextual.com\/inicio\/index.php\/wp-json\/wp\/v2\/media?parent=41994"}],"wp:term":[{"taxonomy":"category","embeddable":true,"href":"https:\/\/diariotextual.com\/inicio\/index.php\/wp-json\/wp\/v2\/categories?post=41994"},{"taxonomy":"post_tag","embeddable":true,"href":"https:\/\/diariotextual.com\/inicio\/index.php\/wp-json\/wp\/v2\/tags?post=41994"}],"curies":[{"name":"wp","href":"https:\/\/api.w.org\/{rel}","templated":true}]}}