{"id":42627,"date":"2019-03-21T16:50:00","date_gmt":"2019-03-21T19:50:00","guid":{"rendered":"http:\/\/diariotextual.com\/inicio\/?p=42627"},"modified":"2019-03-21T16:50:00","modified_gmt":"2019-03-21T19:50:00","slug":"ahora-detuvieron-al-expresidente-temer","status":"publish","type":"post","link":"https:\/\/diariotextual.com\/inicio\/index.php\/2019\/03\/21\/ahora-detuvieron-al-expresidente-temer\/","title":{"rendered":"Ahora detuvieron al expresidente Temer"},"content":{"rendered":"<p>Agentes de la polic\u00eda de Brasil <strong>detuvieron este jueves en San Pablo al expresidente Michel Temer<\/strong> por haber formado parte de un esquema de corrupci\u00f3n dentro del Congreso. En el marco de la investigaci\u00f3n del Lava Jato, el Juez Federal de R\u00edo de Janeiro, Marcelo Bretas, emiti\u00f3 la orden con base en la delaci\u00f3n premiada del operador del PMDB Lucio Funaro. Temer, quien termin\u00f3 su mandato este primero de enero, hab\u00eda accedido al Palacio de Planalto tras haber impulsado un proceso de impeachment en el Congreso contra la entonces presidenta Dilma Rousseff.<\/p>\n<p>Seg\u00fan difundi\u00f3 P\u00e1gina\/12<strong>, Temer est\u00e1 siendo trasladado al aeropuerto de Guarulhos, donde va a embarcarse en un vuelo hacia R\u00edo de Janeiro en un avi\u00f3n de la Polic\u00eda Federal. A poco de haber sido detenido, el exmandatario habl\u00f3 por tel\u00e9fono con un periodista de CBN, a quien le dijo que la orden de prisi\u00f3n en su contra \u201ces una barbaridad\u201d.<\/strong><\/p>\n<p>Los investigadores cruzaron la informaci\u00f3n brindada por Funaro con documentos que dan cuenta de transferencias al exterior de dos financistas de ese pa\u00eds, Vinicius Claret Vieira Barreto y Claudio Fernando Barboza de Souza, a las cuentas de Altair Alves Pinto, apuntado como operador del expresidente de la C\u00e1mara de Diputados Eduardo Cuhnha. Altair fue identificado por los financistas como \u201cel hombre de la maleta\u201d que transfer\u00eda dinero a Temer y a Cunha, ya preso por corrupci\u00f3n. Ambos lideraron la propuesta de destituci\u00f3n de la ex mandataria del PT.<\/p>\n<p>En su relato, Funaro cuenta adem\u00e1s que luego de romper su alianza con el gobierno de Dilma, Cunha \u201cpaut\u00f3 y encabez\u00f3 la votaci\u00f3n del juicio pol\u00edtico de la ex presidenta\u201d y que el ex legislador habr\u00eda enviado un mensaje a Funaro preguntando si tendr\u00eda disponibilidad de recursos para poder comprar los votos necesarios de los diputados. El financista no habla de n\u00fameros, pero asegura que ese dinero fue transferido a Cunha, a quien acusa de tramar diariamente el golpe parlamentario contra la representante del PT.<\/p>\n<p>El magistrado solicit\u00f3 tambi\u00e9n el arresto del exministro de Minas y Energ\u00eda Wellington Moreira Franco, un importante colaborador del ex presidente.<\/p>\n<p>La Fiscal\u00eda lleg\u00f3 a solicitar dos veces ante la Corte Suprema la apertura de juicios por corrupci\u00f3n contra Temer pero el Congreso se neg\u00f3 a autorizar los procedimientos, por lo que todas las causas en su contra depend\u00edan de la p\u00e9rdida del fuero privilegiado con el fin de su mandato. Eso ocurri\u00f3 el primero de enero, cuando el ultraderechista Jair Bolsonaro asumi\u00f3 a su cargo.<\/p>\n","protected":false},"excerpt":{"rendered":"<p>Agentes de la polic\u00eda de Brasil detuvieron este jueves en San Pablo al expresidente Michel Temer por haber formado parte de un esquema de corrupci\u00f3n dentro del Congreso. En el&hellip;<\/p>\n","protected":false},"author":3,"featured_media":42631,"comment_status":"closed","ping_status":"open","sticky":false,"template":"","format":"standard","meta":{"_acf_changed":false,"footnotes":""},"categories":[11,7],"tags":[],"class_list":["post-42627","post","type-post","status-publish","format-standard","has-post-thumbnail","hentry","category-que-pasa","category-mundo"],"acf":[],"yoast_head":"<!-- This site is optimized with the Yoast SEO plugin v27.4 - https:\/\/yoast.com\/product\/yoast-seo-wordpress\/ -->\n<title>Ahora detuvieron al expresidente Temer - Diario Textual<\/title>\n<meta name=\"robots\" content=\"index, follow, max-snippet:-1, max-image-preview:large, max-video-preview:-1\" \/>\n<link rel=\"canonical\" href=\"https:\/\/diariotextual.com\/inicio\/index.php\/2019\/03\/21\/ahora-detuvieron-al-expresidente-temer\/\" \/>\n<meta property=\"og:locale\" content=\"es_ES\" \/>\n<meta property=\"og:type\" content=\"article\" \/>\n<meta property=\"og:title\" content=\"Ahora detuvieron al expresidente Temer - Diario Textual\" \/>\n<meta property=\"og:description\" content=\"Agentes de la polic\u00eda de Brasil detuvieron este jueves en San Pablo al expresidente Michel Temer por haber formado parte de un esquema de corrupci\u00f3n dentro del Congreso. En el&hellip;\" \/>\n<meta property=\"og:url\" content=\"https:\/\/diariotextual.com\/inicio\/index.php\/2019\/03\/21\/ahora-detuvieron-al-expresidente-temer\/\" \/>\n<meta property=\"og:site_name\" content=\"Diario Textual\" \/>\n<meta property=\"article:publisher\" content=\"https:\/\/www.facebook.com\/eltextual\" \/>\n<meta property=\"article:published_time\" content=\"2019-03-21T19:50:00+00:00\" \/>\n<meta property=\"og:image\" content=\"https:\/\/diariotextual.com\/inicio\/wp-content\/uploads\/2019\/03\/temermichelbrasil1.jpg\" \/>\n\t<meta property=\"og:image:width\" content=\"1118\" \/>\n\t<meta property=\"og:image:height\" content=\"684\" \/>\n\t<meta property=\"og:image:type\" content=\"image\/jpeg\" \/>\n<meta name=\"author\" content=\"Diario1 Diario1\" \/>\n<meta name=\"twitter:card\" content=\"summary_large_image\" \/>\n<meta name=\"twitter:creator\" content=\"@eltextual\" \/>\n<meta name=\"twitter:site\" content=\"@eltextual\" \/>\n<meta name=\"twitter:label1\" content=\"Escrito por\" \/>\n\t<meta name=\"twitter:data1\" content=\"Diario1 Diario1\" \/>\n\t<meta name=\"twitter:label2\" content=\"Tiempo de lectura\" \/>\n\t<meta name=\"twitter:data2\" content=\"2 minutos\" \/>\n<script type=\"application\/ld+json\" class=\"yoast-schema-graph\">{\"@context\":\"https:\\\/\\\/schema.org\",\"@graph\":[{\"@type\":\"Article\",\"@id\":\"https:\\\/\\\/diariotextual.com\\\/inicio\\\/index.php\\\/2019\\\/03\\\/21\\\/ahora-detuvieron-al-expresidente-temer\\\/#article\",\"isPartOf\":{\"@id\":\"https:\\\/\\\/diariotextual.com\\\/inicio\\\/index.php\\\/2019\\\/03\\\/21\\\/ahora-detuvieron-al-expresidente-temer\\\/\"},\"author\":{\"name\":\"Diario1 Diario1\",\"@id\":\"https:\\\/\\\/diariotextual.com\\\/inicio\\\/#\\\/schema\\\/person\\\/418fc4093c33e86ed41562db3508f958\"},\"headline\":\"Ahora detuvieron al expresidente Temer\",\"datePublished\":\"2019-03-21T19:50:00+00:00\",\"mainEntityOfPage\":{\"@id\":\"https:\\\/\\\/diariotextual.com\\\/inicio\\\/index.php\\\/2019\\\/03\\\/21\\\/ahora-detuvieron-al-expresidente-temer\\\/\"},\"wordCount\":447,\"publisher\":{\"@id\":\"https:\\\/\\\/diariotextual.com\\\/inicio\\\/#organization\"},\"image\":{\"@id\":\"https:\\\/\\\/diariotextual.com\\\/inicio\\\/index.php\\\/2019\\\/03\\\/21\\\/ahora-detuvieron-al-expresidente-temer\\\/#primaryimage\"},\"thumbnailUrl\":\"https:\\\/\\\/diariotextual.com\\\/inicio\\\/wp-content\\\/uploads\\\/2019\\\/03\\\/temermichelbrasil1.jpg\",\"articleSection\":[\"A - QUE PASA (al costado)\",\"MUNDO\"],\"inLanguage\":\"es\"},{\"@type\":\"WebPage\",\"@id\":\"https:\\\/\\\/diariotextual.com\\\/inicio\\\/index.php\\\/2019\\\/03\\\/21\\\/ahora-detuvieron-al-expresidente-temer\\\/\",\"url\":\"https:\\\/\\\/diariotextual.com\\\/inicio\\\/index.php\\\/2019\\\/03\\\/21\\\/ahora-detuvieron-al-expresidente-temer\\\/\",\"name\":\"Ahora detuvieron al expresidente Temer - Diario Textual\",\"isPartOf\":{\"@id\":\"https:\\\/\\\/diariotextual.com\\\/inicio\\\/#website\"},\"primaryImageOfPage\":{\"@id\":\"https:\\\/\\\/diariotextual.com\\\/inicio\\\/index.php\\\/2019\\\/03\\\/21\\\/ahora-detuvieron-al-expresidente-temer\\\/#primaryimage\"},\"image\":{\"@id\":\"https:\\\/\\\/diariotextual.com\\\/inicio\\\/index.php\\\/2019\\\/03\\\/21\\\/ahora-detuvieron-al-expresidente-temer\\\/#primaryimage\"},\"thumbnailUrl\":\"https:\\\/\\\/diariotextual.com\\\/inicio\\\/wp-content\\\/uploads\\\/2019\\\/03\\\/temermichelbrasil1.jpg\",\"datePublished\":\"2019-03-21T19:50:00+00:00\",\"breadcrumb\":{\"@id\":\"https:\\\/\\\/diariotextual.com\\\/inicio\\\/index.php\\\/2019\\\/03\\\/21\\\/ahora-detuvieron-al-expresidente-temer\\\/#breadcrumb\"},\"inLanguage\":\"es\",\"potentialAction\":[{\"@type\":\"ReadAction\",\"target\":[\"https:\\\/\\\/diariotextual.com\\\/inicio\\\/index.php\\\/2019\\\/03\\\/21\\\/ahora-detuvieron-al-expresidente-temer\\\/\"]}]},{\"@type\":\"ImageObject\",\"inLanguage\":\"es\",\"@id\":\"https:\\\/\\\/diariotextual.com\\\/inicio\\\/index.php\\\/2019\\\/03\\\/21\\\/ahora-detuvieron-al-expresidente-temer\\\/#primaryimage\",\"url\":\"https:\\\/\\\/diariotextual.com\\\/inicio\\\/wp-content\\\/uploads\\\/2019\\\/03\\\/temermichelbrasil1.jpg\",\"contentUrl\":\"https:\\\/\\\/diariotextual.com\\\/inicio\\\/wp-content\\\/uploads\\\/2019\\\/03\\\/temermichelbrasil1.jpg\",\"width\":1118,\"height\":684},{\"@type\":\"BreadcrumbList\",\"@id\":\"https:\\\/\\\/diariotextual.com\\\/inicio\\\/index.php\\\/2019\\\/03\\\/21\\\/ahora-detuvieron-al-expresidente-temer\\\/#breadcrumb\",\"itemListElement\":[{\"@type\":\"ListItem\",\"position\":1,\"name\":\"Portada\",\"item\":\"https:\\\/\\\/diariotextual.com\\\/inicio\\\/\"},{\"@type\":\"ListItem\",\"position\":2,\"name\":\"Ahora detuvieron al expresidente Temer\"}]},{\"@type\":\"WebSite\",\"@id\":\"https:\\\/\\\/diariotextual.com\\\/inicio\\\/#website\",\"url\":\"https:\\\/\\\/diariotextual.com\\\/inicio\\\/\",\"name\":\"Diario Textual\",\"description\":\"\",\"publisher\":{\"@id\":\"https:\\\/\\\/diariotextual.com\\\/inicio\\\/#organization\"},\"potentialAction\":[{\"@type\":\"SearchAction\",\"target\":{\"@type\":\"EntryPoint\",\"urlTemplate\":\"https:\\\/\\\/diariotextual.com\\\/inicio\\\/?s={search_term_string}\"},\"query-input\":{\"@type\":\"PropertyValueSpecification\",\"valueRequired\":true,\"valueName\":\"search_term_string\"}}],\"inLanguage\":\"es\"},{\"@type\":\"Organization\",\"@id\":\"https:\\\/\\\/diariotextual.com\\\/inicio\\\/#organization\",\"name\":\"Diario Textual\",\"url\":\"https:\\\/\\\/diariotextual.com\\\/inicio\\\/\",\"logo\":{\"@type\":\"ImageObject\",\"inLanguage\":\"es\",\"@id\":\"https:\\\/\\\/diariotextual.com\\\/inicio\\\/#\\\/schema\\\/logo\\\/image\\\/\",\"url\":\"https:\\\/\\\/diariotextual.com\\\/inicio\\\/wp-content\\\/uploads\\\/2023\\\/05\\\/logotextual1.jpg\",\"contentUrl\":\"https:\\\/\\\/diariotextual.com\\\/inicio\\\/wp-content\\\/uploads\\\/2023\\\/05\\\/logotextual1.jpg\",\"width\":516,\"height\":76,\"caption\":\"Diario Textual\"},\"image\":{\"@id\":\"https:\\\/\\\/diariotextual.com\\\/inicio\\\/#\\\/schema\\\/logo\\\/image\\\/\"},\"sameAs\":[\"https:\\\/\\\/www.facebook.com\\\/eltextual\",\"https:\\\/\\\/x.com\\\/eltextual\",\"http:\\\/\\\/www.instagram.com\\\/eltextual\"]},{\"@type\":\"Person\",\"@id\":\"https:\\\/\\\/diariotextual.com\\\/inicio\\\/#\\\/schema\\\/person\\\/418fc4093c33e86ed41562db3508f958\",\"name\":\"Diario1 Diario1\",\"image\":{\"@type\":\"ImageObject\",\"inLanguage\":\"es\",\"@id\":\"https:\\\/\\\/secure.gravatar.com\\\/avatar\\\/9167d280179c85bc18be67aa7eda765854300033af4896dd779b608640f2ef7a?s=96&d=mm&r=g\",\"url\":\"https:\\\/\\\/secure.gravatar.com\\\/avatar\\\/9167d280179c85bc18be67aa7eda765854300033af4896dd779b608640f2ef7a?s=96&d=mm&r=g\",\"contentUrl\":\"https:\\\/\\\/secure.gravatar.com\\\/avatar\\\/9167d280179c85bc18be67aa7eda765854300033af4896dd779b608640f2ef7a?s=96&d=mm&r=g\",\"caption\":\"Diario1 Diario1\"},\"url\":\"https:\\\/\\\/diariotextual.com\\\/inicio\\\/index.php\\\/author\\\/diario1\\\/\"}]}<\/script>\n<!-- \/ Yoast SEO plugin. -->","yoast_head_json":{"title":"Ahora detuvieron al expresidente Temer - Diario Textual","robots":{"index":"index","follow":"follow","max-snippet":"max-snippet:-1","max-image-preview":"max-image-preview:large","max-video-preview":"max-video-preview:-1"},"canonical":"https:\/\/diariotextual.com\/inicio\/index.php\/2019\/03\/21\/ahora-detuvieron-al-expresidente-temer\/","og_locale":"es_ES","og_type":"article","og_title":"Ahora detuvieron al expresidente Temer - Diario Textual","og_description":"Agentes de la polic\u00eda de Brasil detuvieron este jueves en San Pablo al expresidente Michel Temer por haber formado parte de un esquema de corrupci\u00f3n dentro del Congreso. En el&hellip;","og_url":"https:\/\/diariotextual.com\/inicio\/index.php\/2019\/03\/21\/ahora-detuvieron-al-expresidente-temer\/","og_site_name":"Diario Textual","article_publisher":"https:\/\/www.facebook.com\/eltextual","article_published_time":"2019-03-21T19:50:00+00:00","og_image":[{"width":1118,"height":684,"url":"https:\/\/diariotextual.com\/inicio\/wp-content\/uploads\/2019\/03\/temermichelbrasil1.jpg","type":"image\/jpeg"}],"author":"Diario1 Diario1","twitter_card":"summary_large_image","twitter_creator":"@eltextual","twitter_site":"@eltextual","twitter_misc":{"Escrito por":"Diario1 Diario1","Tiempo de lectura":"2 minutos"},"schema":{"@context":"https:\/\/schema.org","@graph":[{"@type":"Article","@id":"https:\/\/diariotextual.com\/inicio\/index.php\/2019\/03\/21\/ahora-detuvieron-al-expresidente-temer\/#article","isPartOf":{"@id":"https:\/\/diariotextual.com\/inicio\/index.php\/2019\/03\/21\/ahora-detuvieron-al-expresidente-temer\/"},"author":{"name":"Diario1 Diario1","@id":"https:\/\/diariotextual.com\/inicio\/#\/schema\/person\/418fc4093c33e86ed41562db3508f958"},"headline":"Ahora detuvieron al expresidente Temer","datePublished":"2019-03-21T19:50:00+00:00","mainEntityOfPage":{"@id":"https:\/\/diariotextual.com\/inicio\/index.php\/2019\/03\/21\/ahora-detuvieron-al-expresidente-temer\/"},"wordCount":447,"publisher":{"@id":"https:\/\/diariotextual.com\/inicio\/#organization"},"image":{"@id":"https:\/\/diariotextual.com\/inicio\/index.php\/2019\/03\/21\/ahora-detuvieron-al-expresidente-temer\/#primaryimage"},"thumbnailUrl":"https:\/\/diariotextual.com\/inicio\/wp-content\/uploads\/2019\/03\/temermichelbrasil1.jpg","articleSection":["A - QUE PASA (al costado)","MUNDO"],"inLanguage":"es"},{"@type":"WebPage","@id":"https:\/\/diariotextual.com\/inicio\/index.php\/2019\/03\/21\/ahora-detuvieron-al-expresidente-temer\/","url":"https:\/\/diariotextual.com\/inicio\/index.php\/2019\/03\/21\/ahora-detuvieron-al-expresidente-temer\/","name":"Ahora detuvieron al expresidente Temer - Diario Textual","isPartOf":{"@id":"https:\/\/diariotextual.com\/inicio\/#website"},"primaryImageOfPage":{"@id":"https:\/\/diariotextual.com\/inicio\/index.php\/2019\/03\/21\/ahora-detuvieron-al-expresidente-temer\/#primaryimage"},"image":{"@id":"https:\/\/diariotextual.com\/inicio\/index.php\/2019\/03\/21\/ahora-detuvieron-al-expresidente-temer\/#primaryimage"},"thumbnailUrl":"https:\/\/diariotextual.com\/inicio\/wp-content\/uploads\/2019\/03\/temermichelbrasil1.jpg","datePublished":"2019-03-21T19:50:00+00:00","breadcrumb":{"@id":"https:\/\/diariotextual.com\/inicio\/index.php\/2019\/03\/21\/ahora-detuvieron-al-expresidente-temer\/#breadcrumb"},"inLanguage":"es","potentialAction":[{"@type":"ReadAction","target":["https:\/\/diariotextual.com\/inicio\/index.php\/2019\/03\/21\/ahora-detuvieron-al-expresidente-temer\/"]}]},{"@type":"ImageObject","inLanguage":"es","@id":"https:\/\/diariotextual.com\/inicio\/index.php\/2019\/03\/21\/ahora-detuvieron-al-expresidente-temer\/#primaryimage","url":"https:\/\/diariotextual.com\/inicio\/wp-content\/uploads\/2019\/03\/temermichelbrasil1.jpg","contentUrl":"https:\/\/diariotextual.com\/inicio\/wp-content\/uploads\/2019\/03\/temermichelbrasil1.jpg","width":1118,"height":684},{"@type":"BreadcrumbList","@id":"https:\/\/diariotextual.com\/inicio\/index.php\/2019\/03\/21\/ahora-detuvieron-al-expresidente-temer\/#breadcrumb","itemListElement":[{"@type":"ListItem","position":1,"name":"Portada","item":"https:\/\/diariotextual.com\/inicio\/"},{"@type":"ListItem","position":2,"name":"Ahora detuvieron al expresidente Temer"}]},{"@type":"WebSite","@id":"https:\/\/diariotextual.com\/inicio\/#website","url":"https:\/\/diariotextual.com\/inicio\/","name":"Diario Textual","description":"","publisher":{"@id":"https:\/\/diariotextual.com\/inicio\/#organization"},"potentialAction":[{"@type":"SearchAction","target":{"@type":"EntryPoint","urlTemplate":"https:\/\/diariotextual.com\/inicio\/?s={search_term_string}"},"query-input":{"@type":"PropertyValueSpecification","valueRequired":true,"valueName":"search_term_string"}}],"inLanguage":"es"},{"@type":"Organization","@id":"https:\/\/diariotextual.com\/inicio\/#organization","name":"Diario Textual","url":"https:\/\/diariotextual.com\/inicio\/","logo":{"@type":"ImageObject","inLanguage":"es","@id":"https:\/\/diariotextual.com\/inicio\/#\/schema\/logo\/image\/","url":"https:\/\/diariotextual.com\/inicio\/wp-content\/uploads\/2023\/05\/logotextual1.jpg","contentUrl":"https:\/\/diariotextual.com\/inicio\/wp-content\/uploads\/2023\/05\/logotextual1.jpg","width":516,"height":76,"caption":"Diario Textual"},"image":{"@id":"https:\/\/diariotextual.com\/inicio\/#\/schema\/logo\/image\/"},"sameAs":["https:\/\/www.facebook.com\/eltextual","https:\/\/x.com\/eltextual","http:\/\/www.instagram.com\/eltextual"]},{"@type":"Person","@id":"https:\/\/diariotextual.com\/inicio\/#\/schema\/person\/418fc4093c33e86ed41562db3508f958","name":"Diario1 Diario1","image":{"@type":"ImageObject","inLanguage":"es","@id":"https:\/\/secure.gravatar.com\/avatar\/9167d280179c85bc18be67aa7eda765854300033af4896dd779b608640f2ef7a?s=96&d=mm&r=g","url":"https:\/\/secure.gravatar.com\/avatar\/9167d280179c85bc18be67aa7eda765854300033af4896dd779b608640f2ef7a?s=96&d=mm&r=g","contentUrl":"https:\/\/secure.gravatar.com\/avatar\/9167d280179c85bc18be67aa7eda765854300033af4896dd779b608640f2ef7a?s=96&d=mm&r=g","caption":"Diario1 Diario1"},"url":"https:\/\/diariotextual.com\/inicio\/index.php\/author\/diario1\/"}]}},"_links":{"self":[{"href":"https:\/\/diariotextual.com\/inicio\/index.php\/wp-json\/wp\/v2\/posts\/42627","targetHints":{"allow":["GET"]}}],"collection":[{"href":"https:\/\/diariotextual.com\/inicio\/index.php\/wp-json\/wp\/v2\/posts"}],"about":[{"href":"https:\/\/diariotextual.com\/inicio\/index.php\/wp-json\/wp\/v2\/types\/post"}],"author":[{"embeddable":true,"href":"https:\/\/diariotextual.com\/inicio\/index.php\/wp-json\/wp\/v2\/users\/3"}],"replies":[{"embeddable":true,"href":"https:\/\/diariotextual.com\/inicio\/index.php\/wp-json\/wp\/v2\/comments?post=42627"}],"version-history":[{"count":1,"href":"https:\/\/diariotextual.com\/inicio\/index.php\/wp-json\/wp\/v2\/posts\/42627\/revisions"}],"predecessor-version":[{"id":42628,"href":"https:\/\/diariotextual.com\/inicio\/index.php\/wp-json\/wp\/v2\/posts\/42627\/revisions\/42628"}],"wp:featuredmedia":[{"embeddable":true,"href":"https:\/\/diariotextual.com\/inicio\/index.php\/wp-json\/wp\/v2\/media\/42631"}],"wp:attachment":[{"href":"https:\/\/diariotextual.com\/inicio\/index.php\/wp-json\/wp\/v2\/media?parent=42627"}],"wp:term":[{"taxonomy":"category","embeddable":true,"href":"https:\/\/diariotextual.com\/inicio\/index.php\/wp-json\/wp\/v2\/categories?post=42627"},{"taxonomy":"post_tag","embeddable":true,"href":"https:\/\/diariotextual.com\/inicio\/index.php\/wp-json\/wp\/v2\/tags?post=42627"}],"curies":[{"name":"wp","href":"https:\/\/api.w.org\/{rel}","templated":true}]}}