{"id":42873,"date":"2019-03-23T12:07:20","date_gmt":"2019-03-23T15:07:20","guid":{"rendered":"http:\/\/diariotextual.com\/inicio\/?p=42873"},"modified":"2019-03-23T17:33:10","modified_gmt":"2019-03-23T20:33:10","slug":"declararon-fin-del-califato-del-estado-islamico","status":"publish","type":"post","link":"https:\/\/diariotextual.com\/inicio\/index.php\/2019\/03\/23\/declararon-fin-del-califato-del-estado-islamico\/","title":{"rendered":"Declararon el fin del califato del Estado Isl\u00e1mico"},"content":{"rendered":"<p>Las fuerzas militares en Siria respaldadas por Estados Unidos anunciaron hoy que <strong>liberaron el \u00faltimo basti\u00f3n de Estado Isl\u00e1mico en Siria<\/strong> y<strong> declararon as\u00ed el fin del \u00abcalifato\u00bb en Irak y en ese pa\u00eds<\/strong> autoproclamado por el grupo a mediados de 2014.<\/p>\n<p>La recuperaci\u00f3n de la aldea de Baghuz, en el este de Siria, por parte de las Fuerzas Democr\u00e1ticas Sirias (FDS) encabezadas por combatientes kurdos, representa un cierre a una cruenta batalla que se prolong\u00f3 por varias semanas y en la que miles de personas huyeron del territorio y cientos murieron.<\/p>\n<p>\u00abBaghouz es libre y se ha logrado la victoria militar contra Daesh (EI en \u00e1rabe)\u00bb, tuite\u00f3 Mustafa Bali, un portavoz de las FDS.<\/p>\n<blockquote class=\"twitter-tweet\" data-lang=\"es\">\n<p dir=\"ltr\" lang=\"en\">Heavy fighting continues around mount <a href=\"https:\/\/twitter.com\/hashtag\/Baghouz?src=hash&amp;ref_src=twsrc%5Etfw\">#Baghouz<\/a> right now to finish off whatever remains of ISIS. <a href=\"https:\/\/t.co\/l6eHLcWM5h\">pic.twitter.com\/l6eHLcWM5h<\/a><\/p>\n<p>\u2014 Mustafa Bali (@mustefabali) <a href=\"https:\/\/twitter.com\/mustefabali\/status\/1109155634056957952?ref_src=twsrc%5Etfw\">22 de marzo de 2019<\/a><\/p><\/blockquote>\n<p><script async src=\"https:\/\/platform.twitter.com\/widgets.js\" charset=\"utf-8\"><\/script><\/p>\n<p>Para celebrar la victoria, los combatientes de las Fuerzas Democr\u00e1ticas Sirias (FDS), punta de lanza de la lucha antijihadista en Siria, izaron su bandera amarilla en la aldea de Baghuz, donde los extremistas opusieron resistencia hasta el final. Cerca del lugar de la batalla, hombres y mujeres de esa fuerza, en las que predominan los kurdos, bailaban la dabke, una danza tradicional.<\/p>\n<p><strong>La p\u00e9rdida de lo que les quedaba en su \u00faltimo reducto en el este de Siria, cerca de la frontera con Irak, significa el final territorial del EI en Siria, tras su derrota en el pa\u00eds vecino en 2017.<\/strong><\/p>\n<p>La eliminaci\u00f3n del \u00faltimo basti\u00f3n de EI marca el fin del protoestado insurgente, que al momento de su proclamaci\u00f3n como califato ocupaba un territorio del tama\u00f1o de Reino Unido y luego se fue reduciendo, pero el grupo mantiene una dispersa presencia y c\u00e9lulas durmientes de combatientes en esos mismos dos pa\u00edses. Las filiales del grupo Estado Isl\u00e1mico en la Pen\u00ednsula del Sina\u00ed en Egipto, Afganist\u00e1n y otros pa\u00edses siguen siendo una amenaza.<\/p>\n<p>El grupo terrorista, el m\u00e1s brutal de la historia contempor\u00e1nea, hizo reinar el terror con decapitaciones, ejecuciones masivas, raptos y violaciones, muchos de ellos grabados al estilo Hollywood y viralizados en las redes sociales. Su poder se extendi\u00f3 m\u00e1s all\u00e1 de su territorio y el grupo reivindic\u00f3 ataques en otros pa\u00edses \u00e1rabes o asi\u00e1ticos e incluso en Occidente.<\/p>\n<p>La campa\u00f1a para recuperar el territorio de parte de Estados Unidos y sus aliados se ha extendido por cinco a\u00f1os y dos presidencias estadounidenses, arrojado m\u00e1s de 100.000 bombas y cobrado la vida de una enorme cantidad de combatientes y civiles.<\/p>\n<p>\u00abLas FDS anuncian la total eliminaci\u00f3n del supuesto califato y una derrota territorial del EI al 100%\u00bb, declar\u00f3 un portavoz de esa fuerza, Mustefa Bali, en un comunicado.<\/p>\n<p>Los combates, seg\u00fan \u00e9l, fueron encarnizados frente a jihadistas obstinados que al final estaban arrinconados en una peque\u00f1a franja territorial a orillas del r\u00edo \u00c9ufrates, en la provincia de Deir Ezzor.<\/p>\n<p>&nbsp;<\/p>\n<p>&nbsp;<\/p>\n","protected":false},"excerpt":{"rendered":"<p>Las fuerzas militares en Siria respaldadas por Estados Unidos anunciaron hoy que liberaron el \u00faltimo basti\u00f3n de Estado Isl\u00e1mico en Siria y declararon as\u00ed el fin del \u00abcalifato\u00bb en Irak&hellip;<\/p>\n","protected":false},"author":3,"featured_media":42876,"comment_status":"closed","ping_status":"open","sticky":false,"template":"","format":"standard","meta":{"_acf_changed":false,"footnotes":""},"categories":[11,7],"tags":[],"class_list":["post-42873","post","type-post","status-publish","format-standard","has-post-thumbnail","hentry","category-que-pasa","category-mundo"],"acf":[],"yoast_head":"<!-- This site is optimized with the Yoast SEO plugin v27.4 - https:\/\/yoast.com\/product\/yoast-seo-wordpress\/ -->\n<title>Declararon el fin del califato del Estado Isl\u00e1mico - Diario Textual<\/title>\n<meta name=\"robots\" content=\"index, follow, max-snippet:-1, max-image-preview:large, max-video-preview:-1\" \/>\n<link rel=\"canonical\" href=\"https:\/\/diariotextual.com\/inicio\/index.php\/2019\/03\/23\/declararon-fin-del-califato-del-estado-islamico\/\" \/>\n<meta property=\"og:locale\" content=\"es_ES\" \/>\n<meta property=\"og:type\" content=\"article\" \/>\n<meta property=\"og:title\" content=\"Declararon el fin del califato del Estado Isl\u00e1mico - Diario Textual\" \/>\n<meta property=\"og:description\" content=\"Las fuerzas militares en Siria respaldadas por Estados Unidos anunciaron hoy que liberaron el \u00faltimo basti\u00f3n de Estado Isl\u00e1mico en Siria y declararon as\u00ed el fin del \u00abcalifato\u00bb en Irak&hellip;\" \/>\n<meta property=\"og:url\" content=\"https:\/\/diariotextual.com\/inicio\/index.php\/2019\/03\/23\/declararon-fin-del-califato-del-estado-islamico\/\" \/>\n<meta property=\"og:site_name\" content=\"Diario Textual\" \/>\n<meta property=\"article:publisher\" content=\"https:\/\/www.facebook.com\/eltextual\" \/>\n<meta property=\"article:published_time\" content=\"2019-03-23T15:07:20+00:00\" \/>\n<meta property=\"article:modified_time\" content=\"2019-03-23T20:33:10+00:00\" \/>\n<meta property=\"og:image\" content=\"https:\/\/diariotextual.com\/inicio\/wp-content\/uploads\/2019\/03\/siriaestadoislamicofuerzaskurdas2019-2.jpg\" \/>\n\t<meta property=\"og:image:width\" content=\"640\" \/>\n\t<meta property=\"og:image:height\" content=\"427\" \/>\n\t<meta property=\"og:image:type\" content=\"image\/jpeg\" \/>\n<meta name=\"author\" content=\"Diario1 Diario1\" \/>\n<meta name=\"twitter:card\" content=\"summary_large_image\" \/>\n<meta name=\"twitter:creator\" content=\"@eltextual\" \/>\n<meta name=\"twitter:site\" content=\"@eltextual\" \/>\n<meta name=\"twitter:label1\" content=\"Escrito por\" \/>\n\t<meta name=\"twitter:data1\" content=\"Diario1 Diario1\" \/>\n\t<meta name=\"twitter:label2\" content=\"Tiempo de lectura\" \/>\n\t<meta name=\"twitter:data2\" content=\"3 minutos\" \/>\n<script type=\"application\/ld+json\" class=\"yoast-schema-graph\">{\"@context\":\"https:\\\/\\\/schema.org\",\"@graph\":[{\"@type\":\"Article\",\"@id\":\"https:\\\/\\\/diariotextual.com\\\/inicio\\\/index.php\\\/2019\\\/03\\\/23\\\/declararon-fin-del-califato-del-estado-islamico\\\/#article\",\"isPartOf\":{\"@id\":\"https:\\\/\\\/diariotextual.com\\\/inicio\\\/index.php\\\/2019\\\/03\\\/23\\\/declararon-fin-del-califato-del-estado-islamico\\\/\"},\"author\":{\"name\":\"Diario1 Diario1\",\"@id\":\"https:\\\/\\\/diariotextual.com\\\/inicio\\\/#\\\/schema\\\/person\\\/418fc4093c33e86ed41562db3508f958\"},\"headline\":\"Declararon el fin del califato del Estado Isl\u00e1mico\",\"datePublished\":\"2019-03-23T15:07:20+00:00\",\"dateModified\":\"2019-03-23T20:33:10+00:00\",\"mainEntityOfPage\":{\"@id\":\"https:\\\/\\\/diariotextual.com\\\/inicio\\\/index.php\\\/2019\\\/03\\\/23\\\/declararon-fin-del-califato-del-estado-islamico\\\/\"},\"wordCount\":510,\"publisher\":{\"@id\":\"https:\\\/\\\/diariotextual.com\\\/inicio\\\/#organization\"},\"image\":{\"@id\":\"https:\\\/\\\/diariotextual.com\\\/inicio\\\/index.php\\\/2019\\\/03\\\/23\\\/declararon-fin-del-califato-del-estado-islamico\\\/#primaryimage\"},\"thumbnailUrl\":\"https:\\\/\\\/diariotextual.com\\\/inicio\\\/wp-content\\\/uploads\\\/2019\\\/03\\\/siriaestadoislamicofuerzaskurdas2019-2.jpg\",\"articleSection\":[\"A - QUE PASA (al costado)\",\"MUNDO\"],\"inLanguage\":\"es\"},{\"@type\":\"WebPage\",\"@id\":\"https:\\\/\\\/diariotextual.com\\\/inicio\\\/index.php\\\/2019\\\/03\\\/23\\\/declararon-fin-del-califato-del-estado-islamico\\\/\",\"url\":\"https:\\\/\\\/diariotextual.com\\\/inicio\\\/index.php\\\/2019\\\/03\\\/23\\\/declararon-fin-del-califato-del-estado-islamico\\\/\",\"name\":\"Declararon el fin del califato del Estado Isl\u00e1mico - Diario Textual\",\"isPartOf\":{\"@id\":\"https:\\\/\\\/diariotextual.com\\\/inicio\\\/#website\"},\"primaryImageOfPage\":{\"@id\":\"https:\\\/\\\/diariotextual.com\\\/inicio\\\/index.php\\\/2019\\\/03\\\/23\\\/declararon-fin-del-califato-del-estado-islamico\\\/#primaryimage\"},\"image\":{\"@id\":\"https:\\\/\\\/diariotextual.com\\\/inicio\\\/index.php\\\/2019\\\/03\\\/23\\\/declararon-fin-del-califato-del-estado-islamico\\\/#primaryimage\"},\"thumbnailUrl\":\"https:\\\/\\\/diariotextual.com\\\/inicio\\\/wp-content\\\/uploads\\\/2019\\\/03\\\/siriaestadoislamicofuerzaskurdas2019-2.jpg\",\"datePublished\":\"2019-03-23T15:07:20+00:00\",\"dateModified\":\"2019-03-23T20:33:10+00:00\",\"breadcrumb\":{\"@id\":\"https:\\\/\\\/diariotextual.com\\\/inicio\\\/index.php\\\/2019\\\/03\\\/23\\\/declararon-fin-del-califato-del-estado-islamico\\\/#breadcrumb\"},\"inLanguage\":\"es\",\"potentialAction\":[{\"@type\":\"ReadAction\",\"target\":[\"https:\\\/\\\/diariotextual.com\\\/inicio\\\/index.php\\\/2019\\\/03\\\/23\\\/declararon-fin-del-califato-del-estado-islamico\\\/\"]}]},{\"@type\":\"ImageObject\",\"inLanguage\":\"es\",\"@id\":\"https:\\\/\\\/diariotextual.com\\\/inicio\\\/index.php\\\/2019\\\/03\\\/23\\\/declararon-fin-del-califato-del-estado-islamico\\\/#primaryimage\",\"url\":\"https:\\\/\\\/diariotextual.com\\\/inicio\\\/wp-content\\\/uploads\\\/2019\\\/03\\\/siriaestadoislamicofuerzaskurdas2019-2.jpg\",\"contentUrl\":\"https:\\\/\\\/diariotextual.com\\\/inicio\\\/wp-content\\\/uploads\\\/2019\\\/03\\\/siriaestadoislamicofuerzaskurdas2019-2.jpg\",\"width\":640,\"height\":427},{\"@type\":\"BreadcrumbList\",\"@id\":\"https:\\\/\\\/diariotextual.com\\\/inicio\\\/index.php\\\/2019\\\/03\\\/23\\\/declararon-fin-del-califato-del-estado-islamico\\\/#breadcrumb\",\"itemListElement\":[{\"@type\":\"ListItem\",\"position\":1,\"name\":\"Portada\",\"item\":\"https:\\\/\\\/diariotextual.com\\\/inicio\\\/\"},{\"@type\":\"ListItem\",\"position\":2,\"name\":\"Declararon el fin del califato del Estado Isl\u00e1mico\"}]},{\"@type\":\"WebSite\",\"@id\":\"https:\\\/\\\/diariotextual.com\\\/inicio\\\/#website\",\"url\":\"https:\\\/\\\/diariotextual.com\\\/inicio\\\/\",\"name\":\"Diario Textual\",\"description\":\"\",\"publisher\":{\"@id\":\"https:\\\/\\\/diariotextual.com\\\/inicio\\\/#organization\"},\"potentialAction\":[{\"@type\":\"SearchAction\",\"target\":{\"@type\":\"EntryPoint\",\"urlTemplate\":\"https:\\\/\\\/diariotextual.com\\\/inicio\\\/?s={search_term_string}\"},\"query-input\":{\"@type\":\"PropertyValueSpecification\",\"valueRequired\":true,\"valueName\":\"search_term_string\"}}],\"inLanguage\":\"es\"},{\"@type\":\"Organization\",\"@id\":\"https:\\\/\\\/diariotextual.com\\\/inicio\\\/#organization\",\"name\":\"Diario Textual\",\"url\":\"https:\\\/\\\/diariotextual.com\\\/inicio\\\/\",\"logo\":{\"@type\":\"ImageObject\",\"inLanguage\":\"es\",\"@id\":\"https:\\\/\\\/diariotextual.com\\\/inicio\\\/#\\\/schema\\\/logo\\\/image\\\/\",\"url\":\"https:\\\/\\\/diariotextual.com\\\/inicio\\\/wp-content\\\/uploads\\\/2023\\\/05\\\/logotextual1.jpg\",\"contentUrl\":\"https:\\\/\\\/diariotextual.com\\\/inicio\\\/wp-content\\\/uploads\\\/2023\\\/05\\\/logotextual1.jpg\",\"width\":516,\"height\":76,\"caption\":\"Diario Textual\"},\"image\":{\"@id\":\"https:\\\/\\\/diariotextual.com\\\/inicio\\\/#\\\/schema\\\/logo\\\/image\\\/\"},\"sameAs\":[\"https:\\\/\\\/www.facebook.com\\\/eltextual\",\"https:\\\/\\\/x.com\\\/eltextual\",\"http:\\\/\\\/www.instagram.com\\\/eltextual\"]},{\"@type\":\"Person\",\"@id\":\"https:\\\/\\\/diariotextual.com\\\/inicio\\\/#\\\/schema\\\/person\\\/418fc4093c33e86ed41562db3508f958\",\"name\":\"Diario1 Diario1\",\"image\":{\"@type\":\"ImageObject\",\"inLanguage\":\"es\",\"@id\":\"https:\\\/\\\/secure.gravatar.com\\\/avatar\\\/9167d280179c85bc18be67aa7eda765854300033af4896dd779b608640f2ef7a?s=96&d=mm&r=g\",\"url\":\"https:\\\/\\\/secure.gravatar.com\\\/avatar\\\/9167d280179c85bc18be67aa7eda765854300033af4896dd779b608640f2ef7a?s=96&d=mm&r=g\",\"contentUrl\":\"https:\\\/\\\/secure.gravatar.com\\\/avatar\\\/9167d280179c85bc18be67aa7eda765854300033af4896dd779b608640f2ef7a?s=96&d=mm&r=g\",\"caption\":\"Diario1 Diario1\"},\"url\":\"https:\\\/\\\/diariotextual.com\\\/inicio\\\/index.php\\\/author\\\/diario1\\\/\"}]}<\/script>\n<!-- \/ Yoast SEO plugin. -->","yoast_head_json":{"title":"Declararon el fin del califato del Estado Isl\u00e1mico - Diario Textual","robots":{"index":"index","follow":"follow","max-snippet":"max-snippet:-1","max-image-preview":"max-image-preview:large","max-video-preview":"max-video-preview:-1"},"canonical":"https:\/\/diariotextual.com\/inicio\/index.php\/2019\/03\/23\/declararon-fin-del-califato-del-estado-islamico\/","og_locale":"es_ES","og_type":"article","og_title":"Declararon el fin del califato del Estado Isl\u00e1mico - Diario Textual","og_description":"Las fuerzas militares en Siria respaldadas por Estados Unidos anunciaron hoy que liberaron el \u00faltimo basti\u00f3n de Estado Isl\u00e1mico en Siria y declararon as\u00ed el fin del \u00abcalifato\u00bb en Irak&hellip;","og_url":"https:\/\/diariotextual.com\/inicio\/index.php\/2019\/03\/23\/declararon-fin-del-califato-del-estado-islamico\/","og_site_name":"Diario Textual","article_publisher":"https:\/\/www.facebook.com\/eltextual","article_published_time":"2019-03-23T15:07:20+00:00","article_modified_time":"2019-03-23T20:33:10+00:00","og_image":[{"width":640,"height":427,"url":"https:\/\/diariotextual.com\/inicio\/wp-content\/uploads\/2019\/03\/siriaestadoislamicofuerzaskurdas2019-2.jpg","type":"image\/jpeg"}],"author":"Diario1 Diario1","twitter_card":"summary_large_image","twitter_creator":"@eltextual","twitter_site":"@eltextual","twitter_misc":{"Escrito por":"Diario1 Diario1","Tiempo de lectura":"3 minutos"},"schema":{"@context":"https:\/\/schema.org","@graph":[{"@type":"Article","@id":"https:\/\/diariotextual.com\/inicio\/index.php\/2019\/03\/23\/declararon-fin-del-califato-del-estado-islamico\/#article","isPartOf":{"@id":"https:\/\/diariotextual.com\/inicio\/index.php\/2019\/03\/23\/declararon-fin-del-califato-del-estado-islamico\/"},"author":{"name":"Diario1 Diario1","@id":"https:\/\/diariotextual.com\/inicio\/#\/schema\/person\/418fc4093c33e86ed41562db3508f958"},"headline":"Declararon el fin del califato del Estado Isl\u00e1mico","datePublished":"2019-03-23T15:07:20+00:00","dateModified":"2019-03-23T20:33:10+00:00","mainEntityOfPage":{"@id":"https:\/\/diariotextual.com\/inicio\/index.php\/2019\/03\/23\/declararon-fin-del-califato-del-estado-islamico\/"},"wordCount":510,"publisher":{"@id":"https:\/\/diariotextual.com\/inicio\/#organization"},"image":{"@id":"https:\/\/diariotextual.com\/inicio\/index.php\/2019\/03\/23\/declararon-fin-del-califato-del-estado-islamico\/#primaryimage"},"thumbnailUrl":"https:\/\/diariotextual.com\/inicio\/wp-content\/uploads\/2019\/03\/siriaestadoislamicofuerzaskurdas2019-2.jpg","articleSection":["A - QUE PASA (al costado)","MUNDO"],"inLanguage":"es"},{"@type":"WebPage","@id":"https:\/\/diariotextual.com\/inicio\/index.php\/2019\/03\/23\/declararon-fin-del-califato-del-estado-islamico\/","url":"https:\/\/diariotextual.com\/inicio\/index.php\/2019\/03\/23\/declararon-fin-del-califato-del-estado-islamico\/","name":"Declararon el fin del califato del Estado Isl\u00e1mico - Diario Textual","isPartOf":{"@id":"https:\/\/diariotextual.com\/inicio\/#website"},"primaryImageOfPage":{"@id":"https:\/\/diariotextual.com\/inicio\/index.php\/2019\/03\/23\/declararon-fin-del-califato-del-estado-islamico\/#primaryimage"},"image":{"@id":"https:\/\/diariotextual.com\/inicio\/index.php\/2019\/03\/23\/declararon-fin-del-califato-del-estado-islamico\/#primaryimage"},"thumbnailUrl":"https:\/\/diariotextual.com\/inicio\/wp-content\/uploads\/2019\/03\/siriaestadoislamicofuerzaskurdas2019-2.jpg","datePublished":"2019-03-23T15:07:20+00:00","dateModified":"2019-03-23T20:33:10+00:00","breadcrumb":{"@id":"https:\/\/diariotextual.com\/inicio\/index.php\/2019\/03\/23\/declararon-fin-del-califato-del-estado-islamico\/#breadcrumb"},"inLanguage":"es","potentialAction":[{"@type":"ReadAction","target":["https:\/\/diariotextual.com\/inicio\/index.php\/2019\/03\/23\/declararon-fin-del-califato-del-estado-islamico\/"]}]},{"@type":"ImageObject","inLanguage":"es","@id":"https:\/\/diariotextual.com\/inicio\/index.php\/2019\/03\/23\/declararon-fin-del-califato-del-estado-islamico\/#primaryimage","url":"https:\/\/diariotextual.com\/inicio\/wp-content\/uploads\/2019\/03\/siriaestadoislamicofuerzaskurdas2019-2.jpg","contentUrl":"https:\/\/diariotextual.com\/inicio\/wp-content\/uploads\/2019\/03\/siriaestadoislamicofuerzaskurdas2019-2.jpg","width":640,"height":427},{"@type":"BreadcrumbList","@id":"https:\/\/diariotextual.com\/inicio\/index.php\/2019\/03\/23\/declararon-fin-del-califato-del-estado-islamico\/#breadcrumb","itemListElement":[{"@type":"ListItem","position":1,"name":"Portada","item":"https:\/\/diariotextual.com\/inicio\/"},{"@type":"ListItem","position":2,"name":"Declararon el fin del califato del Estado Isl\u00e1mico"}]},{"@type":"WebSite","@id":"https:\/\/diariotextual.com\/inicio\/#website","url":"https:\/\/diariotextual.com\/inicio\/","name":"Diario Textual","description":"","publisher":{"@id":"https:\/\/diariotextual.com\/inicio\/#organization"},"potentialAction":[{"@type":"SearchAction","target":{"@type":"EntryPoint","urlTemplate":"https:\/\/diariotextual.com\/inicio\/?s={search_term_string}"},"query-input":{"@type":"PropertyValueSpecification","valueRequired":true,"valueName":"search_term_string"}}],"inLanguage":"es"},{"@type":"Organization","@id":"https:\/\/diariotextual.com\/inicio\/#organization","name":"Diario Textual","url":"https:\/\/diariotextual.com\/inicio\/","logo":{"@type":"ImageObject","inLanguage":"es","@id":"https:\/\/diariotextual.com\/inicio\/#\/schema\/logo\/image\/","url":"https:\/\/diariotextual.com\/inicio\/wp-content\/uploads\/2023\/05\/logotextual1.jpg","contentUrl":"https:\/\/diariotextual.com\/inicio\/wp-content\/uploads\/2023\/05\/logotextual1.jpg","width":516,"height":76,"caption":"Diario Textual"},"image":{"@id":"https:\/\/diariotextual.com\/inicio\/#\/schema\/logo\/image\/"},"sameAs":["https:\/\/www.facebook.com\/eltextual","https:\/\/x.com\/eltextual","http:\/\/www.instagram.com\/eltextual"]},{"@type":"Person","@id":"https:\/\/diariotextual.com\/inicio\/#\/schema\/person\/418fc4093c33e86ed41562db3508f958","name":"Diario1 Diario1","image":{"@type":"ImageObject","inLanguage":"es","@id":"https:\/\/secure.gravatar.com\/avatar\/9167d280179c85bc18be67aa7eda765854300033af4896dd779b608640f2ef7a?s=96&d=mm&r=g","url":"https:\/\/secure.gravatar.com\/avatar\/9167d280179c85bc18be67aa7eda765854300033af4896dd779b608640f2ef7a?s=96&d=mm&r=g","contentUrl":"https:\/\/secure.gravatar.com\/avatar\/9167d280179c85bc18be67aa7eda765854300033af4896dd779b608640f2ef7a?s=96&d=mm&r=g","caption":"Diario1 Diario1"},"url":"https:\/\/diariotextual.com\/inicio\/index.php\/author\/diario1\/"}]}},"_links":{"self":[{"href":"https:\/\/diariotextual.com\/inicio\/index.php\/wp-json\/wp\/v2\/posts\/42873","targetHints":{"allow":["GET"]}}],"collection":[{"href":"https:\/\/diariotextual.com\/inicio\/index.php\/wp-json\/wp\/v2\/posts"}],"about":[{"href":"https:\/\/diariotextual.com\/inicio\/index.php\/wp-json\/wp\/v2\/types\/post"}],"author":[{"embeddable":true,"href":"https:\/\/diariotextual.com\/inicio\/index.php\/wp-json\/wp\/v2\/users\/3"}],"replies":[{"embeddable":true,"href":"https:\/\/diariotextual.com\/inicio\/index.php\/wp-json\/wp\/v2\/comments?post=42873"}],"version-history":[{"count":2,"href":"https:\/\/diariotextual.com\/inicio\/index.php\/wp-json\/wp\/v2\/posts\/42873\/revisions"}],"predecessor-version":[{"id":42875,"href":"https:\/\/diariotextual.com\/inicio\/index.php\/wp-json\/wp\/v2\/posts\/42873\/revisions\/42875"}],"wp:featuredmedia":[{"embeddable":true,"href":"https:\/\/diariotextual.com\/inicio\/index.php\/wp-json\/wp\/v2\/media\/42876"}],"wp:attachment":[{"href":"https:\/\/diariotextual.com\/inicio\/index.php\/wp-json\/wp\/v2\/media?parent=42873"}],"wp:term":[{"taxonomy":"category","embeddable":true,"href":"https:\/\/diariotextual.com\/inicio\/index.php\/wp-json\/wp\/v2\/categories?post=42873"},{"taxonomy":"post_tag","embeddable":true,"href":"https:\/\/diariotextual.com\/inicio\/index.php\/wp-json\/wp\/v2\/tags?post=42873"}],"curies":[{"name":"wp","href":"https:\/\/api.w.org\/{rel}","templated":true}]}}