{"id":43193,"date":"2019-03-25T17:07:24","date_gmt":"2019-03-25T20:07:24","guid":{"rendered":"http:\/\/diariotextual.com\/inicio\/?p=43193"},"modified":"2019-03-26T06:42:44","modified_gmt":"2019-03-26T09:42:44","slug":"juez-ordeno-liberar-al-expresidente-temer","status":"publish","type":"post","link":"https:\/\/diariotextual.com\/inicio\/index.php\/2019\/03\/25\/juez-ordeno-liberar-al-expresidente-temer\/","title":{"rendered":"Juez orden\u00f3 liberar al expresidente Temer"},"content":{"rendered":"<p>El juez Ivan Athi\u00e9, del Tribunal Regional Federal II de R\u00edo de Janeiro, orden\u00f3 <strong>la excarcelaci\u00f3n del expresidente Michel Temer, detenido desde la semana pasada acusado de corrupci\u00f3n<\/strong>, inform\u00f3 la prensa local.<\/p>\n<p><!--more--><\/p>\n<p>El expresidente se encontraba alojado en la Superintendencia de la Polic\u00eda Federal de ese estado. Temer, l\u00edder hist\u00f3rico del Movimiento de la Democracia Brasile\u00f1a (MDB), fue presidente entre 2016 y 2018 luego de haber sido vicepresidente de Dilma Rousseff, cuya destituci\u00f3n apoy\u00f3 mediante un juicio pol\u00edtico.<\/p>\n<p>Seg\u00fan <strong>la fiscal\u00eda de R\u00edo de Janeiro, Temer hab\u00eda participado de los desv\u00edos de contratos por unos 500 millones de d\u00f3lares<\/strong>. El juez Bretas considera que Temer desvi\u00f3 esos contratos mediante la intervenci\u00f3n de su amigo personal Joao Lima, considerado su testaferro, que fue socio de la empresa Engevix en el negocio de la central nuclear.<\/p>\n<p>El magistrado cedi\u00f3 al pedido de la defensa, evit\u00f3 el env\u00edo de Temer a un presidio y lo mantuvo en una sala con heladera y sillones en la sede de la Polic\u00eda Federal de R\u00edo.<\/p>\n<p>Temer no fue el \u00fanico ex presidente brasile\u00f1o que pas\u00f3 la noche del jueves en prisi\u00f3n, debido a que Luiz In\u00e1cio Lula Da Silva est\u00e1 detenido desde el 7 de abril de 2018 en Curitiba, donde cumple una condena a 12 a\u00f1os y un mes de encierro por haber recibido supuestamente un departamento por parte de una empresa constructora.<\/p>\n<p>Hoy, <strong>Lula emiti\u00f3 una declaraci\u00f3n desde su lugar de detenci\u00f3n en la que afirm\u00f3 que \u00abnadie puede ser detenido sin el debido proceso legal\u00bb, y acus\u00f3 a los miembros de la Operaci\u00f3n Lava Jato de utilizar \u00abpirotecnia\u00bb<\/strong> jur\u00eddica y montar un \u00abespect\u00e1culo\u00bb para el arresto de Temer.<\/p>\n<p>\u00ab<strong>Instituciones poderosas como el Ministerio P\u00fablico y la Polic\u00eda Federal no pueden hacer espect\u00e1culo<\/strong>. Sea Temer o sea Lula. Sea Fernando Henrique Cardoso o sea (Jair) Bolsonaro. Nadie puede ser detenido sin el debido proceso legal\u00bb, sostuvo Lula.<\/p>\n<p>\u00ab<strong>Lava Jato intenta desviar el foco de su falta de credibilidad por el fondo de 2.500 millones de reales que negoci\u00f3 con Estados Unidos<\/strong>. Los investigadores no necesitan pirotecnia sino sobriedad\u00bb, a\u00f1adi\u00f3 Lula en sus redes sociales. El mensaje fue escrito durante la visita que le hicieron a su lugar de detenci\u00f3n integrantes del movimiento Jueces por la Democracia.<\/p>\n<p>Ocho jueces y tres camaristas cuestionaron la legitimidad de la condena dictada contra Lula da Silva por Sergio Moro, hoy ministro de Justicia del presidente Bolsonaro.<\/p>\n","protected":false},"excerpt":{"rendered":"<p>El juez Ivan Athi\u00e9, del Tribunal Regional Federal II de R\u00edo de Janeiro, orden\u00f3 la excarcelaci\u00f3n del expresidente Michel Temer, detenido desde la semana pasada acusado de corrupci\u00f3n, inform\u00f3 la&hellip;<\/p>\n","protected":false},"author":5,"featured_media":42631,"comment_status":"closed","ping_status":"open","sticky":false,"template":"","format":"standard","meta":{"_acf_changed":false,"footnotes":""},"categories":[11,7],"tags":[],"class_list":["post-43193","post","type-post","status-publish","format-standard","has-post-thumbnail","hentry","category-que-pasa","category-mundo"],"acf":[],"yoast_head":"<!-- This site is optimized with the Yoast SEO plugin v27.4 - https:\/\/yoast.com\/product\/yoast-seo-wordpress\/ -->\n<title>Juez orden\u00f3 liberar al expresidente Temer - Diario Textual<\/title>\n<meta name=\"robots\" content=\"index, follow, max-snippet:-1, max-image-preview:large, max-video-preview:-1\" \/>\n<link rel=\"canonical\" href=\"https:\/\/diariotextual.com\/inicio\/index.php\/2019\/03\/25\/juez-ordeno-liberar-al-expresidente-temer\/\" \/>\n<meta property=\"og:locale\" content=\"es_ES\" \/>\n<meta property=\"og:type\" content=\"article\" \/>\n<meta property=\"og:title\" content=\"Juez orden\u00f3 liberar al expresidente Temer - Diario Textual\" \/>\n<meta property=\"og:description\" content=\"El juez Ivan Athi\u00e9, del Tribunal Regional Federal II de R\u00edo de Janeiro, orden\u00f3 la excarcelaci\u00f3n del expresidente Michel Temer, detenido desde la semana pasada acusado de corrupci\u00f3n, inform\u00f3 la&hellip;\" \/>\n<meta property=\"og:url\" content=\"https:\/\/diariotextual.com\/inicio\/index.php\/2019\/03\/25\/juez-ordeno-liberar-al-expresidente-temer\/\" \/>\n<meta property=\"og:site_name\" content=\"Diario Textual\" \/>\n<meta property=\"article:publisher\" content=\"https:\/\/www.facebook.com\/eltextual\" \/>\n<meta property=\"article:published_time\" content=\"2019-03-25T20:07:24+00:00\" \/>\n<meta property=\"article:modified_time\" content=\"2019-03-26T09:42:44+00:00\" \/>\n<meta property=\"og:image\" content=\"https:\/\/diariotextual.com\/inicio\/wp-content\/uploads\/2019\/03\/temermichelbrasil1.jpg\" \/>\n\t<meta property=\"og:image:width\" content=\"1118\" \/>\n\t<meta property=\"og:image:height\" content=\"684\" \/>\n\t<meta property=\"og:image:type\" content=\"image\/jpeg\" \/>\n<meta name=\"author\" content=\"diario3\" \/>\n<meta name=\"twitter:card\" content=\"summary_large_image\" \/>\n<meta name=\"twitter:creator\" content=\"@eltextual\" \/>\n<meta name=\"twitter:site\" content=\"@eltextual\" \/>\n<meta name=\"twitter:label1\" content=\"Escrito por\" \/>\n\t<meta name=\"twitter:data1\" content=\"diario3\" \/>\n\t<meta name=\"twitter:label2\" content=\"Tiempo de lectura\" \/>\n\t<meta name=\"twitter:data2\" content=\"2 minutos\" \/>\n<script type=\"application\/ld+json\" class=\"yoast-schema-graph\">{\"@context\":\"https:\\\/\\\/schema.org\",\"@graph\":[{\"@type\":\"Article\",\"@id\":\"https:\\\/\\\/diariotextual.com\\\/inicio\\\/index.php\\\/2019\\\/03\\\/25\\\/juez-ordeno-liberar-al-expresidente-temer\\\/#article\",\"isPartOf\":{\"@id\":\"https:\\\/\\\/diariotextual.com\\\/inicio\\\/index.php\\\/2019\\\/03\\\/25\\\/juez-ordeno-liberar-al-expresidente-temer\\\/\"},\"author\":{\"name\":\"diario3\",\"@id\":\"https:\\\/\\\/diariotextual.com\\\/inicio\\\/#\\\/schema\\\/person\\\/a1b6f563e0ee944c60f98119389a4d9f\"},\"headline\":\"Juez orden\u00f3 liberar al expresidente Temer\",\"datePublished\":\"2019-03-25T20:07:24+00:00\",\"dateModified\":\"2019-03-26T09:42:44+00:00\",\"mainEntityOfPage\":{\"@id\":\"https:\\\/\\\/diariotextual.com\\\/inicio\\\/index.php\\\/2019\\\/03\\\/25\\\/juez-ordeno-liberar-al-expresidente-temer\\\/\"},\"wordCount\":430,\"publisher\":{\"@id\":\"https:\\\/\\\/diariotextual.com\\\/inicio\\\/#organization\"},\"image\":{\"@id\":\"https:\\\/\\\/diariotextual.com\\\/inicio\\\/index.php\\\/2019\\\/03\\\/25\\\/juez-ordeno-liberar-al-expresidente-temer\\\/#primaryimage\"},\"thumbnailUrl\":\"https:\\\/\\\/diariotextual.com\\\/inicio\\\/wp-content\\\/uploads\\\/2019\\\/03\\\/temermichelbrasil1.jpg\",\"articleSection\":[\"A - QUE PASA (al costado)\",\"MUNDO\"],\"inLanguage\":\"es\"},{\"@type\":\"WebPage\",\"@id\":\"https:\\\/\\\/diariotextual.com\\\/inicio\\\/index.php\\\/2019\\\/03\\\/25\\\/juez-ordeno-liberar-al-expresidente-temer\\\/\",\"url\":\"https:\\\/\\\/diariotextual.com\\\/inicio\\\/index.php\\\/2019\\\/03\\\/25\\\/juez-ordeno-liberar-al-expresidente-temer\\\/\",\"name\":\"Juez orden\u00f3 liberar al expresidente Temer - Diario Textual\",\"isPartOf\":{\"@id\":\"https:\\\/\\\/diariotextual.com\\\/inicio\\\/#website\"},\"primaryImageOfPage\":{\"@id\":\"https:\\\/\\\/diariotextual.com\\\/inicio\\\/index.php\\\/2019\\\/03\\\/25\\\/juez-ordeno-liberar-al-expresidente-temer\\\/#primaryimage\"},\"image\":{\"@id\":\"https:\\\/\\\/diariotextual.com\\\/inicio\\\/index.php\\\/2019\\\/03\\\/25\\\/juez-ordeno-liberar-al-expresidente-temer\\\/#primaryimage\"},\"thumbnailUrl\":\"https:\\\/\\\/diariotextual.com\\\/inicio\\\/wp-content\\\/uploads\\\/2019\\\/03\\\/temermichelbrasil1.jpg\",\"datePublished\":\"2019-03-25T20:07:24+00:00\",\"dateModified\":\"2019-03-26T09:42:44+00:00\",\"breadcrumb\":{\"@id\":\"https:\\\/\\\/diariotextual.com\\\/inicio\\\/index.php\\\/2019\\\/03\\\/25\\\/juez-ordeno-liberar-al-expresidente-temer\\\/#breadcrumb\"},\"inLanguage\":\"es\",\"potentialAction\":[{\"@type\":\"ReadAction\",\"target\":[\"https:\\\/\\\/diariotextual.com\\\/inicio\\\/index.php\\\/2019\\\/03\\\/25\\\/juez-ordeno-liberar-al-expresidente-temer\\\/\"]}]},{\"@type\":\"ImageObject\",\"inLanguage\":\"es\",\"@id\":\"https:\\\/\\\/diariotextual.com\\\/inicio\\\/index.php\\\/2019\\\/03\\\/25\\\/juez-ordeno-liberar-al-expresidente-temer\\\/#primaryimage\",\"url\":\"https:\\\/\\\/diariotextual.com\\\/inicio\\\/wp-content\\\/uploads\\\/2019\\\/03\\\/temermichelbrasil1.jpg\",\"contentUrl\":\"https:\\\/\\\/diariotextual.com\\\/inicio\\\/wp-content\\\/uploads\\\/2019\\\/03\\\/temermichelbrasil1.jpg\",\"width\":1118,\"height\":684},{\"@type\":\"BreadcrumbList\",\"@id\":\"https:\\\/\\\/diariotextual.com\\\/inicio\\\/index.php\\\/2019\\\/03\\\/25\\\/juez-ordeno-liberar-al-expresidente-temer\\\/#breadcrumb\",\"itemListElement\":[{\"@type\":\"ListItem\",\"position\":1,\"name\":\"Portada\",\"item\":\"https:\\\/\\\/diariotextual.com\\\/inicio\\\/\"},{\"@type\":\"ListItem\",\"position\":2,\"name\":\"Juez orden\u00f3 liberar al expresidente Temer\"}]},{\"@type\":\"WebSite\",\"@id\":\"https:\\\/\\\/diariotextual.com\\\/inicio\\\/#website\",\"url\":\"https:\\\/\\\/diariotextual.com\\\/inicio\\\/\",\"name\":\"Diario Textual\",\"description\":\"\",\"publisher\":{\"@id\":\"https:\\\/\\\/diariotextual.com\\\/inicio\\\/#organization\"},\"potentialAction\":[{\"@type\":\"SearchAction\",\"target\":{\"@type\":\"EntryPoint\",\"urlTemplate\":\"https:\\\/\\\/diariotextual.com\\\/inicio\\\/?s={search_term_string}\"},\"query-input\":{\"@type\":\"PropertyValueSpecification\",\"valueRequired\":true,\"valueName\":\"search_term_string\"}}],\"inLanguage\":\"es\"},{\"@type\":\"Organization\",\"@id\":\"https:\\\/\\\/diariotextual.com\\\/inicio\\\/#organization\",\"name\":\"Diario Textual\",\"url\":\"https:\\\/\\\/diariotextual.com\\\/inicio\\\/\",\"logo\":{\"@type\":\"ImageObject\",\"inLanguage\":\"es\",\"@id\":\"https:\\\/\\\/diariotextual.com\\\/inicio\\\/#\\\/schema\\\/logo\\\/image\\\/\",\"url\":\"https:\\\/\\\/diariotextual.com\\\/inicio\\\/wp-content\\\/uploads\\\/2023\\\/05\\\/logotextual1.jpg\",\"contentUrl\":\"https:\\\/\\\/diariotextual.com\\\/inicio\\\/wp-content\\\/uploads\\\/2023\\\/05\\\/logotextual1.jpg\",\"width\":516,\"height\":76,\"caption\":\"Diario Textual\"},\"image\":{\"@id\":\"https:\\\/\\\/diariotextual.com\\\/inicio\\\/#\\\/schema\\\/logo\\\/image\\\/\"},\"sameAs\":[\"https:\\\/\\\/www.facebook.com\\\/eltextual\",\"https:\\\/\\\/x.com\\\/eltextual\",\"http:\\\/\\\/www.instagram.com\\\/eltextual\"]},{\"@type\":\"Person\",\"@id\":\"https:\\\/\\\/diariotextual.com\\\/inicio\\\/#\\\/schema\\\/person\\\/a1b6f563e0ee944c60f98119389a4d9f\",\"name\":\"diario3\",\"image\":{\"@type\":\"ImageObject\",\"inLanguage\":\"es\",\"@id\":\"https:\\\/\\\/secure.gravatar.com\\\/avatar\\\/5e7ee62c82fc04d9dd79d746a390d93c69c43223e5faeeb3ea9461ef752bfc5d?s=96&d=mm&r=g\",\"url\":\"https:\\\/\\\/secure.gravatar.com\\\/avatar\\\/5e7ee62c82fc04d9dd79d746a390d93c69c43223e5faeeb3ea9461ef752bfc5d?s=96&d=mm&r=g\",\"contentUrl\":\"https:\\\/\\\/secure.gravatar.com\\\/avatar\\\/5e7ee62c82fc04d9dd79d746a390d93c69c43223e5faeeb3ea9461ef752bfc5d?s=96&d=mm&r=g\",\"caption\":\"diario3\"},\"url\":\"https:\\\/\\\/diariotextual.com\\\/inicio\\\/index.php\\\/author\\\/diario3\\\/\"}]}<\/script>\n<!-- \/ Yoast SEO plugin. -->","yoast_head_json":{"title":"Juez orden\u00f3 liberar al expresidente Temer - Diario Textual","robots":{"index":"index","follow":"follow","max-snippet":"max-snippet:-1","max-image-preview":"max-image-preview:large","max-video-preview":"max-video-preview:-1"},"canonical":"https:\/\/diariotextual.com\/inicio\/index.php\/2019\/03\/25\/juez-ordeno-liberar-al-expresidente-temer\/","og_locale":"es_ES","og_type":"article","og_title":"Juez orden\u00f3 liberar al expresidente Temer - Diario Textual","og_description":"El juez Ivan Athi\u00e9, del Tribunal Regional Federal II de R\u00edo de Janeiro, orden\u00f3 la excarcelaci\u00f3n del expresidente Michel Temer, detenido desde la semana pasada acusado de corrupci\u00f3n, inform\u00f3 la&hellip;","og_url":"https:\/\/diariotextual.com\/inicio\/index.php\/2019\/03\/25\/juez-ordeno-liberar-al-expresidente-temer\/","og_site_name":"Diario Textual","article_publisher":"https:\/\/www.facebook.com\/eltextual","article_published_time":"2019-03-25T20:07:24+00:00","article_modified_time":"2019-03-26T09:42:44+00:00","og_image":[{"width":1118,"height":684,"url":"https:\/\/diariotextual.com\/inicio\/wp-content\/uploads\/2019\/03\/temermichelbrasil1.jpg","type":"image\/jpeg"}],"author":"diario3","twitter_card":"summary_large_image","twitter_creator":"@eltextual","twitter_site":"@eltextual","twitter_misc":{"Escrito por":"diario3","Tiempo de lectura":"2 minutos"},"schema":{"@context":"https:\/\/schema.org","@graph":[{"@type":"Article","@id":"https:\/\/diariotextual.com\/inicio\/index.php\/2019\/03\/25\/juez-ordeno-liberar-al-expresidente-temer\/#article","isPartOf":{"@id":"https:\/\/diariotextual.com\/inicio\/index.php\/2019\/03\/25\/juez-ordeno-liberar-al-expresidente-temer\/"},"author":{"name":"diario3","@id":"https:\/\/diariotextual.com\/inicio\/#\/schema\/person\/a1b6f563e0ee944c60f98119389a4d9f"},"headline":"Juez orden\u00f3 liberar al expresidente Temer","datePublished":"2019-03-25T20:07:24+00:00","dateModified":"2019-03-26T09:42:44+00:00","mainEntityOfPage":{"@id":"https:\/\/diariotextual.com\/inicio\/index.php\/2019\/03\/25\/juez-ordeno-liberar-al-expresidente-temer\/"},"wordCount":430,"publisher":{"@id":"https:\/\/diariotextual.com\/inicio\/#organization"},"image":{"@id":"https:\/\/diariotextual.com\/inicio\/index.php\/2019\/03\/25\/juez-ordeno-liberar-al-expresidente-temer\/#primaryimage"},"thumbnailUrl":"https:\/\/diariotextual.com\/inicio\/wp-content\/uploads\/2019\/03\/temermichelbrasil1.jpg","articleSection":["A - QUE PASA (al costado)","MUNDO"],"inLanguage":"es"},{"@type":"WebPage","@id":"https:\/\/diariotextual.com\/inicio\/index.php\/2019\/03\/25\/juez-ordeno-liberar-al-expresidente-temer\/","url":"https:\/\/diariotextual.com\/inicio\/index.php\/2019\/03\/25\/juez-ordeno-liberar-al-expresidente-temer\/","name":"Juez orden\u00f3 liberar al expresidente Temer - Diario Textual","isPartOf":{"@id":"https:\/\/diariotextual.com\/inicio\/#website"},"primaryImageOfPage":{"@id":"https:\/\/diariotextual.com\/inicio\/index.php\/2019\/03\/25\/juez-ordeno-liberar-al-expresidente-temer\/#primaryimage"},"image":{"@id":"https:\/\/diariotextual.com\/inicio\/index.php\/2019\/03\/25\/juez-ordeno-liberar-al-expresidente-temer\/#primaryimage"},"thumbnailUrl":"https:\/\/diariotextual.com\/inicio\/wp-content\/uploads\/2019\/03\/temermichelbrasil1.jpg","datePublished":"2019-03-25T20:07:24+00:00","dateModified":"2019-03-26T09:42:44+00:00","breadcrumb":{"@id":"https:\/\/diariotextual.com\/inicio\/index.php\/2019\/03\/25\/juez-ordeno-liberar-al-expresidente-temer\/#breadcrumb"},"inLanguage":"es","potentialAction":[{"@type":"ReadAction","target":["https:\/\/diariotextual.com\/inicio\/index.php\/2019\/03\/25\/juez-ordeno-liberar-al-expresidente-temer\/"]}]},{"@type":"ImageObject","inLanguage":"es","@id":"https:\/\/diariotextual.com\/inicio\/index.php\/2019\/03\/25\/juez-ordeno-liberar-al-expresidente-temer\/#primaryimage","url":"https:\/\/diariotextual.com\/inicio\/wp-content\/uploads\/2019\/03\/temermichelbrasil1.jpg","contentUrl":"https:\/\/diariotextual.com\/inicio\/wp-content\/uploads\/2019\/03\/temermichelbrasil1.jpg","width":1118,"height":684},{"@type":"BreadcrumbList","@id":"https:\/\/diariotextual.com\/inicio\/index.php\/2019\/03\/25\/juez-ordeno-liberar-al-expresidente-temer\/#breadcrumb","itemListElement":[{"@type":"ListItem","position":1,"name":"Portada","item":"https:\/\/diariotextual.com\/inicio\/"},{"@type":"ListItem","position":2,"name":"Juez orden\u00f3 liberar al expresidente Temer"}]},{"@type":"WebSite","@id":"https:\/\/diariotextual.com\/inicio\/#website","url":"https:\/\/diariotextual.com\/inicio\/","name":"Diario Textual","description":"","publisher":{"@id":"https:\/\/diariotextual.com\/inicio\/#organization"},"potentialAction":[{"@type":"SearchAction","target":{"@type":"EntryPoint","urlTemplate":"https:\/\/diariotextual.com\/inicio\/?s={search_term_string}"},"query-input":{"@type":"PropertyValueSpecification","valueRequired":true,"valueName":"search_term_string"}}],"inLanguage":"es"},{"@type":"Organization","@id":"https:\/\/diariotextual.com\/inicio\/#organization","name":"Diario Textual","url":"https:\/\/diariotextual.com\/inicio\/","logo":{"@type":"ImageObject","inLanguage":"es","@id":"https:\/\/diariotextual.com\/inicio\/#\/schema\/logo\/image\/","url":"https:\/\/diariotextual.com\/inicio\/wp-content\/uploads\/2023\/05\/logotextual1.jpg","contentUrl":"https:\/\/diariotextual.com\/inicio\/wp-content\/uploads\/2023\/05\/logotextual1.jpg","width":516,"height":76,"caption":"Diario Textual"},"image":{"@id":"https:\/\/diariotextual.com\/inicio\/#\/schema\/logo\/image\/"},"sameAs":["https:\/\/www.facebook.com\/eltextual","https:\/\/x.com\/eltextual","http:\/\/www.instagram.com\/eltextual"]},{"@type":"Person","@id":"https:\/\/diariotextual.com\/inicio\/#\/schema\/person\/a1b6f563e0ee944c60f98119389a4d9f","name":"diario3","image":{"@type":"ImageObject","inLanguage":"es","@id":"https:\/\/secure.gravatar.com\/avatar\/5e7ee62c82fc04d9dd79d746a390d93c69c43223e5faeeb3ea9461ef752bfc5d?s=96&d=mm&r=g","url":"https:\/\/secure.gravatar.com\/avatar\/5e7ee62c82fc04d9dd79d746a390d93c69c43223e5faeeb3ea9461ef752bfc5d?s=96&d=mm&r=g","contentUrl":"https:\/\/secure.gravatar.com\/avatar\/5e7ee62c82fc04d9dd79d746a390d93c69c43223e5faeeb3ea9461ef752bfc5d?s=96&d=mm&r=g","caption":"diario3"},"url":"https:\/\/diariotextual.com\/inicio\/index.php\/author\/diario3\/"}]}},"_links":{"self":[{"href":"https:\/\/diariotextual.com\/inicio\/index.php\/wp-json\/wp\/v2\/posts\/43193","targetHints":{"allow":["GET"]}}],"collection":[{"href":"https:\/\/diariotextual.com\/inicio\/index.php\/wp-json\/wp\/v2\/posts"}],"about":[{"href":"https:\/\/diariotextual.com\/inicio\/index.php\/wp-json\/wp\/v2\/types\/post"}],"author":[{"embeddable":true,"href":"https:\/\/diariotextual.com\/inicio\/index.php\/wp-json\/wp\/v2\/users\/5"}],"replies":[{"embeddable":true,"href":"https:\/\/diariotextual.com\/inicio\/index.php\/wp-json\/wp\/v2\/comments?post=43193"}],"version-history":[{"count":1,"href":"https:\/\/diariotextual.com\/inicio\/index.php\/wp-json\/wp\/v2\/posts\/43193\/revisions"}],"predecessor-version":[{"id":43194,"href":"https:\/\/diariotextual.com\/inicio\/index.php\/wp-json\/wp\/v2\/posts\/43193\/revisions\/43194"}],"wp:featuredmedia":[{"embeddable":true,"href":"https:\/\/diariotextual.com\/inicio\/index.php\/wp-json\/wp\/v2\/media\/42631"}],"wp:attachment":[{"href":"https:\/\/diariotextual.com\/inicio\/index.php\/wp-json\/wp\/v2\/media?parent=43193"}],"wp:term":[{"taxonomy":"category","embeddable":true,"href":"https:\/\/diariotextual.com\/inicio\/index.php\/wp-json\/wp\/v2\/categories?post=43193"},{"taxonomy":"post_tag","embeddable":true,"href":"https:\/\/diariotextual.com\/inicio\/index.php\/wp-json\/wp\/v2\/tags?post=43193"}],"curies":[{"name":"wp","href":"https:\/\/api.w.org\/{rel}","templated":true}]}}