{"id":44040,"date":"2019-04-01T23:13:20","date_gmt":"2019-04-02T02:13:20","guid":{"rendered":"http:\/\/diariotextual.com\/inicio\/?p=44040"},"modified":"2019-04-02T08:19:05","modified_gmt":"2019-04-02T11:19:05","slug":"quieren-desarrollar-un-nuevo-punto-turistico-mira-donde-es","status":"publish","type":"post","link":"https:\/\/diariotextual.com\/inicio\/index.php\/2019\/04\/01\/quieren-desarrollar-un-nuevo-punto-turistico-mira-donde-es\/","title":{"rendered":"Un nuevo punto tur\u00edstico en La Pampa: qu\u00e9 se puede hacer en el Salitral Encantado"},"content":{"rendered":"<p>La Subsecretar\u00eda de Turismo del Ministerio de Desarrollo Territorial quiere desarrollar un <strong>nuevo punto<\/strong> en la provincia como destino tur\u00edstico. Se trata del <strong>Salitral Encantado,\u00a0<\/strong>en 25 de Mayo.<\/p>\n<p><img fetchpriority=\"high\" decoding=\"async\" class=\"alignnone wp-image-44114 \" src=\"http:\/\/diariotextual.com\/inicio\/wp-content\/uploads\/2019\/04\/salitralencantado23.jpg\" alt=\"\" width=\"716\" height=\"500\" srcset=\"https:\/\/diariotextual.com\/inicio\/wp-content\/uploads\/2019\/04\/salitralencantado23.jpg 959w, https:\/\/diariotextual.com\/inicio\/wp-content\/uploads\/2019\/04\/salitralencantado23-300x210.jpg 300w, https:\/\/diariotextual.com\/inicio\/wp-content\/uploads\/2019\/04\/salitralencantado23-768x537.jpg 768w, https:\/\/diariotextual.com\/inicio\/wp-content\/uploads\/2019\/04\/salitralencantado23-585x409.jpg 585w\" sizes=\"(max-width: 716px) 100vw, 716px\" \/><\/p>\n<p>Durante el fin de semana, el subsecretario de Turismo, Lautaro C\u00f3rdoba; autoridades del municipio de 25 de Mayo; e investigadoras de la Universidad Nacional de La Pampa (UNLPam) viajaron a la zona donde evaluaron la viabilidad de realizar paseos en <strong>paratrike y carrovela<\/strong> en el salitral.<\/p>\n<p><iframe style=\"border: none; overflow: hidden;\" src=\"https:\/\/www.facebook.com\/plugins\/video.php?href=https%3A%2F%2Fwww.facebook.com%2FTurismoLaPampa%2Fvideos%2F831046893898118%2F&amp;show_text=0&amp;width=560\" width=\"560\" height=\"308\" frameborder=\"0\" scrolling=\"no\" allowfullscreen=\"allowfullscreen\"><\/iframe><\/p>\n<p>&nbsp;<\/p>\n<p>El <strong>Gran Salitral o \u201cSalitral encantado\u201d<\/strong> se encuentra ubicado entre los departamentos de Limay Mahuida y Puel\u00e9n. Es uno de los m\u00e1s extensos del mundo, con caracter\u00edsticas biol\u00f3gicas y paisaj\u00edsticas especiales.<\/p>\n<p>&nbsp;<\/p>\n<p><img decoding=\"async\" class=\"alignnone size-full wp-image-44049\" src=\"http:\/\/diariotextual.com\/inicio\/wp-content\/uploads\/2019\/04\/salitralencantadomapa.jpg\" alt=\"\" width=\"400\" height=\"420\" srcset=\"https:\/\/diariotextual.com\/inicio\/wp-content\/uploads\/2019\/04\/salitralencantadomapa.jpg 400w, https:\/\/diariotextual.com\/inicio\/wp-content\/uploads\/2019\/04\/salitralencantadomapa-286x300.jpg 286w\" sizes=\"(max-width: 400px) 100vw, 400px\" \/><\/p>\n<p>El Gran Salitral ha demostrado ser una importante zona de uso de la fauna local, tanto de mam\u00edferos como de aves. A ello se suma que entre las especies relevadas por t\u00e9cnicos de la Subsecretar\u00eda de Ecolog\u00eda, hay varias que muestran serios retrocesos en sus poblaciones, lo que requiere extremar las medidas de conservaci\u00f3n. Tal es el caso de la tortuga terrestre, el guanaco, la mara y el puma.<\/p>\n<p><img decoding=\"async\" class=\"alignnone wp-image-44117 \" src=\"http:\/\/diariotextual.com\/inicio\/wp-content\/uploads\/2019\/04\/salitralencantado25.jpg\" alt=\"\" width=\"713\" height=\"535\" srcset=\"https:\/\/diariotextual.com\/inicio\/wp-content\/uploads\/2019\/04\/salitralencantado25.jpg 960w, https:\/\/diariotextual.com\/inicio\/wp-content\/uploads\/2019\/04\/salitralencantado25-300x225.jpg 300w, https:\/\/diariotextual.com\/inicio\/wp-content\/uploads\/2019\/04\/salitralencantado25-768x576.jpg 768w, https:\/\/diariotextual.com\/inicio\/wp-content\/uploads\/2019\/04\/salitralencantado25-585x439.jpg 585w\" sizes=\"(max-width: 713px) 100vw, 713px\" \/><\/p>\n<p>En esta zona tambi\u00e9n se encuentra la poblaci\u00f3n m\u00e1s austral del retamo, una planta nativa con serios problemas de conservaci\u00f3n.<\/p>\n<p>El gran salitral es una laguna de enorme superficie \u2013en torno a las 60.000 hect\u00e1reas-, con un volumen de agua m\u00e1s o menos estable, alimentada tanto por las lluvias ocasionales, como por dos arroyos temporarios. Uno de los arroyos es el Potrol, que nace en la laguna El Juncal. Esta laguna recibe a su vez el caudal del Arroyo de la Barda \u2013el brazo activo del R\u00edo Atuel-, el cual cuando se llena desagua hacia el sur a trav\u00e9s del Potrol y su escorrent\u00eda termina en el Gran Salitral. Por el norte \u2013en posici\u00f3n occidental respecto al Potrol- ingresa el Arroyo de la Barda, un curso de agua espor\u00e1dico que colecta el agua de las barrancas ubicadas al oeste y noroeste.<\/p>\n<p>Circunstancialmente, el salitral recibe aportes de los desbordes de algunos ba\u00f1ados del R\u00edo Salado, que ingresan a la laguna por el noreste.<\/p>\n<p><img loading=\"lazy\" decoding=\"async\" class=\"alignnone wp-image-44116 \" src=\"http:\/\/diariotextual.com\/inicio\/wp-content\/uploads\/2019\/04\/salitralencantado24.jpg\" alt=\"\" width=\"704\" height=\"484\" srcset=\"https:\/\/diariotextual.com\/inicio\/wp-content\/uploads\/2019\/04\/salitralencantado24.jpg 960w, https:\/\/diariotextual.com\/inicio\/wp-content\/uploads\/2019\/04\/salitralencantado24-300x206.jpg 300w, https:\/\/diariotextual.com\/inicio\/wp-content\/uploads\/2019\/04\/salitralencantado24-768x527.jpg 768w, https:\/\/diariotextual.com\/inicio\/wp-content\/uploads\/2019\/04\/salitralencantado24-585x402.jpg 585w\" sizes=\"(max-width: 704px) 100vw, 704px\" \/><\/p>\n<p>&nbsp;<\/p>\n","protected":false},"excerpt":{"rendered":"<p>La Subsecretar\u00eda de Turismo del Ministerio de Desarrollo Territorial quiere desarrollar un nuevo punto en la provincia como destino tur\u00edstico. Se trata del Salitral Encantado,\u00a0en 25 de Mayo. Durante el&hellip;<\/p>\n","protected":false},"author":4,"featured_media":44113,"comment_status":"closed","ping_status":"open","sticky":false,"template":"","format":"standard","meta":{"_acf_changed":false,"footnotes":""},"categories":[1,11,12],"tags":[1888,1887],"class_list":["post-44040","post","type-post","status-publish","format-standard","has-post-thumbnail","hentry","category-es-noticia","category-que-pasa","category-sociedad","tag-encantado","tag-salitral"],"acf":[],"yoast_head":"<!-- This site is optimized with the Yoast SEO plugin v27.4 - https:\/\/yoast.com\/product\/yoast-seo-wordpress\/ -->\n<title>Un nuevo punto tur\u00edstico en La Pampa: qu\u00e9 se puede hacer en el Salitral Encantado<\/title>\n<meta name=\"robots\" content=\"index, follow, max-snippet:-1, max-image-preview:large, max-video-preview:-1\" \/>\n<link rel=\"canonical\" href=\"https:\/\/diariotextual.com\/inicio\/index.php\/2019\/04\/01\/quieren-desarrollar-un-nuevo-punto-turistico-mira-donde-es\/\" \/>\n<meta property=\"og:locale\" content=\"es_ES\" \/>\n<meta property=\"og:type\" content=\"article\" \/>\n<meta property=\"og:title\" content=\"Un nuevo punto tur\u00edstico en La Pampa: qu\u00e9 se puede hacer en el Salitral Encantado\" \/>\n<meta property=\"og:description\" content=\"La Subsecretar\u00eda de Turismo del Ministerio de Desarrollo Territorial quiere desarrollar un nuevo punto en la provincia como destino tur\u00edstico. Se trata del Salitral Encantado,\u00a0en 25 de Mayo. Durante el&hellip;\" \/>\n<meta property=\"og:url\" content=\"https:\/\/diariotextual.com\/inicio\/index.php\/2019\/04\/01\/quieren-desarrollar-un-nuevo-punto-turistico-mira-donde-es\/\" \/>\n<meta property=\"og:site_name\" content=\"Diario Textual\" \/>\n<meta property=\"article:publisher\" content=\"https:\/\/www.facebook.com\/eltextual\" \/>\n<meta property=\"article:published_time\" content=\"2019-04-02T02:13:20+00:00\" \/>\n<meta property=\"article:modified_time\" content=\"2019-04-02T11:19:05+00:00\" \/>\n<meta property=\"og:image\" content=\"https:\/\/diariotextual.com\/inicio\/wp-content\/uploads\/2019\/04\/salitralencantado22.jpg\" \/>\n\t<meta property=\"og:image:width\" content=\"960\" \/>\n\t<meta property=\"og:image:height\" content=\"674\" \/>\n\t<meta property=\"og:image:type\" content=\"image\/jpeg\" \/>\n<meta name=\"author\" content=\"diario2\" \/>\n<meta name=\"twitter:card\" content=\"summary_large_image\" \/>\n<meta name=\"twitter:creator\" content=\"@eltextual\" \/>\n<meta name=\"twitter:site\" content=\"@eltextual\" \/>\n<meta name=\"twitter:label1\" content=\"Escrito por\" \/>\n\t<meta name=\"twitter:data1\" content=\"diario2\" \/>\n\t<meta name=\"twitter:label2\" content=\"Tiempo de lectura\" \/>\n\t<meta name=\"twitter:data2\" content=\"2 minutos\" \/>\n<script type=\"application\/ld+json\" class=\"yoast-schema-graph\">{\"@context\":\"https:\\\/\\\/schema.org\",\"@graph\":[{\"@type\":\"Article\",\"@id\":\"https:\\\/\\\/diariotextual.com\\\/inicio\\\/index.php\\\/2019\\\/04\\\/01\\\/quieren-desarrollar-un-nuevo-punto-turistico-mira-donde-es\\\/#article\",\"isPartOf\":{\"@id\":\"https:\\\/\\\/diariotextual.com\\\/inicio\\\/index.php\\\/2019\\\/04\\\/01\\\/quieren-desarrollar-un-nuevo-punto-turistico-mira-donde-es\\\/\"},\"author\":{\"name\":\"diario2\",\"@id\":\"https:\\\/\\\/diariotextual.com\\\/inicio\\\/#\\\/schema\\\/person\\\/694f60677f23c4a530867a98f22b3768\"},\"headline\":\"Un nuevo punto tur\u00edstico en La Pampa: qu\u00e9 se puede hacer en el Salitral Encantado\",\"datePublished\":\"2019-04-02T02:13:20+00:00\",\"dateModified\":\"2019-04-02T11:19:05+00:00\",\"mainEntityOfPage\":{\"@id\":\"https:\\\/\\\/diariotextual.com\\\/inicio\\\/index.php\\\/2019\\\/04\\\/01\\\/quieren-desarrollar-un-nuevo-punto-turistico-mira-donde-es\\\/\"},\"wordCount\":380,\"publisher\":{\"@id\":\"https:\\\/\\\/diariotextual.com\\\/inicio\\\/#organization\"},\"image\":{\"@id\":\"https:\\\/\\\/diariotextual.com\\\/inicio\\\/index.php\\\/2019\\\/04\\\/01\\\/quieren-desarrollar-un-nuevo-punto-turistico-mira-donde-es\\\/#primaryimage\"},\"thumbnailUrl\":\"https:\\\/\\\/diariotextual.com\\\/inicio\\\/wp-content\\\/uploads\\\/2019\\\/04\\\/salitralencantado22.jpg\",\"keywords\":[\"encantado\",\"salitral\"],\"articleSection\":[\"A - ES NOTICIA (van abajo)\",\"A - QUE PASA (al costado)\",\"SOCIEDAD\"],\"inLanguage\":\"es\"},{\"@type\":\"WebPage\",\"@id\":\"https:\\\/\\\/diariotextual.com\\\/inicio\\\/index.php\\\/2019\\\/04\\\/01\\\/quieren-desarrollar-un-nuevo-punto-turistico-mira-donde-es\\\/\",\"url\":\"https:\\\/\\\/diariotextual.com\\\/inicio\\\/index.php\\\/2019\\\/04\\\/01\\\/quieren-desarrollar-un-nuevo-punto-turistico-mira-donde-es\\\/\",\"name\":\"Un nuevo punto tur\u00edstico en La Pampa: qu\u00e9 se puede hacer en el Salitral Encantado\",\"isPartOf\":{\"@id\":\"https:\\\/\\\/diariotextual.com\\\/inicio\\\/#website\"},\"primaryImageOfPage\":{\"@id\":\"https:\\\/\\\/diariotextual.com\\\/inicio\\\/index.php\\\/2019\\\/04\\\/01\\\/quieren-desarrollar-un-nuevo-punto-turistico-mira-donde-es\\\/#primaryimage\"},\"image\":{\"@id\":\"https:\\\/\\\/diariotextual.com\\\/inicio\\\/index.php\\\/2019\\\/04\\\/01\\\/quieren-desarrollar-un-nuevo-punto-turistico-mira-donde-es\\\/#primaryimage\"},\"thumbnailUrl\":\"https:\\\/\\\/diariotextual.com\\\/inicio\\\/wp-content\\\/uploads\\\/2019\\\/04\\\/salitralencantado22.jpg\",\"datePublished\":\"2019-04-02T02:13:20+00:00\",\"dateModified\":\"2019-04-02T11:19:05+00:00\",\"breadcrumb\":{\"@id\":\"https:\\\/\\\/diariotextual.com\\\/inicio\\\/index.php\\\/2019\\\/04\\\/01\\\/quieren-desarrollar-un-nuevo-punto-turistico-mira-donde-es\\\/#breadcrumb\"},\"inLanguage\":\"es\",\"potentialAction\":[{\"@type\":\"ReadAction\",\"target\":[\"https:\\\/\\\/diariotextual.com\\\/inicio\\\/index.php\\\/2019\\\/04\\\/01\\\/quieren-desarrollar-un-nuevo-punto-turistico-mira-donde-es\\\/\"]}]},{\"@type\":\"ImageObject\",\"inLanguage\":\"es\",\"@id\":\"https:\\\/\\\/diariotextual.com\\\/inicio\\\/index.php\\\/2019\\\/04\\\/01\\\/quieren-desarrollar-un-nuevo-punto-turistico-mira-donde-es\\\/#primaryimage\",\"url\":\"https:\\\/\\\/diariotextual.com\\\/inicio\\\/wp-content\\\/uploads\\\/2019\\\/04\\\/salitralencantado22.jpg\",\"contentUrl\":\"https:\\\/\\\/diariotextual.com\\\/inicio\\\/wp-content\\\/uploads\\\/2019\\\/04\\\/salitralencantado22.jpg\",\"width\":960,\"height\":674},{\"@type\":\"BreadcrumbList\",\"@id\":\"https:\\\/\\\/diariotextual.com\\\/inicio\\\/index.php\\\/2019\\\/04\\\/01\\\/quieren-desarrollar-un-nuevo-punto-turistico-mira-donde-es\\\/#breadcrumb\",\"itemListElement\":[{\"@type\":\"ListItem\",\"position\":1,\"name\":\"Portada\",\"item\":\"https:\\\/\\\/diariotextual.com\\\/inicio\\\/\"},{\"@type\":\"ListItem\",\"position\":2,\"name\":\"Un nuevo punto tur\u00edstico en La Pampa: qu\u00e9 se puede hacer en el Salitral Encantado\"}]},{\"@type\":\"WebSite\",\"@id\":\"https:\\\/\\\/diariotextual.com\\\/inicio\\\/#website\",\"url\":\"https:\\\/\\\/diariotextual.com\\\/inicio\\\/\",\"name\":\"Diario Textual\",\"description\":\"\",\"publisher\":{\"@id\":\"https:\\\/\\\/diariotextual.com\\\/inicio\\\/#organization\"},\"potentialAction\":[{\"@type\":\"SearchAction\",\"target\":{\"@type\":\"EntryPoint\",\"urlTemplate\":\"https:\\\/\\\/diariotextual.com\\\/inicio\\\/?s={search_term_string}\"},\"query-input\":{\"@type\":\"PropertyValueSpecification\",\"valueRequired\":true,\"valueName\":\"search_term_string\"}}],\"inLanguage\":\"es\"},{\"@type\":\"Organization\",\"@id\":\"https:\\\/\\\/diariotextual.com\\\/inicio\\\/#organization\",\"name\":\"Diario Textual\",\"url\":\"https:\\\/\\\/diariotextual.com\\\/inicio\\\/\",\"logo\":{\"@type\":\"ImageObject\",\"inLanguage\":\"es\",\"@id\":\"https:\\\/\\\/diariotextual.com\\\/inicio\\\/#\\\/schema\\\/logo\\\/image\\\/\",\"url\":\"https:\\\/\\\/diariotextual.com\\\/inicio\\\/wp-content\\\/uploads\\\/2023\\\/05\\\/logotextual1.jpg\",\"contentUrl\":\"https:\\\/\\\/diariotextual.com\\\/inicio\\\/wp-content\\\/uploads\\\/2023\\\/05\\\/logotextual1.jpg\",\"width\":516,\"height\":76,\"caption\":\"Diario Textual\"},\"image\":{\"@id\":\"https:\\\/\\\/diariotextual.com\\\/inicio\\\/#\\\/schema\\\/logo\\\/image\\\/\"},\"sameAs\":[\"https:\\\/\\\/www.facebook.com\\\/eltextual\",\"https:\\\/\\\/x.com\\\/eltextual\",\"http:\\\/\\\/www.instagram.com\\\/eltextual\"]},{\"@type\":\"Person\",\"@id\":\"https:\\\/\\\/diariotextual.com\\\/inicio\\\/#\\\/schema\\\/person\\\/694f60677f23c4a530867a98f22b3768\",\"name\":\"diario2\",\"image\":{\"@type\":\"ImageObject\",\"inLanguage\":\"es\",\"@id\":\"https:\\\/\\\/secure.gravatar.com\\\/avatar\\\/5a2567495ba16b852fcd8f1ed006a2e24fcace936018ed8237e95f488ad6e0a7?s=96&d=mm&r=g\",\"url\":\"https:\\\/\\\/secure.gravatar.com\\\/avatar\\\/5a2567495ba16b852fcd8f1ed006a2e24fcace936018ed8237e95f488ad6e0a7?s=96&d=mm&r=g\",\"contentUrl\":\"https:\\\/\\\/secure.gravatar.com\\\/avatar\\\/5a2567495ba16b852fcd8f1ed006a2e24fcace936018ed8237e95f488ad6e0a7?s=96&d=mm&r=g\",\"caption\":\"diario2\"},\"url\":\"https:\\\/\\\/diariotextual.com\\\/inicio\\\/index.php\\\/author\\\/diario2\\\/\"}]}<\/script>\n<!-- \/ Yoast SEO plugin. -->","yoast_head_json":{"title":"Un nuevo punto tur\u00edstico en La Pampa: qu\u00e9 se puede hacer en el Salitral Encantado","robots":{"index":"index","follow":"follow","max-snippet":"max-snippet:-1","max-image-preview":"max-image-preview:large","max-video-preview":"max-video-preview:-1"},"canonical":"https:\/\/diariotextual.com\/inicio\/index.php\/2019\/04\/01\/quieren-desarrollar-un-nuevo-punto-turistico-mira-donde-es\/","og_locale":"es_ES","og_type":"article","og_title":"Un nuevo punto tur\u00edstico en La Pampa: qu\u00e9 se puede hacer en el Salitral Encantado","og_description":"La Subsecretar\u00eda de Turismo del Ministerio de Desarrollo Territorial quiere desarrollar un nuevo punto en la provincia como destino tur\u00edstico. Se trata del Salitral Encantado,\u00a0en 25 de Mayo. Durante el&hellip;","og_url":"https:\/\/diariotextual.com\/inicio\/index.php\/2019\/04\/01\/quieren-desarrollar-un-nuevo-punto-turistico-mira-donde-es\/","og_site_name":"Diario Textual","article_publisher":"https:\/\/www.facebook.com\/eltextual","article_published_time":"2019-04-02T02:13:20+00:00","article_modified_time":"2019-04-02T11:19:05+00:00","og_image":[{"width":960,"height":674,"url":"https:\/\/diariotextual.com\/inicio\/wp-content\/uploads\/2019\/04\/salitralencantado22.jpg","type":"image\/jpeg"}],"author":"diario2","twitter_card":"summary_large_image","twitter_creator":"@eltextual","twitter_site":"@eltextual","twitter_misc":{"Escrito por":"diario2","Tiempo de lectura":"2 minutos"},"schema":{"@context":"https:\/\/schema.org","@graph":[{"@type":"Article","@id":"https:\/\/diariotextual.com\/inicio\/index.php\/2019\/04\/01\/quieren-desarrollar-un-nuevo-punto-turistico-mira-donde-es\/#article","isPartOf":{"@id":"https:\/\/diariotextual.com\/inicio\/index.php\/2019\/04\/01\/quieren-desarrollar-un-nuevo-punto-turistico-mira-donde-es\/"},"author":{"name":"diario2","@id":"https:\/\/diariotextual.com\/inicio\/#\/schema\/person\/694f60677f23c4a530867a98f22b3768"},"headline":"Un nuevo punto tur\u00edstico en La Pampa: qu\u00e9 se puede hacer en el Salitral Encantado","datePublished":"2019-04-02T02:13:20+00:00","dateModified":"2019-04-02T11:19:05+00:00","mainEntityOfPage":{"@id":"https:\/\/diariotextual.com\/inicio\/index.php\/2019\/04\/01\/quieren-desarrollar-un-nuevo-punto-turistico-mira-donde-es\/"},"wordCount":380,"publisher":{"@id":"https:\/\/diariotextual.com\/inicio\/#organization"},"image":{"@id":"https:\/\/diariotextual.com\/inicio\/index.php\/2019\/04\/01\/quieren-desarrollar-un-nuevo-punto-turistico-mira-donde-es\/#primaryimage"},"thumbnailUrl":"https:\/\/diariotextual.com\/inicio\/wp-content\/uploads\/2019\/04\/salitralencantado22.jpg","keywords":["encantado","salitral"],"articleSection":["A - ES NOTICIA (van abajo)","A - QUE PASA (al costado)","SOCIEDAD"],"inLanguage":"es"},{"@type":"WebPage","@id":"https:\/\/diariotextual.com\/inicio\/index.php\/2019\/04\/01\/quieren-desarrollar-un-nuevo-punto-turistico-mira-donde-es\/","url":"https:\/\/diariotextual.com\/inicio\/index.php\/2019\/04\/01\/quieren-desarrollar-un-nuevo-punto-turistico-mira-donde-es\/","name":"Un nuevo punto tur\u00edstico en La Pampa: qu\u00e9 se puede hacer en el Salitral Encantado","isPartOf":{"@id":"https:\/\/diariotextual.com\/inicio\/#website"},"primaryImageOfPage":{"@id":"https:\/\/diariotextual.com\/inicio\/index.php\/2019\/04\/01\/quieren-desarrollar-un-nuevo-punto-turistico-mira-donde-es\/#primaryimage"},"image":{"@id":"https:\/\/diariotextual.com\/inicio\/index.php\/2019\/04\/01\/quieren-desarrollar-un-nuevo-punto-turistico-mira-donde-es\/#primaryimage"},"thumbnailUrl":"https:\/\/diariotextual.com\/inicio\/wp-content\/uploads\/2019\/04\/salitralencantado22.jpg","datePublished":"2019-04-02T02:13:20+00:00","dateModified":"2019-04-02T11:19:05+00:00","breadcrumb":{"@id":"https:\/\/diariotextual.com\/inicio\/index.php\/2019\/04\/01\/quieren-desarrollar-un-nuevo-punto-turistico-mira-donde-es\/#breadcrumb"},"inLanguage":"es","potentialAction":[{"@type":"ReadAction","target":["https:\/\/diariotextual.com\/inicio\/index.php\/2019\/04\/01\/quieren-desarrollar-un-nuevo-punto-turistico-mira-donde-es\/"]}]},{"@type":"ImageObject","inLanguage":"es","@id":"https:\/\/diariotextual.com\/inicio\/index.php\/2019\/04\/01\/quieren-desarrollar-un-nuevo-punto-turistico-mira-donde-es\/#primaryimage","url":"https:\/\/diariotextual.com\/inicio\/wp-content\/uploads\/2019\/04\/salitralencantado22.jpg","contentUrl":"https:\/\/diariotextual.com\/inicio\/wp-content\/uploads\/2019\/04\/salitralencantado22.jpg","width":960,"height":674},{"@type":"BreadcrumbList","@id":"https:\/\/diariotextual.com\/inicio\/index.php\/2019\/04\/01\/quieren-desarrollar-un-nuevo-punto-turistico-mira-donde-es\/#breadcrumb","itemListElement":[{"@type":"ListItem","position":1,"name":"Portada","item":"https:\/\/diariotextual.com\/inicio\/"},{"@type":"ListItem","position":2,"name":"Un nuevo punto tur\u00edstico en La Pampa: qu\u00e9 se puede hacer en el Salitral Encantado"}]},{"@type":"WebSite","@id":"https:\/\/diariotextual.com\/inicio\/#website","url":"https:\/\/diariotextual.com\/inicio\/","name":"Diario Textual","description":"","publisher":{"@id":"https:\/\/diariotextual.com\/inicio\/#organization"},"potentialAction":[{"@type":"SearchAction","target":{"@type":"EntryPoint","urlTemplate":"https:\/\/diariotextual.com\/inicio\/?s={search_term_string}"},"query-input":{"@type":"PropertyValueSpecification","valueRequired":true,"valueName":"search_term_string"}}],"inLanguage":"es"},{"@type":"Organization","@id":"https:\/\/diariotextual.com\/inicio\/#organization","name":"Diario Textual","url":"https:\/\/diariotextual.com\/inicio\/","logo":{"@type":"ImageObject","inLanguage":"es","@id":"https:\/\/diariotextual.com\/inicio\/#\/schema\/logo\/image\/","url":"https:\/\/diariotextual.com\/inicio\/wp-content\/uploads\/2023\/05\/logotextual1.jpg","contentUrl":"https:\/\/diariotextual.com\/inicio\/wp-content\/uploads\/2023\/05\/logotextual1.jpg","width":516,"height":76,"caption":"Diario Textual"},"image":{"@id":"https:\/\/diariotextual.com\/inicio\/#\/schema\/logo\/image\/"},"sameAs":["https:\/\/www.facebook.com\/eltextual","https:\/\/x.com\/eltextual","http:\/\/www.instagram.com\/eltextual"]},{"@type":"Person","@id":"https:\/\/diariotextual.com\/inicio\/#\/schema\/person\/694f60677f23c4a530867a98f22b3768","name":"diario2","image":{"@type":"ImageObject","inLanguage":"es","@id":"https:\/\/secure.gravatar.com\/avatar\/5a2567495ba16b852fcd8f1ed006a2e24fcace936018ed8237e95f488ad6e0a7?s=96&d=mm&r=g","url":"https:\/\/secure.gravatar.com\/avatar\/5a2567495ba16b852fcd8f1ed006a2e24fcace936018ed8237e95f488ad6e0a7?s=96&d=mm&r=g","contentUrl":"https:\/\/secure.gravatar.com\/avatar\/5a2567495ba16b852fcd8f1ed006a2e24fcace936018ed8237e95f488ad6e0a7?s=96&d=mm&r=g","caption":"diario2"},"url":"https:\/\/diariotextual.com\/inicio\/index.php\/author\/diario2\/"}]}},"_links":{"self":[{"href":"https:\/\/diariotextual.com\/inicio\/index.php\/wp-json\/wp\/v2\/posts\/44040","targetHints":{"allow":["GET"]}}],"collection":[{"href":"https:\/\/diariotextual.com\/inicio\/index.php\/wp-json\/wp\/v2\/posts"}],"about":[{"href":"https:\/\/diariotextual.com\/inicio\/index.php\/wp-json\/wp\/v2\/types\/post"}],"author":[{"embeddable":true,"href":"https:\/\/diariotextual.com\/inicio\/index.php\/wp-json\/wp\/v2\/users\/4"}],"replies":[{"embeddable":true,"href":"https:\/\/diariotextual.com\/inicio\/index.php\/wp-json\/wp\/v2\/comments?post=44040"}],"version-history":[{"count":5,"href":"https:\/\/diariotextual.com\/inicio\/index.php\/wp-json\/wp\/v2\/posts\/44040\/revisions"}],"predecessor-version":[{"id":44118,"href":"https:\/\/diariotextual.com\/inicio\/index.php\/wp-json\/wp\/v2\/posts\/44040\/revisions\/44118"}],"wp:featuredmedia":[{"embeddable":true,"href":"https:\/\/diariotextual.com\/inicio\/index.php\/wp-json\/wp\/v2\/media\/44113"}],"wp:attachment":[{"href":"https:\/\/diariotextual.com\/inicio\/index.php\/wp-json\/wp\/v2\/media?parent=44040"}],"wp:term":[{"taxonomy":"category","embeddable":true,"href":"https:\/\/diariotextual.com\/inicio\/index.php\/wp-json\/wp\/v2\/categories?post=44040"},{"taxonomy":"post_tag","embeddable":true,"href":"https:\/\/diariotextual.com\/inicio\/index.php\/wp-json\/wp\/v2\/tags?post=44040"}],"curies":[{"name":"wp","href":"https:\/\/api.w.org\/{rel}","templated":true}]}}