{"id":4410,"date":"2018-04-11T12:28:04","date_gmt":"2018-04-11T12:28:04","guid":{"rendered":"http:\/\/diariotextual.com\/inicio\/?p=4410"},"modified":"2018-04-11T19:18:14","modified_gmt":"2018-04-11T19:18:14","slug":"tragedia-aerea-revelan-la-comunicacion-del-avion-fue-normal","status":"publish","type":"post","link":"https:\/\/diariotextual.com\/inicio\/index.php\/2018\/04\/11\/tragedia-aerea-revelan-la-comunicacion-del-avion-fue-normal\/","title":{"rendered":"Tragedia a\u00e9rea: revelan que la comunicaci\u00f3n del avi\u00f3n fue normal"},"content":{"rendered":"<p>La Junta de Investigaci\u00f3n de Accidentes de Aviaci\u00f3n Civil dijo que el avi\u00f3n siniestrado el pasado domingo en el Meridiano V (l\u00edmite entre La Pampa y Buenos Aires) donde murieron sus cinco ocupantes, tuvo comunicaci\u00f3n \u201cen forma normal\u201d con las dependencias de control a\u00e9reo. La \u00faltima comunicaci\u00f3n fue con otra aeronave de un vuelo comercial.<\/p>\n<p>En un informe difundido este mi\u00e9rcoles, la JIAAC dijo que los equipos de trabajo de investigaci\u00f3n de campo (ETIC) contin\u00faan desarrollando los procedimientos de recolecci\u00f3n de datos y muestras en el terreno del accidente del avi\u00f3n Piper PA 34 Seneca matr\u00edcula LV-GZK, ocurrido el domingo 8 de abril, a aproximadamente las 12 en una zona rural ubicada 16 kil\u00f3metros al este de la localidad de Quem\u00fa Quem\u00fa.<\/p>\n<p>\u201cDe acuerdo a los informes recibidos, la aeronave estuvo en enlace con los servicios de navegaci\u00f3n a\u00e9rea y mantuvo comunicaciones con las dependencias de control en forma normal\u201d, revel\u00f3.<\/p>\n<p>\u201cLa \u00faltima comunicaci\u00f3n registrada fue a trav\u00e9s del enlace con otra aeronave, de un vuelo comercial, con el control de Mendoza. La aeronave contaba con un Transmisor Localizador de Emergencia (ELT) gracias al cual el Centro de Control de Misi\u00f3n Argentina (ARMCC), encargado de brindar el servicio de alerta de socorro satelital, notific\u00f3 la activaci\u00f3n\u201d, explic\u00f3 el organismo.<\/p>\n<p>El primer grupo ETIC se traslad\u00f3 v\u00eda terrestre desde Buenos Aires, arribando a la hora 1.20 de la madrugada del lunes. Procedi\u00f3 a realizar la inspecci\u00f3n visual de la zona y a tomar las primeras muestras fotogr\u00e1ficas en forma secuencial.<\/p>\n<p>\u201cSe control\u00f3 el per\u00edmetro y se coordin\u00f3 con polic\u00eda forense para retirar los cuerpos de los ocupantes. A lo largo del d\u00eda lunes continu\u00f3 el trabajo de campo, mediante el cual se registr\u00f3 en forma preliminar datos sobre la posici\u00f3n de tren de aterrizaje; flaps en posici\u00f3n 0\u00ba; motores con signos de potencia al momento del impacto; continuidad en los comandos de vuelo de la aeronave; instrumentos de vuelo y de navegaci\u00f3n completamente destruidos. Adem\u00e1s, se extrajeron muestras de combustibles para su an\u00e1lisis\u201d, concluy\u00f3 el informe.<\/p>\n<p>El siniestro ocurri\u00f3 el domingo al mediod\u00eda. Un\u00a0avi\u00f3n\u00a0Piper\u00a0que se dirig\u00eda desde\u00a0San Rafael (Mendoza)\u00a0a la localidad de\u00a0Tandil\u00a0(Buenos Aires) cay\u00f3 en el\u00a0Meridiano V, en\u00a0 el l\u00edmite entre La Pampa y Buenos Aires,\u00a0se incendi\u00f3 y fallecieron sus cinco ocupantes.\u00a0Las v\u00edctimas fueron identificadas como\u00a0Enrique Cantos, quien piloteaba el avi\u00f3n, y los pasajeros Pedro Sichez, Mauricio Balbi, Juan Otegui y Mariano Gullot.<\/p>\n","protected":false},"excerpt":{"rendered":"<p>La Junta de Investigaci\u00f3n de Accidentes de Aviaci\u00f3n Civil dijo que el avi\u00f3n siniestrado el pasado domingo en el Meridiano V (l\u00edmite entre La Pampa y Buenos Aires) donde murieron&hellip;<\/p>\n","protected":false},"author":7,"featured_media":4179,"comment_status":"open","ping_status":"open","sticky":false,"template":"","format":"standard","meta":{"_acf_changed":false,"footnotes":""},"categories":[10,12],"tags":[],"class_list":["post-4410","post","type-post","status-publish","format-standard","has-post-thumbnail","hentry","category-portada-2","category-sociedad"],"acf":[],"yoast_head":"<!-- This site is optimized with the Yoast SEO plugin v27.4 - https:\/\/yoast.com\/product\/yoast-seo-wordpress\/ -->\n<title>Tragedia a\u00e9rea: revelan que la comunicaci\u00f3n del avi\u00f3n fue normal - Diario Textual<\/title>\n<meta name=\"robots\" content=\"index, follow, max-snippet:-1, max-image-preview:large, max-video-preview:-1\" \/>\n<link rel=\"canonical\" href=\"https:\/\/diariotextual.com\/inicio\/index.php\/2018\/04\/11\/tragedia-aerea-revelan-la-comunicacion-del-avion-fue-normal\/\" \/>\n<meta property=\"og:locale\" content=\"es_ES\" \/>\n<meta property=\"og:type\" content=\"article\" \/>\n<meta property=\"og:title\" content=\"Tragedia a\u00e9rea: revelan que la comunicaci\u00f3n del avi\u00f3n fue normal - Diario Textual\" \/>\n<meta property=\"og:description\" content=\"La Junta de Investigaci\u00f3n de Accidentes de Aviaci\u00f3n Civil dijo que el avi\u00f3n siniestrado el pasado domingo en el Meridiano V (l\u00edmite entre La Pampa y Buenos Aires) donde murieron&hellip;\" \/>\n<meta property=\"og:url\" content=\"https:\/\/diariotextual.com\/inicio\/index.php\/2018\/04\/11\/tragedia-aerea-revelan-la-comunicacion-del-avion-fue-normal\/\" \/>\n<meta property=\"og:site_name\" content=\"Diario Textual\" \/>\n<meta property=\"article:publisher\" content=\"https:\/\/www.facebook.com\/eltextual\" \/>\n<meta property=\"article:published_time\" content=\"2018-04-11T12:28:04+00:00\" \/>\n<meta property=\"article:modified_time\" content=\"2018-04-11T19:18:14+00:00\" \/>\n<meta property=\"og:image\" content=\"https:\/\/diariotextual.com\/inicio\/wp-content\/uploads\/2018\/04\/avioncanemeridianoV-99016.jpg\" \/>\n\t<meta property=\"og:image:width\" content=\"729\" \/>\n\t<meta property=\"og:image:height\" content=\"502\" \/>\n\t<meta property=\"og:image:type\" content=\"image\/jpeg\" \/>\n<meta name=\"author\" content=\"diario5\" \/>\n<meta name=\"twitter:card\" content=\"summary_large_image\" \/>\n<meta name=\"twitter:creator\" content=\"@eltextual\" \/>\n<meta name=\"twitter:site\" content=\"@eltextual\" \/>\n<meta name=\"twitter:label1\" content=\"Escrito por\" \/>\n\t<meta name=\"twitter:data1\" content=\"diario5\" \/>\n\t<meta name=\"twitter:label2\" content=\"Tiempo de lectura\" \/>\n\t<meta name=\"twitter:data2\" content=\"2 minutos\" \/>\n<script type=\"application\/ld+json\" class=\"yoast-schema-graph\">{\"@context\":\"https:\\\/\\\/schema.org\",\"@graph\":[{\"@type\":\"Article\",\"@id\":\"https:\\\/\\\/diariotextual.com\\\/inicio\\\/index.php\\\/2018\\\/04\\\/11\\\/tragedia-aerea-revelan-la-comunicacion-del-avion-fue-normal\\\/#article\",\"isPartOf\":{\"@id\":\"https:\\\/\\\/diariotextual.com\\\/inicio\\\/index.php\\\/2018\\\/04\\\/11\\\/tragedia-aerea-revelan-la-comunicacion-del-avion-fue-normal\\\/\"},\"author\":{\"name\":\"diario5\",\"@id\":\"https:\\\/\\\/diariotextual.com\\\/inicio\\\/#\\\/schema\\\/person\\\/c7834961ad8b29b1d9cdbf4571299067\"},\"headline\":\"Tragedia a\u00e9rea: revelan que la comunicaci\u00f3n del avi\u00f3n fue normal\",\"datePublished\":\"2018-04-11T12:28:04+00:00\",\"dateModified\":\"2018-04-11T19:18:14+00:00\",\"mainEntityOfPage\":{\"@id\":\"https:\\\/\\\/diariotextual.com\\\/inicio\\\/index.php\\\/2018\\\/04\\\/11\\\/tragedia-aerea-revelan-la-comunicacion-del-avion-fue-normal\\\/\"},\"wordCount\":447,\"commentCount\":0,\"publisher\":{\"@id\":\"https:\\\/\\\/diariotextual.com\\\/inicio\\\/#organization\"},\"image\":{\"@id\":\"https:\\\/\\\/diariotextual.com\\\/inicio\\\/index.php\\\/2018\\\/04\\\/11\\\/tragedia-aerea-revelan-la-comunicacion-del-avion-fue-normal\\\/#primaryimage\"},\"thumbnailUrl\":\"https:\\\/\\\/diariotextual.com\\\/inicio\\\/wp-content\\\/uploads\\\/2018\\\/04\\\/avioncanemeridianoV-99016.jpg\",\"articleSection\":[\"A - PORTADA2\",\"SOCIEDAD\"],\"inLanguage\":\"es\",\"potentialAction\":[{\"@type\":\"CommentAction\",\"name\":\"Comment\",\"target\":[\"https:\\\/\\\/diariotextual.com\\\/inicio\\\/index.php\\\/2018\\\/04\\\/11\\\/tragedia-aerea-revelan-la-comunicacion-del-avion-fue-normal\\\/#respond\"]}]},{\"@type\":\"WebPage\",\"@id\":\"https:\\\/\\\/diariotextual.com\\\/inicio\\\/index.php\\\/2018\\\/04\\\/11\\\/tragedia-aerea-revelan-la-comunicacion-del-avion-fue-normal\\\/\",\"url\":\"https:\\\/\\\/diariotextual.com\\\/inicio\\\/index.php\\\/2018\\\/04\\\/11\\\/tragedia-aerea-revelan-la-comunicacion-del-avion-fue-normal\\\/\",\"name\":\"Tragedia a\u00e9rea: revelan que la comunicaci\u00f3n del avi\u00f3n fue normal - Diario Textual\",\"isPartOf\":{\"@id\":\"https:\\\/\\\/diariotextual.com\\\/inicio\\\/#website\"},\"primaryImageOfPage\":{\"@id\":\"https:\\\/\\\/diariotextual.com\\\/inicio\\\/index.php\\\/2018\\\/04\\\/11\\\/tragedia-aerea-revelan-la-comunicacion-del-avion-fue-normal\\\/#primaryimage\"},\"image\":{\"@id\":\"https:\\\/\\\/diariotextual.com\\\/inicio\\\/index.php\\\/2018\\\/04\\\/11\\\/tragedia-aerea-revelan-la-comunicacion-del-avion-fue-normal\\\/#primaryimage\"},\"thumbnailUrl\":\"https:\\\/\\\/diariotextual.com\\\/inicio\\\/wp-content\\\/uploads\\\/2018\\\/04\\\/avioncanemeridianoV-99016.jpg\",\"datePublished\":\"2018-04-11T12:28:04+00:00\",\"dateModified\":\"2018-04-11T19:18:14+00:00\",\"breadcrumb\":{\"@id\":\"https:\\\/\\\/diariotextual.com\\\/inicio\\\/index.php\\\/2018\\\/04\\\/11\\\/tragedia-aerea-revelan-la-comunicacion-del-avion-fue-normal\\\/#breadcrumb\"},\"inLanguage\":\"es\",\"potentialAction\":[{\"@type\":\"ReadAction\",\"target\":[\"https:\\\/\\\/diariotextual.com\\\/inicio\\\/index.php\\\/2018\\\/04\\\/11\\\/tragedia-aerea-revelan-la-comunicacion-del-avion-fue-normal\\\/\"]}]},{\"@type\":\"ImageObject\",\"inLanguage\":\"es\",\"@id\":\"https:\\\/\\\/diariotextual.com\\\/inicio\\\/index.php\\\/2018\\\/04\\\/11\\\/tragedia-aerea-revelan-la-comunicacion-del-avion-fue-normal\\\/#primaryimage\",\"url\":\"https:\\\/\\\/diariotextual.com\\\/inicio\\\/wp-content\\\/uploads\\\/2018\\\/04\\\/avioncanemeridianoV-99016.jpg\",\"contentUrl\":\"https:\\\/\\\/diariotextual.com\\\/inicio\\\/wp-content\\\/uploads\\\/2018\\\/04\\\/avioncanemeridianoV-99016.jpg\",\"width\":729,\"height\":502},{\"@type\":\"BreadcrumbList\",\"@id\":\"https:\\\/\\\/diariotextual.com\\\/inicio\\\/index.php\\\/2018\\\/04\\\/11\\\/tragedia-aerea-revelan-la-comunicacion-del-avion-fue-normal\\\/#breadcrumb\",\"itemListElement\":[{\"@type\":\"ListItem\",\"position\":1,\"name\":\"Portada\",\"item\":\"https:\\\/\\\/diariotextual.com\\\/inicio\\\/\"},{\"@type\":\"ListItem\",\"position\":2,\"name\":\"Tragedia a\u00e9rea: revelan que la comunicaci\u00f3n del avi\u00f3n fue normal\"}]},{\"@type\":\"WebSite\",\"@id\":\"https:\\\/\\\/diariotextual.com\\\/inicio\\\/#website\",\"url\":\"https:\\\/\\\/diariotextual.com\\\/inicio\\\/\",\"name\":\"Diario Textual\",\"description\":\"\",\"publisher\":{\"@id\":\"https:\\\/\\\/diariotextual.com\\\/inicio\\\/#organization\"},\"potentialAction\":[{\"@type\":\"SearchAction\",\"target\":{\"@type\":\"EntryPoint\",\"urlTemplate\":\"https:\\\/\\\/diariotextual.com\\\/inicio\\\/?s={search_term_string}\"},\"query-input\":{\"@type\":\"PropertyValueSpecification\",\"valueRequired\":true,\"valueName\":\"search_term_string\"}}],\"inLanguage\":\"es\"},{\"@type\":\"Organization\",\"@id\":\"https:\\\/\\\/diariotextual.com\\\/inicio\\\/#organization\",\"name\":\"Diario Textual\",\"url\":\"https:\\\/\\\/diariotextual.com\\\/inicio\\\/\",\"logo\":{\"@type\":\"ImageObject\",\"inLanguage\":\"es\",\"@id\":\"https:\\\/\\\/diariotextual.com\\\/inicio\\\/#\\\/schema\\\/logo\\\/image\\\/\",\"url\":\"https:\\\/\\\/diariotextual.com\\\/inicio\\\/wp-content\\\/uploads\\\/2023\\\/05\\\/logotextual1.jpg\",\"contentUrl\":\"https:\\\/\\\/diariotextual.com\\\/inicio\\\/wp-content\\\/uploads\\\/2023\\\/05\\\/logotextual1.jpg\",\"width\":516,\"height\":76,\"caption\":\"Diario Textual\"},\"image\":{\"@id\":\"https:\\\/\\\/diariotextual.com\\\/inicio\\\/#\\\/schema\\\/logo\\\/image\\\/\"},\"sameAs\":[\"https:\\\/\\\/www.facebook.com\\\/eltextual\",\"https:\\\/\\\/x.com\\\/eltextual\",\"http:\\\/\\\/www.instagram.com\\\/eltextual\"]},{\"@type\":\"Person\",\"@id\":\"https:\\\/\\\/diariotextual.com\\\/inicio\\\/#\\\/schema\\\/person\\\/c7834961ad8b29b1d9cdbf4571299067\",\"name\":\"diario5\",\"image\":{\"@type\":\"ImageObject\",\"inLanguage\":\"es\",\"@id\":\"https:\\\/\\\/secure.gravatar.com\\\/avatar\\\/948c893b847ca6df68216ead81b63f363408ec9b0f600fefc0641ce78613b111?s=96&d=mm&r=g\",\"url\":\"https:\\\/\\\/secure.gravatar.com\\\/avatar\\\/948c893b847ca6df68216ead81b63f363408ec9b0f600fefc0641ce78613b111?s=96&d=mm&r=g\",\"contentUrl\":\"https:\\\/\\\/secure.gravatar.com\\\/avatar\\\/948c893b847ca6df68216ead81b63f363408ec9b0f600fefc0641ce78613b111?s=96&d=mm&r=g\",\"caption\":\"diario5\"},\"url\":\"https:\\\/\\\/diariotextual.com\\\/inicio\\\/index.php\\\/author\\\/diario5\\\/\"}]}<\/script>\n<!-- \/ Yoast SEO plugin. -->","yoast_head_json":{"title":"Tragedia a\u00e9rea: revelan que la comunicaci\u00f3n del avi\u00f3n fue normal - Diario Textual","robots":{"index":"index","follow":"follow","max-snippet":"max-snippet:-1","max-image-preview":"max-image-preview:large","max-video-preview":"max-video-preview:-1"},"canonical":"https:\/\/diariotextual.com\/inicio\/index.php\/2018\/04\/11\/tragedia-aerea-revelan-la-comunicacion-del-avion-fue-normal\/","og_locale":"es_ES","og_type":"article","og_title":"Tragedia a\u00e9rea: revelan que la comunicaci\u00f3n del avi\u00f3n fue normal - Diario Textual","og_description":"La Junta de Investigaci\u00f3n de Accidentes de Aviaci\u00f3n Civil dijo que el avi\u00f3n siniestrado el pasado domingo en el Meridiano V (l\u00edmite entre La Pampa y Buenos Aires) donde murieron&hellip;","og_url":"https:\/\/diariotextual.com\/inicio\/index.php\/2018\/04\/11\/tragedia-aerea-revelan-la-comunicacion-del-avion-fue-normal\/","og_site_name":"Diario Textual","article_publisher":"https:\/\/www.facebook.com\/eltextual","article_published_time":"2018-04-11T12:28:04+00:00","article_modified_time":"2018-04-11T19:18:14+00:00","og_image":[{"width":729,"height":502,"url":"https:\/\/diariotextual.com\/inicio\/wp-content\/uploads\/2018\/04\/avioncanemeridianoV-99016.jpg","type":"image\/jpeg"}],"author":"diario5","twitter_card":"summary_large_image","twitter_creator":"@eltextual","twitter_site":"@eltextual","twitter_misc":{"Escrito por":"diario5","Tiempo de lectura":"2 minutos"},"schema":{"@context":"https:\/\/schema.org","@graph":[{"@type":"Article","@id":"https:\/\/diariotextual.com\/inicio\/index.php\/2018\/04\/11\/tragedia-aerea-revelan-la-comunicacion-del-avion-fue-normal\/#article","isPartOf":{"@id":"https:\/\/diariotextual.com\/inicio\/index.php\/2018\/04\/11\/tragedia-aerea-revelan-la-comunicacion-del-avion-fue-normal\/"},"author":{"name":"diario5","@id":"https:\/\/diariotextual.com\/inicio\/#\/schema\/person\/c7834961ad8b29b1d9cdbf4571299067"},"headline":"Tragedia a\u00e9rea: revelan que la comunicaci\u00f3n del avi\u00f3n fue normal","datePublished":"2018-04-11T12:28:04+00:00","dateModified":"2018-04-11T19:18:14+00:00","mainEntityOfPage":{"@id":"https:\/\/diariotextual.com\/inicio\/index.php\/2018\/04\/11\/tragedia-aerea-revelan-la-comunicacion-del-avion-fue-normal\/"},"wordCount":447,"commentCount":0,"publisher":{"@id":"https:\/\/diariotextual.com\/inicio\/#organization"},"image":{"@id":"https:\/\/diariotextual.com\/inicio\/index.php\/2018\/04\/11\/tragedia-aerea-revelan-la-comunicacion-del-avion-fue-normal\/#primaryimage"},"thumbnailUrl":"https:\/\/diariotextual.com\/inicio\/wp-content\/uploads\/2018\/04\/avioncanemeridianoV-99016.jpg","articleSection":["A - PORTADA2","SOCIEDAD"],"inLanguage":"es","potentialAction":[{"@type":"CommentAction","name":"Comment","target":["https:\/\/diariotextual.com\/inicio\/index.php\/2018\/04\/11\/tragedia-aerea-revelan-la-comunicacion-del-avion-fue-normal\/#respond"]}]},{"@type":"WebPage","@id":"https:\/\/diariotextual.com\/inicio\/index.php\/2018\/04\/11\/tragedia-aerea-revelan-la-comunicacion-del-avion-fue-normal\/","url":"https:\/\/diariotextual.com\/inicio\/index.php\/2018\/04\/11\/tragedia-aerea-revelan-la-comunicacion-del-avion-fue-normal\/","name":"Tragedia a\u00e9rea: revelan que la comunicaci\u00f3n del avi\u00f3n fue normal - Diario Textual","isPartOf":{"@id":"https:\/\/diariotextual.com\/inicio\/#website"},"primaryImageOfPage":{"@id":"https:\/\/diariotextual.com\/inicio\/index.php\/2018\/04\/11\/tragedia-aerea-revelan-la-comunicacion-del-avion-fue-normal\/#primaryimage"},"image":{"@id":"https:\/\/diariotextual.com\/inicio\/index.php\/2018\/04\/11\/tragedia-aerea-revelan-la-comunicacion-del-avion-fue-normal\/#primaryimage"},"thumbnailUrl":"https:\/\/diariotextual.com\/inicio\/wp-content\/uploads\/2018\/04\/avioncanemeridianoV-99016.jpg","datePublished":"2018-04-11T12:28:04+00:00","dateModified":"2018-04-11T19:18:14+00:00","breadcrumb":{"@id":"https:\/\/diariotextual.com\/inicio\/index.php\/2018\/04\/11\/tragedia-aerea-revelan-la-comunicacion-del-avion-fue-normal\/#breadcrumb"},"inLanguage":"es","potentialAction":[{"@type":"ReadAction","target":["https:\/\/diariotextual.com\/inicio\/index.php\/2018\/04\/11\/tragedia-aerea-revelan-la-comunicacion-del-avion-fue-normal\/"]}]},{"@type":"ImageObject","inLanguage":"es","@id":"https:\/\/diariotextual.com\/inicio\/index.php\/2018\/04\/11\/tragedia-aerea-revelan-la-comunicacion-del-avion-fue-normal\/#primaryimage","url":"https:\/\/diariotextual.com\/inicio\/wp-content\/uploads\/2018\/04\/avioncanemeridianoV-99016.jpg","contentUrl":"https:\/\/diariotextual.com\/inicio\/wp-content\/uploads\/2018\/04\/avioncanemeridianoV-99016.jpg","width":729,"height":502},{"@type":"BreadcrumbList","@id":"https:\/\/diariotextual.com\/inicio\/index.php\/2018\/04\/11\/tragedia-aerea-revelan-la-comunicacion-del-avion-fue-normal\/#breadcrumb","itemListElement":[{"@type":"ListItem","position":1,"name":"Portada","item":"https:\/\/diariotextual.com\/inicio\/"},{"@type":"ListItem","position":2,"name":"Tragedia a\u00e9rea: revelan que la comunicaci\u00f3n del avi\u00f3n fue normal"}]},{"@type":"WebSite","@id":"https:\/\/diariotextual.com\/inicio\/#website","url":"https:\/\/diariotextual.com\/inicio\/","name":"Diario Textual","description":"","publisher":{"@id":"https:\/\/diariotextual.com\/inicio\/#organization"},"potentialAction":[{"@type":"SearchAction","target":{"@type":"EntryPoint","urlTemplate":"https:\/\/diariotextual.com\/inicio\/?s={search_term_string}"},"query-input":{"@type":"PropertyValueSpecification","valueRequired":true,"valueName":"search_term_string"}}],"inLanguage":"es"},{"@type":"Organization","@id":"https:\/\/diariotextual.com\/inicio\/#organization","name":"Diario Textual","url":"https:\/\/diariotextual.com\/inicio\/","logo":{"@type":"ImageObject","inLanguage":"es","@id":"https:\/\/diariotextual.com\/inicio\/#\/schema\/logo\/image\/","url":"https:\/\/diariotextual.com\/inicio\/wp-content\/uploads\/2023\/05\/logotextual1.jpg","contentUrl":"https:\/\/diariotextual.com\/inicio\/wp-content\/uploads\/2023\/05\/logotextual1.jpg","width":516,"height":76,"caption":"Diario Textual"},"image":{"@id":"https:\/\/diariotextual.com\/inicio\/#\/schema\/logo\/image\/"},"sameAs":["https:\/\/www.facebook.com\/eltextual","https:\/\/x.com\/eltextual","http:\/\/www.instagram.com\/eltextual"]},{"@type":"Person","@id":"https:\/\/diariotextual.com\/inicio\/#\/schema\/person\/c7834961ad8b29b1d9cdbf4571299067","name":"diario5","image":{"@type":"ImageObject","inLanguage":"es","@id":"https:\/\/secure.gravatar.com\/avatar\/948c893b847ca6df68216ead81b63f363408ec9b0f600fefc0641ce78613b111?s=96&d=mm&r=g","url":"https:\/\/secure.gravatar.com\/avatar\/948c893b847ca6df68216ead81b63f363408ec9b0f600fefc0641ce78613b111?s=96&d=mm&r=g","contentUrl":"https:\/\/secure.gravatar.com\/avatar\/948c893b847ca6df68216ead81b63f363408ec9b0f600fefc0641ce78613b111?s=96&d=mm&r=g","caption":"diario5"},"url":"https:\/\/diariotextual.com\/inicio\/index.php\/author\/diario5\/"}]}},"_links":{"self":[{"href":"https:\/\/diariotextual.com\/inicio\/index.php\/wp-json\/wp\/v2\/posts\/4410","targetHints":{"allow":["GET"]}}],"collection":[{"href":"https:\/\/diariotextual.com\/inicio\/index.php\/wp-json\/wp\/v2\/posts"}],"about":[{"href":"https:\/\/diariotextual.com\/inicio\/index.php\/wp-json\/wp\/v2\/types\/post"}],"author":[{"embeddable":true,"href":"https:\/\/diariotextual.com\/inicio\/index.php\/wp-json\/wp\/v2\/users\/7"}],"replies":[{"embeddable":true,"href":"https:\/\/diariotextual.com\/inicio\/index.php\/wp-json\/wp\/v2\/comments?post=4410"}],"version-history":[{"count":2,"href":"https:\/\/diariotextual.com\/inicio\/index.php\/wp-json\/wp\/v2\/posts\/4410\/revisions"}],"predecessor-version":[{"id":4412,"href":"https:\/\/diariotextual.com\/inicio\/index.php\/wp-json\/wp\/v2\/posts\/4410\/revisions\/4412"}],"wp:featuredmedia":[{"embeddable":true,"href":"https:\/\/diariotextual.com\/inicio\/index.php\/wp-json\/wp\/v2\/media\/4179"}],"wp:attachment":[{"href":"https:\/\/diariotextual.com\/inicio\/index.php\/wp-json\/wp\/v2\/media?parent=4410"}],"wp:term":[{"taxonomy":"category","embeddable":true,"href":"https:\/\/diariotextual.com\/inicio\/index.php\/wp-json\/wp\/v2\/categories?post=4410"},{"taxonomy":"post_tag","embeddable":true,"href":"https:\/\/diariotextual.com\/inicio\/index.php\/wp-json\/wp\/v2\/tags?post=4410"}],"curies":[{"name":"wp","href":"https:\/\/api.w.org\/{rel}","templated":true}]}}