{"id":45170,"date":"2019-04-11T07:01:33","date_gmt":"2019-04-11T10:01:33","guid":{"rendered":"http:\/\/diariotextual.com\/inicio\/?p=45170"},"modified":"2019-04-11T08:47:48","modified_gmt":"2019-04-11T11:47:48","slug":"ecuador-retiro-asilo-assange-la-policia-britanica-arresto-al-activista","status":"publish","type":"post","link":"https:\/\/diariotextual.com\/inicio\/index.php\/2019\/04\/11\/ecuador-retiro-asilo-assange-la-policia-britanica-arresto-al-activista\/","title":{"rendered":"Ecuador retir\u00f3 el asilo de Assange y la Polic\u00eda brit\u00e1nica arrest\u00f3 al activista"},"content":{"rendered":"<p>Ecuador ha tomado la decisi\u00f3n de <strong>retirar el asilo diplom\u00e1tico del activista Julian Assange<\/strong>, fundador de WikiLeaks, seg\u00fan ha comunicado el presidente Len\u00edn Moreno. Seguidamente,<strong> la Polic\u00eda de Reino Unido ha arrestado al periodista.<\/strong><\/p>\n<p>\u00ab(Assange) ha sido puesto bajo custodia en\u00a0una estaci\u00f3n de polic\u00eda del centro de Londres donde permanecer\u00e1 antes de que sea presentado ante el Tribunal de Magistrados de Westminster lo antes posible\u00bb, reza un comunicado de la Polic\u00eda Metropolitana.<\/p>\n<p>Por su parte, <strong>WikiLeaks ha precisado que su fundador no sali\u00f3 de la Embajada, sino que el embajador ecuatoriano en Reino Unido invit\u00f3 a los oficiales a la misi\u00f3n diplom\u00e1tica para que efectuaran ah\u00ed el arresto.<\/strong><\/p>\n<p>Entretanto, el\u00a0ministro del Interior brit\u00e1nico,\u00a0Sajid Javid, ha asegurado que el periodista de origen australiano\u00a0enfrentar\u00e1 a la Justicia en el territorio de Reino Unido.<\/p>\n<p>El pasado martes, Moreno acus\u00f3 a Assange de haber violado \u00abdemasiadas veces\u00bb el acuerdo de convivencia para garantizar su permanencia en dicho edificio diplom\u00e1tico.<\/p>\n<p>Por su parte, WikiLeaks declar\u00f3 que estas acusaciones de Moreno llegan despu\u00e9s de que el portal de filtraciones publicara un informe sobre la implicaci\u00f3n del mandatario latinoamericano en una trama de corrupci\u00f3n llamada INA Papers.<\/p>\n<p>Este mi\u00e9rcoles, WikiLeaks denunci\u00f3 que Assange estaba siendo espiado por el Gobierno de Moreno en el recinto diplom\u00e1tico, presentando como pruebas extractos de video y fotograf\u00edas de c\u00e1maras de vigilancia de las reuniones privadas del activista.<\/p>\n<p><strong>Assange estaba refugiado en la Embajada de Ecuador en Londres (Reino Unido) desde junio de 2012, cuando Quito le proporcion\u00f3 asilo pol\u00edtico para evitar que fuese extraditado a Suecia<\/strong>, donde est\u00e1 vigente una orden de arresto en su contra bajo la acusaci\u00f3n de un supuesto caso de violencia sexual.<\/p>\n<p>El fundador de WikiLeaks opina que desde Suecia lo extraditar\u00edan a EE.UU., donde se podr\u00eda enfrentar a la pena de muerte por las filtraciones del portal.<\/p>\n<p>&nbsp;<\/p>\n<p>&nbsp;<\/p>\n<p>&nbsp;<\/p>\n","protected":false},"excerpt":{"rendered":"<p>Ecuador ha tomado la decisi\u00f3n de retirar el asilo diplom\u00e1tico del activista Julian Assange, fundador de WikiLeaks, seg\u00fan ha comunicado el presidente Len\u00edn Moreno. Seguidamente, la Polic\u00eda de Reino Unido&hellip;<\/p>\n","protected":false},"author":3,"featured_media":45173,"comment_status":"closed","ping_status":"open","sticky":false,"template":"","format":"standard","meta":{"_acf_changed":false,"footnotes":""},"categories":[11,319,7],"tags":[],"class_list":["post-45170","post","type-post","status-publish","format-standard","has-post-thumbnail","hentry","category-que-pasa","category-a-temporales","category-mundo"],"acf":[],"yoast_head":"<!-- This site is optimized with the Yoast SEO plugin v27.4 - https:\/\/yoast.com\/product\/yoast-seo-wordpress\/ -->\n<title>Ecuador retir\u00f3 el asilo de Assange y la Polic\u00eda brit\u00e1nica arrest\u00f3 al activista - Diario Textual<\/title>\n<meta name=\"robots\" content=\"index, follow, max-snippet:-1, max-image-preview:large, max-video-preview:-1\" \/>\n<link rel=\"canonical\" href=\"https:\/\/diariotextual.com\/inicio\/index.php\/2019\/04\/11\/ecuador-retiro-asilo-assange-la-policia-britanica-arresto-al-activista\/\" \/>\n<meta property=\"og:locale\" content=\"es_ES\" \/>\n<meta property=\"og:type\" content=\"article\" \/>\n<meta property=\"og:title\" content=\"Ecuador retir\u00f3 el asilo de Assange y la Polic\u00eda brit\u00e1nica arrest\u00f3 al activista - Diario Textual\" \/>\n<meta property=\"og:description\" content=\"Ecuador ha tomado la decisi\u00f3n de retirar el asilo diplom\u00e1tico del activista Julian Assange, fundador de WikiLeaks, seg\u00fan ha comunicado el presidente Len\u00edn Moreno. Seguidamente, la Polic\u00eda de Reino Unido&hellip;\" \/>\n<meta property=\"og:url\" content=\"https:\/\/diariotextual.com\/inicio\/index.php\/2019\/04\/11\/ecuador-retiro-asilo-assange-la-policia-britanica-arresto-al-activista\/\" \/>\n<meta property=\"og:site_name\" content=\"Diario Textual\" \/>\n<meta property=\"article:publisher\" content=\"https:\/\/www.facebook.com\/eltextual\" \/>\n<meta property=\"article:published_time\" content=\"2019-04-11T10:01:33+00:00\" \/>\n<meta property=\"article:modified_time\" content=\"2019-04-11T11:47:48+00:00\" \/>\n<meta property=\"og:image\" content=\"https:\/\/diariotextual.com\/inicio\/wp-content\/uploads\/2019\/04\/assangejulian34.jpg\" \/>\n\t<meta property=\"og:image:width\" content=\"1000\" \/>\n\t<meta property=\"og:image:height\" content=\"667\" \/>\n\t<meta property=\"og:image:type\" content=\"image\/jpeg\" \/>\n<meta name=\"author\" content=\"Diario1 Diario1\" \/>\n<meta name=\"twitter:card\" content=\"summary_large_image\" \/>\n<meta name=\"twitter:creator\" content=\"@eltextual\" \/>\n<meta name=\"twitter:site\" content=\"@eltextual\" \/>\n<meta name=\"twitter:label1\" content=\"Escrito por\" \/>\n\t<meta name=\"twitter:data1\" content=\"Diario1 Diario1\" \/>\n\t<meta name=\"twitter:label2\" content=\"Tiempo de lectura\" \/>\n\t<meta name=\"twitter:data2\" content=\"2 minutos\" \/>\n<script type=\"application\/ld+json\" class=\"yoast-schema-graph\">{\"@context\":\"https:\\\/\\\/schema.org\",\"@graph\":[{\"@type\":\"Article\",\"@id\":\"https:\\\/\\\/diariotextual.com\\\/inicio\\\/index.php\\\/2019\\\/04\\\/11\\\/ecuador-retiro-asilo-assange-la-policia-britanica-arresto-al-activista\\\/#article\",\"isPartOf\":{\"@id\":\"https:\\\/\\\/diariotextual.com\\\/inicio\\\/index.php\\\/2019\\\/04\\\/11\\\/ecuador-retiro-asilo-assange-la-policia-britanica-arresto-al-activista\\\/\"},\"author\":{\"name\":\"Diario1 Diario1\",\"@id\":\"https:\\\/\\\/diariotextual.com\\\/inicio\\\/#\\\/schema\\\/person\\\/418fc4093c33e86ed41562db3508f958\"},\"headline\":\"Ecuador retir\u00f3 el asilo de Assange y la Polic\u00eda brit\u00e1nica arrest\u00f3 al activista\",\"datePublished\":\"2019-04-11T10:01:33+00:00\",\"dateModified\":\"2019-04-11T11:47:48+00:00\",\"mainEntityOfPage\":{\"@id\":\"https:\\\/\\\/diariotextual.com\\\/inicio\\\/index.php\\\/2019\\\/04\\\/11\\\/ecuador-retiro-asilo-assange-la-policia-britanica-arresto-al-activista\\\/\"},\"wordCount\":346,\"publisher\":{\"@id\":\"https:\\\/\\\/diariotextual.com\\\/inicio\\\/#organization\"},\"image\":{\"@id\":\"https:\\\/\\\/diariotextual.com\\\/inicio\\\/index.php\\\/2019\\\/04\\\/11\\\/ecuador-retiro-asilo-assange-la-policia-britanica-arresto-al-activista\\\/#primaryimage\"},\"thumbnailUrl\":\"https:\\\/\\\/diariotextual.com\\\/inicio\\\/wp-content\\\/uploads\\\/2019\\\/04\\\/assangejulian34.jpg\",\"articleSection\":[\"A - QUE PASA (al costado)\",\"A - TEMPORALES\",\"MUNDO\"],\"inLanguage\":\"es\"},{\"@type\":\"WebPage\",\"@id\":\"https:\\\/\\\/diariotextual.com\\\/inicio\\\/index.php\\\/2019\\\/04\\\/11\\\/ecuador-retiro-asilo-assange-la-policia-britanica-arresto-al-activista\\\/\",\"url\":\"https:\\\/\\\/diariotextual.com\\\/inicio\\\/index.php\\\/2019\\\/04\\\/11\\\/ecuador-retiro-asilo-assange-la-policia-britanica-arresto-al-activista\\\/\",\"name\":\"Ecuador retir\u00f3 el asilo de Assange y la Polic\u00eda brit\u00e1nica arrest\u00f3 al activista - Diario Textual\",\"isPartOf\":{\"@id\":\"https:\\\/\\\/diariotextual.com\\\/inicio\\\/#website\"},\"primaryImageOfPage\":{\"@id\":\"https:\\\/\\\/diariotextual.com\\\/inicio\\\/index.php\\\/2019\\\/04\\\/11\\\/ecuador-retiro-asilo-assange-la-policia-britanica-arresto-al-activista\\\/#primaryimage\"},\"image\":{\"@id\":\"https:\\\/\\\/diariotextual.com\\\/inicio\\\/index.php\\\/2019\\\/04\\\/11\\\/ecuador-retiro-asilo-assange-la-policia-britanica-arresto-al-activista\\\/#primaryimage\"},\"thumbnailUrl\":\"https:\\\/\\\/diariotextual.com\\\/inicio\\\/wp-content\\\/uploads\\\/2019\\\/04\\\/assangejulian34.jpg\",\"datePublished\":\"2019-04-11T10:01:33+00:00\",\"dateModified\":\"2019-04-11T11:47:48+00:00\",\"breadcrumb\":{\"@id\":\"https:\\\/\\\/diariotextual.com\\\/inicio\\\/index.php\\\/2019\\\/04\\\/11\\\/ecuador-retiro-asilo-assange-la-policia-britanica-arresto-al-activista\\\/#breadcrumb\"},\"inLanguage\":\"es\",\"potentialAction\":[{\"@type\":\"ReadAction\",\"target\":[\"https:\\\/\\\/diariotextual.com\\\/inicio\\\/index.php\\\/2019\\\/04\\\/11\\\/ecuador-retiro-asilo-assange-la-policia-britanica-arresto-al-activista\\\/\"]}]},{\"@type\":\"ImageObject\",\"inLanguage\":\"es\",\"@id\":\"https:\\\/\\\/diariotextual.com\\\/inicio\\\/index.php\\\/2019\\\/04\\\/11\\\/ecuador-retiro-asilo-assange-la-policia-britanica-arresto-al-activista\\\/#primaryimage\",\"url\":\"https:\\\/\\\/diariotextual.com\\\/inicio\\\/wp-content\\\/uploads\\\/2019\\\/04\\\/assangejulian34.jpg\",\"contentUrl\":\"https:\\\/\\\/diariotextual.com\\\/inicio\\\/wp-content\\\/uploads\\\/2019\\\/04\\\/assangejulian34.jpg\",\"width\":1000,\"height\":667},{\"@type\":\"BreadcrumbList\",\"@id\":\"https:\\\/\\\/diariotextual.com\\\/inicio\\\/index.php\\\/2019\\\/04\\\/11\\\/ecuador-retiro-asilo-assange-la-policia-britanica-arresto-al-activista\\\/#breadcrumb\",\"itemListElement\":[{\"@type\":\"ListItem\",\"position\":1,\"name\":\"Portada\",\"item\":\"https:\\\/\\\/diariotextual.com\\\/inicio\\\/\"},{\"@type\":\"ListItem\",\"position\":2,\"name\":\"Ecuador retir\u00f3 el asilo de Assange y la Polic\u00eda brit\u00e1nica arrest\u00f3 al activista\"}]},{\"@type\":\"WebSite\",\"@id\":\"https:\\\/\\\/diariotextual.com\\\/inicio\\\/#website\",\"url\":\"https:\\\/\\\/diariotextual.com\\\/inicio\\\/\",\"name\":\"Diario Textual\",\"description\":\"\",\"publisher\":{\"@id\":\"https:\\\/\\\/diariotextual.com\\\/inicio\\\/#organization\"},\"potentialAction\":[{\"@type\":\"SearchAction\",\"target\":{\"@type\":\"EntryPoint\",\"urlTemplate\":\"https:\\\/\\\/diariotextual.com\\\/inicio\\\/?s={search_term_string}\"},\"query-input\":{\"@type\":\"PropertyValueSpecification\",\"valueRequired\":true,\"valueName\":\"search_term_string\"}}],\"inLanguage\":\"es\"},{\"@type\":\"Organization\",\"@id\":\"https:\\\/\\\/diariotextual.com\\\/inicio\\\/#organization\",\"name\":\"Diario Textual\",\"url\":\"https:\\\/\\\/diariotextual.com\\\/inicio\\\/\",\"logo\":{\"@type\":\"ImageObject\",\"inLanguage\":\"es\",\"@id\":\"https:\\\/\\\/diariotextual.com\\\/inicio\\\/#\\\/schema\\\/logo\\\/image\\\/\",\"url\":\"https:\\\/\\\/diariotextual.com\\\/inicio\\\/wp-content\\\/uploads\\\/2023\\\/05\\\/logotextual1.jpg\",\"contentUrl\":\"https:\\\/\\\/diariotextual.com\\\/inicio\\\/wp-content\\\/uploads\\\/2023\\\/05\\\/logotextual1.jpg\",\"width\":516,\"height\":76,\"caption\":\"Diario Textual\"},\"image\":{\"@id\":\"https:\\\/\\\/diariotextual.com\\\/inicio\\\/#\\\/schema\\\/logo\\\/image\\\/\"},\"sameAs\":[\"https:\\\/\\\/www.facebook.com\\\/eltextual\",\"https:\\\/\\\/x.com\\\/eltextual\",\"http:\\\/\\\/www.instagram.com\\\/eltextual\"]},{\"@type\":\"Person\",\"@id\":\"https:\\\/\\\/diariotextual.com\\\/inicio\\\/#\\\/schema\\\/person\\\/418fc4093c33e86ed41562db3508f958\",\"name\":\"Diario1 Diario1\",\"image\":{\"@type\":\"ImageObject\",\"inLanguage\":\"es\",\"@id\":\"https:\\\/\\\/secure.gravatar.com\\\/avatar\\\/9167d280179c85bc18be67aa7eda765854300033af4896dd779b608640f2ef7a?s=96&d=mm&r=g\",\"url\":\"https:\\\/\\\/secure.gravatar.com\\\/avatar\\\/9167d280179c85bc18be67aa7eda765854300033af4896dd779b608640f2ef7a?s=96&d=mm&r=g\",\"contentUrl\":\"https:\\\/\\\/secure.gravatar.com\\\/avatar\\\/9167d280179c85bc18be67aa7eda765854300033af4896dd779b608640f2ef7a?s=96&d=mm&r=g\",\"caption\":\"Diario1 Diario1\"},\"url\":\"https:\\\/\\\/diariotextual.com\\\/inicio\\\/index.php\\\/author\\\/diario1\\\/\"}]}<\/script>\n<!-- \/ Yoast SEO plugin. -->","yoast_head_json":{"title":"Ecuador retir\u00f3 el asilo de Assange y la Polic\u00eda brit\u00e1nica arrest\u00f3 al activista - Diario Textual","robots":{"index":"index","follow":"follow","max-snippet":"max-snippet:-1","max-image-preview":"max-image-preview:large","max-video-preview":"max-video-preview:-1"},"canonical":"https:\/\/diariotextual.com\/inicio\/index.php\/2019\/04\/11\/ecuador-retiro-asilo-assange-la-policia-britanica-arresto-al-activista\/","og_locale":"es_ES","og_type":"article","og_title":"Ecuador retir\u00f3 el asilo de Assange y la Polic\u00eda brit\u00e1nica arrest\u00f3 al activista - Diario Textual","og_description":"Ecuador ha tomado la decisi\u00f3n de retirar el asilo diplom\u00e1tico del activista Julian Assange, fundador de WikiLeaks, seg\u00fan ha comunicado el presidente Len\u00edn Moreno. Seguidamente, la Polic\u00eda de Reino Unido&hellip;","og_url":"https:\/\/diariotextual.com\/inicio\/index.php\/2019\/04\/11\/ecuador-retiro-asilo-assange-la-policia-britanica-arresto-al-activista\/","og_site_name":"Diario Textual","article_publisher":"https:\/\/www.facebook.com\/eltextual","article_published_time":"2019-04-11T10:01:33+00:00","article_modified_time":"2019-04-11T11:47:48+00:00","og_image":[{"width":1000,"height":667,"url":"https:\/\/diariotextual.com\/inicio\/wp-content\/uploads\/2019\/04\/assangejulian34.jpg","type":"image\/jpeg"}],"author":"Diario1 Diario1","twitter_card":"summary_large_image","twitter_creator":"@eltextual","twitter_site":"@eltextual","twitter_misc":{"Escrito por":"Diario1 Diario1","Tiempo de lectura":"2 minutos"},"schema":{"@context":"https:\/\/schema.org","@graph":[{"@type":"Article","@id":"https:\/\/diariotextual.com\/inicio\/index.php\/2019\/04\/11\/ecuador-retiro-asilo-assange-la-policia-britanica-arresto-al-activista\/#article","isPartOf":{"@id":"https:\/\/diariotextual.com\/inicio\/index.php\/2019\/04\/11\/ecuador-retiro-asilo-assange-la-policia-britanica-arresto-al-activista\/"},"author":{"name":"Diario1 Diario1","@id":"https:\/\/diariotextual.com\/inicio\/#\/schema\/person\/418fc4093c33e86ed41562db3508f958"},"headline":"Ecuador retir\u00f3 el asilo de Assange y la Polic\u00eda brit\u00e1nica arrest\u00f3 al activista","datePublished":"2019-04-11T10:01:33+00:00","dateModified":"2019-04-11T11:47:48+00:00","mainEntityOfPage":{"@id":"https:\/\/diariotextual.com\/inicio\/index.php\/2019\/04\/11\/ecuador-retiro-asilo-assange-la-policia-britanica-arresto-al-activista\/"},"wordCount":346,"publisher":{"@id":"https:\/\/diariotextual.com\/inicio\/#organization"},"image":{"@id":"https:\/\/diariotextual.com\/inicio\/index.php\/2019\/04\/11\/ecuador-retiro-asilo-assange-la-policia-britanica-arresto-al-activista\/#primaryimage"},"thumbnailUrl":"https:\/\/diariotextual.com\/inicio\/wp-content\/uploads\/2019\/04\/assangejulian34.jpg","articleSection":["A - QUE PASA (al costado)","A - TEMPORALES","MUNDO"],"inLanguage":"es"},{"@type":"WebPage","@id":"https:\/\/diariotextual.com\/inicio\/index.php\/2019\/04\/11\/ecuador-retiro-asilo-assange-la-policia-britanica-arresto-al-activista\/","url":"https:\/\/diariotextual.com\/inicio\/index.php\/2019\/04\/11\/ecuador-retiro-asilo-assange-la-policia-britanica-arresto-al-activista\/","name":"Ecuador retir\u00f3 el asilo de Assange y la Polic\u00eda brit\u00e1nica arrest\u00f3 al activista - Diario Textual","isPartOf":{"@id":"https:\/\/diariotextual.com\/inicio\/#website"},"primaryImageOfPage":{"@id":"https:\/\/diariotextual.com\/inicio\/index.php\/2019\/04\/11\/ecuador-retiro-asilo-assange-la-policia-britanica-arresto-al-activista\/#primaryimage"},"image":{"@id":"https:\/\/diariotextual.com\/inicio\/index.php\/2019\/04\/11\/ecuador-retiro-asilo-assange-la-policia-britanica-arresto-al-activista\/#primaryimage"},"thumbnailUrl":"https:\/\/diariotextual.com\/inicio\/wp-content\/uploads\/2019\/04\/assangejulian34.jpg","datePublished":"2019-04-11T10:01:33+00:00","dateModified":"2019-04-11T11:47:48+00:00","breadcrumb":{"@id":"https:\/\/diariotextual.com\/inicio\/index.php\/2019\/04\/11\/ecuador-retiro-asilo-assange-la-policia-britanica-arresto-al-activista\/#breadcrumb"},"inLanguage":"es","potentialAction":[{"@type":"ReadAction","target":["https:\/\/diariotextual.com\/inicio\/index.php\/2019\/04\/11\/ecuador-retiro-asilo-assange-la-policia-britanica-arresto-al-activista\/"]}]},{"@type":"ImageObject","inLanguage":"es","@id":"https:\/\/diariotextual.com\/inicio\/index.php\/2019\/04\/11\/ecuador-retiro-asilo-assange-la-policia-britanica-arresto-al-activista\/#primaryimage","url":"https:\/\/diariotextual.com\/inicio\/wp-content\/uploads\/2019\/04\/assangejulian34.jpg","contentUrl":"https:\/\/diariotextual.com\/inicio\/wp-content\/uploads\/2019\/04\/assangejulian34.jpg","width":1000,"height":667},{"@type":"BreadcrumbList","@id":"https:\/\/diariotextual.com\/inicio\/index.php\/2019\/04\/11\/ecuador-retiro-asilo-assange-la-policia-britanica-arresto-al-activista\/#breadcrumb","itemListElement":[{"@type":"ListItem","position":1,"name":"Portada","item":"https:\/\/diariotextual.com\/inicio\/"},{"@type":"ListItem","position":2,"name":"Ecuador retir\u00f3 el asilo de Assange y la Polic\u00eda brit\u00e1nica arrest\u00f3 al activista"}]},{"@type":"WebSite","@id":"https:\/\/diariotextual.com\/inicio\/#website","url":"https:\/\/diariotextual.com\/inicio\/","name":"Diario Textual","description":"","publisher":{"@id":"https:\/\/diariotextual.com\/inicio\/#organization"},"potentialAction":[{"@type":"SearchAction","target":{"@type":"EntryPoint","urlTemplate":"https:\/\/diariotextual.com\/inicio\/?s={search_term_string}"},"query-input":{"@type":"PropertyValueSpecification","valueRequired":true,"valueName":"search_term_string"}}],"inLanguage":"es"},{"@type":"Organization","@id":"https:\/\/diariotextual.com\/inicio\/#organization","name":"Diario Textual","url":"https:\/\/diariotextual.com\/inicio\/","logo":{"@type":"ImageObject","inLanguage":"es","@id":"https:\/\/diariotextual.com\/inicio\/#\/schema\/logo\/image\/","url":"https:\/\/diariotextual.com\/inicio\/wp-content\/uploads\/2023\/05\/logotextual1.jpg","contentUrl":"https:\/\/diariotextual.com\/inicio\/wp-content\/uploads\/2023\/05\/logotextual1.jpg","width":516,"height":76,"caption":"Diario Textual"},"image":{"@id":"https:\/\/diariotextual.com\/inicio\/#\/schema\/logo\/image\/"},"sameAs":["https:\/\/www.facebook.com\/eltextual","https:\/\/x.com\/eltextual","http:\/\/www.instagram.com\/eltextual"]},{"@type":"Person","@id":"https:\/\/diariotextual.com\/inicio\/#\/schema\/person\/418fc4093c33e86ed41562db3508f958","name":"Diario1 Diario1","image":{"@type":"ImageObject","inLanguage":"es","@id":"https:\/\/secure.gravatar.com\/avatar\/9167d280179c85bc18be67aa7eda765854300033af4896dd779b608640f2ef7a?s=96&d=mm&r=g","url":"https:\/\/secure.gravatar.com\/avatar\/9167d280179c85bc18be67aa7eda765854300033af4896dd779b608640f2ef7a?s=96&d=mm&r=g","contentUrl":"https:\/\/secure.gravatar.com\/avatar\/9167d280179c85bc18be67aa7eda765854300033af4896dd779b608640f2ef7a?s=96&d=mm&r=g","caption":"Diario1 Diario1"},"url":"https:\/\/diariotextual.com\/inicio\/index.php\/author\/diario1\/"}]}},"_links":{"self":[{"href":"https:\/\/diariotextual.com\/inicio\/index.php\/wp-json\/wp\/v2\/posts\/45170","targetHints":{"allow":["GET"]}}],"collection":[{"href":"https:\/\/diariotextual.com\/inicio\/index.php\/wp-json\/wp\/v2\/posts"}],"about":[{"href":"https:\/\/diariotextual.com\/inicio\/index.php\/wp-json\/wp\/v2\/types\/post"}],"author":[{"embeddable":true,"href":"https:\/\/diariotextual.com\/inicio\/index.php\/wp-json\/wp\/v2\/users\/3"}],"replies":[{"embeddable":true,"href":"https:\/\/diariotextual.com\/inicio\/index.php\/wp-json\/wp\/v2\/comments?post=45170"}],"version-history":[{"count":2,"href":"https:\/\/diariotextual.com\/inicio\/index.php\/wp-json\/wp\/v2\/posts\/45170\/revisions"}],"predecessor-version":[{"id":45172,"href":"https:\/\/diariotextual.com\/inicio\/index.php\/wp-json\/wp\/v2\/posts\/45170\/revisions\/45172"}],"wp:featuredmedia":[{"embeddable":true,"href":"https:\/\/diariotextual.com\/inicio\/index.php\/wp-json\/wp\/v2\/media\/45173"}],"wp:attachment":[{"href":"https:\/\/diariotextual.com\/inicio\/index.php\/wp-json\/wp\/v2\/media?parent=45170"}],"wp:term":[{"taxonomy":"category","embeddable":true,"href":"https:\/\/diariotextual.com\/inicio\/index.php\/wp-json\/wp\/v2\/categories?post=45170"},{"taxonomy":"post_tag","embeddable":true,"href":"https:\/\/diariotextual.com\/inicio\/index.php\/wp-json\/wp\/v2\/tags?post=45170"}],"curies":[{"name":"wp","href":"https:\/\/api.w.org\/{rel}","templated":true}]}}