{"id":45726,"date":"2019-04-15T21:26:18","date_gmt":"2019-04-16T00:26:18","guid":{"rendered":"http:\/\/diariotextual.com\/inicio\/?p=45726"},"modified":"2019-04-16T07:10:46","modified_gmt":"2019-04-16T10:10:46","slug":"presidente-francia-prometio-reconstruir-la-catedral-notre-dame","status":"publish","type":"post","link":"https:\/\/diariotextual.com\/inicio\/index.php\/2019\/04\/15\/presidente-francia-prometio-reconstruir-la-catedral-notre-dame\/","title":{"rendered":"El presidente de Francia prometi\u00f3 reconstruir la catedral de Notre Dame"},"content":{"rendered":"<p><strong>\u00abReconstruiremos Notre Dame\u00bb<\/strong>, prometi\u00f3 el lunes el presidente de Francia,<strong> Emmanuel Macron<\/strong>, despu\u00e9s de visitar la emblem\u00e1tica catedral parisina que fue parcialmente arrasada por un voraz incendio. \u00abSe ha evitado lo peor, aunque todav\u00eda no hemos ganado la batalla totalmente\u00bb, dijo el mandatario franc\u00e9s, visiblemente emocionado, antes de agradecer a los bomberos por haber salvado las dos torres y la fachada del monumento.<\/p>\n<p>\u00abLas pr\u00f3ximas horas ser\u00e1n dif\u00edciles\u00bb, a\u00f1adi\u00f3, describiendo el siniestro como una \u00abterrible tragedia\u00bb, pero se\u00f1al\u00f3 que Francia har\u00e1 un llamado \u00aba los m\u00e1s grandes talentos\u00bb para reconstruir el edificio.<\/p>\n<p>Macron ten\u00eda previsto dirigirse al pa\u00eds en la tarde del lunes para anunciar medidas frente a la crisis de los \u00abchalecos amarillos\u00bb, pero debi\u00f3 cancelar su discurso para dirigirse al lugar del siniestro.<\/p>\n<p>Los bomberos de Par\u00eds luchaban en la madrugada del martes contrarreloj para sofocar las llamas en un intento de salvar la emblem\u00e1tica catedral de Notre Dame de Par\u00eds del incendio que ya derrib\u00f3 la aguja y el techo. Por el momento consiguieron \u00abpreservar\u00bb la estructura.<\/p>\n<div class=\"row pb-content-type-text\">\n<div class=\"col-xs-12 col-print-12\">\n<p class=\"element element-paragraph\">\u00abPodemos considerar que la estructura est\u00e1 a salvo y preservada en su globalidad\u00bb, inform\u00f3 el comandante de la brigada de bomberos de Par\u00eds,\u00a0<strong>Jean-Claude Gallet<\/strong>. Era la noticia que toda la ciudad esperaba desde hac\u00eda horas, con el coraz\u00f3n en un pu\u00f1o.<\/p>\n<\/div>\n<\/div>\n<div class=\"row pb-content-type-text\">\n<div class=\"col-xs-12 col-print-12\">\n<p class=\"element element-paragraph\">\u00abEl fuego baj\u00f3 de intensidad\u00bb, declar\u00f3 el secretario de Estado de Interior\u00a0<strong>Laurent Nu\u00f1ez<\/strong>, muy aliviado. Poco antes hab\u00eda dicho que no estaba seguro de que se pudiera \u00abfrenar la propagaci\u00f3n en la torre norte\u00bb.<\/p>\n<\/div>\n<p>Se desconoce el origen del fuego, que se declar\u00f3 alrededor de las 18:50 (16:50 GMT) en una zona del tejado que estaba siendo remodelada. Los bomberos indicaron que est\u00e1 \u00abpotencialmente ligado\u00bb a las obras.<\/p>\n<\/div>\n<p>&nbsp;<\/p>\n<p>&nbsp;<\/p>\n<p>&nbsp;<\/p>\n","protected":false},"excerpt":{"rendered":"<p>\u00abReconstruiremos Notre Dame\u00bb, prometi\u00f3 el lunes el presidente de Francia, Emmanuel Macron, despu\u00e9s de visitar la emblem\u00e1tica catedral parisina que fue parcialmente arrasada por un voraz incendio. \u00abSe ha evitado&hellip;<\/p>\n","protected":false},"author":3,"featured_media":45728,"comment_status":"closed","ping_status":"open","sticky":false,"template":"","format":"standard","meta":{"_acf_changed":false,"footnotes":""},"categories":[10,7],"tags":[],"class_list":["post-45726","post","type-post","status-publish","format-standard","has-post-thumbnail","hentry","category-portada-2","category-mundo"],"acf":[],"yoast_head":"<!-- This site is optimized with the Yoast SEO plugin v27.4 - https:\/\/yoast.com\/product\/yoast-seo-wordpress\/ -->\n<title>El presidente de Francia prometi\u00f3 reconstruir la catedral de Notre Dame - Diario Textual<\/title>\n<meta name=\"robots\" content=\"index, follow, max-snippet:-1, max-image-preview:large, max-video-preview:-1\" \/>\n<link rel=\"canonical\" href=\"https:\/\/diariotextual.com\/inicio\/index.php\/2019\/04\/15\/presidente-francia-prometio-reconstruir-la-catedral-notre-dame\/\" \/>\n<meta property=\"og:locale\" content=\"es_ES\" \/>\n<meta property=\"og:type\" content=\"article\" \/>\n<meta property=\"og:title\" content=\"El presidente de Francia prometi\u00f3 reconstruir la catedral de Notre Dame - Diario Textual\" \/>\n<meta property=\"og:description\" content=\"\u00abReconstruiremos Notre Dame\u00bb, prometi\u00f3 el lunes el presidente de Francia, Emmanuel Macron, despu\u00e9s de visitar la emblem\u00e1tica catedral parisina que fue parcialmente arrasada por un voraz incendio. \u00abSe ha evitado&hellip;\" \/>\n<meta property=\"og:url\" content=\"https:\/\/diariotextual.com\/inicio\/index.php\/2019\/04\/15\/presidente-francia-prometio-reconstruir-la-catedral-notre-dame\/\" \/>\n<meta property=\"og:site_name\" content=\"Diario Textual\" \/>\n<meta property=\"article:publisher\" content=\"https:\/\/www.facebook.com\/eltextual\" \/>\n<meta property=\"article:published_time\" content=\"2019-04-16T00:26:18+00:00\" \/>\n<meta property=\"article:modified_time\" content=\"2019-04-16T10:10:46+00:00\" \/>\n<meta property=\"og:image\" content=\"https:\/\/diariotextual.com\/inicio\/wp-content\/uploads\/2019\/04\/notredame2019-3.jpeg\" \/>\n\t<meta property=\"og:image:width\" content=\"824\" \/>\n\t<meta property=\"og:image:height\" content=\"464\" \/>\n\t<meta property=\"og:image:type\" content=\"image\/jpeg\" \/>\n<meta name=\"author\" content=\"Diario1 Diario1\" \/>\n<meta name=\"twitter:card\" content=\"summary_large_image\" \/>\n<meta name=\"twitter:creator\" content=\"@eltextual\" \/>\n<meta name=\"twitter:site\" content=\"@eltextual\" \/>\n<meta name=\"twitter:label1\" content=\"Escrito por\" \/>\n\t<meta name=\"twitter:data1\" content=\"Diario1 Diario1\" \/>\n\t<meta name=\"twitter:label2\" content=\"Tiempo de lectura\" \/>\n\t<meta name=\"twitter:data2\" content=\"2 minutos\" \/>\n<script type=\"application\/ld+json\" class=\"yoast-schema-graph\">{\"@context\":\"https:\\\/\\\/schema.org\",\"@graph\":[{\"@type\":\"Article\",\"@id\":\"https:\\\/\\\/diariotextual.com\\\/inicio\\\/index.php\\\/2019\\\/04\\\/15\\\/presidente-francia-prometio-reconstruir-la-catedral-notre-dame\\\/#article\",\"isPartOf\":{\"@id\":\"https:\\\/\\\/diariotextual.com\\\/inicio\\\/index.php\\\/2019\\\/04\\\/15\\\/presidente-francia-prometio-reconstruir-la-catedral-notre-dame\\\/\"},\"author\":{\"name\":\"Diario1 Diario1\",\"@id\":\"https:\\\/\\\/diariotextual.com\\\/inicio\\\/#\\\/schema\\\/person\\\/418fc4093c33e86ed41562db3508f958\"},\"headline\":\"El presidente de Francia prometi\u00f3 reconstruir la catedral de Notre Dame\",\"datePublished\":\"2019-04-16T00:26:18+00:00\",\"dateModified\":\"2019-04-16T10:10:46+00:00\",\"mainEntityOfPage\":{\"@id\":\"https:\\\/\\\/diariotextual.com\\\/inicio\\\/index.php\\\/2019\\\/04\\\/15\\\/presidente-francia-prometio-reconstruir-la-catedral-notre-dame\\\/\"},\"wordCount\":315,\"publisher\":{\"@id\":\"https:\\\/\\\/diariotextual.com\\\/inicio\\\/#organization\"},\"image\":{\"@id\":\"https:\\\/\\\/diariotextual.com\\\/inicio\\\/index.php\\\/2019\\\/04\\\/15\\\/presidente-francia-prometio-reconstruir-la-catedral-notre-dame\\\/#primaryimage\"},\"thumbnailUrl\":\"https:\\\/\\\/diariotextual.com\\\/inicio\\\/wp-content\\\/uploads\\\/2019\\\/04\\\/notredame2019-3.jpeg\",\"articleSection\":[\"A - PORTADA2\",\"MUNDO\"],\"inLanguage\":\"es\"},{\"@type\":\"WebPage\",\"@id\":\"https:\\\/\\\/diariotextual.com\\\/inicio\\\/index.php\\\/2019\\\/04\\\/15\\\/presidente-francia-prometio-reconstruir-la-catedral-notre-dame\\\/\",\"url\":\"https:\\\/\\\/diariotextual.com\\\/inicio\\\/index.php\\\/2019\\\/04\\\/15\\\/presidente-francia-prometio-reconstruir-la-catedral-notre-dame\\\/\",\"name\":\"El presidente de Francia prometi\u00f3 reconstruir la catedral de Notre Dame - Diario Textual\",\"isPartOf\":{\"@id\":\"https:\\\/\\\/diariotextual.com\\\/inicio\\\/#website\"},\"primaryImageOfPage\":{\"@id\":\"https:\\\/\\\/diariotextual.com\\\/inicio\\\/index.php\\\/2019\\\/04\\\/15\\\/presidente-francia-prometio-reconstruir-la-catedral-notre-dame\\\/#primaryimage\"},\"image\":{\"@id\":\"https:\\\/\\\/diariotextual.com\\\/inicio\\\/index.php\\\/2019\\\/04\\\/15\\\/presidente-francia-prometio-reconstruir-la-catedral-notre-dame\\\/#primaryimage\"},\"thumbnailUrl\":\"https:\\\/\\\/diariotextual.com\\\/inicio\\\/wp-content\\\/uploads\\\/2019\\\/04\\\/notredame2019-3.jpeg\",\"datePublished\":\"2019-04-16T00:26:18+00:00\",\"dateModified\":\"2019-04-16T10:10:46+00:00\",\"breadcrumb\":{\"@id\":\"https:\\\/\\\/diariotextual.com\\\/inicio\\\/index.php\\\/2019\\\/04\\\/15\\\/presidente-francia-prometio-reconstruir-la-catedral-notre-dame\\\/#breadcrumb\"},\"inLanguage\":\"es\",\"potentialAction\":[{\"@type\":\"ReadAction\",\"target\":[\"https:\\\/\\\/diariotextual.com\\\/inicio\\\/index.php\\\/2019\\\/04\\\/15\\\/presidente-francia-prometio-reconstruir-la-catedral-notre-dame\\\/\"]}]},{\"@type\":\"ImageObject\",\"inLanguage\":\"es\",\"@id\":\"https:\\\/\\\/diariotextual.com\\\/inicio\\\/index.php\\\/2019\\\/04\\\/15\\\/presidente-francia-prometio-reconstruir-la-catedral-notre-dame\\\/#primaryimage\",\"url\":\"https:\\\/\\\/diariotextual.com\\\/inicio\\\/wp-content\\\/uploads\\\/2019\\\/04\\\/notredame2019-3.jpeg\",\"contentUrl\":\"https:\\\/\\\/diariotextual.com\\\/inicio\\\/wp-content\\\/uploads\\\/2019\\\/04\\\/notredame2019-3.jpeg\",\"width\":824,\"height\":464},{\"@type\":\"BreadcrumbList\",\"@id\":\"https:\\\/\\\/diariotextual.com\\\/inicio\\\/index.php\\\/2019\\\/04\\\/15\\\/presidente-francia-prometio-reconstruir-la-catedral-notre-dame\\\/#breadcrumb\",\"itemListElement\":[{\"@type\":\"ListItem\",\"position\":1,\"name\":\"Portada\",\"item\":\"https:\\\/\\\/diariotextual.com\\\/inicio\\\/\"},{\"@type\":\"ListItem\",\"position\":2,\"name\":\"El presidente de Francia prometi\u00f3 reconstruir la catedral de Notre Dame\"}]},{\"@type\":\"WebSite\",\"@id\":\"https:\\\/\\\/diariotextual.com\\\/inicio\\\/#website\",\"url\":\"https:\\\/\\\/diariotextual.com\\\/inicio\\\/\",\"name\":\"Diario Textual\",\"description\":\"\",\"publisher\":{\"@id\":\"https:\\\/\\\/diariotextual.com\\\/inicio\\\/#organization\"},\"potentialAction\":[{\"@type\":\"SearchAction\",\"target\":{\"@type\":\"EntryPoint\",\"urlTemplate\":\"https:\\\/\\\/diariotextual.com\\\/inicio\\\/?s={search_term_string}\"},\"query-input\":{\"@type\":\"PropertyValueSpecification\",\"valueRequired\":true,\"valueName\":\"search_term_string\"}}],\"inLanguage\":\"es\"},{\"@type\":\"Organization\",\"@id\":\"https:\\\/\\\/diariotextual.com\\\/inicio\\\/#organization\",\"name\":\"Diario Textual\",\"url\":\"https:\\\/\\\/diariotextual.com\\\/inicio\\\/\",\"logo\":{\"@type\":\"ImageObject\",\"inLanguage\":\"es\",\"@id\":\"https:\\\/\\\/diariotextual.com\\\/inicio\\\/#\\\/schema\\\/logo\\\/image\\\/\",\"url\":\"https:\\\/\\\/diariotextual.com\\\/inicio\\\/wp-content\\\/uploads\\\/2023\\\/05\\\/logotextual1.jpg\",\"contentUrl\":\"https:\\\/\\\/diariotextual.com\\\/inicio\\\/wp-content\\\/uploads\\\/2023\\\/05\\\/logotextual1.jpg\",\"width\":516,\"height\":76,\"caption\":\"Diario Textual\"},\"image\":{\"@id\":\"https:\\\/\\\/diariotextual.com\\\/inicio\\\/#\\\/schema\\\/logo\\\/image\\\/\"},\"sameAs\":[\"https:\\\/\\\/www.facebook.com\\\/eltextual\",\"https:\\\/\\\/x.com\\\/eltextual\",\"http:\\\/\\\/www.instagram.com\\\/eltextual\"]},{\"@type\":\"Person\",\"@id\":\"https:\\\/\\\/diariotextual.com\\\/inicio\\\/#\\\/schema\\\/person\\\/418fc4093c33e86ed41562db3508f958\",\"name\":\"Diario1 Diario1\",\"image\":{\"@type\":\"ImageObject\",\"inLanguage\":\"es\",\"@id\":\"https:\\\/\\\/secure.gravatar.com\\\/avatar\\\/9167d280179c85bc18be67aa7eda765854300033af4896dd779b608640f2ef7a?s=96&d=mm&r=g\",\"url\":\"https:\\\/\\\/secure.gravatar.com\\\/avatar\\\/9167d280179c85bc18be67aa7eda765854300033af4896dd779b608640f2ef7a?s=96&d=mm&r=g\",\"contentUrl\":\"https:\\\/\\\/secure.gravatar.com\\\/avatar\\\/9167d280179c85bc18be67aa7eda765854300033af4896dd779b608640f2ef7a?s=96&d=mm&r=g\",\"caption\":\"Diario1 Diario1\"},\"url\":\"https:\\\/\\\/diariotextual.com\\\/inicio\\\/index.php\\\/author\\\/diario1\\\/\"}]}<\/script>\n<!-- \/ Yoast SEO plugin. -->","yoast_head_json":{"title":"El presidente de Francia prometi\u00f3 reconstruir la catedral de Notre Dame - Diario Textual","robots":{"index":"index","follow":"follow","max-snippet":"max-snippet:-1","max-image-preview":"max-image-preview:large","max-video-preview":"max-video-preview:-1"},"canonical":"https:\/\/diariotextual.com\/inicio\/index.php\/2019\/04\/15\/presidente-francia-prometio-reconstruir-la-catedral-notre-dame\/","og_locale":"es_ES","og_type":"article","og_title":"El presidente de Francia prometi\u00f3 reconstruir la catedral de Notre Dame - Diario Textual","og_description":"\u00abReconstruiremos Notre Dame\u00bb, prometi\u00f3 el lunes el presidente de Francia, Emmanuel Macron, despu\u00e9s de visitar la emblem\u00e1tica catedral parisina que fue parcialmente arrasada por un voraz incendio. \u00abSe ha evitado&hellip;","og_url":"https:\/\/diariotextual.com\/inicio\/index.php\/2019\/04\/15\/presidente-francia-prometio-reconstruir-la-catedral-notre-dame\/","og_site_name":"Diario Textual","article_publisher":"https:\/\/www.facebook.com\/eltextual","article_published_time":"2019-04-16T00:26:18+00:00","article_modified_time":"2019-04-16T10:10:46+00:00","og_image":[{"width":824,"height":464,"url":"https:\/\/diariotextual.com\/inicio\/wp-content\/uploads\/2019\/04\/notredame2019-3.jpeg","type":"image\/jpeg"}],"author":"Diario1 Diario1","twitter_card":"summary_large_image","twitter_creator":"@eltextual","twitter_site":"@eltextual","twitter_misc":{"Escrito por":"Diario1 Diario1","Tiempo de lectura":"2 minutos"},"schema":{"@context":"https:\/\/schema.org","@graph":[{"@type":"Article","@id":"https:\/\/diariotextual.com\/inicio\/index.php\/2019\/04\/15\/presidente-francia-prometio-reconstruir-la-catedral-notre-dame\/#article","isPartOf":{"@id":"https:\/\/diariotextual.com\/inicio\/index.php\/2019\/04\/15\/presidente-francia-prometio-reconstruir-la-catedral-notre-dame\/"},"author":{"name":"Diario1 Diario1","@id":"https:\/\/diariotextual.com\/inicio\/#\/schema\/person\/418fc4093c33e86ed41562db3508f958"},"headline":"El presidente de Francia prometi\u00f3 reconstruir la catedral de Notre Dame","datePublished":"2019-04-16T00:26:18+00:00","dateModified":"2019-04-16T10:10:46+00:00","mainEntityOfPage":{"@id":"https:\/\/diariotextual.com\/inicio\/index.php\/2019\/04\/15\/presidente-francia-prometio-reconstruir-la-catedral-notre-dame\/"},"wordCount":315,"publisher":{"@id":"https:\/\/diariotextual.com\/inicio\/#organization"},"image":{"@id":"https:\/\/diariotextual.com\/inicio\/index.php\/2019\/04\/15\/presidente-francia-prometio-reconstruir-la-catedral-notre-dame\/#primaryimage"},"thumbnailUrl":"https:\/\/diariotextual.com\/inicio\/wp-content\/uploads\/2019\/04\/notredame2019-3.jpeg","articleSection":["A - PORTADA2","MUNDO"],"inLanguage":"es"},{"@type":"WebPage","@id":"https:\/\/diariotextual.com\/inicio\/index.php\/2019\/04\/15\/presidente-francia-prometio-reconstruir-la-catedral-notre-dame\/","url":"https:\/\/diariotextual.com\/inicio\/index.php\/2019\/04\/15\/presidente-francia-prometio-reconstruir-la-catedral-notre-dame\/","name":"El presidente de Francia prometi\u00f3 reconstruir la catedral de Notre Dame - Diario Textual","isPartOf":{"@id":"https:\/\/diariotextual.com\/inicio\/#website"},"primaryImageOfPage":{"@id":"https:\/\/diariotextual.com\/inicio\/index.php\/2019\/04\/15\/presidente-francia-prometio-reconstruir-la-catedral-notre-dame\/#primaryimage"},"image":{"@id":"https:\/\/diariotextual.com\/inicio\/index.php\/2019\/04\/15\/presidente-francia-prometio-reconstruir-la-catedral-notre-dame\/#primaryimage"},"thumbnailUrl":"https:\/\/diariotextual.com\/inicio\/wp-content\/uploads\/2019\/04\/notredame2019-3.jpeg","datePublished":"2019-04-16T00:26:18+00:00","dateModified":"2019-04-16T10:10:46+00:00","breadcrumb":{"@id":"https:\/\/diariotextual.com\/inicio\/index.php\/2019\/04\/15\/presidente-francia-prometio-reconstruir-la-catedral-notre-dame\/#breadcrumb"},"inLanguage":"es","potentialAction":[{"@type":"ReadAction","target":["https:\/\/diariotextual.com\/inicio\/index.php\/2019\/04\/15\/presidente-francia-prometio-reconstruir-la-catedral-notre-dame\/"]}]},{"@type":"ImageObject","inLanguage":"es","@id":"https:\/\/diariotextual.com\/inicio\/index.php\/2019\/04\/15\/presidente-francia-prometio-reconstruir-la-catedral-notre-dame\/#primaryimage","url":"https:\/\/diariotextual.com\/inicio\/wp-content\/uploads\/2019\/04\/notredame2019-3.jpeg","contentUrl":"https:\/\/diariotextual.com\/inicio\/wp-content\/uploads\/2019\/04\/notredame2019-3.jpeg","width":824,"height":464},{"@type":"BreadcrumbList","@id":"https:\/\/diariotextual.com\/inicio\/index.php\/2019\/04\/15\/presidente-francia-prometio-reconstruir-la-catedral-notre-dame\/#breadcrumb","itemListElement":[{"@type":"ListItem","position":1,"name":"Portada","item":"https:\/\/diariotextual.com\/inicio\/"},{"@type":"ListItem","position":2,"name":"El presidente de Francia prometi\u00f3 reconstruir la catedral de Notre Dame"}]},{"@type":"WebSite","@id":"https:\/\/diariotextual.com\/inicio\/#website","url":"https:\/\/diariotextual.com\/inicio\/","name":"Diario Textual","description":"","publisher":{"@id":"https:\/\/diariotextual.com\/inicio\/#organization"},"potentialAction":[{"@type":"SearchAction","target":{"@type":"EntryPoint","urlTemplate":"https:\/\/diariotextual.com\/inicio\/?s={search_term_string}"},"query-input":{"@type":"PropertyValueSpecification","valueRequired":true,"valueName":"search_term_string"}}],"inLanguage":"es"},{"@type":"Organization","@id":"https:\/\/diariotextual.com\/inicio\/#organization","name":"Diario Textual","url":"https:\/\/diariotextual.com\/inicio\/","logo":{"@type":"ImageObject","inLanguage":"es","@id":"https:\/\/diariotextual.com\/inicio\/#\/schema\/logo\/image\/","url":"https:\/\/diariotextual.com\/inicio\/wp-content\/uploads\/2023\/05\/logotextual1.jpg","contentUrl":"https:\/\/diariotextual.com\/inicio\/wp-content\/uploads\/2023\/05\/logotextual1.jpg","width":516,"height":76,"caption":"Diario Textual"},"image":{"@id":"https:\/\/diariotextual.com\/inicio\/#\/schema\/logo\/image\/"},"sameAs":["https:\/\/www.facebook.com\/eltextual","https:\/\/x.com\/eltextual","http:\/\/www.instagram.com\/eltextual"]},{"@type":"Person","@id":"https:\/\/diariotextual.com\/inicio\/#\/schema\/person\/418fc4093c33e86ed41562db3508f958","name":"Diario1 Diario1","image":{"@type":"ImageObject","inLanguage":"es","@id":"https:\/\/secure.gravatar.com\/avatar\/9167d280179c85bc18be67aa7eda765854300033af4896dd779b608640f2ef7a?s=96&d=mm&r=g","url":"https:\/\/secure.gravatar.com\/avatar\/9167d280179c85bc18be67aa7eda765854300033af4896dd779b608640f2ef7a?s=96&d=mm&r=g","contentUrl":"https:\/\/secure.gravatar.com\/avatar\/9167d280179c85bc18be67aa7eda765854300033af4896dd779b608640f2ef7a?s=96&d=mm&r=g","caption":"Diario1 Diario1"},"url":"https:\/\/diariotextual.com\/inicio\/index.php\/author\/diario1\/"}]}},"_links":{"self":[{"href":"https:\/\/diariotextual.com\/inicio\/index.php\/wp-json\/wp\/v2\/posts\/45726","targetHints":{"allow":["GET"]}}],"collection":[{"href":"https:\/\/diariotextual.com\/inicio\/index.php\/wp-json\/wp\/v2\/posts"}],"about":[{"href":"https:\/\/diariotextual.com\/inicio\/index.php\/wp-json\/wp\/v2\/types\/post"}],"author":[{"embeddable":true,"href":"https:\/\/diariotextual.com\/inicio\/index.php\/wp-json\/wp\/v2\/users\/3"}],"replies":[{"embeddable":true,"href":"https:\/\/diariotextual.com\/inicio\/index.php\/wp-json\/wp\/v2\/comments?post=45726"}],"version-history":[{"count":2,"href":"https:\/\/diariotextual.com\/inicio\/index.php\/wp-json\/wp\/v2\/posts\/45726\/revisions"}],"predecessor-version":[{"id":45729,"href":"https:\/\/diariotextual.com\/inicio\/index.php\/wp-json\/wp\/v2\/posts\/45726\/revisions\/45729"}],"wp:featuredmedia":[{"embeddable":true,"href":"https:\/\/diariotextual.com\/inicio\/index.php\/wp-json\/wp\/v2\/media\/45728"}],"wp:attachment":[{"href":"https:\/\/diariotextual.com\/inicio\/index.php\/wp-json\/wp\/v2\/media?parent=45726"}],"wp:term":[{"taxonomy":"category","embeddable":true,"href":"https:\/\/diariotextual.com\/inicio\/index.php\/wp-json\/wp\/v2\/categories?post=45726"},{"taxonomy":"post_tag","embeddable":true,"href":"https:\/\/diariotextual.com\/inicio\/index.php\/wp-json\/wp\/v2\/tags?post=45726"}],"curies":[{"name":"wp","href":"https:\/\/api.w.org\/{rel}","templated":true}]}}