{"id":45897,"date":"2019-04-17T09:49:11","date_gmt":"2019-04-17T12:49:11","guid":{"rendered":"http:\/\/diariotextual.com\/inicio\/?p=45897"},"modified":"2019-04-17T17:13:22","modified_gmt":"2019-04-17T20:13:22","slug":"expresidente-alan-garcia-se-pego-tiro-cuando-fueron-detenerlo","status":"publish","type":"post","link":"https:\/\/diariotextual.com\/inicio\/index.php\/2019\/04\/17\/expresidente-alan-garcia-se-pego-tiro-cuando-fueron-detenerlo\/","title":{"rendered":"El expresidente Alan Garc\u00eda se peg\u00f3 un tiro cuando fueron a detenerlo y muri\u00f3"},"content":{"rendered":"<p>Muri\u00f3 el expresidente peruano Alan Garc\u00eda. El exjefe de Estado, de 69 a\u00f1os de edad, se peg\u00f3 un tiro en la cabeza cuando iba a ser capturado por agentes de la Divisi\u00f3n de Investigaci\u00f3n de delitos de Alta Complejidad.<\/p>\n<p>El dirigente tom\u00f3 la dr\u00e1stica decisi\u00f3n luego de que el Poder Judicial aprobara el pedido de la fiscal\u00eda para detenerlo por un plazo de 10 d\u00edas. Los m\u00e9dicos intentaron salvarle la vida, pero su estado ya era grave al llegar al centro de salud.<\/p>\n<p>Garc\u00eda hab\u00eda sido acusado de los presuntos delitos de lavado de activos, tr\u00e1fico de influencias y colusi\u00f3n en el marco del caso Odebrecht, el esc\u00e1ndalo de corrupci\u00f3n desatado en Brasil y que afecta a varios pa\u00edses de la regi\u00f3n.<\/p>\n<p>Garc\u00eda era investigado por presuntos sobornos en la construcci\u00f3n de un tren para Lima, proyecto en el que estaba involucrada la constructora brasile\u00f1a Odebrecht. Por ello, tambi\u00e9n hoy, la Polic\u00eda arrest\u00f3 a Luis Nava, exsecretario general de Presidencia, y Miguel Atala, exvicepresidente.<\/p>\n<p>El expresidente siempre defendi\u00f3 su inocencia pese a las sospechas en su contra y ayer lo hizo en un mensaje publicado en Twitter: \u00abComo en ning\u00fan documento se me menciona y ning\u00fan indicio ni evidencia me alcanza s\u00f3lo les queda la ESPECULACI\u00d3N o inventar intermediarios. Jam\u00e1s me vend\u00ed y est\u00e1 probado\u00bb.<\/p>\n<p>Todos los presidentes que han gobernado Per\u00fa desde 2001 tienen cuentas pendientes con la justicia por sus nexos con Odebrecht. El caso golpe\u00f3 a la \u00e9lite pol\u00edtica de Per\u00fa, al igual que a la de otros pa\u00edses de la regi\u00f3n, luego de que en 2016 la compa\u00f1\u00eda constructora admitiera que pag\u00f3 sobornos para obtener jugosos contratos en casi toda Am\u00e9rica Latina.<\/p>\n<p>&nbsp;<\/p>\n<p>&nbsp;<\/p>\n<p>&nbsp;<\/p>\n<p>&nbsp;<\/p>\n<p>&nbsp;<\/p>\n","protected":false},"excerpt":{"rendered":"<p>Muri\u00f3 el expresidente peruano Alan Garc\u00eda. El exjefe de Estado, de 69 a\u00f1os de edad, se peg\u00f3 un tiro en la cabeza cuando iba a ser capturado por agentes de&hellip;<\/p>\n","protected":false},"author":3,"featured_media":45899,"comment_status":"closed","ping_status":"open","sticky":false,"template":"","format":"standard","meta":{"_acf_changed":false,"footnotes":""},"categories":[11,7],"tags":[],"class_list":["post-45897","post","type-post","status-publish","format-standard","has-post-thumbnail","hentry","category-que-pasa","category-mundo"],"acf":[],"yoast_head":"<!-- This site is optimized with the Yoast SEO plugin v27.4 - https:\/\/yoast.com\/product\/yoast-seo-wordpress\/ -->\n<title>El expresidente Alan Garc\u00eda se peg\u00f3 un tiro cuando fueron a detenerlo y muri\u00f3 - Diario Textual<\/title>\n<meta name=\"robots\" content=\"index, follow, max-snippet:-1, max-image-preview:large, max-video-preview:-1\" \/>\n<link rel=\"canonical\" href=\"https:\/\/diariotextual.com\/inicio\/index.php\/2019\/04\/17\/expresidente-alan-garcia-se-pego-tiro-cuando-fueron-detenerlo\/\" \/>\n<meta property=\"og:locale\" content=\"es_ES\" \/>\n<meta property=\"og:type\" content=\"article\" \/>\n<meta property=\"og:title\" content=\"El expresidente Alan Garc\u00eda se peg\u00f3 un tiro cuando fueron a detenerlo y muri\u00f3 - Diario Textual\" \/>\n<meta property=\"og:description\" content=\"Muri\u00f3 el expresidente peruano Alan Garc\u00eda. El exjefe de Estado, de 69 a\u00f1os de edad, se peg\u00f3 un tiro en la cabeza cuando iba a ser capturado por agentes de&hellip;\" \/>\n<meta property=\"og:url\" content=\"https:\/\/diariotextual.com\/inicio\/index.php\/2019\/04\/17\/expresidente-alan-garcia-se-pego-tiro-cuando-fueron-detenerlo\/\" \/>\n<meta property=\"og:site_name\" content=\"Diario Textual\" \/>\n<meta property=\"article:publisher\" content=\"https:\/\/www.facebook.com\/eltextual\" \/>\n<meta property=\"article:published_time\" content=\"2019-04-17T12:49:11+00:00\" \/>\n<meta property=\"article:modified_time\" content=\"2019-04-17T20:13:22+00:00\" \/>\n<meta property=\"og:image\" content=\"https:\/\/diariotextual.com\/inicio\/wp-content\/uploads\/2019\/04\/garciaalan7.jpeg\" \/>\n\t<meta property=\"og:image:width\" content=\"567\" \/>\n\t<meta property=\"og:image:height\" content=\"356\" \/>\n\t<meta property=\"og:image:type\" content=\"image\/jpeg\" \/>\n<meta name=\"author\" content=\"Diario1 Diario1\" \/>\n<meta name=\"twitter:card\" content=\"summary_large_image\" \/>\n<meta name=\"twitter:creator\" content=\"@eltextual\" \/>\n<meta name=\"twitter:site\" content=\"@eltextual\" \/>\n<meta name=\"twitter:label1\" content=\"Escrito por\" \/>\n\t<meta name=\"twitter:data1\" content=\"Diario1 Diario1\" \/>\n\t<meta name=\"twitter:label2\" content=\"Tiempo de lectura\" \/>\n\t<meta name=\"twitter:data2\" content=\"2 minutos\" \/>\n<script type=\"application\/ld+json\" class=\"yoast-schema-graph\">{\"@context\":\"https:\\\/\\\/schema.org\",\"@graph\":[{\"@type\":\"Article\",\"@id\":\"https:\\\/\\\/diariotextual.com\\\/inicio\\\/index.php\\\/2019\\\/04\\\/17\\\/expresidente-alan-garcia-se-pego-tiro-cuando-fueron-detenerlo\\\/#article\",\"isPartOf\":{\"@id\":\"https:\\\/\\\/diariotextual.com\\\/inicio\\\/index.php\\\/2019\\\/04\\\/17\\\/expresidente-alan-garcia-se-pego-tiro-cuando-fueron-detenerlo\\\/\"},\"author\":{\"name\":\"Diario1 Diario1\",\"@id\":\"https:\\\/\\\/diariotextual.com\\\/inicio\\\/#\\\/schema\\\/person\\\/418fc4093c33e86ed41562db3508f958\"},\"headline\":\"El expresidente Alan Garc\u00eda se peg\u00f3 un tiro cuando fueron a detenerlo y muri\u00f3\",\"datePublished\":\"2019-04-17T12:49:11+00:00\",\"dateModified\":\"2019-04-17T20:13:22+00:00\",\"mainEntityOfPage\":{\"@id\":\"https:\\\/\\\/diariotextual.com\\\/inicio\\\/index.php\\\/2019\\\/04\\\/17\\\/expresidente-alan-garcia-se-pego-tiro-cuando-fueron-detenerlo\\\/\"},\"wordCount\":324,\"publisher\":{\"@id\":\"https:\\\/\\\/diariotextual.com\\\/inicio\\\/#organization\"},\"image\":{\"@id\":\"https:\\\/\\\/diariotextual.com\\\/inicio\\\/index.php\\\/2019\\\/04\\\/17\\\/expresidente-alan-garcia-se-pego-tiro-cuando-fueron-detenerlo\\\/#primaryimage\"},\"thumbnailUrl\":\"https:\\\/\\\/diariotextual.com\\\/inicio\\\/wp-content\\\/uploads\\\/2019\\\/04\\\/garciaalan7.jpeg\",\"articleSection\":[\"A - QUE PASA (al costado)\",\"MUNDO\"],\"inLanguage\":\"es\"},{\"@type\":\"WebPage\",\"@id\":\"https:\\\/\\\/diariotextual.com\\\/inicio\\\/index.php\\\/2019\\\/04\\\/17\\\/expresidente-alan-garcia-se-pego-tiro-cuando-fueron-detenerlo\\\/\",\"url\":\"https:\\\/\\\/diariotextual.com\\\/inicio\\\/index.php\\\/2019\\\/04\\\/17\\\/expresidente-alan-garcia-se-pego-tiro-cuando-fueron-detenerlo\\\/\",\"name\":\"El expresidente Alan Garc\u00eda se peg\u00f3 un tiro cuando fueron a detenerlo y muri\u00f3 - Diario Textual\",\"isPartOf\":{\"@id\":\"https:\\\/\\\/diariotextual.com\\\/inicio\\\/#website\"},\"primaryImageOfPage\":{\"@id\":\"https:\\\/\\\/diariotextual.com\\\/inicio\\\/index.php\\\/2019\\\/04\\\/17\\\/expresidente-alan-garcia-se-pego-tiro-cuando-fueron-detenerlo\\\/#primaryimage\"},\"image\":{\"@id\":\"https:\\\/\\\/diariotextual.com\\\/inicio\\\/index.php\\\/2019\\\/04\\\/17\\\/expresidente-alan-garcia-se-pego-tiro-cuando-fueron-detenerlo\\\/#primaryimage\"},\"thumbnailUrl\":\"https:\\\/\\\/diariotextual.com\\\/inicio\\\/wp-content\\\/uploads\\\/2019\\\/04\\\/garciaalan7.jpeg\",\"datePublished\":\"2019-04-17T12:49:11+00:00\",\"dateModified\":\"2019-04-17T20:13:22+00:00\",\"breadcrumb\":{\"@id\":\"https:\\\/\\\/diariotextual.com\\\/inicio\\\/index.php\\\/2019\\\/04\\\/17\\\/expresidente-alan-garcia-se-pego-tiro-cuando-fueron-detenerlo\\\/#breadcrumb\"},\"inLanguage\":\"es\",\"potentialAction\":[{\"@type\":\"ReadAction\",\"target\":[\"https:\\\/\\\/diariotextual.com\\\/inicio\\\/index.php\\\/2019\\\/04\\\/17\\\/expresidente-alan-garcia-se-pego-tiro-cuando-fueron-detenerlo\\\/\"]}]},{\"@type\":\"ImageObject\",\"inLanguage\":\"es\",\"@id\":\"https:\\\/\\\/diariotextual.com\\\/inicio\\\/index.php\\\/2019\\\/04\\\/17\\\/expresidente-alan-garcia-se-pego-tiro-cuando-fueron-detenerlo\\\/#primaryimage\",\"url\":\"https:\\\/\\\/diariotextual.com\\\/inicio\\\/wp-content\\\/uploads\\\/2019\\\/04\\\/garciaalan7.jpeg\",\"contentUrl\":\"https:\\\/\\\/diariotextual.com\\\/inicio\\\/wp-content\\\/uploads\\\/2019\\\/04\\\/garciaalan7.jpeg\",\"width\":567,\"height\":356},{\"@type\":\"BreadcrumbList\",\"@id\":\"https:\\\/\\\/diariotextual.com\\\/inicio\\\/index.php\\\/2019\\\/04\\\/17\\\/expresidente-alan-garcia-se-pego-tiro-cuando-fueron-detenerlo\\\/#breadcrumb\",\"itemListElement\":[{\"@type\":\"ListItem\",\"position\":1,\"name\":\"Portada\",\"item\":\"https:\\\/\\\/diariotextual.com\\\/inicio\\\/\"},{\"@type\":\"ListItem\",\"position\":2,\"name\":\"El expresidente Alan Garc\u00eda se peg\u00f3 un tiro cuando fueron a detenerlo y muri\u00f3\"}]},{\"@type\":\"WebSite\",\"@id\":\"https:\\\/\\\/diariotextual.com\\\/inicio\\\/#website\",\"url\":\"https:\\\/\\\/diariotextual.com\\\/inicio\\\/\",\"name\":\"Diario Textual\",\"description\":\"\",\"publisher\":{\"@id\":\"https:\\\/\\\/diariotextual.com\\\/inicio\\\/#organization\"},\"potentialAction\":[{\"@type\":\"SearchAction\",\"target\":{\"@type\":\"EntryPoint\",\"urlTemplate\":\"https:\\\/\\\/diariotextual.com\\\/inicio\\\/?s={search_term_string}\"},\"query-input\":{\"@type\":\"PropertyValueSpecification\",\"valueRequired\":true,\"valueName\":\"search_term_string\"}}],\"inLanguage\":\"es\"},{\"@type\":\"Organization\",\"@id\":\"https:\\\/\\\/diariotextual.com\\\/inicio\\\/#organization\",\"name\":\"Diario Textual\",\"url\":\"https:\\\/\\\/diariotextual.com\\\/inicio\\\/\",\"logo\":{\"@type\":\"ImageObject\",\"inLanguage\":\"es\",\"@id\":\"https:\\\/\\\/diariotextual.com\\\/inicio\\\/#\\\/schema\\\/logo\\\/image\\\/\",\"url\":\"https:\\\/\\\/diariotextual.com\\\/inicio\\\/wp-content\\\/uploads\\\/2023\\\/05\\\/logotextual1.jpg\",\"contentUrl\":\"https:\\\/\\\/diariotextual.com\\\/inicio\\\/wp-content\\\/uploads\\\/2023\\\/05\\\/logotextual1.jpg\",\"width\":516,\"height\":76,\"caption\":\"Diario Textual\"},\"image\":{\"@id\":\"https:\\\/\\\/diariotextual.com\\\/inicio\\\/#\\\/schema\\\/logo\\\/image\\\/\"},\"sameAs\":[\"https:\\\/\\\/www.facebook.com\\\/eltextual\",\"https:\\\/\\\/x.com\\\/eltextual\",\"http:\\\/\\\/www.instagram.com\\\/eltextual\"]},{\"@type\":\"Person\",\"@id\":\"https:\\\/\\\/diariotextual.com\\\/inicio\\\/#\\\/schema\\\/person\\\/418fc4093c33e86ed41562db3508f958\",\"name\":\"Diario1 Diario1\",\"image\":{\"@type\":\"ImageObject\",\"inLanguage\":\"es\",\"@id\":\"https:\\\/\\\/secure.gravatar.com\\\/avatar\\\/9167d280179c85bc18be67aa7eda765854300033af4896dd779b608640f2ef7a?s=96&d=mm&r=g\",\"url\":\"https:\\\/\\\/secure.gravatar.com\\\/avatar\\\/9167d280179c85bc18be67aa7eda765854300033af4896dd779b608640f2ef7a?s=96&d=mm&r=g\",\"contentUrl\":\"https:\\\/\\\/secure.gravatar.com\\\/avatar\\\/9167d280179c85bc18be67aa7eda765854300033af4896dd779b608640f2ef7a?s=96&d=mm&r=g\",\"caption\":\"Diario1 Diario1\"},\"url\":\"https:\\\/\\\/diariotextual.com\\\/inicio\\\/index.php\\\/author\\\/diario1\\\/\"}]}<\/script>\n<!-- \/ Yoast SEO plugin. -->","yoast_head_json":{"title":"El expresidente Alan Garc\u00eda se peg\u00f3 un tiro cuando fueron a detenerlo y muri\u00f3 - Diario Textual","robots":{"index":"index","follow":"follow","max-snippet":"max-snippet:-1","max-image-preview":"max-image-preview:large","max-video-preview":"max-video-preview:-1"},"canonical":"https:\/\/diariotextual.com\/inicio\/index.php\/2019\/04\/17\/expresidente-alan-garcia-se-pego-tiro-cuando-fueron-detenerlo\/","og_locale":"es_ES","og_type":"article","og_title":"El expresidente Alan Garc\u00eda se peg\u00f3 un tiro cuando fueron a detenerlo y muri\u00f3 - Diario Textual","og_description":"Muri\u00f3 el expresidente peruano Alan Garc\u00eda. El exjefe de Estado, de 69 a\u00f1os de edad, se peg\u00f3 un tiro en la cabeza cuando iba a ser capturado por agentes de&hellip;","og_url":"https:\/\/diariotextual.com\/inicio\/index.php\/2019\/04\/17\/expresidente-alan-garcia-se-pego-tiro-cuando-fueron-detenerlo\/","og_site_name":"Diario Textual","article_publisher":"https:\/\/www.facebook.com\/eltextual","article_published_time":"2019-04-17T12:49:11+00:00","article_modified_time":"2019-04-17T20:13:22+00:00","og_image":[{"width":567,"height":356,"url":"https:\/\/diariotextual.com\/inicio\/wp-content\/uploads\/2019\/04\/garciaalan7.jpeg","type":"image\/jpeg"}],"author":"Diario1 Diario1","twitter_card":"summary_large_image","twitter_creator":"@eltextual","twitter_site":"@eltextual","twitter_misc":{"Escrito por":"Diario1 Diario1","Tiempo de lectura":"2 minutos"},"schema":{"@context":"https:\/\/schema.org","@graph":[{"@type":"Article","@id":"https:\/\/diariotextual.com\/inicio\/index.php\/2019\/04\/17\/expresidente-alan-garcia-se-pego-tiro-cuando-fueron-detenerlo\/#article","isPartOf":{"@id":"https:\/\/diariotextual.com\/inicio\/index.php\/2019\/04\/17\/expresidente-alan-garcia-se-pego-tiro-cuando-fueron-detenerlo\/"},"author":{"name":"Diario1 Diario1","@id":"https:\/\/diariotextual.com\/inicio\/#\/schema\/person\/418fc4093c33e86ed41562db3508f958"},"headline":"El expresidente Alan Garc\u00eda se peg\u00f3 un tiro cuando fueron a detenerlo y muri\u00f3","datePublished":"2019-04-17T12:49:11+00:00","dateModified":"2019-04-17T20:13:22+00:00","mainEntityOfPage":{"@id":"https:\/\/diariotextual.com\/inicio\/index.php\/2019\/04\/17\/expresidente-alan-garcia-se-pego-tiro-cuando-fueron-detenerlo\/"},"wordCount":324,"publisher":{"@id":"https:\/\/diariotextual.com\/inicio\/#organization"},"image":{"@id":"https:\/\/diariotextual.com\/inicio\/index.php\/2019\/04\/17\/expresidente-alan-garcia-se-pego-tiro-cuando-fueron-detenerlo\/#primaryimage"},"thumbnailUrl":"https:\/\/diariotextual.com\/inicio\/wp-content\/uploads\/2019\/04\/garciaalan7.jpeg","articleSection":["A - QUE PASA (al costado)","MUNDO"],"inLanguage":"es"},{"@type":"WebPage","@id":"https:\/\/diariotextual.com\/inicio\/index.php\/2019\/04\/17\/expresidente-alan-garcia-se-pego-tiro-cuando-fueron-detenerlo\/","url":"https:\/\/diariotextual.com\/inicio\/index.php\/2019\/04\/17\/expresidente-alan-garcia-se-pego-tiro-cuando-fueron-detenerlo\/","name":"El expresidente Alan Garc\u00eda se peg\u00f3 un tiro cuando fueron a detenerlo y muri\u00f3 - Diario Textual","isPartOf":{"@id":"https:\/\/diariotextual.com\/inicio\/#website"},"primaryImageOfPage":{"@id":"https:\/\/diariotextual.com\/inicio\/index.php\/2019\/04\/17\/expresidente-alan-garcia-se-pego-tiro-cuando-fueron-detenerlo\/#primaryimage"},"image":{"@id":"https:\/\/diariotextual.com\/inicio\/index.php\/2019\/04\/17\/expresidente-alan-garcia-se-pego-tiro-cuando-fueron-detenerlo\/#primaryimage"},"thumbnailUrl":"https:\/\/diariotextual.com\/inicio\/wp-content\/uploads\/2019\/04\/garciaalan7.jpeg","datePublished":"2019-04-17T12:49:11+00:00","dateModified":"2019-04-17T20:13:22+00:00","breadcrumb":{"@id":"https:\/\/diariotextual.com\/inicio\/index.php\/2019\/04\/17\/expresidente-alan-garcia-se-pego-tiro-cuando-fueron-detenerlo\/#breadcrumb"},"inLanguage":"es","potentialAction":[{"@type":"ReadAction","target":["https:\/\/diariotextual.com\/inicio\/index.php\/2019\/04\/17\/expresidente-alan-garcia-se-pego-tiro-cuando-fueron-detenerlo\/"]}]},{"@type":"ImageObject","inLanguage":"es","@id":"https:\/\/diariotextual.com\/inicio\/index.php\/2019\/04\/17\/expresidente-alan-garcia-se-pego-tiro-cuando-fueron-detenerlo\/#primaryimage","url":"https:\/\/diariotextual.com\/inicio\/wp-content\/uploads\/2019\/04\/garciaalan7.jpeg","contentUrl":"https:\/\/diariotextual.com\/inicio\/wp-content\/uploads\/2019\/04\/garciaalan7.jpeg","width":567,"height":356},{"@type":"BreadcrumbList","@id":"https:\/\/diariotextual.com\/inicio\/index.php\/2019\/04\/17\/expresidente-alan-garcia-se-pego-tiro-cuando-fueron-detenerlo\/#breadcrumb","itemListElement":[{"@type":"ListItem","position":1,"name":"Portada","item":"https:\/\/diariotextual.com\/inicio\/"},{"@type":"ListItem","position":2,"name":"El expresidente Alan Garc\u00eda se peg\u00f3 un tiro cuando fueron a detenerlo y muri\u00f3"}]},{"@type":"WebSite","@id":"https:\/\/diariotextual.com\/inicio\/#website","url":"https:\/\/diariotextual.com\/inicio\/","name":"Diario Textual","description":"","publisher":{"@id":"https:\/\/diariotextual.com\/inicio\/#organization"},"potentialAction":[{"@type":"SearchAction","target":{"@type":"EntryPoint","urlTemplate":"https:\/\/diariotextual.com\/inicio\/?s={search_term_string}"},"query-input":{"@type":"PropertyValueSpecification","valueRequired":true,"valueName":"search_term_string"}}],"inLanguage":"es"},{"@type":"Organization","@id":"https:\/\/diariotextual.com\/inicio\/#organization","name":"Diario Textual","url":"https:\/\/diariotextual.com\/inicio\/","logo":{"@type":"ImageObject","inLanguage":"es","@id":"https:\/\/diariotextual.com\/inicio\/#\/schema\/logo\/image\/","url":"https:\/\/diariotextual.com\/inicio\/wp-content\/uploads\/2023\/05\/logotextual1.jpg","contentUrl":"https:\/\/diariotextual.com\/inicio\/wp-content\/uploads\/2023\/05\/logotextual1.jpg","width":516,"height":76,"caption":"Diario Textual"},"image":{"@id":"https:\/\/diariotextual.com\/inicio\/#\/schema\/logo\/image\/"},"sameAs":["https:\/\/www.facebook.com\/eltextual","https:\/\/x.com\/eltextual","http:\/\/www.instagram.com\/eltextual"]},{"@type":"Person","@id":"https:\/\/diariotextual.com\/inicio\/#\/schema\/person\/418fc4093c33e86ed41562db3508f958","name":"Diario1 Diario1","image":{"@type":"ImageObject","inLanguage":"es","@id":"https:\/\/secure.gravatar.com\/avatar\/9167d280179c85bc18be67aa7eda765854300033af4896dd779b608640f2ef7a?s=96&d=mm&r=g","url":"https:\/\/secure.gravatar.com\/avatar\/9167d280179c85bc18be67aa7eda765854300033af4896dd779b608640f2ef7a?s=96&d=mm&r=g","contentUrl":"https:\/\/secure.gravatar.com\/avatar\/9167d280179c85bc18be67aa7eda765854300033af4896dd779b608640f2ef7a?s=96&d=mm&r=g","caption":"Diario1 Diario1"},"url":"https:\/\/diariotextual.com\/inicio\/index.php\/author\/diario1\/"}]}},"_links":{"self":[{"href":"https:\/\/diariotextual.com\/inicio\/index.php\/wp-json\/wp\/v2\/posts\/45897","targetHints":{"allow":["GET"]}}],"collection":[{"href":"https:\/\/diariotextual.com\/inicio\/index.php\/wp-json\/wp\/v2\/posts"}],"about":[{"href":"https:\/\/diariotextual.com\/inicio\/index.php\/wp-json\/wp\/v2\/types\/post"}],"author":[{"embeddable":true,"href":"https:\/\/diariotextual.com\/inicio\/index.php\/wp-json\/wp\/v2\/users\/3"}],"replies":[{"embeddable":true,"href":"https:\/\/diariotextual.com\/inicio\/index.php\/wp-json\/wp\/v2\/comments?post=45897"}],"version-history":[{"count":5,"href":"https:\/\/diariotextual.com\/inicio\/index.php\/wp-json\/wp\/v2\/posts\/45897\/revisions"}],"predecessor-version":[{"id":45939,"href":"https:\/\/diariotextual.com\/inicio\/index.php\/wp-json\/wp\/v2\/posts\/45897\/revisions\/45939"}],"wp:featuredmedia":[{"embeddable":true,"href":"https:\/\/diariotextual.com\/inicio\/index.php\/wp-json\/wp\/v2\/media\/45899"}],"wp:attachment":[{"href":"https:\/\/diariotextual.com\/inicio\/index.php\/wp-json\/wp\/v2\/media?parent=45897"}],"wp:term":[{"taxonomy":"category","embeddable":true,"href":"https:\/\/diariotextual.com\/inicio\/index.php\/wp-json\/wp\/v2\/categories?post=45897"},{"taxonomy":"post_tag","embeddable":true,"href":"https:\/\/diariotextual.com\/inicio\/index.php\/wp-json\/wp\/v2\/tags?post=45897"}],"curies":[{"name":"wp","href":"https:\/\/api.w.org\/{rel}","templated":true}]}}