{"id":46151,"date":"2019-04-19T21:36:23","date_gmt":"2019-04-20T00:36:23","guid":{"rendered":"http:\/\/diariotextual.com\/inicio\/?p=46151"},"modified":"2019-04-20T09:07:36","modified_gmt":"2019-04-20T12:07:36","slug":"credito-forestal-pico-respuesta-del-pj-piquense-tito-pechin","status":"publish","type":"post","link":"https:\/\/diariotextual.com\/inicio\/index.php\/2019\/04\/19\/credito-forestal-pico-respuesta-del-pj-piquense-tito-pechin\/","title":{"rendered":"Cr\u00e9dito a Forestal Pico: respuesta del PJ piquense a \u201cTito\u201d Pech\u00edn"},"content":{"rendered":"<p>En un cruce medi\u00e1tico entre dirigentes del PJ y la UCR pampeana, el comando de campa\u00f1a del <strong>Frente Justicialista Pampeano de General Pico record\u00f3 un cr\u00e9dito de promoci\u00f3n industrial otorgado a Forestal Pico, empresa de la familia Pech\u00edn<\/strong>. Uno de los due\u00f1os de esa firma es Julio \u201cTito\u201d Pech\u00edn, presidente del Comit\u00e9 Provincia de la UCR.<\/p>\n<p><!--more--><\/p>\n<p>El Frejupa sali\u00f3 a cuestionar al radicalismo con un comunicado con el <strong>t\u00edtulo \u201cAndan mal de la memoria nuestros adversarios pol\u00edticos\u201d. <\/strong>\u00bfQu\u00e9 dijeron? \u00ab<strong>El Comit\u00e9 Provincia de la Uni\u00f3n C\u00edvica Radical nos critica diciendo que el modelo del PJ est\u00e1 agotado, que no somos generadores de empleo privado o que no apoyamos a nuestros empresarios<\/strong> y que la chatura es nuestro modelo de gobierno.<strong> Lo que est\u00e1 agotado es el modelo y el discurso de los principales socios del presidente Mauricio Macri, que en La Pampa es Daniel Kroneberger, que en General Pico es Mart\u00edn Maquieyra, y que en Santa Rosa es Leandro Altolaguirre<\/strong>. Hablan de la generaci\u00f3n de empleo privado con total desparpajo, ellos que apoyan este modelo de destrucci\u00f3n de la industria nacional y por ende del aumento de la desocupaci\u00f3n\u201d, sostuvo el frente.<\/p>\n<blockquote class=\"wp-embedded-content\" data-secret=\"XA4mY14P6T\"><p><a href=\"http:\/\/diariotextual.com\/inicio\/index.php\/2019\/04\/19\/pj-pampeano-le-contesto-la-ucr-siguen-mintiendo-macri\/\">El PJ pampeano le contest\u00f3 a la UCR: &#8220;Siguen mintiendo como Macri&#8221;<\/a><\/p><\/blockquote>\n<p><iframe class=\"wp-embedded-content\" sandbox=\"allow-scripts\" security=\"restricted\" style=\"position: absolute; clip: rect(1px, 1px, 1px, 1px);\" src=\"http:\/\/diariotextual.com\/inicio\/index.php\/2019\/04\/19\/pj-pampeano-le-contesto-la-ucr-siguen-mintiendo-macri\/embed\/#?secret=XA4mY14P6T\" data-secret=\"XA4mY14P6T\" width=\"600\" height=\"338\" title=\"&#8220;El PJ pampeano le contest\u00f3 a la UCR: &#8220;Siguen mintiendo como Macri&#8221;&#8221; &#8212; Diario Textual\" frameborder=\"0\" marginwidth=\"0\" marginheight=\"0\" scrolling=\"no\"><\/iframe><\/p>\n<p>\u201cAndan mal de memoria nuestros adversarios pol\u00edticos y <strong>encima no se hacen cargo de Cambiemos, donde son socios mayoritarios del PRO,<\/strong> el partido del presidente Macri\u201d, agreg\u00f3 el Frejupa piquense en otro p\u00e1rrafo.<\/p>\n<p>\u201cEn nuestra provincia<strong> las pol\u00edticas econ\u00f3micas y de empleo que apoya al radicalismo provocaron los despidos de trabajadores de Alpargatas y de varios supermercados, cadenas de electrodom\u00e9sticos bajaron sus persianas, desmantelaron el INTA<\/strong>, etc. \u00bfEse es el modelo que quieren para La Pampa? La gente no es ignorante y por eso nos va a seguir apoyando\u201d, argument\u00f3 el centro de campa\u00f1a del PJ de General Pico.<\/p>\n<p>En esta l\u00ednea de cr\u00edtica a la UCR y al PRO, en alianza como Cambiemos, desde el <strong>Frente Justicialista Pampeano acus\u00f3 a Julio \u201cTito\u201d Pech\u00edn de \u201cperder la memoria\u201d<\/strong>.<\/p>\n<p>\u201cAsimismo aseguran que <strong>en 35 a\u00f1os nos olvidamos de General Pico, por suerte los vecinos de esta querida ciudad tienen memoria\u00a0 y nosotros tambi\u00e9n, el que parece que la ha perdido es presidente del Comit\u00e9 Provincia de la UCR, Julio \u00abTito\u00bb Pech\u00edn, empresario y due\u00f1o de Forestal Pico.<\/strong> Una empresa bien piquense, que sus padres cimentaron, que \u00e9l junto a su hermano pudieron continuar y que le reconocemos ser art\u00edfices del crecimiento pero junto con el Gobierno de La Pampa, algo que se olvidaron de decir, que respaldamos con pruebas\u201d, sostuvo el texto.<\/p>\n<p>\u201cHace m\u00e1s <strong>de 4 a\u00f1os se firmaba un acta de intenci\u00f3n entre la principal empresa de General Pico de transformaci\u00f3n de materias primas en bienes intermedios, Forestal Pico, y la Provincia.<\/strong> El Gobierno se compromet\u00eda a venderles a los titulares de la industria metal\u00fargica, la familia Pech\u00edn, un lugar emblem\u00e1tico para la ciudad norte\u00f1a en el Parque Industrial (en su momento la ocup\u00f3 Maraco y m\u00e1s tarde Prodinco). <strong>En octubre del 2015 y como muestras de que el Gobierno de La Pampa, gestionado desde hace casi 36 a\u00f1os por el peronismo, impulsa el crecimiento industrial de la provincia y apoya toda actividad generadora de empleos, se le otorg\u00f3 a Forestal Pico el cr\u00e9dito de Promoci\u00f3n Industrial de $61.839.257,40<\/strong>. Se hizo efectivo mediante el <strong>Decreto 655, de fecha 27 de octubre del 2015, firmado por el gobernador Oscar Mario Jorge. Pagadero a 10 a\u00f1os, con 2 de gracia y a una tasa inexistente<\/strong> en el mercado para esos tiempos. Adem\u00e1s <strong>se le otorg\u00f3 la exenci\u00f3n impositiva por un plazo de 10 a\u00f1os referidos a los ingresos que genere la nueva actividad,<\/strong> que es la fabricaci\u00f3n de bolas para la industria minera. El predio que le Provincia le vendi\u00f3 fue tasado en $18.532.616, bajo el r\u00e9gimen de la Ley de Promoci\u00f3n Industrial y Minera -Ley 1534- que le otorga facilidades de financiamiento\u201d, record\u00f3 el Frejupa.<\/p>\n<p>\u201c<strong>Como se podr\u00e1 ver el cr\u00e9dito en total ha sido de unos 80 millones de pesos, nos sale caro ese cr\u00e9dito porque los m\u00e1s de 100 puestos de trabajo que dijo el empresario &#8216;Tito&#8217; Pech\u00edn iban a generarse con esa actividad,\u00a0 hasta ahora en realidad solo han sido una veintena<\/strong>, lo que hace que <strong>cada puesto de trabajo nos cueste a los pampeanos casi 4 millones de pesos\u201d, dijo.<\/strong><\/p>\n<p>\u201cLo \u00fanico que est\u00e1 agotado en esta provincia es el modelo del presidente Mauricio Macri y el discurso de su socio mayoritario en La Pampa, que es la UCR. <strong>No hacen m\u00e1s que ratificar que los peronistas vamos a seguir gobernando la provincia<\/strong>\u201d, asegur\u00f3.<\/p>\n<p>&nbsp;<\/p>\n<p>&nbsp;<\/p>\n<p>&nbsp;<\/p>\n<p>&nbsp;<\/p>\n","protected":false},"excerpt":{"rendered":"<p>En un cruce medi\u00e1tico entre dirigentes del PJ y la UCR pampeana, el comando de campa\u00f1a del Frente Justicialista Pampeano de General Pico record\u00f3 un cr\u00e9dito de promoci\u00f3n industrial otorgado&hellip;<\/p>\n","protected":false},"author":5,"featured_media":33493,"comment_status":"closed","ping_status":"open","sticky":false,"template":"","format":"standard","meta":{"_acf_changed":false,"footnotes":""},"categories":[11,8],"tags":[],"class_list":["post-46151","post","type-post","status-publish","format-standard","has-post-thumbnail","hentry","category-que-pasa","category-politica"],"acf":[],"yoast_head":"<!-- This site is optimized with the Yoast SEO plugin v27.5 - https:\/\/yoast.com\/product\/yoast-seo-wordpress\/ -->\n<title>Cr\u00e9dito a Forestal Pico: respuesta del PJ piquense a \u201cTito\u201d Pech\u00edn - Diario Textual<\/title>\n<meta name=\"robots\" content=\"index, follow, max-snippet:-1, max-image-preview:large, max-video-preview:-1\" \/>\n<link rel=\"canonical\" href=\"https:\/\/diariotextual.com\/inicio\/index.php\/2019\/04\/19\/credito-forestal-pico-respuesta-del-pj-piquense-tito-pechin\/\" \/>\n<meta property=\"og:locale\" content=\"es_ES\" \/>\n<meta property=\"og:type\" content=\"article\" \/>\n<meta property=\"og:title\" content=\"Cr\u00e9dito a Forestal Pico: respuesta del PJ piquense a \u201cTito\u201d Pech\u00edn - Diario Textual\" \/>\n<meta property=\"og:description\" content=\"En un cruce medi\u00e1tico entre dirigentes del PJ y la UCR pampeana, el comando de campa\u00f1a del Frente Justicialista Pampeano de General Pico record\u00f3 un cr\u00e9dito de promoci\u00f3n industrial otorgado&hellip;\" \/>\n<meta property=\"og:url\" content=\"https:\/\/diariotextual.com\/inicio\/index.php\/2019\/04\/19\/credito-forestal-pico-respuesta-del-pj-piquense-tito-pechin\/\" \/>\n<meta property=\"og:site_name\" content=\"Diario Textual\" \/>\n<meta property=\"article:publisher\" content=\"https:\/\/www.facebook.com\/eltextual\" \/>\n<meta property=\"article:published_time\" content=\"2019-04-20T00:36:23+00:00\" \/>\n<meta property=\"article:modified_time\" content=\"2019-04-20T12:07:36+00:00\" \/>\n<meta property=\"og:image\" content=\"https:\/\/diariotextual.com\/inicio\/wp-content\/uploads\/2019\/01\/PechinHector.jpg\" \/>\n\t<meta property=\"og:image:width\" content=\"515\" \/>\n\t<meta property=\"og:image:height\" content=\"400\" \/>\n\t<meta property=\"og:image:type\" content=\"image\/jpeg\" \/>\n<meta name=\"author\" content=\"diario3\" \/>\n<meta name=\"twitter:card\" content=\"summary_large_image\" \/>\n<meta name=\"twitter:creator\" content=\"@eltextual\" \/>\n<meta name=\"twitter:site\" content=\"@eltextual\" \/>\n<meta name=\"twitter:label1\" content=\"Escrito por\" \/>\n\t<meta name=\"twitter:data1\" content=\"diario3\" \/>\n\t<meta name=\"twitter:label2\" content=\"Tiempo de lectura\" \/>\n\t<meta name=\"twitter:data2\" content=\"4 minutos\" \/>\n<script type=\"application\/ld+json\" class=\"yoast-schema-graph\">{\"@context\":\"https:\\\/\\\/schema.org\",\"@graph\":[{\"@type\":\"Article\",\"@id\":\"https:\\\/\\\/diariotextual.com\\\/inicio\\\/index.php\\\/2019\\\/04\\\/19\\\/credito-forestal-pico-respuesta-del-pj-piquense-tito-pechin\\\/#article\",\"isPartOf\":{\"@id\":\"https:\\\/\\\/diariotextual.com\\\/inicio\\\/index.php\\\/2019\\\/04\\\/19\\\/credito-forestal-pico-respuesta-del-pj-piquense-tito-pechin\\\/\"},\"author\":{\"name\":\"diario3\",\"@id\":\"https:\\\/\\\/diariotextual.com\\\/inicio\\\/#\\\/schema\\\/person\\\/a1b6f563e0ee944c60f98119389a4d9f\"},\"headline\":\"Cr\u00e9dito a Forestal Pico: respuesta del PJ piquense a \u201cTito\u201d Pech\u00edn\",\"datePublished\":\"2019-04-20T00:36:23+00:00\",\"dateModified\":\"2019-04-20T12:07:36+00:00\",\"mainEntityOfPage\":{\"@id\":\"https:\\\/\\\/diariotextual.com\\\/inicio\\\/index.php\\\/2019\\\/04\\\/19\\\/credito-forestal-pico-respuesta-del-pj-piquense-tito-pechin\\\/\"},\"wordCount\":812,\"publisher\":{\"@id\":\"https:\\\/\\\/diariotextual.com\\\/inicio\\\/#organization\"},\"image\":{\"@id\":\"https:\\\/\\\/diariotextual.com\\\/inicio\\\/index.php\\\/2019\\\/04\\\/19\\\/credito-forestal-pico-respuesta-del-pj-piquense-tito-pechin\\\/#primaryimage\"},\"thumbnailUrl\":\"https:\\\/\\\/diariotextual.com\\\/inicio\\\/wp-content\\\/uploads\\\/2019\\\/01\\\/PechinHector.jpg\",\"articleSection\":[\"A - QUE PASA (al costado)\",\"POLITICA\"],\"inLanguage\":\"es\"},{\"@type\":\"WebPage\",\"@id\":\"https:\\\/\\\/diariotextual.com\\\/inicio\\\/index.php\\\/2019\\\/04\\\/19\\\/credito-forestal-pico-respuesta-del-pj-piquense-tito-pechin\\\/\",\"url\":\"https:\\\/\\\/diariotextual.com\\\/inicio\\\/index.php\\\/2019\\\/04\\\/19\\\/credito-forestal-pico-respuesta-del-pj-piquense-tito-pechin\\\/\",\"name\":\"Cr\u00e9dito a Forestal Pico: respuesta del PJ piquense a \u201cTito\u201d Pech\u00edn - Diario Textual\",\"isPartOf\":{\"@id\":\"https:\\\/\\\/diariotextual.com\\\/inicio\\\/#website\"},\"primaryImageOfPage\":{\"@id\":\"https:\\\/\\\/diariotextual.com\\\/inicio\\\/index.php\\\/2019\\\/04\\\/19\\\/credito-forestal-pico-respuesta-del-pj-piquense-tito-pechin\\\/#primaryimage\"},\"image\":{\"@id\":\"https:\\\/\\\/diariotextual.com\\\/inicio\\\/index.php\\\/2019\\\/04\\\/19\\\/credito-forestal-pico-respuesta-del-pj-piquense-tito-pechin\\\/#primaryimage\"},\"thumbnailUrl\":\"https:\\\/\\\/diariotextual.com\\\/inicio\\\/wp-content\\\/uploads\\\/2019\\\/01\\\/PechinHector.jpg\",\"datePublished\":\"2019-04-20T00:36:23+00:00\",\"dateModified\":\"2019-04-20T12:07:36+00:00\",\"breadcrumb\":{\"@id\":\"https:\\\/\\\/diariotextual.com\\\/inicio\\\/index.php\\\/2019\\\/04\\\/19\\\/credito-forestal-pico-respuesta-del-pj-piquense-tito-pechin\\\/#breadcrumb\"},\"inLanguage\":\"es\",\"potentialAction\":[{\"@type\":\"ReadAction\",\"target\":[\"https:\\\/\\\/diariotextual.com\\\/inicio\\\/index.php\\\/2019\\\/04\\\/19\\\/credito-forestal-pico-respuesta-del-pj-piquense-tito-pechin\\\/\"]}]},{\"@type\":\"ImageObject\",\"inLanguage\":\"es\",\"@id\":\"https:\\\/\\\/diariotextual.com\\\/inicio\\\/index.php\\\/2019\\\/04\\\/19\\\/credito-forestal-pico-respuesta-del-pj-piquense-tito-pechin\\\/#primaryimage\",\"url\":\"https:\\\/\\\/diariotextual.com\\\/inicio\\\/wp-content\\\/uploads\\\/2019\\\/01\\\/PechinHector.jpg\",\"contentUrl\":\"https:\\\/\\\/diariotextual.com\\\/inicio\\\/wp-content\\\/uploads\\\/2019\\\/01\\\/PechinHector.jpg\",\"width\":515,\"height\":400},{\"@type\":\"BreadcrumbList\",\"@id\":\"https:\\\/\\\/diariotextual.com\\\/inicio\\\/index.php\\\/2019\\\/04\\\/19\\\/credito-forestal-pico-respuesta-del-pj-piquense-tito-pechin\\\/#breadcrumb\",\"itemListElement\":[{\"@type\":\"ListItem\",\"position\":1,\"name\":\"Portada\",\"item\":\"https:\\\/\\\/diariotextual.com\\\/inicio\\\/\"},{\"@type\":\"ListItem\",\"position\":2,\"name\":\"Cr\u00e9dito a Forestal Pico: respuesta del PJ piquense a \u201cTito\u201d Pech\u00edn\"}]},{\"@type\":\"WebSite\",\"@id\":\"https:\\\/\\\/diariotextual.com\\\/inicio\\\/#website\",\"url\":\"https:\\\/\\\/diariotextual.com\\\/inicio\\\/\",\"name\":\"Diario Textual\",\"description\":\"\",\"publisher\":{\"@id\":\"https:\\\/\\\/diariotextual.com\\\/inicio\\\/#organization\"},\"potentialAction\":[{\"@type\":\"SearchAction\",\"target\":{\"@type\":\"EntryPoint\",\"urlTemplate\":\"https:\\\/\\\/diariotextual.com\\\/inicio\\\/?s={search_term_string}\"},\"query-input\":{\"@type\":\"PropertyValueSpecification\",\"valueRequired\":true,\"valueName\":\"search_term_string\"}}],\"inLanguage\":\"es\"},{\"@type\":\"Organization\",\"@id\":\"https:\\\/\\\/diariotextual.com\\\/inicio\\\/#organization\",\"name\":\"Diario Textual\",\"url\":\"https:\\\/\\\/diariotextual.com\\\/inicio\\\/\",\"logo\":{\"@type\":\"ImageObject\",\"inLanguage\":\"es\",\"@id\":\"https:\\\/\\\/diariotextual.com\\\/inicio\\\/#\\\/schema\\\/logo\\\/image\\\/\",\"url\":\"https:\\\/\\\/diariotextual.com\\\/inicio\\\/wp-content\\\/uploads\\\/2023\\\/05\\\/logotextual1.jpg\",\"contentUrl\":\"https:\\\/\\\/diariotextual.com\\\/inicio\\\/wp-content\\\/uploads\\\/2023\\\/05\\\/logotextual1.jpg\",\"width\":516,\"height\":76,\"caption\":\"Diario Textual\"},\"image\":{\"@id\":\"https:\\\/\\\/diariotextual.com\\\/inicio\\\/#\\\/schema\\\/logo\\\/image\\\/\"},\"sameAs\":[\"https:\\\/\\\/www.facebook.com\\\/eltextual\",\"https:\\\/\\\/x.com\\\/eltextual\",\"http:\\\/\\\/www.instagram.com\\\/eltextual\"]},{\"@type\":\"Person\",\"@id\":\"https:\\\/\\\/diariotextual.com\\\/inicio\\\/#\\\/schema\\\/person\\\/a1b6f563e0ee944c60f98119389a4d9f\",\"name\":\"diario3\",\"image\":{\"@type\":\"ImageObject\",\"inLanguage\":\"es\",\"@id\":\"https:\\\/\\\/secure.gravatar.com\\\/avatar\\\/5e7ee62c82fc04d9dd79d746a390d93c69c43223e5faeeb3ea9461ef752bfc5d?s=96&d=mm&r=g\",\"url\":\"https:\\\/\\\/secure.gravatar.com\\\/avatar\\\/5e7ee62c82fc04d9dd79d746a390d93c69c43223e5faeeb3ea9461ef752bfc5d?s=96&d=mm&r=g\",\"contentUrl\":\"https:\\\/\\\/secure.gravatar.com\\\/avatar\\\/5e7ee62c82fc04d9dd79d746a390d93c69c43223e5faeeb3ea9461ef752bfc5d?s=96&d=mm&r=g\",\"caption\":\"diario3\"},\"url\":\"https:\\\/\\\/diariotextual.com\\\/inicio\\\/index.php\\\/author\\\/diario3\\\/\"}]}<\/script>\n<!-- \/ Yoast SEO plugin. -->","yoast_head_json":{"title":"Cr\u00e9dito a Forestal Pico: respuesta del PJ piquense a \u201cTito\u201d Pech\u00edn - Diario Textual","robots":{"index":"index","follow":"follow","max-snippet":"max-snippet:-1","max-image-preview":"max-image-preview:large","max-video-preview":"max-video-preview:-1"},"canonical":"https:\/\/diariotextual.com\/inicio\/index.php\/2019\/04\/19\/credito-forestal-pico-respuesta-del-pj-piquense-tito-pechin\/","og_locale":"es_ES","og_type":"article","og_title":"Cr\u00e9dito a Forestal Pico: respuesta del PJ piquense a \u201cTito\u201d Pech\u00edn - Diario Textual","og_description":"En un cruce medi\u00e1tico entre dirigentes del PJ y la UCR pampeana, el comando de campa\u00f1a del Frente Justicialista Pampeano de General Pico record\u00f3 un cr\u00e9dito de promoci\u00f3n industrial otorgado&hellip;","og_url":"https:\/\/diariotextual.com\/inicio\/index.php\/2019\/04\/19\/credito-forestal-pico-respuesta-del-pj-piquense-tito-pechin\/","og_site_name":"Diario Textual","article_publisher":"https:\/\/www.facebook.com\/eltextual","article_published_time":"2019-04-20T00:36:23+00:00","article_modified_time":"2019-04-20T12:07:36+00:00","og_image":[{"width":515,"height":400,"url":"https:\/\/diariotextual.com\/inicio\/wp-content\/uploads\/2019\/01\/PechinHector.jpg","type":"image\/jpeg"}],"author":"diario3","twitter_card":"summary_large_image","twitter_creator":"@eltextual","twitter_site":"@eltextual","twitter_misc":{"Escrito por":"diario3","Tiempo de lectura":"4 minutos"},"schema":{"@context":"https:\/\/schema.org","@graph":[{"@type":"Article","@id":"https:\/\/diariotextual.com\/inicio\/index.php\/2019\/04\/19\/credito-forestal-pico-respuesta-del-pj-piquense-tito-pechin\/#article","isPartOf":{"@id":"https:\/\/diariotextual.com\/inicio\/index.php\/2019\/04\/19\/credito-forestal-pico-respuesta-del-pj-piquense-tito-pechin\/"},"author":{"name":"diario3","@id":"https:\/\/diariotextual.com\/inicio\/#\/schema\/person\/a1b6f563e0ee944c60f98119389a4d9f"},"headline":"Cr\u00e9dito a Forestal Pico: respuesta del PJ piquense a \u201cTito\u201d Pech\u00edn","datePublished":"2019-04-20T00:36:23+00:00","dateModified":"2019-04-20T12:07:36+00:00","mainEntityOfPage":{"@id":"https:\/\/diariotextual.com\/inicio\/index.php\/2019\/04\/19\/credito-forestal-pico-respuesta-del-pj-piquense-tito-pechin\/"},"wordCount":812,"publisher":{"@id":"https:\/\/diariotextual.com\/inicio\/#organization"},"image":{"@id":"https:\/\/diariotextual.com\/inicio\/index.php\/2019\/04\/19\/credito-forestal-pico-respuesta-del-pj-piquense-tito-pechin\/#primaryimage"},"thumbnailUrl":"https:\/\/diariotextual.com\/inicio\/wp-content\/uploads\/2019\/01\/PechinHector.jpg","articleSection":["A - QUE PASA (al costado)","POLITICA"],"inLanguage":"es"},{"@type":"WebPage","@id":"https:\/\/diariotextual.com\/inicio\/index.php\/2019\/04\/19\/credito-forestal-pico-respuesta-del-pj-piquense-tito-pechin\/","url":"https:\/\/diariotextual.com\/inicio\/index.php\/2019\/04\/19\/credito-forestal-pico-respuesta-del-pj-piquense-tito-pechin\/","name":"Cr\u00e9dito a Forestal Pico: respuesta del PJ piquense a \u201cTito\u201d Pech\u00edn - Diario Textual","isPartOf":{"@id":"https:\/\/diariotextual.com\/inicio\/#website"},"primaryImageOfPage":{"@id":"https:\/\/diariotextual.com\/inicio\/index.php\/2019\/04\/19\/credito-forestal-pico-respuesta-del-pj-piquense-tito-pechin\/#primaryimage"},"image":{"@id":"https:\/\/diariotextual.com\/inicio\/index.php\/2019\/04\/19\/credito-forestal-pico-respuesta-del-pj-piquense-tito-pechin\/#primaryimage"},"thumbnailUrl":"https:\/\/diariotextual.com\/inicio\/wp-content\/uploads\/2019\/01\/PechinHector.jpg","datePublished":"2019-04-20T00:36:23+00:00","dateModified":"2019-04-20T12:07:36+00:00","breadcrumb":{"@id":"https:\/\/diariotextual.com\/inicio\/index.php\/2019\/04\/19\/credito-forestal-pico-respuesta-del-pj-piquense-tito-pechin\/#breadcrumb"},"inLanguage":"es","potentialAction":[{"@type":"ReadAction","target":["https:\/\/diariotextual.com\/inicio\/index.php\/2019\/04\/19\/credito-forestal-pico-respuesta-del-pj-piquense-tito-pechin\/"]}]},{"@type":"ImageObject","inLanguage":"es","@id":"https:\/\/diariotextual.com\/inicio\/index.php\/2019\/04\/19\/credito-forestal-pico-respuesta-del-pj-piquense-tito-pechin\/#primaryimage","url":"https:\/\/diariotextual.com\/inicio\/wp-content\/uploads\/2019\/01\/PechinHector.jpg","contentUrl":"https:\/\/diariotextual.com\/inicio\/wp-content\/uploads\/2019\/01\/PechinHector.jpg","width":515,"height":400},{"@type":"BreadcrumbList","@id":"https:\/\/diariotextual.com\/inicio\/index.php\/2019\/04\/19\/credito-forestal-pico-respuesta-del-pj-piquense-tito-pechin\/#breadcrumb","itemListElement":[{"@type":"ListItem","position":1,"name":"Portada","item":"https:\/\/diariotextual.com\/inicio\/"},{"@type":"ListItem","position":2,"name":"Cr\u00e9dito a Forestal Pico: respuesta del PJ piquense a \u201cTito\u201d Pech\u00edn"}]},{"@type":"WebSite","@id":"https:\/\/diariotextual.com\/inicio\/#website","url":"https:\/\/diariotextual.com\/inicio\/","name":"Diario Textual","description":"","publisher":{"@id":"https:\/\/diariotextual.com\/inicio\/#organization"},"potentialAction":[{"@type":"SearchAction","target":{"@type":"EntryPoint","urlTemplate":"https:\/\/diariotextual.com\/inicio\/?s={search_term_string}"},"query-input":{"@type":"PropertyValueSpecification","valueRequired":true,"valueName":"search_term_string"}}],"inLanguage":"es"},{"@type":"Organization","@id":"https:\/\/diariotextual.com\/inicio\/#organization","name":"Diario Textual","url":"https:\/\/diariotextual.com\/inicio\/","logo":{"@type":"ImageObject","inLanguage":"es","@id":"https:\/\/diariotextual.com\/inicio\/#\/schema\/logo\/image\/","url":"https:\/\/diariotextual.com\/inicio\/wp-content\/uploads\/2023\/05\/logotextual1.jpg","contentUrl":"https:\/\/diariotextual.com\/inicio\/wp-content\/uploads\/2023\/05\/logotextual1.jpg","width":516,"height":76,"caption":"Diario Textual"},"image":{"@id":"https:\/\/diariotextual.com\/inicio\/#\/schema\/logo\/image\/"},"sameAs":["https:\/\/www.facebook.com\/eltextual","https:\/\/x.com\/eltextual","http:\/\/www.instagram.com\/eltextual"]},{"@type":"Person","@id":"https:\/\/diariotextual.com\/inicio\/#\/schema\/person\/a1b6f563e0ee944c60f98119389a4d9f","name":"diario3","image":{"@type":"ImageObject","inLanguage":"es","@id":"https:\/\/secure.gravatar.com\/avatar\/5e7ee62c82fc04d9dd79d746a390d93c69c43223e5faeeb3ea9461ef752bfc5d?s=96&d=mm&r=g","url":"https:\/\/secure.gravatar.com\/avatar\/5e7ee62c82fc04d9dd79d746a390d93c69c43223e5faeeb3ea9461ef752bfc5d?s=96&d=mm&r=g","contentUrl":"https:\/\/secure.gravatar.com\/avatar\/5e7ee62c82fc04d9dd79d746a390d93c69c43223e5faeeb3ea9461ef752bfc5d?s=96&d=mm&r=g","caption":"diario3"},"url":"https:\/\/diariotextual.com\/inicio\/index.php\/author\/diario3\/"}]}},"_links":{"self":[{"href":"https:\/\/diariotextual.com\/inicio\/index.php\/wp-json\/wp\/v2\/posts\/46151","targetHints":{"allow":["GET"]}}],"collection":[{"href":"https:\/\/diariotextual.com\/inicio\/index.php\/wp-json\/wp\/v2\/posts"}],"about":[{"href":"https:\/\/diariotextual.com\/inicio\/index.php\/wp-json\/wp\/v2\/types\/post"}],"author":[{"embeddable":true,"href":"https:\/\/diariotextual.com\/inicio\/index.php\/wp-json\/wp\/v2\/users\/5"}],"replies":[{"embeddable":true,"href":"https:\/\/diariotextual.com\/inicio\/index.php\/wp-json\/wp\/v2\/comments?post=46151"}],"version-history":[{"count":3,"href":"https:\/\/diariotextual.com\/inicio\/index.php\/wp-json\/wp\/v2\/posts\/46151\/revisions"}],"predecessor-version":[{"id":46157,"href":"https:\/\/diariotextual.com\/inicio\/index.php\/wp-json\/wp\/v2\/posts\/46151\/revisions\/46157"}],"wp:featuredmedia":[{"embeddable":true,"href":"https:\/\/diariotextual.com\/inicio\/index.php\/wp-json\/wp\/v2\/media\/33493"}],"wp:attachment":[{"href":"https:\/\/diariotextual.com\/inicio\/index.php\/wp-json\/wp\/v2\/media?parent=46151"}],"wp:term":[{"taxonomy":"category","embeddable":true,"href":"https:\/\/diariotextual.com\/inicio\/index.php\/wp-json\/wp\/v2\/categories?post=46151"},{"taxonomy":"post_tag","embeddable":true,"href":"https:\/\/diariotextual.com\/inicio\/index.php\/wp-json\/wp\/v2\/tags?post=46151"}],"curies":[{"name":"wp","href":"https:\/\/api.w.org\/{rel}","templated":true}]}}