{"id":46244,"date":"2019-04-21T10:07:38","date_gmt":"2019-04-21T13:07:38","guid":{"rendered":"http:\/\/diariotextual.com\/inicio\/?p=46244"},"modified":"2019-04-21T18:43:43","modified_gmt":"2019-04-21T21:43:43","slug":"francisco-pidio-medidas-concretas-resolver-la-crisis-venezuela","status":"publish","type":"post","link":"https:\/\/diariotextual.com\/inicio\/index.php\/2019\/04\/21\/francisco-pidio-medidas-concretas-resolver-la-crisis-venezuela\/","title":{"rendered":"Francisco pidi\u00f3 \u00abmedidas concretas\u00bb para resolver la crisis en Venezuela"},"content":{"rendered":"<p>El <strong>papa Francisco<\/strong> reclam\u00f3 hoy \u00abmedidas concretas\u00bb para resolver la crisis en Venezuela, donde remarc\u00f3 que hay una \u00abcrisis que contin\u00faa y se agrava\u00bb, adem\u00e1s de pedir por los que sufren \u00absituaciones econ\u00f3micas dif\u00edciles\u00bb en Am\u00e9rica latina, durante su bendici\u00f3n de Pascua, en la que tambi\u00e9n se refiri\u00f3 a los conflictos que preocupan a la Santa Sede, como Siria y Libia.<\/p>\n<p>\u00abQue la alegr\u00eda de la Resurrecci\u00f3n llene los corazones de todos los que en el continente americano sufren las consecuencias de situaciones pol\u00edticas y econ\u00f3micas dif\u00edciles\u00bb, plante\u00f3 el pont\u00edfice al dar la bendici\u00f3n \u00abUrbi et Orbi\u00bb desde la Bas\u00edlica de San Pedro. \u00abPienso en particular en el pueblo venezolano: en tantas personas carentes de las condiciones m\u00ednimas para llevar una vida digna y segura, debido a una crisis que contin\u00faa y se agrava\u00bb.<\/p>\n<p>\u00abQue el Se\u00f1or conceda a quienes tienen responsabilidades pol\u00edticas trabajar para poner fin a las injusticias sociales, a los abusos y a la violencia, y para tomar medidas concretas que permitan sanar las divisiones y dar a la poblaci\u00f3n la ayuda que necesita\u00bb, remarc\u00f3 frente a m\u00e1s de 60.000 personas que se congregaron para escuchar sus palabras, seg\u00fan las estimaciones del Vaticano.<\/p>\n<p>El pont\u00edfice tambi\u00e9n se refiri\u00f3 a la situaci\u00f3n en Nicaragua. \u00abQue el Se\u00f1or resucitado ilumine los esfuerzos que se est\u00e1n realizando\u00bb en ese pa\u00eds \u00abpara encontrar lo antes posible una soluci\u00f3n pac\u00edfica y negociada en beneficio de todos los nicarag\u00fcenses\u00bb, pidi\u00f3.<\/p>\n<p>Durante su mensaje, y tras celebrar la misa en la bas\u00edlica vaticana, Bergoglio se refiri\u00f3 adem\u00e1s a los principales conflictos mundiales que preocupan al Vaticano.\u00a0\u00abPido esperanza para el amado pueblo sirio, v\u00edctima de un conflicto que contin\u00faa y amenaza con hacernos caer en la resignaci\u00f3n e incluso en la indiferencia\u00bb, sostuvo. \u00abEn cambio, es hora de renovar el compromiso a favor de una soluci\u00f3n pol\u00edtica que responda a las justas aspiraciones de libertad, de paz y de justicia, aborde la crisis humanitaria y favorezca el regreso seguro de las personas desplazadas, as\u00ed como de los que se han refugiado en pa\u00edses vecinos, especialmente en el L\u00edbano y en Jordania\u00bb, expres\u00f3.<\/p>\n<p>\u00abLa Pascua nos lleva a dirigir la mirada a Oriente Medio, desgarrado por continuas divisiones y tensiones. Que los cristianos de la regi\u00f3n no dejen de dar testimonio con paciente perseverancia del Se\u00f1or resucitado y de la victoria de la vida sobre la muerte\u00bb, reclam\u00f3 luego.<\/p>\n<p>En ese marco, renov\u00f3 sus pedidos por los conflictos entre Israel y Palestina, y en Yemen. Francisco pidi\u00f3 adem\u00e1s por Libia, \u00abdonde en las \u00faltimas semanas personas indefensas vuelven a morir y muchas familias se ven obligadas a abandonar sus hogares\u00bb.<\/p>\n<p>&nbsp;<\/p>\n<p>&nbsp;<\/p>\n<p>&nbsp;<\/p>\n","protected":false},"excerpt":{"rendered":"<p>El papa Francisco reclam\u00f3 hoy \u00abmedidas concretas\u00bb para resolver la crisis en Venezuela, donde remarc\u00f3 que hay una \u00abcrisis que contin\u00faa y se agrava\u00bb, adem\u00e1s de pedir por los que&hellip;<\/p>\n","protected":false},"author":3,"featured_media":1979,"comment_status":"closed","ping_status":"open","sticky":false,"template":"","format":"standard","meta":{"_acf_changed":false,"footnotes":""},"categories":[11,7],"tags":[],"class_list":["post-46244","post","type-post","status-publish","format-standard","has-post-thumbnail","hentry","category-que-pasa","category-mundo"],"acf":[],"yoast_head":"<!-- This site is optimized with the Yoast SEO plugin v27.4 - https:\/\/yoast.com\/product\/yoast-seo-wordpress\/ -->\n<title>Francisco pidi\u00f3 &quot;medidas concretas&quot; para resolver la crisis en Venezuela - Diario Textual<\/title>\n<meta name=\"robots\" content=\"index, follow, max-snippet:-1, max-image-preview:large, max-video-preview:-1\" \/>\n<link rel=\"canonical\" href=\"https:\/\/diariotextual.com\/inicio\/index.php\/2019\/04\/21\/francisco-pidio-medidas-concretas-resolver-la-crisis-venezuela\/\" \/>\n<meta property=\"og:locale\" content=\"es_ES\" \/>\n<meta property=\"og:type\" content=\"article\" \/>\n<meta property=\"og:title\" content=\"Francisco pidi\u00f3 &quot;medidas concretas&quot; para resolver la crisis en Venezuela - Diario Textual\" \/>\n<meta property=\"og:description\" content=\"El papa Francisco reclam\u00f3 hoy \u00abmedidas concretas\u00bb para resolver la crisis en Venezuela, donde remarc\u00f3 que hay una \u00abcrisis que contin\u00faa y se agrava\u00bb, adem\u00e1s de pedir por los que&hellip;\" \/>\n<meta property=\"og:url\" content=\"https:\/\/diariotextual.com\/inicio\/index.php\/2019\/04\/21\/francisco-pidio-medidas-concretas-resolver-la-crisis-venezuela\/\" \/>\n<meta property=\"og:site_name\" content=\"Diario Textual\" \/>\n<meta property=\"article:publisher\" content=\"https:\/\/www.facebook.com\/eltextual\" \/>\n<meta property=\"article:published_time\" content=\"2019-04-21T13:07:38+00:00\" \/>\n<meta property=\"article:modified_time\" content=\"2019-04-21T21:43:43+00:00\" \/>\n<meta property=\"og:image\" content=\"https:\/\/diariotextual.com\/inicio\/wp-content\/uploads\/2018\/03\/papafrancisco81telam1.jpg\" \/>\n\t<meta property=\"og:image:width\" content=\"601\" \/>\n\t<meta property=\"og:image:height\" content=\"362\" \/>\n\t<meta property=\"og:image:type\" content=\"image\/jpeg\" \/>\n<meta name=\"author\" content=\"Diario1 Diario1\" \/>\n<meta name=\"twitter:card\" content=\"summary_large_image\" \/>\n<meta name=\"twitter:creator\" content=\"@eltextual\" \/>\n<meta name=\"twitter:site\" content=\"@eltextual\" \/>\n<meta name=\"twitter:label1\" content=\"Escrito por\" \/>\n\t<meta name=\"twitter:data1\" content=\"Diario1 Diario1\" \/>\n\t<meta name=\"twitter:label2\" content=\"Tiempo de lectura\" \/>\n\t<meta name=\"twitter:data2\" content=\"2 minutos\" \/>\n<script type=\"application\/ld+json\" class=\"yoast-schema-graph\">{\"@context\":\"https:\\\/\\\/schema.org\",\"@graph\":[{\"@type\":\"Article\",\"@id\":\"https:\\\/\\\/diariotextual.com\\\/inicio\\\/index.php\\\/2019\\\/04\\\/21\\\/francisco-pidio-medidas-concretas-resolver-la-crisis-venezuela\\\/#article\",\"isPartOf\":{\"@id\":\"https:\\\/\\\/diariotextual.com\\\/inicio\\\/index.php\\\/2019\\\/04\\\/21\\\/francisco-pidio-medidas-concretas-resolver-la-crisis-venezuela\\\/\"},\"author\":{\"name\":\"Diario1 Diario1\",\"@id\":\"https:\\\/\\\/diariotextual.com\\\/inicio\\\/#\\\/schema\\\/person\\\/418fc4093c33e86ed41562db3508f958\"},\"headline\":\"Francisco pidi\u00f3 \u00abmedidas concretas\u00bb para resolver la crisis en Venezuela\",\"datePublished\":\"2019-04-21T13:07:38+00:00\",\"dateModified\":\"2019-04-21T21:43:43+00:00\",\"mainEntityOfPage\":{\"@id\":\"https:\\\/\\\/diariotextual.com\\\/inicio\\\/index.php\\\/2019\\\/04\\\/21\\\/francisco-pidio-medidas-concretas-resolver-la-crisis-venezuela\\\/\"},\"wordCount\":490,\"publisher\":{\"@id\":\"https:\\\/\\\/diariotextual.com\\\/inicio\\\/#organization\"},\"image\":{\"@id\":\"https:\\\/\\\/diariotextual.com\\\/inicio\\\/index.php\\\/2019\\\/04\\\/21\\\/francisco-pidio-medidas-concretas-resolver-la-crisis-venezuela\\\/#primaryimage\"},\"thumbnailUrl\":\"https:\\\/\\\/diariotextual.com\\\/inicio\\\/wp-content\\\/uploads\\\/2018\\\/03\\\/papafrancisco81telam1.jpg\",\"articleSection\":[\"A - QUE PASA (al costado)\",\"MUNDO\"],\"inLanguage\":\"es\"},{\"@type\":\"WebPage\",\"@id\":\"https:\\\/\\\/diariotextual.com\\\/inicio\\\/index.php\\\/2019\\\/04\\\/21\\\/francisco-pidio-medidas-concretas-resolver-la-crisis-venezuela\\\/\",\"url\":\"https:\\\/\\\/diariotextual.com\\\/inicio\\\/index.php\\\/2019\\\/04\\\/21\\\/francisco-pidio-medidas-concretas-resolver-la-crisis-venezuela\\\/\",\"name\":\"Francisco pidi\u00f3 \\\"medidas concretas\\\" para resolver la crisis en Venezuela - Diario Textual\",\"isPartOf\":{\"@id\":\"https:\\\/\\\/diariotextual.com\\\/inicio\\\/#website\"},\"primaryImageOfPage\":{\"@id\":\"https:\\\/\\\/diariotextual.com\\\/inicio\\\/index.php\\\/2019\\\/04\\\/21\\\/francisco-pidio-medidas-concretas-resolver-la-crisis-venezuela\\\/#primaryimage\"},\"image\":{\"@id\":\"https:\\\/\\\/diariotextual.com\\\/inicio\\\/index.php\\\/2019\\\/04\\\/21\\\/francisco-pidio-medidas-concretas-resolver-la-crisis-venezuela\\\/#primaryimage\"},\"thumbnailUrl\":\"https:\\\/\\\/diariotextual.com\\\/inicio\\\/wp-content\\\/uploads\\\/2018\\\/03\\\/papafrancisco81telam1.jpg\",\"datePublished\":\"2019-04-21T13:07:38+00:00\",\"dateModified\":\"2019-04-21T21:43:43+00:00\",\"breadcrumb\":{\"@id\":\"https:\\\/\\\/diariotextual.com\\\/inicio\\\/index.php\\\/2019\\\/04\\\/21\\\/francisco-pidio-medidas-concretas-resolver-la-crisis-venezuela\\\/#breadcrumb\"},\"inLanguage\":\"es\",\"potentialAction\":[{\"@type\":\"ReadAction\",\"target\":[\"https:\\\/\\\/diariotextual.com\\\/inicio\\\/index.php\\\/2019\\\/04\\\/21\\\/francisco-pidio-medidas-concretas-resolver-la-crisis-venezuela\\\/\"]}]},{\"@type\":\"ImageObject\",\"inLanguage\":\"es\",\"@id\":\"https:\\\/\\\/diariotextual.com\\\/inicio\\\/index.php\\\/2019\\\/04\\\/21\\\/francisco-pidio-medidas-concretas-resolver-la-crisis-venezuela\\\/#primaryimage\",\"url\":\"https:\\\/\\\/diariotextual.com\\\/inicio\\\/wp-content\\\/uploads\\\/2018\\\/03\\\/papafrancisco81telam1.jpg\",\"contentUrl\":\"https:\\\/\\\/diariotextual.com\\\/inicio\\\/wp-content\\\/uploads\\\/2018\\\/03\\\/papafrancisco81telam1.jpg\",\"width\":601,\"height\":362},{\"@type\":\"BreadcrumbList\",\"@id\":\"https:\\\/\\\/diariotextual.com\\\/inicio\\\/index.php\\\/2019\\\/04\\\/21\\\/francisco-pidio-medidas-concretas-resolver-la-crisis-venezuela\\\/#breadcrumb\",\"itemListElement\":[{\"@type\":\"ListItem\",\"position\":1,\"name\":\"Portada\",\"item\":\"https:\\\/\\\/diariotextual.com\\\/inicio\\\/\"},{\"@type\":\"ListItem\",\"position\":2,\"name\":\"Francisco pidi\u00f3 \u00abmedidas concretas\u00bb para resolver la crisis en Venezuela\"}]},{\"@type\":\"WebSite\",\"@id\":\"https:\\\/\\\/diariotextual.com\\\/inicio\\\/#website\",\"url\":\"https:\\\/\\\/diariotextual.com\\\/inicio\\\/\",\"name\":\"Diario Textual\",\"description\":\"\",\"publisher\":{\"@id\":\"https:\\\/\\\/diariotextual.com\\\/inicio\\\/#organization\"},\"potentialAction\":[{\"@type\":\"SearchAction\",\"target\":{\"@type\":\"EntryPoint\",\"urlTemplate\":\"https:\\\/\\\/diariotextual.com\\\/inicio\\\/?s={search_term_string}\"},\"query-input\":{\"@type\":\"PropertyValueSpecification\",\"valueRequired\":true,\"valueName\":\"search_term_string\"}}],\"inLanguage\":\"es\"},{\"@type\":\"Organization\",\"@id\":\"https:\\\/\\\/diariotextual.com\\\/inicio\\\/#organization\",\"name\":\"Diario Textual\",\"url\":\"https:\\\/\\\/diariotextual.com\\\/inicio\\\/\",\"logo\":{\"@type\":\"ImageObject\",\"inLanguage\":\"es\",\"@id\":\"https:\\\/\\\/diariotextual.com\\\/inicio\\\/#\\\/schema\\\/logo\\\/image\\\/\",\"url\":\"https:\\\/\\\/diariotextual.com\\\/inicio\\\/wp-content\\\/uploads\\\/2023\\\/05\\\/logotextual1.jpg\",\"contentUrl\":\"https:\\\/\\\/diariotextual.com\\\/inicio\\\/wp-content\\\/uploads\\\/2023\\\/05\\\/logotextual1.jpg\",\"width\":516,\"height\":76,\"caption\":\"Diario Textual\"},\"image\":{\"@id\":\"https:\\\/\\\/diariotextual.com\\\/inicio\\\/#\\\/schema\\\/logo\\\/image\\\/\"},\"sameAs\":[\"https:\\\/\\\/www.facebook.com\\\/eltextual\",\"https:\\\/\\\/x.com\\\/eltextual\",\"http:\\\/\\\/www.instagram.com\\\/eltextual\"]},{\"@type\":\"Person\",\"@id\":\"https:\\\/\\\/diariotextual.com\\\/inicio\\\/#\\\/schema\\\/person\\\/418fc4093c33e86ed41562db3508f958\",\"name\":\"Diario1 Diario1\",\"image\":{\"@type\":\"ImageObject\",\"inLanguage\":\"es\",\"@id\":\"https:\\\/\\\/secure.gravatar.com\\\/avatar\\\/9167d280179c85bc18be67aa7eda765854300033af4896dd779b608640f2ef7a?s=96&d=mm&r=g\",\"url\":\"https:\\\/\\\/secure.gravatar.com\\\/avatar\\\/9167d280179c85bc18be67aa7eda765854300033af4896dd779b608640f2ef7a?s=96&d=mm&r=g\",\"contentUrl\":\"https:\\\/\\\/secure.gravatar.com\\\/avatar\\\/9167d280179c85bc18be67aa7eda765854300033af4896dd779b608640f2ef7a?s=96&d=mm&r=g\",\"caption\":\"Diario1 Diario1\"},\"url\":\"https:\\\/\\\/diariotextual.com\\\/inicio\\\/index.php\\\/author\\\/diario1\\\/\"}]}<\/script>\n<!-- \/ Yoast SEO plugin. -->","yoast_head_json":{"title":"Francisco pidi\u00f3 \"medidas concretas\" para resolver la crisis en Venezuela - Diario Textual","robots":{"index":"index","follow":"follow","max-snippet":"max-snippet:-1","max-image-preview":"max-image-preview:large","max-video-preview":"max-video-preview:-1"},"canonical":"https:\/\/diariotextual.com\/inicio\/index.php\/2019\/04\/21\/francisco-pidio-medidas-concretas-resolver-la-crisis-venezuela\/","og_locale":"es_ES","og_type":"article","og_title":"Francisco pidi\u00f3 \"medidas concretas\" para resolver la crisis en Venezuela - Diario Textual","og_description":"El papa Francisco reclam\u00f3 hoy \u00abmedidas concretas\u00bb para resolver la crisis en Venezuela, donde remarc\u00f3 que hay una \u00abcrisis que contin\u00faa y se agrava\u00bb, adem\u00e1s de pedir por los que&hellip;","og_url":"https:\/\/diariotextual.com\/inicio\/index.php\/2019\/04\/21\/francisco-pidio-medidas-concretas-resolver-la-crisis-venezuela\/","og_site_name":"Diario Textual","article_publisher":"https:\/\/www.facebook.com\/eltextual","article_published_time":"2019-04-21T13:07:38+00:00","article_modified_time":"2019-04-21T21:43:43+00:00","og_image":[{"width":601,"height":362,"url":"https:\/\/diariotextual.com\/inicio\/wp-content\/uploads\/2018\/03\/papafrancisco81telam1.jpg","type":"image\/jpeg"}],"author":"Diario1 Diario1","twitter_card":"summary_large_image","twitter_creator":"@eltextual","twitter_site":"@eltextual","twitter_misc":{"Escrito por":"Diario1 Diario1","Tiempo de lectura":"2 minutos"},"schema":{"@context":"https:\/\/schema.org","@graph":[{"@type":"Article","@id":"https:\/\/diariotextual.com\/inicio\/index.php\/2019\/04\/21\/francisco-pidio-medidas-concretas-resolver-la-crisis-venezuela\/#article","isPartOf":{"@id":"https:\/\/diariotextual.com\/inicio\/index.php\/2019\/04\/21\/francisco-pidio-medidas-concretas-resolver-la-crisis-venezuela\/"},"author":{"name":"Diario1 Diario1","@id":"https:\/\/diariotextual.com\/inicio\/#\/schema\/person\/418fc4093c33e86ed41562db3508f958"},"headline":"Francisco pidi\u00f3 \u00abmedidas concretas\u00bb para resolver la crisis en Venezuela","datePublished":"2019-04-21T13:07:38+00:00","dateModified":"2019-04-21T21:43:43+00:00","mainEntityOfPage":{"@id":"https:\/\/diariotextual.com\/inicio\/index.php\/2019\/04\/21\/francisco-pidio-medidas-concretas-resolver-la-crisis-venezuela\/"},"wordCount":490,"publisher":{"@id":"https:\/\/diariotextual.com\/inicio\/#organization"},"image":{"@id":"https:\/\/diariotextual.com\/inicio\/index.php\/2019\/04\/21\/francisco-pidio-medidas-concretas-resolver-la-crisis-venezuela\/#primaryimage"},"thumbnailUrl":"https:\/\/diariotextual.com\/inicio\/wp-content\/uploads\/2018\/03\/papafrancisco81telam1.jpg","articleSection":["A - QUE PASA (al costado)","MUNDO"],"inLanguage":"es"},{"@type":"WebPage","@id":"https:\/\/diariotextual.com\/inicio\/index.php\/2019\/04\/21\/francisco-pidio-medidas-concretas-resolver-la-crisis-venezuela\/","url":"https:\/\/diariotextual.com\/inicio\/index.php\/2019\/04\/21\/francisco-pidio-medidas-concretas-resolver-la-crisis-venezuela\/","name":"Francisco pidi\u00f3 \"medidas concretas\" para resolver la crisis en Venezuela - Diario Textual","isPartOf":{"@id":"https:\/\/diariotextual.com\/inicio\/#website"},"primaryImageOfPage":{"@id":"https:\/\/diariotextual.com\/inicio\/index.php\/2019\/04\/21\/francisco-pidio-medidas-concretas-resolver-la-crisis-venezuela\/#primaryimage"},"image":{"@id":"https:\/\/diariotextual.com\/inicio\/index.php\/2019\/04\/21\/francisco-pidio-medidas-concretas-resolver-la-crisis-venezuela\/#primaryimage"},"thumbnailUrl":"https:\/\/diariotextual.com\/inicio\/wp-content\/uploads\/2018\/03\/papafrancisco81telam1.jpg","datePublished":"2019-04-21T13:07:38+00:00","dateModified":"2019-04-21T21:43:43+00:00","breadcrumb":{"@id":"https:\/\/diariotextual.com\/inicio\/index.php\/2019\/04\/21\/francisco-pidio-medidas-concretas-resolver-la-crisis-venezuela\/#breadcrumb"},"inLanguage":"es","potentialAction":[{"@type":"ReadAction","target":["https:\/\/diariotextual.com\/inicio\/index.php\/2019\/04\/21\/francisco-pidio-medidas-concretas-resolver-la-crisis-venezuela\/"]}]},{"@type":"ImageObject","inLanguage":"es","@id":"https:\/\/diariotextual.com\/inicio\/index.php\/2019\/04\/21\/francisco-pidio-medidas-concretas-resolver-la-crisis-venezuela\/#primaryimage","url":"https:\/\/diariotextual.com\/inicio\/wp-content\/uploads\/2018\/03\/papafrancisco81telam1.jpg","contentUrl":"https:\/\/diariotextual.com\/inicio\/wp-content\/uploads\/2018\/03\/papafrancisco81telam1.jpg","width":601,"height":362},{"@type":"BreadcrumbList","@id":"https:\/\/diariotextual.com\/inicio\/index.php\/2019\/04\/21\/francisco-pidio-medidas-concretas-resolver-la-crisis-venezuela\/#breadcrumb","itemListElement":[{"@type":"ListItem","position":1,"name":"Portada","item":"https:\/\/diariotextual.com\/inicio\/"},{"@type":"ListItem","position":2,"name":"Francisco pidi\u00f3 \u00abmedidas concretas\u00bb para resolver la crisis en Venezuela"}]},{"@type":"WebSite","@id":"https:\/\/diariotextual.com\/inicio\/#website","url":"https:\/\/diariotextual.com\/inicio\/","name":"Diario Textual","description":"","publisher":{"@id":"https:\/\/diariotextual.com\/inicio\/#organization"},"potentialAction":[{"@type":"SearchAction","target":{"@type":"EntryPoint","urlTemplate":"https:\/\/diariotextual.com\/inicio\/?s={search_term_string}"},"query-input":{"@type":"PropertyValueSpecification","valueRequired":true,"valueName":"search_term_string"}}],"inLanguage":"es"},{"@type":"Organization","@id":"https:\/\/diariotextual.com\/inicio\/#organization","name":"Diario Textual","url":"https:\/\/diariotextual.com\/inicio\/","logo":{"@type":"ImageObject","inLanguage":"es","@id":"https:\/\/diariotextual.com\/inicio\/#\/schema\/logo\/image\/","url":"https:\/\/diariotextual.com\/inicio\/wp-content\/uploads\/2023\/05\/logotextual1.jpg","contentUrl":"https:\/\/diariotextual.com\/inicio\/wp-content\/uploads\/2023\/05\/logotextual1.jpg","width":516,"height":76,"caption":"Diario Textual"},"image":{"@id":"https:\/\/diariotextual.com\/inicio\/#\/schema\/logo\/image\/"},"sameAs":["https:\/\/www.facebook.com\/eltextual","https:\/\/x.com\/eltextual","http:\/\/www.instagram.com\/eltextual"]},{"@type":"Person","@id":"https:\/\/diariotextual.com\/inicio\/#\/schema\/person\/418fc4093c33e86ed41562db3508f958","name":"Diario1 Diario1","image":{"@type":"ImageObject","inLanguage":"es","@id":"https:\/\/secure.gravatar.com\/avatar\/9167d280179c85bc18be67aa7eda765854300033af4896dd779b608640f2ef7a?s=96&d=mm&r=g","url":"https:\/\/secure.gravatar.com\/avatar\/9167d280179c85bc18be67aa7eda765854300033af4896dd779b608640f2ef7a?s=96&d=mm&r=g","contentUrl":"https:\/\/secure.gravatar.com\/avatar\/9167d280179c85bc18be67aa7eda765854300033af4896dd779b608640f2ef7a?s=96&d=mm&r=g","caption":"Diario1 Diario1"},"url":"https:\/\/diariotextual.com\/inicio\/index.php\/author\/diario1\/"}]}},"_links":{"self":[{"href":"https:\/\/diariotextual.com\/inicio\/index.php\/wp-json\/wp\/v2\/posts\/46244","targetHints":{"allow":["GET"]}}],"collection":[{"href":"https:\/\/diariotextual.com\/inicio\/index.php\/wp-json\/wp\/v2\/posts"}],"about":[{"href":"https:\/\/diariotextual.com\/inicio\/index.php\/wp-json\/wp\/v2\/types\/post"}],"author":[{"embeddable":true,"href":"https:\/\/diariotextual.com\/inicio\/index.php\/wp-json\/wp\/v2\/users\/3"}],"replies":[{"embeddable":true,"href":"https:\/\/diariotextual.com\/inicio\/index.php\/wp-json\/wp\/v2\/comments?post=46244"}],"version-history":[{"count":1,"href":"https:\/\/diariotextual.com\/inicio\/index.php\/wp-json\/wp\/v2\/posts\/46244\/revisions"}],"predecessor-version":[{"id":46245,"href":"https:\/\/diariotextual.com\/inicio\/index.php\/wp-json\/wp\/v2\/posts\/46244\/revisions\/46245"}],"wp:featuredmedia":[{"embeddable":true,"href":"https:\/\/diariotextual.com\/inicio\/index.php\/wp-json\/wp\/v2\/media\/1979"}],"wp:attachment":[{"href":"https:\/\/diariotextual.com\/inicio\/index.php\/wp-json\/wp\/v2\/media?parent=46244"}],"wp:term":[{"taxonomy":"category","embeddable":true,"href":"https:\/\/diariotextual.com\/inicio\/index.php\/wp-json\/wp\/v2\/categories?post=46244"},{"taxonomy":"post_tag","embeddable":true,"href":"https:\/\/diariotextual.com\/inicio\/index.php\/wp-json\/wp\/v2\/tags?post=46244"}],"curies":[{"name":"wp","href":"https:\/\/api.w.org\/{rel}","templated":true}]}}