{"id":46331,"date":"2019-04-22T12:11:17","date_gmt":"2019-04-22T15:11:17","guid":{"rendered":"http:\/\/diariotextual.com\/inicio\/?p=46331"},"modified":"2019-04-22T16:07:04","modified_gmt":"2019-04-22T19:07:04","slug":"los-precios-esenciales-ya-estan-las-gondolas-los-super-santa-rosa","status":"publish","type":"post","link":"https:\/\/diariotextual.com\/inicio\/index.php\/2019\/04\/22\/los-precios-esenciales-ya-estan-las-gondolas-los-super-santa-rosa\/","title":{"rendered":"Los Precios Esenciales ya est\u00e1n en las g\u00f3ndolas de los s\u00faper de Santa Rosa"},"content":{"rendered":"<p>Desde este lunes ya est\u00e1 disponible la mayor\u00eda los <strong>64 productos<\/strong> dentro del programa nacional de<strong> Precios Esenciales<\/strong> en las g\u00f3ndolas de las sucursales que los grandes supermercados tienen en Santa Rosa. As\u00ed lo pudo verificar <strong>Diario Textual<\/strong> en una recorrida por los locales. Se trata de los supermercados<strong> Carrefour, La An\u00f3nima<\/strong> y <strong>Chango M\u00e1s<\/strong>.<\/p>\n<p>Igual a\u00fan <strong>no han cambiado la carteler\u00eda<\/strong>. Esos 64 productos, en rigor, se encuentran dentro del programa Precios Cuidados, que contiene unos 500 productos.<\/p>\n<p>Los que a\u00fan restan, seg\u00fan inform\u00f3 el Gobierno nacional, se podr\u00e1n ir sumando progresivamente hasta el lunes 29.<\/p>\n<p>\u00abEn Carrefour los tenemos a todos desde las 8 horas. Sin la carteler\u00eda de Precios Esenciales, pero s\u00ed con la de Precios Cuidados\u00bb, dijo un empleado.<\/p>\n<p style=\"margin: 12px auto 6px auto; font-family: Helvetica,Arial,Sans-serif; font-style: normal; font-variant: normal; font-weight: normal; font-size: 14px; line-height: normal; font-size-adjust: none; font-stretch: normal; -x-system-font: none; display: block;\"><a style=\"text-decoration: underline;\" title=\"View Precios Escenciales - Abril del a\u00f1o 2019 on Scribd\" href=\"https:\/\/www.scribd.com\/document\/407146758\/Precios-Escenciales-Abril-del-ano-2019#from_embed\">Precios Escenciales &#8211; Abril del a\u00f1o 2019<\/a> by <a style=\"text-decoration: underline;\" title=\"View diariotextual's profile on Scribd\" href=\"https:\/\/www.scribd.com\/user\/247128503\/diariotextual#from_embed\">diariotextual<\/a> on Scribd<\/p>\n<p><iframe id=\"doc_21218\" class=\"scribd_iframe_embed\" title=\"Precios Escenciales - Abril del a\u00f1o 2019\" src=\"https:\/\/es.scribd.com\/embeds\/407146758\/content?start_page=1&amp;view_mode=scroll&amp;access_key=key-EUEuWPVsoU19z6pH4p1g&amp;show_recommendations=true\" width=\"100%\" height=\"600\" frameborder=\"0\" scrolling=\"no\" data-auto-height=\"false\" data-aspect-ratio=\"1.4160125588697017\"><\/iframe><\/p>\n<p>&nbsp;<\/p>\n<p>\u201cPrecios cuidados, producto esencial\u201d es la nueva se\u00f1alizaci\u00f3n con la que a partir de hoy estar\u00e1n identificados estos alimentos cuyo valor estar\u00e1 congelado hasta noviembre de 2019. La medida es obligatoria para que los consumidores puedan identificar los productos. Para controlar su cumplimiento el Gobierno dispondr\u00e1 de 350 fiscalizadores en todo el pa\u00eds.<\/p>\n<div class=\"row pb-content-type-text\">\n<div class=\"col-xs-12 col-print-12\">\n<p class=\"element element-paragraph\">Para lograr el acuerdo\u00a0de precios, con el objetivo de aliviar las expectativa inflacionaria que ya trepa al 40% este a\u00f1o, el Poder Ejecutivo negoci\u00f3 con 16 empresas y supermercados.<\/p>\n<\/div>\n<\/div>\n<div class=\"row pb-content-type-text\">\n<div class=\"col-xs-12 col-print-12\">\n<p class=\"element element-paragraph\">Sin embargo, surgen dudas con respecto al abastecimiento y al remarque de precios que hicieron los supermercadistas previo a que entre en vigencia el programa.<\/p>\n<\/div>\n<p>&nbsp;<\/p>\n<\/div>\n<p>&nbsp;<\/p>\n","protected":false},"excerpt":{"rendered":"<p>Desde este lunes ya est\u00e1 disponible la mayor\u00eda los 64 productos dentro del programa nacional de Precios Esenciales en las g\u00f3ndolas de las sucursales que los grandes supermercados tienen en&hellip;<\/p>\n","protected":false},"author":3,"featured_media":46332,"comment_status":"closed","ping_status":"open","sticky":false,"template":"","format":"standard","meta":{"_acf_changed":false,"footnotes":""},"categories":[11,319,5],"tags":[1947],"class_list":["post-46331","post","type-post","status-publish","format-standard","has-post-thumbnail","hentry","category-que-pasa","category-a-temporales","category-economia","tag-esenciales"],"acf":[],"yoast_head":"<!-- This site is optimized with the Yoast SEO plugin v27.5 - https:\/\/yoast.com\/product\/yoast-seo-wordpress\/ -->\n<title>Los Precios Esenciales ya est\u00e1n en las g\u00f3ndolas de los s\u00faper de Santa Rosa - Diario Textual<\/title>\n<meta name=\"robots\" content=\"index, follow, max-snippet:-1, max-image-preview:large, max-video-preview:-1\" \/>\n<link rel=\"canonical\" href=\"https:\/\/diariotextual.com\/inicio\/index.php\/2019\/04\/22\/los-precios-esenciales-ya-estan-las-gondolas-los-super-santa-rosa\/\" \/>\n<meta property=\"og:locale\" content=\"es_ES\" \/>\n<meta property=\"og:type\" content=\"article\" \/>\n<meta property=\"og:title\" content=\"Los Precios Esenciales ya est\u00e1n en las g\u00f3ndolas de los s\u00faper de Santa Rosa - Diario Textual\" \/>\n<meta property=\"og:description\" content=\"Desde este lunes ya est\u00e1 disponible la mayor\u00eda los 64 productos dentro del programa nacional de Precios Esenciales en las g\u00f3ndolas de las sucursales que los grandes supermercados tienen en&hellip;\" \/>\n<meta property=\"og:url\" content=\"https:\/\/diariotextual.com\/inicio\/index.php\/2019\/04\/22\/los-precios-esenciales-ya-estan-las-gondolas-los-super-santa-rosa\/\" \/>\n<meta property=\"og:site_name\" content=\"Diario Textual\" \/>\n<meta property=\"article:publisher\" content=\"https:\/\/www.facebook.com\/eltextual\" \/>\n<meta property=\"article:published_time\" content=\"2019-04-22T15:11:17+00:00\" \/>\n<meta property=\"article:modified_time\" content=\"2019-04-22T19:07:04+00:00\" \/>\n<meta property=\"og:image\" content=\"https:\/\/diariotextual.com\/inicio\/wp-content\/uploads\/2019\/04\/precioscuidadospreciosesencialestextual2019-2.jpg\" \/>\n\t<meta property=\"og:image:width\" content=\"1100\" \/>\n\t<meta property=\"og:image:height\" content=\"757\" \/>\n\t<meta property=\"og:image:type\" content=\"image\/jpeg\" \/>\n<meta name=\"author\" content=\"Diario1 Diario1\" \/>\n<meta name=\"twitter:card\" content=\"summary_large_image\" \/>\n<meta name=\"twitter:creator\" content=\"@eltextual\" \/>\n<meta name=\"twitter:site\" content=\"@eltextual\" \/>\n<meta name=\"twitter:label1\" content=\"Escrito por\" \/>\n\t<meta name=\"twitter:data1\" content=\"Diario1 Diario1\" \/>\n\t<meta name=\"twitter:label2\" content=\"Tiempo de lectura\" \/>\n\t<meta name=\"twitter:data2\" content=\"1 minuto\" \/>\n<script type=\"application\/ld+json\" class=\"yoast-schema-graph\">{\"@context\":\"https:\\\/\\\/schema.org\",\"@graph\":[{\"@type\":\"Article\",\"@id\":\"https:\\\/\\\/diariotextual.com\\\/inicio\\\/index.php\\\/2019\\\/04\\\/22\\\/los-precios-esenciales-ya-estan-las-gondolas-los-super-santa-rosa\\\/#article\",\"isPartOf\":{\"@id\":\"https:\\\/\\\/diariotextual.com\\\/inicio\\\/index.php\\\/2019\\\/04\\\/22\\\/los-precios-esenciales-ya-estan-las-gondolas-los-super-santa-rosa\\\/\"},\"author\":{\"name\":\"Diario1 Diario1\",\"@id\":\"https:\\\/\\\/diariotextual.com\\\/inicio\\\/#\\\/schema\\\/person\\\/418fc4093c33e86ed41562db3508f958\"},\"headline\":\"Los Precios Esenciales ya est\u00e1n en las g\u00f3ndolas de los s\u00faper de Santa Rosa\",\"datePublished\":\"2019-04-22T15:11:17+00:00\",\"dateModified\":\"2019-04-22T19:07:04+00:00\",\"mainEntityOfPage\":{\"@id\":\"https:\\\/\\\/diariotextual.com\\\/inicio\\\/index.php\\\/2019\\\/04\\\/22\\\/los-precios-esenciales-ya-estan-las-gondolas-los-super-santa-rosa\\\/\"},\"wordCount\":268,\"publisher\":{\"@id\":\"https:\\\/\\\/diariotextual.com\\\/inicio\\\/#organization\"},\"image\":{\"@id\":\"https:\\\/\\\/diariotextual.com\\\/inicio\\\/index.php\\\/2019\\\/04\\\/22\\\/los-precios-esenciales-ya-estan-las-gondolas-los-super-santa-rosa\\\/#primaryimage\"},\"thumbnailUrl\":\"https:\\\/\\\/diariotextual.com\\\/inicio\\\/wp-content\\\/uploads\\\/2019\\\/04\\\/precioscuidadospreciosesencialestextual2019-2.jpg\",\"keywords\":[\"esenciales\"],\"articleSection\":[\"A - QUE PASA (al costado)\",\"A - TEMPORALES\",\"ECONOMIA\"],\"inLanguage\":\"es\"},{\"@type\":\"WebPage\",\"@id\":\"https:\\\/\\\/diariotextual.com\\\/inicio\\\/index.php\\\/2019\\\/04\\\/22\\\/los-precios-esenciales-ya-estan-las-gondolas-los-super-santa-rosa\\\/\",\"url\":\"https:\\\/\\\/diariotextual.com\\\/inicio\\\/index.php\\\/2019\\\/04\\\/22\\\/los-precios-esenciales-ya-estan-las-gondolas-los-super-santa-rosa\\\/\",\"name\":\"Los Precios Esenciales ya est\u00e1n en las g\u00f3ndolas de los s\u00faper de Santa Rosa - Diario Textual\",\"isPartOf\":{\"@id\":\"https:\\\/\\\/diariotextual.com\\\/inicio\\\/#website\"},\"primaryImageOfPage\":{\"@id\":\"https:\\\/\\\/diariotextual.com\\\/inicio\\\/index.php\\\/2019\\\/04\\\/22\\\/los-precios-esenciales-ya-estan-las-gondolas-los-super-santa-rosa\\\/#primaryimage\"},\"image\":{\"@id\":\"https:\\\/\\\/diariotextual.com\\\/inicio\\\/index.php\\\/2019\\\/04\\\/22\\\/los-precios-esenciales-ya-estan-las-gondolas-los-super-santa-rosa\\\/#primaryimage\"},\"thumbnailUrl\":\"https:\\\/\\\/diariotextual.com\\\/inicio\\\/wp-content\\\/uploads\\\/2019\\\/04\\\/precioscuidadospreciosesencialestextual2019-2.jpg\",\"datePublished\":\"2019-04-22T15:11:17+00:00\",\"dateModified\":\"2019-04-22T19:07:04+00:00\",\"breadcrumb\":{\"@id\":\"https:\\\/\\\/diariotextual.com\\\/inicio\\\/index.php\\\/2019\\\/04\\\/22\\\/los-precios-esenciales-ya-estan-las-gondolas-los-super-santa-rosa\\\/#breadcrumb\"},\"inLanguage\":\"es\",\"potentialAction\":[{\"@type\":\"ReadAction\",\"target\":[\"https:\\\/\\\/diariotextual.com\\\/inicio\\\/index.php\\\/2019\\\/04\\\/22\\\/los-precios-esenciales-ya-estan-las-gondolas-los-super-santa-rosa\\\/\"]}]},{\"@type\":\"ImageObject\",\"inLanguage\":\"es\",\"@id\":\"https:\\\/\\\/diariotextual.com\\\/inicio\\\/index.php\\\/2019\\\/04\\\/22\\\/los-precios-esenciales-ya-estan-las-gondolas-los-super-santa-rosa\\\/#primaryimage\",\"url\":\"https:\\\/\\\/diariotextual.com\\\/inicio\\\/wp-content\\\/uploads\\\/2019\\\/04\\\/precioscuidadospreciosesencialestextual2019-2.jpg\",\"contentUrl\":\"https:\\\/\\\/diariotextual.com\\\/inicio\\\/wp-content\\\/uploads\\\/2019\\\/04\\\/precioscuidadospreciosesencialestextual2019-2.jpg\",\"width\":1100,\"height\":757},{\"@type\":\"BreadcrumbList\",\"@id\":\"https:\\\/\\\/diariotextual.com\\\/inicio\\\/index.php\\\/2019\\\/04\\\/22\\\/los-precios-esenciales-ya-estan-las-gondolas-los-super-santa-rosa\\\/#breadcrumb\",\"itemListElement\":[{\"@type\":\"ListItem\",\"position\":1,\"name\":\"Portada\",\"item\":\"https:\\\/\\\/diariotextual.com\\\/inicio\\\/\"},{\"@type\":\"ListItem\",\"position\":2,\"name\":\"Los Precios Esenciales ya est\u00e1n en las g\u00f3ndolas de los s\u00faper de Santa Rosa\"}]},{\"@type\":\"WebSite\",\"@id\":\"https:\\\/\\\/diariotextual.com\\\/inicio\\\/#website\",\"url\":\"https:\\\/\\\/diariotextual.com\\\/inicio\\\/\",\"name\":\"Diario Textual\",\"description\":\"\",\"publisher\":{\"@id\":\"https:\\\/\\\/diariotextual.com\\\/inicio\\\/#organization\"},\"potentialAction\":[{\"@type\":\"SearchAction\",\"target\":{\"@type\":\"EntryPoint\",\"urlTemplate\":\"https:\\\/\\\/diariotextual.com\\\/inicio\\\/?s={search_term_string}\"},\"query-input\":{\"@type\":\"PropertyValueSpecification\",\"valueRequired\":true,\"valueName\":\"search_term_string\"}}],\"inLanguage\":\"es\"},{\"@type\":\"Organization\",\"@id\":\"https:\\\/\\\/diariotextual.com\\\/inicio\\\/#organization\",\"name\":\"Diario Textual\",\"url\":\"https:\\\/\\\/diariotextual.com\\\/inicio\\\/\",\"logo\":{\"@type\":\"ImageObject\",\"inLanguage\":\"es\",\"@id\":\"https:\\\/\\\/diariotextual.com\\\/inicio\\\/#\\\/schema\\\/logo\\\/image\\\/\",\"url\":\"https:\\\/\\\/diariotextual.com\\\/inicio\\\/wp-content\\\/uploads\\\/2023\\\/05\\\/logotextual1.jpg\",\"contentUrl\":\"https:\\\/\\\/diariotextual.com\\\/inicio\\\/wp-content\\\/uploads\\\/2023\\\/05\\\/logotextual1.jpg\",\"width\":516,\"height\":76,\"caption\":\"Diario Textual\"},\"image\":{\"@id\":\"https:\\\/\\\/diariotextual.com\\\/inicio\\\/#\\\/schema\\\/logo\\\/image\\\/\"},\"sameAs\":[\"https:\\\/\\\/www.facebook.com\\\/eltextual\",\"https:\\\/\\\/x.com\\\/eltextual\",\"http:\\\/\\\/www.instagram.com\\\/eltextual\"]},{\"@type\":\"Person\",\"@id\":\"https:\\\/\\\/diariotextual.com\\\/inicio\\\/#\\\/schema\\\/person\\\/418fc4093c33e86ed41562db3508f958\",\"name\":\"Diario1 Diario1\",\"image\":{\"@type\":\"ImageObject\",\"inLanguage\":\"es\",\"@id\":\"https:\\\/\\\/secure.gravatar.com\\\/avatar\\\/9167d280179c85bc18be67aa7eda765854300033af4896dd779b608640f2ef7a?s=96&d=mm&r=g\",\"url\":\"https:\\\/\\\/secure.gravatar.com\\\/avatar\\\/9167d280179c85bc18be67aa7eda765854300033af4896dd779b608640f2ef7a?s=96&d=mm&r=g\",\"contentUrl\":\"https:\\\/\\\/secure.gravatar.com\\\/avatar\\\/9167d280179c85bc18be67aa7eda765854300033af4896dd779b608640f2ef7a?s=96&d=mm&r=g\",\"caption\":\"Diario1 Diario1\"},\"url\":\"https:\\\/\\\/diariotextual.com\\\/inicio\\\/index.php\\\/author\\\/diario1\\\/\"}]}<\/script>\n<!-- \/ Yoast SEO plugin. -->","yoast_head_json":{"title":"Los Precios Esenciales ya est\u00e1n en las g\u00f3ndolas de los s\u00faper de Santa Rosa - Diario Textual","robots":{"index":"index","follow":"follow","max-snippet":"max-snippet:-1","max-image-preview":"max-image-preview:large","max-video-preview":"max-video-preview:-1"},"canonical":"https:\/\/diariotextual.com\/inicio\/index.php\/2019\/04\/22\/los-precios-esenciales-ya-estan-las-gondolas-los-super-santa-rosa\/","og_locale":"es_ES","og_type":"article","og_title":"Los Precios Esenciales ya est\u00e1n en las g\u00f3ndolas de los s\u00faper de Santa Rosa - Diario Textual","og_description":"Desde este lunes ya est\u00e1 disponible la mayor\u00eda los 64 productos dentro del programa nacional de Precios Esenciales en las g\u00f3ndolas de las sucursales que los grandes supermercados tienen en&hellip;","og_url":"https:\/\/diariotextual.com\/inicio\/index.php\/2019\/04\/22\/los-precios-esenciales-ya-estan-las-gondolas-los-super-santa-rosa\/","og_site_name":"Diario Textual","article_publisher":"https:\/\/www.facebook.com\/eltextual","article_published_time":"2019-04-22T15:11:17+00:00","article_modified_time":"2019-04-22T19:07:04+00:00","og_image":[{"width":1100,"height":757,"url":"https:\/\/diariotextual.com\/inicio\/wp-content\/uploads\/2019\/04\/precioscuidadospreciosesencialestextual2019-2.jpg","type":"image\/jpeg"}],"author":"Diario1 Diario1","twitter_card":"summary_large_image","twitter_creator":"@eltextual","twitter_site":"@eltextual","twitter_misc":{"Escrito por":"Diario1 Diario1","Tiempo de lectura":"1 minuto"},"schema":{"@context":"https:\/\/schema.org","@graph":[{"@type":"Article","@id":"https:\/\/diariotextual.com\/inicio\/index.php\/2019\/04\/22\/los-precios-esenciales-ya-estan-las-gondolas-los-super-santa-rosa\/#article","isPartOf":{"@id":"https:\/\/diariotextual.com\/inicio\/index.php\/2019\/04\/22\/los-precios-esenciales-ya-estan-las-gondolas-los-super-santa-rosa\/"},"author":{"name":"Diario1 Diario1","@id":"https:\/\/diariotextual.com\/inicio\/#\/schema\/person\/418fc4093c33e86ed41562db3508f958"},"headline":"Los Precios Esenciales ya est\u00e1n en las g\u00f3ndolas de los s\u00faper de Santa Rosa","datePublished":"2019-04-22T15:11:17+00:00","dateModified":"2019-04-22T19:07:04+00:00","mainEntityOfPage":{"@id":"https:\/\/diariotextual.com\/inicio\/index.php\/2019\/04\/22\/los-precios-esenciales-ya-estan-las-gondolas-los-super-santa-rosa\/"},"wordCount":268,"publisher":{"@id":"https:\/\/diariotextual.com\/inicio\/#organization"},"image":{"@id":"https:\/\/diariotextual.com\/inicio\/index.php\/2019\/04\/22\/los-precios-esenciales-ya-estan-las-gondolas-los-super-santa-rosa\/#primaryimage"},"thumbnailUrl":"https:\/\/diariotextual.com\/inicio\/wp-content\/uploads\/2019\/04\/precioscuidadospreciosesencialestextual2019-2.jpg","keywords":["esenciales"],"articleSection":["A - QUE PASA (al costado)","A - TEMPORALES","ECONOMIA"],"inLanguage":"es"},{"@type":"WebPage","@id":"https:\/\/diariotextual.com\/inicio\/index.php\/2019\/04\/22\/los-precios-esenciales-ya-estan-las-gondolas-los-super-santa-rosa\/","url":"https:\/\/diariotextual.com\/inicio\/index.php\/2019\/04\/22\/los-precios-esenciales-ya-estan-las-gondolas-los-super-santa-rosa\/","name":"Los Precios Esenciales ya est\u00e1n en las g\u00f3ndolas de los s\u00faper de Santa Rosa - Diario Textual","isPartOf":{"@id":"https:\/\/diariotextual.com\/inicio\/#website"},"primaryImageOfPage":{"@id":"https:\/\/diariotextual.com\/inicio\/index.php\/2019\/04\/22\/los-precios-esenciales-ya-estan-las-gondolas-los-super-santa-rosa\/#primaryimage"},"image":{"@id":"https:\/\/diariotextual.com\/inicio\/index.php\/2019\/04\/22\/los-precios-esenciales-ya-estan-las-gondolas-los-super-santa-rosa\/#primaryimage"},"thumbnailUrl":"https:\/\/diariotextual.com\/inicio\/wp-content\/uploads\/2019\/04\/precioscuidadospreciosesencialestextual2019-2.jpg","datePublished":"2019-04-22T15:11:17+00:00","dateModified":"2019-04-22T19:07:04+00:00","breadcrumb":{"@id":"https:\/\/diariotextual.com\/inicio\/index.php\/2019\/04\/22\/los-precios-esenciales-ya-estan-las-gondolas-los-super-santa-rosa\/#breadcrumb"},"inLanguage":"es","potentialAction":[{"@type":"ReadAction","target":["https:\/\/diariotextual.com\/inicio\/index.php\/2019\/04\/22\/los-precios-esenciales-ya-estan-las-gondolas-los-super-santa-rosa\/"]}]},{"@type":"ImageObject","inLanguage":"es","@id":"https:\/\/diariotextual.com\/inicio\/index.php\/2019\/04\/22\/los-precios-esenciales-ya-estan-las-gondolas-los-super-santa-rosa\/#primaryimage","url":"https:\/\/diariotextual.com\/inicio\/wp-content\/uploads\/2019\/04\/precioscuidadospreciosesencialestextual2019-2.jpg","contentUrl":"https:\/\/diariotextual.com\/inicio\/wp-content\/uploads\/2019\/04\/precioscuidadospreciosesencialestextual2019-2.jpg","width":1100,"height":757},{"@type":"BreadcrumbList","@id":"https:\/\/diariotextual.com\/inicio\/index.php\/2019\/04\/22\/los-precios-esenciales-ya-estan-las-gondolas-los-super-santa-rosa\/#breadcrumb","itemListElement":[{"@type":"ListItem","position":1,"name":"Portada","item":"https:\/\/diariotextual.com\/inicio\/"},{"@type":"ListItem","position":2,"name":"Los Precios Esenciales ya est\u00e1n en las g\u00f3ndolas de los s\u00faper de Santa Rosa"}]},{"@type":"WebSite","@id":"https:\/\/diariotextual.com\/inicio\/#website","url":"https:\/\/diariotextual.com\/inicio\/","name":"Diario Textual","description":"","publisher":{"@id":"https:\/\/diariotextual.com\/inicio\/#organization"},"potentialAction":[{"@type":"SearchAction","target":{"@type":"EntryPoint","urlTemplate":"https:\/\/diariotextual.com\/inicio\/?s={search_term_string}"},"query-input":{"@type":"PropertyValueSpecification","valueRequired":true,"valueName":"search_term_string"}}],"inLanguage":"es"},{"@type":"Organization","@id":"https:\/\/diariotextual.com\/inicio\/#organization","name":"Diario Textual","url":"https:\/\/diariotextual.com\/inicio\/","logo":{"@type":"ImageObject","inLanguage":"es","@id":"https:\/\/diariotextual.com\/inicio\/#\/schema\/logo\/image\/","url":"https:\/\/diariotextual.com\/inicio\/wp-content\/uploads\/2023\/05\/logotextual1.jpg","contentUrl":"https:\/\/diariotextual.com\/inicio\/wp-content\/uploads\/2023\/05\/logotextual1.jpg","width":516,"height":76,"caption":"Diario Textual"},"image":{"@id":"https:\/\/diariotextual.com\/inicio\/#\/schema\/logo\/image\/"},"sameAs":["https:\/\/www.facebook.com\/eltextual","https:\/\/x.com\/eltextual","http:\/\/www.instagram.com\/eltextual"]},{"@type":"Person","@id":"https:\/\/diariotextual.com\/inicio\/#\/schema\/person\/418fc4093c33e86ed41562db3508f958","name":"Diario1 Diario1","image":{"@type":"ImageObject","inLanguage":"es","@id":"https:\/\/secure.gravatar.com\/avatar\/9167d280179c85bc18be67aa7eda765854300033af4896dd779b608640f2ef7a?s=96&d=mm&r=g","url":"https:\/\/secure.gravatar.com\/avatar\/9167d280179c85bc18be67aa7eda765854300033af4896dd779b608640f2ef7a?s=96&d=mm&r=g","contentUrl":"https:\/\/secure.gravatar.com\/avatar\/9167d280179c85bc18be67aa7eda765854300033af4896dd779b608640f2ef7a?s=96&d=mm&r=g","caption":"Diario1 Diario1"},"url":"https:\/\/diariotextual.com\/inicio\/index.php\/author\/diario1\/"}]}},"_links":{"self":[{"href":"https:\/\/diariotextual.com\/inicio\/index.php\/wp-json\/wp\/v2\/posts\/46331","targetHints":{"allow":["GET"]}}],"collection":[{"href":"https:\/\/diariotextual.com\/inicio\/index.php\/wp-json\/wp\/v2\/posts"}],"about":[{"href":"https:\/\/diariotextual.com\/inicio\/index.php\/wp-json\/wp\/v2\/types\/post"}],"author":[{"embeddable":true,"href":"https:\/\/diariotextual.com\/inicio\/index.php\/wp-json\/wp\/v2\/users\/3"}],"replies":[{"embeddable":true,"href":"https:\/\/diariotextual.com\/inicio\/index.php\/wp-json\/wp\/v2\/comments?post=46331"}],"version-history":[{"count":8,"href":"https:\/\/diariotextual.com\/inicio\/index.php\/wp-json\/wp\/v2\/posts\/46331\/revisions"}],"predecessor-version":[{"id":46353,"href":"https:\/\/diariotextual.com\/inicio\/index.php\/wp-json\/wp\/v2\/posts\/46331\/revisions\/46353"}],"wp:featuredmedia":[{"embeddable":true,"href":"https:\/\/diariotextual.com\/inicio\/index.php\/wp-json\/wp\/v2\/media\/46332"}],"wp:attachment":[{"href":"https:\/\/diariotextual.com\/inicio\/index.php\/wp-json\/wp\/v2\/media?parent=46331"}],"wp:term":[{"taxonomy":"category","embeddable":true,"href":"https:\/\/diariotextual.com\/inicio\/index.php\/wp-json\/wp\/v2\/categories?post=46331"},{"taxonomy":"post_tag","embeddable":true,"href":"https:\/\/diariotextual.com\/inicio\/index.php\/wp-json\/wp\/v2\/tags?post=46331"}],"curies":[{"name":"wp","href":"https:\/\/api.w.org\/{rel}","templated":true}]}}