{"id":46513,"date":"2019-04-23T18:40:16","date_gmt":"2019-04-23T21:40:16","guid":{"rendered":"http:\/\/diariotextual.com\/inicio\/?p=46513"},"modified":"2019-04-24T10:09:43","modified_gmt":"2019-04-24T13:09:43","slug":"la-corte-llama-audiencia-la-eliminacion-del-fondo-la-soja","status":"publish","type":"post","link":"https:\/\/diariotextual.com\/inicio\/index.php\/2019\/04\/23\/la-corte-llama-audiencia-la-eliminacion-del-fondo-la-soja\/","title":{"rendered":"La Corte llama a audiencia por la eliminaci\u00f3n del Fondo de la Soja"},"content":{"rendered":"<p>La Corte Suprema de Justicia de la Naci\u00f3n convoc\u00f3 a<strong> audiencia p\u00fablica<\/strong> en causas en las que se debate la<strong> constitucionalidad del decreto de necesidad y urgencia que deroga el Fondo Federal Solidario<\/strong>, conocido como \u201cFondo sojero\u201d.<\/p>\n<p>El m\u00e1ximo tribunal fij\u00f3 para los d\u00edas 26 y 27 de junio pr\u00f3ximo una audiencia de conciliaci\u00f3n en la causa de la provincia de Formosa contra el Estado nacional por la supuesta inconstitucionalidad de la medida.<strong> Adem\u00e1s de Formosa, convoc\u00f3 a las provincias de\u00a0Santa Cruz, Chubut, Tierra del Fuego, Catamarca y Santiago del Estero, que iniciaron causas con id\u00e9ntico motivo.<\/strong><\/p>\n<blockquote class=\"wp-embedded-content\" data-secret=\"MMsIwAZbLx\"><p><a href=\"http:\/\/diariotextual.com\/inicio\/index.php\/2018\/08\/14\/fin-al-fondo-la-soja-la-pampa-pierde-350-millones\/\">Fin al Fondo de la Soja: La Pampa pierde $350 millones<\/a><\/p><\/blockquote>\n<p><iframe class=\"wp-embedded-content\" sandbox=\"allow-scripts\" security=\"restricted\" style=\"position: absolute; clip: rect(1px, 1px, 1px, 1px);\" src=\"http:\/\/diariotextual.com\/inicio\/index.php\/2018\/08\/14\/fin-al-fondo-la-soja-la-pampa-pierde-350-millones\/embed\/#?secret=MMsIwAZbLx\" data-secret=\"MMsIwAZbLx\" width=\"600\" height=\"338\" title=\"&#8220;Fin al Fondo de la Soja: La Pampa pierde $350 millones&#8221; &#8212; Diario Textual\" frameborder=\"0\" marginwidth=\"0\" marginheight=\"0\" scrolling=\"no\"><\/iframe><\/p>\n<p>En esa causa se plantea la inconstitucionalidad del decreto de necesidad y urgencia 756\/2018 de Mauricio Macri, que derog\u00f3 el Fondo Federal Solidario creado por el decreto 206\/2009.<\/p>\n<p>La finalidad del Fondo Federal Solidario, m\u00e1s conocido como Fondo de la Soja, era financiar obras provinciales, municipales y de la Ciudad Aut\u00f3noma de Buenos Aires, para mejorar la infraestructura edilicia de las distintas reparticiones y\/u organismos p\u00fablicos, sanitaria, educativa, hospitalaria, de vivienda y vial, as\u00ed como para infraestructura e inversi\u00f3n productiva, con expresa prohibici\u00f3n de utilizar las partidas para financiamiento de gastos corrientes.<\/p>\n<p>El fondo estaba compuesto por el 30% de los montos efectivamente recaudados en concepto de derechos de exportaci\u00f3n de las exportaciones de granos de soja y el 27% de harinas y aceites de soja, que eran transferidos a las provincias, a los municipios y a la CABA, adheridos.<\/p>\n<p>La finalidad solidaria del Fondo Soja, creado por Decreto del PEN N\u00ba206 del 19 de marzo de 2009, resid\u00eda en el reparto de recursos de origen nacional para reforzar los presupuestos destinados a infraestructura en cada una de las provincias y municipios adherentes.<\/p>\n<p>El Gobierno anunci\u00f3 el a\u00f1o pasado la eliminaci\u00f3n del Fondo Federal Solidario, a trav\u00e9s de un decreto del presidente Maurico Macri, por lo que provincias y municipios dejar\u00e1n de recibir 35.000 millones de pesos entre este mes y diciembre de 2019.<\/p>\n<p>La medida fue adoptada en medio del ajuste fiscal puesto en marcha con el tutelaje del Fondo Monetario Internacional (FMI).<\/p>\n<p>&nbsp;<\/p>\n<p>&nbsp;<\/p>\n","protected":false},"excerpt":{"rendered":"<p>La Corte Suprema de Justicia de la Naci\u00f3n convoc\u00f3 a audiencia p\u00fablica en causas en las que se debate la constitucionalidad del decreto de necesidad y urgencia que deroga el&hellip;<\/p>\n","protected":false},"author":3,"featured_media":18882,"comment_status":"closed","ping_status":"open","sticky":false,"template":"","format":"standard","meta":{"_acf_changed":false,"footnotes":""},"categories":[319,5],"tags":[],"class_list":["post-46513","post","type-post","status-publish","format-standard","has-post-thumbnail","hentry","category-a-temporales","category-economia"],"acf":[],"yoast_head":"<!-- This site is optimized with the Yoast SEO plugin v27.5 - https:\/\/yoast.com\/product\/yoast-seo-wordpress\/ -->\n<title>La Corte llama a audiencia por la eliminaci\u00f3n del Fondo de la Soja - Diario Textual<\/title>\n<meta name=\"robots\" content=\"index, follow, max-snippet:-1, max-image-preview:large, max-video-preview:-1\" \/>\n<link rel=\"canonical\" href=\"https:\/\/diariotextual.com\/inicio\/index.php\/2019\/04\/23\/la-corte-llama-audiencia-la-eliminacion-del-fondo-la-soja\/\" \/>\n<meta property=\"og:locale\" content=\"es_ES\" \/>\n<meta property=\"og:type\" content=\"article\" \/>\n<meta property=\"og:title\" content=\"La Corte llama a audiencia por la eliminaci\u00f3n del Fondo de la Soja - Diario Textual\" \/>\n<meta property=\"og:description\" content=\"La Corte Suprema de Justicia de la Naci\u00f3n convoc\u00f3 a audiencia p\u00fablica en causas en las que se debate la constitucionalidad del decreto de necesidad y urgencia que deroga el&hellip;\" \/>\n<meta property=\"og:url\" content=\"https:\/\/diariotextual.com\/inicio\/index.php\/2019\/04\/23\/la-corte-llama-audiencia-la-eliminacion-del-fondo-la-soja\/\" \/>\n<meta property=\"og:site_name\" content=\"Diario Textual\" \/>\n<meta property=\"article:publisher\" content=\"https:\/\/www.facebook.com\/eltextual\" \/>\n<meta property=\"article:published_time\" content=\"2019-04-23T21:40:16+00:00\" \/>\n<meta property=\"article:modified_time\" content=\"2019-04-24T13:09:43+00:00\" \/>\n<meta property=\"og:image\" content=\"https:\/\/diariotextual.com\/inicio\/wp-content\/uploads\/2018\/09\/sojacosecha67318.jpf_.jpg\" \/>\n\t<meta property=\"og:image:width\" content=\"640\" \/>\n\t<meta property=\"og:image:height\" content=\"360\" \/>\n\t<meta property=\"og:image:type\" content=\"image\/jpeg\" \/>\n<meta name=\"author\" content=\"Diario1 Diario1\" \/>\n<meta name=\"twitter:card\" content=\"summary_large_image\" \/>\n<meta name=\"twitter:creator\" content=\"@eltextual\" \/>\n<meta name=\"twitter:site\" content=\"@eltextual\" \/>\n<meta name=\"twitter:label1\" content=\"Escrito por\" \/>\n\t<meta name=\"twitter:data1\" content=\"Diario1 Diario1\" \/>\n\t<meta name=\"twitter:label2\" content=\"Tiempo de lectura\" \/>\n\t<meta name=\"twitter:data2\" content=\"2 minutos\" \/>\n<script type=\"application\/ld+json\" class=\"yoast-schema-graph\">{\"@context\":\"https:\\\/\\\/schema.org\",\"@graph\":[{\"@type\":\"Article\",\"@id\":\"https:\\\/\\\/diariotextual.com\\\/inicio\\\/index.php\\\/2019\\\/04\\\/23\\\/la-corte-llama-audiencia-la-eliminacion-del-fondo-la-soja\\\/#article\",\"isPartOf\":{\"@id\":\"https:\\\/\\\/diariotextual.com\\\/inicio\\\/index.php\\\/2019\\\/04\\\/23\\\/la-corte-llama-audiencia-la-eliminacion-del-fondo-la-soja\\\/\"},\"author\":{\"name\":\"Diario1 Diario1\",\"@id\":\"https:\\\/\\\/diariotextual.com\\\/inicio\\\/#\\\/schema\\\/person\\\/418fc4093c33e86ed41562db3508f958\"},\"headline\":\"La Corte llama a audiencia por la eliminaci\u00f3n del Fondo de la Soja\",\"datePublished\":\"2019-04-23T21:40:16+00:00\",\"dateModified\":\"2019-04-24T13:09:43+00:00\",\"mainEntityOfPage\":{\"@id\":\"https:\\\/\\\/diariotextual.com\\\/inicio\\\/index.php\\\/2019\\\/04\\\/23\\\/la-corte-llama-audiencia-la-eliminacion-del-fondo-la-soja\\\/\"},\"wordCount\":376,\"publisher\":{\"@id\":\"https:\\\/\\\/diariotextual.com\\\/inicio\\\/#organization\"},\"image\":{\"@id\":\"https:\\\/\\\/diariotextual.com\\\/inicio\\\/index.php\\\/2019\\\/04\\\/23\\\/la-corte-llama-audiencia-la-eliminacion-del-fondo-la-soja\\\/#primaryimage\"},\"thumbnailUrl\":\"https:\\\/\\\/diariotextual.com\\\/inicio\\\/wp-content\\\/uploads\\\/2018\\\/09\\\/sojacosecha67318.jpf_.jpg\",\"articleSection\":[\"A - TEMPORALES\",\"ECONOMIA\"],\"inLanguage\":\"es\"},{\"@type\":\"WebPage\",\"@id\":\"https:\\\/\\\/diariotextual.com\\\/inicio\\\/index.php\\\/2019\\\/04\\\/23\\\/la-corte-llama-audiencia-la-eliminacion-del-fondo-la-soja\\\/\",\"url\":\"https:\\\/\\\/diariotextual.com\\\/inicio\\\/index.php\\\/2019\\\/04\\\/23\\\/la-corte-llama-audiencia-la-eliminacion-del-fondo-la-soja\\\/\",\"name\":\"La Corte llama a audiencia por la eliminaci\u00f3n del Fondo de la Soja - Diario Textual\",\"isPartOf\":{\"@id\":\"https:\\\/\\\/diariotextual.com\\\/inicio\\\/#website\"},\"primaryImageOfPage\":{\"@id\":\"https:\\\/\\\/diariotextual.com\\\/inicio\\\/index.php\\\/2019\\\/04\\\/23\\\/la-corte-llama-audiencia-la-eliminacion-del-fondo-la-soja\\\/#primaryimage\"},\"image\":{\"@id\":\"https:\\\/\\\/diariotextual.com\\\/inicio\\\/index.php\\\/2019\\\/04\\\/23\\\/la-corte-llama-audiencia-la-eliminacion-del-fondo-la-soja\\\/#primaryimage\"},\"thumbnailUrl\":\"https:\\\/\\\/diariotextual.com\\\/inicio\\\/wp-content\\\/uploads\\\/2018\\\/09\\\/sojacosecha67318.jpf_.jpg\",\"datePublished\":\"2019-04-23T21:40:16+00:00\",\"dateModified\":\"2019-04-24T13:09:43+00:00\",\"breadcrumb\":{\"@id\":\"https:\\\/\\\/diariotextual.com\\\/inicio\\\/index.php\\\/2019\\\/04\\\/23\\\/la-corte-llama-audiencia-la-eliminacion-del-fondo-la-soja\\\/#breadcrumb\"},\"inLanguage\":\"es\",\"potentialAction\":[{\"@type\":\"ReadAction\",\"target\":[\"https:\\\/\\\/diariotextual.com\\\/inicio\\\/index.php\\\/2019\\\/04\\\/23\\\/la-corte-llama-audiencia-la-eliminacion-del-fondo-la-soja\\\/\"]}]},{\"@type\":\"ImageObject\",\"inLanguage\":\"es\",\"@id\":\"https:\\\/\\\/diariotextual.com\\\/inicio\\\/index.php\\\/2019\\\/04\\\/23\\\/la-corte-llama-audiencia-la-eliminacion-del-fondo-la-soja\\\/#primaryimage\",\"url\":\"https:\\\/\\\/diariotextual.com\\\/inicio\\\/wp-content\\\/uploads\\\/2018\\\/09\\\/sojacosecha67318.jpf_.jpg\",\"contentUrl\":\"https:\\\/\\\/diariotextual.com\\\/inicio\\\/wp-content\\\/uploads\\\/2018\\\/09\\\/sojacosecha67318.jpf_.jpg\",\"width\":640,\"height\":360},{\"@type\":\"BreadcrumbList\",\"@id\":\"https:\\\/\\\/diariotextual.com\\\/inicio\\\/index.php\\\/2019\\\/04\\\/23\\\/la-corte-llama-audiencia-la-eliminacion-del-fondo-la-soja\\\/#breadcrumb\",\"itemListElement\":[{\"@type\":\"ListItem\",\"position\":1,\"name\":\"Portada\",\"item\":\"https:\\\/\\\/diariotextual.com\\\/inicio\\\/\"},{\"@type\":\"ListItem\",\"position\":2,\"name\":\"La Corte llama a audiencia por la eliminaci\u00f3n del Fondo de la Soja\"}]},{\"@type\":\"WebSite\",\"@id\":\"https:\\\/\\\/diariotextual.com\\\/inicio\\\/#website\",\"url\":\"https:\\\/\\\/diariotextual.com\\\/inicio\\\/\",\"name\":\"Diario Textual\",\"description\":\"\",\"publisher\":{\"@id\":\"https:\\\/\\\/diariotextual.com\\\/inicio\\\/#organization\"},\"potentialAction\":[{\"@type\":\"SearchAction\",\"target\":{\"@type\":\"EntryPoint\",\"urlTemplate\":\"https:\\\/\\\/diariotextual.com\\\/inicio\\\/?s={search_term_string}\"},\"query-input\":{\"@type\":\"PropertyValueSpecification\",\"valueRequired\":true,\"valueName\":\"search_term_string\"}}],\"inLanguage\":\"es\"},{\"@type\":\"Organization\",\"@id\":\"https:\\\/\\\/diariotextual.com\\\/inicio\\\/#organization\",\"name\":\"Diario Textual\",\"url\":\"https:\\\/\\\/diariotextual.com\\\/inicio\\\/\",\"logo\":{\"@type\":\"ImageObject\",\"inLanguage\":\"es\",\"@id\":\"https:\\\/\\\/diariotextual.com\\\/inicio\\\/#\\\/schema\\\/logo\\\/image\\\/\",\"url\":\"https:\\\/\\\/diariotextual.com\\\/inicio\\\/wp-content\\\/uploads\\\/2023\\\/05\\\/logotextual1.jpg\",\"contentUrl\":\"https:\\\/\\\/diariotextual.com\\\/inicio\\\/wp-content\\\/uploads\\\/2023\\\/05\\\/logotextual1.jpg\",\"width\":516,\"height\":76,\"caption\":\"Diario Textual\"},\"image\":{\"@id\":\"https:\\\/\\\/diariotextual.com\\\/inicio\\\/#\\\/schema\\\/logo\\\/image\\\/\"},\"sameAs\":[\"https:\\\/\\\/www.facebook.com\\\/eltextual\",\"https:\\\/\\\/x.com\\\/eltextual\",\"http:\\\/\\\/www.instagram.com\\\/eltextual\"]},{\"@type\":\"Person\",\"@id\":\"https:\\\/\\\/diariotextual.com\\\/inicio\\\/#\\\/schema\\\/person\\\/418fc4093c33e86ed41562db3508f958\",\"name\":\"Diario1 Diario1\",\"image\":{\"@type\":\"ImageObject\",\"inLanguage\":\"es\",\"@id\":\"https:\\\/\\\/secure.gravatar.com\\\/avatar\\\/9167d280179c85bc18be67aa7eda765854300033af4896dd779b608640f2ef7a?s=96&d=mm&r=g\",\"url\":\"https:\\\/\\\/secure.gravatar.com\\\/avatar\\\/9167d280179c85bc18be67aa7eda765854300033af4896dd779b608640f2ef7a?s=96&d=mm&r=g\",\"contentUrl\":\"https:\\\/\\\/secure.gravatar.com\\\/avatar\\\/9167d280179c85bc18be67aa7eda765854300033af4896dd779b608640f2ef7a?s=96&d=mm&r=g\",\"caption\":\"Diario1 Diario1\"},\"url\":\"https:\\\/\\\/diariotextual.com\\\/inicio\\\/index.php\\\/author\\\/diario1\\\/\"}]}<\/script>\n<!-- \/ Yoast SEO plugin. -->","yoast_head_json":{"title":"La Corte llama a audiencia por la eliminaci\u00f3n del Fondo de la Soja - Diario Textual","robots":{"index":"index","follow":"follow","max-snippet":"max-snippet:-1","max-image-preview":"max-image-preview:large","max-video-preview":"max-video-preview:-1"},"canonical":"https:\/\/diariotextual.com\/inicio\/index.php\/2019\/04\/23\/la-corte-llama-audiencia-la-eliminacion-del-fondo-la-soja\/","og_locale":"es_ES","og_type":"article","og_title":"La Corte llama a audiencia por la eliminaci\u00f3n del Fondo de la Soja - Diario Textual","og_description":"La Corte Suprema de Justicia de la Naci\u00f3n convoc\u00f3 a audiencia p\u00fablica en causas en las que se debate la constitucionalidad del decreto de necesidad y urgencia que deroga el&hellip;","og_url":"https:\/\/diariotextual.com\/inicio\/index.php\/2019\/04\/23\/la-corte-llama-audiencia-la-eliminacion-del-fondo-la-soja\/","og_site_name":"Diario Textual","article_publisher":"https:\/\/www.facebook.com\/eltextual","article_published_time":"2019-04-23T21:40:16+00:00","article_modified_time":"2019-04-24T13:09:43+00:00","og_image":[{"width":640,"height":360,"url":"https:\/\/diariotextual.com\/inicio\/wp-content\/uploads\/2018\/09\/sojacosecha67318.jpf_.jpg","type":"image\/jpeg"}],"author":"Diario1 Diario1","twitter_card":"summary_large_image","twitter_creator":"@eltextual","twitter_site":"@eltextual","twitter_misc":{"Escrito por":"Diario1 Diario1","Tiempo de lectura":"2 minutos"},"schema":{"@context":"https:\/\/schema.org","@graph":[{"@type":"Article","@id":"https:\/\/diariotextual.com\/inicio\/index.php\/2019\/04\/23\/la-corte-llama-audiencia-la-eliminacion-del-fondo-la-soja\/#article","isPartOf":{"@id":"https:\/\/diariotextual.com\/inicio\/index.php\/2019\/04\/23\/la-corte-llama-audiencia-la-eliminacion-del-fondo-la-soja\/"},"author":{"name":"Diario1 Diario1","@id":"https:\/\/diariotextual.com\/inicio\/#\/schema\/person\/418fc4093c33e86ed41562db3508f958"},"headline":"La Corte llama a audiencia por la eliminaci\u00f3n del Fondo de la Soja","datePublished":"2019-04-23T21:40:16+00:00","dateModified":"2019-04-24T13:09:43+00:00","mainEntityOfPage":{"@id":"https:\/\/diariotextual.com\/inicio\/index.php\/2019\/04\/23\/la-corte-llama-audiencia-la-eliminacion-del-fondo-la-soja\/"},"wordCount":376,"publisher":{"@id":"https:\/\/diariotextual.com\/inicio\/#organization"},"image":{"@id":"https:\/\/diariotextual.com\/inicio\/index.php\/2019\/04\/23\/la-corte-llama-audiencia-la-eliminacion-del-fondo-la-soja\/#primaryimage"},"thumbnailUrl":"https:\/\/diariotextual.com\/inicio\/wp-content\/uploads\/2018\/09\/sojacosecha67318.jpf_.jpg","articleSection":["A - TEMPORALES","ECONOMIA"],"inLanguage":"es"},{"@type":"WebPage","@id":"https:\/\/diariotextual.com\/inicio\/index.php\/2019\/04\/23\/la-corte-llama-audiencia-la-eliminacion-del-fondo-la-soja\/","url":"https:\/\/diariotextual.com\/inicio\/index.php\/2019\/04\/23\/la-corte-llama-audiencia-la-eliminacion-del-fondo-la-soja\/","name":"La Corte llama a audiencia por la eliminaci\u00f3n del Fondo de la Soja - Diario Textual","isPartOf":{"@id":"https:\/\/diariotextual.com\/inicio\/#website"},"primaryImageOfPage":{"@id":"https:\/\/diariotextual.com\/inicio\/index.php\/2019\/04\/23\/la-corte-llama-audiencia-la-eliminacion-del-fondo-la-soja\/#primaryimage"},"image":{"@id":"https:\/\/diariotextual.com\/inicio\/index.php\/2019\/04\/23\/la-corte-llama-audiencia-la-eliminacion-del-fondo-la-soja\/#primaryimage"},"thumbnailUrl":"https:\/\/diariotextual.com\/inicio\/wp-content\/uploads\/2018\/09\/sojacosecha67318.jpf_.jpg","datePublished":"2019-04-23T21:40:16+00:00","dateModified":"2019-04-24T13:09:43+00:00","breadcrumb":{"@id":"https:\/\/diariotextual.com\/inicio\/index.php\/2019\/04\/23\/la-corte-llama-audiencia-la-eliminacion-del-fondo-la-soja\/#breadcrumb"},"inLanguage":"es","potentialAction":[{"@type":"ReadAction","target":["https:\/\/diariotextual.com\/inicio\/index.php\/2019\/04\/23\/la-corte-llama-audiencia-la-eliminacion-del-fondo-la-soja\/"]}]},{"@type":"ImageObject","inLanguage":"es","@id":"https:\/\/diariotextual.com\/inicio\/index.php\/2019\/04\/23\/la-corte-llama-audiencia-la-eliminacion-del-fondo-la-soja\/#primaryimage","url":"https:\/\/diariotextual.com\/inicio\/wp-content\/uploads\/2018\/09\/sojacosecha67318.jpf_.jpg","contentUrl":"https:\/\/diariotextual.com\/inicio\/wp-content\/uploads\/2018\/09\/sojacosecha67318.jpf_.jpg","width":640,"height":360},{"@type":"BreadcrumbList","@id":"https:\/\/diariotextual.com\/inicio\/index.php\/2019\/04\/23\/la-corte-llama-audiencia-la-eliminacion-del-fondo-la-soja\/#breadcrumb","itemListElement":[{"@type":"ListItem","position":1,"name":"Portada","item":"https:\/\/diariotextual.com\/inicio\/"},{"@type":"ListItem","position":2,"name":"La Corte llama a audiencia por la eliminaci\u00f3n del Fondo de la Soja"}]},{"@type":"WebSite","@id":"https:\/\/diariotextual.com\/inicio\/#website","url":"https:\/\/diariotextual.com\/inicio\/","name":"Diario Textual","description":"","publisher":{"@id":"https:\/\/diariotextual.com\/inicio\/#organization"},"potentialAction":[{"@type":"SearchAction","target":{"@type":"EntryPoint","urlTemplate":"https:\/\/diariotextual.com\/inicio\/?s={search_term_string}"},"query-input":{"@type":"PropertyValueSpecification","valueRequired":true,"valueName":"search_term_string"}}],"inLanguage":"es"},{"@type":"Organization","@id":"https:\/\/diariotextual.com\/inicio\/#organization","name":"Diario Textual","url":"https:\/\/diariotextual.com\/inicio\/","logo":{"@type":"ImageObject","inLanguage":"es","@id":"https:\/\/diariotextual.com\/inicio\/#\/schema\/logo\/image\/","url":"https:\/\/diariotextual.com\/inicio\/wp-content\/uploads\/2023\/05\/logotextual1.jpg","contentUrl":"https:\/\/diariotextual.com\/inicio\/wp-content\/uploads\/2023\/05\/logotextual1.jpg","width":516,"height":76,"caption":"Diario Textual"},"image":{"@id":"https:\/\/diariotextual.com\/inicio\/#\/schema\/logo\/image\/"},"sameAs":["https:\/\/www.facebook.com\/eltextual","https:\/\/x.com\/eltextual","http:\/\/www.instagram.com\/eltextual"]},{"@type":"Person","@id":"https:\/\/diariotextual.com\/inicio\/#\/schema\/person\/418fc4093c33e86ed41562db3508f958","name":"Diario1 Diario1","image":{"@type":"ImageObject","inLanguage":"es","@id":"https:\/\/secure.gravatar.com\/avatar\/9167d280179c85bc18be67aa7eda765854300033af4896dd779b608640f2ef7a?s=96&d=mm&r=g","url":"https:\/\/secure.gravatar.com\/avatar\/9167d280179c85bc18be67aa7eda765854300033af4896dd779b608640f2ef7a?s=96&d=mm&r=g","contentUrl":"https:\/\/secure.gravatar.com\/avatar\/9167d280179c85bc18be67aa7eda765854300033af4896dd779b608640f2ef7a?s=96&d=mm&r=g","caption":"Diario1 Diario1"},"url":"https:\/\/diariotextual.com\/inicio\/index.php\/author\/diario1\/"}]}},"_links":{"self":[{"href":"https:\/\/diariotextual.com\/inicio\/index.php\/wp-json\/wp\/v2\/posts\/46513","targetHints":{"allow":["GET"]}}],"collection":[{"href":"https:\/\/diariotextual.com\/inicio\/index.php\/wp-json\/wp\/v2\/posts"}],"about":[{"href":"https:\/\/diariotextual.com\/inicio\/index.php\/wp-json\/wp\/v2\/types\/post"}],"author":[{"embeddable":true,"href":"https:\/\/diariotextual.com\/inicio\/index.php\/wp-json\/wp\/v2\/users\/3"}],"replies":[{"embeddable":true,"href":"https:\/\/diariotextual.com\/inicio\/index.php\/wp-json\/wp\/v2\/comments?post=46513"}],"version-history":[{"count":4,"href":"https:\/\/diariotextual.com\/inicio\/index.php\/wp-json\/wp\/v2\/posts\/46513\/revisions"}],"predecessor-version":[{"id":46519,"href":"https:\/\/diariotextual.com\/inicio\/index.php\/wp-json\/wp\/v2\/posts\/46513\/revisions\/46519"}],"wp:featuredmedia":[{"embeddable":true,"href":"https:\/\/diariotextual.com\/inicio\/index.php\/wp-json\/wp\/v2\/media\/18882"}],"wp:attachment":[{"href":"https:\/\/diariotextual.com\/inicio\/index.php\/wp-json\/wp\/v2\/media?parent=46513"}],"wp:term":[{"taxonomy":"category","embeddable":true,"href":"https:\/\/diariotextual.com\/inicio\/index.php\/wp-json\/wp\/v2\/categories?post=46513"},{"taxonomy":"post_tag","embeddable":true,"href":"https:\/\/diariotextual.com\/inicio\/index.php\/wp-json\/wp\/v2\/tags?post=46513"}],"curies":[{"name":"wp","href":"https:\/\/api.w.org\/{rel}","templated":true}]}}