{"id":46704,"date":"2019-04-25T11:53:44","date_gmt":"2019-04-25T14:53:44","guid":{"rendered":"http:\/\/diariotextual.com\/inicio\/?p=46704"},"modified":"2019-04-25T12:02:18","modified_gmt":"2019-04-25T15:02:18","slug":"moralejo-dijo-relanzaran-la-carne-social","status":"publish","type":"post","link":"https:\/\/diariotextual.com\/inicio\/index.php\/2019\/04\/25\/moralejo-dijo-relanzaran-la-carne-social\/","title":{"rendered":"Moralejo dijo que relanzar\u00e1n la \u00abcarne social\u00bb"},"content":{"rendered":"<p>El ministro de la Producci\u00f3n, <strong>Ricardo Moralejo<\/strong>, dijo este jueves que el Gobierno provincial relanzar\u00e1 la<strong> \u00abcarne social\u00bb<\/strong> mediante el cual se ofrecen <strong>cortes a bajos precios.<\/strong> \u00abEntre hoy y ma\u00f1ana vamos a estar publicitando nuevamente los cortes para que la gente tenga informaci\u00f3n\u00bb, dijo el funcionario.<\/p>\n<blockquote class=\"wp-embedded-content\" data-secret=\"WHyqYmD2P7\"><p><a href=\"http:\/\/diariotextual.com\/inicio\/index.php\/2018\/10\/16\/lanzaron-la-carne-social-33-localidades-pampeanas-tres-cortes-mas-baratos\/\">Lanzaron la &#8220;carne social&#8221; en 33 localidades pampeanas: tres cortes m\u00e1s baratos<\/a><\/p><\/blockquote>\n<p><iframe class=\"wp-embedded-content\" sandbox=\"allow-scripts\" security=\"restricted\" style=\"position: absolute; clip: rect(1px, 1px, 1px, 1px);\" src=\"http:\/\/diariotextual.com\/inicio\/index.php\/2018\/10\/16\/lanzaron-la-carne-social-33-localidades-pampeanas-tres-cortes-mas-baratos\/embed\/#?secret=WHyqYmD2P7\" data-secret=\"WHyqYmD2P7\" width=\"600\" height=\"338\" title=\"&#8220;Lanzaron la &#8220;carne social&#8221; en 33 localidades pampeanas: tres cortes m\u00e1s baratos&#8221; &#8212; Diario Textual\" frameborder=\"0\" marginwidth=\"0\" marginheight=\"0\" scrolling=\"no\"><\/iframe><\/p>\n<p>El programa \u00abcarne social\u00bb fue lanzado en octubre del a\u00f1o pasado luego de un acuerdo con el Frigor\u00edfico Pico para la promoci\u00f3n de tres cortes:\u00a0falda parrillera, osobuco\u00a0y\u00a0pulpa, con un precio de entre 110 y 140 pesos al mostrador. El objetivo era llegar a 33 localidades pampeanas.<\/p>\n<p>\u00abEl programa sigue vigente y vamos a volver a publicitarlo\u00bb, anunci\u00f3 Moralejo.<\/p>\n<p>&nbsp;<\/p>\n<p><strong>Control de los Precios Esenciales<\/strong><\/p>\n<p class=\"MsoNoSpacing\">El ministro dijo que la Provincia har\u00e1 controles en los supermercados sobre los 64 productos dentro del programa Precios Esenciales que lanz\u00f3 el Gobierno nacional.<\/p>\n<p class=\"MsoNoSpacing\">\u00abEl punto m\u00e1s d\u00e9bil es la provisi\u00f3n de dichos productos a la g\u00f3ndola. Nosotros vamos a estar atentos a estos precios, verificando que los productos est\u00e9n presentes en las g\u00f3ndolas. Tomaremos contacto con los responsables de cada empresa y de constatar faltantes informaremos a la Secretar\u00eda de Comercio de la Naci\u00f3n para que se regularice la provisi\u00f3n\u00bb, dijo.<\/p>\n<p>&nbsp;<\/p>\n<p>&nbsp;<\/p>\n","protected":false},"excerpt":{"rendered":"<p>El ministro de la Producci\u00f3n, Ricardo Moralejo, dijo este jueves que el Gobierno provincial relanzar\u00e1 la \u00abcarne social\u00bb mediante el cual se ofrecen cortes a bajos precios. \u00abEntre hoy y&hellip;<\/p>\n","protected":false},"author":7,"featured_media":25670,"comment_status":"closed","ping_status":"open","sticky":false,"template":"","format":"standard","meta":{"_acf_changed":false,"footnotes":""},"categories":[1,11,5],"tags":[],"class_list":["post-46704","post","type-post","status-publish","format-standard","has-post-thumbnail","hentry","category-es-noticia","category-que-pasa","category-economia"],"acf":[],"yoast_head":"<!-- This site is optimized with the Yoast SEO plugin v27.5 - https:\/\/yoast.com\/product\/yoast-seo-wordpress\/ -->\n<title>Moralejo dijo que relanzar\u00e1n la &quot;carne social&quot; - Diario Textual<\/title>\n<meta name=\"robots\" content=\"index, follow, max-snippet:-1, max-image-preview:large, max-video-preview:-1\" \/>\n<link rel=\"canonical\" href=\"https:\/\/diariotextual.com\/inicio\/index.php\/2019\/04\/25\/moralejo-dijo-relanzaran-la-carne-social\/\" \/>\n<meta property=\"og:locale\" content=\"es_ES\" \/>\n<meta property=\"og:type\" content=\"article\" \/>\n<meta property=\"og:title\" content=\"Moralejo dijo que relanzar\u00e1n la &quot;carne social&quot; - Diario Textual\" \/>\n<meta property=\"og:description\" content=\"El ministro de la Producci\u00f3n, Ricardo Moralejo, dijo este jueves que el Gobierno provincial relanzar\u00e1 la \u00abcarne social\u00bb mediante el cual se ofrecen cortes a bajos precios. \u00abEntre hoy y&hellip;\" \/>\n<meta property=\"og:url\" content=\"https:\/\/diariotextual.com\/inicio\/index.php\/2019\/04\/25\/moralejo-dijo-relanzaran-la-carne-social\/\" \/>\n<meta property=\"og:site_name\" content=\"Diario Textual\" \/>\n<meta property=\"article:publisher\" content=\"https:\/\/www.facebook.com\/eltextual\" \/>\n<meta property=\"article:published_time\" content=\"2019-04-25T14:53:44+00:00\" \/>\n<meta property=\"article:modified_time\" content=\"2019-04-25T15:02:18+00:00\" \/>\n<meta property=\"og:image\" content=\"https:\/\/diariotextual.com\/inicio\/wp-content\/uploads\/2018\/11\/carnesocialcortes.jpg\" \/>\n\t<meta property=\"og:image:width\" content=\"696\" \/>\n\t<meta property=\"og:image:height\" content=\"500\" \/>\n\t<meta property=\"og:image:type\" content=\"image\/jpeg\" \/>\n<meta name=\"author\" content=\"diario5\" \/>\n<meta name=\"twitter:card\" content=\"summary_large_image\" \/>\n<meta name=\"twitter:creator\" content=\"@eltextual\" \/>\n<meta name=\"twitter:site\" content=\"@eltextual\" \/>\n<meta name=\"twitter:label1\" content=\"Escrito por\" \/>\n\t<meta name=\"twitter:data1\" content=\"diario5\" \/>\n\t<meta name=\"twitter:label2\" content=\"Tiempo de lectura\" \/>\n\t<meta name=\"twitter:data2\" content=\"1 minuto\" \/>\n<script type=\"application\/ld+json\" class=\"yoast-schema-graph\">{\"@context\":\"https:\\\/\\\/schema.org\",\"@graph\":[{\"@type\":\"Article\",\"@id\":\"https:\\\/\\\/diariotextual.com\\\/inicio\\\/index.php\\\/2019\\\/04\\\/25\\\/moralejo-dijo-relanzaran-la-carne-social\\\/#article\",\"isPartOf\":{\"@id\":\"https:\\\/\\\/diariotextual.com\\\/inicio\\\/index.php\\\/2019\\\/04\\\/25\\\/moralejo-dijo-relanzaran-la-carne-social\\\/\"},\"author\":{\"name\":\"diario5\",\"@id\":\"https:\\\/\\\/diariotextual.com\\\/inicio\\\/#\\\/schema\\\/person\\\/c7834961ad8b29b1d9cdbf4571299067\"},\"headline\":\"Moralejo dijo que relanzar\u00e1n la \u00abcarne social\u00bb\",\"datePublished\":\"2019-04-25T14:53:44+00:00\",\"dateModified\":\"2019-04-25T15:02:18+00:00\",\"mainEntityOfPage\":{\"@id\":\"https:\\\/\\\/diariotextual.com\\\/inicio\\\/index.php\\\/2019\\\/04\\\/25\\\/moralejo-dijo-relanzaran-la-carne-social\\\/\"},\"wordCount\":226,\"publisher\":{\"@id\":\"https:\\\/\\\/diariotextual.com\\\/inicio\\\/#organization\"},\"image\":{\"@id\":\"https:\\\/\\\/diariotextual.com\\\/inicio\\\/index.php\\\/2019\\\/04\\\/25\\\/moralejo-dijo-relanzaran-la-carne-social\\\/#primaryimage\"},\"thumbnailUrl\":\"https:\\\/\\\/diariotextual.com\\\/inicio\\\/wp-content\\\/uploads\\\/2018\\\/11\\\/carnesocialcortes.jpg\",\"articleSection\":[\"A - ES NOTICIA (van abajo)\",\"A - QUE PASA (al costado)\",\"ECONOMIA\"],\"inLanguage\":\"es\"},{\"@type\":\"WebPage\",\"@id\":\"https:\\\/\\\/diariotextual.com\\\/inicio\\\/index.php\\\/2019\\\/04\\\/25\\\/moralejo-dijo-relanzaran-la-carne-social\\\/\",\"url\":\"https:\\\/\\\/diariotextual.com\\\/inicio\\\/index.php\\\/2019\\\/04\\\/25\\\/moralejo-dijo-relanzaran-la-carne-social\\\/\",\"name\":\"Moralejo dijo que relanzar\u00e1n la \\\"carne social\\\" - Diario Textual\",\"isPartOf\":{\"@id\":\"https:\\\/\\\/diariotextual.com\\\/inicio\\\/#website\"},\"primaryImageOfPage\":{\"@id\":\"https:\\\/\\\/diariotextual.com\\\/inicio\\\/index.php\\\/2019\\\/04\\\/25\\\/moralejo-dijo-relanzaran-la-carne-social\\\/#primaryimage\"},\"image\":{\"@id\":\"https:\\\/\\\/diariotextual.com\\\/inicio\\\/index.php\\\/2019\\\/04\\\/25\\\/moralejo-dijo-relanzaran-la-carne-social\\\/#primaryimage\"},\"thumbnailUrl\":\"https:\\\/\\\/diariotextual.com\\\/inicio\\\/wp-content\\\/uploads\\\/2018\\\/11\\\/carnesocialcortes.jpg\",\"datePublished\":\"2019-04-25T14:53:44+00:00\",\"dateModified\":\"2019-04-25T15:02:18+00:00\",\"breadcrumb\":{\"@id\":\"https:\\\/\\\/diariotextual.com\\\/inicio\\\/index.php\\\/2019\\\/04\\\/25\\\/moralejo-dijo-relanzaran-la-carne-social\\\/#breadcrumb\"},\"inLanguage\":\"es\",\"potentialAction\":[{\"@type\":\"ReadAction\",\"target\":[\"https:\\\/\\\/diariotextual.com\\\/inicio\\\/index.php\\\/2019\\\/04\\\/25\\\/moralejo-dijo-relanzaran-la-carne-social\\\/\"]}]},{\"@type\":\"ImageObject\",\"inLanguage\":\"es\",\"@id\":\"https:\\\/\\\/diariotextual.com\\\/inicio\\\/index.php\\\/2019\\\/04\\\/25\\\/moralejo-dijo-relanzaran-la-carne-social\\\/#primaryimage\",\"url\":\"https:\\\/\\\/diariotextual.com\\\/inicio\\\/wp-content\\\/uploads\\\/2018\\\/11\\\/carnesocialcortes.jpg\",\"contentUrl\":\"https:\\\/\\\/diariotextual.com\\\/inicio\\\/wp-content\\\/uploads\\\/2018\\\/11\\\/carnesocialcortes.jpg\",\"width\":696,\"height\":500},{\"@type\":\"BreadcrumbList\",\"@id\":\"https:\\\/\\\/diariotextual.com\\\/inicio\\\/index.php\\\/2019\\\/04\\\/25\\\/moralejo-dijo-relanzaran-la-carne-social\\\/#breadcrumb\",\"itemListElement\":[{\"@type\":\"ListItem\",\"position\":1,\"name\":\"Portada\",\"item\":\"https:\\\/\\\/diariotextual.com\\\/inicio\\\/\"},{\"@type\":\"ListItem\",\"position\":2,\"name\":\"Moralejo dijo que relanzar\u00e1n la \u00abcarne social\u00bb\"}]},{\"@type\":\"WebSite\",\"@id\":\"https:\\\/\\\/diariotextual.com\\\/inicio\\\/#website\",\"url\":\"https:\\\/\\\/diariotextual.com\\\/inicio\\\/\",\"name\":\"Diario Textual\",\"description\":\"\",\"publisher\":{\"@id\":\"https:\\\/\\\/diariotextual.com\\\/inicio\\\/#organization\"},\"potentialAction\":[{\"@type\":\"SearchAction\",\"target\":{\"@type\":\"EntryPoint\",\"urlTemplate\":\"https:\\\/\\\/diariotextual.com\\\/inicio\\\/?s={search_term_string}\"},\"query-input\":{\"@type\":\"PropertyValueSpecification\",\"valueRequired\":true,\"valueName\":\"search_term_string\"}}],\"inLanguage\":\"es\"},{\"@type\":\"Organization\",\"@id\":\"https:\\\/\\\/diariotextual.com\\\/inicio\\\/#organization\",\"name\":\"Diario Textual\",\"url\":\"https:\\\/\\\/diariotextual.com\\\/inicio\\\/\",\"logo\":{\"@type\":\"ImageObject\",\"inLanguage\":\"es\",\"@id\":\"https:\\\/\\\/diariotextual.com\\\/inicio\\\/#\\\/schema\\\/logo\\\/image\\\/\",\"url\":\"https:\\\/\\\/diariotextual.com\\\/inicio\\\/wp-content\\\/uploads\\\/2023\\\/05\\\/logotextual1.jpg\",\"contentUrl\":\"https:\\\/\\\/diariotextual.com\\\/inicio\\\/wp-content\\\/uploads\\\/2023\\\/05\\\/logotextual1.jpg\",\"width\":516,\"height\":76,\"caption\":\"Diario Textual\"},\"image\":{\"@id\":\"https:\\\/\\\/diariotextual.com\\\/inicio\\\/#\\\/schema\\\/logo\\\/image\\\/\"},\"sameAs\":[\"https:\\\/\\\/www.facebook.com\\\/eltextual\",\"https:\\\/\\\/x.com\\\/eltextual\",\"http:\\\/\\\/www.instagram.com\\\/eltextual\"]},{\"@type\":\"Person\",\"@id\":\"https:\\\/\\\/diariotextual.com\\\/inicio\\\/#\\\/schema\\\/person\\\/c7834961ad8b29b1d9cdbf4571299067\",\"name\":\"diario5\",\"image\":{\"@type\":\"ImageObject\",\"inLanguage\":\"es\",\"@id\":\"https:\\\/\\\/secure.gravatar.com\\\/avatar\\\/948c893b847ca6df68216ead81b63f363408ec9b0f600fefc0641ce78613b111?s=96&d=mm&r=g\",\"url\":\"https:\\\/\\\/secure.gravatar.com\\\/avatar\\\/948c893b847ca6df68216ead81b63f363408ec9b0f600fefc0641ce78613b111?s=96&d=mm&r=g\",\"contentUrl\":\"https:\\\/\\\/secure.gravatar.com\\\/avatar\\\/948c893b847ca6df68216ead81b63f363408ec9b0f600fefc0641ce78613b111?s=96&d=mm&r=g\",\"caption\":\"diario5\"},\"url\":\"https:\\\/\\\/diariotextual.com\\\/inicio\\\/index.php\\\/author\\\/diario5\\\/\"}]}<\/script>\n<!-- \/ Yoast SEO plugin. -->","yoast_head_json":{"title":"Moralejo dijo que relanzar\u00e1n la \"carne social\" - Diario Textual","robots":{"index":"index","follow":"follow","max-snippet":"max-snippet:-1","max-image-preview":"max-image-preview:large","max-video-preview":"max-video-preview:-1"},"canonical":"https:\/\/diariotextual.com\/inicio\/index.php\/2019\/04\/25\/moralejo-dijo-relanzaran-la-carne-social\/","og_locale":"es_ES","og_type":"article","og_title":"Moralejo dijo que relanzar\u00e1n la \"carne social\" - Diario Textual","og_description":"El ministro de la Producci\u00f3n, Ricardo Moralejo, dijo este jueves que el Gobierno provincial relanzar\u00e1 la \u00abcarne social\u00bb mediante el cual se ofrecen cortes a bajos precios. \u00abEntre hoy y&hellip;","og_url":"https:\/\/diariotextual.com\/inicio\/index.php\/2019\/04\/25\/moralejo-dijo-relanzaran-la-carne-social\/","og_site_name":"Diario Textual","article_publisher":"https:\/\/www.facebook.com\/eltextual","article_published_time":"2019-04-25T14:53:44+00:00","article_modified_time":"2019-04-25T15:02:18+00:00","og_image":[{"width":696,"height":500,"url":"https:\/\/diariotextual.com\/inicio\/wp-content\/uploads\/2018\/11\/carnesocialcortes.jpg","type":"image\/jpeg"}],"author":"diario5","twitter_card":"summary_large_image","twitter_creator":"@eltextual","twitter_site":"@eltextual","twitter_misc":{"Escrito por":"diario5","Tiempo de lectura":"1 minuto"},"schema":{"@context":"https:\/\/schema.org","@graph":[{"@type":"Article","@id":"https:\/\/diariotextual.com\/inicio\/index.php\/2019\/04\/25\/moralejo-dijo-relanzaran-la-carne-social\/#article","isPartOf":{"@id":"https:\/\/diariotextual.com\/inicio\/index.php\/2019\/04\/25\/moralejo-dijo-relanzaran-la-carne-social\/"},"author":{"name":"diario5","@id":"https:\/\/diariotextual.com\/inicio\/#\/schema\/person\/c7834961ad8b29b1d9cdbf4571299067"},"headline":"Moralejo dijo que relanzar\u00e1n la \u00abcarne social\u00bb","datePublished":"2019-04-25T14:53:44+00:00","dateModified":"2019-04-25T15:02:18+00:00","mainEntityOfPage":{"@id":"https:\/\/diariotextual.com\/inicio\/index.php\/2019\/04\/25\/moralejo-dijo-relanzaran-la-carne-social\/"},"wordCount":226,"publisher":{"@id":"https:\/\/diariotextual.com\/inicio\/#organization"},"image":{"@id":"https:\/\/diariotextual.com\/inicio\/index.php\/2019\/04\/25\/moralejo-dijo-relanzaran-la-carne-social\/#primaryimage"},"thumbnailUrl":"https:\/\/diariotextual.com\/inicio\/wp-content\/uploads\/2018\/11\/carnesocialcortes.jpg","articleSection":["A - ES NOTICIA (van abajo)","A - QUE PASA (al costado)","ECONOMIA"],"inLanguage":"es"},{"@type":"WebPage","@id":"https:\/\/diariotextual.com\/inicio\/index.php\/2019\/04\/25\/moralejo-dijo-relanzaran-la-carne-social\/","url":"https:\/\/diariotextual.com\/inicio\/index.php\/2019\/04\/25\/moralejo-dijo-relanzaran-la-carne-social\/","name":"Moralejo dijo que relanzar\u00e1n la \"carne social\" - Diario Textual","isPartOf":{"@id":"https:\/\/diariotextual.com\/inicio\/#website"},"primaryImageOfPage":{"@id":"https:\/\/diariotextual.com\/inicio\/index.php\/2019\/04\/25\/moralejo-dijo-relanzaran-la-carne-social\/#primaryimage"},"image":{"@id":"https:\/\/diariotextual.com\/inicio\/index.php\/2019\/04\/25\/moralejo-dijo-relanzaran-la-carne-social\/#primaryimage"},"thumbnailUrl":"https:\/\/diariotextual.com\/inicio\/wp-content\/uploads\/2018\/11\/carnesocialcortes.jpg","datePublished":"2019-04-25T14:53:44+00:00","dateModified":"2019-04-25T15:02:18+00:00","breadcrumb":{"@id":"https:\/\/diariotextual.com\/inicio\/index.php\/2019\/04\/25\/moralejo-dijo-relanzaran-la-carne-social\/#breadcrumb"},"inLanguage":"es","potentialAction":[{"@type":"ReadAction","target":["https:\/\/diariotextual.com\/inicio\/index.php\/2019\/04\/25\/moralejo-dijo-relanzaran-la-carne-social\/"]}]},{"@type":"ImageObject","inLanguage":"es","@id":"https:\/\/diariotextual.com\/inicio\/index.php\/2019\/04\/25\/moralejo-dijo-relanzaran-la-carne-social\/#primaryimage","url":"https:\/\/diariotextual.com\/inicio\/wp-content\/uploads\/2018\/11\/carnesocialcortes.jpg","contentUrl":"https:\/\/diariotextual.com\/inicio\/wp-content\/uploads\/2018\/11\/carnesocialcortes.jpg","width":696,"height":500},{"@type":"BreadcrumbList","@id":"https:\/\/diariotextual.com\/inicio\/index.php\/2019\/04\/25\/moralejo-dijo-relanzaran-la-carne-social\/#breadcrumb","itemListElement":[{"@type":"ListItem","position":1,"name":"Portada","item":"https:\/\/diariotextual.com\/inicio\/"},{"@type":"ListItem","position":2,"name":"Moralejo dijo que relanzar\u00e1n la \u00abcarne social\u00bb"}]},{"@type":"WebSite","@id":"https:\/\/diariotextual.com\/inicio\/#website","url":"https:\/\/diariotextual.com\/inicio\/","name":"Diario Textual","description":"","publisher":{"@id":"https:\/\/diariotextual.com\/inicio\/#organization"},"potentialAction":[{"@type":"SearchAction","target":{"@type":"EntryPoint","urlTemplate":"https:\/\/diariotextual.com\/inicio\/?s={search_term_string}"},"query-input":{"@type":"PropertyValueSpecification","valueRequired":true,"valueName":"search_term_string"}}],"inLanguage":"es"},{"@type":"Organization","@id":"https:\/\/diariotextual.com\/inicio\/#organization","name":"Diario Textual","url":"https:\/\/diariotextual.com\/inicio\/","logo":{"@type":"ImageObject","inLanguage":"es","@id":"https:\/\/diariotextual.com\/inicio\/#\/schema\/logo\/image\/","url":"https:\/\/diariotextual.com\/inicio\/wp-content\/uploads\/2023\/05\/logotextual1.jpg","contentUrl":"https:\/\/diariotextual.com\/inicio\/wp-content\/uploads\/2023\/05\/logotextual1.jpg","width":516,"height":76,"caption":"Diario Textual"},"image":{"@id":"https:\/\/diariotextual.com\/inicio\/#\/schema\/logo\/image\/"},"sameAs":["https:\/\/www.facebook.com\/eltextual","https:\/\/x.com\/eltextual","http:\/\/www.instagram.com\/eltextual"]},{"@type":"Person","@id":"https:\/\/diariotextual.com\/inicio\/#\/schema\/person\/c7834961ad8b29b1d9cdbf4571299067","name":"diario5","image":{"@type":"ImageObject","inLanguage":"es","@id":"https:\/\/secure.gravatar.com\/avatar\/948c893b847ca6df68216ead81b63f363408ec9b0f600fefc0641ce78613b111?s=96&d=mm&r=g","url":"https:\/\/secure.gravatar.com\/avatar\/948c893b847ca6df68216ead81b63f363408ec9b0f600fefc0641ce78613b111?s=96&d=mm&r=g","contentUrl":"https:\/\/secure.gravatar.com\/avatar\/948c893b847ca6df68216ead81b63f363408ec9b0f600fefc0641ce78613b111?s=96&d=mm&r=g","caption":"diario5"},"url":"https:\/\/diariotextual.com\/inicio\/index.php\/author\/diario5\/"}]}},"_links":{"self":[{"href":"https:\/\/diariotextual.com\/inicio\/index.php\/wp-json\/wp\/v2\/posts\/46704","targetHints":{"allow":["GET"]}}],"collection":[{"href":"https:\/\/diariotextual.com\/inicio\/index.php\/wp-json\/wp\/v2\/posts"}],"about":[{"href":"https:\/\/diariotextual.com\/inicio\/index.php\/wp-json\/wp\/v2\/types\/post"}],"author":[{"embeddable":true,"href":"https:\/\/diariotextual.com\/inicio\/index.php\/wp-json\/wp\/v2\/users\/7"}],"replies":[{"embeddable":true,"href":"https:\/\/diariotextual.com\/inicio\/index.php\/wp-json\/wp\/v2\/comments?post=46704"}],"version-history":[{"count":3,"href":"https:\/\/diariotextual.com\/inicio\/index.php\/wp-json\/wp\/v2\/posts\/46704\/revisions"}],"predecessor-version":[{"id":46709,"href":"https:\/\/diariotextual.com\/inicio\/index.php\/wp-json\/wp\/v2\/posts\/46704\/revisions\/46709"}],"wp:featuredmedia":[{"embeddable":true,"href":"https:\/\/diariotextual.com\/inicio\/index.php\/wp-json\/wp\/v2\/media\/25670"}],"wp:attachment":[{"href":"https:\/\/diariotextual.com\/inicio\/index.php\/wp-json\/wp\/v2\/media?parent=46704"}],"wp:term":[{"taxonomy":"category","embeddable":true,"href":"https:\/\/diariotextual.com\/inicio\/index.php\/wp-json\/wp\/v2\/categories?post=46704"},{"taxonomy":"post_tag","embeddable":true,"href":"https:\/\/diariotextual.com\/inicio\/index.php\/wp-json\/wp\/v2\/tags?post=46704"}],"curies":[{"name":"wp","href":"https:\/\/api.w.org\/{rel}","templated":true}]}}