{"id":46739,"date":"2019-04-25T13:12:19","date_gmt":"2019-04-25T16:12:19","guid":{"rendered":"http:\/\/diariotextual.com\/inicio\/?p=46739"},"modified":"2019-04-25T13:12:19","modified_gmt":"2019-04-25T16:12:19","slug":"jubilados-santarrosenos-las-tasas-municipales-subsidiadas-al-40","status":"publish","type":"post","link":"https:\/\/diariotextual.com\/inicio\/index.php\/2019\/04\/25\/jubilados-santarrosenos-las-tasas-municipales-subsidiadas-al-40\/","title":{"rendered":"Jubilados santarrose\u00f1os, con las tasas municipales subsidiadas al 40%"},"content":{"rendered":"<p>El Concejo Deliberante de Santa Rosa aprob\u00f3 este jueves una ordenanza para subsidiar por per\u00edodos anuales el 40% de la Tarifa de Servicios Sanitarios personas jubiladas, retiradas, pensionadas y con discapacidad.<\/p>\n<p>La sesi\u00f3n se desarroll\u00f3 desde las 10.30 horas. Antes del encuentro, concejales y concejalas mantuvieron un di\u00e1logo con trabajadores y trabajadoras del Centro Municipal de Cultura, quienes plantearon inconvenientes en su \u00e1rea y pidieron que intervengan para atender sus reclamos.<\/p>\n<p>La concejala fregenista en el FrePam, Claudia Giorgis, defendi\u00f3 la rebaja de las tasas. \u00abEsto forma parte de seguir manteniendo y profundizando la pol\u00edtica de subsidios a los m\u00e1s d\u00e9biles, en este caso a los jubilados y jubiladas de la ciudad. Que adem\u00e1s de haber mantenido los beneficios para estos sectores m\u00e1s vulnerables que ya tiene la ordenanza fiscal de por s\u00ed, en esto caso es ampliar la escala de beneficiarios\u201d, dijo.<\/p>\n<p>\u201cEl proyecto viene a colaci\u00f3n de una medida que tuvimos que tomar al principio de la gesti\u00f3n cuando nos encontramos con un sistema de medici\u00f3n pr\u00e1cticamente nulo\u201d, consider\u00f3. \u00abNo hubo durante muchos a\u00f1os una pol\u00edtica de recambio de ca\u00f1er\u00edas, ni de recambio de acometidas domiciliarias, ni de recambio de medidores por lo tanto era inexistente la medici\u00f3n del servicio\u201d.<\/p>\n<p>\u201cTampoco encontramos al inicio de la gesti\u00f3n ning\u00fan tipo de planificaci\u00f3n, o sea que, no se hab\u00edan hecho las obras y tampoco hab\u00edan planes de hacerla\u201d, puntualiz\u00f3.<\/p>\n<p>\u201cDesde ah\u00ed partimos\u201d, dijo. \u00abEl municipio hizo las gestiones y puso como prioritario el acuerdo con el Gobierno provincial respecto del plan de mitigaciones. A comienzos del 2016 una de las prioridades que estableci\u00f3 la Municipalidad fue justamente \u00e9sta, teniendo en cuenta la enorme p\u00e9rdida de agua de red, tan cara a la Municipalidad y a los vecinos, perdida y desperdiciada por las calles de la ciudad, sostuvo. \u201cEl fin fue darle prioridad junto con el Gobierno de Provincia, que se est\u00e1 cumpliendo y desarrollando, este plan de recambio de acometidas domiciliarias. Se van a completar unas 11 mil\u201d, estim\u00f3. \u201cRealmente la ciudad y esta gesti\u00f3n puntualmente estamos agradecidos en particular con el Ministerio de Obras P\u00fablicas que, en persona el ministro (Julio) Bargero, se ha ocupado. Hemos conversado inclusive algunos inconvenientes porque \u2013aclar\u00f3- como todos sabemos las obras se dise\u00f1an, se planifican y despu\u00e9s cuando se llevan a la pr\u00e1ctica ocurren inconvenientes\u201d.<\/p>\n<blockquote class=\"wp-embedded-content\" data-secret=\"nBg8BeJ0g1\"><p><a href=\"http:\/\/diariotextual.com\/inicio\/index.php\/2019\/04\/25\/subio-la-leche-mamuu-litro-se-vende-33-pesos\/\">Subi\u00f3 la leche Mamuu: el litro se vende a 33 pesos<\/a><\/p><\/blockquote>\n<p><iframe class=\"wp-embedded-content\" sandbox=\"allow-scripts\" security=\"restricted\" style=\"position: absolute; clip: rect(1px, 1px, 1px, 1px);\" src=\"http:\/\/diariotextual.com\/inicio\/index.php\/2019\/04\/25\/subio-la-leche-mamuu-litro-se-vende-33-pesos\/embed\/#?secret=nBg8BeJ0g1\" data-secret=\"nBg8BeJ0g1\" width=\"600\" height=\"338\" title=\"&#8220;Subi\u00f3 la leche Mamuu: el litro se vende a 33 pesos&#8221; &#8212; Diario Textual\" frameborder=\"0\" marginwidth=\"0\" marginheight=\"0\" scrolling=\"no\"><\/iframe><\/p>\n<p>&nbsp;<\/p>\n<p>&nbsp;<\/p>\n","protected":false},"excerpt":{"rendered":"<p>El Concejo Deliberante de Santa Rosa aprob\u00f3 este jueves una ordenanza para subsidiar por per\u00edodos anuales el 40% de la Tarifa de Servicios Sanitarios personas jubiladas, retiradas, pensionadas y con&hellip;<\/p>\n","protected":false},"author":3,"featured_media":46742,"comment_status":"closed","ping_status":"open","sticky":false,"template":"","format":"standard","meta":{"_acf_changed":false,"footnotes":""},"categories":[1,11,5],"tags":[],"class_list":["post-46739","post","type-post","status-publish","format-standard","has-post-thumbnail","hentry","category-es-noticia","category-que-pasa","category-economia"],"acf":[],"yoast_head":"<!-- This site is optimized with the Yoast SEO plugin v27.5 - https:\/\/yoast.com\/product\/yoast-seo-wordpress\/ -->\n<title>Jubilados santarrose\u00f1os, con las tasas municipales subsidiadas al 40% - Diario Textual<\/title>\n<meta name=\"robots\" content=\"index, follow, max-snippet:-1, max-image-preview:large, max-video-preview:-1\" \/>\n<link rel=\"canonical\" href=\"https:\/\/diariotextual.com\/inicio\/index.php\/2019\/04\/25\/jubilados-santarrosenos-las-tasas-municipales-subsidiadas-al-40\/\" \/>\n<meta property=\"og:locale\" content=\"es_ES\" \/>\n<meta property=\"og:type\" content=\"article\" \/>\n<meta property=\"og:title\" content=\"Jubilados santarrose\u00f1os, con las tasas municipales subsidiadas al 40% - Diario Textual\" \/>\n<meta property=\"og:description\" content=\"El Concejo Deliberante de Santa Rosa aprob\u00f3 este jueves una ordenanza para subsidiar por per\u00edodos anuales el 40% de la Tarifa de Servicios Sanitarios personas jubiladas, retiradas, pensionadas y con&hellip;\" \/>\n<meta property=\"og:url\" content=\"https:\/\/diariotextual.com\/inicio\/index.php\/2019\/04\/25\/jubilados-santarrosenos-las-tasas-municipales-subsidiadas-al-40\/\" \/>\n<meta property=\"og:site_name\" content=\"Diario Textual\" \/>\n<meta property=\"article:publisher\" content=\"https:\/\/www.facebook.com\/eltextual\" \/>\n<meta property=\"article:published_time\" content=\"2019-04-25T16:12:19+00:00\" \/>\n<meta property=\"og:image\" content=\"https:\/\/diariotextual.com\/inicio\/wp-content\/uploads\/2019\/04\/concejodeliberantesantarosa2019-0001.jpg\" \/>\n\t<meta property=\"og:image:width\" content=\"1000\" \/>\n\t<meta property=\"og:image:height\" content=\"604\" \/>\n\t<meta property=\"og:image:type\" content=\"image\/jpeg\" \/>\n<meta name=\"author\" content=\"Diario1 Diario1\" \/>\n<meta name=\"twitter:card\" content=\"summary_large_image\" \/>\n<meta name=\"twitter:creator\" content=\"@eltextual\" \/>\n<meta name=\"twitter:site\" content=\"@eltextual\" \/>\n<meta name=\"twitter:label1\" content=\"Escrito por\" \/>\n\t<meta name=\"twitter:data1\" content=\"Diario1 Diario1\" \/>\n\t<meta name=\"twitter:label2\" content=\"Tiempo de lectura\" \/>\n\t<meta name=\"twitter:data2\" content=\"2 minutos\" \/>\n<script type=\"application\/ld+json\" class=\"yoast-schema-graph\">{\"@context\":\"https:\\\/\\\/schema.org\",\"@graph\":[{\"@type\":\"Article\",\"@id\":\"https:\\\/\\\/diariotextual.com\\\/inicio\\\/index.php\\\/2019\\\/04\\\/25\\\/jubilados-santarrosenos-las-tasas-municipales-subsidiadas-al-40\\\/#article\",\"isPartOf\":{\"@id\":\"https:\\\/\\\/diariotextual.com\\\/inicio\\\/index.php\\\/2019\\\/04\\\/25\\\/jubilados-santarrosenos-las-tasas-municipales-subsidiadas-al-40\\\/\"},\"author\":{\"name\":\"Diario1 Diario1\",\"@id\":\"https:\\\/\\\/diariotextual.com\\\/inicio\\\/#\\\/schema\\\/person\\\/418fc4093c33e86ed41562db3508f958\"},\"headline\":\"Jubilados santarrose\u00f1os, con las tasas municipales subsidiadas al 40%\",\"datePublished\":\"2019-04-25T16:12:19+00:00\",\"mainEntityOfPage\":{\"@id\":\"https:\\\/\\\/diariotextual.com\\\/inicio\\\/index.php\\\/2019\\\/04\\\/25\\\/jubilados-santarrosenos-las-tasas-municipales-subsidiadas-al-40\\\/\"},\"wordCount\":426,\"publisher\":{\"@id\":\"https:\\\/\\\/diariotextual.com\\\/inicio\\\/#organization\"},\"image\":{\"@id\":\"https:\\\/\\\/diariotextual.com\\\/inicio\\\/index.php\\\/2019\\\/04\\\/25\\\/jubilados-santarrosenos-las-tasas-municipales-subsidiadas-al-40\\\/#primaryimage\"},\"thumbnailUrl\":\"https:\\\/\\\/diariotextual.com\\\/inicio\\\/wp-content\\\/uploads\\\/2019\\\/04\\\/concejodeliberantesantarosa2019-0001.jpg\",\"articleSection\":[\"A - ES NOTICIA (van abajo)\",\"A - QUE PASA (al costado)\",\"ECONOMIA\"],\"inLanguage\":\"es\"},{\"@type\":\"WebPage\",\"@id\":\"https:\\\/\\\/diariotextual.com\\\/inicio\\\/index.php\\\/2019\\\/04\\\/25\\\/jubilados-santarrosenos-las-tasas-municipales-subsidiadas-al-40\\\/\",\"url\":\"https:\\\/\\\/diariotextual.com\\\/inicio\\\/index.php\\\/2019\\\/04\\\/25\\\/jubilados-santarrosenos-las-tasas-municipales-subsidiadas-al-40\\\/\",\"name\":\"Jubilados santarrose\u00f1os, con las tasas municipales subsidiadas al 40% - Diario Textual\",\"isPartOf\":{\"@id\":\"https:\\\/\\\/diariotextual.com\\\/inicio\\\/#website\"},\"primaryImageOfPage\":{\"@id\":\"https:\\\/\\\/diariotextual.com\\\/inicio\\\/index.php\\\/2019\\\/04\\\/25\\\/jubilados-santarrosenos-las-tasas-municipales-subsidiadas-al-40\\\/#primaryimage\"},\"image\":{\"@id\":\"https:\\\/\\\/diariotextual.com\\\/inicio\\\/index.php\\\/2019\\\/04\\\/25\\\/jubilados-santarrosenos-las-tasas-municipales-subsidiadas-al-40\\\/#primaryimage\"},\"thumbnailUrl\":\"https:\\\/\\\/diariotextual.com\\\/inicio\\\/wp-content\\\/uploads\\\/2019\\\/04\\\/concejodeliberantesantarosa2019-0001.jpg\",\"datePublished\":\"2019-04-25T16:12:19+00:00\",\"breadcrumb\":{\"@id\":\"https:\\\/\\\/diariotextual.com\\\/inicio\\\/index.php\\\/2019\\\/04\\\/25\\\/jubilados-santarrosenos-las-tasas-municipales-subsidiadas-al-40\\\/#breadcrumb\"},\"inLanguage\":\"es\",\"potentialAction\":[{\"@type\":\"ReadAction\",\"target\":[\"https:\\\/\\\/diariotextual.com\\\/inicio\\\/index.php\\\/2019\\\/04\\\/25\\\/jubilados-santarrosenos-las-tasas-municipales-subsidiadas-al-40\\\/\"]}]},{\"@type\":\"ImageObject\",\"inLanguage\":\"es\",\"@id\":\"https:\\\/\\\/diariotextual.com\\\/inicio\\\/index.php\\\/2019\\\/04\\\/25\\\/jubilados-santarrosenos-las-tasas-municipales-subsidiadas-al-40\\\/#primaryimage\",\"url\":\"https:\\\/\\\/diariotextual.com\\\/inicio\\\/wp-content\\\/uploads\\\/2019\\\/04\\\/concejodeliberantesantarosa2019-0001.jpg\",\"contentUrl\":\"https:\\\/\\\/diariotextual.com\\\/inicio\\\/wp-content\\\/uploads\\\/2019\\\/04\\\/concejodeliberantesantarosa2019-0001.jpg\",\"width\":1000,\"height\":604},{\"@type\":\"BreadcrumbList\",\"@id\":\"https:\\\/\\\/diariotextual.com\\\/inicio\\\/index.php\\\/2019\\\/04\\\/25\\\/jubilados-santarrosenos-las-tasas-municipales-subsidiadas-al-40\\\/#breadcrumb\",\"itemListElement\":[{\"@type\":\"ListItem\",\"position\":1,\"name\":\"Portada\",\"item\":\"https:\\\/\\\/diariotextual.com\\\/inicio\\\/\"},{\"@type\":\"ListItem\",\"position\":2,\"name\":\"Jubilados santarrose\u00f1os, con las tasas municipales subsidiadas al 40%\"}]},{\"@type\":\"WebSite\",\"@id\":\"https:\\\/\\\/diariotextual.com\\\/inicio\\\/#website\",\"url\":\"https:\\\/\\\/diariotextual.com\\\/inicio\\\/\",\"name\":\"Diario Textual\",\"description\":\"\",\"publisher\":{\"@id\":\"https:\\\/\\\/diariotextual.com\\\/inicio\\\/#organization\"},\"potentialAction\":[{\"@type\":\"SearchAction\",\"target\":{\"@type\":\"EntryPoint\",\"urlTemplate\":\"https:\\\/\\\/diariotextual.com\\\/inicio\\\/?s={search_term_string}\"},\"query-input\":{\"@type\":\"PropertyValueSpecification\",\"valueRequired\":true,\"valueName\":\"search_term_string\"}}],\"inLanguage\":\"es\"},{\"@type\":\"Organization\",\"@id\":\"https:\\\/\\\/diariotextual.com\\\/inicio\\\/#organization\",\"name\":\"Diario Textual\",\"url\":\"https:\\\/\\\/diariotextual.com\\\/inicio\\\/\",\"logo\":{\"@type\":\"ImageObject\",\"inLanguage\":\"es\",\"@id\":\"https:\\\/\\\/diariotextual.com\\\/inicio\\\/#\\\/schema\\\/logo\\\/image\\\/\",\"url\":\"https:\\\/\\\/diariotextual.com\\\/inicio\\\/wp-content\\\/uploads\\\/2023\\\/05\\\/logotextual1.jpg\",\"contentUrl\":\"https:\\\/\\\/diariotextual.com\\\/inicio\\\/wp-content\\\/uploads\\\/2023\\\/05\\\/logotextual1.jpg\",\"width\":516,\"height\":76,\"caption\":\"Diario Textual\"},\"image\":{\"@id\":\"https:\\\/\\\/diariotextual.com\\\/inicio\\\/#\\\/schema\\\/logo\\\/image\\\/\"},\"sameAs\":[\"https:\\\/\\\/www.facebook.com\\\/eltextual\",\"https:\\\/\\\/x.com\\\/eltextual\",\"http:\\\/\\\/www.instagram.com\\\/eltextual\"]},{\"@type\":\"Person\",\"@id\":\"https:\\\/\\\/diariotextual.com\\\/inicio\\\/#\\\/schema\\\/person\\\/418fc4093c33e86ed41562db3508f958\",\"name\":\"Diario1 Diario1\",\"image\":{\"@type\":\"ImageObject\",\"inLanguage\":\"es\",\"@id\":\"https:\\\/\\\/secure.gravatar.com\\\/avatar\\\/9167d280179c85bc18be67aa7eda765854300033af4896dd779b608640f2ef7a?s=96&d=mm&r=g\",\"url\":\"https:\\\/\\\/secure.gravatar.com\\\/avatar\\\/9167d280179c85bc18be67aa7eda765854300033af4896dd779b608640f2ef7a?s=96&d=mm&r=g\",\"contentUrl\":\"https:\\\/\\\/secure.gravatar.com\\\/avatar\\\/9167d280179c85bc18be67aa7eda765854300033af4896dd779b608640f2ef7a?s=96&d=mm&r=g\",\"caption\":\"Diario1 Diario1\"},\"url\":\"https:\\\/\\\/diariotextual.com\\\/inicio\\\/index.php\\\/author\\\/diario1\\\/\"}]}<\/script>\n<!-- \/ Yoast SEO plugin. -->","yoast_head_json":{"title":"Jubilados santarrose\u00f1os, con las tasas municipales subsidiadas al 40% - Diario Textual","robots":{"index":"index","follow":"follow","max-snippet":"max-snippet:-1","max-image-preview":"max-image-preview:large","max-video-preview":"max-video-preview:-1"},"canonical":"https:\/\/diariotextual.com\/inicio\/index.php\/2019\/04\/25\/jubilados-santarrosenos-las-tasas-municipales-subsidiadas-al-40\/","og_locale":"es_ES","og_type":"article","og_title":"Jubilados santarrose\u00f1os, con las tasas municipales subsidiadas al 40% - Diario Textual","og_description":"El Concejo Deliberante de Santa Rosa aprob\u00f3 este jueves una ordenanza para subsidiar por per\u00edodos anuales el 40% de la Tarifa de Servicios Sanitarios personas jubiladas, retiradas, pensionadas y con&hellip;","og_url":"https:\/\/diariotextual.com\/inicio\/index.php\/2019\/04\/25\/jubilados-santarrosenos-las-tasas-municipales-subsidiadas-al-40\/","og_site_name":"Diario Textual","article_publisher":"https:\/\/www.facebook.com\/eltextual","article_published_time":"2019-04-25T16:12:19+00:00","og_image":[{"width":1000,"height":604,"url":"https:\/\/diariotextual.com\/inicio\/wp-content\/uploads\/2019\/04\/concejodeliberantesantarosa2019-0001.jpg","type":"image\/jpeg"}],"author":"Diario1 Diario1","twitter_card":"summary_large_image","twitter_creator":"@eltextual","twitter_site":"@eltextual","twitter_misc":{"Escrito por":"Diario1 Diario1","Tiempo de lectura":"2 minutos"},"schema":{"@context":"https:\/\/schema.org","@graph":[{"@type":"Article","@id":"https:\/\/diariotextual.com\/inicio\/index.php\/2019\/04\/25\/jubilados-santarrosenos-las-tasas-municipales-subsidiadas-al-40\/#article","isPartOf":{"@id":"https:\/\/diariotextual.com\/inicio\/index.php\/2019\/04\/25\/jubilados-santarrosenos-las-tasas-municipales-subsidiadas-al-40\/"},"author":{"name":"Diario1 Diario1","@id":"https:\/\/diariotextual.com\/inicio\/#\/schema\/person\/418fc4093c33e86ed41562db3508f958"},"headline":"Jubilados santarrose\u00f1os, con las tasas municipales subsidiadas al 40%","datePublished":"2019-04-25T16:12:19+00:00","mainEntityOfPage":{"@id":"https:\/\/diariotextual.com\/inicio\/index.php\/2019\/04\/25\/jubilados-santarrosenos-las-tasas-municipales-subsidiadas-al-40\/"},"wordCount":426,"publisher":{"@id":"https:\/\/diariotextual.com\/inicio\/#organization"},"image":{"@id":"https:\/\/diariotextual.com\/inicio\/index.php\/2019\/04\/25\/jubilados-santarrosenos-las-tasas-municipales-subsidiadas-al-40\/#primaryimage"},"thumbnailUrl":"https:\/\/diariotextual.com\/inicio\/wp-content\/uploads\/2019\/04\/concejodeliberantesantarosa2019-0001.jpg","articleSection":["A - ES NOTICIA (van abajo)","A - QUE PASA (al costado)","ECONOMIA"],"inLanguage":"es"},{"@type":"WebPage","@id":"https:\/\/diariotextual.com\/inicio\/index.php\/2019\/04\/25\/jubilados-santarrosenos-las-tasas-municipales-subsidiadas-al-40\/","url":"https:\/\/diariotextual.com\/inicio\/index.php\/2019\/04\/25\/jubilados-santarrosenos-las-tasas-municipales-subsidiadas-al-40\/","name":"Jubilados santarrose\u00f1os, con las tasas municipales subsidiadas al 40% - Diario Textual","isPartOf":{"@id":"https:\/\/diariotextual.com\/inicio\/#website"},"primaryImageOfPage":{"@id":"https:\/\/diariotextual.com\/inicio\/index.php\/2019\/04\/25\/jubilados-santarrosenos-las-tasas-municipales-subsidiadas-al-40\/#primaryimage"},"image":{"@id":"https:\/\/diariotextual.com\/inicio\/index.php\/2019\/04\/25\/jubilados-santarrosenos-las-tasas-municipales-subsidiadas-al-40\/#primaryimage"},"thumbnailUrl":"https:\/\/diariotextual.com\/inicio\/wp-content\/uploads\/2019\/04\/concejodeliberantesantarosa2019-0001.jpg","datePublished":"2019-04-25T16:12:19+00:00","breadcrumb":{"@id":"https:\/\/diariotextual.com\/inicio\/index.php\/2019\/04\/25\/jubilados-santarrosenos-las-tasas-municipales-subsidiadas-al-40\/#breadcrumb"},"inLanguage":"es","potentialAction":[{"@type":"ReadAction","target":["https:\/\/diariotextual.com\/inicio\/index.php\/2019\/04\/25\/jubilados-santarrosenos-las-tasas-municipales-subsidiadas-al-40\/"]}]},{"@type":"ImageObject","inLanguage":"es","@id":"https:\/\/diariotextual.com\/inicio\/index.php\/2019\/04\/25\/jubilados-santarrosenos-las-tasas-municipales-subsidiadas-al-40\/#primaryimage","url":"https:\/\/diariotextual.com\/inicio\/wp-content\/uploads\/2019\/04\/concejodeliberantesantarosa2019-0001.jpg","contentUrl":"https:\/\/diariotextual.com\/inicio\/wp-content\/uploads\/2019\/04\/concejodeliberantesantarosa2019-0001.jpg","width":1000,"height":604},{"@type":"BreadcrumbList","@id":"https:\/\/diariotextual.com\/inicio\/index.php\/2019\/04\/25\/jubilados-santarrosenos-las-tasas-municipales-subsidiadas-al-40\/#breadcrumb","itemListElement":[{"@type":"ListItem","position":1,"name":"Portada","item":"https:\/\/diariotextual.com\/inicio\/"},{"@type":"ListItem","position":2,"name":"Jubilados santarrose\u00f1os, con las tasas municipales subsidiadas al 40%"}]},{"@type":"WebSite","@id":"https:\/\/diariotextual.com\/inicio\/#website","url":"https:\/\/diariotextual.com\/inicio\/","name":"Diario Textual","description":"","publisher":{"@id":"https:\/\/diariotextual.com\/inicio\/#organization"},"potentialAction":[{"@type":"SearchAction","target":{"@type":"EntryPoint","urlTemplate":"https:\/\/diariotextual.com\/inicio\/?s={search_term_string}"},"query-input":{"@type":"PropertyValueSpecification","valueRequired":true,"valueName":"search_term_string"}}],"inLanguage":"es"},{"@type":"Organization","@id":"https:\/\/diariotextual.com\/inicio\/#organization","name":"Diario Textual","url":"https:\/\/diariotextual.com\/inicio\/","logo":{"@type":"ImageObject","inLanguage":"es","@id":"https:\/\/diariotextual.com\/inicio\/#\/schema\/logo\/image\/","url":"https:\/\/diariotextual.com\/inicio\/wp-content\/uploads\/2023\/05\/logotextual1.jpg","contentUrl":"https:\/\/diariotextual.com\/inicio\/wp-content\/uploads\/2023\/05\/logotextual1.jpg","width":516,"height":76,"caption":"Diario Textual"},"image":{"@id":"https:\/\/diariotextual.com\/inicio\/#\/schema\/logo\/image\/"},"sameAs":["https:\/\/www.facebook.com\/eltextual","https:\/\/x.com\/eltextual","http:\/\/www.instagram.com\/eltextual"]},{"@type":"Person","@id":"https:\/\/diariotextual.com\/inicio\/#\/schema\/person\/418fc4093c33e86ed41562db3508f958","name":"Diario1 Diario1","image":{"@type":"ImageObject","inLanguage":"es","@id":"https:\/\/secure.gravatar.com\/avatar\/9167d280179c85bc18be67aa7eda765854300033af4896dd779b608640f2ef7a?s=96&d=mm&r=g","url":"https:\/\/secure.gravatar.com\/avatar\/9167d280179c85bc18be67aa7eda765854300033af4896dd779b608640f2ef7a?s=96&d=mm&r=g","contentUrl":"https:\/\/secure.gravatar.com\/avatar\/9167d280179c85bc18be67aa7eda765854300033af4896dd779b608640f2ef7a?s=96&d=mm&r=g","caption":"Diario1 Diario1"},"url":"https:\/\/diariotextual.com\/inicio\/index.php\/author\/diario1\/"}]}},"_links":{"self":[{"href":"https:\/\/diariotextual.com\/inicio\/index.php\/wp-json\/wp\/v2\/posts\/46739","targetHints":{"allow":["GET"]}}],"collection":[{"href":"https:\/\/diariotextual.com\/inicio\/index.php\/wp-json\/wp\/v2\/posts"}],"about":[{"href":"https:\/\/diariotextual.com\/inicio\/index.php\/wp-json\/wp\/v2\/types\/post"}],"author":[{"embeddable":true,"href":"https:\/\/diariotextual.com\/inicio\/index.php\/wp-json\/wp\/v2\/users\/3"}],"replies":[{"embeddable":true,"href":"https:\/\/diariotextual.com\/inicio\/index.php\/wp-json\/wp\/v2\/comments?post=46739"}],"version-history":[{"count":3,"href":"https:\/\/diariotextual.com\/inicio\/index.php\/wp-json\/wp\/v2\/posts\/46739\/revisions"}],"predecessor-version":[{"id":46744,"href":"https:\/\/diariotextual.com\/inicio\/index.php\/wp-json\/wp\/v2\/posts\/46739\/revisions\/46744"}],"wp:featuredmedia":[{"embeddable":true,"href":"https:\/\/diariotextual.com\/inicio\/index.php\/wp-json\/wp\/v2\/media\/46742"}],"wp:attachment":[{"href":"https:\/\/diariotextual.com\/inicio\/index.php\/wp-json\/wp\/v2\/media?parent=46739"}],"wp:term":[{"taxonomy":"category","embeddable":true,"href":"https:\/\/diariotextual.com\/inicio\/index.php\/wp-json\/wp\/v2\/categories?post=46739"},{"taxonomy":"post_tag","embeddable":true,"href":"https:\/\/diariotextual.com\/inicio\/index.php\/wp-json\/wp\/v2\/tags?post=46739"}],"curies":[{"name":"wp","href":"https:\/\/api.w.org\/{rel}","templated":true}]}}