{"id":4687,"date":"2018-04-13T19:32:27","date_gmt":"2018-04-13T19:32:27","guid":{"rendered":"http:\/\/diariotextual.com\/inicio\/?p=4687"},"modified":"2018-04-13T20:36:25","modified_gmt":"2018-04-13T20:36:25","slug":"confirman-la-muerte-los-periodistas-secuestrados-la-frontera-colombia","status":"publish","type":"post","link":"https:\/\/diariotextual.com\/inicio\/index.php\/2018\/04\/13\/confirman-la-muerte-los-periodistas-secuestrados-la-frontera-colombia\/","title":{"rendered":"Confirman la muerte de los periodistas secuestrados en la frontera con Colombia"},"content":{"rendered":"<p><strong>Len\u00edn Moreno<\/strong>, jefe de Estado de Ecuador, confirm\u00f3 la muerte de los periodistas del diario El Comercio capturados hace casi 20 d\u00edas. \u00abCon profundo pesar lamento informar que se han cumplido las doce horas de plazo establecido\u00bb, dijo en rueda de prensa, y a\u00f1adi\u00f3: \u00abNo hemos recibido pruebas de vida y lamentablemente tenemos informaci\u00f3n que confirma el asesinato de nuestros compatriotas\u00bb.<\/p>\n<p>El mandatario solicit\u00f3 ayuda a la Iglesia Cat\u00f3lica y organismos internacionales como la Cruz Roja para hallar y repatriar los cuerpos de los secuestrados. \u00abHemos tomado contacto con organismos de cooperaci\u00f3n internacional para realizar las acciones necesarias con el objetivo de que este hecho no quede en la impunidad\u00bb, sostuvo. \u00abEstamos unidos por la paz\u00bb, a\u00f1adi\u00f3.<\/p>\n<p>Las palabras del mandatario llegaron luego que el canal colombiano RCN informara que recibi\u00f3 fotograf\u00edas en las que se observan los cuerpos que presuntamente corresponder\u00edan a los trabajadores de prensa, lo que motiv\u00f3 el ultim\u00e1tum de Moreno.<\/p>\n<p><strong>Javier Ortega, de 32 a\u00f1os, Pa\u00fal Rivas, de 45, y Efra\u00edn Segarra, de 60, fueron capturados en Mataje, provincia de Esmeraldas, el 26 de marzo pasado<\/strong>. Esta regi\u00f3n se ubica en la frontera con Colombia, motivo por el cual se presume que la acci\u00f3n fue realizada por el Frente Oliver Sinisterra, un grupo disidente de las FARC que retom\u00f3 la lucha armada y est\u00e1 liderado por un hombre conocido como \u00abGuacho\u00bb.<\/p>\n<p>Para Moreno, los secuestradores \u00abnunca tuvieron la voluntad de entregarlos sanos y salvos\u00bb. Asimismo, anunci\u00f3 que el cabecilla del grupo fue incluido en la lista de los m\u00e1s buscados con una recompensa de 100.000 d\u00f3lares a quien brinde informaci\u00f3n sobre su paradero.<\/p>\n","protected":false},"excerpt":{"rendered":"<p>Len\u00edn Moreno, jefe de Estado de Ecuador, confirm\u00f3 la muerte de los periodistas del diario El Comercio capturados hace casi 20 d\u00edas. \u00abCon profundo pesar lamento informar que se han&hellip;<\/p>\n","protected":false},"author":3,"featured_media":4689,"comment_status":"open","ping_status":"open","sticky":false,"template":"","format":"standard","meta":{"_acf_changed":false,"footnotes":""},"categories":[4,7],"tags":[],"class_list":["post-4687","post","type-post","status-publish","format-standard","has-post-thumbnail","hentry","category-destacadas","category-mundo"],"acf":[],"yoast_head":"<!-- This site is optimized with the Yoast SEO plugin v27.5 - https:\/\/yoast.com\/product\/yoast-seo-wordpress\/ -->\n<title>Confirman la muerte de los periodistas secuestrados en la frontera con Colombia - Diario Textual<\/title>\n<meta name=\"robots\" content=\"index, follow, max-snippet:-1, max-image-preview:large, max-video-preview:-1\" \/>\n<link rel=\"canonical\" href=\"https:\/\/diariotextual.com\/inicio\/index.php\/2018\/04\/13\/confirman-la-muerte-los-periodistas-secuestrados-la-frontera-colombia\/\" \/>\n<meta property=\"og:locale\" content=\"es_ES\" \/>\n<meta property=\"og:type\" content=\"article\" \/>\n<meta property=\"og:title\" content=\"Confirman la muerte de los periodistas secuestrados en la frontera con Colombia - Diario Textual\" \/>\n<meta property=\"og:description\" content=\"Len\u00edn Moreno, jefe de Estado de Ecuador, confirm\u00f3 la muerte de los periodistas del diario El Comercio capturados hace casi 20 d\u00edas. \u00abCon profundo pesar lamento informar que se han&hellip;\" \/>\n<meta property=\"og:url\" content=\"https:\/\/diariotextual.com\/inicio\/index.php\/2018\/04\/13\/confirman-la-muerte-los-periodistas-secuestrados-la-frontera-colombia\/\" \/>\n<meta property=\"og:site_name\" content=\"Diario Textual\" \/>\n<meta property=\"article:publisher\" content=\"https:\/\/www.facebook.com\/eltextual\" \/>\n<meta property=\"article:published_time\" content=\"2018-04-13T19:32:27+00:00\" \/>\n<meta property=\"article:modified_time\" content=\"2018-04-13T20:36:25+00:00\" \/>\n<meta property=\"og:image\" content=\"https:\/\/diariotextual.com\/inicio\/wp-content\/uploads\/2018\/04\/periodistasecuador711.jpg\" \/>\n\t<meta property=\"og:image:width\" content=\"786\" \/>\n\t<meta property=\"og:image:height\" content=\"500\" \/>\n\t<meta property=\"og:image:type\" content=\"image\/jpeg\" \/>\n<meta name=\"author\" content=\"Diario1 Diario1\" \/>\n<meta name=\"twitter:card\" content=\"summary_large_image\" \/>\n<meta name=\"twitter:creator\" content=\"@eltextual\" \/>\n<meta name=\"twitter:site\" content=\"@eltextual\" \/>\n<meta name=\"twitter:label1\" content=\"Escrito por\" \/>\n\t<meta name=\"twitter:data1\" content=\"Diario1 Diario1\" \/>\n\t<meta name=\"twitter:label2\" content=\"Tiempo de lectura\" \/>\n\t<meta name=\"twitter:data2\" content=\"1 minuto\" \/>\n<script type=\"application\/ld+json\" class=\"yoast-schema-graph\">{\"@context\":\"https:\\\/\\\/schema.org\",\"@graph\":[{\"@type\":\"Article\",\"@id\":\"https:\\\/\\\/diariotextual.com\\\/inicio\\\/index.php\\\/2018\\\/04\\\/13\\\/confirman-la-muerte-los-periodistas-secuestrados-la-frontera-colombia\\\/#article\",\"isPartOf\":{\"@id\":\"https:\\\/\\\/diariotextual.com\\\/inicio\\\/index.php\\\/2018\\\/04\\\/13\\\/confirman-la-muerte-los-periodistas-secuestrados-la-frontera-colombia\\\/\"},\"author\":{\"name\":\"Diario1 Diario1\",\"@id\":\"https:\\\/\\\/diariotextual.com\\\/inicio\\\/#\\\/schema\\\/person\\\/418fc4093c33e86ed41562db3508f958\"},\"headline\":\"Confirman la muerte de los periodistas secuestrados en la frontera con Colombia\",\"datePublished\":\"2018-04-13T19:32:27+00:00\",\"dateModified\":\"2018-04-13T20:36:25+00:00\",\"mainEntityOfPage\":{\"@id\":\"https:\\\/\\\/diariotextual.com\\\/inicio\\\/index.php\\\/2018\\\/04\\\/13\\\/confirman-la-muerte-los-periodistas-secuestrados-la-frontera-colombia\\\/\"},\"wordCount\":291,\"commentCount\":0,\"publisher\":{\"@id\":\"https:\\\/\\\/diariotextual.com\\\/inicio\\\/#organization\"},\"image\":{\"@id\":\"https:\\\/\\\/diariotextual.com\\\/inicio\\\/index.php\\\/2018\\\/04\\\/13\\\/confirman-la-muerte-los-periodistas-secuestrados-la-frontera-colombia\\\/#primaryimage\"},\"thumbnailUrl\":\"https:\\\/\\\/diariotextual.com\\\/inicio\\\/wp-content\\\/uploads\\\/2018\\\/04\\\/periodistasecuador711.jpg\",\"articleSection\":[\"A - DESTACADAS (mod 16)\",\"MUNDO\"],\"inLanguage\":\"es\",\"potentialAction\":[{\"@type\":\"CommentAction\",\"name\":\"Comment\",\"target\":[\"https:\\\/\\\/diariotextual.com\\\/inicio\\\/index.php\\\/2018\\\/04\\\/13\\\/confirman-la-muerte-los-periodistas-secuestrados-la-frontera-colombia\\\/#respond\"]}]},{\"@type\":\"WebPage\",\"@id\":\"https:\\\/\\\/diariotextual.com\\\/inicio\\\/index.php\\\/2018\\\/04\\\/13\\\/confirman-la-muerte-los-periodistas-secuestrados-la-frontera-colombia\\\/\",\"url\":\"https:\\\/\\\/diariotextual.com\\\/inicio\\\/index.php\\\/2018\\\/04\\\/13\\\/confirman-la-muerte-los-periodistas-secuestrados-la-frontera-colombia\\\/\",\"name\":\"Confirman la muerte de los periodistas secuestrados en la frontera con Colombia - Diario Textual\",\"isPartOf\":{\"@id\":\"https:\\\/\\\/diariotextual.com\\\/inicio\\\/#website\"},\"primaryImageOfPage\":{\"@id\":\"https:\\\/\\\/diariotextual.com\\\/inicio\\\/index.php\\\/2018\\\/04\\\/13\\\/confirman-la-muerte-los-periodistas-secuestrados-la-frontera-colombia\\\/#primaryimage\"},\"image\":{\"@id\":\"https:\\\/\\\/diariotextual.com\\\/inicio\\\/index.php\\\/2018\\\/04\\\/13\\\/confirman-la-muerte-los-periodistas-secuestrados-la-frontera-colombia\\\/#primaryimage\"},\"thumbnailUrl\":\"https:\\\/\\\/diariotextual.com\\\/inicio\\\/wp-content\\\/uploads\\\/2018\\\/04\\\/periodistasecuador711.jpg\",\"datePublished\":\"2018-04-13T19:32:27+00:00\",\"dateModified\":\"2018-04-13T20:36:25+00:00\",\"breadcrumb\":{\"@id\":\"https:\\\/\\\/diariotextual.com\\\/inicio\\\/index.php\\\/2018\\\/04\\\/13\\\/confirman-la-muerte-los-periodistas-secuestrados-la-frontera-colombia\\\/#breadcrumb\"},\"inLanguage\":\"es\",\"potentialAction\":[{\"@type\":\"ReadAction\",\"target\":[\"https:\\\/\\\/diariotextual.com\\\/inicio\\\/index.php\\\/2018\\\/04\\\/13\\\/confirman-la-muerte-los-periodistas-secuestrados-la-frontera-colombia\\\/\"]}]},{\"@type\":\"ImageObject\",\"inLanguage\":\"es\",\"@id\":\"https:\\\/\\\/diariotextual.com\\\/inicio\\\/index.php\\\/2018\\\/04\\\/13\\\/confirman-la-muerte-los-periodistas-secuestrados-la-frontera-colombia\\\/#primaryimage\",\"url\":\"https:\\\/\\\/diariotextual.com\\\/inicio\\\/wp-content\\\/uploads\\\/2018\\\/04\\\/periodistasecuador711.jpg\",\"contentUrl\":\"https:\\\/\\\/diariotextual.com\\\/inicio\\\/wp-content\\\/uploads\\\/2018\\\/04\\\/periodistasecuador711.jpg\",\"width\":786,\"height\":500},{\"@type\":\"BreadcrumbList\",\"@id\":\"https:\\\/\\\/diariotextual.com\\\/inicio\\\/index.php\\\/2018\\\/04\\\/13\\\/confirman-la-muerte-los-periodistas-secuestrados-la-frontera-colombia\\\/#breadcrumb\",\"itemListElement\":[{\"@type\":\"ListItem\",\"position\":1,\"name\":\"Portada\",\"item\":\"https:\\\/\\\/diariotextual.com\\\/inicio\\\/\"},{\"@type\":\"ListItem\",\"position\":2,\"name\":\"Confirman la muerte de los periodistas secuestrados en la frontera con Colombia\"}]},{\"@type\":\"WebSite\",\"@id\":\"https:\\\/\\\/diariotextual.com\\\/inicio\\\/#website\",\"url\":\"https:\\\/\\\/diariotextual.com\\\/inicio\\\/\",\"name\":\"Diario Textual\",\"description\":\"\",\"publisher\":{\"@id\":\"https:\\\/\\\/diariotextual.com\\\/inicio\\\/#organization\"},\"potentialAction\":[{\"@type\":\"SearchAction\",\"target\":{\"@type\":\"EntryPoint\",\"urlTemplate\":\"https:\\\/\\\/diariotextual.com\\\/inicio\\\/?s={search_term_string}\"},\"query-input\":{\"@type\":\"PropertyValueSpecification\",\"valueRequired\":true,\"valueName\":\"search_term_string\"}}],\"inLanguage\":\"es\"},{\"@type\":\"Organization\",\"@id\":\"https:\\\/\\\/diariotextual.com\\\/inicio\\\/#organization\",\"name\":\"Diario Textual\",\"url\":\"https:\\\/\\\/diariotextual.com\\\/inicio\\\/\",\"logo\":{\"@type\":\"ImageObject\",\"inLanguage\":\"es\",\"@id\":\"https:\\\/\\\/diariotextual.com\\\/inicio\\\/#\\\/schema\\\/logo\\\/image\\\/\",\"url\":\"https:\\\/\\\/diariotextual.com\\\/inicio\\\/wp-content\\\/uploads\\\/2023\\\/05\\\/logotextual1.jpg\",\"contentUrl\":\"https:\\\/\\\/diariotextual.com\\\/inicio\\\/wp-content\\\/uploads\\\/2023\\\/05\\\/logotextual1.jpg\",\"width\":516,\"height\":76,\"caption\":\"Diario Textual\"},\"image\":{\"@id\":\"https:\\\/\\\/diariotextual.com\\\/inicio\\\/#\\\/schema\\\/logo\\\/image\\\/\"},\"sameAs\":[\"https:\\\/\\\/www.facebook.com\\\/eltextual\",\"https:\\\/\\\/x.com\\\/eltextual\",\"http:\\\/\\\/www.instagram.com\\\/eltextual\"]},{\"@type\":\"Person\",\"@id\":\"https:\\\/\\\/diariotextual.com\\\/inicio\\\/#\\\/schema\\\/person\\\/418fc4093c33e86ed41562db3508f958\",\"name\":\"Diario1 Diario1\",\"image\":{\"@type\":\"ImageObject\",\"inLanguage\":\"es\",\"@id\":\"https:\\\/\\\/secure.gravatar.com\\\/avatar\\\/9167d280179c85bc18be67aa7eda765854300033af4896dd779b608640f2ef7a?s=96&d=mm&r=g\",\"url\":\"https:\\\/\\\/secure.gravatar.com\\\/avatar\\\/9167d280179c85bc18be67aa7eda765854300033af4896dd779b608640f2ef7a?s=96&d=mm&r=g\",\"contentUrl\":\"https:\\\/\\\/secure.gravatar.com\\\/avatar\\\/9167d280179c85bc18be67aa7eda765854300033af4896dd779b608640f2ef7a?s=96&d=mm&r=g\",\"caption\":\"Diario1 Diario1\"},\"url\":\"https:\\\/\\\/diariotextual.com\\\/inicio\\\/index.php\\\/author\\\/diario1\\\/\"}]}<\/script>\n<!-- \/ Yoast SEO plugin. -->","yoast_head_json":{"title":"Confirman la muerte de los periodistas secuestrados en la frontera con Colombia - Diario Textual","robots":{"index":"index","follow":"follow","max-snippet":"max-snippet:-1","max-image-preview":"max-image-preview:large","max-video-preview":"max-video-preview:-1"},"canonical":"https:\/\/diariotextual.com\/inicio\/index.php\/2018\/04\/13\/confirman-la-muerte-los-periodistas-secuestrados-la-frontera-colombia\/","og_locale":"es_ES","og_type":"article","og_title":"Confirman la muerte de los periodistas secuestrados en la frontera con Colombia - Diario Textual","og_description":"Len\u00edn Moreno, jefe de Estado de Ecuador, confirm\u00f3 la muerte de los periodistas del diario El Comercio capturados hace casi 20 d\u00edas. \u00abCon profundo pesar lamento informar que se han&hellip;","og_url":"https:\/\/diariotextual.com\/inicio\/index.php\/2018\/04\/13\/confirman-la-muerte-los-periodistas-secuestrados-la-frontera-colombia\/","og_site_name":"Diario Textual","article_publisher":"https:\/\/www.facebook.com\/eltextual","article_published_time":"2018-04-13T19:32:27+00:00","article_modified_time":"2018-04-13T20:36:25+00:00","og_image":[{"width":786,"height":500,"url":"https:\/\/diariotextual.com\/inicio\/wp-content\/uploads\/2018\/04\/periodistasecuador711.jpg","type":"image\/jpeg"}],"author":"Diario1 Diario1","twitter_card":"summary_large_image","twitter_creator":"@eltextual","twitter_site":"@eltextual","twitter_misc":{"Escrito por":"Diario1 Diario1","Tiempo de lectura":"1 minuto"},"schema":{"@context":"https:\/\/schema.org","@graph":[{"@type":"Article","@id":"https:\/\/diariotextual.com\/inicio\/index.php\/2018\/04\/13\/confirman-la-muerte-los-periodistas-secuestrados-la-frontera-colombia\/#article","isPartOf":{"@id":"https:\/\/diariotextual.com\/inicio\/index.php\/2018\/04\/13\/confirman-la-muerte-los-periodistas-secuestrados-la-frontera-colombia\/"},"author":{"name":"Diario1 Diario1","@id":"https:\/\/diariotextual.com\/inicio\/#\/schema\/person\/418fc4093c33e86ed41562db3508f958"},"headline":"Confirman la muerte de los periodistas secuestrados en la frontera con Colombia","datePublished":"2018-04-13T19:32:27+00:00","dateModified":"2018-04-13T20:36:25+00:00","mainEntityOfPage":{"@id":"https:\/\/diariotextual.com\/inicio\/index.php\/2018\/04\/13\/confirman-la-muerte-los-periodistas-secuestrados-la-frontera-colombia\/"},"wordCount":291,"commentCount":0,"publisher":{"@id":"https:\/\/diariotextual.com\/inicio\/#organization"},"image":{"@id":"https:\/\/diariotextual.com\/inicio\/index.php\/2018\/04\/13\/confirman-la-muerte-los-periodistas-secuestrados-la-frontera-colombia\/#primaryimage"},"thumbnailUrl":"https:\/\/diariotextual.com\/inicio\/wp-content\/uploads\/2018\/04\/periodistasecuador711.jpg","articleSection":["A - DESTACADAS (mod 16)","MUNDO"],"inLanguage":"es","potentialAction":[{"@type":"CommentAction","name":"Comment","target":["https:\/\/diariotextual.com\/inicio\/index.php\/2018\/04\/13\/confirman-la-muerte-los-periodistas-secuestrados-la-frontera-colombia\/#respond"]}]},{"@type":"WebPage","@id":"https:\/\/diariotextual.com\/inicio\/index.php\/2018\/04\/13\/confirman-la-muerte-los-periodistas-secuestrados-la-frontera-colombia\/","url":"https:\/\/diariotextual.com\/inicio\/index.php\/2018\/04\/13\/confirman-la-muerte-los-periodistas-secuestrados-la-frontera-colombia\/","name":"Confirman la muerte de los periodistas secuestrados en la frontera con Colombia - Diario Textual","isPartOf":{"@id":"https:\/\/diariotextual.com\/inicio\/#website"},"primaryImageOfPage":{"@id":"https:\/\/diariotextual.com\/inicio\/index.php\/2018\/04\/13\/confirman-la-muerte-los-periodistas-secuestrados-la-frontera-colombia\/#primaryimage"},"image":{"@id":"https:\/\/diariotextual.com\/inicio\/index.php\/2018\/04\/13\/confirman-la-muerte-los-periodistas-secuestrados-la-frontera-colombia\/#primaryimage"},"thumbnailUrl":"https:\/\/diariotextual.com\/inicio\/wp-content\/uploads\/2018\/04\/periodistasecuador711.jpg","datePublished":"2018-04-13T19:32:27+00:00","dateModified":"2018-04-13T20:36:25+00:00","breadcrumb":{"@id":"https:\/\/diariotextual.com\/inicio\/index.php\/2018\/04\/13\/confirman-la-muerte-los-periodistas-secuestrados-la-frontera-colombia\/#breadcrumb"},"inLanguage":"es","potentialAction":[{"@type":"ReadAction","target":["https:\/\/diariotextual.com\/inicio\/index.php\/2018\/04\/13\/confirman-la-muerte-los-periodistas-secuestrados-la-frontera-colombia\/"]}]},{"@type":"ImageObject","inLanguage":"es","@id":"https:\/\/diariotextual.com\/inicio\/index.php\/2018\/04\/13\/confirman-la-muerte-los-periodistas-secuestrados-la-frontera-colombia\/#primaryimage","url":"https:\/\/diariotextual.com\/inicio\/wp-content\/uploads\/2018\/04\/periodistasecuador711.jpg","contentUrl":"https:\/\/diariotextual.com\/inicio\/wp-content\/uploads\/2018\/04\/periodistasecuador711.jpg","width":786,"height":500},{"@type":"BreadcrumbList","@id":"https:\/\/diariotextual.com\/inicio\/index.php\/2018\/04\/13\/confirman-la-muerte-los-periodistas-secuestrados-la-frontera-colombia\/#breadcrumb","itemListElement":[{"@type":"ListItem","position":1,"name":"Portada","item":"https:\/\/diariotextual.com\/inicio\/"},{"@type":"ListItem","position":2,"name":"Confirman la muerte de los periodistas secuestrados en la frontera con Colombia"}]},{"@type":"WebSite","@id":"https:\/\/diariotextual.com\/inicio\/#website","url":"https:\/\/diariotextual.com\/inicio\/","name":"Diario Textual","description":"","publisher":{"@id":"https:\/\/diariotextual.com\/inicio\/#organization"},"potentialAction":[{"@type":"SearchAction","target":{"@type":"EntryPoint","urlTemplate":"https:\/\/diariotextual.com\/inicio\/?s={search_term_string}"},"query-input":{"@type":"PropertyValueSpecification","valueRequired":true,"valueName":"search_term_string"}}],"inLanguage":"es"},{"@type":"Organization","@id":"https:\/\/diariotextual.com\/inicio\/#organization","name":"Diario Textual","url":"https:\/\/diariotextual.com\/inicio\/","logo":{"@type":"ImageObject","inLanguage":"es","@id":"https:\/\/diariotextual.com\/inicio\/#\/schema\/logo\/image\/","url":"https:\/\/diariotextual.com\/inicio\/wp-content\/uploads\/2023\/05\/logotextual1.jpg","contentUrl":"https:\/\/diariotextual.com\/inicio\/wp-content\/uploads\/2023\/05\/logotextual1.jpg","width":516,"height":76,"caption":"Diario Textual"},"image":{"@id":"https:\/\/diariotextual.com\/inicio\/#\/schema\/logo\/image\/"},"sameAs":["https:\/\/www.facebook.com\/eltextual","https:\/\/x.com\/eltextual","http:\/\/www.instagram.com\/eltextual"]},{"@type":"Person","@id":"https:\/\/diariotextual.com\/inicio\/#\/schema\/person\/418fc4093c33e86ed41562db3508f958","name":"Diario1 Diario1","image":{"@type":"ImageObject","inLanguage":"es","@id":"https:\/\/secure.gravatar.com\/avatar\/9167d280179c85bc18be67aa7eda765854300033af4896dd779b608640f2ef7a?s=96&d=mm&r=g","url":"https:\/\/secure.gravatar.com\/avatar\/9167d280179c85bc18be67aa7eda765854300033af4896dd779b608640f2ef7a?s=96&d=mm&r=g","contentUrl":"https:\/\/secure.gravatar.com\/avatar\/9167d280179c85bc18be67aa7eda765854300033af4896dd779b608640f2ef7a?s=96&d=mm&r=g","caption":"Diario1 Diario1"},"url":"https:\/\/diariotextual.com\/inicio\/index.php\/author\/diario1\/"}]}},"_links":{"self":[{"href":"https:\/\/diariotextual.com\/inicio\/index.php\/wp-json\/wp\/v2\/posts\/4687","targetHints":{"allow":["GET"]}}],"collection":[{"href":"https:\/\/diariotextual.com\/inicio\/index.php\/wp-json\/wp\/v2\/posts"}],"about":[{"href":"https:\/\/diariotextual.com\/inicio\/index.php\/wp-json\/wp\/v2\/types\/post"}],"author":[{"embeddable":true,"href":"https:\/\/diariotextual.com\/inicio\/index.php\/wp-json\/wp\/v2\/users\/3"}],"replies":[{"embeddable":true,"href":"https:\/\/diariotextual.com\/inicio\/index.php\/wp-json\/wp\/v2\/comments?post=4687"}],"version-history":[{"count":1,"href":"https:\/\/diariotextual.com\/inicio\/index.php\/wp-json\/wp\/v2\/posts\/4687\/revisions"}],"predecessor-version":[{"id":4688,"href":"https:\/\/diariotextual.com\/inicio\/index.php\/wp-json\/wp\/v2\/posts\/4687\/revisions\/4688"}],"wp:featuredmedia":[{"embeddable":true,"href":"https:\/\/diariotextual.com\/inicio\/index.php\/wp-json\/wp\/v2\/media\/4689"}],"wp:attachment":[{"href":"https:\/\/diariotextual.com\/inicio\/index.php\/wp-json\/wp\/v2\/media?parent=4687"}],"wp:term":[{"taxonomy":"category","embeddable":true,"href":"https:\/\/diariotextual.com\/inicio\/index.php\/wp-json\/wp\/v2\/categories?post=4687"},{"taxonomy":"post_tag","embeddable":true,"href":"https:\/\/diariotextual.com\/inicio\/index.php\/wp-json\/wp\/v2\/tags?post=4687"}],"curies":[{"name":"wp","href":"https:\/\/api.w.org\/{rel}","templated":true}]}}