{"id":46971,"date":"2019-04-28T07:52:03","date_gmt":"2019-04-28T10:52:03","guid":{"rendered":"http:\/\/diariotextual.com\/inicio\/?p=46971"},"modified":"2019-04-29T08:10:25","modified_gmt":"2019-04-29T11:10:25","slug":"forestal-pico-acuso-la-provincia-no-darle-suficiente-energia-bajar-produccion","status":"publish","type":"post","link":"https:\/\/diariotextual.com\/inicio\/index.php\/2019\/04\/28\/forestal-pico-acuso-la-provincia-no-darle-suficiente-energia-bajar-produccion\/","title":{"rendered":"Forestal Pico acus\u00f3 a la Provincia de no darle suficiente energ\u00eda y tener que bajar producci\u00f3n"},"content":{"rendered":"<p>La empresa<strong> Forestal Pico sali\u00f3 a contragolpear.<\/strong> La empresa piquense dijo que <strong>no est\u00e1 produciendo bolas de molino para la industria minera como lo previsto porque el Gobierno provincial no le da suficiente energ\u00eda el\u00e9ctrica<\/strong>. Incluso apunt\u00f3 que<strong> ha sufrido \u201ccoacciones\u201d y \u00abpresiones\u00bb de funcionarios para realizar inversiones que deber\u00eda hacer el Estado<\/strong> provincial.<\/p>\n<p>No es cualquier empresa. Uno de los due\u00f1os es <strong>Julio \u201cTito\u201d Pech\u00edn<\/strong>, presidente del<strong> Comit\u00e9 Provincia de la UCR<\/strong>. El otro es Sergio, su hermano.<\/p>\n<p>\u00bfC\u00f3mo se iniciaron estos cruces? El Comit\u00e9 Provincia de la Uni\u00f3n C\u00edvica Radical, al mando de Pech\u00edn, sostuvo que \u201cel modelo del PJ\u201d estaba agotado y que no era generador de empleo privado.<\/p>\n<p>El PJ piquense le salt\u00f3 a la yugular. Le recordaron que en el Gobierno de Oscar Jorge le otorgaron un cr\u00e9dito de promoci\u00f3n industrial por $61.839.257,40 a 10 a\u00f1os (con dos de gracia). Tambi\u00e9n le vendieron el predio, por 18,5 millones de pesos. Y le enrostraron que prometieron 100 puestos de trabajo, pero que solo generaron 20.<\/p>\n<p>En las \u00faltimas horas, Forestal sali\u00f3 a contentar. Seg\u00fan pudo saber Diario Textual, Sergio Pech\u00edn exigi\u00f3 a su hermano contestar al PJ.<\/p>\n<p>\u00bfQu\u00e9 dice la nota? \u201cFrente a las opiniones vertidas por el Frejupa en el marco de la campa\u00f1a pol\u00edtica 2019 de La Pampa, nos vemos en la obligaci\u00f3n de informar a la comunidad que la f\u00e1brica de bolas de molino de nuestra empresa que, en parte minoritaria fue financiada con un cr\u00e9dito de promoci\u00f3n industrial de la provincia, no avanza de acuerdo a lo previsto en el proyecto por las dificultades de suministro el\u00e9ctrico que adolece nuestra provincia\u201d, sostuvo el directorio de la empresa. \u201cCabe se\u00f1alar, adicionalmente, que hemos sido coaccionados a efectuar caudalosos desembolsos para suplir las inversiones en obras de energ\u00eda el\u00e9ctrica que deber\u00eda haber realizado el Estado Provincial\u201d, lanz\u00f3 la estocada.<\/p>\n<p>El comunicado, completo, es el siguiente:<\/p>\n<p><em>1-Con fecha 27 de octubre de 2015, por Decreto del Gobernador de la Provincia de La Pampa, result\u00f3 adjudicataria de un pr\u00e9stamo en el marco de la ley 1534 de Promoci\u00f3n Industrial, por entonces vigente en nuestra provincia.<\/em><\/p>\n<p><em>2- Dicho pr\u00e9stamo promocional, gestionado a lo largo del a\u00f1o 2015, se otorg\u00f3 para la puesta en marcha de una f\u00e1brica para la producci\u00f3n de bolas de acero para la molienda de minerales, \u00fanica en su tipo en la Rep\u00fablica Argentina. El importe del cr\u00e9dito, en pesos, cubri\u00f3 parcialmente el monto invertido dado que la inversi\u00f3n total duplica holgadamente el monto del cr\u00e9dito asignado.<\/em><\/p>\n<p><em>3- Que en el proceso de formulaci\u00f3n del proyecto, la Direcci\u00f3n de Industria de la Provincia nos ofreci\u00f3 en venta las deterioradas instalaciones de lo que fuera Industrias Marac\u00f3, despu\u00e9s de m\u00e1s de una d\u00e9cada de abandono, para la radicaci\u00f3n de la futura planta industrial.<\/em><\/p>\n<p><em>4- Que previo a la aprobaci\u00f3n del proyecto y otorgamiento del cr\u00e9dito de promoci\u00f3n industrial, hubo que solicitar informe de factibilidad de suministro el\u00e9ctrico a la Administraci\u00f3n Provincial de Energ\u00eda &#8211; APE. Factibilidad otorgada en junio de 2015 para proveer a la futura planta industrial con 8000 kW de potencia sin condicionamientos de ning\u00fan tipo a FORESTAL PICO S.A.<\/em><\/p>\n<p><em>5- Que una vez iniciado el proceso de inversi\u00f3n, con los equipos importados en la planta y el montaje de la f\u00e1brica en marcha, la APE en 2016 (con su nueva conducci\u00f3n) informa que la provisi\u00f3n de la energ\u00eda el\u00e9ctrica solicitada y por ellos declarada factible unos meses antes, solo ser\u00e1 posible si la empresa lleva a cabo, a su cargo, obras de adecuaci\u00f3n en la Subestaci\u00f3n Transformadora Parque Industrial General Pico. Es necesario resaltar, que las obras correspondientes al suministro de energ\u00eda debe realizarlas quien presta el servicio, y jam\u00e1s son a cargo de los particulares (NJF 1101 Art. 18 inc. f).<\/em><\/p>\n<p><em>6- En pleno proceso de inversi\u00f3n y a condici\u00f3n excluyente del APE, Forestal Pico S.A. pag\u00f3 trabajos y compr\u00f3 equipamiento para uso en la Subestaci\u00f3n Parque Industrial General Pico y fuera de la misma por importes cercanos a los 400.000 d\u00f3lares.<\/em><\/p>\n<p><em>7- Previo a demostrar el inicio de las obras injustamente exigidas, y tras la firma de un convenio de manera excepcional y extraordinaria APE brindo una potencia m\u00e1xima de 5000 KVA de manera provisoria durante un periodo de prueba.<\/em><\/p>\n<p><em>8- En octubre de 2018, sin suministro el\u00e9ctrico y ante la coacci\u00f3n de APE debimos entregar: un campo de conexi\u00f3n en la SET APE 33\/13.2 Kv \u201cparque industrial\u201d (para uso de la empresa), proyecto ejecutivo e ingenier\u00eda de detalle para la construcci\u00f3n de dos campos de 33 KVA (para cuestiones ajenas a la empresa) y dos interruptores 33 KV (tambi\u00e9n para cuestiones ajenas a la empresa). Una vez cumplidos los requerimientos de APE, nos obligaron a firmar un convenio por el cual APE se compromet\u00eda a entregar una potencia m\u00e1xima de 2500 KVA y reconectar el servicio a la empresa.<\/em><\/p>\n<p><em>9- Al d\u00eda de la fecha, 23 de abril de 2019, la planta industrial para la fabricaci\u00f3n de bolas de acero para la molienda de minerales, no puede producir la gama completa de productos ya que la APE no provee la cantidad de energ\u00eda factibilizada hace 4 a\u00f1os. El 20 de marzo de 2019 se expuso esta problem\u00e1tica a APE no obteniendo respuesta alguna a pesar de la nota reiteratoria presentada en fecha 12 de abril del corriente.<\/em><\/p>\n<p><em>10- El proyecto industrial presentado al Gobierno Provincial en 2015 contempla una dotaci\u00f3n de personal, mano de obra directa, de 43 personas cuando est\u00e9 en plena explotaci\u00f3n, situaci\u00f3n de imposible cumplimiento en la actualidad debido a lo expresado precedentemente.<\/em><\/p>\n<p><em>11- A pesar de todo ello, actualmente fabricamos parte de la gama de productos que podr\u00edamos producir si tuvi\u00e9ramos el suministro de energ\u00eda solicitado, comercializamos en el mercado nacional , promovemos ventas de exportaci\u00f3n a pa\u00edses de la regi\u00f3n y cumplimos en tiempo y forma con el pago del pr\u00e9stamo otorgado.<\/em><\/p>\n<p><em>Como se ha expresado, la realidad dista de lo planteado en la publicaci\u00f3n en distintos medios del dia 20\/04\/2019. La empresa frente a la constante presi\u00f3n del Estado Provincial ha efectuado esfuerzos m\u00e1s all\u00e1 de lo que deber\u00eda solicitarse a una empresa que apuesta al crecimiento.<\/em><\/p>\n<p><em>Tenemos el compromiso de crecer, generar empleo y hacer que desde General Pico se provea un insumo metal minero que no se fabrica en el pa\u00eds. Es ins\u00f3lito que se nos exija hacer a los particulares las inversiones energ\u00e9ticas de las que el Estado Provincial deber\u00eda ocuparse, que no se nos brinde el suministro factibilizado y adem\u00e1s p\u00fablicamente nos defenestren por no generar mayor cantidad de empleos, cuando en realidad y a pesar de las dificultades expresadas, contamos con la cantidad de puestos de trabajo comprometidos en el proyecto.<\/em><\/p>\n<p><em>Somos piquenses, La Pampa es nuestro lugar, la inversi\u00f3n la realizamos en nuestro pueblo, la mano de obra es local. Seguiremos adelante a pesar de todo.<\/em><\/p>\n<blockquote class=\"wp-embedded-content\" data-secret=\"XaYEnqRkJo\"><p><a href=\"http:\/\/diariotextual.com\/inicio\/index.php\/2019\/04\/19\/credito-forestal-pico-respuesta-del-pj-piquense-tito-pechin\/\">Cr\u00e9dito a Forestal Pico: respuesta del PJ piquense a \u201cTito\u201d Pech\u00edn<\/a><\/p><\/blockquote>\n<p><iframe class=\"wp-embedded-content\" sandbox=\"allow-scripts\" security=\"restricted\" style=\"position: absolute; clip: rect(1px, 1px, 1px, 1px);\" src=\"http:\/\/diariotextual.com\/inicio\/index.php\/2019\/04\/19\/credito-forestal-pico-respuesta-del-pj-piquense-tito-pechin\/embed\/#?secret=XaYEnqRkJo\" data-secret=\"XaYEnqRkJo\" width=\"600\" height=\"338\" title=\"&#8220;Cr\u00e9dito a Forestal Pico: respuesta del PJ piquense a \u201cTito\u201d Pech\u00edn&#8221; &#8212; Diario Textual\" frameborder=\"0\" marginwidth=\"0\" marginheight=\"0\" scrolling=\"no\"><\/iframe><\/p>\n<p>&nbsp;<\/p>\n","protected":false},"excerpt":{"rendered":"<p>La empresa Forestal Pico sali\u00f3 a contragolpear. La empresa piquense dijo que no est\u00e1 produciendo bolas de molino para la industria minera como lo previsto porque el Gobierno provincial no&hellip;<\/p>\n","protected":false},"author":3,"featured_media":46973,"comment_status":"closed","ping_status":"open","sticky":false,"template":"","format":"standard","meta":{"_acf_changed":false,"footnotes":""},"categories":[1,11,5],"tags":[1959],"class_list":["post-46971","post","type-post","status-publish","format-standard","has-post-thumbnail","hentry","category-es-noticia","category-que-pasa","category-economia","tag-forestal"],"acf":[],"yoast_head":"<!-- This site is optimized with the Yoast SEO plugin v27.5 - https:\/\/yoast.com\/product\/yoast-seo-wordpress\/ -->\n<title>Forestal Pico acus\u00f3 a la Provincia de no darle suficiente energ\u00eda y tener que bajar producci\u00f3n - Diario Textual<\/title>\n<meta name=\"robots\" content=\"index, follow, max-snippet:-1, max-image-preview:large, max-video-preview:-1\" \/>\n<link rel=\"canonical\" href=\"https:\/\/diariotextual.com\/inicio\/index.php\/2019\/04\/28\/forestal-pico-acuso-la-provincia-no-darle-suficiente-energia-bajar-produccion\/\" \/>\n<meta property=\"og:locale\" content=\"es_ES\" \/>\n<meta property=\"og:type\" content=\"article\" \/>\n<meta property=\"og:title\" content=\"Forestal Pico acus\u00f3 a la Provincia de no darle suficiente energ\u00eda y tener que bajar producci\u00f3n - Diario Textual\" \/>\n<meta property=\"og:description\" content=\"La empresa Forestal Pico sali\u00f3 a contragolpear. La empresa piquense dijo que no est\u00e1 produciendo bolas de molino para la industria minera como lo previsto porque el Gobierno provincial no&hellip;\" \/>\n<meta property=\"og:url\" content=\"https:\/\/diariotextual.com\/inicio\/index.php\/2019\/04\/28\/forestal-pico-acuso-la-provincia-no-darle-suficiente-energia-bajar-produccion\/\" \/>\n<meta property=\"og:site_name\" content=\"Diario Textual\" \/>\n<meta property=\"article:publisher\" content=\"https:\/\/www.facebook.com\/eltextual\" \/>\n<meta property=\"article:published_time\" content=\"2019-04-28T10:52:03+00:00\" \/>\n<meta property=\"article:modified_time\" content=\"2019-04-29T11:10:25+00:00\" \/>\n<meta property=\"og:image\" content=\"https:\/\/diariotextual.com\/inicio\/wp-content\/uploads\/2019\/04\/forestalpico1.jpg\" \/>\n\t<meta property=\"og:image:width\" content=\"960\" \/>\n\t<meta property=\"og:image:height\" content=\"540\" \/>\n\t<meta property=\"og:image:type\" content=\"image\/jpeg\" \/>\n<meta name=\"author\" content=\"Diario1 Diario1\" \/>\n<meta name=\"twitter:card\" content=\"summary_large_image\" \/>\n<meta name=\"twitter:creator\" content=\"@eltextual\" \/>\n<meta name=\"twitter:site\" content=\"@eltextual\" \/>\n<meta name=\"twitter:label1\" content=\"Escrito por\" \/>\n\t<meta name=\"twitter:data1\" content=\"Diario1 Diario1\" \/>\n\t<meta name=\"twitter:label2\" content=\"Tiempo de lectura\" \/>\n\t<meta name=\"twitter:data2\" content=\"6 minutos\" \/>\n<script type=\"application\/ld+json\" class=\"yoast-schema-graph\">{\"@context\":\"https:\\\/\\\/schema.org\",\"@graph\":[{\"@type\":\"Article\",\"@id\":\"https:\\\/\\\/diariotextual.com\\\/inicio\\\/index.php\\\/2019\\\/04\\\/28\\\/forestal-pico-acuso-la-provincia-no-darle-suficiente-energia-bajar-produccion\\\/#article\",\"isPartOf\":{\"@id\":\"https:\\\/\\\/diariotextual.com\\\/inicio\\\/index.php\\\/2019\\\/04\\\/28\\\/forestal-pico-acuso-la-provincia-no-darle-suficiente-energia-bajar-produccion\\\/\"},\"author\":{\"name\":\"Diario1 Diario1\",\"@id\":\"https:\\\/\\\/diariotextual.com\\\/inicio\\\/#\\\/schema\\\/person\\\/418fc4093c33e86ed41562db3508f958\"},\"headline\":\"Forestal Pico acus\u00f3 a la Provincia de no darle suficiente energ\u00eda y tener que bajar producci\u00f3n\",\"datePublished\":\"2019-04-28T10:52:03+00:00\",\"dateModified\":\"2019-04-29T11:10:25+00:00\",\"mainEntityOfPage\":{\"@id\":\"https:\\\/\\\/diariotextual.com\\\/inicio\\\/index.php\\\/2019\\\/04\\\/28\\\/forestal-pico-acuso-la-provincia-no-darle-suficiente-energia-bajar-produccion\\\/\"},\"wordCount\":1223,\"publisher\":{\"@id\":\"https:\\\/\\\/diariotextual.com\\\/inicio\\\/#organization\"},\"image\":{\"@id\":\"https:\\\/\\\/diariotextual.com\\\/inicio\\\/index.php\\\/2019\\\/04\\\/28\\\/forestal-pico-acuso-la-provincia-no-darle-suficiente-energia-bajar-produccion\\\/#primaryimage\"},\"thumbnailUrl\":\"https:\\\/\\\/diariotextual.com\\\/inicio\\\/wp-content\\\/uploads\\\/2019\\\/04\\\/forestalpico1.jpg\",\"keywords\":[\"forestal\"],\"articleSection\":[\"A - ES NOTICIA (van abajo)\",\"A - QUE PASA (al costado)\",\"ECONOMIA\"],\"inLanguage\":\"es\"},{\"@type\":\"WebPage\",\"@id\":\"https:\\\/\\\/diariotextual.com\\\/inicio\\\/index.php\\\/2019\\\/04\\\/28\\\/forestal-pico-acuso-la-provincia-no-darle-suficiente-energia-bajar-produccion\\\/\",\"url\":\"https:\\\/\\\/diariotextual.com\\\/inicio\\\/index.php\\\/2019\\\/04\\\/28\\\/forestal-pico-acuso-la-provincia-no-darle-suficiente-energia-bajar-produccion\\\/\",\"name\":\"Forestal Pico acus\u00f3 a la Provincia de no darle suficiente energ\u00eda y tener que bajar producci\u00f3n - Diario Textual\",\"isPartOf\":{\"@id\":\"https:\\\/\\\/diariotextual.com\\\/inicio\\\/#website\"},\"primaryImageOfPage\":{\"@id\":\"https:\\\/\\\/diariotextual.com\\\/inicio\\\/index.php\\\/2019\\\/04\\\/28\\\/forestal-pico-acuso-la-provincia-no-darle-suficiente-energia-bajar-produccion\\\/#primaryimage\"},\"image\":{\"@id\":\"https:\\\/\\\/diariotextual.com\\\/inicio\\\/index.php\\\/2019\\\/04\\\/28\\\/forestal-pico-acuso-la-provincia-no-darle-suficiente-energia-bajar-produccion\\\/#primaryimage\"},\"thumbnailUrl\":\"https:\\\/\\\/diariotextual.com\\\/inicio\\\/wp-content\\\/uploads\\\/2019\\\/04\\\/forestalpico1.jpg\",\"datePublished\":\"2019-04-28T10:52:03+00:00\",\"dateModified\":\"2019-04-29T11:10:25+00:00\",\"breadcrumb\":{\"@id\":\"https:\\\/\\\/diariotextual.com\\\/inicio\\\/index.php\\\/2019\\\/04\\\/28\\\/forestal-pico-acuso-la-provincia-no-darle-suficiente-energia-bajar-produccion\\\/#breadcrumb\"},\"inLanguage\":\"es\",\"potentialAction\":[{\"@type\":\"ReadAction\",\"target\":[\"https:\\\/\\\/diariotextual.com\\\/inicio\\\/index.php\\\/2019\\\/04\\\/28\\\/forestal-pico-acuso-la-provincia-no-darle-suficiente-energia-bajar-produccion\\\/\"]}]},{\"@type\":\"ImageObject\",\"inLanguage\":\"es\",\"@id\":\"https:\\\/\\\/diariotextual.com\\\/inicio\\\/index.php\\\/2019\\\/04\\\/28\\\/forestal-pico-acuso-la-provincia-no-darle-suficiente-energia-bajar-produccion\\\/#primaryimage\",\"url\":\"https:\\\/\\\/diariotextual.com\\\/inicio\\\/wp-content\\\/uploads\\\/2019\\\/04\\\/forestalpico1.jpg\",\"contentUrl\":\"https:\\\/\\\/diariotextual.com\\\/inicio\\\/wp-content\\\/uploads\\\/2019\\\/04\\\/forestalpico1.jpg\",\"width\":960,\"height\":540},{\"@type\":\"BreadcrumbList\",\"@id\":\"https:\\\/\\\/diariotextual.com\\\/inicio\\\/index.php\\\/2019\\\/04\\\/28\\\/forestal-pico-acuso-la-provincia-no-darle-suficiente-energia-bajar-produccion\\\/#breadcrumb\",\"itemListElement\":[{\"@type\":\"ListItem\",\"position\":1,\"name\":\"Portada\",\"item\":\"https:\\\/\\\/diariotextual.com\\\/inicio\\\/\"},{\"@type\":\"ListItem\",\"position\":2,\"name\":\"Forestal Pico acus\u00f3 a la Provincia de no darle suficiente energ\u00eda y tener que bajar producci\u00f3n\"}]},{\"@type\":\"WebSite\",\"@id\":\"https:\\\/\\\/diariotextual.com\\\/inicio\\\/#website\",\"url\":\"https:\\\/\\\/diariotextual.com\\\/inicio\\\/\",\"name\":\"Diario Textual\",\"description\":\"\",\"publisher\":{\"@id\":\"https:\\\/\\\/diariotextual.com\\\/inicio\\\/#organization\"},\"potentialAction\":[{\"@type\":\"SearchAction\",\"target\":{\"@type\":\"EntryPoint\",\"urlTemplate\":\"https:\\\/\\\/diariotextual.com\\\/inicio\\\/?s={search_term_string}\"},\"query-input\":{\"@type\":\"PropertyValueSpecification\",\"valueRequired\":true,\"valueName\":\"search_term_string\"}}],\"inLanguage\":\"es\"},{\"@type\":\"Organization\",\"@id\":\"https:\\\/\\\/diariotextual.com\\\/inicio\\\/#organization\",\"name\":\"Diario Textual\",\"url\":\"https:\\\/\\\/diariotextual.com\\\/inicio\\\/\",\"logo\":{\"@type\":\"ImageObject\",\"inLanguage\":\"es\",\"@id\":\"https:\\\/\\\/diariotextual.com\\\/inicio\\\/#\\\/schema\\\/logo\\\/image\\\/\",\"url\":\"https:\\\/\\\/diariotextual.com\\\/inicio\\\/wp-content\\\/uploads\\\/2023\\\/05\\\/logotextual1.jpg\",\"contentUrl\":\"https:\\\/\\\/diariotextual.com\\\/inicio\\\/wp-content\\\/uploads\\\/2023\\\/05\\\/logotextual1.jpg\",\"width\":516,\"height\":76,\"caption\":\"Diario Textual\"},\"image\":{\"@id\":\"https:\\\/\\\/diariotextual.com\\\/inicio\\\/#\\\/schema\\\/logo\\\/image\\\/\"},\"sameAs\":[\"https:\\\/\\\/www.facebook.com\\\/eltextual\",\"https:\\\/\\\/x.com\\\/eltextual\",\"http:\\\/\\\/www.instagram.com\\\/eltextual\"]},{\"@type\":\"Person\",\"@id\":\"https:\\\/\\\/diariotextual.com\\\/inicio\\\/#\\\/schema\\\/person\\\/418fc4093c33e86ed41562db3508f958\",\"name\":\"Diario1 Diario1\",\"image\":{\"@type\":\"ImageObject\",\"inLanguage\":\"es\",\"@id\":\"https:\\\/\\\/secure.gravatar.com\\\/avatar\\\/9167d280179c85bc18be67aa7eda765854300033af4896dd779b608640f2ef7a?s=96&d=mm&r=g\",\"url\":\"https:\\\/\\\/secure.gravatar.com\\\/avatar\\\/9167d280179c85bc18be67aa7eda765854300033af4896dd779b608640f2ef7a?s=96&d=mm&r=g\",\"contentUrl\":\"https:\\\/\\\/secure.gravatar.com\\\/avatar\\\/9167d280179c85bc18be67aa7eda765854300033af4896dd779b608640f2ef7a?s=96&d=mm&r=g\",\"caption\":\"Diario1 Diario1\"},\"url\":\"https:\\\/\\\/diariotextual.com\\\/inicio\\\/index.php\\\/author\\\/diario1\\\/\"}]}<\/script>\n<!-- \/ Yoast SEO plugin. -->","yoast_head_json":{"title":"Forestal Pico acus\u00f3 a la Provincia de no darle suficiente energ\u00eda y tener que bajar producci\u00f3n - Diario Textual","robots":{"index":"index","follow":"follow","max-snippet":"max-snippet:-1","max-image-preview":"max-image-preview:large","max-video-preview":"max-video-preview:-1"},"canonical":"https:\/\/diariotextual.com\/inicio\/index.php\/2019\/04\/28\/forestal-pico-acuso-la-provincia-no-darle-suficiente-energia-bajar-produccion\/","og_locale":"es_ES","og_type":"article","og_title":"Forestal Pico acus\u00f3 a la Provincia de no darle suficiente energ\u00eda y tener que bajar producci\u00f3n - Diario Textual","og_description":"La empresa Forestal Pico sali\u00f3 a contragolpear. La empresa piquense dijo que no est\u00e1 produciendo bolas de molino para la industria minera como lo previsto porque el Gobierno provincial no&hellip;","og_url":"https:\/\/diariotextual.com\/inicio\/index.php\/2019\/04\/28\/forestal-pico-acuso-la-provincia-no-darle-suficiente-energia-bajar-produccion\/","og_site_name":"Diario Textual","article_publisher":"https:\/\/www.facebook.com\/eltextual","article_published_time":"2019-04-28T10:52:03+00:00","article_modified_time":"2019-04-29T11:10:25+00:00","og_image":[{"width":960,"height":540,"url":"https:\/\/diariotextual.com\/inicio\/wp-content\/uploads\/2019\/04\/forestalpico1.jpg","type":"image\/jpeg"}],"author":"Diario1 Diario1","twitter_card":"summary_large_image","twitter_creator":"@eltextual","twitter_site":"@eltextual","twitter_misc":{"Escrito por":"Diario1 Diario1","Tiempo de lectura":"6 minutos"},"schema":{"@context":"https:\/\/schema.org","@graph":[{"@type":"Article","@id":"https:\/\/diariotextual.com\/inicio\/index.php\/2019\/04\/28\/forestal-pico-acuso-la-provincia-no-darle-suficiente-energia-bajar-produccion\/#article","isPartOf":{"@id":"https:\/\/diariotextual.com\/inicio\/index.php\/2019\/04\/28\/forestal-pico-acuso-la-provincia-no-darle-suficiente-energia-bajar-produccion\/"},"author":{"name":"Diario1 Diario1","@id":"https:\/\/diariotextual.com\/inicio\/#\/schema\/person\/418fc4093c33e86ed41562db3508f958"},"headline":"Forestal Pico acus\u00f3 a la Provincia de no darle suficiente energ\u00eda y tener que bajar producci\u00f3n","datePublished":"2019-04-28T10:52:03+00:00","dateModified":"2019-04-29T11:10:25+00:00","mainEntityOfPage":{"@id":"https:\/\/diariotextual.com\/inicio\/index.php\/2019\/04\/28\/forestal-pico-acuso-la-provincia-no-darle-suficiente-energia-bajar-produccion\/"},"wordCount":1223,"publisher":{"@id":"https:\/\/diariotextual.com\/inicio\/#organization"},"image":{"@id":"https:\/\/diariotextual.com\/inicio\/index.php\/2019\/04\/28\/forestal-pico-acuso-la-provincia-no-darle-suficiente-energia-bajar-produccion\/#primaryimage"},"thumbnailUrl":"https:\/\/diariotextual.com\/inicio\/wp-content\/uploads\/2019\/04\/forestalpico1.jpg","keywords":["forestal"],"articleSection":["A - ES NOTICIA (van abajo)","A - QUE PASA (al costado)","ECONOMIA"],"inLanguage":"es"},{"@type":"WebPage","@id":"https:\/\/diariotextual.com\/inicio\/index.php\/2019\/04\/28\/forestal-pico-acuso-la-provincia-no-darle-suficiente-energia-bajar-produccion\/","url":"https:\/\/diariotextual.com\/inicio\/index.php\/2019\/04\/28\/forestal-pico-acuso-la-provincia-no-darle-suficiente-energia-bajar-produccion\/","name":"Forestal Pico acus\u00f3 a la Provincia de no darle suficiente energ\u00eda y tener que bajar producci\u00f3n - Diario Textual","isPartOf":{"@id":"https:\/\/diariotextual.com\/inicio\/#website"},"primaryImageOfPage":{"@id":"https:\/\/diariotextual.com\/inicio\/index.php\/2019\/04\/28\/forestal-pico-acuso-la-provincia-no-darle-suficiente-energia-bajar-produccion\/#primaryimage"},"image":{"@id":"https:\/\/diariotextual.com\/inicio\/index.php\/2019\/04\/28\/forestal-pico-acuso-la-provincia-no-darle-suficiente-energia-bajar-produccion\/#primaryimage"},"thumbnailUrl":"https:\/\/diariotextual.com\/inicio\/wp-content\/uploads\/2019\/04\/forestalpico1.jpg","datePublished":"2019-04-28T10:52:03+00:00","dateModified":"2019-04-29T11:10:25+00:00","breadcrumb":{"@id":"https:\/\/diariotextual.com\/inicio\/index.php\/2019\/04\/28\/forestal-pico-acuso-la-provincia-no-darle-suficiente-energia-bajar-produccion\/#breadcrumb"},"inLanguage":"es","potentialAction":[{"@type":"ReadAction","target":["https:\/\/diariotextual.com\/inicio\/index.php\/2019\/04\/28\/forestal-pico-acuso-la-provincia-no-darle-suficiente-energia-bajar-produccion\/"]}]},{"@type":"ImageObject","inLanguage":"es","@id":"https:\/\/diariotextual.com\/inicio\/index.php\/2019\/04\/28\/forestal-pico-acuso-la-provincia-no-darle-suficiente-energia-bajar-produccion\/#primaryimage","url":"https:\/\/diariotextual.com\/inicio\/wp-content\/uploads\/2019\/04\/forestalpico1.jpg","contentUrl":"https:\/\/diariotextual.com\/inicio\/wp-content\/uploads\/2019\/04\/forestalpico1.jpg","width":960,"height":540},{"@type":"BreadcrumbList","@id":"https:\/\/diariotextual.com\/inicio\/index.php\/2019\/04\/28\/forestal-pico-acuso-la-provincia-no-darle-suficiente-energia-bajar-produccion\/#breadcrumb","itemListElement":[{"@type":"ListItem","position":1,"name":"Portada","item":"https:\/\/diariotextual.com\/inicio\/"},{"@type":"ListItem","position":2,"name":"Forestal Pico acus\u00f3 a la Provincia de no darle suficiente energ\u00eda y tener que bajar producci\u00f3n"}]},{"@type":"WebSite","@id":"https:\/\/diariotextual.com\/inicio\/#website","url":"https:\/\/diariotextual.com\/inicio\/","name":"Diario Textual","description":"","publisher":{"@id":"https:\/\/diariotextual.com\/inicio\/#organization"},"potentialAction":[{"@type":"SearchAction","target":{"@type":"EntryPoint","urlTemplate":"https:\/\/diariotextual.com\/inicio\/?s={search_term_string}"},"query-input":{"@type":"PropertyValueSpecification","valueRequired":true,"valueName":"search_term_string"}}],"inLanguage":"es"},{"@type":"Organization","@id":"https:\/\/diariotextual.com\/inicio\/#organization","name":"Diario Textual","url":"https:\/\/diariotextual.com\/inicio\/","logo":{"@type":"ImageObject","inLanguage":"es","@id":"https:\/\/diariotextual.com\/inicio\/#\/schema\/logo\/image\/","url":"https:\/\/diariotextual.com\/inicio\/wp-content\/uploads\/2023\/05\/logotextual1.jpg","contentUrl":"https:\/\/diariotextual.com\/inicio\/wp-content\/uploads\/2023\/05\/logotextual1.jpg","width":516,"height":76,"caption":"Diario Textual"},"image":{"@id":"https:\/\/diariotextual.com\/inicio\/#\/schema\/logo\/image\/"},"sameAs":["https:\/\/www.facebook.com\/eltextual","https:\/\/x.com\/eltextual","http:\/\/www.instagram.com\/eltextual"]},{"@type":"Person","@id":"https:\/\/diariotextual.com\/inicio\/#\/schema\/person\/418fc4093c33e86ed41562db3508f958","name":"Diario1 Diario1","image":{"@type":"ImageObject","inLanguage":"es","@id":"https:\/\/secure.gravatar.com\/avatar\/9167d280179c85bc18be67aa7eda765854300033af4896dd779b608640f2ef7a?s=96&d=mm&r=g","url":"https:\/\/secure.gravatar.com\/avatar\/9167d280179c85bc18be67aa7eda765854300033af4896dd779b608640f2ef7a?s=96&d=mm&r=g","contentUrl":"https:\/\/secure.gravatar.com\/avatar\/9167d280179c85bc18be67aa7eda765854300033af4896dd779b608640f2ef7a?s=96&d=mm&r=g","caption":"Diario1 Diario1"},"url":"https:\/\/diariotextual.com\/inicio\/index.php\/author\/diario1\/"}]}},"_links":{"self":[{"href":"https:\/\/diariotextual.com\/inicio\/index.php\/wp-json\/wp\/v2\/posts\/46971","targetHints":{"allow":["GET"]}}],"collection":[{"href":"https:\/\/diariotextual.com\/inicio\/index.php\/wp-json\/wp\/v2\/posts"}],"about":[{"href":"https:\/\/diariotextual.com\/inicio\/index.php\/wp-json\/wp\/v2\/types\/post"}],"author":[{"embeddable":true,"href":"https:\/\/diariotextual.com\/inicio\/index.php\/wp-json\/wp\/v2\/users\/3"}],"replies":[{"embeddable":true,"href":"https:\/\/diariotextual.com\/inicio\/index.php\/wp-json\/wp\/v2\/comments?post=46971"}],"version-history":[{"count":2,"href":"https:\/\/diariotextual.com\/inicio\/index.php\/wp-json\/wp\/v2\/posts\/46971\/revisions"}],"predecessor-version":[{"id":46975,"href":"https:\/\/diariotextual.com\/inicio\/index.php\/wp-json\/wp\/v2\/posts\/46971\/revisions\/46975"}],"wp:featuredmedia":[{"embeddable":true,"href":"https:\/\/diariotextual.com\/inicio\/index.php\/wp-json\/wp\/v2\/media\/46973"}],"wp:attachment":[{"href":"https:\/\/diariotextual.com\/inicio\/index.php\/wp-json\/wp\/v2\/media?parent=46971"}],"wp:term":[{"taxonomy":"category","embeddable":true,"href":"https:\/\/diariotextual.com\/inicio\/index.php\/wp-json\/wp\/v2\/categories?post=46971"},{"taxonomy":"post_tag","embeddable":true,"href":"https:\/\/diariotextual.com\/inicio\/index.php\/wp-json\/wp\/v2\/tags?post=46971"}],"curies":[{"name":"wp","href":"https:\/\/api.w.org\/{rel}","templated":true}]}}