{"id":47290,"date":"2019-05-01T18:33:25","date_gmt":"2019-05-01T21:33:25","guid":{"rendered":"http:\/\/diariotextual.com\/inicio\/?p=47290"},"modified":"2019-05-02T10:11:56","modified_gmt":"2019-05-02T13:11:56","slug":"ziliotto-dijo-no-posibilidades-cambiemos-pueda-aprobar-leyes-flexibilizacion-laboral","status":"publish","type":"post","link":"https:\/\/diariotextual.com\/inicio\/index.php\/2019\/05\/01\/ziliotto-dijo-no-posibilidades-cambiemos-pueda-aprobar-leyes-flexibilizacion-laboral\/","title":{"rendered":"Ziliotto dijo que no hay posibilidades de que Cambiemos pueda aprobar leyes de flexibilizaci\u00f3n laboral"},"content":{"rendered":"<p>El candidato a gobernador del Frente Justicialista Pampeano, Sergio Ziliotto, comparti\u00f3 con unos 2.000 trabajadores de comercio de General Pico la celebraci\u00f3n del 1\u00b0de mayo.<\/p>\n<p>El legislador dijo que no hay posibilidades, hoy por\u00a0 hoy, que el Gobierno de Cambiemos pueda aprobar leyes de flexibilizaci\u00f3n laboral. \u00abDesde La Pampa estamos blindando los derechos los derechos de los trabajadores\u201d, dijo, y asegur\u00f3 que ni \u00e9l, ni el senador Daniel Lovera permitir\u00e1n que avancen en el Congreso Nacional ninguna ley que signifique cercenar derechos de los trabajadores.<\/p>\n<p>Ziliotto manifest\u00f3 ante la prensa su satisfacci\u00f3n por poder compartir con los trabajadores de comercio la celebraci\u00f3n de su d\u00eda. \u00abPero -pidi\u00f3- no hay queo olvidar el contexto que vive el pueblo trabajador argentino, con un escenario de tristeza, desolaci\u00f3n, pobreza y hambre. Hoy creo que eso no solo debe preocuparnos sino ocuparnos\u201d.<\/p>\n<p>\u00abLas acciones de gobierno que lleva adelante Carlos Verna, de la cuales vamos a ser continuidad, nos indican que el mayor esfuerzo econ\u00f3mico tiene que orientarse a generar trabajo a partir de fomentar la inversi\u00f3n en todas las actividades econ\u00f3micas, principalmente a trav\u00e9s de la obra p\u00fablica\u201d, djo.<\/p>\n<p>En relaci\u00f3n al rol de los legisladores nacionales pampeanos y su accionar en defensa de los derechos de los trabajadores sostuvo que \u201cuna vez m\u00e1s la provincia de La Pampa marca el camino. Lo que deben tener en cuenta los trabajadores de nuestra provincia y del resto del pa\u00eds es que en cierta manera, desde La Pampa, estamos blindando los derechos de los trabajadores argentinos\u201d.<\/p>\n<p>\u201cDanien Lovera es presidente de la Comisi\u00f3n de Trabajo en el Senado y yo presido la Comisi\u00f3n del Trabajo en Diputados y hemos dicho en m\u00e1s de una oportunidad que no dejaremos pasar ninguna ley que signifique cercenar derechos de los trabajadores\u201d, asegur\u00f3 el candidato a gobernador del FreJuPa.<\/p>\n<p>Estim\u00f3 que \u201cno hay margen pol\u00edtico, ni estrat\u00e9gico\u201d para que el gobierno de Cambiemos pueda avanzar con la flexibilizaci\u00f3n laboral. \u00abHoy hablar de seguir precarizando el trabajo a partir de la normativa es realmente no entender nada, porque ya lo precarizaron a partir del modelo econ\u00f3mico. Han dolarizado todas las variables menos el salario y el resultado fue que perdieran todos los trabajadores del pa\u00eds\u201d, sostuvo.<\/p>\n<p>&nbsp;<\/p>\n","protected":false},"excerpt":{"rendered":"<p>El candidato a gobernador del Frente Justicialista Pampeano, Sergio Ziliotto, comparti\u00f3 con unos 2.000 trabajadores de comercio de General Pico la celebraci\u00f3n del 1\u00b0de mayo. El legislador dijo que no&hellip;<\/p>\n","protected":false},"author":3,"featured_media":47292,"comment_status":"closed","ping_status":"open","sticky":false,"template":"","format":"standard","meta":{"_acf_changed":false,"footnotes":""},"categories":[11,5],"tags":[],"class_list":["post-47290","post","type-post","status-publish","format-standard","has-post-thumbnail","hentry","category-que-pasa","category-economia"],"acf":[],"yoast_head":"<!-- This site is optimized with the Yoast SEO plugin v27.5 - https:\/\/yoast.com\/product\/yoast-seo-wordpress\/ -->\n<title>Ziliotto dijo que no hay posibilidades de que Cambiemos pueda aprobar leyes de flexibilizaci\u00f3n laboral - Diario Textual<\/title>\n<meta name=\"robots\" content=\"index, follow, max-snippet:-1, max-image-preview:large, max-video-preview:-1\" \/>\n<link rel=\"canonical\" href=\"https:\/\/diariotextual.com\/inicio\/index.php\/2019\/05\/01\/ziliotto-dijo-no-posibilidades-cambiemos-pueda-aprobar-leyes-flexibilizacion-laboral\/\" \/>\n<meta property=\"og:locale\" content=\"es_ES\" \/>\n<meta property=\"og:type\" content=\"article\" \/>\n<meta property=\"og:title\" content=\"Ziliotto dijo que no hay posibilidades de que Cambiemos pueda aprobar leyes de flexibilizaci\u00f3n laboral - Diario Textual\" \/>\n<meta property=\"og:description\" content=\"El candidato a gobernador del Frente Justicialista Pampeano, Sergio Ziliotto, comparti\u00f3 con unos 2.000 trabajadores de comercio de General Pico la celebraci\u00f3n del 1\u00b0de mayo. El legislador dijo que no&hellip;\" \/>\n<meta property=\"og:url\" content=\"https:\/\/diariotextual.com\/inicio\/index.php\/2019\/05\/01\/ziliotto-dijo-no-posibilidades-cambiemos-pueda-aprobar-leyes-flexibilizacion-laboral\/\" \/>\n<meta property=\"og:site_name\" content=\"Diario Textual\" \/>\n<meta property=\"article:publisher\" content=\"https:\/\/www.facebook.com\/eltextual\" \/>\n<meta property=\"article:published_time\" content=\"2019-05-01T21:33:25+00:00\" \/>\n<meta property=\"article:modified_time\" content=\"2019-05-02T13:11:56+00:00\" \/>\n<meta property=\"og:image\" content=\"https:\/\/diariotextual.com\/inicio\/wp-content\/uploads\/2019\/05\/ziliottodiadeltrabajador2019-1.jpg\" \/>\n\t<meta property=\"og:image:width\" content=\"1280\" \/>\n\t<meta property=\"og:image:height\" content=\"853\" \/>\n\t<meta property=\"og:image:type\" content=\"image\/jpeg\" \/>\n<meta name=\"author\" content=\"Diario1 Diario1\" \/>\n<meta name=\"twitter:card\" content=\"summary_large_image\" \/>\n<meta name=\"twitter:creator\" content=\"@eltextual\" \/>\n<meta name=\"twitter:site\" content=\"@eltextual\" \/>\n<meta name=\"twitter:label1\" content=\"Escrito por\" \/>\n\t<meta name=\"twitter:data1\" content=\"Diario1 Diario1\" \/>\n\t<meta name=\"twitter:label2\" content=\"Tiempo de lectura\" \/>\n\t<meta name=\"twitter:data2\" content=\"2 minutos\" \/>\n<script type=\"application\/ld+json\" class=\"yoast-schema-graph\">{\"@context\":\"https:\\\/\\\/schema.org\",\"@graph\":[{\"@type\":\"Article\",\"@id\":\"https:\\\/\\\/diariotextual.com\\\/inicio\\\/index.php\\\/2019\\\/05\\\/01\\\/ziliotto-dijo-no-posibilidades-cambiemos-pueda-aprobar-leyes-flexibilizacion-laboral\\\/#article\",\"isPartOf\":{\"@id\":\"https:\\\/\\\/diariotextual.com\\\/inicio\\\/index.php\\\/2019\\\/05\\\/01\\\/ziliotto-dijo-no-posibilidades-cambiemos-pueda-aprobar-leyes-flexibilizacion-laboral\\\/\"},\"author\":{\"name\":\"Diario1 Diario1\",\"@id\":\"https:\\\/\\\/diariotextual.com\\\/inicio\\\/#\\\/schema\\\/person\\\/418fc4093c33e86ed41562db3508f958\"},\"headline\":\"Ziliotto dijo que no hay posibilidades de que Cambiemos pueda aprobar leyes de flexibilizaci\u00f3n laboral\",\"datePublished\":\"2019-05-01T21:33:25+00:00\",\"dateModified\":\"2019-05-02T13:11:56+00:00\",\"mainEntityOfPage\":{\"@id\":\"https:\\\/\\\/diariotextual.com\\\/inicio\\\/index.php\\\/2019\\\/05\\\/01\\\/ziliotto-dijo-no-posibilidades-cambiemos-pueda-aprobar-leyes-flexibilizacion-laboral\\\/\"},\"wordCount\":406,\"publisher\":{\"@id\":\"https:\\\/\\\/diariotextual.com\\\/inicio\\\/#organization\"},\"image\":{\"@id\":\"https:\\\/\\\/diariotextual.com\\\/inicio\\\/index.php\\\/2019\\\/05\\\/01\\\/ziliotto-dijo-no-posibilidades-cambiemos-pueda-aprobar-leyes-flexibilizacion-laboral\\\/#primaryimage\"},\"thumbnailUrl\":\"https:\\\/\\\/diariotextual.com\\\/inicio\\\/wp-content\\\/uploads\\\/2019\\\/05\\\/ziliottodiadeltrabajador2019-1.jpg\",\"articleSection\":[\"A - QUE PASA (al costado)\",\"ECONOMIA\"],\"inLanguage\":\"es\"},{\"@type\":\"WebPage\",\"@id\":\"https:\\\/\\\/diariotextual.com\\\/inicio\\\/index.php\\\/2019\\\/05\\\/01\\\/ziliotto-dijo-no-posibilidades-cambiemos-pueda-aprobar-leyes-flexibilizacion-laboral\\\/\",\"url\":\"https:\\\/\\\/diariotextual.com\\\/inicio\\\/index.php\\\/2019\\\/05\\\/01\\\/ziliotto-dijo-no-posibilidades-cambiemos-pueda-aprobar-leyes-flexibilizacion-laboral\\\/\",\"name\":\"Ziliotto dijo que no hay posibilidades de que Cambiemos pueda aprobar leyes de flexibilizaci\u00f3n laboral - Diario Textual\",\"isPartOf\":{\"@id\":\"https:\\\/\\\/diariotextual.com\\\/inicio\\\/#website\"},\"primaryImageOfPage\":{\"@id\":\"https:\\\/\\\/diariotextual.com\\\/inicio\\\/index.php\\\/2019\\\/05\\\/01\\\/ziliotto-dijo-no-posibilidades-cambiemos-pueda-aprobar-leyes-flexibilizacion-laboral\\\/#primaryimage\"},\"image\":{\"@id\":\"https:\\\/\\\/diariotextual.com\\\/inicio\\\/index.php\\\/2019\\\/05\\\/01\\\/ziliotto-dijo-no-posibilidades-cambiemos-pueda-aprobar-leyes-flexibilizacion-laboral\\\/#primaryimage\"},\"thumbnailUrl\":\"https:\\\/\\\/diariotextual.com\\\/inicio\\\/wp-content\\\/uploads\\\/2019\\\/05\\\/ziliottodiadeltrabajador2019-1.jpg\",\"datePublished\":\"2019-05-01T21:33:25+00:00\",\"dateModified\":\"2019-05-02T13:11:56+00:00\",\"breadcrumb\":{\"@id\":\"https:\\\/\\\/diariotextual.com\\\/inicio\\\/index.php\\\/2019\\\/05\\\/01\\\/ziliotto-dijo-no-posibilidades-cambiemos-pueda-aprobar-leyes-flexibilizacion-laboral\\\/#breadcrumb\"},\"inLanguage\":\"es\",\"potentialAction\":[{\"@type\":\"ReadAction\",\"target\":[\"https:\\\/\\\/diariotextual.com\\\/inicio\\\/index.php\\\/2019\\\/05\\\/01\\\/ziliotto-dijo-no-posibilidades-cambiemos-pueda-aprobar-leyes-flexibilizacion-laboral\\\/\"]}]},{\"@type\":\"ImageObject\",\"inLanguage\":\"es\",\"@id\":\"https:\\\/\\\/diariotextual.com\\\/inicio\\\/index.php\\\/2019\\\/05\\\/01\\\/ziliotto-dijo-no-posibilidades-cambiemos-pueda-aprobar-leyes-flexibilizacion-laboral\\\/#primaryimage\",\"url\":\"https:\\\/\\\/diariotextual.com\\\/inicio\\\/wp-content\\\/uploads\\\/2019\\\/05\\\/ziliottodiadeltrabajador2019-1.jpg\",\"contentUrl\":\"https:\\\/\\\/diariotextual.com\\\/inicio\\\/wp-content\\\/uploads\\\/2019\\\/05\\\/ziliottodiadeltrabajador2019-1.jpg\",\"width\":1280,\"height\":853},{\"@type\":\"BreadcrumbList\",\"@id\":\"https:\\\/\\\/diariotextual.com\\\/inicio\\\/index.php\\\/2019\\\/05\\\/01\\\/ziliotto-dijo-no-posibilidades-cambiemos-pueda-aprobar-leyes-flexibilizacion-laboral\\\/#breadcrumb\",\"itemListElement\":[{\"@type\":\"ListItem\",\"position\":1,\"name\":\"Portada\",\"item\":\"https:\\\/\\\/diariotextual.com\\\/inicio\\\/\"},{\"@type\":\"ListItem\",\"position\":2,\"name\":\"Ziliotto dijo que no hay posibilidades de que Cambiemos pueda aprobar leyes de flexibilizaci\u00f3n laboral\"}]},{\"@type\":\"WebSite\",\"@id\":\"https:\\\/\\\/diariotextual.com\\\/inicio\\\/#website\",\"url\":\"https:\\\/\\\/diariotextual.com\\\/inicio\\\/\",\"name\":\"Diario Textual\",\"description\":\"\",\"publisher\":{\"@id\":\"https:\\\/\\\/diariotextual.com\\\/inicio\\\/#organization\"},\"potentialAction\":[{\"@type\":\"SearchAction\",\"target\":{\"@type\":\"EntryPoint\",\"urlTemplate\":\"https:\\\/\\\/diariotextual.com\\\/inicio\\\/?s={search_term_string}\"},\"query-input\":{\"@type\":\"PropertyValueSpecification\",\"valueRequired\":true,\"valueName\":\"search_term_string\"}}],\"inLanguage\":\"es\"},{\"@type\":\"Organization\",\"@id\":\"https:\\\/\\\/diariotextual.com\\\/inicio\\\/#organization\",\"name\":\"Diario Textual\",\"url\":\"https:\\\/\\\/diariotextual.com\\\/inicio\\\/\",\"logo\":{\"@type\":\"ImageObject\",\"inLanguage\":\"es\",\"@id\":\"https:\\\/\\\/diariotextual.com\\\/inicio\\\/#\\\/schema\\\/logo\\\/image\\\/\",\"url\":\"https:\\\/\\\/diariotextual.com\\\/inicio\\\/wp-content\\\/uploads\\\/2023\\\/05\\\/logotextual1.jpg\",\"contentUrl\":\"https:\\\/\\\/diariotextual.com\\\/inicio\\\/wp-content\\\/uploads\\\/2023\\\/05\\\/logotextual1.jpg\",\"width\":516,\"height\":76,\"caption\":\"Diario Textual\"},\"image\":{\"@id\":\"https:\\\/\\\/diariotextual.com\\\/inicio\\\/#\\\/schema\\\/logo\\\/image\\\/\"},\"sameAs\":[\"https:\\\/\\\/www.facebook.com\\\/eltextual\",\"https:\\\/\\\/x.com\\\/eltextual\",\"http:\\\/\\\/www.instagram.com\\\/eltextual\"]},{\"@type\":\"Person\",\"@id\":\"https:\\\/\\\/diariotextual.com\\\/inicio\\\/#\\\/schema\\\/person\\\/418fc4093c33e86ed41562db3508f958\",\"name\":\"Diario1 Diario1\",\"image\":{\"@type\":\"ImageObject\",\"inLanguage\":\"es\",\"@id\":\"https:\\\/\\\/secure.gravatar.com\\\/avatar\\\/9167d280179c85bc18be67aa7eda765854300033af4896dd779b608640f2ef7a?s=96&d=mm&r=g\",\"url\":\"https:\\\/\\\/secure.gravatar.com\\\/avatar\\\/9167d280179c85bc18be67aa7eda765854300033af4896dd779b608640f2ef7a?s=96&d=mm&r=g\",\"contentUrl\":\"https:\\\/\\\/secure.gravatar.com\\\/avatar\\\/9167d280179c85bc18be67aa7eda765854300033af4896dd779b608640f2ef7a?s=96&d=mm&r=g\",\"caption\":\"Diario1 Diario1\"},\"url\":\"https:\\\/\\\/diariotextual.com\\\/inicio\\\/index.php\\\/author\\\/diario1\\\/\"}]}<\/script>\n<!-- \/ Yoast SEO plugin. -->","yoast_head_json":{"title":"Ziliotto dijo que no hay posibilidades de que Cambiemos pueda aprobar leyes de flexibilizaci\u00f3n laboral - Diario Textual","robots":{"index":"index","follow":"follow","max-snippet":"max-snippet:-1","max-image-preview":"max-image-preview:large","max-video-preview":"max-video-preview:-1"},"canonical":"https:\/\/diariotextual.com\/inicio\/index.php\/2019\/05\/01\/ziliotto-dijo-no-posibilidades-cambiemos-pueda-aprobar-leyes-flexibilizacion-laboral\/","og_locale":"es_ES","og_type":"article","og_title":"Ziliotto dijo que no hay posibilidades de que Cambiemos pueda aprobar leyes de flexibilizaci\u00f3n laboral - Diario Textual","og_description":"El candidato a gobernador del Frente Justicialista Pampeano, Sergio Ziliotto, comparti\u00f3 con unos 2.000 trabajadores de comercio de General Pico la celebraci\u00f3n del 1\u00b0de mayo. El legislador dijo que no&hellip;","og_url":"https:\/\/diariotextual.com\/inicio\/index.php\/2019\/05\/01\/ziliotto-dijo-no-posibilidades-cambiemos-pueda-aprobar-leyes-flexibilizacion-laboral\/","og_site_name":"Diario Textual","article_publisher":"https:\/\/www.facebook.com\/eltextual","article_published_time":"2019-05-01T21:33:25+00:00","article_modified_time":"2019-05-02T13:11:56+00:00","og_image":[{"width":1280,"height":853,"url":"https:\/\/diariotextual.com\/inicio\/wp-content\/uploads\/2019\/05\/ziliottodiadeltrabajador2019-1.jpg","type":"image\/jpeg"}],"author":"Diario1 Diario1","twitter_card":"summary_large_image","twitter_creator":"@eltextual","twitter_site":"@eltextual","twitter_misc":{"Escrito por":"Diario1 Diario1","Tiempo de lectura":"2 minutos"},"schema":{"@context":"https:\/\/schema.org","@graph":[{"@type":"Article","@id":"https:\/\/diariotextual.com\/inicio\/index.php\/2019\/05\/01\/ziliotto-dijo-no-posibilidades-cambiemos-pueda-aprobar-leyes-flexibilizacion-laboral\/#article","isPartOf":{"@id":"https:\/\/diariotextual.com\/inicio\/index.php\/2019\/05\/01\/ziliotto-dijo-no-posibilidades-cambiemos-pueda-aprobar-leyes-flexibilizacion-laboral\/"},"author":{"name":"Diario1 Diario1","@id":"https:\/\/diariotextual.com\/inicio\/#\/schema\/person\/418fc4093c33e86ed41562db3508f958"},"headline":"Ziliotto dijo que no hay posibilidades de que Cambiemos pueda aprobar leyes de flexibilizaci\u00f3n laboral","datePublished":"2019-05-01T21:33:25+00:00","dateModified":"2019-05-02T13:11:56+00:00","mainEntityOfPage":{"@id":"https:\/\/diariotextual.com\/inicio\/index.php\/2019\/05\/01\/ziliotto-dijo-no-posibilidades-cambiemos-pueda-aprobar-leyes-flexibilizacion-laboral\/"},"wordCount":406,"publisher":{"@id":"https:\/\/diariotextual.com\/inicio\/#organization"},"image":{"@id":"https:\/\/diariotextual.com\/inicio\/index.php\/2019\/05\/01\/ziliotto-dijo-no-posibilidades-cambiemos-pueda-aprobar-leyes-flexibilizacion-laboral\/#primaryimage"},"thumbnailUrl":"https:\/\/diariotextual.com\/inicio\/wp-content\/uploads\/2019\/05\/ziliottodiadeltrabajador2019-1.jpg","articleSection":["A - QUE PASA (al costado)","ECONOMIA"],"inLanguage":"es"},{"@type":"WebPage","@id":"https:\/\/diariotextual.com\/inicio\/index.php\/2019\/05\/01\/ziliotto-dijo-no-posibilidades-cambiemos-pueda-aprobar-leyes-flexibilizacion-laboral\/","url":"https:\/\/diariotextual.com\/inicio\/index.php\/2019\/05\/01\/ziliotto-dijo-no-posibilidades-cambiemos-pueda-aprobar-leyes-flexibilizacion-laboral\/","name":"Ziliotto dijo que no hay posibilidades de que Cambiemos pueda aprobar leyes de flexibilizaci\u00f3n laboral - Diario Textual","isPartOf":{"@id":"https:\/\/diariotextual.com\/inicio\/#website"},"primaryImageOfPage":{"@id":"https:\/\/diariotextual.com\/inicio\/index.php\/2019\/05\/01\/ziliotto-dijo-no-posibilidades-cambiemos-pueda-aprobar-leyes-flexibilizacion-laboral\/#primaryimage"},"image":{"@id":"https:\/\/diariotextual.com\/inicio\/index.php\/2019\/05\/01\/ziliotto-dijo-no-posibilidades-cambiemos-pueda-aprobar-leyes-flexibilizacion-laboral\/#primaryimage"},"thumbnailUrl":"https:\/\/diariotextual.com\/inicio\/wp-content\/uploads\/2019\/05\/ziliottodiadeltrabajador2019-1.jpg","datePublished":"2019-05-01T21:33:25+00:00","dateModified":"2019-05-02T13:11:56+00:00","breadcrumb":{"@id":"https:\/\/diariotextual.com\/inicio\/index.php\/2019\/05\/01\/ziliotto-dijo-no-posibilidades-cambiemos-pueda-aprobar-leyes-flexibilizacion-laboral\/#breadcrumb"},"inLanguage":"es","potentialAction":[{"@type":"ReadAction","target":["https:\/\/diariotextual.com\/inicio\/index.php\/2019\/05\/01\/ziliotto-dijo-no-posibilidades-cambiemos-pueda-aprobar-leyes-flexibilizacion-laboral\/"]}]},{"@type":"ImageObject","inLanguage":"es","@id":"https:\/\/diariotextual.com\/inicio\/index.php\/2019\/05\/01\/ziliotto-dijo-no-posibilidades-cambiemos-pueda-aprobar-leyes-flexibilizacion-laboral\/#primaryimage","url":"https:\/\/diariotextual.com\/inicio\/wp-content\/uploads\/2019\/05\/ziliottodiadeltrabajador2019-1.jpg","contentUrl":"https:\/\/diariotextual.com\/inicio\/wp-content\/uploads\/2019\/05\/ziliottodiadeltrabajador2019-1.jpg","width":1280,"height":853},{"@type":"BreadcrumbList","@id":"https:\/\/diariotextual.com\/inicio\/index.php\/2019\/05\/01\/ziliotto-dijo-no-posibilidades-cambiemos-pueda-aprobar-leyes-flexibilizacion-laboral\/#breadcrumb","itemListElement":[{"@type":"ListItem","position":1,"name":"Portada","item":"https:\/\/diariotextual.com\/inicio\/"},{"@type":"ListItem","position":2,"name":"Ziliotto dijo que no hay posibilidades de que Cambiemos pueda aprobar leyes de flexibilizaci\u00f3n laboral"}]},{"@type":"WebSite","@id":"https:\/\/diariotextual.com\/inicio\/#website","url":"https:\/\/diariotextual.com\/inicio\/","name":"Diario Textual","description":"","publisher":{"@id":"https:\/\/diariotextual.com\/inicio\/#organization"},"potentialAction":[{"@type":"SearchAction","target":{"@type":"EntryPoint","urlTemplate":"https:\/\/diariotextual.com\/inicio\/?s={search_term_string}"},"query-input":{"@type":"PropertyValueSpecification","valueRequired":true,"valueName":"search_term_string"}}],"inLanguage":"es"},{"@type":"Organization","@id":"https:\/\/diariotextual.com\/inicio\/#organization","name":"Diario Textual","url":"https:\/\/diariotextual.com\/inicio\/","logo":{"@type":"ImageObject","inLanguage":"es","@id":"https:\/\/diariotextual.com\/inicio\/#\/schema\/logo\/image\/","url":"https:\/\/diariotextual.com\/inicio\/wp-content\/uploads\/2023\/05\/logotextual1.jpg","contentUrl":"https:\/\/diariotextual.com\/inicio\/wp-content\/uploads\/2023\/05\/logotextual1.jpg","width":516,"height":76,"caption":"Diario Textual"},"image":{"@id":"https:\/\/diariotextual.com\/inicio\/#\/schema\/logo\/image\/"},"sameAs":["https:\/\/www.facebook.com\/eltextual","https:\/\/x.com\/eltextual","http:\/\/www.instagram.com\/eltextual"]},{"@type":"Person","@id":"https:\/\/diariotextual.com\/inicio\/#\/schema\/person\/418fc4093c33e86ed41562db3508f958","name":"Diario1 Diario1","image":{"@type":"ImageObject","inLanguage":"es","@id":"https:\/\/secure.gravatar.com\/avatar\/9167d280179c85bc18be67aa7eda765854300033af4896dd779b608640f2ef7a?s=96&d=mm&r=g","url":"https:\/\/secure.gravatar.com\/avatar\/9167d280179c85bc18be67aa7eda765854300033af4896dd779b608640f2ef7a?s=96&d=mm&r=g","contentUrl":"https:\/\/secure.gravatar.com\/avatar\/9167d280179c85bc18be67aa7eda765854300033af4896dd779b608640f2ef7a?s=96&d=mm&r=g","caption":"Diario1 Diario1"},"url":"https:\/\/diariotextual.com\/inicio\/index.php\/author\/diario1\/"}]}},"_links":{"self":[{"href":"https:\/\/diariotextual.com\/inicio\/index.php\/wp-json\/wp\/v2\/posts\/47290","targetHints":{"allow":["GET"]}}],"collection":[{"href":"https:\/\/diariotextual.com\/inicio\/index.php\/wp-json\/wp\/v2\/posts"}],"about":[{"href":"https:\/\/diariotextual.com\/inicio\/index.php\/wp-json\/wp\/v2\/types\/post"}],"author":[{"embeddable":true,"href":"https:\/\/diariotextual.com\/inicio\/index.php\/wp-json\/wp\/v2\/users\/3"}],"replies":[{"embeddable":true,"href":"https:\/\/diariotextual.com\/inicio\/index.php\/wp-json\/wp\/v2\/comments?post=47290"}],"version-history":[{"count":1,"href":"https:\/\/diariotextual.com\/inicio\/index.php\/wp-json\/wp\/v2\/posts\/47290\/revisions"}],"predecessor-version":[{"id":47291,"href":"https:\/\/diariotextual.com\/inicio\/index.php\/wp-json\/wp\/v2\/posts\/47290\/revisions\/47291"}],"wp:featuredmedia":[{"embeddable":true,"href":"https:\/\/diariotextual.com\/inicio\/index.php\/wp-json\/wp\/v2\/media\/47292"}],"wp:attachment":[{"href":"https:\/\/diariotextual.com\/inicio\/index.php\/wp-json\/wp\/v2\/media?parent=47290"}],"wp:term":[{"taxonomy":"category","embeddable":true,"href":"https:\/\/diariotextual.com\/inicio\/index.php\/wp-json\/wp\/v2\/categories?post=47290"},{"taxonomy":"post_tag","embeddable":true,"href":"https:\/\/diariotextual.com\/inicio\/index.php\/wp-json\/wp\/v2\/tags?post=47290"}],"curies":[{"name":"wp","href":"https:\/\/api.w.org\/{rel}","templated":true}]}}