{"id":47535,"date":"2019-05-03T12:00:45","date_gmt":"2019-05-03T15:00:45","guid":{"rendered":"http:\/\/diariotextual.com\/inicio\/?p=47535"},"modified":"2019-05-04T11:08:29","modified_gmt":"2019-05-04T14:08:29","slug":"se-inauguro-la-expopymes-2019","status":"publish","type":"post","link":"https:\/\/diariotextual.com\/inicio\/index.php\/2019\/05\/03\/se-inauguro-la-expopymes-2019\/","title":{"rendered":"Se inaugur\u00f3 la Expo Pymes 2019"},"content":{"rendered":"<p>Con la participaci\u00f3n de m\u00e1s de 300 expositores, se llev\u00f3 a cabo este viernes el acto de inauguraci\u00f3n de la Expo Pymes 2019, que se desarrollar\u00e1 durante todo el fin de semana en el predio del Aut\u00f3dromo Provincia de La Pampa (Toay).<\/p>\n<p>Esta edici\u00f3n cuenta con el apoyo y colaboraci\u00f3n del Consejo Federal de Inversiones (CFI), el Banco de La Pampa y la Uni\u00f3n Industrial de La Pampa (UNILPA).<\/p>\n<p><img fetchpriority=\"high\" decoding=\"async\" class=\"alignnone wp-image-47555\" src=\"http:\/\/diariotextual.com\/inicio\/wp-content\/uploads\/2019\/05\/fernandezaperturaexpopymes20195.jpg\" alt=\"\" width=\"589\" height=\"393\" srcset=\"https:\/\/diariotextual.com\/inicio\/wp-content\/uploads\/2019\/05\/fernandezaperturaexpopymes20195.jpg 802w, https:\/\/diariotextual.com\/inicio\/wp-content\/uploads\/2019\/05\/fernandezaperturaexpopymes20195-300x200.jpg 300w, https:\/\/diariotextual.com\/inicio\/wp-content\/uploads\/2019\/05\/fernandezaperturaexpopymes20195-768x512.jpg 768w, https:\/\/diariotextual.com\/inicio\/wp-content\/uploads\/2019\/05\/fernandezaperturaexpopymes20195-585x390.jpg 585w, https:\/\/diariotextual.com\/inicio\/wp-content\/uploads\/2019\/05\/fernandezaperturaexpopymes20195-263x175.jpg 263w\" sizes=\"(max-width: 589px) 100vw, 589px\" \/><\/p>\n<p>Ante una gran presencia de autoridades provinciales, del CFI, empresarios, agregados comerciales de otros pa\u00edses, emprendedores y productores, el vicegobernador de la Provincia, Mariano Fern\u00e1ndez, dio la bienvenida y manifest\u00f3 la importancia del \u00abapoyo\u00bb a las peque\u00f1as y medianas empresas.<\/p>\n<p>\u00abPara quienes tenemos la concepci\u00f3n de que el capital, el trabajo y un Estado presente, son herramientas esenciales para el desarrollo de la Argentina y de la Provincia de La Pampa, esta es una muestra clara y contundente de que se apoya a los peque\u00f1os y medianos productores\u201d, expres\u00f3.<\/p>\n<p>Y destac\u00f3: \u00abCon ello salimos ganando todos, los industriales, los emprendedores y la Provincia a trav\u00e9s de la generaci\u00f3n de empleo y de la recaudaci\u00f3n, lo cual es volcado a pol\u00edticas de Estado, de educaci\u00f3n, salud, seguridad, salarios\u201d.<\/p>\n<p>En este sentido sostuvo que el \u201cEstado provincial a lo largo de los a\u00f1os ha tratado de consolidar esta simbiosis entre empresarios, emprendedores, trabajadores y Estado\u201d.<\/p>\n<p>A trav\u00e9s de estas acciones dijo que viene \u00aba ratificar\u00bb desde esta gesti\u00f3n del gobernador Verna, \u00abel hecho de poder darle las herramientas necesarias a los empresarios para que nos crean y de hecho es as\u00ed\u00a0porque esta Expo PyMEs es un \u00e9xito. El Estado est\u00e1\u00a0presente dando las herramientas b\u00e1sicas para una seguridad jur\u00eddica y econ\u00f3mica\u201d.<\/p>\n<p>\u201cEsta Provincia -continu\u00f3- mas all\u00e1 de las asignaturas pendientes trabaja de alguna manera en oposici\u00f3n a las distintas pol\u00edticas del gobierno nacional, tratando de generar empleo, abrir industrias y abrirnos al mundo\u201d.<\/p>\n<p>Destac\u00f3 que <strong>hay empresas que ya han cambiado la matriz agr\u00edcola ganadera de la Provincia.<\/strong>\u00a0\u201cHay empresas del rubro del petr\u00f3leo, de las comunicaciones, vitivin\u00edcolas, de la energ\u00eda\u201d, enumer\u00f3.<\/p>\n<p>En cuanto a la apertura hacia otros mercados y sobre todo de otras provincias, el\u00a0vicegobernador remarc\u00f3 que desde el Gobierno se solicit\u00f3 que se abra la barrera sanitaria \u201cque no tiene ning\u00fan sustento, s\u00f3lo comercial, por los cual seguiremos bregando desde la Provincia\u00a0para darle bienestar y garant\u00edas jur\u00eddicas y comerciales a nuestros emprendedores y productores\u201d.<\/p>\n<p><strong><img decoding=\"async\" class=\"alignnone wp-image-47540\" src=\"http:\/\/diariotextual.com\/inicio\/wp-content\/uploads\/2019\/05\/moralejoexpopymes2019-23.jpg\" alt=\"\" width=\"583\" height=\"328\" srcset=\"https:\/\/diariotextual.com\/inicio\/wp-content\/uploads\/2019\/05\/moralejoexpopymes2019-23.jpg 808w, https:\/\/diariotextual.com\/inicio\/wp-content\/uploads\/2019\/05\/moralejoexpopymes2019-23-300x169.jpg 300w, https:\/\/diariotextual.com\/inicio\/wp-content\/uploads\/2019\/05\/moralejoexpopymes2019-23-768x432.jpg 768w, https:\/\/diariotextual.com\/inicio\/wp-content\/uploads\/2019\/05\/moralejoexpopymes2019-23-585x329.jpg 585w\" sizes=\"(max-width: 583px) 100vw, 583px\" \/><\/strong><\/p>\n<p><strong>Moralejo<\/strong><\/p>\n<p>El ministro Ricardo Moralejo a su turno, dej\u00f3 el saludo del Gobernador, quien seg\u00fan manifest\u00f3 \u201cfue el ide\u00f3logo de esta muestra que hoy est\u00e1 haciendo historia dentro de la Provincia\u201d .<\/p>\n<p>Y record\u00f3 que en el a\u00f1o 2007 se comenz\u00f3 con la idea de poder visibilizar y dar a conocer las empresas pampeanas, \u00abpara poder complementarse, poder enfrentar y dar desaf\u00edos a diferentes mercados, para poder adaptar sus procesos productivos a las exigencias de la demanda de mercados locales, nacionales, e internacionales\u201d.<\/p>\n<p>Y ante ello sostuvo: \u201choy es tradicional y es una muestra que nos identifica como pampeanos, la\u00a0m\u00e1s importante del centro del pa\u00eds, donde una provincia muestra sus actividades industriales, de comercio, de servicio, al pa\u00eds y al mundo\u201d.<\/p>\n<p>El ministro agradeci\u00f3 a los agregados comerciales de los diferentes pa\u00edses que vinieron a La Pampa para conocer la\u00a0 producci\u00f3n. \u00abY para ver las oportunidades que est\u00e1 ofreciendo desde el punto de vista de intercambios comerciales\u201d,\u00a0y aclar\u00f3 que \u201ca nosostros nos sirve para aprender respecto a las exigencias y demanda de otros pa\u00edses\u201d .<\/p>\n<p>En otro p\u00e1rrafo Moralejo\u00a0record\u00f3 que en el a\u00f1o 2007 con los representantes de Emiratos \u00c1rabes ve\u00edan la posibilidad de exportar fardos de alfalfa a Dubai. \u00ab<strong>Y\u00a0hoy -precis\u00f3- les digo que en este momento est\u00e1n desembarcando 50 contenedores de alfalfa en dicho pa\u00eds<\/strong>. Es una concreci\u00f3n de todo lo realizado, son resultados concretos\u00a0que hacen que sigamos apostando a que nuestra PyME\u00a0se consolide en el mercado local, nacional e internacional, lo cual es factible y es posible, aunque lleva su tiempo\u201d.<\/p>\n<p>Rescat\u00f3 que todo ello se hace con la colaboraci\u00f3n de otros organismos, por ello agradeci\u00f3 al CFI. \u201cDesde donde siempre nos impulsaron para que esta exposici\u00f3n sea posible, al BLP, a UNILPA, a las instituciones intermedias, \u201ctodos quienes hacen que esta muestra sea un orgullo de todos los pampeanos\u201d.<\/p>\n<p>Tambi\u00e9n expres\u00f3 que \u201ctodo ello hace que nos de fortaleza para desafiar un futuro complejo\u201d. Desde el punto de vista econ\u00f3mico y apuntando al gobierno Nacional se\u00f1al\u00f3\u00a0que, \u201csabemos que hubo un equipo que por malos diagn\u00f3sticos o por mala praxis, nos ha llevado a una situaci\u00f3n econ\u00f3mica que es dif\u00edcil para todos los argentinos, para la sociedad, para las empresas. Pero eso no tiene que dejar que cada uno de nosotros siga mirando el futuro, porque todo cambia\u00a0y esto tambi\u00e9n. Y en las nuevas posibilidades a generar, debemos estar preparados para poder llegar a los mercados que nos est\u00e1n esperando\u201d.<\/p>\n<p>Consider\u00f3 tambi\u00e9n que \u201cLa Pampa es una provincia limpia, productora de alimentos\u00a0y ese posicionamiento lo tenemos que tener. Es una Pampa capacitada con sus j\u00f3venes para poder generar tecnolog\u00eda y poder exportarla, es una Pampa que tiene todo por hacer y tiene un empresariado con coraje para enfrentar todas las situaciones adversas que nos tocan\u201d.<\/p>\n<p>En otro sentido indic\u00f3 el titular del \u00e1rea de Producci\u00f3n que \u201cante una provincia mediterr\u00e1nea y de clima seco, debemos ser creativos todos los a\u00f1os para poder producir. Y\u00a0debemos ser eficientes para poder competir por la lejan\u00eda de los mercados y los puertos\u201d. En ese sentido hizo referencia al trabajo con UNILPA, \u201cen la detecci\u00f3n de los mercados y de las oportunidades productivas que tenemos, para poder llegar y poder desarrollarnos como tales. Es un desaf\u00edo que tenemos en el presente, pero tambi\u00e9n debemos construir las bases para generar un futuro de crecimiento, de trabajo y de bienestar para todos los pampeanos. Esto es posible donde una sociedad comprometida y un estado presente as\u00ed\u00a0lo hacen\u201d, concluy\u00f3 Moralejo .<\/p>\n<p><strong><img decoding=\"async\" class=\"alignnone  wp-image-47536\" src=\"http:\/\/diariotextual.com\/inicio\/wp-content\/uploads\/2019\/05\/expopymesinauguracion2019-431.jpg\" alt=\"\" width=\"561\" height=\"375\" srcset=\"https:\/\/diariotextual.com\/inicio\/wp-content\/uploads\/2019\/05\/expopymesinauguracion2019-431.jpg 803w, https:\/\/diariotextual.com\/inicio\/wp-content\/uploads\/2019\/05\/expopymesinauguracion2019-431-300x201.jpg 300w, https:\/\/diariotextual.com\/inicio\/wp-content\/uploads\/2019\/05\/expopymesinauguracion2019-431-768x514.jpg 768w, https:\/\/diariotextual.com\/inicio\/wp-content\/uploads\/2019\/05\/expopymesinauguracion2019-431-585x391.jpg 585w, https:\/\/diariotextual.com\/inicio\/wp-content\/uploads\/2019\/05\/expopymesinauguracion2019-431-263x175.jpg 263w\" sizes=\"(max-width: 561px) 100vw, 561px\" \/><\/strong><\/p>\n<p><strong>CFI<\/strong><\/p>\n<p>El director de Recursos Financieros del CFI, Ramiro Otero, mostr\u00f3 su satisfacci\u00f3n por \u201cpoder estar aqu\u00ed nuevamente en la inauguraci\u00f3n de la s\u00e9ptima edici\u00f3n de esta Expo PyMEs, que bianualmente se realiza desde el a\u00f1o 2007\u201d.<\/p>\n<p>Luego destac\u00f3 algunos n\u00fameros remarcando el crecimiento de la muestra, \u201cpasamos de tener 267 empresas a 325 en esta oportunidad. Y esto tambi\u00e9n fue aumentando en cantidad, calidad y dedicaci\u00f3n que le han puesto todos a esta muestra\u201d.<\/p>\n<p>En cuanto a los visitantes dijo que en 2007 recorrieron la misma 40 mil personas, mientras que en el 2015 llegaron a 100 mil, \u201cy esperamos que este a\u00f1o tambi\u00e9n nos acompa\u00f1en\u201d.<\/p>\n<p>Detall\u00f3 luego los rubros de las empresas expositoras: alimentos y bebidas, indumentaria textil y confecciones, metalmec\u00e1nica, madera y sus derivados, artesan\u00edas, agroindustria y productos qu\u00edmicos, tecnolog\u00eda y servicios, petr\u00f3leo y biocombustibles, materiales para la construcci\u00f3n y servicios tur\u00edsticos.<\/p>\n<p>Paralelamente a la muestra se producir\u00e1n otras actividades dirigidas a empresarios y expositores como capacitaciones, rondas de negocios nacionales e internacionales, la presencia de representantes de distintos pa\u00edses de Europa, Asia y Am\u00e9rica Latina. \u201cEn cuanto a las rondas de negocios ser\u00e1n hoy internacionales y nacionales el sabado\u201d.<\/p>\n<p>Tambi\u00e9n habr\u00e1 empresarios de otras regiones del pa\u00eds y agregados comerciales de Rumania, Emiratos \u00c1rabes Unidos, Egipto, Bolivia, Ecuador y China.<\/p>\n<p>Por otra parte se refiri\u00f3 a las herramientas que dispone el CFI para apoyar a los emprendedores del pa\u00eds, entre ellas: \u201cl\u00edneas de financiamiento a trav\u00e9s del BLP, con condiciones muy favorables para los empresarios. L\u00edneas para reactivaci\u00f3n productiva, para proyectos nuevos o en funcionamiento. Y otras l\u00edneas para la producci\u00f3n regional exportable. Y tambi\u00e9n las misiones comerciales al exterior\u201d.<\/p>\n<p>Finalmente Otero sostuvo que \u201cesta Expo ser\u00e1 un nuevo hito en la Provincia\u201d, por ello agradeci\u00f3 a las autoridades provinciales por confiar en el CFI para llevar adelante la misma.<\/p>\n<p><strong><img loading=\"lazy\" decoding=\"async\" class=\"alignnone  wp-image-47557\" src=\"http:\/\/diariotextual.com\/inicio\/wp-content\/uploads\/2019\/05\/expopymesinauguracion2.jpg\" alt=\"\" width=\"537\" height=\"352\" srcset=\"https:\/\/diariotextual.com\/inicio\/wp-content\/uploads\/2019\/05\/expopymesinauguracion2.jpg 802w, https:\/\/diariotextual.com\/inicio\/wp-content\/uploads\/2019\/05\/expopymesinauguracion2-300x197.jpg 300w, https:\/\/diariotextual.com\/inicio\/wp-content\/uploads\/2019\/05\/expopymesinauguracion2-768x504.jpg 768w, https:\/\/diariotextual.com\/inicio\/wp-content\/uploads\/2019\/05\/expopymesinauguracion2-585x384.jpg 585w\" sizes=\"(max-width: 537px) 100vw, 537px\" \/><\/strong><\/p>\n<p><strong>Autoridades<\/strong><\/p>\n<p>Estuvieron presentes adem\u00e1s de los expositores, los ministros de Desarrollo Territorial, Mart\u00edn Borthiry\u00a0y de Seguridad, Julio Gonz\u00e1lez; los senadores, Norma Durango y Sergio Zillioto; el diputado nacional, Ariel Rauschenberger; dem\u00e1s diputados provinciales; el presidente del Banco de La Pampa, Alexis Iviglia; el rector de la UNLPam, Oscar Alpa; el intendente de Toay, Ariel Rojas; representantes comerciales de otros pa\u00edses, representantes de empresas, industrias, productores, emprendedores y expositores.<\/p>\n<p>Dicho evento fue declarado de inter\u00e9s legislativo por el municipio de Toay.<\/p>\n","protected":false},"excerpt":{"rendered":"<p>Con la participaci\u00f3n de m\u00e1s de 300 expositores, se llev\u00f3 a cabo este viernes el acto de inauguraci\u00f3n de la Expo Pymes 2019, que se desarrollar\u00e1 durante todo el fin&hellip;<\/p>\n","protected":false},"author":4,"featured_media":47554,"comment_status":"closed","ping_status":"open","sticky":false,"template":"","format":"standard","meta":{"_acf_changed":false,"footnotes":""},"categories":[319,5],"tags":[],"class_list":["post-47535","post","type-post","status-publish","format-standard","has-post-thumbnail","hentry","category-a-temporales","category-economia"],"acf":[],"yoast_head":"<!-- This site is optimized with the Yoast SEO plugin v27.5 - https:\/\/yoast.com\/product\/yoast-seo-wordpress\/ -->\n<title>Se inaugur\u00f3 la Expo Pymes 2019 - Diario Textual<\/title>\n<meta name=\"robots\" content=\"index, follow, max-snippet:-1, max-image-preview:large, max-video-preview:-1\" \/>\n<link rel=\"canonical\" href=\"https:\/\/diariotextual.com\/inicio\/index.php\/2019\/05\/03\/se-inauguro-la-expopymes-2019\/\" \/>\n<meta property=\"og:locale\" content=\"es_ES\" \/>\n<meta property=\"og:type\" content=\"article\" \/>\n<meta property=\"og:title\" content=\"Se inaugur\u00f3 la Expo Pymes 2019 - Diario Textual\" \/>\n<meta property=\"og:description\" content=\"Con la participaci\u00f3n de m\u00e1s de 300 expositores, se llev\u00f3 a cabo este viernes el acto de inauguraci\u00f3n de la Expo Pymes 2019, que se desarrollar\u00e1 durante todo el fin&hellip;\" \/>\n<meta property=\"og:url\" content=\"https:\/\/diariotextual.com\/inicio\/index.php\/2019\/05\/03\/se-inauguro-la-expopymes-2019\/\" \/>\n<meta property=\"og:site_name\" content=\"Diario Textual\" \/>\n<meta property=\"article:publisher\" content=\"https:\/\/www.facebook.com\/eltextual\" \/>\n<meta property=\"article:published_time\" content=\"2019-05-03T15:00:45+00:00\" \/>\n<meta property=\"article:modified_time\" content=\"2019-05-04T14:08:29+00:00\" \/>\n<meta property=\"og:image\" content=\"https:\/\/diariotextual.com\/inicio\/wp-content\/uploads\/2019\/05\/moralejoexpopymesinauguracion23.jpg\" \/>\n\t<meta property=\"og:image:width\" content=\"802\" \/>\n\t<meta property=\"og:image:height\" content=\"475\" \/>\n\t<meta property=\"og:image:type\" content=\"image\/jpeg\" \/>\n<meta name=\"author\" content=\"diario2\" \/>\n<meta name=\"twitter:card\" content=\"summary_large_image\" \/>\n<meta name=\"twitter:creator\" content=\"@eltextual\" \/>\n<meta name=\"twitter:site\" content=\"@eltextual\" \/>\n<meta name=\"twitter:label1\" content=\"Escrito por\" \/>\n\t<meta name=\"twitter:data1\" content=\"diario2\" \/>\n\t<meta name=\"twitter:label2\" content=\"Tiempo de lectura\" \/>\n\t<meta name=\"twitter:data2\" content=\"7 minutos\" \/>\n<script type=\"application\/ld+json\" class=\"yoast-schema-graph\">{\"@context\":\"https:\\\/\\\/schema.org\",\"@graph\":[{\"@type\":\"Article\",\"@id\":\"https:\\\/\\\/diariotextual.com\\\/inicio\\\/index.php\\\/2019\\\/05\\\/03\\\/se-inauguro-la-expopymes-2019\\\/#article\",\"isPartOf\":{\"@id\":\"https:\\\/\\\/diariotextual.com\\\/inicio\\\/index.php\\\/2019\\\/05\\\/03\\\/se-inauguro-la-expopymes-2019\\\/\"},\"author\":{\"name\":\"diario2\",\"@id\":\"https:\\\/\\\/diariotextual.com\\\/inicio\\\/#\\\/schema\\\/person\\\/694f60677f23c4a530867a98f22b3768\"},\"headline\":\"Se inaugur\u00f3 la Expo Pymes 2019\",\"datePublished\":\"2019-05-03T15:00:45+00:00\",\"dateModified\":\"2019-05-04T14:08:29+00:00\",\"mainEntityOfPage\":{\"@id\":\"https:\\\/\\\/diariotextual.com\\\/inicio\\\/index.php\\\/2019\\\/05\\\/03\\\/se-inauguro-la-expopymes-2019\\\/\"},\"wordCount\":1469,\"publisher\":{\"@id\":\"https:\\\/\\\/diariotextual.com\\\/inicio\\\/#organization\"},\"image\":{\"@id\":\"https:\\\/\\\/diariotextual.com\\\/inicio\\\/index.php\\\/2019\\\/05\\\/03\\\/se-inauguro-la-expopymes-2019\\\/#primaryimage\"},\"thumbnailUrl\":\"https:\\\/\\\/diariotextual.com\\\/inicio\\\/wp-content\\\/uploads\\\/2019\\\/05\\\/moralejoexpopymesinauguracion23.jpg\",\"articleSection\":[\"A - TEMPORALES\",\"ECONOMIA\"],\"inLanguage\":\"es\"},{\"@type\":\"WebPage\",\"@id\":\"https:\\\/\\\/diariotextual.com\\\/inicio\\\/index.php\\\/2019\\\/05\\\/03\\\/se-inauguro-la-expopymes-2019\\\/\",\"url\":\"https:\\\/\\\/diariotextual.com\\\/inicio\\\/index.php\\\/2019\\\/05\\\/03\\\/se-inauguro-la-expopymes-2019\\\/\",\"name\":\"Se inaugur\u00f3 la Expo Pymes 2019 - Diario Textual\",\"isPartOf\":{\"@id\":\"https:\\\/\\\/diariotextual.com\\\/inicio\\\/#website\"},\"primaryImageOfPage\":{\"@id\":\"https:\\\/\\\/diariotextual.com\\\/inicio\\\/index.php\\\/2019\\\/05\\\/03\\\/se-inauguro-la-expopymes-2019\\\/#primaryimage\"},\"image\":{\"@id\":\"https:\\\/\\\/diariotextual.com\\\/inicio\\\/index.php\\\/2019\\\/05\\\/03\\\/se-inauguro-la-expopymes-2019\\\/#primaryimage\"},\"thumbnailUrl\":\"https:\\\/\\\/diariotextual.com\\\/inicio\\\/wp-content\\\/uploads\\\/2019\\\/05\\\/moralejoexpopymesinauguracion23.jpg\",\"datePublished\":\"2019-05-03T15:00:45+00:00\",\"dateModified\":\"2019-05-04T14:08:29+00:00\",\"breadcrumb\":{\"@id\":\"https:\\\/\\\/diariotextual.com\\\/inicio\\\/index.php\\\/2019\\\/05\\\/03\\\/se-inauguro-la-expopymes-2019\\\/#breadcrumb\"},\"inLanguage\":\"es\",\"potentialAction\":[{\"@type\":\"ReadAction\",\"target\":[\"https:\\\/\\\/diariotextual.com\\\/inicio\\\/index.php\\\/2019\\\/05\\\/03\\\/se-inauguro-la-expopymes-2019\\\/\"]}]},{\"@type\":\"ImageObject\",\"inLanguage\":\"es\",\"@id\":\"https:\\\/\\\/diariotextual.com\\\/inicio\\\/index.php\\\/2019\\\/05\\\/03\\\/se-inauguro-la-expopymes-2019\\\/#primaryimage\",\"url\":\"https:\\\/\\\/diariotextual.com\\\/inicio\\\/wp-content\\\/uploads\\\/2019\\\/05\\\/moralejoexpopymesinauguracion23.jpg\",\"contentUrl\":\"https:\\\/\\\/diariotextual.com\\\/inicio\\\/wp-content\\\/uploads\\\/2019\\\/05\\\/moralejoexpopymesinauguracion23.jpg\",\"width\":802,\"height\":475},{\"@type\":\"BreadcrumbList\",\"@id\":\"https:\\\/\\\/diariotextual.com\\\/inicio\\\/index.php\\\/2019\\\/05\\\/03\\\/se-inauguro-la-expopymes-2019\\\/#breadcrumb\",\"itemListElement\":[{\"@type\":\"ListItem\",\"position\":1,\"name\":\"Portada\",\"item\":\"https:\\\/\\\/diariotextual.com\\\/inicio\\\/\"},{\"@type\":\"ListItem\",\"position\":2,\"name\":\"Se inaugur\u00f3 la Expo Pymes 2019\"}]},{\"@type\":\"WebSite\",\"@id\":\"https:\\\/\\\/diariotextual.com\\\/inicio\\\/#website\",\"url\":\"https:\\\/\\\/diariotextual.com\\\/inicio\\\/\",\"name\":\"Diario Textual\",\"description\":\"\",\"publisher\":{\"@id\":\"https:\\\/\\\/diariotextual.com\\\/inicio\\\/#organization\"},\"potentialAction\":[{\"@type\":\"SearchAction\",\"target\":{\"@type\":\"EntryPoint\",\"urlTemplate\":\"https:\\\/\\\/diariotextual.com\\\/inicio\\\/?s={search_term_string}\"},\"query-input\":{\"@type\":\"PropertyValueSpecification\",\"valueRequired\":true,\"valueName\":\"search_term_string\"}}],\"inLanguage\":\"es\"},{\"@type\":\"Organization\",\"@id\":\"https:\\\/\\\/diariotextual.com\\\/inicio\\\/#organization\",\"name\":\"Diario Textual\",\"url\":\"https:\\\/\\\/diariotextual.com\\\/inicio\\\/\",\"logo\":{\"@type\":\"ImageObject\",\"inLanguage\":\"es\",\"@id\":\"https:\\\/\\\/diariotextual.com\\\/inicio\\\/#\\\/schema\\\/logo\\\/image\\\/\",\"url\":\"https:\\\/\\\/diariotextual.com\\\/inicio\\\/wp-content\\\/uploads\\\/2023\\\/05\\\/logotextual1.jpg\",\"contentUrl\":\"https:\\\/\\\/diariotextual.com\\\/inicio\\\/wp-content\\\/uploads\\\/2023\\\/05\\\/logotextual1.jpg\",\"width\":516,\"height\":76,\"caption\":\"Diario Textual\"},\"image\":{\"@id\":\"https:\\\/\\\/diariotextual.com\\\/inicio\\\/#\\\/schema\\\/logo\\\/image\\\/\"},\"sameAs\":[\"https:\\\/\\\/www.facebook.com\\\/eltextual\",\"https:\\\/\\\/x.com\\\/eltextual\",\"http:\\\/\\\/www.instagram.com\\\/eltextual\"]},{\"@type\":\"Person\",\"@id\":\"https:\\\/\\\/diariotextual.com\\\/inicio\\\/#\\\/schema\\\/person\\\/694f60677f23c4a530867a98f22b3768\",\"name\":\"diario2\",\"image\":{\"@type\":\"ImageObject\",\"inLanguage\":\"es\",\"@id\":\"https:\\\/\\\/secure.gravatar.com\\\/avatar\\\/5a2567495ba16b852fcd8f1ed006a2e24fcace936018ed8237e95f488ad6e0a7?s=96&d=mm&r=g\",\"url\":\"https:\\\/\\\/secure.gravatar.com\\\/avatar\\\/5a2567495ba16b852fcd8f1ed006a2e24fcace936018ed8237e95f488ad6e0a7?s=96&d=mm&r=g\",\"contentUrl\":\"https:\\\/\\\/secure.gravatar.com\\\/avatar\\\/5a2567495ba16b852fcd8f1ed006a2e24fcace936018ed8237e95f488ad6e0a7?s=96&d=mm&r=g\",\"caption\":\"diario2\"},\"url\":\"https:\\\/\\\/diariotextual.com\\\/inicio\\\/index.php\\\/author\\\/diario2\\\/\"}]}<\/script>\n<!-- \/ Yoast SEO plugin. -->","yoast_head_json":{"title":"Se inaugur\u00f3 la Expo Pymes 2019 - Diario Textual","robots":{"index":"index","follow":"follow","max-snippet":"max-snippet:-1","max-image-preview":"max-image-preview:large","max-video-preview":"max-video-preview:-1"},"canonical":"https:\/\/diariotextual.com\/inicio\/index.php\/2019\/05\/03\/se-inauguro-la-expopymes-2019\/","og_locale":"es_ES","og_type":"article","og_title":"Se inaugur\u00f3 la Expo Pymes 2019 - Diario Textual","og_description":"Con la participaci\u00f3n de m\u00e1s de 300 expositores, se llev\u00f3 a cabo este viernes el acto de inauguraci\u00f3n de la Expo Pymes 2019, que se desarrollar\u00e1 durante todo el fin&hellip;","og_url":"https:\/\/diariotextual.com\/inicio\/index.php\/2019\/05\/03\/se-inauguro-la-expopymes-2019\/","og_site_name":"Diario Textual","article_publisher":"https:\/\/www.facebook.com\/eltextual","article_published_time":"2019-05-03T15:00:45+00:00","article_modified_time":"2019-05-04T14:08:29+00:00","og_image":[{"width":802,"height":475,"url":"https:\/\/diariotextual.com\/inicio\/wp-content\/uploads\/2019\/05\/moralejoexpopymesinauguracion23.jpg","type":"image\/jpeg"}],"author":"diario2","twitter_card":"summary_large_image","twitter_creator":"@eltextual","twitter_site":"@eltextual","twitter_misc":{"Escrito por":"diario2","Tiempo de lectura":"7 minutos"},"schema":{"@context":"https:\/\/schema.org","@graph":[{"@type":"Article","@id":"https:\/\/diariotextual.com\/inicio\/index.php\/2019\/05\/03\/se-inauguro-la-expopymes-2019\/#article","isPartOf":{"@id":"https:\/\/diariotextual.com\/inicio\/index.php\/2019\/05\/03\/se-inauguro-la-expopymes-2019\/"},"author":{"name":"diario2","@id":"https:\/\/diariotextual.com\/inicio\/#\/schema\/person\/694f60677f23c4a530867a98f22b3768"},"headline":"Se inaugur\u00f3 la Expo Pymes 2019","datePublished":"2019-05-03T15:00:45+00:00","dateModified":"2019-05-04T14:08:29+00:00","mainEntityOfPage":{"@id":"https:\/\/diariotextual.com\/inicio\/index.php\/2019\/05\/03\/se-inauguro-la-expopymes-2019\/"},"wordCount":1469,"publisher":{"@id":"https:\/\/diariotextual.com\/inicio\/#organization"},"image":{"@id":"https:\/\/diariotextual.com\/inicio\/index.php\/2019\/05\/03\/se-inauguro-la-expopymes-2019\/#primaryimage"},"thumbnailUrl":"https:\/\/diariotextual.com\/inicio\/wp-content\/uploads\/2019\/05\/moralejoexpopymesinauguracion23.jpg","articleSection":["A - TEMPORALES","ECONOMIA"],"inLanguage":"es"},{"@type":"WebPage","@id":"https:\/\/diariotextual.com\/inicio\/index.php\/2019\/05\/03\/se-inauguro-la-expopymes-2019\/","url":"https:\/\/diariotextual.com\/inicio\/index.php\/2019\/05\/03\/se-inauguro-la-expopymes-2019\/","name":"Se inaugur\u00f3 la Expo Pymes 2019 - Diario Textual","isPartOf":{"@id":"https:\/\/diariotextual.com\/inicio\/#website"},"primaryImageOfPage":{"@id":"https:\/\/diariotextual.com\/inicio\/index.php\/2019\/05\/03\/se-inauguro-la-expopymes-2019\/#primaryimage"},"image":{"@id":"https:\/\/diariotextual.com\/inicio\/index.php\/2019\/05\/03\/se-inauguro-la-expopymes-2019\/#primaryimage"},"thumbnailUrl":"https:\/\/diariotextual.com\/inicio\/wp-content\/uploads\/2019\/05\/moralejoexpopymesinauguracion23.jpg","datePublished":"2019-05-03T15:00:45+00:00","dateModified":"2019-05-04T14:08:29+00:00","breadcrumb":{"@id":"https:\/\/diariotextual.com\/inicio\/index.php\/2019\/05\/03\/se-inauguro-la-expopymes-2019\/#breadcrumb"},"inLanguage":"es","potentialAction":[{"@type":"ReadAction","target":["https:\/\/diariotextual.com\/inicio\/index.php\/2019\/05\/03\/se-inauguro-la-expopymes-2019\/"]}]},{"@type":"ImageObject","inLanguage":"es","@id":"https:\/\/diariotextual.com\/inicio\/index.php\/2019\/05\/03\/se-inauguro-la-expopymes-2019\/#primaryimage","url":"https:\/\/diariotextual.com\/inicio\/wp-content\/uploads\/2019\/05\/moralejoexpopymesinauguracion23.jpg","contentUrl":"https:\/\/diariotextual.com\/inicio\/wp-content\/uploads\/2019\/05\/moralejoexpopymesinauguracion23.jpg","width":802,"height":475},{"@type":"BreadcrumbList","@id":"https:\/\/diariotextual.com\/inicio\/index.php\/2019\/05\/03\/se-inauguro-la-expopymes-2019\/#breadcrumb","itemListElement":[{"@type":"ListItem","position":1,"name":"Portada","item":"https:\/\/diariotextual.com\/inicio\/"},{"@type":"ListItem","position":2,"name":"Se inaugur\u00f3 la Expo Pymes 2019"}]},{"@type":"WebSite","@id":"https:\/\/diariotextual.com\/inicio\/#website","url":"https:\/\/diariotextual.com\/inicio\/","name":"Diario Textual","description":"","publisher":{"@id":"https:\/\/diariotextual.com\/inicio\/#organization"},"potentialAction":[{"@type":"SearchAction","target":{"@type":"EntryPoint","urlTemplate":"https:\/\/diariotextual.com\/inicio\/?s={search_term_string}"},"query-input":{"@type":"PropertyValueSpecification","valueRequired":true,"valueName":"search_term_string"}}],"inLanguage":"es"},{"@type":"Organization","@id":"https:\/\/diariotextual.com\/inicio\/#organization","name":"Diario Textual","url":"https:\/\/diariotextual.com\/inicio\/","logo":{"@type":"ImageObject","inLanguage":"es","@id":"https:\/\/diariotextual.com\/inicio\/#\/schema\/logo\/image\/","url":"https:\/\/diariotextual.com\/inicio\/wp-content\/uploads\/2023\/05\/logotextual1.jpg","contentUrl":"https:\/\/diariotextual.com\/inicio\/wp-content\/uploads\/2023\/05\/logotextual1.jpg","width":516,"height":76,"caption":"Diario Textual"},"image":{"@id":"https:\/\/diariotextual.com\/inicio\/#\/schema\/logo\/image\/"},"sameAs":["https:\/\/www.facebook.com\/eltextual","https:\/\/x.com\/eltextual","http:\/\/www.instagram.com\/eltextual"]},{"@type":"Person","@id":"https:\/\/diariotextual.com\/inicio\/#\/schema\/person\/694f60677f23c4a530867a98f22b3768","name":"diario2","image":{"@type":"ImageObject","inLanguage":"es","@id":"https:\/\/secure.gravatar.com\/avatar\/5a2567495ba16b852fcd8f1ed006a2e24fcace936018ed8237e95f488ad6e0a7?s=96&d=mm&r=g","url":"https:\/\/secure.gravatar.com\/avatar\/5a2567495ba16b852fcd8f1ed006a2e24fcace936018ed8237e95f488ad6e0a7?s=96&d=mm&r=g","contentUrl":"https:\/\/secure.gravatar.com\/avatar\/5a2567495ba16b852fcd8f1ed006a2e24fcace936018ed8237e95f488ad6e0a7?s=96&d=mm&r=g","caption":"diario2"},"url":"https:\/\/diariotextual.com\/inicio\/index.php\/author\/diario2\/"}]}},"_links":{"self":[{"href":"https:\/\/diariotextual.com\/inicio\/index.php\/wp-json\/wp\/v2\/posts\/47535","targetHints":{"allow":["GET"]}}],"collection":[{"href":"https:\/\/diariotextual.com\/inicio\/index.php\/wp-json\/wp\/v2\/posts"}],"about":[{"href":"https:\/\/diariotextual.com\/inicio\/index.php\/wp-json\/wp\/v2\/types\/post"}],"author":[{"embeddable":true,"href":"https:\/\/diariotextual.com\/inicio\/index.php\/wp-json\/wp\/v2\/users\/4"}],"replies":[{"embeddable":true,"href":"https:\/\/diariotextual.com\/inicio\/index.php\/wp-json\/wp\/v2\/comments?post=47535"}],"version-history":[{"count":7,"href":"https:\/\/diariotextual.com\/inicio\/index.php\/wp-json\/wp\/v2\/posts\/47535\/revisions"}],"predecessor-version":[{"id":47558,"href":"https:\/\/diariotextual.com\/inicio\/index.php\/wp-json\/wp\/v2\/posts\/47535\/revisions\/47558"}],"wp:featuredmedia":[{"embeddable":true,"href":"https:\/\/diariotextual.com\/inicio\/index.php\/wp-json\/wp\/v2\/media\/47554"}],"wp:attachment":[{"href":"https:\/\/diariotextual.com\/inicio\/index.php\/wp-json\/wp\/v2\/media?parent=47535"}],"wp:term":[{"taxonomy":"category","embeddable":true,"href":"https:\/\/diariotextual.com\/inicio\/index.php\/wp-json\/wp\/v2\/categories?post=47535"},{"taxonomy":"post_tag","embeddable":true,"href":"https:\/\/diariotextual.com\/inicio\/index.php\/wp-json\/wp\/v2\/tags?post=47535"}],"curies":[{"name":"wp","href":"https:\/\/api.w.org\/{rel}","templated":true}]}}