{"id":47732,"date":"2019-05-06T12:35:40","date_gmt":"2019-05-06T15:35:40","guid":{"rendered":"http:\/\/diariotextual.com\/inicio\/?p=47732"},"modified":"2019-05-06T14:03:01","modified_gmt":"2019-05-06T17:03:01","slug":"las-ventas-las-pymes-se-derrumbaron-134-abril-suman-16-meses-baja","status":"publish","type":"post","link":"https:\/\/diariotextual.com\/inicio\/index.php\/2019\/05\/06\/las-ventas-las-pymes-se-derrumbaron-134-abril-suman-16-meses-baja\/","title":{"rendered":"Las ventas de las Pymes se derrumbaron 13,4% en abril y suman 16 meses en baja"},"content":{"rendered":"<p>Las<strong> ventas minoristas pymes se desplomaron un 13,4 por ciento en abril\u00a0<\/strong>por lo que el sector sum\u00f3 <strong>16 meses de descenso consecutivo<\/strong>, seg\u00fan inform\u00f3 la Confederaci\u00f3n Argentina de la Mediana Empresa (CAME). En lo que va de este a\u00f1o acumula un descenso de 12,1%.<\/p>\n<p>De acuerdo con el organismo, hubo muchos comercios liquidando mercader\u00eda al costo, con importantes descuentos en sus productos que, sin embargo, no incentivaron el consumo.<\/p>\n<p>En los locales f\u00edsicos el descenso fue del 15 por ciento, mientras que en la modalidad online crecieron 0,3 puntos, precis\u00f3 el relevamiento.<\/p>\n<p>El organismo resalt\u00f3, adem\u00e1s, que \u00abdos factores de preocupaci\u00f3n del comercio\u00bb fueron \u00ablos ajustes desmedidos en los alquileres y los costos financieros\u00bb.\u00a0\u00abLas tarjetas recargadas y la necesidad de bajar los niveles de endeudamiento de las familias repercutieron en la venta online particularmente, que es muy dependiente de ese medio de pago\u00bb, agreg\u00f3 la CAME.<\/p>\n<p>El 76,3 por ciento de los comercios consultados tuvieron declives anuales en sus ventas, y s\u00f3lo el 14,2% se mantuvo en alza durante ese periodo.<\/p>\n<p><strong>Los rubros m\u00e1s afectados fueron \u00abCalzado y marroquiner\u00eda\u00bb, \u00abJoyer\u00edas, relojer\u00edas y bijouterie\u00bb, \u00abBazares y regalos\u00bb y \u00abElectrodom\u00e9sticos, Electr\u00f3nicos, Computaci\u00f3n, y Celulares\u00bb.<\/strong><\/p>\n<p>La ca\u00edda en abril fue del 3,1 por ciento si se lo compara con el mes anterior y la mayor\u00eda de las PyMEs no se mostr\u00f3 optimista de que la situaci\u00f3n vaya a mejorar en el corto plazo.<\/p>\n<p>\u00abLas perspectivas para el resto del a\u00f1o son inestables, hay mucha incertidumbre en los consumidores. Hacen falta medidas directas como acceso al cr\u00e9dito accesible para los consumidores, beneficios fiscales a las pymes, y baja en los aportes patronales\u00bb, reconoci\u00f3 V\u00edctor Palpacelli, presidente de la Federaci\u00f3n Argentina de Supermercados y Autoservicios (FASA).<\/p>\n<blockquote class=\"wp-embedded-content\" data-secret=\"Cjk80bSyUl\"><p><a href=\"http:\/\/diariotextual.com\/inicio\/index.php\/2019\/05\/06\/contratos-alquileres-se-cierran-aumento-del-30\/\">Contratos de alquileres se cierran con un aumento del 30%<\/a><\/p><\/blockquote>\n<p><iframe class=\"wp-embedded-content\" sandbox=\"allow-scripts\" security=\"restricted\" style=\"position: absolute; clip: rect(1px, 1px, 1px, 1px);\" src=\"http:\/\/diariotextual.com\/inicio\/index.php\/2019\/05\/06\/contratos-alquileres-se-cierran-aumento-del-30\/embed\/#?secret=Cjk80bSyUl\" data-secret=\"Cjk80bSyUl\" width=\"600\" height=\"338\" title=\"&#8220;Contratos de alquileres se cierran con un aumento del 30%&#8221; &#8212; Diario Textual\" frameborder=\"0\" marginwidth=\"0\" marginheight=\"0\" scrolling=\"no\"><\/iframe><\/p>\n<p>&nbsp;<\/p>\n","protected":false},"excerpt":{"rendered":"<p>Las ventas minoristas pymes se desplomaron un 13,4 por ciento en abril\u00a0por lo que el sector sum\u00f3 16 meses de descenso consecutivo, seg\u00fan inform\u00f3 la Confederaci\u00f3n Argentina de la Mediana&hellip;<\/p>\n","protected":false},"author":3,"featured_media":47736,"comment_status":"closed","ping_status":"open","sticky":false,"template":"","format":"standard","meta":{"_acf_changed":false,"footnotes":""},"categories":[11,5],"tags":[],"class_list":["post-47732","post","type-post","status-publish","format-standard","has-post-thumbnail","hentry","category-que-pasa","category-economia"],"acf":[],"yoast_head":"<!-- This site is optimized with the Yoast SEO plugin v27.5 - https:\/\/yoast.com\/product\/yoast-seo-wordpress\/ -->\n<title>Las ventas de las Pymes se derrumbaron 13,4% en abril y suman 16 meses en baja - Diario Textual<\/title>\n<meta name=\"robots\" content=\"index, follow, max-snippet:-1, max-image-preview:large, max-video-preview:-1\" \/>\n<link rel=\"canonical\" href=\"https:\/\/diariotextual.com\/inicio\/index.php\/2019\/05\/06\/las-ventas-las-pymes-se-derrumbaron-134-abril-suman-16-meses-baja\/\" \/>\n<meta property=\"og:locale\" content=\"es_ES\" \/>\n<meta property=\"og:type\" content=\"article\" \/>\n<meta property=\"og:title\" content=\"Las ventas de las Pymes se derrumbaron 13,4% en abril y suman 16 meses en baja - Diario Textual\" \/>\n<meta property=\"og:description\" content=\"Las ventas minoristas pymes se desplomaron un 13,4 por ciento en abril\u00a0por lo que el sector sum\u00f3 16 meses de descenso consecutivo, seg\u00fan inform\u00f3 la Confederaci\u00f3n Argentina de la Mediana&hellip;\" \/>\n<meta property=\"og:url\" content=\"https:\/\/diariotextual.com\/inicio\/index.php\/2019\/05\/06\/las-ventas-las-pymes-se-derrumbaron-134-abril-suman-16-meses-baja\/\" \/>\n<meta property=\"og:site_name\" content=\"Diario Textual\" \/>\n<meta property=\"article:publisher\" content=\"https:\/\/www.facebook.com\/eltextual\" \/>\n<meta property=\"article:published_time\" content=\"2019-05-06T15:35:40+00:00\" \/>\n<meta property=\"article:modified_time\" content=\"2019-05-06T17:03:01+00:00\" \/>\n<meta property=\"og:image\" content=\"https:\/\/diariotextual.com\/inicio\/wp-content\/uploads\/2019\/05\/pymesimagen45.jpg\" \/>\n\t<meta property=\"og:image:width\" content=\"1000\" \/>\n\t<meta property=\"og:image:height\" content=\"665\" \/>\n\t<meta property=\"og:image:type\" content=\"image\/jpeg\" \/>\n<meta name=\"author\" content=\"Diario1 Diario1\" \/>\n<meta name=\"twitter:card\" content=\"summary_large_image\" \/>\n<meta name=\"twitter:creator\" content=\"@eltextual\" \/>\n<meta name=\"twitter:site\" content=\"@eltextual\" \/>\n<meta name=\"twitter:label1\" content=\"Escrito por\" \/>\n\t<meta name=\"twitter:data1\" content=\"Diario1 Diario1\" \/>\n\t<meta name=\"twitter:label2\" content=\"Tiempo de lectura\" \/>\n\t<meta name=\"twitter:data2\" content=\"2 minutos\" \/>\n<script type=\"application\/ld+json\" class=\"yoast-schema-graph\">{\"@context\":\"https:\\\/\\\/schema.org\",\"@graph\":[{\"@type\":\"Article\",\"@id\":\"https:\\\/\\\/diariotextual.com\\\/inicio\\\/index.php\\\/2019\\\/05\\\/06\\\/las-ventas-las-pymes-se-derrumbaron-134-abril-suman-16-meses-baja\\\/#article\",\"isPartOf\":{\"@id\":\"https:\\\/\\\/diariotextual.com\\\/inicio\\\/index.php\\\/2019\\\/05\\\/06\\\/las-ventas-las-pymes-se-derrumbaron-134-abril-suman-16-meses-baja\\\/\"},\"author\":{\"name\":\"Diario1 Diario1\",\"@id\":\"https:\\\/\\\/diariotextual.com\\\/inicio\\\/#\\\/schema\\\/person\\\/418fc4093c33e86ed41562db3508f958\"},\"headline\":\"Las ventas de las Pymes se derrumbaron 13,4% en abril y suman 16 meses en baja\",\"datePublished\":\"2019-05-06T15:35:40+00:00\",\"dateModified\":\"2019-05-06T17:03:01+00:00\",\"mainEntityOfPage\":{\"@id\":\"https:\\\/\\\/diariotextual.com\\\/inicio\\\/index.php\\\/2019\\\/05\\\/06\\\/las-ventas-las-pymes-se-derrumbaron-134-abril-suman-16-meses-baja\\\/\"},\"wordCount\":319,\"publisher\":{\"@id\":\"https:\\\/\\\/diariotextual.com\\\/inicio\\\/#organization\"},\"image\":{\"@id\":\"https:\\\/\\\/diariotextual.com\\\/inicio\\\/index.php\\\/2019\\\/05\\\/06\\\/las-ventas-las-pymes-se-derrumbaron-134-abril-suman-16-meses-baja\\\/#primaryimage\"},\"thumbnailUrl\":\"https:\\\/\\\/diariotextual.com\\\/inicio\\\/wp-content\\\/uploads\\\/2019\\\/05\\\/pymesimagen45.jpg\",\"articleSection\":[\"A - QUE PASA (al costado)\",\"ECONOMIA\"],\"inLanguage\":\"es\"},{\"@type\":\"WebPage\",\"@id\":\"https:\\\/\\\/diariotextual.com\\\/inicio\\\/index.php\\\/2019\\\/05\\\/06\\\/las-ventas-las-pymes-se-derrumbaron-134-abril-suman-16-meses-baja\\\/\",\"url\":\"https:\\\/\\\/diariotextual.com\\\/inicio\\\/index.php\\\/2019\\\/05\\\/06\\\/las-ventas-las-pymes-se-derrumbaron-134-abril-suman-16-meses-baja\\\/\",\"name\":\"Las ventas de las Pymes se derrumbaron 13,4% en abril y suman 16 meses en baja - Diario Textual\",\"isPartOf\":{\"@id\":\"https:\\\/\\\/diariotextual.com\\\/inicio\\\/#website\"},\"primaryImageOfPage\":{\"@id\":\"https:\\\/\\\/diariotextual.com\\\/inicio\\\/index.php\\\/2019\\\/05\\\/06\\\/las-ventas-las-pymes-se-derrumbaron-134-abril-suman-16-meses-baja\\\/#primaryimage\"},\"image\":{\"@id\":\"https:\\\/\\\/diariotextual.com\\\/inicio\\\/index.php\\\/2019\\\/05\\\/06\\\/las-ventas-las-pymes-se-derrumbaron-134-abril-suman-16-meses-baja\\\/#primaryimage\"},\"thumbnailUrl\":\"https:\\\/\\\/diariotextual.com\\\/inicio\\\/wp-content\\\/uploads\\\/2019\\\/05\\\/pymesimagen45.jpg\",\"datePublished\":\"2019-05-06T15:35:40+00:00\",\"dateModified\":\"2019-05-06T17:03:01+00:00\",\"breadcrumb\":{\"@id\":\"https:\\\/\\\/diariotextual.com\\\/inicio\\\/index.php\\\/2019\\\/05\\\/06\\\/las-ventas-las-pymes-se-derrumbaron-134-abril-suman-16-meses-baja\\\/#breadcrumb\"},\"inLanguage\":\"es\",\"potentialAction\":[{\"@type\":\"ReadAction\",\"target\":[\"https:\\\/\\\/diariotextual.com\\\/inicio\\\/index.php\\\/2019\\\/05\\\/06\\\/las-ventas-las-pymes-se-derrumbaron-134-abril-suman-16-meses-baja\\\/\"]}]},{\"@type\":\"ImageObject\",\"inLanguage\":\"es\",\"@id\":\"https:\\\/\\\/diariotextual.com\\\/inicio\\\/index.php\\\/2019\\\/05\\\/06\\\/las-ventas-las-pymes-se-derrumbaron-134-abril-suman-16-meses-baja\\\/#primaryimage\",\"url\":\"https:\\\/\\\/diariotextual.com\\\/inicio\\\/wp-content\\\/uploads\\\/2019\\\/05\\\/pymesimagen45.jpg\",\"contentUrl\":\"https:\\\/\\\/diariotextual.com\\\/inicio\\\/wp-content\\\/uploads\\\/2019\\\/05\\\/pymesimagen45.jpg\",\"width\":1000,\"height\":665},{\"@type\":\"BreadcrumbList\",\"@id\":\"https:\\\/\\\/diariotextual.com\\\/inicio\\\/index.php\\\/2019\\\/05\\\/06\\\/las-ventas-las-pymes-se-derrumbaron-134-abril-suman-16-meses-baja\\\/#breadcrumb\",\"itemListElement\":[{\"@type\":\"ListItem\",\"position\":1,\"name\":\"Portada\",\"item\":\"https:\\\/\\\/diariotextual.com\\\/inicio\\\/\"},{\"@type\":\"ListItem\",\"position\":2,\"name\":\"Las ventas de las Pymes se derrumbaron 13,4% en abril y suman 16 meses en baja\"}]},{\"@type\":\"WebSite\",\"@id\":\"https:\\\/\\\/diariotextual.com\\\/inicio\\\/#website\",\"url\":\"https:\\\/\\\/diariotextual.com\\\/inicio\\\/\",\"name\":\"Diario Textual\",\"description\":\"\",\"publisher\":{\"@id\":\"https:\\\/\\\/diariotextual.com\\\/inicio\\\/#organization\"},\"potentialAction\":[{\"@type\":\"SearchAction\",\"target\":{\"@type\":\"EntryPoint\",\"urlTemplate\":\"https:\\\/\\\/diariotextual.com\\\/inicio\\\/?s={search_term_string}\"},\"query-input\":{\"@type\":\"PropertyValueSpecification\",\"valueRequired\":true,\"valueName\":\"search_term_string\"}}],\"inLanguage\":\"es\"},{\"@type\":\"Organization\",\"@id\":\"https:\\\/\\\/diariotextual.com\\\/inicio\\\/#organization\",\"name\":\"Diario Textual\",\"url\":\"https:\\\/\\\/diariotextual.com\\\/inicio\\\/\",\"logo\":{\"@type\":\"ImageObject\",\"inLanguage\":\"es\",\"@id\":\"https:\\\/\\\/diariotextual.com\\\/inicio\\\/#\\\/schema\\\/logo\\\/image\\\/\",\"url\":\"https:\\\/\\\/diariotextual.com\\\/inicio\\\/wp-content\\\/uploads\\\/2023\\\/05\\\/logotextual1.jpg\",\"contentUrl\":\"https:\\\/\\\/diariotextual.com\\\/inicio\\\/wp-content\\\/uploads\\\/2023\\\/05\\\/logotextual1.jpg\",\"width\":516,\"height\":76,\"caption\":\"Diario Textual\"},\"image\":{\"@id\":\"https:\\\/\\\/diariotextual.com\\\/inicio\\\/#\\\/schema\\\/logo\\\/image\\\/\"},\"sameAs\":[\"https:\\\/\\\/www.facebook.com\\\/eltextual\",\"https:\\\/\\\/x.com\\\/eltextual\",\"http:\\\/\\\/www.instagram.com\\\/eltextual\"]},{\"@type\":\"Person\",\"@id\":\"https:\\\/\\\/diariotextual.com\\\/inicio\\\/#\\\/schema\\\/person\\\/418fc4093c33e86ed41562db3508f958\",\"name\":\"Diario1 Diario1\",\"image\":{\"@type\":\"ImageObject\",\"inLanguage\":\"es\",\"@id\":\"https:\\\/\\\/secure.gravatar.com\\\/avatar\\\/9167d280179c85bc18be67aa7eda765854300033af4896dd779b608640f2ef7a?s=96&d=mm&r=g\",\"url\":\"https:\\\/\\\/secure.gravatar.com\\\/avatar\\\/9167d280179c85bc18be67aa7eda765854300033af4896dd779b608640f2ef7a?s=96&d=mm&r=g\",\"contentUrl\":\"https:\\\/\\\/secure.gravatar.com\\\/avatar\\\/9167d280179c85bc18be67aa7eda765854300033af4896dd779b608640f2ef7a?s=96&d=mm&r=g\",\"caption\":\"Diario1 Diario1\"},\"url\":\"https:\\\/\\\/diariotextual.com\\\/inicio\\\/index.php\\\/author\\\/diario1\\\/\"}]}<\/script>\n<!-- \/ Yoast SEO plugin. -->","yoast_head_json":{"title":"Las ventas de las Pymes se derrumbaron 13,4% en abril y suman 16 meses en baja - Diario Textual","robots":{"index":"index","follow":"follow","max-snippet":"max-snippet:-1","max-image-preview":"max-image-preview:large","max-video-preview":"max-video-preview:-1"},"canonical":"https:\/\/diariotextual.com\/inicio\/index.php\/2019\/05\/06\/las-ventas-las-pymes-se-derrumbaron-134-abril-suman-16-meses-baja\/","og_locale":"es_ES","og_type":"article","og_title":"Las ventas de las Pymes se derrumbaron 13,4% en abril y suman 16 meses en baja - Diario Textual","og_description":"Las ventas minoristas pymes se desplomaron un 13,4 por ciento en abril\u00a0por lo que el sector sum\u00f3 16 meses de descenso consecutivo, seg\u00fan inform\u00f3 la Confederaci\u00f3n Argentina de la Mediana&hellip;","og_url":"https:\/\/diariotextual.com\/inicio\/index.php\/2019\/05\/06\/las-ventas-las-pymes-se-derrumbaron-134-abril-suman-16-meses-baja\/","og_site_name":"Diario Textual","article_publisher":"https:\/\/www.facebook.com\/eltextual","article_published_time":"2019-05-06T15:35:40+00:00","article_modified_time":"2019-05-06T17:03:01+00:00","og_image":[{"width":1000,"height":665,"url":"https:\/\/diariotextual.com\/inicio\/wp-content\/uploads\/2019\/05\/pymesimagen45.jpg","type":"image\/jpeg"}],"author":"Diario1 Diario1","twitter_card":"summary_large_image","twitter_creator":"@eltextual","twitter_site":"@eltextual","twitter_misc":{"Escrito por":"Diario1 Diario1","Tiempo de lectura":"2 minutos"},"schema":{"@context":"https:\/\/schema.org","@graph":[{"@type":"Article","@id":"https:\/\/diariotextual.com\/inicio\/index.php\/2019\/05\/06\/las-ventas-las-pymes-se-derrumbaron-134-abril-suman-16-meses-baja\/#article","isPartOf":{"@id":"https:\/\/diariotextual.com\/inicio\/index.php\/2019\/05\/06\/las-ventas-las-pymes-se-derrumbaron-134-abril-suman-16-meses-baja\/"},"author":{"name":"Diario1 Diario1","@id":"https:\/\/diariotextual.com\/inicio\/#\/schema\/person\/418fc4093c33e86ed41562db3508f958"},"headline":"Las ventas de las Pymes se derrumbaron 13,4% en abril y suman 16 meses en baja","datePublished":"2019-05-06T15:35:40+00:00","dateModified":"2019-05-06T17:03:01+00:00","mainEntityOfPage":{"@id":"https:\/\/diariotextual.com\/inicio\/index.php\/2019\/05\/06\/las-ventas-las-pymes-se-derrumbaron-134-abril-suman-16-meses-baja\/"},"wordCount":319,"publisher":{"@id":"https:\/\/diariotextual.com\/inicio\/#organization"},"image":{"@id":"https:\/\/diariotextual.com\/inicio\/index.php\/2019\/05\/06\/las-ventas-las-pymes-se-derrumbaron-134-abril-suman-16-meses-baja\/#primaryimage"},"thumbnailUrl":"https:\/\/diariotextual.com\/inicio\/wp-content\/uploads\/2019\/05\/pymesimagen45.jpg","articleSection":["A - QUE PASA (al costado)","ECONOMIA"],"inLanguage":"es"},{"@type":"WebPage","@id":"https:\/\/diariotextual.com\/inicio\/index.php\/2019\/05\/06\/las-ventas-las-pymes-se-derrumbaron-134-abril-suman-16-meses-baja\/","url":"https:\/\/diariotextual.com\/inicio\/index.php\/2019\/05\/06\/las-ventas-las-pymes-se-derrumbaron-134-abril-suman-16-meses-baja\/","name":"Las ventas de las Pymes se derrumbaron 13,4% en abril y suman 16 meses en baja - Diario Textual","isPartOf":{"@id":"https:\/\/diariotextual.com\/inicio\/#website"},"primaryImageOfPage":{"@id":"https:\/\/diariotextual.com\/inicio\/index.php\/2019\/05\/06\/las-ventas-las-pymes-se-derrumbaron-134-abril-suman-16-meses-baja\/#primaryimage"},"image":{"@id":"https:\/\/diariotextual.com\/inicio\/index.php\/2019\/05\/06\/las-ventas-las-pymes-se-derrumbaron-134-abril-suman-16-meses-baja\/#primaryimage"},"thumbnailUrl":"https:\/\/diariotextual.com\/inicio\/wp-content\/uploads\/2019\/05\/pymesimagen45.jpg","datePublished":"2019-05-06T15:35:40+00:00","dateModified":"2019-05-06T17:03:01+00:00","breadcrumb":{"@id":"https:\/\/diariotextual.com\/inicio\/index.php\/2019\/05\/06\/las-ventas-las-pymes-se-derrumbaron-134-abril-suman-16-meses-baja\/#breadcrumb"},"inLanguage":"es","potentialAction":[{"@type":"ReadAction","target":["https:\/\/diariotextual.com\/inicio\/index.php\/2019\/05\/06\/las-ventas-las-pymes-se-derrumbaron-134-abril-suman-16-meses-baja\/"]}]},{"@type":"ImageObject","inLanguage":"es","@id":"https:\/\/diariotextual.com\/inicio\/index.php\/2019\/05\/06\/las-ventas-las-pymes-se-derrumbaron-134-abril-suman-16-meses-baja\/#primaryimage","url":"https:\/\/diariotextual.com\/inicio\/wp-content\/uploads\/2019\/05\/pymesimagen45.jpg","contentUrl":"https:\/\/diariotextual.com\/inicio\/wp-content\/uploads\/2019\/05\/pymesimagen45.jpg","width":1000,"height":665},{"@type":"BreadcrumbList","@id":"https:\/\/diariotextual.com\/inicio\/index.php\/2019\/05\/06\/las-ventas-las-pymes-se-derrumbaron-134-abril-suman-16-meses-baja\/#breadcrumb","itemListElement":[{"@type":"ListItem","position":1,"name":"Portada","item":"https:\/\/diariotextual.com\/inicio\/"},{"@type":"ListItem","position":2,"name":"Las ventas de las Pymes se derrumbaron 13,4% en abril y suman 16 meses en baja"}]},{"@type":"WebSite","@id":"https:\/\/diariotextual.com\/inicio\/#website","url":"https:\/\/diariotextual.com\/inicio\/","name":"Diario Textual","description":"","publisher":{"@id":"https:\/\/diariotextual.com\/inicio\/#organization"},"potentialAction":[{"@type":"SearchAction","target":{"@type":"EntryPoint","urlTemplate":"https:\/\/diariotextual.com\/inicio\/?s={search_term_string}"},"query-input":{"@type":"PropertyValueSpecification","valueRequired":true,"valueName":"search_term_string"}}],"inLanguage":"es"},{"@type":"Organization","@id":"https:\/\/diariotextual.com\/inicio\/#organization","name":"Diario Textual","url":"https:\/\/diariotextual.com\/inicio\/","logo":{"@type":"ImageObject","inLanguage":"es","@id":"https:\/\/diariotextual.com\/inicio\/#\/schema\/logo\/image\/","url":"https:\/\/diariotextual.com\/inicio\/wp-content\/uploads\/2023\/05\/logotextual1.jpg","contentUrl":"https:\/\/diariotextual.com\/inicio\/wp-content\/uploads\/2023\/05\/logotextual1.jpg","width":516,"height":76,"caption":"Diario Textual"},"image":{"@id":"https:\/\/diariotextual.com\/inicio\/#\/schema\/logo\/image\/"},"sameAs":["https:\/\/www.facebook.com\/eltextual","https:\/\/x.com\/eltextual","http:\/\/www.instagram.com\/eltextual"]},{"@type":"Person","@id":"https:\/\/diariotextual.com\/inicio\/#\/schema\/person\/418fc4093c33e86ed41562db3508f958","name":"Diario1 Diario1","image":{"@type":"ImageObject","inLanguage":"es","@id":"https:\/\/secure.gravatar.com\/avatar\/9167d280179c85bc18be67aa7eda765854300033af4896dd779b608640f2ef7a?s=96&d=mm&r=g","url":"https:\/\/secure.gravatar.com\/avatar\/9167d280179c85bc18be67aa7eda765854300033af4896dd779b608640f2ef7a?s=96&d=mm&r=g","contentUrl":"https:\/\/secure.gravatar.com\/avatar\/9167d280179c85bc18be67aa7eda765854300033af4896dd779b608640f2ef7a?s=96&d=mm&r=g","caption":"Diario1 Diario1"},"url":"https:\/\/diariotextual.com\/inicio\/index.php\/author\/diario1\/"}]}},"_links":{"self":[{"href":"https:\/\/diariotextual.com\/inicio\/index.php\/wp-json\/wp\/v2\/posts\/47732","targetHints":{"allow":["GET"]}}],"collection":[{"href":"https:\/\/diariotextual.com\/inicio\/index.php\/wp-json\/wp\/v2\/posts"}],"about":[{"href":"https:\/\/diariotextual.com\/inicio\/index.php\/wp-json\/wp\/v2\/types\/post"}],"author":[{"embeddable":true,"href":"https:\/\/diariotextual.com\/inicio\/index.php\/wp-json\/wp\/v2\/users\/3"}],"replies":[{"embeddable":true,"href":"https:\/\/diariotextual.com\/inicio\/index.php\/wp-json\/wp\/v2\/comments?post=47732"}],"version-history":[{"count":2,"href":"https:\/\/diariotextual.com\/inicio\/index.php\/wp-json\/wp\/v2\/posts\/47732\/revisions"}],"predecessor-version":[{"id":47735,"href":"https:\/\/diariotextual.com\/inicio\/index.php\/wp-json\/wp\/v2\/posts\/47732\/revisions\/47735"}],"wp:featuredmedia":[{"embeddable":true,"href":"https:\/\/diariotextual.com\/inicio\/index.php\/wp-json\/wp\/v2\/media\/47736"}],"wp:attachment":[{"href":"https:\/\/diariotextual.com\/inicio\/index.php\/wp-json\/wp\/v2\/media?parent=47732"}],"wp:term":[{"taxonomy":"category","embeddable":true,"href":"https:\/\/diariotextual.com\/inicio\/index.php\/wp-json\/wp\/v2\/categories?post=47732"},{"taxonomy":"post_tag","embeddable":true,"href":"https:\/\/diariotextual.com\/inicio\/index.php\/wp-json\/wp\/v2\/tags?post=47732"}],"curies":[{"name":"wp","href":"https:\/\/api.w.org\/{rel}","templated":true}]}}