{"id":47869,"date":"2019-05-07T17:14:10","date_gmt":"2019-05-07T20:14:10","guid":{"rendered":"http:\/\/diariotextual.com\/inicio\/?p=47869"},"modified":"2019-05-08T09:28:06","modified_gmt":"2019-05-08T12:28:06","slug":"kroneberger-blp-estar-al-servicio-del-sector-productivo","status":"publish","type":"post","link":"https:\/\/diariotextual.com\/inicio\/index.php\/2019\/05\/07\/kroneberger-blp-estar-al-servicio-del-sector-productivo\/","title":{"rendered":"Kroneberger: \u00abEl BLP debe estar al servicio del sector productivo\u00bb"},"content":{"rendered":"<p>El candidato a gobernador Daniel Kronebeger (Cambiemos) dijo que el Banco de La Pampa se debe convertir \u00aben un instrumento fundamental al servicio del desarrollo productivo\u00bb, con su asistencia crediticia.<\/p>\n<p>\u201cM\u00e1s all\u00e1 de las normas establecidas por el Banco Central, <strong>es imprescindible que el Banco de La Pampa estimule la producci\u00f3n y tenga un rol de fomento<\/strong>. Debe otorgar cr\u00e9ditos a largo plazo a valor producto, subsidios de tasas crediticias y facilitar la financiaci\u00f3n\u00bb, dijo.<\/p>\n<p>\u00abDebe implementar un potente sistema de tasa preferencial y subsidio de tasas dise\u00f1adas en funci\u00f3n de las necesidades del sector productivo. Control y seguimiento de la evoluci\u00f3n de los proyectos para el cumplimiento de los objetivos. Cr\u00e9ditos a valor producto\u201d, expres\u00f3.<\/p>\n<p>\u00abSe debe avanzar -agreg\u00f3- en la puesta en marcha de un mecanismo de bonificaci\u00f3n de la tasa de inter\u00e9s, a cargo de la Provincia, en los cr\u00e9ditos otorgados por el banco, a trav\u00e9s de las l\u00edneas de cr\u00e9ditos destinadas al desarrollo de las microempresas y emprendimientos y la destinada a la inversi\u00f3n de las MiPyMEs\u00bb.<\/p>\n<p>\u201cDesde el Gobierno de la Provincia, tenemos que trabajar con el \u00fanico objetivo de promover el desarrollo econ\u00f3mico y social de los pampeanos, y la banca p\u00fablica debe estar al servicio de esa expansi\u00f3n econ\u00f3mica\u201d, sostuvo.\u00a0\u201cEl Estado provincial debe promover acuerdos con el Banco de La Pampa para aportar a la promoci\u00f3n y financiaci\u00f3n de emprendimientos productivos, con creaci\u00f3n de trabajo genuino, en cada instancia de las cadenas de valor, con oferta de cr\u00e9ditos a valor producto, y bonificaciones de tasa acordes a las posibilidades de crecimiento de cada sector\u00bb.<\/p>\n<p>&nbsp;<\/p>\n<p>&nbsp;<\/p>\n<p>&nbsp;<\/p>\n","protected":false},"excerpt":{"rendered":"<p>El candidato a gobernador Daniel Kronebeger (Cambiemos) dijo que el Banco de La Pampa se debe convertir \u00aben un instrumento fundamental al servicio del desarrollo productivo\u00bb, con su asistencia crediticia.&hellip;<\/p>\n","protected":false},"author":3,"featured_media":47871,"comment_status":"closed","ping_status":"open","sticky":false,"template":"","format":"standard","meta":{"_acf_changed":false,"footnotes":""},"categories":[319,5],"tags":[],"class_list":["post-47869","post","type-post","status-publish","format-standard","has-post-thumbnail","hentry","category-a-temporales","category-economia"],"acf":[],"yoast_head":"<!-- This site is optimized with the Yoast SEO plugin v27.5 - https:\/\/yoast.com\/product\/yoast-seo-wordpress\/ -->\n<title>Kroneberger: &quot;El BLP debe estar al servicio del sector productivo&quot; - Diario Textual<\/title>\n<meta name=\"robots\" content=\"index, follow, max-snippet:-1, max-image-preview:large, max-video-preview:-1\" \/>\n<link rel=\"canonical\" href=\"https:\/\/diariotextual.com\/inicio\/index.php\/2019\/05\/07\/kroneberger-blp-estar-al-servicio-del-sector-productivo\/\" \/>\n<meta property=\"og:locale\" content=\"es_ES\" \/>\n<meta property=\"og:type\" content=\"article\" \/>\n<meta property=\"og:title\" content=\"Kroneberger: &quot;El BLP debe estar al servicio del sector productivo&quot; - Diario Textual\" \/>\n<meta property=\"og:description\" content=\"El candidato a gobernador Daniel Kronebeger (Cambiemos) dijo que el Banco de La Pampa se debe convertir \u00aben un instrumento fundamental al servicio del desarrollo productivo\u00bb, con su asistencia crediticia.&hellip;\" \/>\n<meta property=\"og:url\" content=\"https:\/\/diariotextual.com\/inicio\/index.php\/2019\/05\/07\/kroneberger-blp-estar-al-servicio-del-sector-productivo\/\" \/>\n<meta property=\"og:site_name\" content=\"Diario Textual\" \/>\n<meta property=\"article:publisher\" content=\"https:\/\/www.facebook.com\/eltextual\" \/>\n<meta property=\"article:published_time\" content=\"2019-05-07T20:14:10+00:00\" \/>\n<meta property=\"article:modified_time\" content=\"2019-05-08T12:28:06+00:00\" \/>\n<meta property=\"og:image\" content=\"https:\/\/diariotextual.com\/inicio\/wp-content\/uploads\/2019\/05\/kronebergerexpopymes2019-1.jpg\" \/>\n\t<meta property=\"og:image:width\" content=\"1051\" \/>\n\t<meta property=\"og:image:height\" content=\"666\" \/>\n\t<meta property=\"og:image:type\" content=\"image\/jpeg\" \/>\n<meta name=\"author\" content=\"Diario1 Diario1\" \/>\n<meta name=\"twitter:card\" content=\"summary_large_image\" \/>\n<meta name=\"twitter:creator\" content=\"@eltextual\" \/>\n<meta name=\"twitter:site\" content=\"@eltextual\" \/>\n<meta name=\"twitter:label1\" content=\"Escrito por\" \/>\n\t<meta name=\"twitter:data1\" content=\"Diario1 Diario1\" \/>\n\t<meta name=\"twitter:label2\" content=\"Tiempo de lectura\" \/>\n\t<meta name=\"twitter:data2\" content=\"1 minuto\" \/>\n<script type=\"application\/ld+json\" class=\"yoast-schema-graph\">{\"@context\":\"https:\\\/\\\/schema.org\",\"@graph\":[{\"@type\":\"Article\",\"@id\":\"https:\\\/\\\/diariotextual.com\\\/inicio\\\/index.php\\\/2019\\\/05\\\/07\\\/kroneberger-blp-estar-al-servicio-del-sector-productivo\\\/#article\",\"isPartOf\":{\"@id\":\"https:\\\/\\\/diariotextual.com\\\/inicio\\\/index.php\\\/2019\\\/05\\\/07\\\/kroneberger-blp-estar-al-servicio-del-sector-productivo\\\/\"},\"author\":{\"name\":\"Diario1 Diario1\",\"@id\":\"https:\\\/\\\/diariotextual.com\\\/inicio\\\/#\\\/schema\\\/person\\\/418fc4093c33e86ed41562db3508f958\"},\"headline\":\"Kroneberger: \u00abEl BLP debe estar al servicio del sector productivo\u00bb\",\"datePublished\":\"2019-05-07T20:14:10+00:00\",\"dateModified\":\"2019-05-08T12:28:06+00:00\",\"mainEntityOfPage\":{\"@id\":\"https:\\\/\\\/diariotextual.com\\\/inicio\\\/index.php\\\/2019\\\/05\\\/07\\\/kroneberger-blp-estar-al-servicio-del-sector-productivo\\\/\"},\"wordCount\":299,\"publisher\":{\"@id\":\"https:\\\/\\\/diariotextual.com\\\/inicio\\\/#organization\"},\"image\":{\"@id\":\"https:\\\/\\\/diariotextual.com\\\/inicio\\\/index.php\\\/2019\\\/05\\\/07\\\/kroneberger-blp-estar-al-servicio-del-sector-productivo\\\/#primaryimage\"},\"thumbnailUrl\":\"https:\\\/\\\/diariotextual.com\\\/inicio\\\/wp-content\\\/uploads\\\/2019\\\/05\\\/kronebergerexpopymes2019-1.jpg\",\"articleSection\":[\"A - TEMPORALES\",\"ECONOMIA\"],\"inLanguage\":\"es\"},{\"@type\":\"WebPage\",\"@id\":\"https:\\\/\\\/diariotextual.com\\\/inicio\\\/index.php\\\/2019\\\/05\\\/07\\\/kroneberger-blp-estar-al-servicio-del-sector-productivo\\\/\",\"url\":\"https:\\\/\\\/diariotextual.com\\\/inicio\\\/index.php\\\/2019\\\/05\\\/07\\\/kroneberger-blp-estar-al-servicio-del-sector-productivo\\\/\",\"name\":\"Kroneberger: \\\"El BLP debe estar al servicio del sector productivo\\\" - Diario Textual\",\"isPartOf\":{\"@id\":\"https:\\\/\\\/diariotextual.com\\\/inicio\\\/#website\"},\"primaryImageOfPage\":{\"@id\":\"https:\\\/\\\/diariotextual.com\\\/inicio\\\/index.php\\\/2019\\\/05\\\/07\\\/kroneberger-blp-estar-al-servicio-del-sector-productivo\\\/#primaryimage\"},\"image\":{\"@id\":\"https:\\\/\\\/diariotextual.com\\\/inicio\\\/index.php\\\/2019\\\/05\\\/07\\\/kroneberger-blp-estar-al-servicio-del-sector-productivo\\\/#primaryimage\"},\"thumbnailUrl\":\"https:\\\/\\\/diariotextual.com\\\/inicio\\\/wp-content\\\/uploads\\\/2019\\\/05\\\/kronebergerexpopymes2019-1.jpg\",\"datePublished\":\"2019-05-07T20:14:10+00:00\",\"dateModified\":\"2019-05-08T12:28:06+00:00\",\"breadcrumb\":{\"@id\":\"https:\\\/\\\/diariotextual.com\\\/inicio\\\/index.php\\\/2019\\\/05\\\/07\\\/kroneberger-blp-estar-al-servicio-del-sector-productivo\\\/#breadcrumb\"},\"inLanguage\":\"es\",\"potentialAction\":[{\"@type\":\"ReadAction\",\"target\":[\"https:\\\/\\\/diariotextual.com\\\/inicio\\\/index.php\\\/2019\\\/05\\\/07\\\/kroneberger-blp-estar-al-servicio-del-sector-productivo\\\/\"]}]},{\"@type\":\"ImageObject\",\"inLanguage\":\"es\",\"@id\":\"https:\\\/\\\/diariotextual.com\\\/inicio\\\/index.php\\\/2019\\\/05\\\/07\\\/kroneberger-blp-estar-al-servicio-del-sector-productivo\\\/#primaryimage\",\"url\":\"https:\\\/\\\/diariotextual.com\\\/inicio\\\/wp-content\\\/uploads\\\/2019\\\/05\\\/kronebergerexpopymes2019-1.jpg\",\"contentUrl\":\"https:\\\/\\\/diariotextual.com\\\/inicio\\\/wp-content\\\/uploads\\\/2019\\\/05\\\/kronebergerexpopymes2019-1.jpg\",\"width\":1051,\"height\":666},{\"@type\":\"BreadcrumbList\",\"@id\":\"https:\\\/\\\/diariotextual.com\\\/inicio\\\/index.php\\\/2019\\\/05\\\/07\\\/kroneberger-blp-estar-al-servicio-del-sector-productivo\\\/#breadcrumb\",\"itemListElement\":[{\"@type\":\"ListItem\",\"position\":1,\"name\":\"Portada\",\"item\":\"https:\\\/\\\/diariotextual.com\\\/inicio\\\/\"},{\"@type\":\"ListItem\",\"position\":2,\"name\":\"Kroneberger: \u00abEl BLP debe estar al servicio del sector productivo\u00bb\"}]},{\"@type\":\"WebSite\",\"@id\":\"https:\\\/\\\/diariotextual.com\\\/inicio\\\/#website\",\"url\":\"https:\\\/\\\/diariotextual.com\\\/inicio\\\/\",\"name\":\"Diario Textual\",\"description\":\"\",\"publisher\":{\"@id\":\"https:\\\/\\\/diariotextual.com\\\/inicio\\\/#organization\"},\"potentialAction\":[{\"@type\":\"SearchAction\",\"target\":{\"@type\":\"EntryPoint\",\"urlTemplate\":\"https:\\\/\\\/diariotextual.com\\\/inicio\\\/?s={search_term_string}\"},\"query-input\":{\"@type\":\"PropertyValueSpecification\",\"valueRequired\":true,\"valueName\":\"search_term_string\"}}],\"inLanguage\":\"es\"},{\"@type\":\"Organization\",\"@id\":\"https:\\\/\\\/diariotextual.com\\\/inicio\\\/#organization\",\"name\":\"Diario Textual\",\"url\":\"https:\\\/\\\/diariotextual.com\\\/inicio\\\/\",\"logo\":{\"@type\":\"ImageObject\",\"inLanguage\":\"es\",\"@id\":\"https:\\\/\\\/diariotextual.com\\\/inicio\\\/#\\\/schema\\\/logo\\\/image\\\/\",\"url\":\"https:\\\/\\\/diariotextual.com\\\/inicio\\\/wp-content\\\/uploads\\\/2023\\\/05\\\/logotextual1.jpg\",\"contentUrl\":\"https:\\\/\\\/diariotextual.com\\\/inicio\\\/wp-content\\\/uploads\\\/2023\\\/05\\\/logotextual1.jpg\",\"width\":516,\"height\":76,\"caption\":\"Diario Textual\"},\"image\":{\"@id\":\"https:\\\/\\\/diariotextual.com\\\/inicio\\\/#\\\/schema\\\/logo\\\/image\\\/\"},\"sameAs\":[\"https:\\\/\\\/www.facebook.com\\\/eltextual\",\"https:\\\/\\\/x.com\\\/eltextual\",\"http:\\\/\\\/www.instagram.com\\\/eltextual\"]},{\"@type\":\"Person\",\"@id\":\"https:\\\/\\\/diariotextual.com\\\/inicio\\\/#\\\/schema\\\/person\\\/418fc4093c33e86ed41562db3508f958\",\"name\":\"Diario1 Diario1\",\"image\":{\"@type\":\"ImageObject\",\"inLanguage\":\"es\",\"@id\":\"https:\\\/\\\/secure.gravatar.com\\\/avatar\\\/9167d280179c85bc18be67aa7eda765854300033af4896dd779b608640f2ef7a?s=96&d=mm&r=g\",\"url\":\"https:\\\/\\\/secure.gravatar.com\\\/avatar\\\/9167d280179c85bc18be67aa7eda765854300033af4896dd779b608640f2ef7a?s=96&d=mm&r=g\",\"contentUrl\":\"https:\\\/\\\/secure.gravatar.com\\\/avatar\\\/9167d280179c85bc18be67aa7eda765854300033af4896dd779b608640f2ef7a?s=96&d=mm&r=g\",\"caption\":\"Diario1 Diario1\"},\"url\":\"https:\\\/\\\/diariotextual.com\\\/inicio\\\/index.php\\\/author\\\/diario1\\\/\"}]}<\/script>\n<!-- \/ Yoast SEO plugin. -->","yoast_head_json":{"title":"Kroneberger: \"El BLP debe estar al servicio del sector productivo\" - Diario Textual","robots":{"index":"index","follow":"follow","max-snippet":"max-snippet:-1","max-image-preview":"max-image-preview:large","max-video-preview":"max-video-preview:-1"},"canonical":"https:\/\/diariotextual.com\/inicio\/index.php\/2019\/05\/07\/kroneberger-blp-estar-al-servicio-del-sector-productivo\/","og_locale":"es_ES","og_type":"article","og_title":"Kroneberger: \"El BLP debe estar al servicio del sector productivo\" - Diario Textual","og_description":"El candidato a gobernador Daniel Kronebeger (Cambiemos) dijo que el Banco de La Pampa se debe convertir \u00aben un instrumento fundamental al servicio del desarrollo productivo\u00bb, con su asistencia crediticia.&hellip;","og_url":"https:\/\/diariotextual.com\/inicio\/index.php\/2019\/05\/07\/kroneberger-blp-estar-al-servicio-del-sector-productivo\/","og_site_name":"Diario Textual","article_publisher":"https:\/\/www.facebook.com\/eltextual","article_published_time":"2019-05-07T20:14:10+00:00","article_modified_time":"2019-05-08T12:28:06+00:00","og_image":[{"width":1051,"height":666,"url":"https:\/\/diariotextual.com\/inicio\/wp-content\/uploads\/2019\/05\/kronebergerexpopymes2019-1.jpg","type":"image\/jpeg"}],"author":"Diario1 Diario1","twitter_card":"summary_large_image","twitter_creator":"@eltextual","twitter_site":"@eltextual","twitter_misc":{"Escrito por":"Diario1 Diario1","Tiempo de lectura":"1 minuto"},"schema":{"@context":"https:\/\/schema.org","@graph":[{"@type":"Article","@id":"https:\/\/diariotextual.com\/inicio\/index.php\/2019\/05\/07\/kroneberger-blp-estar-al-servicio-del-sector-productivo\/#article","isPartOf":{"@id":"https:\/\/diariotextual.com\/inicio\/index.php\/2019\/05\/07\/kroneberger-blp-estar-al-servicio-del-sector-productivo\/"},"author":{"name":"Diario1 Diario1","@id":"https:\/\/diariotextual.com\/inicio\/#\/schema\/person\/418fc4093c33e86ed41562db3508f958"},"headline":"Kroneberger: \u00abEl BLP debe estar al servicio del sector productivo\u00bb","datePublished":"2019-05-07T20:14:10+00:00","dateModified":"2019-05-08T12:28:06+00:00","mainEntityOfPage":{"@id":"https:\/\/diariotextual.com\/inicio\/index.php\/2019\/05\/07\/kroneberger-blp-estar-al-servicio-del-sector-productivo\/"},"wordCount":299,"publisher":{"@id":"https:\/\/diariotextual.com\/inicio\/#organization"},"image":{"@id":"https:\/\/diariotextual.com\/inicio\/index.php\/2019\/05\/07\/kroneberger-blp-estar-al-servicio-del-sector-productivo\/#primaryimage"},"thumbnailUrl":"https:\/\/diariotextual.com\/inicio\/wp-content\/uploads\/2019\/05\/kronebergerexpopymes2019-1.jpg","articleSection":["A - TEMPORALES","ECONOMIA"],"inLanguage":"es"},{"@type":"WebPage","@id":"https:\/\/diariotextual.com\/inicio\/index.php\/2019\/05\/07\/kroneberger-blp-estar-al-servicio-del-sector-productivo\/","url":"https:\/\/diariotextual.com\/inicio\/index.php\/2019\/05\/07\/kroneberger-blp-estar-al-servicio-del-sector-productivo\/","name":"Kroneberger: \"El BLP debe estar al servicio del sector productivo\" - Diario Textual","isPartOf":{"@id":"https:\/\/diariotextual.com\/inicio\/#website"},"primaryImageOfPage":{"@id":"https:\/\/diariotextual.com\/inicio\/index.php\/2019\/05\/07\/kroneberger-blp-estar-al-servicio-del-sector-productivo\/#primaryimage"},"image":{"@id":"https:\/\/diariotextual.com\/inicio\/index.php\/2019\/05\/07\/kroneberger-blp-estar-al-servicio-del-sector-productivo\/#primaryimage"},"thumbnailUrl":"https:\/\/diariotextual.com\/inicio\/wp-content\/uploads\/2019\/05\/kronebergerexpopymes2019-1.jpg","datePublished":"2019-05-07T20:14:10+00:00","dateModified":"2019-05-08T12:28:06+00:00","breadcrumb":{"@id":"https:\/\/diariotextual.com\/inicio\/index.php\/2019\/05\/07\/kroneberger-blp-estar-al-servicio-del-sector-productivo\/#breadcrumb"},"inLanguage":"es","potentialAction":[{"@type":"ReadAction","target":["https:\/\/diariotextual.com\/inicio\/index.php\/2019\/05\/07\/kroneberger-blp-estar-al-servicio-del-sector-productivo\/"]}]},{"@type":"ImageObject","inLanguage":"es","@id":"https:\/\/diariotextual.com\/inicio\/index.php\/2019\/05\/07\/kroneberger-blp-estar-al-servicio-del-sector-productivo\/#primaryimage","url":"https:\/\/diariotextual.com\/inicio\/wp-content\/uploads\/2019\/05\/kronebergerexpopymes2019-1.jpg","contentUrl":"https:\/\/diariotextual.com\/inicio\/wp-content\/uploads\/2019\/05\/kronebergerexpopymes2019-1.jpg","width":1051,"height":666},{"@type":"BreadcrumbList","@id":"https:\/\/diariotextual.com\/inicio\/index.php\/2019\/05\/07\/kroneberger-blp-estar-al-servicio-del-sector-productivo\/#breadcrumb","itemListElement":[{"@type":"ListItem","position":1,"name":"Portada","item":"https:\/\/diariotextual.com\/inicio\/"},{"@type":"ListItem","position":2,"name":"Kroneberger: \u00abEl BLP debe estar al servicio del sector productivo\u00bb"}]},{"@type":"WebSite","@id":"https:\/\/diariotextual.com\/inicio\/#website","url":"https:\/\/diariotextual.com\/inicio\/","name":"Diario Textual","description":"","publisher":{"@id":"https:\/\/diariotextual.com\/inicio\/#organization"},"potentialAction":[{"@type":"SearchAction","target":{"@type":"EntryPoint","urlTemplate":"https:\/\/diariotextual.com\/inicio\/?s={search_term_string}"},"query-input":{"@type":"PropertyValueSpecification","valueRequired":true,"valueName":"search_term_string"}}],"inLanguage":"es"},{"@type":"Organization","@id":"https:\/\/diariotextual.com\/inicio\/#organization","name":"Diario Textual","url":"https:\/\/diariotextual.com\/inicio\/","logo":{"@type":"ImageObject","inLanguage":"es","@id":"https:\/\/diariotextual.com\/inicio\/#\/schema\/logo\/image\/","url":"https:\/\/diariotextual.com\/inicio\/wp-content\/uploads\/2023\/05\/logotextual1.jpg","contentUrl":"https:\/\/diariotextual.com\/inicio\/wp-content\/uploads\/2023\/05\/logotextual1.jpg","width":516,"height":76,"caption":"Diario Textual"},"image":{"@id":"https:\/\/diariotextual.com\/inicio\/#\/schema\/logo\/image\/"},"sameAs":["https:\/\/www.facebook.com\/eltextual","https:\/\/x.com\/eltextual","http:\/\/www.instagram.com\/eltextual"]},{"@type":"Person","@id":"https:\/\/diariotextual.com\/inicio\/#\/schema\/person\/418fc4093c33e86ed41562db3508f958","name":"Diario1 Diario1","image":{"@type":"ImageObject","inLanguage":"es","@id":"https:\/\/secure.gravatar.com\/avatar\/9167d280179c85bc18be67aa7eda765854300033af4896dd779b608640f2ef7a?s=96&d=mm&r=g","url":"https:\/\/secure.gravatar.com\/avatar\/9167d280179c85bc18be67aa7eda765854300033af4896dd779b608640f2ef7a?s=96&d=mm&r=g","contentUrl":"https:\/\/secure.gravatar.com\/avatar\/9167d280179c85bc18be67aa7eda765854300033af4896dd779b608640f2ef7a?s=96&d=mm&r=g","caption":"Diario1 Diario1"},"url":"https:\/\/diariotextual.com\/inicio\/index.php\/author\/diario1\/"}]}},"_links":{"self":[{"href":"https:\/\/diariotextual.com\/inicio\/index.php\/wp-json\/wp\/v2\/posts\/47869","targetHints":{"allow":["GET"]}}],"collection":[{"href":"https:\/\/diariotextual.com\/inicio\/index.php\/wp-json\/wp\/v2\/posts"}],"about":[{"href":"https:\/\/diariotextual.com\/inicio\/index.php\/wp-json\/wp\/v2\/types\/post"}],"author":[{"embeddable":true,"href":"https:\/\/diariotextual.com\/inicio\/index.php\/wp-json\/wp\/v2\/users\/3"}],"replies":[{"embeddable":true,"href":"https:\/\/diariotextual.com\/inicio\/index.php\/wp-json\/wp\/v2\/comments?post=47869"}],"version-history":[{"count":3,"href":"https:\/\/diariotextual.com\/inicio\/index.php\/wp-json\/wp\/v2\/posts\/47869\/revisions"}],"predecessor-version":[{"id":47873,"href":"https:\/\/diariotextual.com\/inicio\/index.php\/wp-json\/wp\/v2\/posts\/47869\/revisions\/47873"}],"wp:featuredmedia":[{"embeddable":true,"href":"https:\/\/diariotextual.com\/inicio\/index.php\/wp-json\/wp\/v2\/media\/47871"}],"wp:attachment":[{"href":"https:\/\/diariotextual.com\/inicio\/index.php\/wp-json\/wp\/v2\/media?parent=47869"}],"wp:term":[{"taxonomy":"category","embeddable":true,"href":"https:\/\/diariotextual.com\/inicio\/index.php\/wp-json\/wp\/v2\/categories?post=47869"},{"taxonomy":"post_tag","embeddable":true,"href":"https:\/\/diariotextual.com\/inicio\/index.php\/wp-json\/wp\/v2\/tags?post=47869"}],"curies":[{"name":"wp","href":"https:\/\/api.w.org\/{rel}","templated":true}]}}