{"id":47983,"date":"2019-05-08T18:05:57","date_gmt":"2019-05-08T21:05:57","guid":{"rendered":"http:\/\/diariotextual.com\/inicio\/?p=47983"},"modified":"2019-05-08T18:28:13","modified_gmt":"2019-05-08T21:28:13","slug":"renuevan-precios-cuidados-aumentos","status":"publish","type":"post","link":"https:\/\/diariotextual.com\/inicio\/index.php\/2019\/05\/08\/renuevan-precios-cuidados-aumentos\/","title":{"rendered":"Renuevan Precios Cuidados con aumentos"},"content":{"rendered":"<p>La Secretar\u00eda de Comercio Interior del Gobierno Nacional anunci\u00f3 este mi\u00e9rcoles la renovaci\u00f3n del programa de Precios Cuidados, que incluye <strong>un surtido total de 543 productos en supermercados, con un aumento promedio de 4,91% respecto a los vigentes desde enero pasado.<\/strong><\/p>\n<p><!--more--><\/p>\n<p>Los productos se <strong>encontrar\u00e1n disponibles en los pr\u00f3ximos d\u00edas en 2.500 puntos de venta de m\u00e1s de 44 cadenas de supermercados de todo el pa\u00eds<\/strong>, precis\u00f3 el organismo a trav\u00e9s de un comunicado.<\/p>\n<p>Los comercios adheridos son los nucleados en la Asociaci\u00f3n de Supermercados Unidos (ASU); la C\u00e1mara Argentina de Supermercados (CAS); y la Federaci\u00f3n Argentina de Supermercados y Autoservicios (FASA).<\/p>\n<p>El listado de Precios Cuidados, cuyos<strong> valores se ajustaron en una proporci\u00f3n muy por debajo de la inflaci\u00f3n acumulada en lo que va del a\u00f1o,<\/strong> regir\u00e1n hasta el <strong>pr\u00f3ximo 7 de setiembre.<\/strong><\/p>\n<p>La nueva canasta incorpor\u00f3 opciones de galletas de arroz, caf\u00e9, pan integral, entre otros, as\u00ed como tambi\u00e9n nuevos proveedores.<\/p>\n<p>El comunicado record\u00f3 que en el programa, que incluye asimismo 149 productos sin TACC (aptos para cel\u00edacos), participan 112 empresas productoras. De estas \u00faltimas, 68 son compa\u00f1\u00edas peque\u00f1as y medianas, que representan m\u00e1s del 60% del total del listado.<\/p>\n<p>La Secretar\u00eda record\u00f3 que<strong> la informaci\u00f3n detallada del programa se publica en el sitio web www.precioscuidados.gob.ar,<\/strong> donde los consumidores pueden encontrar los listados completos por regi\u00f3n, el surtido de cada cadena de supermercado seg\u00fan formato y los productos faltantes.<\/p>\n<p>Se aclar\u00f3 a<strong>dem\u00e1s que dentro del programa de Precios Cuidados el consumidor tambi\u00e9n tiene la posibilidad de adquirir 64 Productos Esenciales, que mantendr\u00e1n los precios por seis meses.<\/strong> En este caso se incluyen 14 categor\u00edas de productos: yerba, leche, harina de trigo y subproductos, aceite, pur\u00e9 de tomate, arroz, fideos, polenta, conservas, galletitas, mermeladas, infusiones y bebidas.<\/p>\n<p>Al referirse a la extensi\u00f3n del programa, el director Nacional de Defensa del Consumidor, Fernando Blanco Mui\u00f1o, remarc\u00f3 que las direcciones de Defensa del Consumidor y de Lealtad Comercial aumentar\u00e1n los controles y las fiscalizaciones, en forma coordinada con las provincias.<\/p>\n<p>El funcionario aclar\u00f3: \u201c<strong>Ante cualquier duda o reclamo los canales de contacto son: la l\u00ednea gratuita 0800-666-1518 y las p\u00e1ginas web precioscuidados.gob.ar y consumidor.gob.ar<\/strong>\u201d.<\/p>\n<p>Carrefour Chango Mas, Cooperativa Obrera, Cordiez, Coto, D\u00eda, Disco, El Nene, Josimar, Jumbo, La An\u00f3nima Libertad, Supermercados Todo, Toledo, Vea, Wal-Mart, La Gallega, Supermercado La Econom\u00eda, Auto Servicio Alborada, son algunos de los lugares en los que pueden hallarse los productos del programa.<\/p>\n","protected":false},"excerpt":{"rendered":"<p>La Secretar\u00eda de Comercio Interior del Gobierno Nacional anunci\u00f3 este mi\u00e9rcoles la renovaci\u00f3n del programa de Precios Cuidados, que incluye un surtido total de 543 productos en supermercados, con un&hellip;<\/p>\n","protected":false},"author":5,"featured_media":46332,"comment_status":"closed","ping_status":"open","sticky":false,"template":"","format":"standard","meta":{"_acf_changed":false,"footnotes":""},"categories":[10,5],"tags":[],"class_list":["post-47983","post","type-post","status-publish","format-standard","has-post-thumbnail","hentry","category-portada-2","category-economia"],"acf":[],"yoast_head":"<!-- This site is optimized with the Yoast SEO plugin v27.5 - https:\/\/yoast.com\/product\/yoast-seo-wordpress\/ -->\n<title>Renuevan Precios Cuidados con aumentos - Diario Textual<\/title>\n<meta name=\"robots\" content=\"index, follow, max-snippet:-1, max-image-preview:large, max-video-preview:-1\" \/>\n<link rel=\"canonical\" href=\"https:\/\/diariotextual.com\/inicio\/index.php\/2019\/05\/08\/renuevan-precios-cuidados-aumentos\/\" \/>\n<meta property=\"og:locale\" content=\"es_ES\" \/>\n<meta property=\"og:type\" content=\"article\" \/>\n<meta property=\"og:title\" content=\"Renuevan Precios Cuidados con aumentos - Diario Textual\" \/>\n<meta property=\"og:description\" content=\"La Secretar\u00eda de Comercio Interior del Gobierno Nacional anunci\u00f3 este mi\u00e9rcoles la renovaci\u00f3n del programa de Precios Cuidados, que incluye un surtido total de 543 productos en supermercados, con un&hellip;\" \/>\n<meta property=\"og:url\" content=\"https:\/\/diariotextual.com\/inicio\/index.php\/2019\/05\/08\/renuevan-precios-cuidados-aumentos\/\" \/>\n<meta property=\"og:site_name\" content=\"Diario Textual\" \/>\n<meta property=\"article:publisher\" content=\"https:\/\/www.facebook.com\/eltextual\" \/>\n<meta property=\"article:published_time\" content=\"2019-05-08T21:05:57+00:00\" \/>\n<meta property=\"article:modified_time\" content=\"2019-05-08T21:28:13+00:00\" \/>\n<meta property=\"og:image\" content=\"https:\/\/diariotextual.com\/inicio\/wp-content\/uploads\/2019\/04\/precioscuidadospreciosesencialestextual2019-2.jpg\" \/>\n\t<meta property=\"og:image:width\" content=\"1100\" \/>\n\t<meta property=\"og:image:height\" content=\"757\" \/>\n\t<meta property=\"og:image:type\" content=\"image\/jpeg\" \/>\n<meta name=\"author\" content=\"diario3\" \/>\n<meta name=\"twitter:card\" content=\"summary_large_image\" \/>\n<meta name=\"twitter:creator\" content=\"@eltextual\" \/>\n<meta name=\"twitter:site\" content=\"@eltextual\" \/>\n<meta name=\"twitter:label1\" content=\"Escrito por\" \/>\n\t<meta name=\"twitter:data1\" content=\"diario3\" \/>\n\t<meta name=\"twitter:label2\" content=\"Tiempo de lectura\" \/>\n\t<meta name=\"twitter:data2\" content=\"2 minutos\" \/>\n<script type=\"application\/ld+json\" class=\"yoast-schema-graph\">{\"@context\":\"https:\\\/\\\/schema.org\",\"@graph\":[{\"@type\":\"Article\",\"@id\":\"https:\\\/\\\/diariotextual.com\\\/inicio\\\/index.php\\\/2019\\\/05\\\/08\\\/renuevan-precios-cuidados-aumentos\\\/#article\",\"isPartOf\":{\"@id\":\"https:\\\/\\\/diariotextual.com\\\/inicio\\\/index.php\\\/2019\\\/05\\\/08\\\/renuevan-precios-cuidados-aumentos\\\/\"},\"author\":{\"name\":\"diario3\",\"@id\":\"https:\\\/\\\/diariotextual.com\\\/inicio\\\/#\\\/schema\\\/person\\\/a1b6f563e0ee944c60f98119389a4d9f\"},\"headline\":\"Renuevan Precios Cuidados con aumentos\",\"datePublished\":\"2019-05-08T21:05:57+00:00\",\"dateModified\":\"2019-05-08T21:28:13+00:00\",\"mainEntityOfPage\":{\"@id\":\"https:\\\/\\\/diariotextual.com\\\/inicio\\\/index.php\\\/2019\\\/05\\\/08\\\/renuevan-precios-cuidados-aumentos\\\/\"},\"wordCount\":436,\"publisher\":{\"@id\":\"https:\\\/\\\/diariotextual.com\\\/inicio\\\/#organization\"},\"image\":{\"@id\":\"https:\\\/\\\/diariotextual.com\\\/inicio\\\/index.php\\\/2019\\\/05\\\/08\\\/renuevan-precios-cuidados-aumentos\\\/#primaryimage\"},\"thumbnailUrl\":\"https:\\\/\\\/diariotextual.com\\\/inicio\\\/wp-content\\\/uploads\\\/2019\\\/04\\\/precioscuidadospreciosesencialestextual2019-2.jpg\",\"articleSection\":[\"A - PORTADA2\",\"ECONOMIA\"],\"inLanguage\":\"es\"},{\"@type\":\"WebPage\",\"@id\":\"https:\\\/\\\/diariotextual.com\\\/inicio\\\/index.php\\\/2019\\\/05\\\/08\\\/renuevan-precios-cuidados-aumentos\\\/\",\"url\":\"https:\\\/\\\/diariotextual.com\\\/inicio\\\/index.php\\\/2019\\\/05\\\/08\\\/renuevan-precios-cuidados-aumentos\\\/\",\"name\":\"Renuevan Precios Cuidados con aumentos - Diario Textual\",\"isPartOf\":{\"@id\":\"https:\\\/\\\/diariotextual.com\\\/inicio\\\/#website\"},\"primaryImageOfPage\":{\"@id\":\"https:\\\/\\\/diariotextual.com\\\/inicio\\\/index.php\\\/2019\\\/05\\\/08\\\/renuevan-precios-cuidados-aumentos\\\/#primaryimage\"},\"image\":{\"@id\":\"https:\\\/\\\/diariotextual.com\\\/inicio\\\/index.php\\\/2019\\\/05\\\/08\\\/renuevan-precios-cuidados-aumentos\\\/#primaryimage\"},\"thumbnailUrl\":\"https:\\\/\\\/diariotextual.com\\\/inicio\\\/wp-content\\\/uploads\\\/2019\\\/04\\\/precioscuidadospreciosesencialestextual2019-2.jpg\",\"datePublished\":\"2019-05-08T21:05:57+00:00\",\"dateModified\":\"2019-05-08T21:28:13+00:00\",\"breadcrumb\":{\"@id\":\"https:\\\/\\\/diariotextual.com\\\/inicio\\\/index.php\\\/2019\\\/05\\\/08\\\/renuevan-precios-cuidados-aumentos\\\/#breadcrumb\"},\"inLanguage\":\"es\",\"potentialAction\":[{\"@type\":\"ReadAction\",\"target\":[\"https:\\\/\\\/diariotextual.com\\\/inicio\\\/index.php\\\/2019\\\/05\\\/08\\\/renuevan-precios-cuidados-aumentos\\\/\"]}]},{\"@type\":\"ImageObject\",\"inLanguage\":\"es\",\"@id\":\"https:\\\/\\\/diariotextual.com\\\/inicio\\\/index.php\\\/2019\\\/05\\\/08\\\/renuevan-precios-cuidados-aumentos\\\/#primaryimage\",\"url\":\"https:\\\/\\\/diariotextual.com\\\/inicio\\\/wp-content\\\/uploads\\\/2019\\\/04\\\/precioscuidadospreciosesencialestextual2019-2.jpg\",\"contentUrl\":\"https:\\\/\\\/diariotextual.com\\\/inicio\\\/wp-content\\\/uploads\\\/2019\\\/04\\\/precioscuidadospreciosesencialestextual2019-2.jpg\",\"width\":1100,\"height\":757},{\"@type\":\"BreadcrumbList\",\"@id\":\"https:\\\/\\\/diariotextual.com\\\/inicio\\\/index.php\\\/2019\\\/05\\\/08\\\/renuevan-precios-cuidados-aumentos\\\/#breadcrumb\",\"itemListElement\":[{\"@type\":\"ListItem\",\"position\":1,\"name\":\"Portada\",\"item\":\"https:\\\/\\\/diariotextual.com\\\/inicio\\\/\"},{\"@type\":\"ListItem\",\"position\":2,\"name\":\"Renuevan Precios Cuidados con aumentos\"}]},{\"@type\":\"WebSite\",\"@id\":\"https:\\\/\\\/diariotextual.com\\\/inicio\\\/#website\",\"url\":\"https:\\\/\\\/diariotextual.com\\\/inicio\\\/\",\"name\":\"Diario Textual\",\"description\":\"\",\"publisher\":{\"@id\":\"https:\\\/\\\/diariotextual.com\\\/inicio\\\/#organization\"},\"potentialAction\":[{\"@type\":\"SearchAction\",\"target\":{\"@type\":\"EntryPoint\",\"urlTemplate\":\"https:\\\/\\\/diariotextual.com\\\/inicio\\\/?s={search_term_string}\"},\"query-input\":{\"@type\":\"PropertyValueSpecification\",\"valueRequired\":true,\"valueName\":\"search_term_string\"}}],\"inLanguage\":\"es\"},{\"@type\":\"Organization\",\"@id\":\"https:\\\/\\\/diariotextual.com\\\/inicio\\\/#organization\",\"name\":\"Diario Textual\",\"url\":\"https:\\\/\\\/diariotextual.com\\\/inicio\\\/\",\"logo\":{\"@type\":\"ImageObject\",\"inLanguage\":\"es\",\"@id\":\"https:\\\/\\\/diariotextual.com\\\/inicio\\\/#\\\/schema\\\/logo\\\/image\\\/\",\"url\":\"https:\\\/\\\/diariotextual.com\\\/inicio\\\/wp-content\\\/uploads\\\/2023\\\/05\\\/logotextual1.jpg\",\"contentUrl\":\"https:\\\/\\\/diariotextual.com\\\/inicio\\\/wp-content\\\/uploads\\\/2023\\\/05\\\/logotextual1.jpg\",\"width\":516,\"height\":76,\"caption\":\"Diario Textual\"},\"image\":{\"@id\":\"https:\\\/\\\/diariotextual.com\\\/inicio\\\/#\\\/schema\\\/logo\\\/image\\\/\"},\"sameAs\":[\"https:\\\/\\\/www.facebook.com\\\/eltextual\",\"https:\\\/\\\/x.com\\\/eltextual\",\"http:\\\/\\\/www.instagram.com\\\/eltextual\"]},{\"@type\":\"Person\",\"@id\":\"https:\\\/\\\/diariotextual.com\\\/inicio\\\/#\\\/schema\\\/person\\\/a1b6f563e0ee944c60f98119389a4d9f\",\"name\":\"diario3\",\"image\":{\"@type\":\"ImageObject\",\"inLanguage\":\"es\",\"@id\":\"https:\\\/\\\/secure.gravatar.com\\\/avatar\\\/5e7ee62c82fc04d9dd79d746a390d93c69c43223e5faeeb3ea9461ef752bfc5d?s=96&d=mm&r=g\",\"url\":\"https:\\\/\\\/secure.gravatar.com\\\/avatar\\\/5e7ee62c82fc04d9dd79d746a390d93c69c43223e5faeeb3ea9461ef752bfc5d?s=96&d=mm&r=g\",\"contentUrl\":\"https:\\\/\\\/secure.gravatar.com\\\/avatar\\\/5e7ee62c82fc04d9dd79d746a390d93c69c43223e5faeeb3ea9461ef752bfc5d?s=96&d=mm&r=g\",\"caption\":\"diario3\"},\"url\":\"https:\\\/\\\/diariotextual.com\\\/inicio\\\/index.php\\\/author\\\/diario3\\\/\"}]}<\/script>\n<!-- \/ Yoast SEO plugin. -->","yoast_head_json":{"title":"Renuevan Precios Cuidados con aumentos - Diario Textual","robots":{"index":"index","follow":"follow","max-snippet":"max-snippet:-1","max-image-preview":"max-image-preview:large","max-video-preview":"max-video-preview:-1"},"canonical":"https:\/\/diariotextual.com\/inicio\/index.php\/2019\/05\/08\/renuevan-precios-cuidados-aumentos\/","og_locale":"es_ES","og_type":"article","og_title":"Renuevan Precios Cuidados con aumentos - Diario Textual","og_description":"La Secretar\u00eda de Comercio Interior del Gobierno Nacional anunci\u00f3 este mi\u00e9rcoles la renovaci\u00f3n del programa de Precios Cuidados, que incluye un surtido total de 543 productos en supermercados, con un&hellip;","og_url":"https:\/\/diariotextual.com\/inicio\/index.php\/2019\/05\/08\/renuevan-precios-cuidados-aumentos\/","og_site_name":"Diario Textual","article_publisher":"https:\/\/www.facebook.com\/eltextual","article_published_time":"2019-05-08T21:05:57+00:00","article_modified_time":"2019-05-08T21:28:13+00:00","og_image":[{"width":1100,"height":757,"url":"https:\/\/diariotextual.com\/inicio\/wp-content\/uploads\/2019\/04\/precioscuidadospreciosesencialestextual2019-2.jpg","type":"image\/jpeg"}],"author":"diario3","twitter_card":"summary_large_image","twitter_creator":"@eltextual","twitter_site":"@eltextual","twitter_misc":{"Escrito por":"diario3","Tiempo de lectura":"2 minutos"},"schema":{"@context":"https:\/\/schema.org","@graph":[{"@type":"Article","@id":"https:\/\/diariotextual.com\/inicio\/index.php\/2019\/05\/08\/renuevan-precios-cuidados-aumentos\/#article","isPartOf":{"@id":"https:\/\/diariotextual.com\/inicio\/index.php\/2019\/05\/08\/renuevan-precios-cuidados-aumentos\/"},"author":{"name":"diario3","@id":"https:\/\/diariotextual.com\/inicio\/#\/schema\/person\/a1b6f563e0ee944c60f98119389a4d9f"},"headline":"Renuevan Precios Cuidados con aumentos","datePublished":"2019-05-08T21:05:57+00:00","dateModified":"2019-05-08T21:28:13+00:00","mainEntityOfPage":{"@id":"https:\/\/diariotextual.com\/inicio\/index.php\/2019\/05\/08\/renuevan-precios-cuidados-aumentos\/"},"wordCount":436,"publisher":{"@id":"https:\/\/diariotextual.com\/inicio\/#organization"},"image":{"@id":"https:\/\/diariotextual.com\/inicio\/index.php\/2019\/05\/08\/renuevan-precios-cuidados-aumentos\/#primaryimage"},"thumbnailUrl":"https:\/\/diariotextual.com\/inicio\/wp-content\/uploads\/2019\/04\/precioscuidadospreciosesencialestextual2019-2.jpg","articleSection":["A - PORTADA2","ECONOMIA"],"inLanguage":"es"},{"@type":"WebPage","@id":"https:\/\/diariotextual.com\/inicio\/index.php\/2019\/05\/08\/renuevan-precios-cuidados-aumentos\/","url":"https:\/\/diariotextual.com\/inicio\/index.php\/2019\/05\/08\/renuevan-precios-cuidados-aumentos\/","name":"Renuevan Precios Cuidados con aumentos - Diario Textual","isPartOf":{"@id":"https:\/\/diariotextual.com\/inicio\/#website"},"primaryImageOfPage":{"@id":"https:\/\/diariotextual.com\/inicio\/index.php\/2019\/05\/08\/renuevan-precios-cuidados-aumentos\/#primaryimage"},"image":{"@id":"https:\/\/diariotextual.com\/inicio\/index.php\/2019\/05\/08\/renuevan-precios-cuidados-aumentos\/#primaryimage"},"thumbnailUrl":"https:\/\/diariotextual.com\/inicio\/wp-content\/uploads\/2019\/04\/precioscuidadospreciosesencialestextual2019-2.jpg","datePublished":"2019-05-08T21:05:57+00:00","dateModified":"2019-05-08T21:28:13+00:00","breadcrumb":{"@id":"https:\/\/diariotextual.com\/inicio\/index.php\/2019\/05\/08\/renuevan-precios-cuidados-aumentos\/#breadcrumb"},"inLanguage":"es","potentialAction":[{"@type":"ReadAction","target":["https:\/\/diariotextual.com\/inicio\/index.php\/2019\/05\/08\/renuevan-precios-cuidados-aumentos\/"]}]},{"@type":"ImageObject","inLanguage":"es","@id":"https:\/\/diariotextual.com\/inicio\/index.php\/2019\/05\/08\/renuevan-precios-cuidados-aumentos\/#primaryimage","url":"https:\/\/diariotextual.com\/inicio\/wp-content\/uploads\/2019\/04\/precioscuidadospreciosesencialestextual2019-2.jpg","contentUrl":"https:\/\/diariotextual.com\/inicio\/wp-content\/uploads\/2019\/04\/precioscuidadospreciosesencialestextual2019-2.jpg","width":1100,"height":757},{"@type":"BreadcrumbList","@id":"https:\/\/diariotextual.com\/inicio\/index.php\/2019\/05\/08\/renuevan-precios-cuidados-aumentos\/#breadcrumb","itemListElement":[{"@type":"ListItem","position":1,"name":"Portada","item":"https:\/\/diariotextual.com\/inicio\/"},{"@type":"ListItem","position":2,"name":"Renuevan Precios Cuidados con aumentos"}]},{"@type":"WebSite","@id":"https:\/\/diariotextual.com\/inicio\/#website","url":"https:\/\/diariotextual.com\/inicio\/","name":"Diario Textual","description":"","publisher":{"@id":"https:\/\/diariotextual.com\/inicio\/#organization"},"potentialAction":[{"@type":"SearchAction","target":{"@type":"EntryPoint","urlTemplate":"https:\/\/diariotextual.com\/inicio\/?s={search_term_string}"},"query-input":{"@type":"PropertyValueSpecification","valueRequired":true,"valueName":"search_term_string"}}],"inLanguage":"es"},{"@type":"Organization","@id":"https:\/\/diariotextual.com\/inicio\/#organization","name":"Diario Textual","url":"https:\/\/diariotextual.com\/inicio\/","logo":{"@type":"ImageObject","inLanguage":"es","@id":"https:\/\/diariotextual.com\/inicio\/#\/schema\/logo\/image\/","url":"https:\/\/diariotextual.com\/inicio\/wp-content\/uploads\/2023\/05\/logotextual1.jpg","contentUrl":"https:\/\/diariotextual.com\/inicio\/wp-content\/uploads\/2023\/05\/logotextual1.jpg","width":516,"height":76,"caption":"Diario Textual"},"image":{"@id":"https:\/\/diariotextual.com\/inicio\/#\/schema\/logo\/image\/"},"sameAs":["https:\/\/www.facebook.com\/eltextual","https:\/\/x.com\/eltextual","http:\/\/www.instagram.com\/eltextual"]},{"@type":"Person","@id":"https:\/\/diariotextual.com\/inicio\/#\/schema\/person\/a1b6f563e0ee944c60f98119389a4d9f","name":"diario3","image":{"@type":"ImageObject","inLanguage":"es","@id":"https:\/\/secure.gravatar.com\/avatar\/5e7ee62c82fc04d9dd79d746a390d93c69c43223e5faeeb3ea9461ef752bfc5d?s=96&d=mm&r=g","url":"https:\/\/secure.gravatar.com\/avatar\/5e7ee62c82fc04d9dd79d746a390d93c69c43223e5faeeb3ea9461ef752bfc5d?s=96&d=mm&r=g","contentUrl":"https:\/\/secure.gravatar.com\/avatar\/5e7ee62c82fc04d9dd79d746a390d93c69c43223e5faeeb3ea9461ef752bfc5d?s=96&d=mm&r=g","caption":"diario3"},"url":"https:\/\/diariotextual.com\/inicio\/index.php\/author\/diario3\/"}]}},"_links":{"self":[{"href":"https:\/\/diariotextual.com\/inicio\/index.php\/wp-json\/wp\/v2\/posts\/47983","targetHints":{"allow":["GET"]}}],"collection":[{"href":"https:\/\/diariotextual.com\/inicio\/index.php\/wp-json\/wp\/v2\/posts"}],"about":[{"href":"https:\/\/diariotextual.com\/inicio\/index.php\/wp-json\/wp\/v2\/types\/post"}],"author":[{"embeddable":true,"href":"https:\/\/diariotextual.com\/inicio\/index.php\/wp-json\/wp\/v2\/users\/5"}],"replies":[{"embeddable":true,"href":"https:\/\/diariotextual.com\/inicio\/index.php\/wp-json\/wp\/v2\/comments?post=47983"}],"version-history":[{"count":1,"href":"https:\/\/diariotextual.com\/inicio\/index.php\/wp-json\/wp\/v2\/posts\/47983\/revisions"}],"predecessor-version":[{"id":47984,"href":"https:\/\/diariotextual.com\/inicio\/index.php\/wp-json\/wp\/v2\/posts\/47983\/revisions\/47984"}],"wp:featuredmedia":[{"embeddable":true,"href":"https:\/\/diariotextual.com\/inicio\/index.php\/wp-json\/wp\/v2\/media\/46332"}],"wp:attachment":[{"href":"https:\/\/diariotextual.com\/inicio\/index.php\/wp-json\/wp\/v2\/media?parent=47983"}],"wp:term":[{"taxonomy":"category","embeddable":true,"href":"https:\/\/diariotextual.com\/inicio\/index.php\/wp-json\/wp\/v2\/categories?post=47983"},{"taxonomy":"post_tag","embeddable":true,"href":"https:\/\/diariotextual.com\/inicio\/index.php\/wp-json\/wp\/v2\/tags?post=47983"}],"curies":[{"name":"wp","href":"https:\/\/api.w.org\/{rel}","templated":true}]}}